{"id":20468,"date":"2025-02-04T18:10:40","date_gmt":"2025-02-04T21:10:40","guid":{"rendered":"https:\/?p=20468"},"modified":"2025-02-07T18:09:12","modified_gmt":"2025-02-07T21:09:12","slug":"agencia-do-trabalho-atualiza-quadro-de-vagas-para-esta-3a-em-st","status":"publish","type":"post","link":"https:\/\/serrafm879.com.br\/serrafm\/2025\/02\/agencia-do-trabalho-atualiza-quadro-de-vagas-para-esta-3a-em-st\/","title":{"rendered":"Ag\u00eancia do Trabalho atualiza quadro de vagas para esta 3\u00aa em ST"},"content":{"rendered":"<p>A Ag\u00eancia do Trabalho de Pernambuco atualizou o quadro de vagas com divulgou nessa ter\u00e7a-feira (4), sete oportunidades para o munic\u00edpio de Serra Talhada.<\/p>\n<p>A remunera\u00e7\u00e3o prevista para os cargos varia de R$1.412,00 a R$1.781, 04 al\u00e9m de benef\u00edcios para alguns cargos.<\/p>\n<p>Para o cargo de empregado dom\u00e9stico, \u00e9 exigida escolaridade m\u00ednima de ensino fundamental completo. Para os demais, \u00e9 necess\u00e1rio ter ensino m\u00e9dio completo. Os interessados no cargo de instrumentador cir\u00fargico, precisam ter experi\u00eancia comprovada e curso na \u00e1rea.<\/p>\n<p>As vagas s\u00e3o para:<\/p>\n<p>(3) Auxiliar de Manuten\u00e7\u00e3o Predial<\/p>\n<p>(1) Empregado Dom\u00e9stico Faxineiro<\/p>\n<p>(3) Instrumentador Cir\u00fargico<\/p>\n<p>Para mais informa\u00e7\u00f5es, os interessados podem entrar em contato pelo n\u00famero: (87) 3831-9240, ou presencialmente, que funciona de segunda \u00e0 sexta-feira, das 7h at\u00e9 \u00e0s 13h.<\/p>\n<p>Para participar da sele\u00e7\u00e3o, \u00e9 necess\u00e1rio ter cadastro na ag\u00eancia do trabalho ou comparecer portando documentos pessoais, para realizar o cadastro.<\/p>\n","protected":false},"excerpt":{"rendered":"<p>A Ag\u00eancia do Trabalho de Pernambuco atualizou o quadro de vagas com divulgou nessa ter\u00e7a-feira (4), sete oportunidades para o munic\u00edpio de Serra Talhada. A remunera\u00e7\u00e3o prevista para os cargos varia de R$1.412,00 a R$1.781, 04 al\u00e9m de benef\u00edcios para alguns cargos. Para o cargo de empregado dom\u00e9stico, \u00e9 exigida escolaridade m\u00ednima de ensino fundamental completo. Para os demais, \u00e9 necess\u00e1rio ter ensino m\u00e9dio completo. Os interessados no cargo de instrumentador cir\u00fargico, precisam ter experi\u00eancia comprovada e curso na \u00e1rea. As vagas s\u00e3o para: (3) Auxiliar de Manuten\u00e7\u00e3o Predial (1) Empregado Dom\u00e9stico Faxineiro (3) Instrumentador Cir\u00fargico Para mais informa\u00e7\u00f5es, os [&hellip;]<\/p>\n","protected":false},"author":2,"featured_media":15496,"comment_status":"open","ping_status":"open","sticky":false,"template":"","format":"standard","meta":{"_jetpack_newsletter_access":"","_jetpack_dont_email_post_to_subs":false,"_jetpack_newsletter_tier_id":0,"_jetpack_memberships_contains_paywalled_content":false,"_jetpack_feature_clip_id":0,"_jetpack_memberships_contains_paid_content":false,"footnotes":"","jetpack_publicize_message":"","jetpack_publicize_feature_enabled":true,"jetpack_social_post_already_shared":true,"jetpack_social_options":{"image_generator_settings":{"template":"highway","default_image_id":0,"font":"","enabled":false},"version":2},"jetpack_post_was_ever_published":false},"categories":[1],"tags":[],"class_list":["post-20468","post","type-post","status-publish","format-standard","has-post-thumbnail","hentry","category-uncategorized"],"aioseo_notices":[],"aioseo_head":"\n\t\t<!-- All in One SEO 4.9.10 - aioseo.com -->\n\t<meta name=\"description\" content=\"A Ag\u00eancia do Trabalho de Pernambuco atualizou o quadro de vagas com divulgou nessa ter\u00e7a-feira (4), sete oportunidades para o munic\u00edpio de Serra Talhada. A remunera\u00e7\u00e3o prevista para os cargos varia de R$1.412,00 a R$1.781, 04 al\u00e9m de benef\u00edcios para alguns cargos. Para o cargo de empregado dom\u00e9stico, \u00e9 exigida escolaridade m\u00ednima de ensino fundamental\" \/>\n\t<meta name=\"robots\" content=\"max-image-preview:large\" \/>\n\t<meta name=\"author\" content=\"serrafm87\"\/>\n\t<link rel=\"canonical\" href=\"https:\/\/serrafm879.com.br\/serrafm\/2025\/02\/agencia-do-trabalho-atualiza-quadro-de-vagas-para-esta-3a-em-st\/\" \/>\n\t<meta name=\"generator\" content=\"All in One SEO (AIOSEO) 4.9.10\" \/>\n\t\t<meta name=\"twitter:card\" content=\"summary_large_image\" \/>\n\t\t<meta name=\"twitter:title\" content=\"Ag\u00eancia do Trabalho atualiza quadro de vagas para esta 3\u00aa em ST - Serra FM 87,9\" \/>\n\t\t<meta name=\"twitter:description\" content=\"A Ag\u00eancia do Trabalho de Pernambuco atualizou o quadro de vagas com divulgou nessa ter\u00e7a-feira (4), sete oportunidades para o munic\u00edpio de Serra Talhada. A remunera\u00e7\u00e3o prevista para os cargos varia de R$1.412,00 a R$1.781, 04 al\u00e9m de benef\u00edcios para alguns cargos. Para o cargo de empregado dom\u00e9stico, \u00e9 exigida escolaridade m\u00ednima de ensino fundamental\" \/>\n\t\t<meta name=\"twitter:image\" content=\"https:\/\/serrafm879.com.br\/serrafm\/wp-content\/uploads\/2024\/01\/CARTEIRA-DE-TRABALHO.webp\" \/>\n\t\t<script type=\"application\/ld+json\" class=\"aioseo-schema\">\n\t\t\t{\"@context\":\"https:\\\/\\\/schema.org\",\"@graph\":[{\"@type\":\"BlogPosting\",\"@id\":\"https:\\\/\\\/serrafm879.com.br\\\/serrafm\\\/2025\\\/02\\\/agencia-do-trabalho-atualiza-quadro-de-vagas-para-esta-3a-em-st\\\/#blogposting\",\"name\":\"Ag\\u00eancia do Trabalho atualiza quadro de vagas para esta 3\\u00aa em ST - Serra FM 87,9\",\"headline\":\"Ag\\u00eancia do Trabalho atualiza quadro de vagas para esta 3\\u00aa em ST\",\"author\":{\"@id\":\"https:\\\/\\\/serrafm879.com.br\\\/serrafm\\\/author\\\/serrafm87\\\/#author\"},\"publisher\":{\"@id\":\"https:\\\/\\\/serrafm879.com.br\\\/serrafm\\\/#organization\"},\"image\":{\"@type\":\"ImageObject\",\"url\":\"https:\\\/\\\/serrafm879.com.br\\\/serrafm\\\/wp-content\\\/uploads\\\/2024\\\/01\\\/CARTEIRA-DE-TRABALHO.webp\",\"width\":600,\"height\":400},\"datePublished\":\"2025-02-04T18:10:40-03:00\",\"dateModified\":\"2025-02-07T18:09:12-03:00\",\"inLanguage\":\"pt-BR\",\"mainEntityOfPage\":{\"@id\":\"https:\\\/\\\/serrafm879.com.br\\\/serrafm\\\/2025\\\/02\\\/agencia-do-trabalho-atualiza-quadro-de-vagas-para-esta-3a-em-st\\\/#webpage\"},\"isPartOf\":{\"@id\":\"https:\\\/\\\/serrafm879.com.br\\\/serrafm\\\/2025\\\/02\\\/agencia-do-trabalho-atualiza-quadro-de-vagas-para-esta-3a-em-st\\\/#webpage\"},\"articleSection\":\"Uncategorized\"},{\"@type\":\"BreadcrumbList\",\"@id\":\"https:\\\/\\\/serrafm879.com.br\\\/serrafm\\\/2025\\\/02\\\/agencia-do-trabalho-atualiza-quadro-de-vagas-para-esta-3a-em-st\\\/#breadcrumblist\",\"itemListElement\":[{\"@type\":\"ListItem\",\"@id\":\"https:\\\/\\\/serrafm879.com.br\\\/serrafm#listItem\",\"position\":1,\"name\":\"Home\",\"item\":\"https:\\\/\\\/serrafm879.com.br\\\/serrafm\",\"nextItem\":{\"@type\":\"ListItem\",\"@id\":\"https:\\\/\\\/serrafm879.com.br\\\/serrafm\\\/categoria\\\/uncategorized\\\/#listItem\",\"name\":\"Uncategorized\"}},{\"@type\":\"ListItem\",\"@id\":\"https:\\\/\\\/serrafm879.com.br\\\/serrafm\\\/categoria\\\/uncategorized\\\/#listItem\",\"position\":2,\"name\":\"Uncategorized\",\"item\":\"https:\\\/\\\/serrafm879.com.br\\\/serrafm\\\/categoria\\\/uncategorized\\\/\",\"nextItem\":{\"@type\":\"ListItem\",\"@id\":\"https:\\\/\\\/serrafm879.com.br\\\/serrafm\\\/2025\\\/02\\\/agencia-do-trabalho-atualiza-quadro-de-vagas-para-esta-3a-em-st\\\/#listItem\",\"name\":\"Ag\\u00eancia do Trabalho atualiza quadro de vagas para esta 3\\u00aa em ST\"},\"previousItem\":{\"@type\":\"ListItem\",\"@id\":\"https:\\\/\\\/serrafm879.com.br\\\/serrafm#listItem\",\"name\":\"Home\"}},{\"@type\":\"ListItem\",\"@id\":\"https:\\\/\\\/serrafm879.com.br\\\/serrafm\\\/2025\\\/02\\\/agencia-do-trabalho-atualiza-quadro-de-vagas-para-esta-3a-em-st\\\/#listItem\",\"position\":3,\"name\":\"Ag\\u00eancia do Trabalho atualiza quadro de vagas para esta 3\\u00aa em ST\",\"previousItem\":{\"@type\":\"ListItem\",\"@id\":\"https:\\\/\\\/serrafm879.com.br\\\/serrafm\\\/categoria\\\/uncategorized\\\/#listItem\",\"name\":\"Uncategorized\"}}]},{\"@type\":\"Organization\",\"@id\":\"https:\\\/\\\/serrafm879.com.br\\\/serrafm\\\/#organization\",\"name\":\"Serra FM 87,9\",\"description\":\"O seu novo amor!\",\"url\":\"https:\\\/\\\/serrafm879.com.br\\\/serrafm\\\/\"},{\"@type\":\"Person\",\"@id\":\"https:\\\/\\\/serrafm879.com.br\\\/serrafm\\\/author\\\/serrafm87\\\/#author\",\"url\":\"https:\\\/\\\/serrafm879.com.br\\\/serrafm\\\/author\\\/serrafm87\\\/\",\"name\":\"serrafm87\",\"image\":{\"@type\":\"ImageObject\",\"@id\":\"https:\\\/\\\/serrafm879.com.br\\\/serrafm\\\/2025\\\/02\\\/agencia-do-trabalho-atualiza-quadro-de-vagas-para-esta-3a-em-st\\\/#authorImage\",\"url\":\"https:\\\/\\\/secure.gravatar.com\\\/avatar\\\/a743233f1112d34f48bb3dc9559b76eb930bab8b27175856cba6362608736235?s=96&d=mm&r=g\",\"width\":96,\"height\":96,\"caption\":\"serrafm87\"}},{\"@type\":\"WebPage\",\"@id\":\"https:\\\/\\\/serrafm879.com.br\\\/serrafm\\\/2025\\\/02\\\/agencia-do-trabalho-atualiza-quadro-de-vagas-para-esta-3a-em-st\\\/#webpage\",\"url\":\"https:\\\/\\\/serrafm879.com.br\\\/serrafm\\\/2025\\\/02\\\/agencia-do-trabalho-atualiza-quadro-de-vagas-para-esta-3a-em-st\\\/\",\"name\":\"Ag\\u00eancia do Trabalho atualiza quadro de vagas para esta 3\\u00aa em ST - Serra FM 87,9\",\"description\":\"A Ag\\u00eancia do Trabalho de Pernambuco atualizou o quadro de vagas com divulgou nessa ter\\u00e7a-feira (4), sete oportunidades para o munic\\u00edpio de Serra Talhada. A remunera\\u00e7\\u00e3o prevista para os cargos varia de R$1.412,00 a R$1.781, 04 al\\u00e9m de benef\\u00edcios para alguns cargos. Para o cargo de empregado dom\\u00e9stico, \\u00e9 exigida escolaridade m\\u00ednima de ensino fundamental\",\"inLanguage\":\"pt-BR\",\"isPartOf\":{\"@id\":\"https:\\\/\\\/serrafm879.com.br\\\/serrafm\\\/#website\"},\"breadcrumb\":{\"@id\":\"https:\\\/\\\/serrafm879.com.br\\\/serrafm\\\/2025\\\/02\\\/agencia-do-trabalho-atualiza-quadro-de-vagas-para-esta-3a-em-st\\\/#breadcrumblist\"},\"author\":{\"@id\":\"https:\\\/\\\/serrafm879.com.br\\\/serrafm\\\/author\\\/serrafm87\\\/#author\"},\"creator\":{\"@id\":\"https:\\\/\\\/serrafm879.com.br\\\/serrafm\\\/author\\\/serrafm87\\\/#author\"},\"image\":{\"@type\":\"ImageObject\",\"url\":\"https:\\\/\\\/serrafm879.com.br\\\/serrafm\\\/wp-content\\\/uploads\\\/2024\\\/01\\\/CARTEIRA-DE-TRABALHO.webp\",\"@id\":\"https:\\\/\\\/serrafm879.com.br\\\/serrafm\\\/2025\\\/02\\\/agencia-do-trabalho-atualiza-quadro-de-vagas-para-esta-3a-em-st\\\/#mainImage\",\"width\":600,\"height\":400},\"primaryImageOfPage\":{\"@id\":\"https:\\\/\\\/serrafm879.com.br\\\/serrafm\\\/2025\\\/02\\\/agencia-do-trabalho-atualiza-quadro-de-vagas-para-esta-3a-em-st\\\/#mainImage\"},\"datePublished\":\"2025-02-04T18:10:40-03:00\",\"dateModified\":\"2025-02-07T18:09:12-03:00\"},{\"@type\":\"WebSite\",\"@id\":\"https:\\\/\\\/serrafm879.com.br\\\/serrafm\\\/#website\",\"url\":\"https:\\\/\\\/serrafm879.com.br\\\/serrafm\\\/\",\"name\":\"Serra FM 87,9\",\"description\":\"O seu novo amor!\",\"inLanguage\":\"pt-BR\",\"publisher\":{\"@id\":\"https:\\\/\\\/serrafm879.com.br\\\/serrafm\\\/#organization\"}}]}\n\t\t<\/script>\n\t\t<!-- All in One SEO -->\n\n","aioseo_head_json":{"title":"Ag\u00eancia do Trabalho atualiza quadro de vagas para esta 3\u00aa em ST - Serra FM 87,9","description":"A Ag\u00eancia do Trabalho de Pernambuco atualizou o quadro de vagas com divulgou nessa ter\u00e7a-feira (4), sete oportunidades para o munic\u00edpio de Serra Talhada. A remunera\u00e7\u00e3o prevista para os cargos varia de R$1.412,00 a R$1.781, 04 al\u00e9m de benef\u00edcios para alguns cargos. Para o cargo de empregado dom\u00e9stico, \u00e9 exigida escolaridade m\u00ednima de ensino fundamental","canonical_url":"https:\/\/serrafm879.com.br\/serrafm\/2025\/02\/agencia-do-trabalho-atualiza-quadro-de-vagas-para-esta-3a-em-st\/","robots":"max-image-preview:large","keywords":"","webmasterTools":{"miscellaneous":""},"schema":{"@context":"https:\/\/schema.org","@graph":[{"@type":"BlogPosting","@id":"https:\/\/serrafm879.com.br\/serrafm\/2025\/02\/agencia-do-trabalho-atualiza-quadro-de-vagas-para-esta-3a-em-st\/#blogposting","name":"Ag\u00eancia do Trabalho atualiza quadro de vagas para esta 3\u00aa em ST - Serra FM 87,9","headline":"Ag\u00eancia do Trabalho atualiza quadro de vagas para esta 3\u00aa em ST","author":{"@id":"https:\/\/serrafm879.com.br\/serrafm\/author\/serrafm87\/#author"},"publisher":{"@id":"https:\/\/serrafm879.com.br\/serrafm\/#organization"},"image":{"@type":"ImageObject","url":"https:\/\/serrafm879.com.br\/serrafm\/wp-content\/uploads\/2024\/01\/CARTEIRA-DE-TRABALHO.webp","width":600,"height":400},"datePublished":"2025-02-04T18:10:40-03:00","dateModified":"2025-02-07T18:09:12-03:00","inLanguage":"pt-BR","mainEntityOfPage":{"@id":"https:\/\/serrafm879.com.br\/serrafm\/2025\/02\/agencia-do-trabalho-atualiza-quadro-de-vagas-para-esta-3a-em-st\/#webpage"},"isPartOf":{"@id":"https:\/\/serrafm879.com.br\/serrafm\/2025\/02\/agencia-do-trabalho-atualiza-quadro-de-vagas-para-esta-3a-em-st\/#webpage"},"articleSection":"Uncategorized"},{"@type":"BreadcrumbList","@id":"https:\/\/serrafm879.com.br\/serrafm\/2025\/02\/agencia-do-trabalho-atualiza-quadro-de-vagas-para-esta-3a-em-st\/#breadcrumblist","itemListElement":[{"@type":"ListItem","@id":"https:\/\/serrafm879.com.br\/serrafm#listItem","position":1,"name":"Home","item":"https:\/\/serrafm879.com.br\/serrafm","nextItem":{"@type":"ListItem","@id":"https:\/\/serrafm879.com.br\/serrafm\/categoria\/uncategorized\/#listItem","name":"Uncategorized"}},{"@type":"ListItem","@id":"https:\/\/serrafm879.com.br\/serrafm\/categoria\/uncategorized\/#listItem","position":2,"name":"Uncategorized","item":"https:\/\/serrafm879.com.br\/serrafm\/categoria\/uncategorized\/","nextItem":{"@type":"ListItem","@id":"https:\/\/serrafm879.com.br\/serrafm\/2025\/02\/agencia-do-trabalho-atualiza-quadro-de-vagas-para-esta-3a-em-st\/#listItem","name":"Ag\u00eancia do Trabalho atualiza quadro de vagas para esta 3\u00aa em ST"},"previousItem":{"@type":"ListItem","@id":"https:\/\/serrafm879.com.br\/serrafm#listItem","name":"Home"}},{"@type":"ListItem","@id":"https:\/\/serrafm879.com.br\/serrafm\/2025\/02\/agencia-do-trabalho-atualiza-quadro-de-vagas-para-esta-3a-em-st\/#listItem","position":3,"name":"Ag\u00eancia do Trabalho atualiza quadro de vagas para esta 3\u00aa em ST","previousItem":{"@type":"ListItem","@id":"https:\/\/serrafm879.com.br\/serrafm\/categoria\/uncategorized\/#listItem","name":"Uncategorized"}}]},{"@type":"Organization","@id":"https:\/\/serrafm879.com.br\/serrafm\/#organization","name":"Serra FM 87,9","description":"O seu novo amor!","url":"https:\/\/serrafm879.com.br\/serrafm\/"},{"@type":"Person","@id":"https:\/\/serrafm879.com.br\/serrafm\/author\/serrafm87\/#author","url":"https:\/\/serrafm879.com.br\/serrafm\/author\/serrafm87\/","name":"serrafm87","image":{"@type":"ImageObject","@id":"https:\/\/serrafm879.com.br\/serrafm\/2025\/02\/agencia-do-trabalho-atualiza-quadro-de-vagas-para-esta-3a-em-st\/#authorImage","url":"https:\/\/secure.gravatar.com\/avatar\/a743233f1112d34f48bb3dc9559b76eb930bab8b27175856cba6362608736235?s=96&d=mm&r=g","width":96,"height":96,"caption":"serrafm87"}},{"@type":"WebPage","@id":"https:\/\/serrafm879.com.br\/serrafm\/2025\/02\/agencia-do-trabalho-atualiza-quadro-de-vagas-para-esta-3a-em-st\/#webpage","url":"https:\/\/serrafm879.com.br\/serrafm\/2025\/02\/agencia-do-trabalho-atualiza-quadro-de-vagas-para-esta-3a-em-st\/","name":"Ag\u00eancia do Trabalho atualiza quadro de vagas para esta 3\u00aa em ST - Serra FM 87,9","description":"A Ag\u00eancia do Trabalho de Pernambuco atualizou o quadro de vagas com divulgou nessa ter\u00e7a-feira (4), sete oportunidades para o munic\u00edpio de Serra Talhada. A remunera\u00e7\u00e3o prevista para os cargos varia de R$1.412,00 a R$1.781, 04 al\u00e9m de benef\u00edcios para alguns cargos. Para o cargo de empregado dom\u00e9stico, \u00e9 exigida escolaridade m\u00ednima de ensino fundamental","inLanguage":"pt-BR","isPartOf":{"@id":"https:\/\/serrafm879.com.br\/serrafm\/#website"},"breadcrumb":{"@id":"https:\/\/serrafm879.com.br\/serrafm\/2025\/02\/agencia-do-trabalho-atualiza-quadro-de-vagas-para-esta-3a-em-st\/#breadcrumblist"},"author":{"@id":"https:\/\/serrafm879.com.br\/serrafm\/author\/serrafm87\/#author"},"creator":{"@id":"https:\/\/serrafm879.com.br\/serrafm\/author\/serrafm87\/#author"},"image":{"@type":"ImageObject","url":"https:\/\/serrafm879.com.br\/serrafm\/wp-content\/uploads\/2024\/01\/CARTEIRA-DE-TRABALHO.webp","@id":"https:\/\/serrafm879.com.br\/serrafm\/2025\/02\/agencia-do-trabalho-atualiza-quadro-de-vagas-para-esta-3a-em-st\/#mainImage","width":600,"height":400},"primaryImageOfPage":{"@id":"https:\/\/serrafm879.com.br\/serrafm\/2025\/02\/agencia-do-trabalho-atualiza-quadro-de-vagas-para-esta-3a-em-st\/#mainImage"},"datePublished":"2025-02-04T18:10:40-03:00","dateModified":"2025-02-07T18:09:12-03:00"},{"@type":"WebSite","@id":"https:\/\/serrafm879.com.br\/serrafm\/#website","url":"https:\/\/serrafm879.com.br\/serrafm\/","name":"Serra FM 87,9","description":"O seu novo amor!","inLanguage":"pt-BR","publisher":{"@id":"https:\/\/serrafm879.com.br\/serrafm\/#organization"}}]},"twitter:card":"summary_large_image","twitter:title":"Ag\u00eancia do Trabalho atualiza quadro de vagas para esta 3\u00aa em ST - Serra FM 87,9","twitter:description":"A Ag\u00eancia do Trabalho de Pernambuco atualizou o quadro de vagas com divulgou nessa ter\u00e7a-feira (4), sete oportunidades para o munic\u00edpio de Serra Talhada. A remunera\u00e7\u00e3o prevista para os cargos varia de R$1.412,00 a R$1.781, 04 al\u00e9m de benef\u00edcios para alguns cargos. Para o cargo de empregado dom\u00e9stico, \u00e9 exigida escolaridade m\u00ednima de ensino fundamental","twitter:image":"https:\/\/serrafm879.com.br\/serrafm\/wp-content\/uploads\/2024\/01\/CARTEIRA-DE-TRABALHO.webp"},"aioseo_meta_data":{"post_id":"20468","title":null,"description":null,"keywords":null,"keyphrases":null,"primary_term":null,"canonical_url":null,"og_title":null,"og_description":null,"og_object_type":"default","og_image_type":"default","og_image_custom_url":null,"og_image_custom_fields":null,"og_image_url":null,"og_image_width":null,"og_image_height":null,"og_video":null,"og_custom_url":null,"og_article_section":null,"og_article_tags":null,"twitter_use_og":false,"twitter_card":"default","twitter_image_type":"default","twitter_image_custom_url":null,"twitter_image_custom_fields":null,"twitter_image_url":null,"twitter_title":null,"twitter_description":null,"schema_type":"default","schema_type_options":null,"schema":{"blockGraphs":[],"customGraphs":[],"default":{"data":{"Article":[],"Course":[],"Dataset":[],"FAQPage":[],"Movie":[],"Person":[],"Product":[],"ProductReview":[],"Car":[],"Recipe":[],"Service":[],"SoftwareApplication":[],"WebPage":[]},"graphName":"","isEnabled":true},"graphs":[]},"pillar_content":false,"robots_default":true,"robots_noindex":false,"robots_noarchive":false,"robots_nosnippet":false,"robots_nofollow":false,"robots_noimageindex":false,"robots_noodp":false,"robots_notranslate":false,"robots_max_snippet":null,"robots_max_videopreview":null,"robots_max_imagepreview":"large","priority":null,"frequency":null,"local_seo":null,"limit_modified_date":false,"ai":null,"breadcrumb_settings":null,"seo_analyzer_scan_date":null,"created":"2026-07-21 13:31:53","updated":"2026-07-21 13:31:53"},"aioseo_breadcrumb":"<div class=\"aioseo-breadcrumbs\"><span class=\"aioseo-breadcrumb\">\n\t\t\t<a href=\"https:\/\/serrafm879.com.br\/serrafm\" title=\"Home\">Home<\/a>\n\t\t<\/span><span class=\"aioseo-breadcrumb-separator\">&raquo;<\/span><span class=\"aioseo-breadcrumb\">\n\t\t\t<a href=\"https:\/\/serrafm879.com.br\/serrafm\/categoria\/uncategorized\/\" title=\"Uncategorized\">Uncategorized<\/a>\n\t\t<\/span><span class=\"aioseo-breadcrumb-separator\">&raquo;<\/span><span class=\"aioseo-breadcrumb\">\n\t\t\tAg\u00eancia do Trabalho atualiza quadro de vagas para esta 3\u00aa em ST\n\t\t<\/span><\/div>","aioseo_breadcrumb_json":[{"label":"Home","link":"https:\/\/serrafm879.com.br\/serrafm"},{"label":"Uncategorized","link":"https:\/\/serrafm879.com.br\/serrafm\/categoria\/uncategorized\/"},{"label":"Ag\u00eancia do Trabalho atualiza quadro de vagas para esta 3\u00aa em ST","link":"https:\/\/serrafm879.com.br\/serrafm\/2025\/02\/agencia-do-trabalho-atualiza-quadro-de-vagas-para-esta-3a-em-st\/"}],"jetpack_publicize_connections":[],"jetpack_featured_media_url":"https:\/\/serrafm879.com.br\/serrafm\/wp-content\/uploads\/2024\/01\/CARTEIRA-DE-TRABALHO.webp","jetpack_shortlink":"https:\/\/wp.me\/p7HyXg-5k8","jetpack_sharing_enabled":true,"_links":{"self":[{"href":"https:\/\/serrafm879.com.br\/serrafm\/wp-json\/wp\/v2\/posts\/20468","targetHints":{"allow":["GET"]}}],"collection":[{"href":"https:\/\/serrafm879.com.br\/serrafm\/wp-json\/wp\/v2\/posts"}],"about":[{"href":"https:\/\/serrafm879.com.br\/serrafm\/wp-json\/wp\/v2\/types\/post"}],"author":[{"embeddable":true,"href":"https:\/\/serrafm879.com.br\/serrafm\/wp-json\/wp\/v2\/users\/2"}],"replies":[{"embeddable":true,"href":"https:\/\/serrafm879.com.br\/serrafm\/wp-json\/wp\/v2\/comments?post=20468"}],"version-history":[{"count":1,"href":"https:\/\/serrafm879.com.br\/serrafm\/wp-json\/wp\/v2\/posts\/20468\/revisions"}],"predecessor-version":[{"id":20469,"href":"https:\/\/serrafm879.com.br\/serrafm\/wp-json\/wp\/v2\/posts\/20468\/revisions\/20469"}],"wp:featuredmedia":[{"embeddable":true,"href":"https:\/\/serrafm879.com.br\/serrafm\/wp-json\/wp\/v2\/media\/15496"}],"wp:attachment":[{"href":"https:\/\/serrafm879.com.br\/serrafm\/wp-json\/wp\/v2\/media?parent=20468"}],"wp:term":[{"taxonomy":"category","embeddable":true,"href":"https:\/\/serrafm879.com.br\/serrafm\/wp-json\/wp\/v2\/categories?post=20468"},{"taxonomy":"post_tag","embeddable":true,"href":"https:\/\/serrafm879.com.br\/serrafm\/wp-json\/wp\/v2\/tags?post=20468"}],"curies":[{"name":"wp","href":"https:\/\/api.w.org\/{rel}","templated":true}]}}