{"id":20489,"date":"2025-02-08T21:21:05","date_gmt":"2025-02-09T00:21:05","guid":{"rendered":"https:\/?p=20489"},"modified":"2025-02-08T21:22:09","modified_gmt":"2025-02-09T00:22:09","slug":"pernambuco-e-ceara-deflagram-operacao-divisa-integrada-em-15-municipios","status":"publish","type":"post","link":"https:\/\/serrafm879.com.br\/serrafm\/2025\/02\/pernambuco-e-ceara-deflagram-operacao-divisa-integrada-em-15-municipios\/","title":{"rendered":"Pernambuco e Cear\u00e1 deflagram Opera\u00e7\u00e3o Divisa  Integrada em 15 munic\u00edpios"},"content":{"rendered":"<p>Na sexta-feira (7), 556 agentes das For\u00e7as de Seguran\u00e7a de Pernambuco e do Cear\u00e1 executaram conjuntamente a\u00e7\u00f5es preventivas, ostensivas, repressivas e de Pol\u00edcia Judici\u00e1ria em v\u00e1rias frentes de atua\u00e7\u00e3o no limite de diversos munic\u00edpios pernambucanos e cearenses.<\/p>\n<p>As a\u00e7\u00f5es de combate \u00e0 criminalidade por meio da Secretaria de Defesa Social (SDS-PE) e da Secretaria de Seguran\u00e7a P\u00fablica e Defesa Social do Cear\u00e1 (SSPDS-CE) visam a fortalecer a seguran\u00e7a nas divisas entre os estados.<\/p>\n<p>As a\u00e7\u00f5es operacionais conjuntas come\u00e7aram ainda na madrugada e seguem at\u00e9 o pr\u00f3ximo domingo (9), nas cidades de Exu, Araripina, Ipubi, Salgueiro e S\u00e3o Jos\u00e9 do Belmonte, em Pernambuco; e Brejo Santo, Crato, Juazeiro do Norte, Penaforte, Mauriti, Araripe, Campos Sales, Barbalha, Nova Olinda e Jardim, no Cear\u00e1.<\/p>\n<p>As pol\u00edcias Militar e Civil de ambos os estados est\u00e3o efetivando pris\u00f5es em flagrante, dando cumprimento a mandados de busca e apreens\u00e3o, elaborando Termos Circunstanciados de Ocorr\u00eancias (TCOs) e apreendendo entorpecentes.<\/p>\n<p>Armas de fogo e armas brancas, por sua vez, est\u00e3o sendo retiradas de circula\u00e7\u00e3o.<\/p>\n<p>Barreiras policiais tamb\u00e9m foram montadas nas principais rodovias em comum, para identifica\u00e7\u00e3o de foragidos na Justi\u00e7a e o combate ao tr\u00e1fico de drogas e de armas.<\/p>\n<p>O tr\u00e1fico de drogas, inclusive, \u00e9 um dos principais focos da opera\u00e7\u00e3o, uma vez que est\u00e1 relacionado a diversos outros crimes, desde tr\u00e1fico de armas e homic\u00eddios a lavagem de dinheiro e extors\u00e3o.<\/p>\n<p>Tamb\u00e9m participam da opera\u00e7\u00e3o profissionais do Corpo de Bombeiros Militar, da Pol\u00edcia Cient\u00edfica, do Grupamento T\u00e1tico A\u00e9reo (GTA), que realiza sobrevoos nas \u00e1reas, e demais servidores da SDS. Tamb\u00e9m est\u00e3o mobilizados agentes da Pol\u00edcia Federal e Pol\u00edcia Penal do Cear\u00e1.<\/p>\n<p>A defini\u00e7\u00e3o das estrat\u00e9gias empregadas pelos \u00f3rg\u00e3os de seguran\u00e7a p\u00fablica na mega-opera\u00e7\u00e3o desta sexta ocorreu ainda em outubro de 2024, durante reuni\u00e3o de alinhamento em Salgueiro, no Sert\u00e3o pernambucano, para a troca de informa\u00e7\u00f5es e expertises entre os profissionais.<\/p>\n<p>A secret\u00e1ria-executiva da SDS, Dominique de Castro Oliveira, destacou a import\u00e2ncia da uni\u00e3o entre os entes federativos no enfrentamento \u00e0 criminalidade.<\/p>\n<p>\u201cEstamos estreitando cada vez mais as parcerias com os nossos estados vizinhos no combate \u00e0 viol\u00eancia. Temos a certeza de que vamos lograr \u00eaxito em mais esta opera\u00e7\u00e3o, a exemplo das que realizamos em parceria com a Bahia e a Para\u00edba.\u201d, afirmou ela.<\/p>\n<p>Segundo a secret\u00e1ria-executiva, o resultado dessas opera\u00e7\u00f5es j\u00e1 pode ser observado: \u201c2024 finalizou com quedas expressivas nos principais \u00edndices criminais, com destaque para as maiores redu\u00e7\u00f5es de homic\u00eddios e roubos dos \u00faltimos 11 anos\u201d.<\/p>\n<p>O secret\u00e1rio-executivo de A\u00e7\u00f5es Integradas e Estrat\u00e9gicas da Secretaria da SSPDS, S\u00e9rgio Pereira, destacou a demonstra\u00e7\u00e3o de for\u00e7a e uni\u00e3o entre as For\u00e7as de Seguran\u00e7a do Cear\u00e1 e de Pernambuco.<\/p>\n<p>\u201cA inten\u00e7\u00e3o com esse trabalho \u00e9 reduzir os \u00edndices de criminalidade, localizando e prendendo foragidos da Justi\u00e7a, para que possamos trazer paz e tranquilidade para a popula\u00e7\u00e3o. Mas, acima de tudo, a mensagem central \u00e9 que, com a nossa uni\u00e3o, somos muito mais fortes no embate contra a criminalidade\u201d, frisou o cearense.<\/p>\n<p>Do Portal Folha de Pernambuco<\/p>\n","protected":false},"excerpt":{"rendered":"<p>Na sexta-feira (7), 556 agentes das For\u00e7as de Seguran\u00e7a de Pernambuco e do Cear\u00e1 executaram conjuntamente a\u00e7\u00f5es preventivas, ostensivas, repressivas e de Pol\u00edcia Judici\u00e1ria em v\u00e1rias frentes de atua\u00e7\u00e3o no limite de diversos munic\u00edpios pernambucanos e cearenses. As a\u00e7\u00f5es de combate \u00e0 criminalidade por meio da Secretaria de Defesa Social (SDS-PE) e da Secretaria de Seguran\u00e7a P\u00fablica e Defesa Social do Cear\u00e1 (SSPDS-CE) visam a fortalecer a seguran\u00e7a nas divisas entre os estados. As a\u00e7\u00f5es operacionais conjuntas come\u00e7aram ainda na madrugada e seguem at\u00e9 o pr\u00f3ximo domingo (9), nas cidades de Exu, Araripina, Ipubi, Salgueiro e S\u00e3o Jos\u00e9 do Belmonte, [&hellip;]<\/p>\n","protected":false},"author":2,"featured_media":20490,"comment_status":"open","ping_status":"open","sticky":false,"template":"","format":"standard","meta":{"_jetpack_newsletter_access":"","_jetpack_dont_email_post_to_subs":false,"_jetpack_newsletter_tier_id":0,"_jetpack_memberships_contains_paywalled_content":false,"_jetpack_feature_clip_id":0,"_jetpack_memberships_contains_paid_content":false,"footnotes":"","jetpack_publicize_message":"","jetpack_publicize_feature_enabled":true,"jetpack_social_post_already_shared":true,"jetpack_social_options":{"image_generator_settings":{"template":"highway","default_image_id":0,"font":"","enabled":false},"version":2},"jetpack_post_was_ever_published":false},"categories":[151],"tags":[],"class_list":["post-20489","post","type-post","status-publish","format-standard","has-post-thumbnail","hentry","category-policia"],"aioseo_notices":[],"aioseo_head":"\n\t\t<!-- All in One SEO 4.9.10 - aioseo.com -->\n\t<meta name=\"description\" content=\"Na sexta-feira (7), 556 agentes das For\u00e7as de Seguran\u00e7a de Pernambuco e do Cear\u00e1 executaram conjuntamente a\u00e7\u00f5es preventivas, ostensivas, repressivas e de Pol\u00edcia Judici\u00e1ria em v\u00e1rias frentes de atua\u00e7\u00e3o no limite de diversos munic\u00edpios pernambucanos e cearenses. As a\u00e7\u00f5es de combate \u00e0 criminalidade por meio da Secretaria de Defesa Social (SDS-PE) e da Secretaria de\" \/>\n\t<meta name=\"robots\" content=\"max-image-preview:large\" \/>\n\t<meta name=\"author\" content=\"serrafm87\"\/>\n\t<link rel=\"canonical\" href=\"https:\/\/serrafm879.com.br\/serrafm\/2025\/02\/pernambuco-e-ceara-deflagram-operacao-divisa-integrada-em-15-municipios\/\" \/>\n\t<meta name=\"generator\" content=\"All in One SEO (AIOSEO) 4.9.10\" \/>\n\t\t<meta name=\"twitter:card\" content=\"summary_large_image\" \/>\n\t\t<meta name=\"twitter:title\" content=\"Pernambuco e Cear\u00e1 deflagram Opera\u00e7\u00e3o Divisa Integrada em 15 munic\u00edpios - Serra FM 87,9\" \/>\n\t\t<meta name=\"twitter:description\" content=\"Na sexta-feira (7), 556 agentes das For\u00e7as de Seguran\u00e7a de Pernambuco e do Cear\u00e1 executaram conjuntamente a\u00e7\u00f5es preventivas, ostensivas, repressivas e de Pol\u00edcia Judici\u00e1ria em v\u00e1rias frentes de atua\u00e7\u00e3o no limite de diversos munic\u00edpios pernambucanos e cearenses. As a\u00e7\u00f5es de combate \u00e0 criminalidade por meio da Secretaria de Defesa Social (SDS-PE) e da Secretaria de\" \/>\n\t\t<meta name=\"twitter:image\" content=\"https:\/\/serrafm879.com.br\/serrafm\/wp-content\/uploads\/2025\/02\/Captura-de-tela-2025-02-08-211921.png\" \/>\n\t\t<script type=\"application\/ld+json\" class=\"aioseo-schema\">\n\t\t\t{\"@context\":\"https:\\\/\\\/schema.org\",\"@graph\":[{\"@type\":\"BlogPosting\",\"@id\":\"https:\\\/\\\/serrafm879.com.br\\\/serrafm\\\/2025\\\/02\\\/pernambuco-e-ceara-deflagram-operacao-divisa-integrada-em-15-municipios\\\/#blogposting\",\"name\":\"Pernambuco e Cear\\u00e1 deflagram Opera\\u00e7\\u00e3o Divisa Integrada em 15 munic\\u00edpios - Serra FM 87,9\",\"headline\":\"Pernambuco e Cear\\u00e1 deflagram Opera\\u00e7\\u00e3o Divisa  Integrada em 15 munic\\u00edpios\",\"author\":{\"@id\":\"https:\\\/\\\/serrafm879.com.br\\\/serrafm\\\/author\\\/serrafm87\\\/#author\"},\"publisher\":{\"@id\":\"https:\\\/\\\/serrafm879.com.br\\\/serrafm\\\/#organization\"},\"image\":{\"@type\":\"ImageObject\",\"url\":\"https:\\\/\\\/serrafm879.com.br\\\/serrafm\\\/wp-content\\\/uploads\\\/2025\\\/02\\\/Captura-de-tela-2025-02-08-211921.png\",\"width\":801,\"height\":469},\"datePublished\":\"2025-02-08T21:21:05-03:00\",\"dateModified\":\"2025-02-08T21:22:09-03:00\",\"inLanguage\":\"pt-BR\",\"mainEntityOfPage\":{\"@id\":\"https:\\\/\\\/serrafm879.com.br\\\/serrafm\\\/2025\\\/02\\\/pernambuco-e-ceara-deflagram-operacao-divisa-integrada-em-15-municipios\\\/#webpage\"},\"isPartOf\":{\"@id\":\"https:\\\/\\\/serrafm879.com.br\\\/serrafm\\\/2025\\\/02\\\/pernambuco-e-ceara-deflagram-operacao-divisa-integrada-em-15-municipios\\\/#webpage\"},\"articleSection\":\"Pol\\u00edcia\"},{\"@type\":\"BreadcrumbList\",\"@id\":\"https:\\\/\\\/serrafm879.com.br\\\/serrafm\\\/2025\\\/02\\\/pernambuco-e-ceara-deflagram-operacao-divisa-integrada-em-15-municipios\\\/#breadcrumblist\",\"itemListElement\":[{\"@type\":\"ListItem\",\"@id\":\"https:\\\/\\\/serrafm879.com.br\\\/serrafm#listItem\",\"position\":1,\"name\":\"Home\",\"item\":\"https:\\\/\\\/serrafm879.com.br\\\/serrafm\",\"nextItem\":{\"@type\":\"ListItem\",\"@id\":\"https:\\\/\\\/serrafm879.com.br\\\/serrafm\\\/categoria\\\/policia\\\/#listItem\",\"name\":\"Pol\\u00edcia\"}},{\"@type\":\"ListItem\",\"@id\":\"https:\\\/\\\/serrafm879.com.br\\\/serrafm\\\/categoria\\\/policia\\\/#listItem\",\"position\":2,\"name\":\"Pol\\u00edcia\",\"item\":\"https:\\\/\\\/serrafm879.com.br\\\/serrafm\\\/categoria\\\/policia\\\/\",\"nextItem\":{\"@type\":\"ListItem\",\"@id\":\"https:\\\/\\\/serrafm879.com.br\\\/serrafm\\\/2025\\\/02\\\/pernambuco-e-ceara-deflagram-operacao-divisa-integrada-em-15-municipios\\\/#listItem\",\"name\":\"Pernambuco e Cear\\u00e1 deflagram Opera\\u00e7\\u00e3o Divisa  Integrada em 15 munic\\u00edpios\"},\"previousItem\":{\"@type\":\"ListItem\",\"@id\":\"https:\\\/\\\/serrafm879.com.br\\\/serrafm#listItem\",\"name\":\"Home\"}},{\"@type\":\"ListItem\",\"@id\":\"https:\\\/\\\/serrafm879.com.br\\\/serrafm\\\/2025\\\/02\\\/pernambuco-e-ceara-deflagram-operacao-divisa-integrada-em-15-municipios\\\/#listItem\",\"position\":3,\"name\":\"Pernambuco e Cear\\u00e1 deflagram Opera\\u00e7\\u00e3o Divisa  Integrada em 15 munic\\u00edpios\",\"previousItem\":{\"@type\":\"ListItem\",\"@id\":\"https:\\\/\\\/serrafm879.com.br\\\/serrafm\\\/categoria\\\/policia\\\/#listItem\",\"name\":\"Pol\\u00edcia\"}}]},{\"@type\":\"Organization\",\"@id\":\"https:\\\/\\\/serrafm879.com.br\\\/serrafm\\\/#organization\",\"name\":\"Serra FM 87,9\",\"description\":\"O seu novo amor!\",\"url\":\"https:\\\/\\\/serrafm879.com.br\\\/serrafm\\\/\"},{\"@type\":\"Person\",\"@id\":\"https:\\\/\\\/serrafm879.com.br\\\/serrafm\\\/author\\\/serrafm87\\\/#author\",\"url\":\"https:\\\/\\\/serrafm879.com.br\\\/serrafm\\\/author\\\/serrafm87\\\/\",\"name\":\"serrafm87\",\"image\":{\"@type\":\"ImageObject\",\"@id\":\"https:\\\/\\\/serrafm879.com.br\\\/serrafm\\\/2025\\\/02\\\/pernambuco-e-ceara-deflagram-operacao-divisa-integrada-em-15-municipios\\\/#authorImage\",\"url\":\"https:\\\/\\\/secure.gravatar.com\\\/avatar\\\/a743233f1112d34f48bb3dc9559b76eb930bab8b27175856cba6362608736235?s=96&d=mm&r=g\",\"width\":96,\"height\":96,\"caption\":\"serrafm87\"}},{\"@type\":\"WebPage\",\"@id\":\"https:\\\/\\\/serrafm879.com.br\\\/serrafm\\\/2025\\\/02\\\/pernambuco-e-ceara-deflagram-operacao-divisa-integrada-em-15-municipios\\\/#webpage\",\"url\":\"https:\\\/\\\/serrafm879.com.br\\\/serrafm\\\/2025\\\/02\\\/pernambuco-e-ceara-deflagram-operacao-divisa-integrada-em-15-municipios\\\/\",\"name\":\"Pernambuco e Cear\\u00e1 deflagram Opera\\u00e7\\u00e3o Divisa Integrada em 15 munic\\u00edpios - Serra FM 87,9\",\"description\":\"Na sexta-feira (7), 556 agentes das For\\u00e7as de Seguran\\u00e7a de Pernambuco e do Cear\\u00e1 executaram conjuntamente a\\u00e7\\u00f5es preventivas, ostensivas, repressivas e de Pol\\u00edcia Judici\\u00e1ria em v\\u00e1rias frentes de atua\\u00e7\\u00e3o no limite de diversos munic\\u00edpios pernambucanos e cearenses. As a\\u00e7\\u00f5es de combate \\u00e0 criminalidade por meio da Secretaria de Defesa Social (SDS-PE) e da Secretaria de\",\"inLanguage\":\"pt-BR\",\"isPartOf\":{\"@id\":\"https:\\\/\\\/serrafm879.com.br\\\/serrafm\\\/#website\"},\"breadcrumb\":{\"@id\":\"https:\\\/\\\/serrafm879.com.br\\\/serrafm\\\/2025\\\/02\\\/pernambuco-e-ceara-deflagram-operacao-divisa-integrada-em-15-municipios\\\/#breadcrumblist\"},\"author\":{\"@id\":\"https:\\\/\\\/serrafm879.com.br\\\/serrafm\\\/author\\\/serrafm87\\\/#author\"},\"creator\":{\"@id\":\"https:\\\/\\\/serrafm879.com.br\\\/serrafm\\\/author\\\/serrafm87\\\/#author\"},\"image\":{\"@type\":\"ImageObject\",\"url\":\"https:\\\/\\\/serrafm879.com.br\\\/serrafm\\\/wp-content\\\/uploads\\\/2025\\\/02\\\/Captura-de-tela-2025-02-08-211921.png\",\"@id\":\"https:\\\/\\\/serrafm879.com.br\\\/serrafm\\\/2025\\\/02\\\/pernambuco-e-ceara-deflagram-operacao-divisa-integrada-em-15-municipios\\\/#mainImage\",\"width\":801,\"height\":469},\"primaryImageOfPage\":{\"@id\":\"https:\\\/\\\/serrafm879.com.br\\\/serrafm\\\/2025\\\/02\\\/pernambuco-e-ceara-deflagram-operacao-divisa-integrada-em-15-municipios\\\/#mainImage\"},\"datePublished\":\"2025-02-08T21:21:05-03:00\",\"dateModified\":\"2025-02-08T21:22:09-03:00\"},{\"@type\":\"WebSite\",\"@id\":\"https:\\\/\\\/serrafm879.com.br\\\/serrafm\\\/#website\",\"url\":\"https:\\\/\\\/serrafm879.com.br\\\/serrafm\\\/\",\"name\":\"Serra FM 87,9\",\"description\":\"O seu novo amor!\",\"inLanguage\":\"pt-BR\",\"publisher\":{\"@id\":\"https:\\\/\\\/serrafm879.com.br\\\/serrafm\\\/#organization\"}}]}\n\t\t<\/script>\n\t\t<!-- All in One SEO -->\n\n","aioseo_head_json":{"title":"Pernambuco e Cear\u00e1 deflagram Opera\u00e7\u00e3o Divisa Integrada em 15 munic\u00edpios - Serra FM 87,9","description":"Na sexta-feira (7), 556 agentes das For\u00e7as de Seguran\u00e7a de Pernambuco e do Cear\u00e1 executaram conjuntamente a\u00e7\u00f5es preventivas, ostensivas, repressivas e de Pol\u00edcia Judici\u00e1ria em v\u00e1rias frentes de atua\u00e7\u00e3o no limite de diversos munic\u00edpios pernambucanos e cearenses. As a\u00e7\u00f5es de combate \u00e0 criminalidade por meio da Secretaria de Defesa Social (SDS-PE) e da Secretaria de","canonical_url":"https:\/\/serrafm879.com.br\/serrafm\/2025\/02\/pernambuco-e-ceara-deflagram-operacao-divisa-integrada-em-15-municipios\/","robots":"max-image-preview:large","keywords":"","webmasterTools":{"miscellaneous":""},"schema":{"@context":"https:\/\/schema.org","@graph":[{"@type":"BlogPosting","@id":"https:\/\/serrafm879.com.br\/serrafm\/2025\/02\/pernambuco-e-ceara-deflagram-operacao-divisa-integrada-em-15-municipios\/#blogposting","name":"Pernambuco e Cear\u00e1 deflagram Opera\u00e7\u00e3o Divisa Integrada em 15 munic\u00edpios - Serra FM 87,9","headline":"Pernambuco e Cear\u00e1 deflagram Opera\u00e7\u00e3o Divisa  Integrada em 15 munic\u00edpios","author":{"@id":"https:\/\/serrafm879.com.br\/serrafm\/author\/serrafm87\/#author"},"publisher":{"@id":"https:\/\/serrafm879.com.br\/serrafm\/#organization"},"image":{"@type":"ImageObject","url":"https:\/\/serrafm879.com.br\/serrafm\/wp-content\/uploads\/2025\/02\/Captura-de-tela-2025-02-08-211921.png","width":801,"height":469},"datePublished":"2025-02-08T21:21:05-03:00","dateModified":"2025-02-08T21:22:09-03:00","inLanguage":"pt-BR","mainEntityOfPage":{"@id":"https:\/\/serrafm879.com.br\/serrafm\/2025\/02\/pernambuco-e-ceara-deflagram-operacao-divisa-integrada-em-15-municipios\/#webpage"},"isPartOf":{"@id":"https:\/\/serrafm879.com.br\/serrafm\/2025\/02\/pernambuco-e-ceara-deflagram-operacao-divisa-integrada-em-15-municipios\/#webpage"},"articleSection":"Pol\u00edcia"},{"@type":"BreadcrumbList","@id":"https:\/\/serrafm879.com.br\/serrafm\/2025\/02\/pernambuco-e-ceara-deflagram-operacao-divisa-integrada-em-15-municipios\/#breadcrumblist","itemListElement":[{"@type":"ListItem","@id":"https:\/\/serrafm879.com.br\/serrafm#listItem","position":1,"name":"Home","item":"https:\/\/serrafm879.com.br\/serrafm","nextItem":{"@type":"ListItem","@id":"https:\/\/serrafm879.com.br\/serrafm\/categoria\/policia\/#listItem","name":"Pol\u00edcia"}},{"@type":"ListItem","@id":"https:\/\/serrafm879.com.br\/serrafm\/categoria\/policia\/#listItem","position":2,"name":"Pol\u00edcia","item":"https:\/\/serrafm879.com.br\/serrafm\/categoria\/policia\/","nextItem":{"@type":"ListItem","@id":"https:\/\/serrafm879.com.br\/serrafm\/2025\/02\/pernambuco-e-ceara-deflagram-operacao-divisa-integrada-em-15-municipios\/#listItem","name":"Pernambuco e Cear\u00e1 deflagram Opera\u00e7\u00e3o Divisa  Integrada em 15 munic\u00edpios"},"previousItem":{"@type":"ListItem","@id":"https:\/\/serrafm879.com.br\/serrafm#listItem","name":"Home"}},{"@type":"ListItem","@id":"https:\/\/serrafm879.com.br\/serrafm\/2025\/02\/pernambuco-e-ceara-deflagram-operacao-divisa-integrada-em-15-municipios\/#listItem","position":3,"name":"Pernambuco e Cear\u00e1 deflagram Opera\u00e7\u00e3o Divisa  Integrada em 15 munic\u00edpios","previousItem":{"@type":"ListItem","@id":"https:\/\/serrafm879.com.br\/serrafm\/categoria\/policia\/#listItem","name":"Pol\u00edcia"}}]},{"@type":"Organization","@id":"https:\/\/serrafm879.com.br\/serrafm\/#organization","name":"Serra FM 87,9","description":"O seu novo amor!","url":"https:\/\/serrafm879.com.br\/serrafm\/"},{"@type":"Person","@id":"https:\/\/serrafm879.com.br\/serrafm\/author\/serrafm87\/#author","url":"https:\/\/serrafm879.com.br\/serrafm\/author\/serrafm87\/","name":"serrafm87","image":{"@type":"ImageObject","@id":"https:\/\/serrafm879.com.br\/serrafm\/2025\/02\/pernambuco-e-ceara-deflagram-operacao-divisa-integrada-em-15-municipios\/#authorImage","url":"https:\/\/secure.gravatar.com\/avatar\/a743233f1112d34f48bb3dc9559b76eb930bab8b27175856cba6362608736235?s=96&d=mm&r=g","width":96,"height":96,"caption":"serrafm87"}},{"@type":"WebPage","@id":"https:\/\/serrafm879.com.br\/serrafm\/2025\/02\/pernambuco-e-ceara-deflagram-operacao-divisa-integrada-em-15-municipios\/#webpage","url":"https:\/\/serrafm879.com.br\/serrafm\/2025\/02\/pernambuco-e-ceara-deflagram-operacao-divisa-integrada-em-15-municipios\/","name":"Pernambuco e Cear\u00e1 deflagram Opera\u00e7\u00e3o Divisa Integrada em 15 munic\u00edpios - Serra FM 87,9","description":"Na sexta-feira (7), 556 agentes das For\u00e7as de Seguran\u00e7a de Pernambuco e do Cear\u00e1 executaram conjuntamente a\u00e7\u00f5es preventivas, ostensivas, repressivas e de Pol\u00edcia Judici\u00e1ria em v\u00e1rias frentes de atua\u00e7\u00e3o no limite de diversos munic\u00edpios pernambucanos e cearenses. As a\u00e7\u00f5es de combate \u00e0 criminalidade por meio da Secretaria de Defesa Social (SDS-PE) e da Secretaria de","inLanguage":"pt-BR","isPartOf":{"@id":"https:\/\/serrafm879.com.br\/serrafm\/#website"},"breadcrumb":{"@id":"https:\/\/serrafm879.com.br\/serrafm\/2025\/02\/pernambuco-e-ceara-deflagram-operacao-divisa-integrada-em-15-municipios\/#breadcrumblist"},"author":{"@id":"https:\/\/serrafm879.com.br\/serrafm\/author\/serrafm87\/#author"},"creator":{"@id":"https:\/\/serrafm879.com.br\/serrafm\/author\/serrafm87\/#author"},"image":{"@type":"ImageObject","url":"https:\/\/serrafm879.com.br\/serrafm\/wp-content\/uploads\/2025\/02\/Captura-de-tela-2025-02-08-211921.png","@id":"https:\/\/serrafm879.com.br\/serrafm\/2025\/02\/pernambuco-e-ceara-deflagram-operacao-divisa-integrada-em-15-municipios\/#mainImage","width":801,"height":469},"primaryImageOfPage":{"@id":"https:\/\/serrafm879.com.br\/serrafm\/2025\/02\/pernambuco-e-ceara-deflagram-operacao-divisa-integrada-em-15-municipios\/#mainImage"},"datePublished":"2025-02-08T21:21:05-03:00","dateModified":"2025-02-08T21:22:09-03:00"},{"@type":"WebSite","@id":"https:\/\/serrafm879.com.br\/serrafm\/#website","url":"https:\/\/serrafm879.com.br\/serrafm\/","name":"Serra FM 87,9","description":"O seu novo amor!","inLanguage":"pt-BR","publisher":{"@id":"https:\/\/serrafm879.com.br\/serrafm\/#organization"}}]},"twitter:card":"summary_large_image","twitter:title":"Pernambuco e Cear\u00e1 deflagram Opera\u00e7\u00e3o Divisa Integrada em 15 munic\u00edpios - Serra FM 87,9","twitter:description":"Na sexta-feira (7), 556 agentes das For\u00e7as de Seguran\u00e7a de Pernambuco e do Cear\u00e1 executaram conjuntamente a\u00e7\u00f5es preventivas, ostensivas, repressivas e de Pol\u00edcia Judici\u00e1ria em v\u00e1rias frentes de atua\u00e7\u00e3o no limite de diversos munic\u00edpios pernambucanos e cearenses. As a\u00e7\u00f5es de combate \u00e0 criminalidade por meio da Secretaria de Defesa Social (SDS-PE) e da Secretaria de","twitter:image":"https:\/\/serrafm879.com.br\/serrafm\/wp-content\/uploads\/2025\/02\/Captura-de-tela-2025-02-08-211921.png"},"aioseo_meta_data":{"post_id":"20489","title":null,"description":null,"keywords":null,"keyphrases":null,"primary_term":null,"canonical_url":null,"og_title":null,"og_description":null,"og_object_type":"default","og_image_type":"default","og_image_custom_url":null,"og_image_custom_fields":null,"og_image_url":null,"og_image_width":null,"og_image_height":null,"og_video":null,"og_custom_url":null,"og_article_section":null,"og_article_tags":null,"twitter_use_og":false,"twitter_card":"default","twitter_image_type":"default","twitter_image_custom_url":null,"twitter_image_custom_fields":null,"twitter_image_url":null,"twitter_title":null,"twitter_description":null,"schema_type":"default","schema_type_options":null,"schema":{"blockGraphs":[],"customGraphs":[],"default":{"data":{"Article":[],"Course":[],"Dataset":[],"FAQPage":[],"Movie":[],"Person":[],"Product":[],"ProductReview":[],"Car":[],"Recipe":[],"Service":[],"SoftwareApplication":[],"WebPage":[]},"graphName":"","isEnabled":true},"graphs":[]},"pillar_content":false,"robots_default":true,"robots_noindex":false,"robots_noarchive":false,"robots_nosnippet":false,"robots_nofollow":false,"robots_noimageindex":false,"robots_noodp":false,"robots_notranslate":false,"robots_max_snippet":null,"robots_max_videopreview":null,"robots_max_imagepreview":"large","priority":null,"frequency":null,"local_seo":null,"limit_modified_date":false,"ai":null,"breadcrumb_settings":null,"seo_analyzer_scan_date":null,"created":"2026-07-21 13:31:53","updated":"2026-07-21 13:31:53"},"aioseo_breadcrumb":"<div class=\"aioseo-breadcrumbs\"><span class=\"aioseo-breadcrumb\">\n\t\t\t<a href=\"https:\/\/serrafm879.com.br\/serrafm\" title=\"Home\">Home<\/a>\n\t\t<\/span><span class=\"aioseo-breadcrumb-separator\">&raquo;<\/span><span class=\"aioseo-breadcrumb\">\n\t\t\t<a href=\"https:\/\/serrafm879.com.br\/serrafm\/categoria\/policia\/\" title=\"Pol\u00edcia\">Pol\u00edcia<\/a>\n\t\t<\/span><span class=\"aioseo-breadcrumb-separator\">&raquo;<\/span><span class=\"aioseo-breadcrumb\">\n\t\t\tPernambuco e Cear\u00e1 deflagram Opera\u00e7\u00e3o Divisa  Integrada em 15 munic\u00edpios\n\t\t<\/span><\/div>","aioseo_breadcrumb_json":[{"label":"Home","link":"https:\/\/serrafm879.com.br\/serrafm"},{"label":"Pol\u00edcia","link":"https:\/\/serrafm879.com.br\/serrafm\/categoria\/policia\/"},{"label":"Pernambuco e Cear\u00e1 deflagram Opera\u00e7\u00e3o Divisa  Integrada em 15 munic\u00edpios","link":"https:\/\/serrafm879.com.br\/serrafm\/2025\/02\/pernambuco-e-ceara-deflagram-operacao-divisa-integrada-em-15-municipios\/"}],"jetpack_publicize_connections":[],"jetpack_featured_media_url":"https:\/\/serrafm879.com.br\/serrafm\/wp-content\/uploads\/2025\/02\/Captura-de-tela-2025-02-08-211921.png","jetpack_shortlink":"https:\/\/wp.me\/p7HyXg-5kt","jetpack_sharing_enabled":true,"_links":{"self":[{"href":"https:\/\/serrafm879.com.br\/serrafm\/wp-json\/wp\/v2\/posts\/20489","targetHints":{"allow":["GET"]}}],"collection":[{"href":"https:\/\/serrafm879.com.br\/serrafm\/wp-json\/wp\/v2\/posts"}],"about":[{"href":"https:\/\/serrafm879.com.br\/serrafm\/wp-json\/wp\/v2\/types\/post"}],"author":[{"embeddable":true,"href":"https:\/\/serrafm879.com.br\/serrafm\/wp-json\/wp\/v2\/users\/2"}],"replies":[{"embeddable":true,"href":"https:\/\/serrafm879.com.br\/serrafm\/wp-json\/wp\/v2\/comments?post=20489"}],"version-history":[{"count":2,"href":"https:\/\/serrafm879.com.br\/serrafm\/wp-json\/wp\/v2\/posts\/20489\/revisions"}],"predecessor-version":[{"id":20492,"href":"https:\/\/serrafm879.com.br\/serrafm\/wp-json\/wp\/v2\/posts\/20489\/revisions\/20492"}],"wp:featuredmedia":[{"embeddable":true,"href":"https:\/\/serrafm879.com.br\/serrafm\/wp-json\/wp\/v2\/media\/20490"}],"wp:attachment":[{"href":"https:\/\/serrafm879.com.br\/serrafm\/wp-json\/wp\/v2\/media?parent=20489"}],"wp:term":[{"taxonomy":"category","embeddable":true,"href":"https:\/\/serrafm879.com.br\/serrafm\/wp-json\/wp\/v2\/categories?post=20489"},{"taxonomy":"post_tag","embeddable":true,"href":"https:\/\/serrafm879.com.br\/serrafm\/wp-json\/wp\/v2\/tags?post=20489"}],"curies":[{"name":"wp","href":"https:\/\/api.w.org\/{rel}","templated":true}]}}