{"id":20524,"date":"2025-02-09T23:04:23","date_gmt":"2025-02-10T02:04:23","guid":{"rendered":"https:\/?p=20524"},"modified":"2025-02-09T23:05:17","modified_gmt":"2025-02-10T02:05:17","slug":"miguel-coelho-comenta-encontro-com-raquel-lyra-muita-historinha-saiu","status":"publish","type":"post","link":"https:\/\/serrafm879.com.br\/serrafm\/2025\/02\/miguel-coelho-comenta-encontro-com-raquel-lyra-muita-historinha-saiu\/","title":{"rendered":"Miguel Coelho comenta encontro com Raquel Lyra: &#8220;Muita historinha saiu&#8221;"},"content":{"rendered":"<p>Ex-prefeito de Petrolina se manifestou nas redes sociais, neste domingo (9), sobre encontro com Raquel e detalhou conversa com a governadora.<\/p>\n<p class=\"texto\">O ex-prefeito de Petrolina,\u00a0<strong>Miguel Coelho (UB)<\/strong>, usou as redes sociais neste domingo (5) e se manifestou sobre o\u00a0<a href=\"https:\/\/jc.ne10.uol.com.br\/politica\/2025\/02\/08\/terezinha-nunes-entendimento-de-raquel-lyra-com-miguel-coelho-tem-potencial-de-embaralhar-jogo-de-2026.html\" target=\"_blank\" rel=\"noopener noreferrer\" data-mrf-link=\"https:\/\/jc.ne10.uol.com.br\/politica\/2025\/02\/08\/terezinha-nunes-entendimento-de-raquel-lyra-com-miguel-coelho-tem-potencial-de-embaralhar-jogo-de-2026.html\">encontro com a governadora\u00a0<strong>Raquel Lyra (PSDB)<\/strong><\/a>. De acordo com Miguel, \u201cmuita historinha saiu\u201d sobre a reuni\u00e3o e detalhou a conversa com a chefe do Executivo estadual.<\/p>\n<p class=\"texto\">Miguel, que estava em viagem internacional, onde participou de um evento na Alemanha, afirmou que \u201ccen\u00e1rios hipot\u00e9ticos e fantasiosos\u201d foram colocados, nas especula\u00e7\u00f5es sobre o teor da reuni\u00e3o com Raquel Lyra.<\/p>\n<p class=\"texto\">\u201cVi que nesse tempo que eu estava fora, meu nome, o nosso grupo pol\u00edtico foi bastante ventilado, bastante especulado, muitos cen\u00e1rios hipot\u00e9ticos e fantasiosos colocados, mas eu queria deixar muito claro aqui o nosso posicionamento\u201d, comentou.<\/p>\n<p class=\"texto\">De acordo com o ex-prefeito, o convite para o encontro partiu da governadora, e detalhou que no encontro foram tratados temas da pol\u00edtica e do Uni\u00e3o Brasil. Miguel afirmou que deixou claro o posicionamento pol\u00edtico do partido. Atualmente, o Uni\u00e3o Brasil em Pernambuco est\u00e1 dividido, com uma ala mais ligada \u00e0 Raquel Lyra e outra posicionada pr\u00f3xima ao prefeito do Recife,\u00a0<strong>Jo\u00e3o Campos (PSB)<\/strong>.<\/p>\n<p class=\"texto\">\u201cTive sim uma conversa com a governadora Raquel, a convite dela, fui a seu encontro at\u00e9 por uma quest\u00e3o de educa\u00e7\u00e3o, de respeito e de cortesia. Nesse encontro, onde a gente conversou muito sobre o estado de Pernambuco, sobre o nosso partido, entre outros assuntos, deixei claro que o nosso posicionamento pol\u00edtico era muito transparente, at\u00e9 porque o posicionamento que o nosso grupo pol\u00edtico tem, vem se construindo desde o final de 2022, ao longo de 2023 todo, e, consequentemente, muito forte em 2024, onde tivemos reciprocidade de apoio\u201d, disse.<\/p>\n<p class=\"texto\">Ainda segundo Miguel Coelho, o posicionamento pol\u00edtico do grupo continuar\u00e1 sendo de tratar com respeito e \u201cconversando com todos\u201d, destacando que, na pol\u00edtica, \u201co gesto conta muito\u201d, citando as diverg\u00eancias internas dentro do partido em Pernambuco.<\/p>\n<p class=\"texto\">\u201cAcima de tudo, o Uni\u00e3o Brasil, a n\u00edvel estadual, vai continuar no mesmo posicionamento pol\u00edtico, respeitando as diverg\u00eancias internas que temos, afinal somos um partido pol\u00edtico democr\u00e1tico, respeitamos todos\u201d, afirmou.<\/p>\n<p>Fonte: jc.com.br<\/p>\n<p>&nbsp;<\/p>\n","protected":false},"excerpt":{"rendered":"<p>Ex-prefeito de Petrolina se manifestou nas redes sociais, neste domingo (9), sobre encontro com Raquel e detalhou conversa com a governadora. O ex-prefeito de Petrolina,\u00a0Miguel Coelho (UB), usou as redes sociais neste domingo (5) e se manifestou sobre o\u00a0encontro com a governadora\u00a0Raquel Lyra (PSDB). De acordo com Miguel, \u201cmuita historinha saiu\u201d sobre a reuni\u00e3o e detalhou a conversa com a chefe do Executivo estadual. Miguel, que estava em viagem internacional, onde participou de um evento na Alemanha, afirmou que \u201ccen\u00e1rios hipot\u00e9ticos e fantasiosos\u201d foram colocados, nas especula\u00e7\u00f5es sobre o teor da reuni\u00e3o com Raquel Lyra. \u201cVi que nesse tempo que [&hellip;]<\/p>\n","protected":false},"author":2,"featured_media":20525,"comment_status":"open","ping_status":"open","sticky":false,"template":"","format":"standard","meta":{"_jetpack_newsletter_access":"","_jetpack_dont_email_post_to_subs":false,"_jetpack_newsletter_tier_id":0,"_jetpack_memberships_contains_paywalled_content":false,"_jetpack_feature_clip_id":0,"_jetpack_memberships_contains_paid_content":false,"footnotes":"","jetpack_publicize_message":"","jetpack_publicize_feature_enabled":true,"jetpack_social_post_already_shared":true,"jetpack_social_options":{"image_generator_settings":{"template":"highway","default_image_id":0,"font":"","enabled":false},"version":2},"jetpack_post_was_ever_published":false},"categories":[144],"tags":[],"class_list":["post-20524","post","type-post","status-publish","format-standard","has-post-thumbnail","hentry","category-politica"],"aioseo_notices":[],"aioseo_head":"\n\t\t<!-- All in One SEO 4.9.10 - aioseo.com -->\n\t<meta name=\"description\" content=\"Ex-prefeito de Petrolina se manifestou nas redes sociais, neste domingo (9), sobre encontro com Raquel e detalhou conversa com a governadora. O ex-prefeito de Petrolina, Miguel Coelho (UB), usou as redes sociais neste domingo (5) e se manifestou sobre o encontro com a governadora Raquel Lyra (PSDB). De acordo com Miguel, \u201cmuita historinha saiu\u201d sobre a reuni\u00e3o e\" \/>\n\t<meta name=\"robots\" content=\"max-image-preview:large\" \/>\n\t<meta name=\"author\" content=\"serrafm87\"\/>\n\t<link rel=\"canonical\" href=\"https:\/\/serrafm879.com.br\/serrafm\/2025\/02\/miguel-coelho-comenta-encontro-com-raquel-lyra-muita-historinha-saiu\/\" \/>\n\t<meta name=\"generator\" content=\"All in One SEO (AIOSEO) 4.9.10\" \/>\n\t\t<meta name=\"twitter:card\" content=\"summary_large_image\" \/>\n\t\t<meta name=\"twitter:title\" content=\"Miguel Coelho comenta encontro com Raquel Lyra: \u201cMuita historinha saiu\u201d - Serra FM 87,9\" \/>\n\t\t<meta name=\"twitter:description\" content=\"Ex-prefeito de Petrolina se manifestou nas redes sociais, neste domingo (9), sobre encontro com Raquel e detalhou conversa com a governadora. O ex-prefeito de Petrolina, Miguel Coelho (UB), usou as redes sociais neste domingo (5) e se manifestou sobre o encontro com a governadora Raquel Lyra (PSDB). De acordo com Miguel, \u201cmuita historinha saiu\u201d sobre a reuni\u00e3o e\" \/>\n\t\t<meta name=\"twitter:image\" content=\"https:\/\/serrafm879.com.br\/serrafm\/wp-content\/uploads\/2025\/02\/download-1-4.jpg\" \/>\n\t\t<script type=\"application\/ld+json\" class=\"aioseo-schema\">\n\t\t\t{\"@context\":\"https:\\\/\\\/schema.org\",\"@graph\":[{\"@type\":\"BlogPosting\",\"@id\":\"https:\\\/\\\/serrafm879.com.br\\\/serrafm\\\/2025\\\/02\\\/miguel-coelho-comenta-encontro-com-raquel-lyra-muita-historinha-saiu\\\/#blogposting\",\"name\":\"Miguel Coelho comenta encontro com Raquel Lyra: \\u201cMuita historinha saiu\\u201d - Serra FM 87,9\",\"headline\":\"Miguel Coelho comenta encontro com Raquel Lyra: &#8220;Muita historinha saiu&#8221;\",\"author\":{\"@id\":\"https:\\\/\\\/serrafm879.com.br\\\/serrafm\\\/author\\\/serrafm87\\\/#author\"},\"publisher\":{\"@id\":\"https:\\\/\\\/serrafm879.com.br\\\/serrafm\\\/#organization\"},\"image\":{\"@type\":\"ImageObject\",\"url\":\"https:\\\/\\\/serrafm879.com.br\\\/serrafm\\\/wp-content\\\/uploads\\\/2025\\\/02\\\/download-1-4.jpg\",\"width\":303,\"height\":167},\"datePublished\":\"2025-02-09T23:04:23-03:00\",\"dateModified\":\"2025-02-09T23:05:17-03:00\",\"inLanguage\":\"pt-BR\",\"mainEntityOfPage\":{\"@id\":\"https:\\\/\\\/serrafm879.com.br\\\/serrafm\\\/2025\\\/02\\\/miguel-coelho-comenta-encontro-com-raquel-lyra-muita-historinha-saiu\\\/#webpage\"},\"isPartOf\":{\"@id\":\"https:\\\/\\\/serrafm879.com.br\\\/serrafm\\\/2025\\\/02\\\/miguel-coelho-comenta-encontro-com-raquel-lyra-muita-historinha-saiu\\\/#webpage\"},\"articleSection\":\"Pol\\u00edtica\"},{\"@type\":\"BreadcrumbList\",\"@id\":\"https:\\\/\\\/serrafm879.com.br\\\/serrafm\\\/2025\\\/02\\\/miguel-coelho-comenta-encontro-com-raquel-lyra-muita-historinha-saiu\\\/#breadcrumblist\",\"itemListElement\":[{\"@type\":\"ListItem\",\"@id\":\"https:\\\/\\\/serrafm879.com.br\\\/serrafm#listItem\",\"position\":1,\"name\":\"Home\",\"item\":\"https:\\\/\\\/serrafm879.com.br\\\/serrafm\",\"nextItem\":{\"@type\":\"ListItem\",\"@id\":\"https:\\\/\\\/serrafm879.com.br\\\/serrafm\\\/categoria\\\/politica\\\/#listItem\",\"name\":\"Pol\\u00edtica\"}},{\"@type\":\"ListItem\",\"@id\":\"https:\\\/\\\/serrafm879.com.br\\\/serrafm\\\/categoria\\\/politica\\\/#listItem\",\"position\":2,\"name\":\"Pol\\u00edtica\",\"item\":\"https:\\\/\\\/serrafm879.com.br\\\/serrafm\\\/categoria\\\/politica\\\/\",\"nextItem\":{\"@type\":\"ListItem\",\"@id\":\"https:\\\/\\\/serrafm879.com.br\\\/serrafm\\\/2025\\\/02\\\/miguel-coelho-comenta-encontro-com-raquel-lyra-muita-historinha-saiu\\\/#listItem\",\"name\":\"Miguel Coelho comenta encontro com Raquel Lyra: &#8220;Muita historinha saiu&#8221;\"},\"previousItem\":{\"@type\":\"ListItem\",\"@id\":\"https:\\\/\\\/serrafm879.com.br\\\/serrafm#listItem\",\"name\":\"Home\"}},{\"@type\":\"ListItem\",\"@id\":\"https:\\\/\\\/serrafm879.com.br\\\/serrafm\\\/2025\\\/02\\\/miguel-coelho-comenta-encontro-com-raquel-lyra-muita-historinha-saiu\\\/#listItem\",\"position\":3,\"name\":\"Miguel Coelho comenta encontro com Raquel Lyra: &#8220;Muita historinha saiu&#8221;\",\"previousItem\":{\"@type\":\"ListItem\",\"@id\":\"https:\\\/\\\/serrafm879.com.br\\\/serrafm\\\/categoria\\\/politica\\\/#listItem\",\"name\":\"Pol\\u00edtica\"}}]},{\"@type\":\"Organization\",\"@id\":\"https:\\\/\\\/serrafm879.com.br\\\/serrafm\\\/#organization\",\"name\":\"Serra FM 87,9\",\"description\":\"O seu novo amor!\",\"url\":\"https:\\\/\\\/serrafm879.com.br\\\/serrafm\\\/\"},{\"@type\":\"Person\",\"@id\":\"https:\\\/\\\/serrafm879.com.br\\\/serrafm\\\/author\\\/serrafm87\\\/#author\",\"url\":\"https:\\\/\\\/serrafm879.com.br\\\/serrafm\\\/author\\\/serrafm87\\\/\",\"name\":\"serrafm87\",\"image\":{\"@type\":\"ImageObject\",\"@id\":\"https:\\\/\\\/serrafm879.com.br\\\/serrafm\\\/2025\\\/02\\\/miguel-coelho-comenta-encontro-com-raquel-lyra-muita-historinha-saiu\\\/#authorImage\",\"url\":\"https:\\\/\\\/secure.gravatar.com\\\/avatar\\\/a743233f1112d34f48bb3dc9559b76eb930bab8b27175856cba6362608736235?s=96&d=mm&r=g\",\"width\":96,\"height\":96,\"caption\":\"serrafm87\"}},{\"@type\":\"WebPage\",\"@id\":\"https:\\\/\\\/serrafm879.com.br\\\/serrafm\\\/2025\\\/02\\\/miguel-coelho-comenta-encontro-com-raquel-lyra-muita-historinha-saiu\\\/#webpage\",\"url\":\"https:\\\/\\\/serrafm879.com.br\\\/serrafm\\\/2025\\\/02\\\/miguel-coelho-comenta-encontro-com-raquel-lyra-muita-historinha-saiu\\\/\",\"name\":\"Miguel Coelho comenta encontro com Raquel Lyra: \\u201cMuita historinha saiu\\u201d - Serra FM 87,9\",\"description\":\"Ex-prefeito de Petrolina se manifestou nas redes sociais, neste domingo (9), sobre encontro com Raquel e detalhou conversa com a governadora. O ex-prefeito de Petrolina, Miguel Coelho (UB), usou as redes sociais neste domingo (5) e se manifestou sobre o encontro com a governadora Raquel Lyra (PSDB). De acordo com Miguel, \\u201cmuita historinha saiu\\u201d sobre a reuni\\u00e3o e\",\"inLanguage\":\"pt-BR\",\"isPartOf\":{\"@id\":\"https:\\\/\\\/serrafm879.com.br\\\/serrafm\\\/#website\"},\"breadcrumb\":{\"@id\":\"https:\\\/\\\/serrafm879.com.br\\\/serrafm\\\/2025\\\/02\\\/miguel-coelho-comenta-encontro-com-raquel-lyra-muita-historinha-saiu\\\/#breadcrumblist\"},\"author\":{\"@id\":\"https:\\\/\\\/serrafm879.com.br\\\/serrafm\\\/author\\\/serrafm87\\\/#author\"},\"creator\":{\"@id\":\"https:\\\/\\\/serrafm879.com.br\\\/serrafm\\\/author\\\/serrafm87\\\/#author\"},\"image\":{\"@type\":\"ImageObject\",\"url\":\"https:\\\/\\\/serrafm879.com.br\\\/serrafm\\\/wp-content\\\/uploads\\\/2025\\\/02\\\/download-1-4.jpg\",\"@id\":\"https:\\\/\\\/serrafm879.com.br\\\/serrafm\\\/2025\\\/02\\\/miguel-coelho-comenta-encontro-com-raquel-lyra-muita-historinha-saiu\\\/#mainImage\",\"width\":303,\"height\":167},\"primaryImageOfPage\":{\"@id\":\"https:\\\/\\\/serrafm879.com.br\\\/serrafm\\\/2025\\\/02\\\/miguel-coelho-comenta-encontro-com-raquel-lyra-muita-historinha-saiu\\\/#mainImage\"},\"datePublished\":\"2025-02-09T23:04:23-03:00\",\"dateModified\":\"2025-02-09T23:05:17-03:00\"},{\"@type\":\"WebSite\",\"@id\":\"https:\\\/\\\/serrafm879.com.br\\\/serrafm\\\/#website\",\"url\":\"https:\\\/\\\/serrafm879.com.br\\\/serrafm\\\/\",\"name\":\"Serra FM 87,9\",\"description\":\"O seu novo amor!\",\"inLanguage\":\"pt-BR\",\"publisher\":{\"@id\":\"https:\\\/\\\/serrafm879.com.br\\\/serrafm\\\/#organization\"}}]}\n\t\t<\/script>\n\t\t<!-- All in One SEO -->\n\n","aioseo_head_json":{"title":"Miguel Coelho comenta encontro com Raquel Lyra: \u201cMuita historinha saiu\u201d - Serra FM 87,9","description":"Ex-prefeito de Petrolina se manifestou nas redes sociais, neste domingo (9), sobre encontro com Raquel e detalhou conversa com a governadora. O ex-prefeito de Petrolina, Miguel Coelho (UB), usou as redes sociais neste domingo (5) e se manifestou sobre o encontro com a governadora Raquel Lyra (PSDB). De acordo com Miguel, \u201cmuita historinha saiu\u201d sobre a reuni\u00e3o e","canonical_url":"https:\/\/serrafm879.com.br\/serrafm\/2025\/02\/miguel-coelho-comenta-encontro-com-raquel-lyra-muita-historinha-saiu\/","robots":"max-image-preview:large","keywords":"","webmasterTools":{"miscellaneous":""},"schema":{"@context":"https:\/\/schema.org","@graph":[{"@type":"BlogPosting","@id":"https:\/\/serrafm879.com.br\/serrafm\/2025\/02\/miguel-coelho-comenta-encontro-com-raquel-lyra-muita-historinha-saiu\/#blogposting","name":"Miguel Coelho comenta encontro com Raquel Lyra: \u201cMuita historinha saiu\u201d - Serra FM 87,9","headline":"Miguel Coelho comenta encontro com Raquel Lyra: &#8220;Muita historinha saiu&#8221;","author":{"@id":"https:\/\/serrafm879.com.br\/serrafm\/author\/serrafm87\/#author"},"publisher":{"@id":"https:\/\/serrafm879.com.br\/serrafm\/#organization"},"image":{"@type":"ImageObject","url":"https:\/\/serrafm879.com.br\/serrafm\/wp-content\/uploads\/2025\/02\/download-1-4.jpg","width":303,"height":167},"datePublished":"2025-02-09T23:04:23-03:00","dateModified":"2025-02-09T23:05:17-03:00","inLanguage":"pt-BR","mainEntityOfPage":{"@id":"https:\/\/serrafm879.com.br\/serrafm\/2025\/02\/miguel-coelho-comenta-encontro-com-raquel-lyra-muita-historinha-saiu\/#webpage"},"isPartOf":{"@id":"https:\/\/serrafm879.com.br\/serrafm\/2025\/02\/miguel-coelho-comenta-encontro-com-raquel-lyra-muita-historinha-saiu\/#webpage"},"articleSection":"Pol\u00edtica"},{"@type":"BreadcrumbList","@id":"https:\/\/serrafm879.com.br\/serrafm\/2025\/02\/miguel-coelho-comenta-encontro-com-raquel-lyra-muita-historinha-saiu\/#breadcrumblist","itemListElement":[{"@type":"ListItem","@id":"https:\/\/serrafm879.com.br\/serrafm#listItem","position":1,"name":"Home","item":"https:\/\/serrafm879.com.br\/serrafm","nextItem":{"@type":"ListItem","@id":"https:\/\/serrafm879.com.br\/serrafm\/categoria\/politica\/#listItem","name":"Pol\u00edtica"}},{"@type":"ListItem","@id":"https:\/\/serrafm879.com.br\/serrafm\/categoria\/politica\/#listItem","position":2,"name":"Pol\u00edtica","item":"https:\/\/serrafm879.com.br\/serrafm\/categoria\/politica\/","nextItem":{"@type":"ListItem","@id":"https:\/\/serrafm879.com.br\/serrafm\/2025\/02\/miguel-coelho-comenta-encontro-com-raquel-lyra-muita-historinha-saiu\/#listItem","name":"Miguel Coelho comenta encontro com Raquel Lyra: &#8220;Muita historinha saiu&#8221;"},"previousItem":{"@type":"ListItem","@id":"https:\/\/serrafm879.com.br\/serrafm#listItem","name":"Home"}},{"@type":"ListItem","@id":"https:\/\/serrafm879.com.br\/serrafm\/2025\/02\/miguel-coelho-comenta-encontro-com-raquel-lyra-muita-historinha-saiu\/#listItem","position":3,"name":"Miguel Coelho comenta encontro com Raquel Lyra: &#8220;Muita historinha saiu&#8221;","previousItem":{"@type":"ListItem","@id":"https:\/\/serrafm879.com.br\/serrafm\/categoria\/politica\/#listItem","name":"Pol\u00edtica"}}]},{"@type":"Organization","@id":"https:\/\/serrafm879.com.br\/serrafm\/#organization","name":"Serra FM 87,9","description":"O seu novo amor!","url":"https:\/\/serrafm879.com.br\/serrafm\/"},{"@type":"Person","@id":"https:\/\/serrafm879.com.br\/serrafm\/author\/serrafm87\/#author","url":"https:\/\/serrafm879.com.br\/serrafm\/author\/serrafm87\/","name":"serrafm87","image":{"@type":"ImageObject","@id":"https:\/\/serrafm879.com.br\/serrafm\/2025\/02\/miguel-coelho-comenta-encontro-com-raquel-lyra-muita-historinha-saiu\/#authorImage","url":"https:\/\/secure.gravatar.com\/avatar\/a743233f1112d34f48bb3dc9559b76eb930bab8b27175856cba6362608736235?s=96&d=mm&r=g","width":96,"height":96,"caption":"serrafm87"}},{"@type":"WebPage","@id":"https:\/\/serrafm879.com.br\/serrafm\/2025\/02\/miguel-coelho-comenta-encontro-com-raquel-lyra-muita-historinha-saiu\/#webpage","url":"https:\/\/serrafm879.com.br\/serrafm\/2025\/02\/miguel-coelho-comenta-encontro-com-raquel-lyra-muita-historinha-saiu\/","name":"Miguel Coelho comenta encontro com Raquel Lyra: \u201cMuita historinha saiu\u201d - Serra FM 87,9","description":"Ex-prefeito de Petrolina se manifestou nas redes sociais, neste domingo (9), sobre encontro com Raquel e detalhou conversa com a governadora. O ex-prefeito de Petrolina, Miguel Coelho (UB), usou as redes sociais neste domingo (5) e se manifestou sobre o encontro com a governadora Raquel Lyra (PSDB). De acordo com Miguel, \u201cmuita historinha saiu\u201d sobre a reuni\u00e3o e","inLanguage":"pt-BR","isPartOf":{"@id":"https:\/\/serrafm879.com.br\/serrafm\/#website"},"breadcrumb":{"@id":"https:\/\/serrafm879.com.br\/serrafm\/2025\/02\/miguel-coelho-comenta-encontro-com-raquel-lyra-muita-historinha-saiu\/#breadcrumblist"},"author":{"@id":"https:\/\/serrafm879.com.br\/serrafm\/author\/serrafm87\/#author"},"creator":{"@id":"https:\/\/serrafm879.com.br\/serrafm\/author\/serrafm87\/#author"},"image":{"@type":"ImageObject","url":"https:\/\/serrafm879.com.br\/serrafm\/wp-content\/uploads\/2025\/02\/download-1-4.jpg","@id":"https:\/\/serrafm879.com.br\/serrafm\/2025\/02\/miguel-coelho-comenta-encontro-com-raquel-lyra-muita-historinha-saiu\/#mainImage","width":303,"height":167},"primaryImageOfPage":{"@id":"https:\/\/serrafm879.com.br\/serrafm\/2025\/02\/miguel-coelho-comenta-encontro-com-raquel-lyra-muita-historinha-saiu\/#mainImage"},"datePublished":"2025-02-09T23:04:23-03:00","dateModified":"2025-02-09T23:05:17-03:00"},{"@type":"WebSite","@id":"https:\/\/serrafm879.com.br\/serrafm\/#website","url":"https:\/\/serrafm879.com.br\/serrafm\/","name":"Serra FM 87,9","description":"O seu novo amor!","inLanguage":"pt-BR","publisher":{"@id":"https:\/\/serrafm879.com.br\/serrafm\/#organization"}}]},"twitter:card":"summary_large_image","twitter:title":"Miguel Coelho comenta encontro com Raquel Lyra: \u201cMuita historinha saiu\u201d - Serra FM 87,9","twitter:description":"Ex-prefeito de Petrolina se manifestou nas redes sociais, neste domingo (9), sobre encontro com Raquel e detalhou conversa com a governadora. O ex-prefeito de Petrolina, Miguel Coelho (UB), usou as redes sociais neste domingo (5) e se manifestou sobre o encontro com a governadora Raquel Lyra (PSDB). De acordo com Miguel, \u201cmuita historinha saiu\u201d sobre a reuni\u00e3o e","twitter:image":"https:\/\/serrafm879.com.br\/serrafm\/wp-content\/uploads\/2025\/02\/download-1-4.jpg"},"aioseo_meta_data":{"post_id":"20524","title":null,"description":null,"keywords":null,"keyphrases":null,"primary_term":null,"canonical_url":null,"og_title":null,"og_description":null,"og_object_type":"default","og_image_type":"default","og_image_custom_url":null,"og_image_custom_fields":null,"og_image_url":null,"og_image_width":null,"og_image_height":null,"og_video":null,"og_custom_url":null,"og_article_section":null,"og_article_tags":null,"twitter_use_og":false,"twitter_card":"default","twitter_image_type":"default","twitter_image_custom_url":null,"twitter_image_custom_fields":null,"twitter_image_url":null,"twitter_title":null,"twitter_description":null,"schema_type":"default","schema_type_options":null,"schema":{"blockGraphs":[],"customGraphs":[],"default":{"data":{"Article":[],"Course":[],"Dataset":[],"FAQPage":[],"Movie":[],"Person":[],"Product":[],"ProductReview":[],"Car":[],"Recipe":[],"Service":[],"SoftwareApplication":[],"WebPage":[]},"graphName":"","isEnabled":true},"graphs":[]},"pillar_content":false,"robots_default":true,"robots_noindex":false,"robots_noarchive":false,"robots_nosnippet":false,"robots_nofollow":false,"robots_noimageindex":false,"robots_noodp":false,"robots_notranslate":false,"robots_max_snippet":null,"robots_max_videopreview":null,"robots_max_imagepreview":"large","priority":null,"frequency":null,"local_seo":null,"limit_modified_date":false,"ai":null,"breadcrumb_settings":null,"seo_analyzer_scan_date":null,"created":"2026-07-21 13:34:39","updated":"2026-07-21 13:34:39"},"aioseo_breadcrumb":"<div class=\"aioseo-breadcrumbs\"><span class=\"aioseo-breadcrumb\">\n\t\t\t<a href=\"https:\/\/serrafm879.com.br\/serrafm\" title=\"Home\">Home<\/a>\n\t\t<\/span><span class=\"aioseo-breadcrumb-separator\">&raquo;<\/span><span class=\"aioseo-breadcrumb\">\n\t\t\t<a href=\"https:\/\/serrafm879.com.br\/serrafm\/categoria\/politica\/\" title=\"Pol\u00edtica\">Pol\u00edtica<\/a>\n\t\t<\/span><span class=\"aioseo-breadcrumb-separator\">&raquo;<\/span><span class=\"aioseo-breadcrumb\">\n\t\t\tMiguel Coelho comenta encontro com Raquel Lyra: \u201cMuita historinha saiu\u201d\n\t\t<\/span><\/div>","aioseo_breadcrumb_json":[{"label":"Home","link":"https:\/\/serrafm879.com.br\/serrafm"},{"label":"Pol\u00edtica","link":"https:\/\/serrafm879.com.br\/serrafm\/categoria\/politica\/"},{"label":"Miguel Coelho comenta encontro com Raquel Lyra: &#8220;Muita historinha saiu&#8221;","link":"https:\/\/serrafm879.com.br\/serrafm\/2025\/02\/miguel-coelho-comenta-encontro-com-raquel-lyra-muita-historinha-saiu\/"}],"jetpack_publicize_connections":[],"jetpack_featured_media_url":"https:\/\/serrafm879.com.br\/serrafm\/wp-content\/uploads\/2025\/02\/download-1-4.jpg","jetpack_shortlink":"https:\/\/wp.me\/p7HyXg-5l2","jetpack_sharing_enabled":true,"_links":{"self":[{"href":"https:\/\/serrafm879.com.br\/serrafm\/wp-json\/wp\/v2\/posts\/20524","targetHints":{"allow":["GET"]}}],"collection":[{"href":"https:\/\/serrafm879.com.br\/serrafm\/wp-json\/wp\/v2\/posts"}],"about":[{"href":"https:\/\/serrafm879.com.br\/serrafm\/wp-json\/wp\/v2\/types\/post"}],"author":[{"embeddable":true,"href":"https:\/\/serrafm879.com.br\/serrafm\/wp-json\/wp\/v2\/users\/2"}],"replies":[{"embeddable":true,"href":"https:\/\/serrafm879.com.br\/serrafm\/wp-json\/wp\/v2\/comments?post=20524"}],"version-history":[{"count":2,"href":"https:\/\/serrafm879.com.br\/serrafm\/wp-json\/wp\/v2\/posts\/20524\/revisions"}],"predecessor-version":[{"id":20527,"href":"https:\/\/serrafm879.com.br\/serrafm\/wp-json\/wp\/v2\/posts\/20524\/revisions\/20527"}],"wp:featuredmedia":[{"embeddable":true,"href":"https:\/\/serrafm879.com.br\/serrafm\/wp-json\/wp\/v2\/media\/20525"}],"wp:attachment":[{"href":"https:\/\/serrafm879.com.br\/serrafm\/wp-json\/wp\/v2\/media?parent=20524"}],"wp:term":[{"taxonomy":"category","embeddable":true,"href":"https:\/\/serrafm879.com.br\/serrafm\/wp-json\/wp\/v2\/categories?post=20524"},{"taxonomy":"post_tag","embeddable":true,"href":"https:\/\/serrafm879.com.br\/serrafm\/wp-json\/wp\/v2\/tags?post=20524"}],"curies":[{"name":"wp","href":"https:\/\/api.w.org\/{rel}","templated":true}]}}