{"id":20534,"date":"2025-02-10T08:19:24","date_gmt":"2025-02-10T11:19:24","guid":{"rendered":"https:\/?p=20534"},"modified":"2025-02-10T08:26:40","modified_gmt":"2025-02-10T11:26:40","slug":"tecnico-do-afogados-fc-e-demitido-apos-jogo-contra-o-nautico-nesse-domingo-9","status":"publish","type":"post","link":"https:\/\/serrafm879.com.br\/serrafm\/2025\/02\/tecnico-do-afogados-fc-e-demitido-apos-jogo-contra-o-nautico-nesse-domingo-9\/","title":{"rendered":"T\u00e9cnico Alexandre Lima \u00e9 demitido ap\u00f3s derrota para o Na\u00fatico, nesse domingo (9)"},"content":{"rendered":"<p><em>Por Dionneys Rodrigues<\/em><\/p>\n<p>O Afogados da Ingazeira Futebol Clube, por meio de sua diretoria de futebol, comunica que em comum acordo acertou a rescis\u00e3o contratual junto ao t\u00e9cnico Alexandre Lima.<\/p>\n<p>O tricolor agradece os servi\u00e7os prestados e deseja sucesso no decorrer da carreira.<\/p>\n<p>ASCOM, AIFC.<\/p>\n<p>Ap\u00f3s a desastrosa campanha do Afogados F.C, O t\u00e9cnido da equipe foi dispensado\u00a0 logo ap\u00f3s o jogo contra o N\u00e1utico, na tarde deste Domingo, 09.<\/p>\n<p>Com um retrospecto negativo, a gota d\u00b4agua foi a m\u00e1 atua\u00e7\u00e3o da equipe no confronto dessa tarde de domingo (9).<\/p>\n<p>O t\u00e9cnico comandou a equipe em 4 amistosos. Ganhou o jogo na disputa da ta\u00e7a Aderval Viana e s\u00f3.<\/p>\n<p>No campeonato pernambucano empatou 4 jogos e perdeu 3. J\u00e1 a partir do terceiro jogo, a torcida pedia mais determina\u00e7\u00e3o e pulso do treinador, coisa que n\u00e3o aconteceu.<\/p>\n<p>Tamb\u00e9m deve ser registrado que foi formada uma base, com garotos de Afogados e outras cidades, onde alguns garotos foram selecionados e n\u00e3o aproveitados. Outro ponto\u00a0era a falta de uni\u00e3o entre integrantes da comiss\u00e3o t\u00e9cnica.<\/p>\n<p>Qual destino do AFOGADOS F.C?<\/p>\n<p>O presidente Jo\u00e3o Nogueira ainda n\u00e3o se pronunciou, mas a probabilidade \u00e9 que o Auxiliar T\u00e9cnico, Rog\u00e9rio Oliveira, assuma a coruja no dois \u00faltimos confrontos do campeonato.<\/p>\n<p>O auxiliar T\u00e9cnico foi\u00a0 \u201cescateado\u201d\u00a0 \u2013\u00a0 sabe-se l\u00e1 porque \u2013 em quase todos os jogos, pelo menos era essa a impress\u00e3o que deixava, haja vista que o mesmo n\u00e3o estava na maioria dos jogos, diga-se de passagem. Um tremendo desrespeito ao profissional, que inclusive dirigiu times de renome no estado.<\/p>\n<p>Vamos aguardar o desfecho dessa hist\u00f3ria. Haja vista que no s\u00e1bado, as 18 h j\u00e1 teremos outro confronto da equipe, pelo Campeonato Pernambucano.<\/p>\n","protected":false},"excerpt":{"rendered":"<p>Por Dionneys Rodrigues O Afogados da Ingazeira Futebol Clube, por meio de sua diretoria de futebol, comunica que em comum acordo acertou a rescis\u00e3o contratual junto ao t\u00e9cnico Alexandre Lima. O tricolor agradece os servi\u00e7os prestados e deseja sucesso no decorrer da carreira. ASCOM, AIFC. Ap\u00f3s a desastrosa campanha do Afogados F.C, O t\u00e9cnido da equipe foi dispensado\u00a0 logo ap\u00f3s o jogo contra o N\u00e1utico, na tarde deste Domingo, 09. Com um retrospecto negativo, a gota d\u00b4agua foi a m\u00e1 atua\u00e7\u00e3o da equipe no confronto dessa tarde de domingo (9). O t\u00e9cnico comandou a equipe em 4 amistosos. Ganhou o [&hellip;]<\/p>\n","protected":false},"author":2,"featured_media":20535,"comment_status":"open","ping_status":"open","sticky":false,"template":"","format":"standard","meta":{"_jetpack_newsletter_access":"","_jetpack_dont_email_post_to_subs":false,"_jetpack_newsletter_tier_id":0,"_jetpack_memberships_contains_paywalled_content":false,"_jetpack_feature_clip_id":0,"_jetpack_memberships_contains_paid_content":false,"footnotes":"","jetpack_publicize_message":"","jetpack_publicize_feature_enabled":true,"jetpack_social_post_already_shared":true,"jetpack_social_options":{"image_generator_settings":{"template":"highway","default_image_id":0,"font":"","enabled":false},"version":2},"jetpack_post_was_ever_published":false},"categories":[1],"tags":[],"class_list":["post-20534","post","type-post","status-publish","format-standard","has-post-thumbnail","hentry","category-uncategorized"],"aioseo_notices":[],"aioseo_head":"\n\t\t<!-- All in One SEO 4.9.10 - aioseo.com -->\n\t<meta name=\"description\" content=\"Por Dionneys Rodrigues O Afogados da Ingazeira Futebol Clube, por meio de sua diretoria de futebol, comunica que em comum acordo acertou a rescis\u00e3o contratual junto ao t\u00e9cnico Alexandre Lima. O tricolor agradece os servi\u00e7os prestados e deseja sucesso no decorrer da carreira. ASCOM, AIFC. Ap\u00f3s a desastrosa campanha do Afogados F.C, O t\u00e9cnido da\" \/>\n\t<meta name=\"robots\" content=\"max-image-preview:large\" \/>\n\t<meta name=\"author\" content=\"serrafm87\"\/>\n\t<link rel=\"canonical\" href=\"https:\/\/serrafm879.com.br\/serrafm\/2025\/02\/tecnico-do-afogados-fc-e-demitido-apos-jogo-contra-o-nautico-nesse-domingo-9\/\" \/>\n\t<meta name=\"generator\" content=\"All in One SEO (AIOSEO) 4.9.10\" \/>\n\t\t<meta name=\"twitter:card\" content=\"summary_large_image\" \/>\n\t\t<meta name=\"twitter:title\" content=\"T\u00e9cnico Alexandre Lima \u00e9 demitido ap\u00f3s derrota para o Na\u00fatico, nesse domingo (9) - Serra FM 87,9\" \/>\n\t\t<meta name=\"twitter:description\" content=\"Por Dionneys Rodrigues O Afogados da Ingazeira Futebol Clube, por meio de sua diretoria de futebol, comunica que em comum acordo acertou a rescis\u00e3o contratual junto ao t\u00e9cnico Alexandre Lima. O tricolor agradece os servi\u00e7os prestados e deseja sucesso no decorrer da carreira. ASCOM, AIFC. Ap\u00f3s a desastrosa campanha do Afogados F.C, O t\u00e9cnido da\" \/>\n\t\t<meta name=\"twitter:image\" content=\"https:\/\/serrafm879.com.br\/serrafm\/wp-content\/uploads\/2025\/02\/Captura-de-tela-2025-02-10-081900.png\" \/>\n\t\t<script type=\"application\/ld+json\" class=\"aioseo-schema\">\n\t\t\t{\"@context\":\"https:\\\/\\\/schema.org\",\"@graph\":[{\"@type\":\"BlogPosting\",\"@id\":\"https:\\\/\\\/serrafm879.com.br\\\/serrafm\\\/2025\\\/02\\\/tecnico-do-afogados-fc-e-demitido-apos-jogo-contra-o-nautico-nesse-domingo-9\\\/#blogposting\",\"name\":\"T\\u00e9cnico Alexandre Lima \\u00e9 demitido ap\\u00f3s derrota para o Na\\u00fatico, nesse domingo (9) - Serra FM 87,9\",\"headline\":\"T\\u00e9cnico Alexandre Lima \\u00e9 demitido ap\\u00f3s derrota para o Na\\u00fatico, nesse domingo (9)\",\"author\":{\"@id\":\"https:\\\/\\\/serrafm879.com.br\\\/serrafm\\\/author\\\/serrafm87\\\/#author\"},\"publisher\":{\"@id\":\"https:\\\/\\\/serrafm879.com.br\\\/serrafm\\\/#organization\"},\"image\":{\"@type\":\"ImageObject\",\"url\":\"https:\\\/\\\/serrafm879.com.br\\\/serrafm\\\/wp-content\\\/uploads\\\/2025\\\/02\\\/Captura-de-tela-2025-02-10-081900.png\",\"width\":296,\"height\":291},\"datePublished\":\"2025-02-10T08:19:24-03:00\",\"dateModified\":\"2025-02-10T08:26:40-03:00\",\"inLanguage\":\"pt-BR\",\"mainEntityOfPage\":{\"@id\":\"https:\\\/\\\/serrafm879.com.br\\\/serrafm\\\/2025\\\/02\\\/tecnico-do-afogados-fc-e-demitido-apos-jogo-contra-o-nautico-nesse-domingo-9\\\/#webpage\"},\"isPartOf\":{\"@id\":\"https:\\\/\\\/serrafm879.com.br\\\/serrafm\\\/2025\\\/02\\\/tecnico-do-afogados-fc-e-demitido-apos-jogo-contra-o-nautico-nesse-domingo-9\\\/#webpage\"},\"articleSection\":\"Uncategorized\"},{\"@type\":\"BreadcrumbList\",\"@id\":\"https:\\\/\\\/serrafm879.com.br\\\/serrafm\\\/2025\\\/02\\\/tecnico-do-afogados-fc-e-demitido-apos-jogo-contra-o-nautico-nesse-domingo-9\\\/#breadcrumblist\",\"itemListElement\":[{\"@type\":\"ListItem\",\"@id\":\"https:\\\/\\\/serrafm879.com.br\\\/serrafm#listItem\",\"position\":1,\"name\":\"Home\",\"item\":\"https:\\\/\\\/serrafm879.com.br\\\/serrafm\",\"nextItem\":{\"@type\":\"ListItem\",\"@id\":\"https:\\\/\\\/serrafm879.com.br\\\/serrafm\\\/categoria\\\/uncategorized\\\/#listItem\",\"name\":\"Uncategorized\"}},{\"@type\":\"ListItem\",\"@id\":\"https:\\\/\\\/serrafm879.com.br\\\/serrafm\\\/categoria\\\/uncategorized\\\/#listItem\",\"position\":2,\"name\":\"Uncategorized\",\"item\":\"https:\\\/\\\/serrafm879.com.br\\\/serrafm\\\/categoria\\\/uncategorized\\\/\",\"nextItem\":{\"@type\":\"ListItem\",\"@id\":\"https:\\\/\\\/serrafm879.com.br\\\/serrafm\\\/2025\\\/02\\\/tecnico-do-afogados-fc-e-demitido-apos-jogo-contra-o-nautico-nesse-domingo-9\\\/#listItem\",\"name\":\"T\\u00e9cnico Alexandre Lima \\u00e9 demitido ap\\u00f3s derrota para o Na\\u00fatico, nesse domingo (9)\"},\"previousItem\":{\"@type\":\"ListItem\",\"@id\":\"https:\\\/\\\/serrafm879.com.br\\\/serrafm#listItem\",\"name\":\"Home\"}},{\"@type\":\"ListItem\",\"@id\":\"https:\\\/\\\/serrafm879.com.br\\\/serrafm\\\/2025\\\/02\\\/tecnico-do-afogados-fc-e-demitido-apos-jogo-contra-o-nautico-nesse-domingo-9\\\/#listItem\",\"position\":3,\"name\":\"T\\u00e9cnico Alexandre Lima \\u00e9 demitido ap\\u00f3s derrota para o Na\\u00fatico, nesse domingo (9)\",\"previousItem\":{\"@type\":\"ListItem\",\"@id\":\"https:\\\/\\\/serrafm879.com.br\\\/serrafm\\\/categoria\\\/uncategorized\\\/#listItem\",\"name\":\"Uncategorized\"}}]},{\"@type\":\"Organization\",\"@id\":\"https:\\\/\\\/serrafm879.com.br\\\/serrafm\\\/#organization\",\"name\":\"Serra FM 87,9\",\"description\":\"O seu novo amor!\",\"url\":\"https:\\\/\\\/serrafm879.com.br\\\/serrafm\\\/\"},{\"@type\":\"Person\",\"@id\":\"https:\\\/\\\/serrafm879.com.br\\\/serrafm\\\/author\\\/serrafm87\\\/#author\",\"url\":\"https:\\\/\\\/serrafm879.com.br\\\/serrafm\\\/author\\\/serrafm87\\\/\",\"name\":\"serrafm87\",\"image\":{\"@type\":\"ImageObject\",\"@id\":\"https:\\\/\\\/serrafm879.com.br\\\/serrafm\\\/2025\\\/02\\\/tecnico-do-afogados-fc-e-demitido-apos-jogo-contra-o-nautico-nesse-domingo-9\\\/#authorImage\",\"url\":\"https:\\\/\\\/secure.gravatar.com\\\/avatar\\\/a743233f1112d34f48bb3dc9559b76eb930bab8b27175856cba6362608736235?s=96&d=mm&r=g\",\"width\":96,\"height\":96,\"caption\":\"serrafm87\"}},{\"@type\":\"WebPage\",\"@id\":\"https:\\\/\\\/serrafm879.com.br\\\/serrafm\\\/2025\\\/02\\\/tecnico-do-afogados-fc-e-demitido-apos-jogo-contra-o-nautico-nesse-domingo-9\\\/#webpage\",\"url\":\"https:\\\/\\\/serrafm879.com.br\\\/serrafm\\\/2025\\\/02\\\/tecnico-do-afogados-fc-e-demitido-apos-jogo-contra-o-nautico-nesse-domingo-9\\\/\",\"name\":\"T\\u00e9cnico Alexandre Lima \\u00e9 demitido ap\\u00f3s derrota para o Na\\u00fatico, nesse domingo (9) - Serra FM 87,9\",\"description\":\"Por Dionneys Rodrigues O Afogados da Ingazeira Futebol Clube, por meio de sua diretoria de futebol, comunica que em comum acordo acertou a rescis\\u00e3o contratual junto ao t\\u00e9cnico Alexandre Lima. O tricolor agradece os servi\\u00e7os prestados e deseja sucesso no decorrer da carreira. ASCOM, AIFC. Ap\\u00f3s a desastrosa campanha do Afogados F.C, O t\\u00e9cnido da\",\"inLanguage\":\"pt-BR\",\"isPartOf\":{\"@id\":\"https:\\\/\\\/serrafm879.com.br\\\/serrafm\\\/#website\"},\"breadcrumb\":{\"@id\":\"https:\\\/\\\/serrafm879.com.br\\\/serrafm\\\/2025\\\/02\\\/tecnico-do-afogados-fc-e-demitido-apos-jogo-contra-o-nautico-nesse-domingo-9\\\/#breadcrumblist\"},\"author\":{\"@id\":\"https:\\\/\\\/serrafm879.com.br\\\/serrafm\\\/author\\\/serrafm87\\\/#author\"},\"creator\":{\"@id\":\"https:\\\/\\\/serrafm879.com.br\\\/serrafm\\\/author\\\/serrafm87\\\/#author\"},\"image\":{\"@type\":\"ImageObject\",\"url\":\"https:\\\/\\\/serrafm879.com.br\\\/serrafm\\\/wp-content\\\/uploads\\\/2025\\\/02\\\/Captura-de-tela-2025-02-10-081900.png\",\"@id\":\"https:\\\/\\\/serrafm879.com.br\\\/serrafm\\\/2025\\\/02\\\/tecnico-do-afogados-fc-e-demitido-apos-jogo-contra-o-nautico-nesse-domingo-9\\\/#mainImage\",\"width\":296,\"height\":291},\"primaryImageOfPage\":{\"@id\":\"https:\\\/\\\/serrafm879.com.br\\\/serrafm\\\/2025\\\/02\\\/tecnico-do-afogados-fc-e-demitido-apos-jogo-contra-o-nautico-nesse-domingo-9\\\/#mainImage\"},\"datePublished\":\"2025-02-10T08:19:24-03:00\",\"dateModified\":\"2025-02-10T08:26:40-03:00\"},{\"@type\":\"WebSite\",\"@id\":\"https:\\\/\\\/serrafm879.com.br\\\/serrafm\\\/#website\",\"url\":\"https:\\\/\\\/serrafm879.com.br\\\/serrafm\\\/\",\"name\":\"Serra FM 87,9\",\"description\":\"O seu novo amor!\",\"inLanguage\":\"pt-BR\",\"publisher\":{\"@id\":\"https:\\\/\\\/serrafm879.com.br\\\/serrafm\\\/#organization\"}}]}\n\t\t<\/script>\n\t\t<!-- All in One SEO -->\n\n","aioseo_head_json":{"title":"T\u00e9cnico Alexandre Lima \u00e9 demitido ap\u00f3s derrota para o Na\u00fatico, nesse domingo (9) - Serra FM 87,9","description":"Por Dionneys Rodrigues O Afogados da Ingazeira Futebol Clube, por meio de sua diretoria de futebol, comunica que em comum acordo acertou a rescis\u00e3o contratual junto ao t\u00e9cnico Alexandre Lima. O tricolor agradece os servi\u00e7os prestados e deseja sucesso no decorrer da carreira. ASCOM, AIFC. Ap\u00f3s a desastrosa campanha do Afogados F.C, O t\u00e9cnido da","canonical_url":"https:\/\/serrafm879.com.br\/serrafm\/2025\/02\/tecnico-do-afogados-fc-e-demitido-apos-jogo-contra-o-nautico-nesse-domingo-9\/","robots":"max-image-preview:large","keywords":"","webmasterTools":{"miscellaneous":""},"schema":{"@context":"https:\/\/schema.org","@graph":[{"@type":"BlogPosting","@id":"https:\/\/serrafm879.com.br\/serrafm\/2025\/02\/tecnico-do-afogados-fc-e-demitido-apos-jogo-contra-o-nautico-nesse-domingo-9\/#blogposting","name":"T\u00e9cnico Alexandre Lima \u00e9 demitido ap\u00f3s derrota para o Na\u00fatico, nesse domingo (9) - Serra FM 87,9","headline":"T\u00e9cnico Alexandre Lima \u00e9 demitido ap\u00f3s derrota para o Na\u00fatico, nesse domingo (9)","author":{"@id":"https:\/\/serrafm879.com.br\/serrafm\/author\/serrafm87\/#author"},"publisher":{"@id":"https:\/\/serrafm879.com.br\/serrafm\/#organization"},"image":{"@type":"ImageObject","url":"https:\/\/serrafm879.com.br\/serrafm\/wp-content\/uploads\/2025\/02\/Captura-de-tela-2025-02-10-081900.png","width":296,"height":291},"datePublished":"2025-02-10T08:19:24-03:00","dateModified":"2025-02-10T08:26:40-03:00","inLanguage":"pt-BR","mainEntityOfPage":{"@id":"https:\/\/serrafm879.com.br\/serrafm\/2025\/02\/tecnico-do-afogados-fc-e-demitido-apos-jogo-contra-o-nautico-nesse-domingo-9\/#webpage"},"isPartOf":{"@id":"https:\/\/serrafm879.com.br\/serrafm\/2025\/02\/tecnico-do-afogados-fc-e-demitido-apos-jogo-contra-o-nautico-nesse-domingo-9\/#webpage"},"articleSection":"Uncategorized"},{"@type":"BreadcrumbList","@id":"https:\/\/serrafm879.com.br\/serrafm\/2025\/02\/tecnico-do-afogados-fc-e-demitido-apos-jogo-contra-o-nautico-nesse-domingo-9\/#breadcrumblist","itemListElement":[{"@type":"ListItem","@id":"https:\/\/serrafm879.com.br\/serrafm#listItem","position":1,"name":"Home","item":"https:\/\/serrafm879.com.br\/serrafm","nextItem":{"@type":"ListItem","@id":"https:\/\/serrafm879.com.br\/serrafm\/categoria\/uncategorized\/#listItem","name":"Uncategorized"}},{"@type":"ListItem","@id":"https:\/\/serrafm879.com.br\/serrafm\/categoria\/uncategorized\/#listItem","position":2,"name":"Uncategorized","item":"https:\/\/serrafm879.com.br\/serrafm\/categoria\/uncategorized\/","nextItem":{"@type":"ListItem","@id":"https:\/\/serrafm879.com.br\/serrafm\/2025\/02\/tecnico-do-afogados-fc-e-demitido-apos-jogo-contra-o-nautico-nesse-domingo-9\/#listItem","name":"T\u00e9cnico Alexandre Lima \u00e9 demitido ap\u00f3s derrota para o Na\u00fatico, nesse domingo (9)"},"previousItem":{"@type":"ListItem","@id":"https:\/\/serrafm879.com.br\/serrafm#listItem","name":"Home"}},{"@type":"ListItem","@id":"https:\/\/serrafm879.com.br\/serrafm\/2025\/02\/tecnico-do-afogados-fc-e-demitido-apos-jogo-contra-o-nautico-nesse-domingo-9\/#listItem","position":3,"name":"T\u00e9cnico Alexandre Lima \u00e9 demitido ap\u00f3s derrota para o Na\u00fatico, nesse domingo (9)","previousItem":{"@type":"ListItem","@id":"https:\/\/serrafm879.com.br\/serrafm\/categoria\/uncategorized\/#listItem","name":"Uncategorized"}}]},{"@type":"Organization","@id":"https:\/\/serrafm879.com.br\/serrafm\/#organization","name":"Serra FM 87,9","description":"O seu novo amor!","url":"https:\/\/serrafm879.com.br\/serrafm\/"},{"@type":"Person","@id":"https:\/\/serrafm879.com.br\/serrafm\/author\/serrafm87\/#author","url":"https:\/\/serrafm879.com.br\/serrafm\/author\/serrafm87\/","name":"serrafm87","image":{"@type":"ImageObject","@id":"https:\/\/serrafm879.com.br\/serrafm\/2025\/02\/tecnico-do-afogados-fc-e-demitido-apos-jogo-contra-o-nautico-nesse-domingo-9\/#authorImage","url":"https:\/\/secure.gravatar.com\/avatar\/a743233f1112d34f48bb3dc9559b76eb930bab8b27175856cba6362608736235?s=96&d=mm&r=g","width":96,"height":96,"caption":"serrafm87"}},{"@type":"WebPage","@id":"https:\/\/serrafm879.com.br\/serrafm\/2025\/02\/tecnico-do-afogados-fc-e-demitido-apos-jogo-contra-o-nautico-nesse-domingo-9\/#webpage","url":"https:\/\/serrafm879.com.br\/serrafm\/2025\/02\/tecnico-do-afogados-fc-e-demitido-apos-jogo-contra-o-nautico-nesse-domingo-9\/","name":"T\u00e9cnico Alexandre Lima \u00e9 demitido ap\u00f3s derrota para o Na\u00fatico, nesse domingo (9) - Serra FM 87,9","description":"Por Dionneys Rodrigues O Afogados da Ingazeira Futebol Clube, por meio de sua diretoria de futebol, comunica que em comum acordo acertou a rescis\u00e3o contratual junto ao t\u00e9cnico Alexandre Lima. O tricolor agradece os servi\u00e7os prestados e deseja sucesso no decorrer da carreira. ASCOM, AIFC. Ap\u00f3s a desastrosa campanha do Afogados F.C, O t\u00e9cnido da","inLanguage":"pt-BR","isPartOf":{"@id":"https:\/\/serrafm879.com.br\/serrafm\/#website"},"breadcrumb":{"@id":"https:\/\/serrafm879.com.br\/serrafm\/2025\/02\/tecnico-do-afogados-fc-e-demitido-apos-jogo-contra-o-nautico-nesse-domingo-9\/#breadcrumblist"},"author":{"@id":"https:\/\/serrafm879.com.br\/serrafm\/author\/serrafm87\/#author"},"creator":{"@id":"https:\/\/serrafm879.com.br\/serrafm\/author\/serrafm87\/#author"},"image":{"@type":"ImageObject","url":"https:\/\/serrafm879.com.br\/serrafm\/wp-content\/uploads\/2025\/02\/Captura-de-tela-2025-02-10-081900.png","@id":"https:\/\/serrafm879.com.br\/serrafm\/2025\/02\/tecnico-do-afogados-fc-e-demitido-apos-jogo-contra-o-nautico-nesse-domingo-9\/#mainImage","width":296,"height":291},"primaryImageOfPage":{"@id":"https:\/\/serrafm879.com.br\/serrafm\/2025\/02\/tecnico-do-afogados-fc-e-demitido-apos-jogo-contra-o-nautico-nesse-domingo-9\/#mainImage"},"datePublished":"2025-02-10T08:19:24-03:00","dateModified":"2025-02-10T08:26:40-03:00"},{"@type":"WebSite","@id":"https:\/\/serrafm879.com.br\/serrafm\/#website","url":"https:\/\/serrafm879.com.br\/serrafm\/","name":"Serra FM 87,9","description":"O seu novo amor!","inLanguage":"pt-BR","publisher":{"@id":"https:\/\/serrafm879.com.br\/serrafm\/#organization"}}]},"twitter:card":"summary_large_image","twitter:title":"T\u00e9cnico Alexandre Lima \u00e9 demitido ap\u00f3s derrota para o Na\u00fatico, nesse domingo (9) - Serra FM 87,9","twitter:description":"Por Dionneys Rodrigues O Afogados da Ingazeira Futebol Clube, por meio de sua diretoria de futebol, comunica que em comum acordo acertou a rescis\u00e3o contratual junto ao t\u00e9cnico Alexandre Lima. O tricolor agradece os servi\u00e7os prestados e deseja sucesso no decorrer da carreira. ASCOM, AIFC. Ap\u00f3s a desastrosa campanha do Afogados F.C, O t\u00e9cnido da","twitter:image":"https:\/\/serrafm879.com.br\/serrafm\/wp-content\/uploads\/2025\/02\/Captura-de-tela-2025-02-10-081900.png"},"aioseo_meta_data":{"post_id":"20534","title":null,"description":null,"keywords":null,"keyphrases":null,"primary_term":null,"canonical_url":null,"og_title":null,"og_description":null,"og_object_type":"default","og_image_type":"default","og_image_custom_url":null,"og_image_custom_fields":null,"og_image_url":null,"og_image_width":null,"og_image_height":null,"og_video":null,"og_custom_url":null,"og_article_section":null,"og_article_tags":null,"twitter_use_og":false,"twitter_card":"default","twitter_image_type":"default","twitter_image_custom_url":null,"twitter_image_custom_fields":null,"twitter_image_url":null,"twitter_title":null,"twitter_description":null,"schema_type":"default","schema_type_options":null,"schema":{"blockGraphs":[],"customGraphs":[],"default":{"data":{"Article":[],"Course":[],"Dataset":[],"FAQPage":[],"Movie":[],"Person":[],"Product":[],"ProductReview":[],"Car":[],"Recipe":[],"Service":[],"SoftwareApplication":[],"WebPage":[]},"graphName":"","isEnabled":true},"graphs":[]},"pillar_content":false,"robots_default":true,"robots_noindex":false,"robots_noarchive":false,"robots_nosnippet":false,"robots_nofollow":false,"robots_noimageindex":false,"robots_noodp":false,"robots_notranslate":false,"robots_max_snippet":null,"robots_max_videopreview":null,"robots_max_imagepreview":"large","priority":null,"frequency":null,"local_seo":null,"limit_modified_date":false,"ai":null,"breadcrumb_settings":null,"seo_analyzer_scan_date":null,"created":"2026-07-21 13:34:39","updated":"2026-07-21 13:34:39"},"aioseo_breadcrumb":"<div class=\"aioseo-breadcrumbs\"><span class=\"aioseo-breadcrumb\">\n\t\t\t<a href=\"https:\/\/serrafm879.com.br\/serrafm\" title=\"Home\">Home<\/a>\n\t\t<\/span><span class=\"aioseo-breadcrumb-separator\">&raquo;<\/span><span class=\"aioseo-breadcrumb\">\n\t\t\t<a href=\"https:\/\/serrafm879.com.br\/serrafm\/categoria\/uncategorized\/\" title=\"Uncategorized\">Uncategorized<\/a>\n\t\t<\/span><span class=\"aioseo-breadcrumb-separator\">&raquo;<\/span><span class=\"aioseo-breadcrumb\">\n\t\t\tT\u00e9cnico Alexandre Lima \u00e9 demitido ap\u00f3s derrota para o Na\u00fatico, nesse domingo (9)\n\t\t<\/span><\/div>","aioseo_breadcrumb_json":[{"label":"Home","link":"https:\/\/serrafm879.com.br\/serrafm"},{"label":"Uncategorized","link":"https:\/\/serrafm879.com.br\/serrafm\/categoria\/uncategorized\/"},{"label":"T\u00e9cnico Alexandre Lima \u00e9 demitido ap\u00f3s derrota para o Na\u00fatico, nesse domingo (9)","link":"https:\/\/serrafm879.com.br\/serrafm\/2025\/02\/tecnico-do-afogados-fc-e-demitido-apos-jogo-contra-o-nautico-nesse-domingo-9\/"}],"jetpack_publicize_connections":[],"jetpack_featured_media_url":"https:\/\/serrafm879.com.br\/serrafm\/wp-content\/uploads\/2025\/02\/Captura-de-tela-2025-02-10-081900.png","jetpack_shortlink":"https:\/\/wp.me\/p7HyXg-5lc","jetpack_sharing_enabled":true,"_links":{"self":[{"href":"https:\/\/serrafm879.com.br\/serrafm\/wp-json\/wp\/v2\/posts\/20534","targetHints":{"allow":["GET"]}}],"collection":[{"href":"https:\/\/serrafm879.com.br\/serrafm\/wp-json\/wp\/v2\/posts"}],"about":[{"href":"https:\/\/serrafm879.com.br\/serrafm\/wp-json\/wp\/v2\/types\/post"}],"author":[{"embeddable":true,"href":"https:\/\/serrafm879.com.br\/serrafm\/wp-json\/wp\/v2\/users\/2"}],"replies":[{"embeddable":true,"href":"https:\/\/serrafm879.com.br\/serrafm\/wp-json\/wp\/v2\/comments?post=20534"}],"version-history":[{"count":5,"href":"https:\/\/serrafm879.com.br\/serrafm\/wp-json\/wp\/v2\/posts\/20534\/revisions"}],"predecessor-version":[{"id":20541,"href":"https:\/\/serrafm879.com.br\/serrafm\/wp-json\/wp\/v2\/posts\/20534\/revisions\/20541"}],"wp:featuredmedia":[{"embeddable":true,"href":"https:\/\/serrafm879.com.br\/serrafm\/wp-json\/wp\/v2\/media\/20535"}],"wp:attachment":[{"href":"https:\/\/serrafm879.com.br\/serrafm\/wp-json\/wp\/v2\/media?parent=20534"}],"wp:term":[{"taxonomy":"category","embeddable":true,"href":"https:\/\/serrafm879.com.br\/serrafm\/wp-json\/wp\/v2\/categories?post=20534"},{"taxonomy":"post_tag","embeddable":true,"href":"https:\/\/serrafm879.com.br\/serrafm\/wp-json\/wp\/v2\/tags?post=20534"}],"curies":[{"name":"wp","href":"https:\/\/api.w.org\/{rel}","templated":true}]}}