{"id":20545,"date":"2025-02-10T08:34:18","date_gmt":"2025-02-10T11:34:18","guid":{"rendered":"https:\/?p=20545"},"modified":"2025-02-10T08:34:18","modified_gmt":"2025-02-10T11:34:18","slug":"semana-comeca-com-quase-mil-vagas-para-concursos-em-pe-sertao-incluso","status":"publish","type":"post","link":"https:\/\/serrafm879.com.br\/serrafm\/2025\/02\/semana-comeca-com-quase-mil-vagas-para-concursos-em-pe-sertao-incluso\/","title":{"rendered":"Semana come\u00e7a com quase mil vagas para concursos em PE; Sert\u00e3o incluso"},"content":{"rendered":"<p><strong>Do g1 Pernambuco<\/strong><\/p>\n<p>Ao menos, 989 vagas de emprego s\u00e3o ofertadas em concursos p\u00fablicos e sele\u00e7\u00f5es simplificadas em Pernambuco. H\u00e1 oportunidades em diversos \u00f3rg\u00e3os municipais do estado, distribu\u00eddas em cargos de n\u00edveis fundamental, m\u00e9dio, t\u00e9cnico e superior, com sal\u00e1rios de at\u00e9 R$ 8 mil.<\/p>\n<div id=\"chunk-5u2bc\">\n<div class=\"mc-column content-text active-extra-styles \" data-block-type=\"unstyled\" data-block-weight=\"16\" data-block-id=\"5\">\n<p class=\" content-text__container \" data-track-category=\"Link no Texto\" data-track-links=\"\" data-mrf-recirculation=\"Mat\u00e9ria - Links no Texto\"><span class=\"highlight highlighted\">Confira, abaixo, a lista que o\u00a0<\/span><a class=\"\" href=\"https:\/\/g1.globo.com\/pe\/pernambuco\/\" target=\"_blank\" rel=\"noopener\" data-mrf-link=\"https:\/\/g1.globo.com\/pe\/pernambuco\/\"><strong><span class=\"highlight highlighted\">g1<\/span><\/strong><\/a><strong><span class=\"highlight highlighted\">\u00a0<\/span><\/strong><span class=\"highlight highlighted\">preparou com as principais informa\u00e7\u00f5es sobre cada processo seletivo:<\/span><\/p>\n<\/div>\n<\/div>\n<div id=\"chunk-e5knq\">\n<div class=\"mc-column content-text active-extra-styles\" data-block-type=\"raw\" data-block-weight=\"3\" data-block-id=\"6\">\n<h5 class=\"content-text__container\" data-mrf-recirculation=\"Mat\u00e9ria - Links no Texto\"><strong>PREFEITURA DE ARARIPINA<\/strong><\/h5>\n<\/div>\n<\/div>\n<div id=\"chunk-89mvs\">\n<div class=\"mc-column content-text active-extra-styles\" data-block-type=\"raw\" data-block-weight=\"22\" data-block-id=\"7\">\n<ul class=\"content-unordered-list\">\n<li><a class=\"\" href=\"https:\/\/g1.globo.com\/pe\/petrolina-regiao\/noticia\/2025\/02\/05\/estao-abertas-as-inscricoes-para-selecao-publica-simplificada-da-prefeitura-de-araripina.ghtml\" target=\"_blank\" rel=\"noopener\">Inscri\u00e7\u00f5es at\u00e9 segunda-feira (10);<\/a><\/li>\n<li>4 vagas de n\u00edvel de superior e para cadastro de reserva<\/li>\n<li>Sal\u00e1rios de R$ 2.500;<\/li>\n<li><a class=\"\" href=\"https:\/\/selecao.araripina.pe.gov.br\/editais-processo-seletivo-2025\/\" target=\"_blank\" rel=\"noopener\">Confira o edital.<\/a><\/li>\n<\/ul>\n<div id=\"chunk-1h4eh\">\n<div class=\"mc-column content-text active-extra-styles\" data-block-type=\"raw\" data-block-weight=\"5\" data-block-id=\"8\">\n<div class=\"content-intertitle\">\n<h5>Secretaria de Educa\u00e7\u00e3o de\u00a0<a class=\"\" href=\"https:\/\/g1.globo.com\/pe\/caruaru-regiao\/cidade\/manari\/\" target=\"_blank\" rel=\"noopener\">Manari<\/a><\/h5>\n<\/div>\n<\/div>\n<\/div>\n<div id=\"chunk-327tl\">\n<div class=\"mc-column content-text active-extra-styles\" data-block-type=\"raw\" data-block-weight=\"31\" data-block-id=\"9\">\n<ul class=\"content-unordered-list\">\n<li>Inscri\u00e7\u00f5es at\u00e9 segunda-feira (10);<\/li>\n<li>94 vagas para professor, assistente social, fonoaudi\u00f3logo, psic\u00f3logo e psicopedagogo;<\/li>\n<li>Sal\u00e1rios de at\u00e9 R$ 3.381,42 (piso para professores com jornada de 30 horas semanais);<\/li>\n<li><a class=\"\" href=\"https:\/\/anexos.cdn.selecao.net.br\/uploads\/819\/concursos\/1\/anexos\/b1c47e60-f851-472b-bc58-177c419e1c27.pdf\" target=\"_blank\" rel=\"noopener\">Confira o edital.<\/a><\/li>\n<\/ul>\n<div id=\"chunk-56j1\">\n<div class=\"mc-column content-text active-extra-styles\" data-block-type=\"raw\" data-block-weight=\"8\" data-block-id=\"11\">\n<div class=\"content-intertitle\">\n<h5>Secretaria de Desenvolvimento Social e Cidadania de Manari<\/h5>\n<\/div>\n<\/div>\n<\/div>\n<div id=\"chunk-eoicn\">\n<div class=\"mc-column content-text active-extra-styles\" data-block-type=\"raw\" data-block-weight=\"20\" data-block-id=\"12\">\n<ul class=\"content-unordered-list\">\n<li>Inscri\u00e7\u00f5es at\u00e9 17 de fevereiro;<\/li>\n<li>23 vagas de n\u00edveis m\u00e9dio e superior;<\/li>\n<li>Sal\u00e1rios de at\u00e9 R$ 2.500;<\/li>\n<li><a class=\"\" href=\"https:\/\/anexos.cdn.selecao.net.br\/uploads\/819\/concursos\/2\/anexos\/872a93c0-b5c8-4b84-bd13-cab41f1e1f37.pdf\" target=\"_blank\" rel=\"noopener\">Confira o edital.<\/a><\/li>\n<\/ul>\n<p><strong>PREFEITURA DE TRIUNFO<\/strong><\/p>\n<div id=\"chunk-b6pin\">Inscri\u00e7\u00f5es at\u00e9 19 de fevereiro;<\/div>\n<div id=\"chunk-e6fdm\">\n<div class=\"mc-column content-text active-extra-styles\" data-block-type=\"raw\" data-block-weight=\"18\" data-block-id=\"14\">\n<ul class=\"content-unordered-list\">\n<li>12 vagas de n\u00edvel superior;<\/li>\n<li>Sal\u00e1rios de at\u00e9 R$ 3.500;<\/li>\n<li><a class=\"\" href=\"https:\/\/triunfo.pe.gov.br\/transparencia\/visualizar\/index\/publicacoesarquivos\/doc\/408366272\/36-proc-seletivo-02-2025-edital-de-abertura-1.pdf\" target=\"_blank\" rel=\"noopener\">Confira o edital.<\/a><\/li>\n<\/ul>\n<\/div>\n<\/div>\n<div id=\"chunk-6sda4\">\n<div class=\"mc-column content-text active-extra-styles\" data-block-type=\"raw\" data-block-weight=\"4\" data-block-id=\"15\">\n<div class=\"content-intertitle\">\n<h5>Prefeitura de\u00a0<a class=\"\" href=\"https:\/\/g1.globo.com\/pe\/pernambuco\/cidade\/joao-alfredo\/\" target=\"_blank\" rel=\"noopener\">Jo\u00e3o Alfredo<\/a><\/h5>\n<\/div>\n<\/div>\n<\/div>\n<div id=\"chunk-1kql5\">\n<div class=\"mc-column content-text active-extra-styles\" data-block-type=\"raw\" data-block-weight=\"22\" data-block-id=\"16\">\n<ul class=\"content-unordered-list\">\n<li><a class=\"\" href=\"https:\/\/admtec.org.br\/concursos\/publicacoes\/MTA4\/MTE2\" target=\"_blank\" rel=\"noopener\">Inscri\u00e7\u00f5es at\u00e9 23 de fevereiro;<\/a><\/li>\n<li>803 vagas de n\u00edveis fundamental, m\u00e9dio, t\u00e9cnico e superior;<\/li>\n<li>Sal\u00e1rios de at\u00e9 R$ 8.000;<\/li>\n<li><a class=\"\" href=\"https:\/\/ucdaf5583caac12c6c1ba538c31e.dl.dropboxusercontent.com\/cd\/0\/inline2\/CiAjJPQYk8LQUedboLyCzw2Y7iVxYppNfylzWnbJWytq_mZvGAVGuKRLPyT4tDOLJcZgqO_IrT40M7ScFpyLRb2ZfjbDELnnwxDVYyiB59aq_l_RDvXPHkxVj3P_pHhpqof0v6V-TlYGZ50eCi1wZbkeKFUGK_F5J1wX9h_d47IgmJdK7sJ73F7RqfCdLQdQNiK7TD60DxJ-pPbtMDpY9Z0tfzeDKZlGwIF09KTPQAyHgnuwOVoXGa6MlGVWVfui6HMcqKZ-PWTZhodN-zEz4lLpf_iWBQ-T5EVDtWeWW8SfPxgSqWHU4FoF0sn_zKzSxEVjDhCeRr0ggmsISS9lqEDfUtUx1bBgsZCEEYEiqPKqgPoRmHx5YnLOO3m9C2jvedI\/file\" target=\"_blank\" rel=\"noopener\">Confira o edital.<\/a><\/li>\n<\/ul>\n<div id=\"chunk-ah9at\">\n<div class=\"mc-column content-text active-extra-styles\" data-block-type=\"raw\" data-block-weight=\"1\" data-block-id=\"17\">\n<div class=\"content-intertitle\">\n<h5>Fundarpe<\/h5>\n<\/div>\n<\/div>\n<\/div>\n<div id=\"chunk-cfg75\">\n<div class=\"mc-column content-text active-extra-styles\" data-block-type=\"raw\" data-block-weight=\"23\" data-block-id=\"18\">\n<ul class=\"content-unordered-list\">\n<li>Inscri\u00e7\u00f5es a partir de segunda-feira (10) at\u00e9 9 de mar\u00e7o;<\/li>\n<li>53 vagas de n\u00edvel superior;<\/li>\n<li>Sal\u00e1rios de at\u00e9 R$ 5.200;<\/li>\n<li><a class=\"\" href=\"https:\/\/drive.google.com\/drive\/folders\/12eyQ2z-0cghjumlC12j1e5McQVyi1jDR\" target=\"_blank\" rel=\"noopener\">Confira o edital.<\/a><\/li>\n<\/ul>\n<\/div>\n<\/div>\n<\/div>\n<\/div>\n<\/div>\n<\/div>\n<\/div>\n<\/div>\n<\/div>\n<\/div>\n","protected":false},"excerpt":{"rendered":"<p>Do g1 Pernambuco Ao menos, 989 vagas de emprego s\u00e3o ofertadas em concursos p\u00fablicos e sele\u00e7\u00f5es simplificadas em Pernambuco. H\u00e1 oportunidades em diversos \u00f3rg\u00e3os municipais do estado, distribu\u00eddas em cargos de n\u00edveis fundamental, m\u00e9dio, t\u00e9cnico e superior, com sal\u00e1rios de at\u00e9 R$ 8 mil. Confira, abaixo, a lista que o\u00a0g1\u00a0preparou com as principais informa\u00e7\u00f5es sobre cada processo seletivo: PREFEITURA DE ARARIPINA Inscri\u00e7\u00f5es at\u00e9 segunda-feira (10); 4 vagas de n\u00edvel de superior e para cadastro de reserva Sal\u00e1rios de R$ 2.500; Confira o edital. Secretaria de Educa\u00e7\u00e3o de\u00a0Manari Inscri\u00e7\u00f5es at\u00e9 segunda-feira (10); 94 vagas para professor, assistente social, fonoaudi\u00f3logo, psic\u00f3logo e [&hellip;]<\/p>\n","protected":false},"author":2,"featured_media":15852,"comment_status":"open","ping_status":"open","sticky":false,"template":"","format":"standard","meta":{"_jetpack_newsletter_access":"","_jetpack_dont_email_post_to_subs":false,"_jetpack_newsletter_tier_id":0,"_jetpack_memberships_contains_paywalled_content":false,"_jetpack_feature_clip_id":0,"_jetpack_memberships_contains_paid_content":false,"footnotes":"","jetpack_publicize_message":"","jetpack_publicize_feature_enabled":true,"jetpack_social_post_already_shared":true,"jetpack_social_options":{"image_generator_settings":{"template":"highway","default_image_id":0,"font":"","enabled":false},"version":2},"jetpack_post_was_ever_published":false},"categories":[1],"tags":[],"class_list":["post-20545","post","type-post","status-publish","format-standard","has-post-thumbnail","hentry","category-uncategorized"],"aioseo_notices":[],"aioseo_head":"\n\t\t<!-- All in One SEO 4.9.10 - aioseo.com -->\n\t<meta name=\"description\" content=\"Do g1 Pernambuco Ao menos, 989 vagas de emprego s\u00e3o ofertadas em concursos p\u00fablicos e sele\u00e7\u00f5es simplificadas em Pernambuco. H\u00e1 oportunidades em diversos \u00f3rg\u00e3os municipais do estado, distribu\u00eddas em cargos de n\u00edveis fundamental, m\u00e9dio, t\u00e9cnico e superior, com sal\u00e1rios de at\u00e9 R$ 8 mil. Confira, abaixo, a lista que o g1 preparou com as principais informa\u00e7\u00f5es sobre\" \/>\n\t<meta name=\"robots\" content=\"max-image-preview:large\" \/>\n\t<meta name=\"author\" content=\"serrafm87\"\/>\n\t<link rel=\"canonical\" href=\"https:\/\/serrafm879.com.br\/serrafm\/2025\/02\/semana-comeca-com-quase-mil-vagas-para-concursos-em-pe-sertao-incluso\/\" \/>\n\t<meta name=\"generator\" content=\"All in One SEO (AIOSEO) 4.9.10\" \/>\n\t\t<meta name=\"twitter:card\" content=\"summary_large_image\" \/>\n\t\t<meta name=\"twitter:title\" content=\"Semana come\u00e7a com quase mil vagas para concursos em PE; Sert\u00e3o incluso - Serra FM 87,9\" \/>\n\t\t<meta name=\"twitter:description\" content=\"Do g1 Pernambuco Ao menos, 989 vagas de emprego s\u00e3o ofertadas em concursos p\u00fablicos e sele\u00e7\u00f5es simplificadas em Pernambuco. H\u00e1 oportunidades em diversos \u00f3rg\u00e3os municipais do estado, distribu\u00eddas em cargos de n\u00edveis fundamental, m\u00e9dio, t\u00e9cnico e superior, com sal\u00e1rios de at\u00e9 R$ 8 mil. Confira, abaixo, a lista que o g1 preparou com as principais informa\u00e7\u00f5es sobre\" \/>\n\t\t<meta name=\"twitter:image\" content=\"https:\/\/serrafm879.com.br\/serrafm\/wp-content\/uploads\/2024\/04\/Concursos-e-selecoes-oferecem-766-vagas-com-salarios-de-ate-R-7-mil-em-Pernambuco.jpeg\" \/>\n\t\t<script type=\"application\/ld+json\" class=\"aioseo-schema\">\n\t\t\t{\"@context\":\"https:\\\/\\\/schema.org\",\"@graph\":[{\"@type\":\"BlogPosting\",\"@id\":\"https:\\\/\\\/serrafm879.com.br\\\/serrafm\\\/2025\\\/02\\\/semana-comeca-com-quase-mil-vagas-para-concursos-em-pe-sertao-incluso\\\/#blogposting\",\"name\":\"Semana come\\u00e7a com quase mil vagas para concursos em PE; Sert\\u00e3o incluso - Serra FM 87,9\",\"headline\":\"Semana come\\u00e7a com quase mil vagas para concursos em PE; Sert\\u00e3o incluso\",\"author\":{\"@id\":\"https:\\\/\\\/serrafm879.com.br\\\/serrafm\\\/author\\\/serrafm87\\\/#author\"},\"publisher\":{\"@id\":\"https:\\\/\\\/serrafm879.com.br\\\/serrafm\\\/#organization\"},\"image\":{\"@type\":\"ImageObject\",\"url\":\"https:\\\/\\\/serrafm879.com.br\\\/serrafm\\\/wp-content\\\/uploads\\\/2024\\\/04\\\/Concursos-e-selecoes-oferecem-766-vagas-com-salarios-de-ate-R-7-mil-em-Pernambuco.jpeg\",\"width\":699,\"height\":422},\"datePublished\":\"2025-02-10T08:34:18-03:00\",\"dateModified\":\"2025-02-10T08:34:18-03:00\",\"inLanguage\":\"pt-BR\",\"mainEntityOfPage\":{\"@id\":\"https:\\\/\\\/serrafm879.com.br\\\/serrafm\\\/2025\\\/02\\\/semana-comeca-com-quase-mil-vagas-para-concursos-em-pe-sertao-incluso\\\/#webpage\"},\"isPartOf\":{\"@id\":\"https:\\\/\\\/serrafm879.com.br\\\/serrafm\\\/2025\\\/02\\\/semana-comeca-com-quase-mil-vagas-para-concursos-em-pe-sertao-incluso\\\/#webpage\"},\"articleSection\":\"Uncategorized\"},{\"@type\":\"BreadcrumbList\",\"@id\":\"https:\\\/\\\/serrafm879.com.br\\\/serrafm\\\/2025\\\/02\\\/semana-comeca-com-quase-mil-vagas-para-concursos-em-pe-sertao-incluso\\\/#breadcrumblist\",\"itemListElement\":[{\"@type\":\"ListItem\",\"@id\":\"https:\\\/\\\/serrafm879.com.br\\\/serrafm#listItem\",\"position\":1,\"name\":\"Home\",\"item\":\"https:\\\/\\\/serrafm879.com.br\\\/serrafm\",\"nextItem\":{\"@type\":\"ListItem\",\"@id\":\"https:\\\/\\\/serrafm879.com.br\\\/serrafm\\\/categoria\\\/uncategorized\\\/#listItem\",\"name\":\"Uncategorized\"}},{\"@type\":\"ListItem\",\"@id\":\"https:\\\/\\\/serrafm879.com.br\\\/serrafm\\\/categoria\\\/uncategorized\\\/#listItem\",\"position\":2,\"name\":\"Uncategorized\",\"item\":\"https:\\\/\\\/serrafm879.com.br\\\/serrafm\\\/categoria\\\/uncategorized\\\/\",\"nextItem\":{\"@type\":\"ListItem\",\"@id\":\"https:\\\/\\\/serrafm879.com.br\\\/serrafm\\\/2025\\\/02\\\/semana-comeca-com-quase-mil-vagas-para-concursos-em-pe-sertao-incluso\\\/#listItem\",\"name\":\"Semana come\\u00e7a com quase mil vagas para concursos em PE; Sert\\u00e3o incluso\"},\"previousItem\":{\"@type\":\"ListItem\",\"@id\":\"https:\\\/\\\/serrafm879.com.br\\\/serrafm#listItem\",\"name\":\"Home\"}},{\"@type\":\"ListItem\",\"@id\":\"https:\\\/\\\/serrafm879.com.br\\\/serrafm\\\/2025\\\/02\\\/semana-comeca-com-quase-mil-vagas-para-concursos-em-pe-sertao-incluso\\\/#listItem\",\"position\":3,\"name\":\"Semana come\\u00e7a com quase mil vagas para concursos em PE; Sert\\u00e3o incluso\",\"previousItem\":{\"@type\":\"ListItem\",\"@id\":\"https:\\\/\\\/serrafm879.com.br\\\/serrafm\\\/categoria\\\/uncategorized\\\/#listItem\",\"name\":\"Uncategorized\"}}]},{\"@type\":\"Organization\",\"@id\":\"https:\\\/\\\/serrafm879.com.br\\\/serrafm\\\/#organization\",\"name\":\"Serra FM 87,9\",\"description\":\"O seu novo amor!\",\"url\":\"https:\\\/\\\/serrafm879.com.br\\\/serrafm\\\/\"},{\"@type\":\"Person\",\"@id\":\"https:\\\/\\\/serrafm879.com.br\\\/serrafm\\\/author\\\/serrafm87\\\/#author\",\"url\":\"https:\\\/\\\/serrafm879.com.br\\\/serrafm\\\/author\\\/serrafm87\\\/\",\"name\":\"serrafm87\",\"image\":{\"@type\":\"ImageObject\",\"@id\":\"https:\\\/\\\/serrafm879.com.br\\\/serrafm\\\/2025\\\/02\\\/semana-comeca-com-quase-mil-vagas-para-concursos-em-pe-sertao-incluso\\\/#authorImage\",\"url\":\"https:\\\/\\\/secure.gravatar.com\\\/avatar\\\/a743233f1112d34f48bb3dc9559b76eb930bab8b27175856cba6362608736235?s=96&d=mm&r=g\",\"width\":96,\"height\":96,\"caption\":\"serrafm87\"}},{\"@type\":\"WebPage\",\"@id\":\"https:\\\/\\\/serrafm879.com.br\\\/serrafm\\\/2025\\\/02\\\/semana-comeca-com-quase-mil-vagas-para-concursos-em-pe-sertao-incluso\\\/#webpage\",\"url\":\"https:\\\/\\\/serrafm879.com.br\\\/serrafm\\\/2025\\\/02\\\/semana-comeca-com-quase-mil-vagas-para-concursos-em-pe-sertao-incluso\\\/\",\"name\":\"Semana come\\u00e7a com quase mil vagas para concursos em PE; Sert\\u00e3o incluso - Serra FM 87,9\",\"description\":\"Do g1 Pernambuco Ao menos, 989 vagas de emprego s\\u00e3o ofertadas em concursos p\\u00fablicos e sele\\u00e7\\u00f5es simplificadas em Pernambuco. H\\u00e1 oportunidades em diversos \\u00f3rg\\u00e3os municipais do estado, distribu\\u00eddas em cargos de n\\u00edveis fundamental, m\\u00e9dio, t\\u00e9cnico e superior, com sal\\u00e1rios de at\\u00e9 R$ 8 mil. Confira, abaixo, a lista que o g1 preparou com as principais informa\\u00e7\\u00f5es sobre\",\"inLanguage\":\"pt-BR\",\"isPartOf\":{\"@id\":\"https:\\\/\\\/serrafm879.com.br\\\/serrafm\\\/#website\"},\"breadcrumb\":{\"@id\":\"https:\\\/\\\/serrafm879.com.br\\\/serrafm\\\/2025\\\/02\\\/semana-comeca-com-quase-mil-vagas-para-concursos-em-pe-sertao-incluso\\\/#breadcrumblist\"},\"author\":{\"@id\":\"https:\\\/\\\/serrafm879.com.br\\\/serrafm\\\/author\\\/serrafm87\\\/#author\"},\"creator\":{\"@id\":\"https:\\\/\\\/serrafm879.com.br\\\/serrafm\\\/author\\\/serrafm87\\\/#author\"},\"image\":{\"@type\":\"ImageObject\",\"url\":\"https:\\\/\\\/serrafm879.com.br\\\/serrafm\\\/wp-content\\\/uploads\\\/2024\\\/04\\\/Concursos-e-selecoes-oferecem-766-vagas-com-salarios-de-ate-R-7-mil-em-Pernambuco.jpeg\",\"@id\":\"https:\\\/\\\/serrafm879.com.br\\\/serrafm\\\/2025\\\/02\\\/semana-comeca-com-quase-mil-vagas-para-concursos-em-pe-sertao-incluso\\\/#mainImage\",\"width\":699,\"height\":422},\"primaryImageOfPage\":{\"@id\":\"https:\\\/\\\/serrafm879.com.br\\\/serrafm\\\/2025\\\/02\\\/semana-comeca-com-quase-mil-vagas-para-concursos-em-pe-sertao-incluso\\\/#mainImage\"},\"datePublished\":\"2025-02-10T08:34:18-03:00\",\"dateModified\":\"2025-02-10T08:34:18-03:00\"},{\"@type\":\"WebSite\",\"@id\":\"https:\\\/\\\/serrafm879.com.br\\\/serrafm\\\/#website\",\"url\":\"https:\\\/\\\/serrafm879.com.br\\\/serrafm\\\/\",\"name\":\"Serra FM 87,9\",\"description\":\"O seu novo amor!\",\"inLanguage\":\"pt-BR\",\"publisher\":{\"@id\":\"https:\\\/\\\/serrafm879.com.br\\\/serrafm\\\/#organization\"}}]}\n\t\t<\/script>\n\t\t<!-- All in One SEO -->\n\n","aioseo_head_json":{"title":"Semana come\u00e7a com quase mil vagas para concursos em PE; Sert\u00e3o incluso - Serra FM 87,9","description":"Do g1 Pernambuco Ao menos, 989 vagas de emprego s\u00e3o ofertadas em concursos p\u00fablicos e sele\u00e7\u00f5es simplificadas em Pernambuco. H\u00e1 oportunidades em diversos \u00f3rg\u00e3os municipais do estado, distribu\u00eddas em cargos de n\u00edveis fundamental, m\u00e9dio, t\u00e9cnico e superior, com sal\u00e1rios de at\u00e9 R$ 8 mil. Confira, abaixo, a lista que o g1 preparou com as principais informa\u00e7\u00f5es sobre","canonical_url":"https:\/\/serrafm879.com.br\/serrafm\/2025\/02\/semana-comeca-com-quase-mil-vagas-para-concursos-em-pe-sertao-incluso\/","robots":"max-image-preview:large","keywords":"","webmasterTools":{"miscellaneous":""},"schema":{"@context":"https:\/\/schema.org","@graph":[{"@type":"BlogPosting","@id":"https:\/\/serrafm879.com.br\/serrafm\/2025\/02\/semana-comeca-com-quase-mil-vagas-para-concursos-em-pe-sertao-incluso\/#blogposting","name":"Semana come\u00e7a com quase mil vagas para concursos em PE; Sert\u00e3o incluso - Serra FM 87,9","headline":"Semana come\u00e7a com quase mil vagas para concursos em PE; Sert\u00e3o incluso","author":{"@id":"https:\/\/serrafm879.com.br\/serrafm\/author\/serrafm87\/#author"},"publisher":{"@id":"https:\/\/serrafm879.com.br\/serrafm\/#organization"},"image":{"@type":"ImageObject","url":"https:\/\/serrafm879.com.br\/serrafm\/wp-content\/uploads\/2024\/04\/Concursos-e-selecoes-oferecem-766-vagas-com-salarios-de-ate-R-7-mil-em-Pernambuco.jpeg","width":699,"height":422},"datePublished":"2025-02-10T08:34:18-03:00","dateModified":"2025-02-10T08:34:18-03:00","inLanguage":"pt-BR","mainEntityOfPage":{"@id":"https:\/\/serrafm879.com.br\/serrafm\/2025\/02\/semana-comeca-com-quase-mil-vagas-para-concursos-em-pe-sertao-incluso\/#webpage"},"isPartOf":{"@id":"https:\/\/serrafm879.com.br\/serrafm\/2025\/02\/semana-comeca-com-quase-mil-vagas-para-concursos-em-pe-sertao-incluso\/#webpage"},"articleSection":"Uncategorized"},{"@type":"BreadcrumbList","@id":"https:\/\/serrafm879.com.br\/serrafm\/2025\/02\/semana-comeca-com-quase-mil-vagas-para-concursos-em-pe-sertao-incluso\/#breadcrumblist","itemListElement":[{"@type":"ListItem","@id":"https:\/\/serrafm879.com.br\/serrafm#listItem","position":1,"name":"Home","item":"https:\/\/serrafm879.com.br\/serrafm","nextItem":{"@type":"ListItem","@id":"https:\/\/serrafm879.com.br\/serrafm\/categoria\/uncategorized\/#listItem","name":"Uncategorized"}},{"@type":"ListItem","@id":"https:\/\/serrafm879.com.br\/serrafm\/categoria\/uncategorized\/#listItem","position":2,"name":"Uncategorized","item":"https:\/\/serrafm879.com.br\/serrafm\/categoria\/uncategorized\/","nextItem":{"@type":"ListItem","@id":"https:\/\/serrafm879.com.br\/serrafm\/2025\/02\/semana-comeca-com-quase-mil-vagas-para-concursos-em-pe-sertao-incluso\/#listItem","name":"Semana come\u00e7a com quase mil vagas para concursos em PE; Sert\u00e3o incluso"},"previousItem":{"@type":"ListItem","@id":"https:\/\/serrafm879.com.br\/serrafm#listItem","name":"Home"}},{"@type":"ListItem","@id":"https:\/\/serrafm879.com.br\/serrafm\/2025\/02\/semana-comeca-com-quase-mil-vagas-para-concursos-em-pe-sertao-incluso\/#listItem","position":3,"name":"Semana come\u00e7a com quase mil vagas para concursos em PE; Sert\u00e3o incluso","previousItem":{"@type":"ListItem","@id":"https:\/\/serrafm879.com.br\/serrafm\/categoria\/uncategorized\/#listItem","name":"Uncategorized"}}]},{"@type":"Organization","@id":"https:\/\/serrafm879.com.br\/serrafm\/#organization","name":"Serra FM 87,9","description":"O seu novo amor!","url":"https:\/\/serrafm879.com.br\/serrafm\/"},{"@type":"Person","@id":"https:\/\/serrafm879.com.br\/serrafm\/author\/serrafm87\/#author","url":"https:\/\/serrafm879.com.br\/serrafm\/author\/serrafm87\/","name":"serrafm87","image":{"@type":"ImageObject","@id":"https:\/\/serrafm879.com.br\/serrafm\/2025\/02\/semana-comeca-com-quase-mil-vagas-para-concursos-em-pe-sertao-incluso\/#authorImage","url":"https:\/\/secure.gravatar.com\/avatar\/a743233f1112d34f48bb3dc9559b76eb930bab8b27175856cba6362608736235?s=96&d=mm&r=g","width":96,"height":96,"caption":"serrafm87"}},{"@type":"WebPage","@id":"https:\/\/serrafm879.com.br\/serrafm\/2025\/02\/semana-comeca-com-quase-mil-vagas-para-concursos-em-pe-sertao-incluso\/#webpage","url":"https:\/\/serrafm879.com.br\/serrafm\/2025\/02\/semana-comeca-com-quase-mil-vagas-para-concursos-em-pe-sertao-incluso\/","name":"Semana come\u00e7a com quase mil vagas para concursos em PE; Sert\u00e3o incluso - Serra FM 87,9","description":"Do g1 Pernambuco Ao menos, 989 vagas de emprego s\u00e3o ofertadas em concursos p\u00fablicos e sele\u00e7\u00f5es simplificadas em Pernambuco. H\u00e1 oportunidades em diversos \u00f3rg\u00e3os municipais do estado, distribu\u00eddas em cargos de n\u00edveis fundamental, m\u00e9dio, t\u00e9cnico e superior, com sal\u00e1rios de at\u00e9 R$ 8 mil. Confira, abaixo, a lista que o g1 preparou com as principais informa\u00e7\u00f5es sobre","inLanguage":"pt-BR","isPartOf":{"@id":"https:\/\/serrafm879.com.br\/serrafm\/#website"},"breadcrumb":{"@id":"https:\/\/serrafm879.com.br\/serrafm\/2025\/02\/semana-comeca-com-quase-mil-vagas-para-concursos-em-pe-sertao-incluso\/#breadcrumblist"},"author":{"@id":"https:\/\/serrafm879.com.br\/serrafm\/author\/serrafm87\/#author"},"creator":{"@id":"https:\/\/serrafm879.com.br\/serrafm\/author\/serrafm87\/#author"},"image":{"@type":"ImageObject","url":"https:\/\/serrafm879.com.br\/serrafm\/wp-content\/uploads\/2024\/04\/Concursos-e-selecoes-oferecem-766-vagas-com-salarios-de-ate-R-7-mil-em-Pernambuco.jpeg","@id":"https:\/\/serrafm879.com.br\/serrafm\/2025\/02\/semana-comeca-com-quase-mil-vagas-para-concursos-em-pe-sertao-incluso\/#mainImage","width":699,"height":422},"primaryImageOfPage":{"@id":"https:\/\/serrafm879.com.br\/serrafm\/2025\/02\/semana-comeca-com-quase-mil-vagas-para-concursos-em-pe-sertao-incluso\/#mainImage"},"datePublished":"2025-02-10T08:34:18-03:00","dateModified":"2025-02-10T08:34:18-03:00"},{"@type":"WebSite","@id":"https:\/\/serrafm879.com.br\/serrafm\/#website","url":"https:\/\/serrafm879.com.br\/serrafm\/","name":"Serra FM 87,9","description":"O seu novo amor!","inLanguage":"pt-BR","publisher":{"@id":"https:\/\/serrafm879.com.br\/serrafm\/#organization"}}]},"twitter:card":"summary_large_image","twitter:title":"Semana come\u00e7a com quase mil vagas para concursos em PE; Sert\u00e3o incluso - Serra FM 87,9","twitter:description":"Do g1 Pernambuco Ao menos, 989 vagas de emprego s\u00e3o ofertadas em concursos p\u00fablicos e sele\u00e7\u00f5es simplificadas em Pernambuco. H\u00e1 oportunidades em diversos \u00f3rg\u00e3os municipais do estado, distribu\u00eddas em cargos de n\u00edveis fundamental, m\u00e9dio, t\u00e9cnico e superior, com sal\u00e1rios de at\u00e9 R$ 8 mil. Confira, abaixo, a lista que o g1 preparou com as principais informa\u00e7\u00f5es sobre","twitter:image":"https:\/\/serrafm879.com.br\/serrafm\/wp-content\/uploads\/2024\/04\/Concursos-e-selecoes-oferecem-766-vagas-com-salarios-de-ate-R-7-mil-em-Pernambuco.jpeg"},"aioseo_meta_data":{"post_id":"20545","title":null,"description":null,"keywords":null,"keyphrases":null,"primary_term":null,"canonical_url":null,"og_title":null,"og_description":null,"og_object_type":"default","og_image_type":"default","og_image_custom_url":null,"og_image_custom_fields":null,"og_image_url":null,"og_image_width":null,"og_image_height":null,"og_video":null,"og_custom_url":null,"og_article_section":null,"og_article_tags":null,"twitter_use_og":false,"twitter_card":"default","twitter_image_type":"default","twitter_image_custom_url":null,"twitter_image_custom_fields":null,"twitter_image_url":null,"twitter_title":null,"twitter_description":null,"schema_type":"default","schema_type_options":null,"schema":{"blockGraphs":[],"customGraphs":[],"default":{"data":{"Article":[],"Course":[],"Dataset":[],"FAQPage":[],"Movie":[],"Person":[],"Product":[],"ProductReview":[],"Car":[],"Recipe":[],"Service":[],"SoftwareApplication":[],"WebPage":[]},"graphName":"","isEnabled":true},"graphs":[]},"pillar_content":false,"robots_default":true,"robots_noindex":false,"robots_noarchive":false,"robots_nosnippet":false,"robots_nofollow":false,"robots_noimageindex":false,"robots_noodp":false,"robots_notranslate":false,"robots_max_snippet":null,"robots_max_videopreview":null,"robots_max_imagepreview":"large","priority":null,"frequency":null,"local_seo":null,"limit_modified_date":false,"ai":null,"breadcrumb_settings":null,"seo_analyzer_scan_date":null,"created":"2026-07-21 13:34:39","updated":"2026-07-21 13:34:39"},"aioseo_breadcrumb":"<div class=\"aioseo-breadcrumbs\"><span class=\"aioseo-breadcrumb\">\n\t\t\t<a href=\"https:\/\/serrafm879.com.br\/serrafm\" title=\"Home\">Home<\/a>\n\t\t<\/span><span class=\"aioseo-breadcrumb-separator\">&raquo;<\/span><span class=\"aioseo-breadcrumb\">\n\t\t\t<a href=\"https:\/\/serrafm879.com.br\/serrafm\/categoria\/uncategorized\/\" title=\"Uncategorized\">Uncategorized<\/a>\n\t\t<\/span><span class=\"aioseo-breadcrumb-separator\">&raquo;<\/span><span class=\"aioseo-breadcrumb\">\n\t\t\tSemana come\u00e7a com quase mil vagas para concursos em PE; Sert\u00e3o incluso\n\t\t<\/span><\/div>","aioseo_breadcrumb_json":[{"label":"Home","link":"https:\/\/serrafm879.com.br\/serrafm"},{"label":"Uncategorized","link":"https:\/\/serrafm879.com.br\/serrafm\/categoria\/uncategorized\/"},{"label":"Semana come\u00e7a com quase mil vagas para concursos em PE; Sert\u00e3o incluso","link":"https:\/\/serrafm879.com.br\/serrafm\/2025\/02\/semana-comeca-com-quase-mil-vagas-para-concursos-em-pe-sertao-incluso\/"}],"jetpack_publicize_connections":[],"jetpack_featured_media_url":"https:\/\/serrafm879.com.br\/serrafm\/wp-content\/uploads\/2024\/04\/Concursos-e-selecoes-oferecem-766-vagas-com-salarios-de-ate-R-7-mil-em-Pernambuco.jpeg","jetpack_shortlink":"https:\/\/wp.me\/p7HyXg-5ln","jetpack_sharing_enabled":true,"_links":{"self":[{"href":"https:\/\/serrafm879.com.br\/serrafm\/wp-json\/wp\/v2\/posts\/20545","targetHints":{"allow":["GET"]}}],"collection":[{"href":"https:\/\/serrafm879.com.br\/serrafm\/wp-json\/wp\/v2\/posts"}],"about":[{"href":"https:\/\/serrafm879.com.br\/serrafm\/wp-json\/wp\/v2\/types\/post"}],"author":[{"embeddable":true,"href":"https:\/\/serrafm879.com.br\/serrafm\/wp-json\/wp\/v2\/users\/2"}],"replies":[{"embeddable":true,"href":"https:\/\/serrafm879.com.br\/serrafm\/wp-json\/wp\/v2\/comments?post=20545"}],"version-history":[{"count":1,"href":"https:\/\/serrafm879.com.br\/serrafm\/wp-json\/wp\/v2\/posts\/20545\/revisions"}],"predecessor-version":[{"id":20546,"href":"https:\/\/serrafm879.com.br\/serrafm\/wp-json\/wp\/v2\/posts\/20545\/revisions\/20546"}],"wp:featuredmedia":[{"embeddable":true,"href":"https:\/\/serrafm879.com.br\/serrafm\/wp-json\/wp\/v2\/media\/15852"}],"wp:attachment":[{"href":"https:\/\/serrafm879.com.br\/serrafm\/wp-json\/wp\/v2\/media?parent=20545"}],"wp:term":[{"taxonomy":"category","embeddable":true,"href":"https:\/\/serrafm879.com.br\/serrafm\/wp-json\/wp\/v2\/categories?post=20545"},{"taxonomy":"post_tag","embeddable":true,"href":"https:\/\/serrafm879.com.br\/serrafm\/wp-json\/wp\/v2\/tags?post=20545"}],"curies":[{"name":"wp","href":"https:\/\/api.w.org\/{rel}","templated":true}]}}