{"id":20550,"date":"2025-02-10T08:47:58","date_gmt":"2025-02-10T11:47:58","guid":{"rendered":"https:\/?p=20550"},"modified":"2025-02-10T08:47:58","modified_gmt":"2025-02-10T11:47:58","slug":"caminhao-tomba-apos-acidente-com-carros-de-passeio","status":"publish","type":"post","link":"https:\/\/serrafm879.com.br\/serrafm\/2025\/02\/caminhao-tomba-apos-acidente-com-carros-de-passeio\/","title":{"rendered":"Caminh\u00e3o tomba ap\u00f3s acidente com carros de passeio"},"content":{"rendered":"<p>Um acidente de tr\u00e2nsito, envolvendo dois ve\u00edculos de passeio e um caminh\u00e3o, foi registrado na manh\u00e3 desta sexta-feira (7), por volta das 6h20, no km 39, da BR-316, em\u00a0<a href=\"https:\/\/faroldenoticias.com.br\/categoria\/pernambuco\/\">Araripina<\/a>.<\/p>\n<p>Com a colis\u00e3o, o caminh\u00e3o tombou na via, entretanto, o motorista saiu ileso.<\/p>\n<p>De acordo com vestigios observados pela PRF, a suspeita \u00e9 que um dos carros de passeio, modelo Jetta, teria invadido a pista contr\u00e1ria, atingindo o caminh\u00e3o.<\/p>\n<p>Em seguida, o outro autom\u00f3vel, um carro Uno, atingiu o ve\u00edculo de carga, felizmente, sem gravidade.<\/p>\n<p>O condutor do Jetta, sofreu uma fratura no p\u00e9 e foi socorrido pelo Corpo de Bombeiros.<\/p>\n","protected":false},"excerpt":{"rendered":"<p>Um acidente de tr\u00e2nsito, envolvendo dois ve\u00edculos de passeio e um caminh\u00e3o, foi registrado na manh\u00e3 desta sexta-feira (7), por volta das 6h20, no km 39, da BR-316, em\u00a0Araripina. Com a colis\u00e3o, o caminh\u00e3o tombou na via, entretanto, o motorista saiu ileso. De acordo com vestigios observados pela PRF, a suspeita \u00e9 que um dos carros de passeio, modelo Jetta, teria invadido a pista contr\u00e1ria, atingindo o caminh\u00e3o. Em seguida, o outro autom\u00f3vel, um carro Uno, atingiu o ve\u00edculo de carga, felizmente, sem gravidade. O condutor do Jetta, sofreu uma fratura no p\u00e9 e foi socorrido pelo Corpo de Bombeiros.<\/p>\n","protected":false},"author":2,"featured_media":20551,"comment_status":"open","ping_status":"open","sticky":false,"template":"","format":"standard","meta":{"_jetpack_newsletter_access":"","_jetpack_dont_email_post_to_subs":false,"_jetpack_newsletter_tier_id":0,"_jetpack_memberships_contains_paywalled_content":false,"_jetpack_feature_clip_id":0,"_jetpack_memberships_contains_paid_content":false,"footnotes":"","jetpack_publicize_message":"","jetpack_publicize_feature_enabled":true,"jetpack_social_post_already_shared":true,"jetpack_social_options":{"image_generator_settings":{"template":"highway","default_image_id":0,"font":"","enabled":false},"version":2},"jetpack_post_was_ever_published":false},"categories":[1],"tags":[],"class_list":["post-20550","post","type-post","status-publish","format-standard","has-post-thumbnail","hentry","category-uncategorized"],"aioseo_notices":[],"aioseo_head":"\n\t\t<!-- All in One SEO 4.9.10 - aioseo.com -->\n\t<meta name=\"description\" content=\"Um acidente de tr\u00e2nsito, envolvendo dois ve\u00edculos de passeio e um caminh\u00e3o, foi registrado na manh\u00e3 desta sexta-feira (7), por volta das 6h20, no km 39, da BR-316, em Araripina. Com a colis\u00e3o, o caminh\u00e3o tombou na via, entretanto, o motorista saiu ileso. De acordo com vestigios observados pela PRF, a suspeita \u00e9 que um dos\" \/>\n\t<meta name=\"robots\" content=\"max-image-preview:large\" \/>\n\t<meta name=\"author\" content=\"serrafm87\"\/>\n\t<link rel=\"canonical\" href=\"https:\/\/serrafm879.com.br\/serrafm\/2025\/02\/caminhao-tomba-apos-acidente-com-carros-de-passeio\/\" \/>\n\t<meta name=\"generator\" content=\"All in One SEO (AIOSEO) 4.9.10\" \/>\n\t\t<meta name=\"twitter:card\" content=\"summary_large_image\" \/>\n\t\t<meta name=\"twitter:title\" content=\"Caminh\u00e3o tomba ap\u00f3s acidente com carros de passeio - Serra FM 87,9\" \/>\n\t\t<meta name=\"twitter:description\" content=\"Um acidente de tr\u00e2nsito, envolvendo dois ve\u00edculos de passeio e um caminh\u00e3o, foi registrado na manh\u00e3 desta sexta-feira (7), por volta das 6h20, no km 39, da BR-316, em Araripina. Com a colis\u00e3o, o caminh\u00e3o tombou na via, entretanto, o motorista saiu ileso. De acordo com vestigios observados pela PRF, a suspeita \u00e9 que um dos\" \/>\n\t\t<meta name=\"twitter:image\" content=\"https:\/\/serrafm879.com.br\/serrafm\/wp-content\/uploads\/2025\/02\/WhatsApp-Image-2025-02-09-at-10.26.18-768x1024-1.jpeg\" \/>\n\t\t<script type=\"application\/ld+json\" class=\"aioseo-schema\">\n\t\t\t{\"@context\":\"https:\\\/\\\/schema.org\",\"@graph\":[{\"@type\":\"BlogPosting\",\"@id\":\"https:\\\/\\\/serrafm879.com.br\\\/serrafm\\\/2025\\\/02\\\/caminhao-tomba-apos-acidente-com-carros-de-passeio\\\/#blogposting\",\"name\":\"Caminh\\u00e3o tomba ap\\u00f3s acidente com carros de passeio - Serra FM 87,9\",\"headline\":\"Caminh\\u00e3o tomba ap\\u00f3s acidente com carros de passeio\",\"author\":{\"@id\":\"https:\\\/\\\/serrafm879.com.br\\\/serrafm\\\/author\\\/serrafm87\\\/#author\"},\"publisher\":{\"@id\":\"https:\\\/\\\/serrafm879.com.br\\\/serrafm\\\/#organization\"},\"image\":{\"@type\":\"ImageObject\",\"url\":\"https:\\\/\\\/serrafm879.com.br\\\/serrafm\\\/wp-content\\\/uploads\\\/2025\\\/02\\\/WhatsApp-Image-2025-02-09-at-10.26.18-768x1024-1.jpeg\",\"width\":768,\"height\":1024},\"datePublished\":\"2025-02-10T08:47:58-03:00\",\"dateModified\":\"2025-02-10T08:47:58-03:00\",\"inLanguage\":\"pt-BR\",\"mainEntityOfPage\":{\"@id\":\"https:\\\/\\\/serrafm879.com.br\\\/serrafm\\\/2025\\\/02\\\/caminhao-tomba-apos-acidente-com-carros-de-passeio\\\/#webpage\"},\"isPartOf\":{\"@id\":\"https:\\\/\\\/serrafm879.com.br\\\/serrafm\\\/2025\\\/02\\\/caminhao-tomba-apos-acidente-com-carros-de-passeio\\\/#webpage\"},\"articleSection\":\"Uncategorized\"},{\"@type\":\"BreadcrumbList\",\"@id\":\"https:\\\/\\\/serrafm879.com.br\\\/serrafm\\\/2025\\\/02\\\/caminhao-tomba-apos-acidente-com-carros-de-passeio\\\/#breadcrumblist\",\"itemListElement\":[{\"@type\":\"ListItem\",\"@id\":\"https:\\\/\\\/serrafm879.com.br\\\/serrafm#listItem\",\"position\":1,\"name\":\"Home\",\"item\":\"https:\\\/\\\/serrafm879.com.br\\\/serrafm\",\"nextItem\":{\"@type\":\"ListItem\",\"@id\":\"https:\\\/\\\/serrafm879.com.br\\\/serrafm\\\/categoria\\\/uncategorized\\\/#listItem\",\"name\":\"Uncategorized\"}},{\"@type\":\"ListItem\",\"@id\":\"https:\\\/\\\/serrafm879.com.br\\\/serrafm\\\/categoria\\\/uncategorized\\\/#listItem\",\"position\":2,\"name\":\"Uncategorized\",\"item\":\"https:\\\/\\\/serrafm879.com.br\\\/serrafm\\\/categoria\\\/uncategorized\\\/\",\"nextItem\":{\"@type\":\"ListItem\",\"@id\":\"https:\\\/\\\/serrafm879.com.br\\\/serrafm\\\/2025\\\/02\\\/caminhao-tomba-apos-acidente-com-carros-de-passeio\\\/#listItem\",\"name\":\"Caminh\\u00e3o tomba ap\\u00f3s acidente com carros de passeio\"},\"previousItem\":{\"@type\":\"ListItem\",\"@id\":\"https:\\\/\\\/serrafm879.com.br\\\/serrafm#listItem\",\"name\":\"Home\"}},{\"@type\":\"ListItem\",\"@id\":\"https:\\\/\\\/serrafm879.com.br\\\/serrafm\\\/2025\\\/02\\\/caminhao-tomba-apos-acidente-com-carros-de-passeio\\\/#listItem\",\"position\":3,\"name\":\"Caminh\\u00e3o tomba ap\\u00f3s acidente com carros de passeio\",\"previousItem\":{\"@type\":\"ListItem\",\"@id\":\"https:\\\/\\\/serrafm879.com.br\\\/serrafm\\\/categoria\\\/uncategorized\\\/#listItem\",\"name\":\"Uncategorized\"}}]},{\"@type\":\"Organization\",\"@id\":\"https:\\\/\\\/serrafm879.com.br\\\/serrafm\\\/#organization\",\"name\":\"Serra FM 87,9\",\"description\":\"O seu novo amor!\",\"url\":\"https:\\\/\\\/serrafm879.com.br\\\/serrafm\\\/\"},{\"@type\":\"Person\",\"@id\":\"https:\\\/\\\/serrafm879.com.br\\\/serrafm\\\/author\\\/serrafm87\\\/#author\",\"url\":\"https:\\\/\\\/serrafm879.com.br\\\/serrafm\\\/author\\\/serrafm87\\\/\",\"name\":\"serrafm87\",\"image\":{\"@type\":\"ImageObject\",\"@id\":\"https:\\\/\\\/serrafm879.com.br\\\/serrafm\\\/2025\\\/02\\\/caminhao-tomba-apos-acidente-com-carros-de-passeio\\\/#authorImage\",\"url\":\"https:\\\/\\\/secure.gravatar.com\\\/avatar\\\/a743233f1112d34f48bb3dc9559b76eb930bab8b27175856cba6362608736235?s=96&d=mm&r=g\",\"width\":96,\"height\":96,\"caption\":\"serrafm87\"}},{\"@type\":\"WebPage\",\"@id\":\"https:\\\/\\\/serrafm879.com.br\\\/serrafm\\\/2025\\\/02\\\/caminhao-tomba-apos-acidente-com-carros-de-passeio\\\/#webpage\",\"url\":\"https:\\\/\\\/serrafm879.com.br\\\/serrafm\\\/2025\\\/02\\\/caminhao-tomba-apos-acidente-com-carros-de-passeio\\\/\",\"name\":\"Caminh\\u00e3o tomba ap\\u00f3s acidente com carros de passeio - Serra FM 87,9\",\"description\":\"Um acidente de tr\\u00e2nsito, envolvendo dois ve\\u00edculos de passeio e um caminh\\u00e3o, foi registrado na manh\\u00e3 desta sexta-feira (7), por volta das 6h20, no km 39, da BR-316, em Araripina. Com a colis\\u00e3o, o caminh\\u00e3o tombou na via, entretanto, o motorista saiu ileso. De acordo com vestigios observados pela PRF, a suspeita \\u00e9 que um dos\",\"inLanguage\":\"pt-BR\",\"isPartOf\":{\"@id\":\"https:\\\/\\\/serrafm879.com.br\\\/serrafm\\\/#website\"},\"breadcrumb\":{\"@id\":\"https:\\\/\\\/serrafm879.com.br\\\/serrafm\\\/2025\\\/02\\\/caminhao-tomba-apos-acidente-com-carros-de-passeio\\\/#breadcrumblist\"},\"author\":{\"@id\":\"https:\\\/\\\/serrafm879.com.br\\\/serrafm\\\/author\\\/serrafm87\\\/#author\"},\"creator\":{\"@id\":\"https:\\\/\\\/serrafm879.com.br\\\/serrafm\\\/author\\\/serrafm87\\\/#author\"},\"image\":{\"@type\":\"ImageObject\",\"url\":\"https:\\\/\\\/serrafm879.com.br\\\/serrafm\\\/wp-content\\\/uploads\\\/2025\\\/02\\\/WhatsApp-Image-2025-02-09-at-10.26.18-768x1024-1.jpeg\",\"@id\":\"https:\\\/\\\/serrafm879.com.br\\\/serrafm\\\/2025\\\/02\\\/caminhao-tomba-apos-acidente-com-carros-de-passeio\\\/#mainImage\",\"width\":768,\"height\":1024},\"primaryImageOfPage\":{\"@id\":\"https:\\\/\\\/serrafm879.com.br\\\/serrafm\\\/2025\\\/02\\\/caminhao-tomba-apos-acidente-com-carros-de-passeio\\\/#mainImage\"},\"datePublished\":\"2025-02-10T08:47:58-03:00\",\"dateModified\":\"2025-02-10T08:47:58-03:00\"},{\"@type\":\"WebSite\",\"@id\":\"https:\\\/\\\/serrafm879.com.br\\\/serrafm\\\/#website\",\"url\":\"https:\\\/\\\/serrafm879.com.br\\\/serrafm\\\/\",\"name\":\"Serra FM 87,9\",\"description\":\"O seu novo amor!\",\"inLanguage\":\"pt-BR\",\"publisher\":{\"@id\":\"https:\\\/\\\/serrafm879.com.br\\\/serrafm\\\/#organization\"}}]}\n\t\t<\/script>\n\t\t<!-- All in One SEO -->\n\n","aioseo_head_json":{"title":"Caminh\u00e3o tomba ap\u00f3s acidente com carros de passeio - Serra FM 87,9","description":"Um acidente de tr\u00e2nsito, envolvendo dois ve\u00edculos de passeio e um caminh\u00e3o, foi registrado na manh\u00e3 desta sexta-feira (7), por volta das 6h20, no km 39, da BR-316, em Araripina. Com a colis\u00e3o, o caminh\u00e3o tombou na via, entretanto, o motorista saiu ileso. De acordo com vestigios observados pela PRF, a suspeita \u00e9 que um dos","canonical_url":"https:\/\/serrafm879.com.br\/serrafm\/2025\/02\/caminhao-tomba-apos-acidente-com-carros-de-passeio\/","robots":"max-image-preview:large","keywords":"","webmasterTools":{"miscellaneous":""},"schema":{"@context":"https:\/\/schema.org","@graph":[{"@type":"BlogPosting","@id":"https:\/\/serrafm879.com.br\/serrafm\/2025\/02\/caminhao-tomba-apos-acidente-com-carros-de-passeio\/#blogposting","name":"Caminh\u00e3o tomba ap\u00f3s acidente com carros de passeio - Serra FM 87,9","headline":"Caminh\u00e3o tomba ap\u00f3s acidente com carros de passeio","author":{"@id":"https:\/\/serrafm879.com.br\/serrafm\/author\/serrafm87\/#author"},"publisher":{"@id":"https:\/\/serrafm879.com.br\/serrafm\/#organization"},"image":{"@type":"ImageObject","url":"https:\/\/serrafm879.com.br\/serrafm\/wp-content\/uploads\/2025\/02\/WhatsApp-Image-2025-02-09-at-10.26.18-768x1024-1.jpeg","width":768,"height":1024},"datePublished":"2025-02-10T08:47:58-03:00","dateModified":"2025-02-10T08:47:58-03:00","inLanguage":"pt-BR","mainEntityOfPage":{"@id":"https:\/\/serrafm879.com.br\/serrafm\/2025\/02\/caminhao-tomba-apos-acidente-com-carros-de-passeio\/#webpage"},"isPartOf":{"@id":"https:\/\/serrafm879.com.br\/serrafm\/2025\/02\/caminhao-tomba-apos-acidente-com-carros-de-passeio\/#webpage"},"articleSection":"Uncategorized"},{"@type":"BreadcrumbList","@id":"https:\/\/serrafm879.com.br\/serrafm\/2025\/02\/caminhao-tomba-apos-acidente-com-carros-de-passeio\/#breadcrumblist","itemListElement":[{"@type":"ListItem","@id":"https:\/\/serrafm879.com.br\/serrafm#listItem","position":1,"name":"Home","item":"https:\/\/serrafm879.com.br\/serrafm","nextItem":{"@type":"ListItem","@id":"https:\/\/serrafm879.com.br\/serrafm\/categoria\/uncategorized\/#listItem","name":"Uncategorized"}},{"@type":"ListItem","@id":"https:\/\/serrafm879.com.br\/serrafm\/categoria\/uncategorized\/#listItem","position":2,"name":"Uncategorized","item":"https:\/\/serrafm879.com.br\/serrafm\/categoria\/uncategorized\/","nextItem":{"@type":"ListItem","@id":"https:\/\/serrafm879.com.br\/serrafm\/2025\/02\/caminhao-tomba-apos-acidente-com-carros-de-passeio\/#listItem","name":"Caminh\u00e3o tomba ap\u00f3s acidente com carros de passeio"},"previousItem":{"@type":"ListItem","@id":"https:\/\/serrafm879.com.br\/serrafm#listItem","name":"Home"}},{"@type":"ListItem","@id":"https:\/\/serrafm879.com.br\/serrafm\/2025\/02\/caminhao-tomba-apos-acidente-com-carros-de-passeio\/#listItem","position":3,"name":"Caminh\u00e3o tomba ap\u00f3s acidente com carros de passeio","previousItem":{"@type":"ListItem","@id":"https:\/\/serrafm879.com.br\/serrafm\/categoria\/uncategorized\/#listItem","name":"Uncategorized"}}]},{"@type":"Organization","@id":"https:\/\/serrafm879.com.br\/serrafm\/#organization","name":"Serra FM 87,9","description":"O seu novo amor!","url":"https:\/\/serrafm879.com.br\/serrafm\/"},{"@type":"Person","@id":"https:\/\/serrafm879.com.br\/serrafm\/author\/serrafm87\/#author","url":"https:\/\/serrafm879.com.br\/serrafm\/author\/serrafm87\/","name":"serrafm87","image":{"@type":"ImageObject","@id":"https:\/\/serrafm879.com.br\/serrafm\/2025\/02\/caminhao-tomba-apos-acidente-com-carros-de-passeio\/#authorImage","url":"https:\/\/secure.gravatar.com\/avatar\/a743233f1112d34f48bb3dc9559b76eb930bab8b27175856cba6362608736235?s=96&d=mm&r=g","width":96,"height":96,"caption":"serrafm87"}},{"@type":"WebPage","@id":"https:\/\/serrafm879.com.br\/serrafm\/2025\/02\/caminhao-tomba-apos-acidente-com-carros-de-passeio\/#webpage","url":"https:\/\/serrafm879.com.br\/serrafm\/2025\/02\/caminhao-tomba-apos-acidente-com-carros-de-passeio\/","name":"Caminh\u00e3o tomba ap\u00f3s acidente com carros de passeio - Serra FM 87,9","description":"Um acidente de tr\u00e2nsito, envolvendo dois ve\u00edculos de passeio e um caminh\u00e3o, foi registrado na manh\u00e3 desta sexta-feira (7), por volta das 6h20, no km 39, da BR-316, em Araripina. Com a colis\u00e3o, o caminh\u00e3o tombou na via, entretanto, o motorista saiu ileso. De acordo com vestigios observados pela PRF, a suspeita \u00e9 que um dos","inLanguage":"pt-BR","isPartOf":{"@id":"https:\/\/serrafm879.com.br\/serrafm\/#website"},"breadcrumb":{"@id":"https:\/\/serrafm879.com.br\/serrafm\/2025\/02\/caminhao-tomba-apos-acidente-com-carros-de-passeio\/#breadcrumblist"},"author":{"@id":"https:\/\/serrafm879.com.br\/serrafm\/author\/serrafm87\/#author"},"creator":{"@id":"https:\/\/serrafm879.com.br\/serrafm\/author\/serrafm87\/#author"},"image":{"@type":"ImageObject","url":"https:\/\/serrafm879.com.br\/serrafm\/wp-content\/uploads\/2025\/02\/WhatsApp-Image-2025-02-09-at-10.26.18-768x1024-1.jpeg","@id":"https:\/\/serrafm879.com.br\/serrafm\/2025\/02\/caminhao-tomba-apos-acidente-com-carros-de-passeio\/#mainImage","width":768,"height":1024},"primaryImageOfPage":{"@id":"https:\/\/serrafm879.com.br\/serrafm\/2025\/02\/caminhao-tomba-apos-acidente-com-carros-de-passeio\/#mainImage"},"datePublished":"2025-02-10T08:47:58-03:00","dateModified":"2025-02-10T08:47:58-03:00"},{"@type":"WebSite","@id":"https:\/\/serrafm879.com.br\/serrafm\/#website","url":"https:\/\/serrafm879.com.br\/serrafm\/","name":"Serra FM 87,9","description":"O seu novo amor!","inLanguage":"pt-BR","publisher":{"@id":"https:\/\/serrafm879.com.br\/serrafm\/#organization"}}]},"twitter:card":"summary_large_image","twitter:title":"Caminh\u00e3o tomba ap\u00f3s acidente com carros de passeio - Serra FM 87,9","twitter:description":"Um acidente de tr\u00e2nsito, envolvendo dois ve\u00edculos de passeio e um caminh\u00e3o, foi registrado na manh\u00e3 desta sexta-feira (7), por volta das 6h20, no km 39, da BR-316, em Araripina. Com a colis\u00e3o, o caminh\u00e3o tombou na via, entretanto, o motorista saiu ileso. De acordo com vestigios observados pela PRF, a suspeita \u00e9 que um dos","twitter:image":"https:\/\/serrafm879.com.br\/serrafm\/wp-content\/uploads\/2025\/02\/WhatsApp-Image-2025-02-09-at-10.26.18-768x1024-1.jpeg"},"aioseo_meta_data":{"post_id":"20550","title":null,"description":null,"keywords":null,"keyphrases":null,"primary_term":null,"canonical_url":null,"og_title":null,"og_description":null,"og_object_type":"default","og_image_type":"default","og_image_custom_url":null,"og_image_custom_fields":null,"og_image_url":null,"og_image_width":null,"og_image_height":null,"og_video":null,"og_custom_url":null,"og_article_section":null,"og_article_tags":null,"twitter_use_og":false,"twitter_card":"default","twitter_image_type":"default","twitter_image_custom_url":null,"twitter_image_custom_fields":null,"twitter_image_url":null,"twitter_title":null,"twitter_description":null,"schema_type":"default","schema_type_options":null,"schema":{"blockGraphs":[],"customGraphs":[],"default":{"data":{"Article":[],"Course":[],"Dataset":[],"FAQPage":[],"Movie":[],"Person":[],"Product":[],"ProductReview":[],"Car":[],"Recipe":[],"Service":[],"SoftwareApplication":[],"WebPage":[]},"graphName":"","isEnabled":true},"graphs":[]},"pillar_content":false,"robots_default":true,"robots_noindex":false,"robots_noarchive":false,"robots_nosnippet":false,"robots_nofollow":false,"robots_noimageindex":false,"robots_noodp":false,"robots_notranslate":false,"robots_max_snippet":null,"robots_max_videopreview":null,"robots_max_imagepreview":"large","priority":null,"frequency":null,"local_seo":null,"limit_modified_date":false,"ai":null,"breadcrumb_settings":null,"seo_analyzer_scan_date":null,"created":"2026-07-21 13:34:39","updated":"2026-07-21 13:34:39"},"aioseo_breadcrumb":"<div class=\"aioseo-breadcrumbs\"><span class=\"aioseo-breadcrumb\">\n\t\t\t<a href=\"https:\/\/serrafm879.com.br\/serrafm\" title=\"Home\">Home<\/a>\n\t\t<\/span><span class=\"aioseo-breadcrumb-separator\">&raquo;<\/span><span class=\"aioseo-breadcrumb\">\n\t\t\t<a href=\"https:\/\/serrafm879.com.br\/serrafm\/categoria\/uncategorized\/\" title=\"Uncategorized\">Uncategorized<\/a>\n\t\t<\/span><span class=\"aioseo-breadcrumb-separator\">&raquo;<\/span><span class=\"aioseo-breadcrumb\">\n\t\t\tCaminh\u00e3o tomba ap\u00f3s acidente com carros de passeio\n\t\t<\/span><\/div>","aioseo_breadcrumb_json":[{"label":"Home","link":"https:\/\/serrafm879.com.br\/serrafm"},{"label":"Uncategorized","link":"https:\/\/serrafm879.com.br\/serrafm\/categoria\/uncategorized\/"},{"label":"Caminh\u00e3o tomba ap\u00f3s acidente com carros de passeio","link":"https:\/\/serrafm879.com.br\/serrafm\/2025\/02\/caminhao-tomba-apos-acidente-com-carros-de-passeio\/"}],"jetpack_publicize_connections":[],"jetpack_featured_media_url":"https:\/\/serrafm879.com.br\/serrafm\/wp-content\/uploads\/2025\/02\/WhatsApp-Image-2025-02-09-at-10.26.18-768x1024-1.jpeg","jetpack_shortlink":"https:\/\/wp.me\/p7HyXg-5ls","jetpack_sharing_enabled":true,"_links":{"self":[{"href":"https:\/\/serrafm879.com.br\/serrafm\/wp-json\/wp\/v2\/posts\/20550","targetHints":{"allow":["GET"]}}],"collection":[{"href":"https:\/\/serrafm879.com.br\/serrafm\/wp-json\/wp\/v2\/posts"}],"about":[{"href":"https:\/\/serrafm879.com.br\/serrafm\/wp-json\/wp\/v2\/types\/post"}],"author":[{"embeddable":true,"href":"https:\/\/serrafm879.com.br\/serrafm\/wp-json\/wp\/v2\/users\/2"}],"replies":[{"embeddable":true,"href":"https:\/\/serrafm879.com.br\/serrafm\/wp-json\/wp\/v2\/comments?post=20550"}],"version-history":[{"count":1,"href":"https:\/\/serrafm879.com.br\/serrafm\/wp-json\/wp\/v2\/posts\/20550\/revisions"}],"predecessor-version":[{"id":20552,"href":"https:\/\/serrafm879.com.br\/serrafm\/wp-json\/wp\/v2\/posts\/20550\/revisions\/20552"}],"wp:featuredmedia":[{"embeddable":true,"href":"https:\/\/serrafm879.com.br\/serrafm\/wp-json\/wp\/v2\/media\/20551"}],"wp:attachment":[{"href":"https:\/\/serrafm879.com.br\/serrafm\/wp-json\/wp\/v2\/media?parent=20550"}],"wp:term":[{"taxonomy":"category","embeddable":true,"href":"https:\/\/serrafm879.com.br\/serrafm\/wp-json\/wp\/v2\/categories?post=20550"},{"taxonomy":"post_tag","embeddable":true,"href":"https:\/\/serrafm879.com.br\/serrafm\/wp-json\/wp\/v2\/tags?post=20550"}],"curies":[{"name":"wp","href":"https:\/\/api.w.org\/{rel}","templated":true}]}}