{"id":20563,"date":"2025-02-10T17:03:08","date_gmt":"2025-02-10T20:03:08","guid":{"rendered":"https:\/?p=20563"},"modified":"2025-02-10T17:03:08","modified_gmt":"2025-02-10T20:03:08","slug":"crianca-e-dois-adolescentes-ficam-feridos-em-tiroteio-entre-pms-e-suspeito-de-tentativa-de-homicidio","status":"publish","type":"post","link":"https:\/\/serrafm879.com.br\/serrafm\/2025\/02\/crianca-e-dois-adolescentes-ficam-feridos-em-tiroteio-entre-pms-e-suspeito-de-tentativa-de-homicidio\/","title":{"rendered":"Crian\u00e7a e dois adolescentes ficam feridos em tiroteio entre PMs e suspeito de tentativa de homic\u00eddio"},"content":{"rendered":"<p>Uma crian\u00e7a de 10 anos e dois adolescentes de 15 anos\u00a0foram feridos durante um tiroteio entre policiais militares e um homem suspeito de tentativa de homic\u00eddio.<\/p>\n<p>O caso aconteceu nesse domingo (9), no bairro de Ponte dos Carvalhos, no Cabo de Santo Agostinho, na Regi\u00e3o Metropolitana do Recife.<\/p>\n<p>Segundo nota conjunta das Pol\u00edcias Militar e Civil de\u00a0<a href=\"https:\/\/www.folhape.com.br\/noticias\/pernambuco\/\" target=\"_self\" rel=\"noopener\"><strong>Pernambuco<\/strong><\/a>, o caso aconteceu durante buscas pelo criminoso.<\/p>\n<p>&#8220;Militares que realizavam o policiamento ostensivo foram alvos de tiros&#8221;, diz o comunicado.<\/p>\n<p>Ainda de acordo com a nota, houve confronto, e uma crian\u00e7a e dois adolescentes foram\u00a0atingidos.<\/p>\n<p>&#8220;Eles foram encaminhados para unidades hospitalares e est\u00e3o est\u00e1veis&#8221;, afirma a nota. Os nomes das v\u00edtimas n\u00e3o foram divulgados.<\/p>\n<p>Al\u00e9m disso,\u00a0um dos suspeitos de atirar contra a pol\u00edcia tamb\u00e9m foi ferido no ombro e socorrido para uma unidade hospitalar, onde est\u00e1 custodiado.<\/p>\n<p>As investiga\u00e7\u00f5es ficar\u00e3o a cargo da 14\u00aa Delegacia de Pol\u00edcia de Homic\u00eddios, do\u00a0Cabo de Santo Agostinho.<\/p>\n<p>Um procedimento administrativo ser\u00e1 aberto pela Pol\u00edcia Militar para investigar a a\u00e7\u00e3o policial.<\/p>\n","protected":false},"excerpt":{"rendered":"<p>Uma crian\u00e7a de 10 anos e dois adolescentes de 15 anos\u00a0foram feridos durante um tiroteio entre policiais militares e um homem suspeito de tentativa de homic\u00eddio. O caso aconteceu nesse domingo (9), no bairro de Ponte dos Carvalhos, no Cabo de Santo Agostinho, na Regi\u00e3o Metropolitana do Recife. Segundo nota conjunta das Pol\u00edcias Militar e Civil de\u00a0Pernambuco, o caso aconteceu durante buscas pelo criminoso. &#8220;Militares que realizavam o policiamento ostensivo foram alvos de tiros&#8221;, diz o comunicado. Ainda de acordo com a nota, houve confronto, e uma crian\u00e7a e dois adolescentes foram\u00a0atingidos. &#8220;Eles foram encaminhados para unidades hospitalares e est\u00e3o [&hellip;]<\/p>\n","protected":false},"author":2,"featured_media":20564,"comment_status":"open","ping_status":"open","sticky":false,"template":"","format":"standard","meta":{"_jetpack_newsletter_access":"","_jetpack_dont_email_post_to_subs":false,"_jetpack_newsletter_tier_id":0,"_jetpack_memberships_contains_paywalled_content":false,"_jetpack_feature_clip_id":0,"_jetpack_memberships_contains_paid_content":false,"footnotes":"","jetpack_publicize_message":"","jetpack_publicize_feature_enabled":true,"jetpack_social_post_already_shared":true,"jetpack_social_options":{"image_generator_settings":{"template":"highway","default_image_id":0,"font":"","enabled":false},"version":2},"jetpack_post_was_ever_published":false},"categories":[1],"tags":[],"class_list":["post-20563","post","type-post","status-publish","format-standard","has-post-thumbnail","hentry","category-uncategorized"],"aioseo_notices":[],"aioseo_head":"\n\t\t<!-- All in One SEO 4.9.10 - aioseo.com -->\n\t<meta name=\"description\" content=\"Uma crian\u00e7a de 10 anos e dois adolescentes de 15 anos foram feridos durante um tiroteio entre policiais militares e um homem suspeito de tentativa de homic\u00eddio. O caso aconteceu nesse domingo (9), no bairro de Ponte dos Carvalhos, no Cabo de Santo Agostinho, na Regi\u00e3o Metropolitana do Recife. Segundo nota conjunta das Pol\u00edcias Militar e\" \/>\n\t<meta name=\"robots\" content=\"max-image-preview:large\" \/>\n\t<meta name=\"author\" content=\"serrafm87\"\/>\n\t<link rel=\"canonical\" href=\"https:\/\/serrafm879.com.br\/serrafm\/2025\/02\/crianca-e-dois-adolescentes-ficam-feridos-em-tiroteio-entre-pms-e-suspeito-de-tentativa-de-homicidio\/\" \/>\n\t<meta name=\"generator\" content=\"All in One SEO (AIOSEO) 4.9.10\" \/>\n\t\t<meta name=\"twitter:card\" content=\"summary_large_image\" \/>\n\t\t<meta name=\"twitter:title\" content=\"Crian\u00e7a e dois adolescentes ficam feridos em tiroteio entre PMs e suspeito de tentativa de homic\u00eddio - Serra FM 87,9\" \/>\n\t\t<meta name=\"twitter:description\" content=\"Uma crian\u00e7a de 10 anos e dois adolescentes de 15 anos foram feridos durante um tiroteio entre policiais militares e um homem suspeito de tentativa de homic\u00eddio. O caso aconteceu nesse domingo (9), no bairro de Ponte dos Carvalhos, no Cabo de Santo Agostinho, na Regi\u00e3o Metropolitana do Recife. Segundo nota conjunta das Pol\u00edcias Militar e\" \/>\n\t\t<meta name=\"twitter:image\" content=\"https:\/\/serrafm879.com.br\/serrafm\/wp-content\/uploads\/2025\/02\/sem-titulo_10.png\" \/>\n\t\t<script type=\"application\/ld+json\" class=\"aioseo-schema\">\n\t\t\t{\"@context\":\"https:\\\/\\\/schema.org\",\"@graph\":[{\"@type\":\"BlogPosting\",\"@id\":\"https:\\\/\\\/serrafm879.com.br\\\/serrafm\\\/2025\\\/02\\\/crianca-e-dois-adolescentes-ficam-feridos-em-tiroteio-entre-pms-e-suspeito-de-tentativa-de-homicidio\\\/#blogposting\",\"name\":\"Crian\\u00e7a e dois adolescentes ficam feridos em tiroteio entre PMs e suspeito de tentativa de homic\\u00eddio - Serra FM 87,9\",\"headline\":\"Crian\\u00e7a e dois adolescentes ficam feridos em tiroteio entre PMs e suspeito de tentativa de homic\\u00eddio\",\"author\":{\"@id\":\"https:\\\/\\\/serrafm879.com.br\\\/serrafm\\\/author\\\/serrafm87\\\/#author\"},\"publisher\":{\"@id\":\"https:\\\/\\\/serrafm879.com.br\\\/serrafm\\\/#organization\"},\"image\":{\"@type\":\"ImageObject\",\"url\":\"https:\\\/\\\/serrafm879.com.br\\\/serrafm\\\/wp-content\\\/uploads\\\/2025\\\/02\\\/sem-titulo_10.png\",\"width\":1081,\"height\":675},\"datePublished\":\"2025-02-10T17:03:08-03:00\",\"dateModified\":\"2025-02-10T17:03:08-03:00\",\"inLanguage\":\"pt-BR\",\"mainEntityOfPage\":{\"@id\":\"https:\\\/\\\/serrafm879.com.br\\\/serrafm\\\/2025\\\/02\\\/crianca-e-dois-adolescentes-ficam-feridos-em-tiroteio-entre-pms-e-suspeito-de-tentativa-de-homicidio\\\/#webpage\"},\"isPartOf\":{\"@id\":\"https:\\\/\\\/serrafm879.com.br\\\/serrafm\\\/2025\\\/02\\\/crianca-e-dois-adolescentes-ficam-feridos-em-tiroteio-entre-pms-e-suspeito-de-tentativa-de-homicidio\\\/#webpage\"},\"articleSection\":\"Uncategorized\"},{\"@type\":\"BreadcrumbList\",\"@id\":\"https:\\\/\\\/serrafm879.com.br\\\/serrafm\\\/2025\\\/02\\\/crianca-e-dois-adolescentes-ficam-feridos-em-tiroteio-entre-pms-e-suspeito-de-tentativa-de-homicidio\\\/#breadcrumblist\",\"itemListElement\":[{\"@type\":\"ListItem\",\"@id\":\"https:\\\/\\\/serrafm879.com.br\\\/serrafm#listItem\",\"position\":1,\"name\":\"Home\",\"item\":\"https:\\\/\\\/serrafm879.com.br\\\/serrafm\",\"nextItem\":{\"@type\":\"ListItem\",\"@id\":\"https:\\\/\\\/serrafm879.com.br\\\/serrafm\\\/categoria\\\/uncategorized\\\/#listItem\",\"name\":\"Uncategorized\"}},{\"@type\":\"ListItem\",\"@id\":\"https:\\\/\\\/serrafm879.com.br\\\/serrafm\\\/categoria\\\/uncategorized\\\/#listItem\",\"position\":2,\"name\":\"Uncategorized\",\"item\":\"https:\\\/\\\/serrafm879.com.br\\\/serrafm\\\/categoria\\\/uncategorized\\\/\",\"nextItem\":{\"@type\":\"ListItem\",\"@id\":\"https:\\\/\\\/serrafm879.com.br\\\/serrafm\\\/2025\\\/02\\\/crianca-e-dois-adolescentes-ficam-feridos-em-tiroteio-entre-pms-e-suspeito-de-tentativa-de-homicidio\\\/#listItem\",\"name\":\"Crian\\u00e7a e dois adolescentes ficam feridos em tiroteio entre PMs e suspeito de tentativa de homic\\u00eddio\"},\"previousItem\":{\"@type\":\"ListItem\",\"@id\":\"https:\\\/\\\/serrafm879.com.br\\\/serrafm#listItem\",\"name\":\"Home\"}},{\"@type\":\"ListItem\",\"@id\":\"https:\\\/\\\/serrafm879.com.br\\\/serrafm\\\/2025\\\/02\\\/crianca-e-dois-adolescentes-ficam-feridos-em-tiroteio-entre-pms-e-suspeito-de-tentativa-de-homicidio\\\/#listItem\",\"position\":3,\"name\":\"Crian\\u00e7a e dois adolescentes ficam feridos em tiroteio entre PMs e suspeito de tentativa de homic\\u00eddio\",\"previousItem\":{\"@type\":\"ListItem\",\"@id\":\"https:\\\/\\\/serrafm879.com.br\\\/serrafm\\\/categoria\\\/uncategorized\\\/#listItem\",\"name\":\"Uncategorized\"}}]},{\"@type\":\"Organization\",\"@id\":\"https:\\\/\\\/serrafm879.com.br\\\/serrafm\\\/#organization\",\"name\":\"Serra FM 87,9\",\"description\":\"O seu novo amor!\",\"url\":\"https:\\\/\\\/serrafm879.com.br\\\/serrafm\\\/\"},{\"@type\":\"Person\",\"@id\":\"https:\\\/\\\/serrafm879.com.br\\\/serrafm\\\/author\\\/serrafm87\\\/#author\",\"url\":\"https:\\\/\\\/serrafm879.com.br\\\/serrafm\\\/author\\\/serrafm87\\\/\",\"name\":\"serrafm87\",\"image\":{\"@type\":\"ImageObject\",\"@id\":\"https:\\\/\\\/serrafm879.com.br\\\/serrafm\\\/2025\\\/02\\\/crianca-e-dois-adolescentes-ficam-feridos-em-tiroteio-entre-pms-e-suspeito-de-tentativa-de-homicidio\\\/#authorImage\",\"url\":\"https:\\\/\\\/secure.gravatar.com\\\/avatar\\\/a743233f1112d34f48bb3dc9559b76eb930bab8b27175856cba6362608736235?s=96&d=mm&r=g\",\"width\":96,\"height\":96,\"caption\":\"serrafm87\"}},{\"@type\":\"WebPage\",\"@id\":\"https:\\\/\\\/serrafm879.com.br\\\/serrafm\\\/2025\\\/02\\\/crianca-e-dois-adolescentes-ficam-feridos-em-tiroteio-entre-pms-e-suspeito-de-tentativa-de-homicidio\\\/#webpage\",\"url\":\"https:\\\/\\\/serrafm879.com.br\\\/serrafm\\\/2025\\\/02\\\/crianca-e-dois-adolescentes-ficam-feridos-em-tiroteio-entre-pms-e-suspeito-de-tentativa-de-homicidio\\\/\",\"name\":\"Crian\\u00e7a e dois adolescentes ficam feridos em tiroteio entre PMs e suspeito de tentativa de homic\\u00eddio - Serra FM 87,9\",\"description\":\"Uma crian\\u00e7a de 10 anos e dois adolescentes de 15 anos foram feridos durante um tiroteio entre policiais militares e um homem suspeito de tentativa de homic\\u00eddio. O caso aconteceu nesse domingo (9), no bairro de Ponte dos Carvalhos, no Cabo de Santo Agostinho, na Regi\\u00e3o Metropolitana do Recife. Segundo nota conjunta das Pol\\u00edcias Militar e\",\"inLanguage\":\"pt-BR\",\"isPartOf\":{\"@id\":\"https:\\\/\\\/serrafm879.com.br\\\/serrafm\\\/#website\"},\"breadcrumb\":{\"@id\":\"https:\\\/\\\/serrafm879.com.br\\\/serrafm\\\/2025\\\/02\\\/crianca-e-dois-adolescentes-ficam-feridos-em-tiroteio-entre-pms-e-suspeito-de-tentativa-de-homicidio\\\/#breadcrumblist\"},\"author\":{\"@id\":\"https:\\\/\\\/serrafm879.com.br\\\/serrafm\\\/author\\\/serrafm87\\\/#author\"},\"creator\":{\"@id\":\"https:\\\/\\\/serrafm879.com.br\\\/serrafm\\\/author\\\/serrafm87\\\/#author\"},\"image\":{\"@type\":\"ImageObject\",\"url\":\"https:\\\/\\\/serrafm879.com.br\\\/serrafm\\\/wp-content\\\/uploads\\\/2025\\\/02\\\/sem-titulo_10.png\",\"@id\":\"https:\\\/\\\/serrafm879.com.br\\\/serrafm\\\/2025\\\/02\\\/crianca-e-dois-adolescentes-ficam-feridos-em-tiroteio-entre-pms-e-suspeito-de-tentativa-de-homicidio\\\/#mainImage\",\"width\":1081,\"height\":675},\"primaryImageOfPage\":{\"@id\":\"https:\\\/\\\/serrafm879.com.br\\\/serrafm\\\/2025\\\/02\\\/crianca-e-dois-adolescentes-ficam-feridos-em-tiroteio-entre-pms-e-suspeito-de-tentativa-de-homicidio\\\/#mainImage\"},\"datePublished\":\"2025-02-10T17:03:08-03:00\",\"dateModified\":\"2025-02-10T17:03:08-03:00\"},{\"@type\":\"WebSite\",\"@id\":\"https:\\\/\\\/serrafm879.com.br\\\/serrafm\\\/#website\",\"url\":\"https:\\\/\\\/serrafm879.com.br\\\/serrafm\\\/\",\"name\":\"Serra FM 87,9\",\"description\":\"O seu novo amor!\",\"inLanguage\":\"pt-BR\",\"publisher\":{\"@id\":\"https:\\\/\\\/serrafm879.com.br\\\/serrafm\\\/#organization\"}}]}\n\t\t<\/script>\n\t\t<!-- All in One SEO -->\n\n","aioseo_head_json":{"title":"Crian\u00e7a e dois adolescentes ficam feridos em tiroteio entre PMs e suspeito de tentativa de homic\u00eddio - Serra FM 87,9","description":"Uma crian\u00e7a de 10 anos e dois adolescentes de 15 anos foram feridos durante um tiroteio entre policiais militares e um homem suspeito de tentativa de homic\u00eddio. O caso aconteceu nesse domingo (9), no bairro de Ponte dos Carvalhos, no Cabo de Santo Agostinho, na Regi\u00e3o Metropolitana do Recife. Segundo nota conjunta das Pol\u00edcias Militar e","canonical_url":"https:\/\/serrafm879.com.br\/serrafm\/2025\/02\/crianca-e-dois-adolescentes-ficam-feridos-em-tiroteio-entre-pms-e-suspeito-de-tentativa-de-homicidio\/","robots":"max-image-preview:large","keywords":"","webmasterTools":{"miscellaneous":""},"schema":{"@context":"https:\/\/schema.org","@graph":[{"@type":"BlogPosting","@id":"https:\/\/serrafm879.com.br\/serrafm\/2025\/02\/crianca-e-dois-adolescentes-ficam-feridos-em-tiroteio-entre-pms-e-suspeito-de-tentativa-de-homicidio\/#blogposting","name":"Crian\u00e7a e dois adolescentes ficam feridos em tiroteio entre PMs e suspeito de tentativa de homic\u00eddio - Serra FM 87,9","headline":"Crian\u00e7a e dois adolescentes ficam feridos em tiroteio entre PMs e suspeito de tentativa de homic\u00eddio","author":{"@id":"https:\/\/serrafm879.com.br\/serrafm\/author\/serrafm87\/#author"},"publisher":{"@id":"https:\/\/serrafm879.com.br\/serrafm\/#organization"},"image":{"@type":"ImageObject","url":"https:\/\/serrafm879.com.br\/serrafm\/wp-content\/uploads\/2025\/02\/sem-titulo_10.png","width":1081,"height":675},"datePublished":"2025-02-10T17:03:08-03:00","dateModified":"2025-02-10T17:03:08-03:00","inLanguage":"pt-BR","mainEntityOfPage":{"@id":"https:\/\/serrafm879.com.br\/serrafm\/2025\/02\/crianca-e-dois-adolescentes-ficam-feridos-em-tiroteio-entre-pms-e-suspeito-de-tentativa-de-homicidio\/#webpage"},"isPartOf":{"@id":"https:\/\/serrafm879.com.br\/serrafm\/2025\/02\/crianca-e-dois-adolescentes-ficam-feridos-em-tiroteio-entre-pms-e-suspeito-de-tentativa-de-homicidio\/#webpage"},"articleSection":"Uncategorized"},{"@type":"BreadcrumbList","@id":"https:\/\/serrafm879.com.br\/serrafm\/2025\/02\/crianca-e-dois-adolescentes-ficam-feridos-em-tiroteio-entre-pms-e-suspeito-de-tentativa-de-homicidio\/#breadcrumblist","itemListElement":[{"@type":"ListItem","@id":"https:\/\/serrafm879.com.br\/serrafm#listItem","position":1,"name":"Home","item":"https:\/\/serrafm879.com.br\/serrafm","nextItem":{"@type":"ListItem","@id":"https:\/\/serrafm879.com.br\/serrafm\/categoria\/uncategorized\/#listItem","name":"Uncategorized"}},{"@type":"ListItem","@id":"https:\/\/serrafm879.com.br\/serrafm\/categoria\/uncategorized\/#listItem","position":2,"name":"Uncategorized","item":"https:\/\/serrafm879.com.br\/serrafm\/categoria\/uncategorized\/","nextItem":{"@type":"ListItem","@id":"https:\/\/serrafm879.com.br\/serrafm\/2025\/02\/crianca-e-dois-adolescentes-ficam-feridos-em-tiroteio-entre-pms-e-suspeito-de-tentativa-de-homicidio\/#listItem","name":"Crian\u00e7a e dois adolescentes ficam feridos em tiroteio entre PMs e suspeito de tentativa de homic\u00eddio"},"previousItem":{"@type":"ListItem","@id":"https:\/\/serrafm879.com.br\/serrafm#listItem","name":"Home"}},{"@type":"ListItem","@id":"https:\/\/serrafm879.com.br\/serrafm\/2025\/02\/crianca-e-dois-adolescentes-ficam-feridos-em-tiroteio-entre-pms-e-suspeito-de-tentativa-de-homicidio\/#listItem","position":3,"name":"Crian\u00e7a e dois adolescentes ficam feridos em tiroteio entre PMs e suspeito de tentativa de homic\u00eddio","previousItem":{"@type":"ListItem","@id":"https:\/\/serrafm879.com.br\/serrafm\/categoria\/uncategorized\/#listItem","name":"Uncategorized"}}]},{"@type":"Organization","@id":"https:\/\/serrafm879.com.br\/serrafm\/#organization","name":"Serra FM 87,9","description":"O seu novo amor!","url":"https:\/\/serrafm879.com.br\/serrafm\/"},{"@type":"Person","@id":"https:\/\/serrafm879.com.br\/serrafm\/author\/serrafm87\/#author","url":"https:\/\/serrafm879.com.br\/serrafm\/author\/serrafm87\/","name":"serrafm87","image":{"@type":"ImageObject","@id":"https:\/\/serrafm879.com.br\/serrafm\/2025\/02\/crianca-e-dois-adolescentes-ficam-feridos-em-tiroteio-entre-pms-e-suspeito-de-tentativa-de-homicidio\/#authorImage","url":"https:\/\/secure.gravatar.com\/avatar\/a743233f1112d34f48bb3dc9559b76eb930bab8b27175856cba6362608736235?s=96&d=mm&r=g","width":96,"height":96,"caption":"serrafm87"}},{"@type":"WebPage","@id":"https:\/\/serrafm879.com.br\/serrafm\/2025\/02\/crianca-e-dois-adolescentes-ficam-feridos-em-tiroteio-entre-pms-e-suspeito-de-tentativa-de-homicidio\/#webpage","url":"https:\/\/serrafm879.com.br\/serrafm\/2025\/02\/crianca-e-dois-adolescentes-ficam-feridos-em-tiroteio-entre-pms-e-suspeito-de-tentativa-de-homicidio\/","name":"Crian\u00e7a e dois adolescentes ficam feridos em tiroteio entre PMs e suspeito de tentativa de homic\u00eddio - Serra FM 87,9","description":"Uma crian\u00e7a de 10 anos e dois adolescentes de 15 anos foram feridos durante um tiroteio entre policiais militares e um homem suspeito de tentativa de homic\u00eddio. O caso aconteceu nesse domingo (9), no bairro de Ponte dos Carvalhos, no Cabo de Santo Agostinho, na Regi\u00e3o Metropolitana do Recife. Segundo nota conjunta das Pol\u00edcias Militar e","inLanguage":"pt-BR","isPartOf":{"@id":"https:\/\/serrafm879.com.br\/serrafm\/#website"},"breadcrumb":{"@id":"https:\/\/serrafm879.com.br\/serrafm\/2025\/02\/crianca-e-dois-adolescentes-ficam-feridos-em-tiroteio-entre-pms-e-suspeito-de-tentativa-de-homicidio\/#breadcrumblist"},"author":{"@id":"https:\/\/serrafm879.com.br\/serrafm\/author\/serrafm87\/#author"},"creator":{"@id":"https:\/\/serrafm879.com.br\/serrafm\/author\/serrafm87\/#author"},"image":{"@type":"ImageObject","url":"https:\/\/serrafm879.com.br\/serrafm\/wp-content\/uploads\/2025\/02\/sem-titulo_10.png","@id":"https:\/\/serrafm879.com.br\/serrafm\/2025\/02\/crianca-e-dois-adolescentes-ficam-feridos-em-tiroteio-entre-pms-e-suspeito-de-tentativa-de-homicidio\/#mainImage","width":1081,"height":675},"primaryImageOfPage":{"@id":"https:\/\/serrafm879.com.br\/serrafm\/2025\/02\/crianca-e-dois-adolescentes-ficam-feridos-em-tiroteio-entre-pms-e-suspeito-de-tentativa-de-homicidio\/#mainImage"},"datePublished":"2025-02-10T17:03:08-03:00","dateModified":"2025-02-10T17:03:08-03:00"},{"@type":"WebSite","@id":"https:\/\/serrafm879.com.br\/serrafm\/#website","url":"https:\/\/serrafm879.com.br\/serrafm\/","name":"Serra FM 87,9","description":"O seu novo amor!","inLanguage":"pt-BR","publisher":{"@id":"https:\/\/serrafm879.com.br\/serrafm\/#organization"}}]},"twitter:card":"summary_large_image","twitter:title":"Crian\u00e7a e dois adolescentes ficam feridos em tiroteio entre PMs e suspeito de tentativa de homic\u00eddio - Serra FM 87,9","twitter:description":"Uma crian\u00e7a de 10 anos e dois adolescentes de 15 anos foram feridos durante um tiroteio entre policiais militares e um homem suspeito de tentativa de homic\u00eddio. O caso aconteceu nesse domingo (9), no bairro de Ponte dos Carvalhos, no Cabo de Santo Agostinho, na Regi\u00e3o Metropolitana do Recife. Segundo nota conjunta das Pol\u00edcias Militar e","twitter:image":"https:\/\/serrafm879.com.br\/serrafm\/wp-content\/uploads\/2025\/02\/sem-titulo_10.png"},"aioseo_meta_data":{"post_id":"20563","title":null,"description":null,"keywords":null,"keyphrases":null,"primary_term":null,"canonical_url":null,"og_title":null,"og_description":null,"og_object_type":"default","og_image_type":"default","og_image_custom_url":null,"og_image_custom_fields":null,"og_image_url":null,"og_image_width":null,"og_image_height":null,"og_video":null,"og_custom_url":null,"og_article_section":null,"og_article_tags":null,"twitter_use_og":false,"twitter_card":"default","twitter_image_type":"default","twitter_image_custom_url":null,"twitter_image_custom_fields":null,"twitter_image_url":null,"twitter_title":null,"twitter_description":null,"schema_type":"default","schema_type_options":null,"schema":{"blockGraphs":[],"customGraphs":[],"default":{"data":{"Article":[],"Course":[],"Dataset":[],"FAQPage":[],"Movie":[],"Person":[],"Product":[],"ProductReview":[],"Car":[],"Recipe":[],"Service":[],"SoftwareApplication":[],"WebPage":[]},"graphName":"","isEnabled":true},"graphs":[]},"pillar_content":false,"robots_default":true,"robots_noindex":false,"robots_noarchive":false,"robots_nosnippet":false,"robots_nofollow":false,"robots_noimageindex":false,"robots_noodp":false,"robots_notranslate":false,"robots_max_snippet":null,"robots_max_videopreview":null,"robots_max_imagepreview":"large","priority":null,"frequency":null,"local_seo":null,"limit_modified_date":false,"ai":null,"breadcrumb_settings":null,"seo_analyzer_scan_date":null,"created":"2026-07-21 13:36:03","updated":"2026-07-21 13:36:03"},"aioseo_breadcrumb":"<div class=\"aioseo-breadcrumbs\"><span class=\"aioseo-breadcrumb\">\n\t\t\t<a href=\"https:\/\/serrafm879.com.br\/serrafm\" title=\"Home\">Home<\/a>\n\t\t<\/span><span class=\"aioseo-breadcrumb-separator\">&raquo;<\/span><span class=\"aioseo-breadcrumb\">\n\t\t\t<a href=\"https:\/\/serrafm879.com.br\/serrafm\/categoria\/uncategorized\/\" title=\"Uncategorized\">Uncategorized<\/a>\n\t\t<\/span><span class=\"aioseo-breadcrumb-separator\">&raquo;<\/span><span class=\"aioseo-breadcrumb\">\n\t\t\tCrian\u00e7a e dois adolescentes ficam feridos em tiroteio entre PMs e suspeito de tentativa de homic\u00eddio\n\t\t<\/span><\/div>","aioseo_breadcrumb_json":[{"label":"Home","link":"https:\/\/serrafm879.com.br\/serrafm"},{"label":"Uncategorized","link":"https:\/\/serrafm879.com.br\/serrafm\/categoria\/uncategorized\/"},{"label":"Crian\u00e7a e dois adolescentes ficam feridos em tiroteio entre PMs e suspeito de tentativa de homic\u00eddio","link":"https:\/\/serrafm879.com.br\/serrafm\/2025\/02\/crianca-e-dois-adolescentes-ficam-feridos-em-tiroteio-entre-pms-e-suspeito-de-tentativa-de-homicidio\/"}],"jetpack_publicize_connections":[],"jetpack_featured_media_url":"https:\/\/serrafm879.com.br\/serrafm\/wp-content\/uploads\/2025\/02\/sem-titulo_10.png","jetpack_shortlink":"https:\/\/wp.me\/p7HyXg-5lF","jetpack_sharing_enabled":true,"_links":{"self":[{"href":"https:\/\/serrafm879.com.br\/serrafm\/wp-json\/wp\/v2\/posts\/20563","targetHints":{"allow":["GET"]}}],"collection":[{"href":"https:\/\/serrafm879.com.br\/serrafm\/wp-json\/wp\/v2\/posts"}],"about":[{"href":"https:\/\/serrafm879.com.br\/serrafm\/wp-json\/wp\/v2\/types\/post"}],"author":[{"embeddable":true,"href":"https:\/\/serrafm879.com.br\/serrafm\/wp-json\/wp\/v2\/users\/2"}],"replies":[{"embeddable":true,"href":"https:\/\/serrafm879.com.br\/serrafm\/wp-json\/wp\/v2\/comments?post=20563"}],"version-history":[{"count":1,"href":"https:\/\/serrafm879.com.br\/serrafm\/wp-json\/wp\/v2\/posts\/20563\/revisions"}],"predecessor-version":[{"id":20565,"href":"https:\/\/serrafm879.com.br\/serrafm\/wp-json\/wp\/v2\/posts\/20563\/revisions\/20565"}],"wp:featuredmedia":[{"embeddable":true,"href":"https:\/\/serrafm879.com.br\/serrafm\/wp-json\/wp\/v2\/media\/20564"}],"wp:attachment":[{"href":"https:\/\/serrafm879.com.br\/serrafm\/wp-json\/wp\/v2\/media?parent=20563"}],"wp:term":[{"taxonomy":"category","embeddable":true,"href":"https:\/\/serrafm879.com.br\/serrafm\/wp-json\/wp\/v2\/categories?post=20563"},{"taxonomy":"post_tag","embeddable":true,"href":"https:\/\/serrafm879.com.br\/serrafm\/wp-json\/wp\/v2\/tags?post=20563"}],"curies":[{"name":"wp","href":"https:\/\/api.w.org\/{rel}","templated":true}]}}