{"id":20569,"date":"2025-02-11T07:52:34","date_gmt":"2025-02-11T10:52:34","guid":{"rendered":"https:\/?p=20569"},"modified":"2025-02-11T07:52:34","modified_gmt":"2025-02-11T10:52:34","slug":"afogados-da-ingazeira-conquista-selo-ouro-de-compromisso-com-a-alfabetizacao","status":"publish","type":"post","link":"https:\/\/serrafm879.com.br\/serrafm\/2025\/02\/afogados-da-ingazeira-conquista-selo-ouro-de-compromisso-com-a-alfabetizacao\/","title":{"rendered":"Afogados da Ingazeira conquista selo ouro de compromisso com a alfabetiza\u00e7\u00e3o"},"content":{"rendered":"<p>A Prefeitura de Afogados da Ingazeira conquistou o selo ouro de compromisso com a alfabetiza\u00e7\u00e3o. A premia\u00e7\u00e3o aconteceu nesta segunda (10), em Bras\u00edlia \u2013 DF. A Prefeitura de Afogados foi representada pela secret\u00e1ria municipal de educa\u00e7\u00e3o Wivianne Fonseca.<\/p>\n<p>A premia\u00e7\u00e3o reconheceu os esfor\u00e7os empreendidos por estados e munic\u00edpios na busca pela alfabetiza\u00e7\u00e3o das crian\u00e7as na idade certa. A iniciativa do Governo Federal integra o Compromisso Nacional Crian\u00e7a Alfabetizada (CNCA), lan\u00e7ado em 2023 pelo Minist\u00e9rio da Educa\u00e7\u00e3o (MEC).<\/p>\n<p>Afogados da Ingazeira participou do evento por alcan\u00e7ar o selo na categoria ouro e atingir nota m\u00e1xima na avalia\u00e7\u00e3o.<\/p>\n<p>\u201cEssa \u00e9 uma conquista de cada professor e professora que trabalha com compromisso pela alfabetiza\u00e7\u00e3o de cada estudante. Agradecemos muito, tamb\u00e9m, a equipe t\u00e9cnica dos Anos Iniciais, que atua com dedica\u00e7\u00e3o no acompanhamento \u00e0s escolas\u201d, destacou Wivianne.<\/p>\n<p>A cerim\u00f4nia teve a participa\u00e7\u00e3o do Presidente Lula e de diversas autoridades do Minist\u00e9rio da Educa\u00e7\u00e3o.<\/p>\n","protected":false},"excerpt":{"rendered":"<p>A Prefeitura de Afogados da Ingazeira conquistou o selo ouro de compromisso com a alfabetiza\u00e7\u00e3o. A premia\u00e7\u00e3o aconteceu nesta segunda (10), em Bras\u00edlia \u2013 DF. A Prefeitura de Afogados foi representada pela secret\u00e1ria municipal de educa\u00e7\u00e3o Wivianne Fonseca. A premia\u00e7\u00e3o reconheceu os esfor\u00e7os empreendidos por estados e munic\u00edpios na busca pela alfabetiza\u00e7\u00e3o das crian\u00e7as na idade certa. A iniciativa do Governo Federal integra o Compromisso Nacional Crian\u00e7a Alfabetizada (CNCA), lan\u00e7ado em 2023 pelo Minist\u00e9rio da Educa\u00e7\u00e3o (MEC). Afogados da Ingazeira participou do evento por alcan\u00e7ar o selo na categoria ouro e atingir nota m\u00e1xima na avalia\u00e7\u00e3o. \u201cEssa \u00e9 uma conquista [&hellip;]<\/p>\n","protected":false},"author":2,"featured_media":20570,"comment_status":"open","ping_status":"open","sticky":false,"template":"","format":"standard","meta":{"_jetpack_newsletter_access":"","_jetpack_dont_email_post_to_subs":false,"_jetpack_newsletter_tier_id":0,"_jetpack_memberships_contains_paywalled_content":false,"_jetpack_feature_clip_id":0,"_jetpack_memberships_contains_paid_content":false,"footnotes":"","jetpack_publicize_message":"","jetpack_publicize_feature_enabled":true,"jetpack_social_post_already_shared":true,"jetpack_social_options":{"image_generator_settings":{"template":"highway","default_image_id":0,"font":"","enabled":false},"version":2},"jetpack_post_was_ever_published":false},"categories":[1],"tags":[],"class_list":["post-20569","post","type-post","status-publish","format-standard","has-post-thumbnail","hentry","category-uncategorized"],"aioseo_notices":[],"aioseo_head":"\n\t\t<!-- All in One SEO 4.9.10 - aioseo.com -->\n\t<meta name=\"description\" content=\"A Prefeitura de Afogados da Ingazeira conquistou o selo ouro de compromisso com a alfabetiza\u00e7\u00e3o. A premia\u00e7\u00e3o aconteceu nesta segunda (10), em Bras\u00edlia \u2013 DF. A Prefeitura de Afogados foi representada pela secret\u00e1ria municipal de educa\u00e7\u00e3o Wivianne Fonseca. A premia\u00e7\u00e3o reconheceu os esfor\u00e7os empreendidos por estados e munic\u00edpios na busca pela alfabetiza\u00e7\u00e3o das crian\u00e7as na\" \/>\n\t<meta name=\"robots\" content=\"max-image-preview:large\" \/>\n\t<meta name=\"author\" content=\"serrafm87\"\/>\n\t<link rel=\"canonical\" href=\"https:\/\/serrafm879.com.br\/serrafm\/2025\/02\/afogados-da-ingazeira-conquista-selo-ouro-de-compromisso-com-a-alfabetizacao\/\" \/>\n\t<meta name=\"generator\" content=\"All in One SEO (AIOSEO) 4.9.10\" \/>\n\t\t<meta name=\"twitter:card\" content=\"summary_large_image\" \/>\n\t\t<meta name=\"twitter:title\" content=\"Afogados da Ingazeira conquista selo ouro de compromisso com a alfabetiza\u00e7\u00e3o - Serra FM 87,9\" \/>\n\t\t<meta name=\"twitter:description\" content=\"A Prefeitura de Afogados da Ingazeira conquistou o selo ouro de compromisso com a alfabetiza\u00e7\u00e3o. A premia\u00e7\u00e3o aconteceu nesta segunda (10), em Bras\u00edlia \u2013 DF. A Prefeitura de Afogados foi representada pela secret\u00e1ria municipal de educa\u00e7\u00e3o Wivianne Fonseca. A premia\u00e7\u00e3o reconheceu os esfor\u00e7os empreendidos por estados e munic\u00edpios na busca pela alfabetiza\u00e7\u00e3o das crian\u00e7as na\" \/>\n\t\t<meta name=\"twitter:image\" content=\"https:\/\/serrafm879.com.br\/serrafm\/wp-content\/uploads\/2025\/02\/vivianeeduc.jpg\" \/>\n\t\t<script type=\"application\/ld+json\" class=\"aioseo-schema\">\n\t\t\t{\"@context\":\"https:\\\/\\\/schema.org\",\"@graph\":[{\"@type\":\"BlogPosting\",\"@id\":\"https:\\\/\\\/serrafm879.com.br\\\/serrafm\\\/2025\\\/02\\\/afogados-da-ingazeira-conquista-selo-ouro-de-compromisso-com-a-alfabetizacao\\\/#blogposting\",\"name\":\"Afogados da Ingazeira conquista selo ouro de compromisso com a alfabetiza\\u00e7\\u00e3o - Serra FM 87,9\",\"headline\":\"Afogados da Ingazeira conquista selo ouro de compromisso com a alfabetiza\\u00e7\\u00e3o\",\"author\":{\"@id\":\"https:\\\/\\\/serrafm879.com.br\\\/serrafm\\\/author\\\/serrafm87\\\/#author\"},\"publisher\":{\"@id\":\"https:\\\/\\\/serrafm879.com.br\\\/serrafm\\\/#organization\"},\"image\":{\"@type\":\"ImageObject\",\"url\":\"https:\\\/\\\/serrafm879.com.br\\\/serrafm\\\/wp-content\\\/uploads\\\/2025\\\/02\\\/vivianeeduc.jpg\",\"width\":375,\"height\":400},\"datePublished\":\"2025-02-11T07:52:34-03:00\",\"dateModified\":\"2025-02-11T07:52:34-03:00\",\"inLanguage\":\"pt-BR\",\"mainEntityOfPage\":{\"@id\":\"https:\\\/\\\/serrafm879.com.br\\\/serrafm\\\/2025\\\/02\\\/afogados-da-ingazeira-conquista-selo-ouro-de-compromisso-com-a-alfabetizacao\\\/#webpage\"},\"isPartOf\":{\"@id\":\"https:\\\/\\\/serrafm879.com.br\\\/serrafm\\\/2025\\\/02\\\/afogados-da-ingazeira-conquista-selo-ouro-de-compromisso-com-a-alfabetizacao\\\/#webpage\"},\"articleSection\":\"Uncategorized\"},{\"@type\":\"BreadcrumbList\",\"@id\":\"https:\\\/\\\/serrafm879.com.br\\\/serrafm\\\/2025\\\/02\\\/afogados-da-ingazeira-conquista-selo-ouro-de-compromisso-com-a-alfabetizacao\\\/#breadcrumblist\",\"itemListElement\":[{\"@type\":\"ListItem\",\"@id\":\"https:\\\/\\\/serrafm879.com.br\\\/serrafm#listItem\",\"position\":1,\"name\":\"Home\",\"item\":\"https:\\\/\\\/serrafm879.com.br\\\/serrafm\",\"nextItem\":{\"@type\":\"ListItem\",\"@id\":\"https:\\\/\\\/serrafm879.com.br\\\/serrafm\\\/categoria\\\/uncategorized\\\/#listItem\",\"name\":\"Uncategorized\"}},{\"@type\":\"ListItem\",\"@id\":\"https:\\\/\\\/serrafm879.com.br\\\/serrafm\\\/categoria\\\/uncategorized\\\/#listItem\",\"position\":2,\"name\":\"Uncategorized\",\"item\":\"https:\\\/\\\/serrafm879.com.br\\\/serrafm\\\/categoria\\\/uncategorized\\\/\",\"nextItem\":{\"@type\":\"ListItem\",\"@id\":\"https:\\\/\\\/serrafm879.com.br\\\/serrafm\\\/2025\\\/02\\\/afogados-da-ingazeira-conquista-selo-ouro-de-compromisso-com-a-alfabetizacao\\\/#listItem\",\"name\":\"Afogados da Ingazeira conquista selo ouro de compromisso com a alfabetiza\\u00e7\\u00e3o\"},\"previousItem\":{\"@type\":\"ListItem\",\"@id\":\"https:\\\/\\\/serrafm879.com.br\\\/serrafm#listItem\",\"name\":\"Home\"}},{\"@type\":\"ListItem\",\"@id\":\"https:\\\/\\\/serrafm879.com.br\\\/serrafm\\\/2025\\\/02\\\/afogados-da-ingazeira-conquista-selo-ouro-de-compromisso-com-a-alfabetizacao\\\/#listItem\",\"position\":3,\"name\":\"Afogados da Ingazeira conquista selo ouro de compromisso com a alfabetiza\\u00e7\\u00e3o\",\"previousItem\":{\"@type\":\"ListItem\",\"@id\":\"https:\\\/\\\/serrafm879.com.br\\\/serrafm\\\/categoria\\\/uncategorized\\\/#listItem\",\"name\":\"Uncategorized\"}}]},{\"@type\":\"Organization\",\"@id\":\"https:\\\/\\\/serrafm879.com.br\\\/serrafm\\\/#organization\",\"name\":\"Serra FM 87,9\",\"description\":\"O seu novo amor!\",\"url\":\"https:\\\/\\\/serrafm879.com.br\\\/serrafm\\\/\"},{\"@type\":\"Person\",\"@id\":\"https:\\\/\\\/serrafm879.com.br\\\/serrafm\\\/author\\\/serrafm87\\\/#author\",\"url\":\"https:\\\/\\\/serrafm879.com.br\\\/serrafm\\\/author\\\/serrafm87\\\/\",\"name\":\"serrafm87\",\"image\":{\"@type\":\"ImageObject\",\"@id\":\"https:\\\/\\\/serrafm879.com.br\\\/serrafm\\\/2025\\\/02\\\/afogados-da-ingazeira-conquista-selo-ouro-de-compromisso-com-a-alfabetizacao\\\/#authorImage\",\"url\":\"https:\\\/\\\/secure.gravatar.com\\\/avatar\\\/a743233f1112d34f48bb3dc9559b76eb930bab8b27175856cba6362608736235?s=96&d=mm&r=g\",\"width\":96,\"height\":96,\"caption\":\"serrafm87\"}},{\"@type\":\"WebPage\",\"@id\":\"https:\\\/\\\/serrafm879.com.br\\\/serrafm\\\/2025\\\/02\\\/afogados-da-ingazeira-conquista-selo-ouro-de-compromisso-com-a-alfabetizacao\\\/#webpage\",\"url\":\"https:\\\/\\\/serrafm879.com.br\\\/serrafm\\\/2025\\\/02\\\/afogados-da-ingazeira-conquista-selo-ouro-de-compromisso-com-a-alfabetizacao\\\/\",\"name\":\"Afogados da Ingazeira conquista selo ouro de compromisso com a alfabetiza\\u00e7\\u00e3o - Serra FM 87,9\",\"description\":\"A Prefeitura de Afogados da Ingazeira conquistou o selo ouro de compromisso com a alfabetiza\\u00e7\\u00e3o. A premia\\u00e7\\u00e3o aconteceu nesta segunda (10), em Bras\\u00edlia \\u2013 DF. A Prefeitura de Afogados foi representada pela secret\\u00e1ria municipal de educa\\u00e7\\u00e3o Wivianne Fonseca. A premia\\u00e7\\u00e3o reconheceu os esfor\\u00e7os empreendidos por estados e munic\\u00edpios na busca pela alfabetiza\\u00e7\\u00e3o das crian\\u00e7as na\",\"inLanguage\":\"pt-BR\",\"isPartOf\":{\"@id\":\"https:\\\/\\\/serrafm879.com.br\\\/serrafm\\\/#website\"},\"breadcrumb\":{\"@id\":\"https:\\\/\\\/serrafm879.com.br\\\/serrafm\\\/2025\\\/02\\\/afogados-da-ingazeira-conquista-selo-ouro-de-compromisso-com-a-alfabetizacao\\\/#breadcrumblist\"},\"author\":{\"@id\":\"https:\\\/\\\/serrafm879.com.br\\\/serrafm\\\/author\\\/serrafm87\\\/#author\"},\"creator\":{\"@id\":\"https:\\\/\\\/serrafm879.com.br\\\/serrafm\\\/author\\\/serrafm87\\\/#author\"},\"image\":{\"@type\":\"ImageObject\",\"url\":\"https:\\\/\\\/serrafm879.com.br\\\/serrafm\\\/wp-content\\\/uploads\\\/2025\\\/02\\\/vivianeeduc.jpg\",\"@id\":\"https:\\\/\\\/serrafm879.com.br\\\/serrafm\\\/2025\\\/02\\\/afogados-da-ingazeira-conquista-selo-ouro-de-compromisso-com-a-alfabetizacao\\\/#mainImage\",\"width\":375,\"height\":400},\"primaryImageOfPage\":{\"@id\":\"https:\\\/\\\/serrafm879.com.br\\\/serrafm\\\/2025\\\/02\\\/afogados-da-ingazeira-conquista-selo-ouro-de-compromisso-com-a-alfabetizacao\\\/#mainImage\"},\"datePublished\":\"2025-02-11T07:52:34-03:00\",\"dateModified\":\"2025-02-11T07:52:34-03:00\"},{\"@type\":\"WebSite\",\"@id\":\"https:\\\/\\\/serrafm879.com.br\\\/serrafm\\\/#website\",\"url\":\"https:\\\/\\\/serrafm879.com.br\\\/serrafm\\\/\",\"name\":\"Serra FM 87,9\",\"description\":\"O seu novo amor!\",\"inLanguage\":\"pt-BR\",\"publisher\":{\"@id\":\"https:\\\/\\\/serrafm879.com.br\\\/serrafm\\\/#organization\"}}]}\n\t\t<\/script>\n\t\t<!-- All in One SEO -->\n\n","aioseo_head_json":{"title":"Afogados da Ingazeira conquista selo ouro de compromisso com a alfabetiza\u00e7\u00e3o - Serra FM 87,9","description":"A Prefeitura de Afogados da Ingazeira conquistou o selo ouro de compromisso com a alfabetiza\u00e7\u00e3o. A premia\u00e7\u00e3o aconteceu nesta segunda (10), em Bras\u00edlia \u2013 DF. A Prefeitura de Afogados foi representada pela secret\u00e1ria municipal de educa\u00e7\u00e3o Wivianne Fonseca. A premia\u00e7\u00e3o reconheceu os esfor\u00e7os empreendidos por estados e munic\u00edpios na busca pela alfabetiza\u00e7\u00e3o das crian\u00e7as na","canonical_url":"https:\/\/serrafm879.com.br\/serrafm\/2025\/02\/afogados-da-ingazeira-conquista-selo-ouro-de-compromisso-com-a-alfabetizacao\/","robots":"max-image-preview:large","keywords":"","webmasterTools":{"miscellaneous":""},"schema":{"@context":"https:\/\/schema.org","@graph":[{"@type":"BlogPosting","@id":"https:\/\/serrafm879.com.br\/serrafm\/2025\/02\/afogados-da-ingazeira-conquista-selo-ouro-de-compromisso-com-a-alfabetizacao\/#blogposting","name":"Afogados da Ingazeira conquista selo ouro de compromisso com a alfabetiza\u00e7\u00e3o - Serra FM 87,9","headline":"Afogados da Ingazeira conquista selo ouro de compromisso com a alfabetiza\u00e7\u00e3o","author":{"@id":"https:\/\/serrafm879.com.br\/serrafm\/author\/serrafm87\/#author"},"publisher":{"@id":"https:\/\/serrafm879.com.br\/serrafm\/#organization"},"image":{"@type":"ImageObject","url":"https:\/\/serrafm879.com.br\/serrafm\/wp-content\/uploads\/2025\/02\/vivianeeduc.jpg","width":375,"height":400},"datePublished":"2025-02-11T07:52:34-03:00","dateModified":"2025-02-11T07:52:34-03:00","inLanguage":"pt-BR","mainEntityOfPage":{"@id":"https:\/\/serrafm879.com.br\/serrafm\/2025\/02\/afogados-da-ingazeira-conquista-selo-ouro-de-compromisso-com-a-alfabetizacao\/#webpage"},"isPartOf":{"@id":"https:\/\/serrafm879.com.br\/serrafm\/2025\/02\/afogados-da-ingazeira-conquista-selo-ouro-de-compromisso-com-a-alfabetizacao\/#webpage"},"articleSection":"Uncategorized"},{"@type":"BreadcrumbList","@id":"https:\/\/serrafm879.com.br\/serrafm\/2025\/02\/afogados-da-ingazeira-conquista-selo-ouro-de-compromisso-com-a-alfabetizacao\/#breadcrumblist","itemListElement":[{"@type":"ListItem","@id":"https:\/\/serrafm879.com.br\/serrafm#listItem","position":1,"name":"Home","item":"https:\/\/serrafm879.com.br\/serrafm","nextItem":{"@type":"ListItem","@id":"https:\/\/serrafm879.com.br\/serrafm\/categoria\/uncategorized\/#listItem","name":"Uncategorized"}},{"@type":"ListItem","@id":"https:\/\/serrafm879.com.br\/serrafm\/categoria\/uncategorized\/#listItem","position":2,"name":"Uncategorized","item":"https:\/\/serrafm879.com.br\/serrafm\/categoria\/uncategorized\/","nextItem":{"@type":"ListItem","@id":"https:\/\/serrafm879.com.br\/serrafm\/2025\/02\/afogados-da-ingazeira-conquista-selo-ouro-de-compromisso-com-a-alfabetizacao\/#listItem","name":"Afogados da Ingazeira conquista selo ouro de compromisso com a alfabetiza\u00e7\u00e3o"},"previousItem":{"@type":"ListItem","@id":"https:\/\/serrafm879.com.br\/serrafm#listItem","name":"Home"}},{"@type":"ListItem","@id":"https:\/\/serrafm879.com.br\/serrafm\/2025\/02\/afogados-da-ingazeira-conquista-selo-ouro-de-compromisso-com-a-alfabetizacao\/#listItem","position":3,"name":"Afogados da Ingazeira conquista selo ouro de compromisso com a alfabetiza\u00e7\u00e3o","previousItem":{"@type":"ListItem","@id":"https:\/\/serrafm879.com.br\/serrafm\/categoria\/uncategorized\/#listItem","name":"Uncategorized"}}]},{"@type":"Organization","@id":"https:\/\/serrafm879.com.br\/serrafm\/#organization","name":"Serra FM 87,9","description":"O seu novo amor!","url":"https:\/\/serrafm879.com.br\/serrafm\/"},{"@type":"Person","@id":"https:\/\/serrafm879.com.br\/serrafm\/author\/serrafm87\/#author","url":"https:\/\/serrafm879.com.br\/serrafm\/author\/serrafm87\/","name":"serrafm87","image":{"@type":"ImageObject","@id":"https:\/\/serrafm879.com.br\/serrafm\/2025\/02\/afogados-da-ingazeira-conquista-selo-ouro-de-compromisso-com-a-alfabetizacao\/#authorImage","url":"https:\/\/secure.gravatar.com\/avatar\/a743233f1112d34f48bb3dc9559b76eb930bab8b27175856cba6362608736235?s=96&d=mm&r=g","width":96,"height":96,"caption":"serrafm87"}},{"@type":"WebPage","@id":"https:\/\/serrafm879.com.br\/serrafm\/2025\/02\/afogados-da-ingazeira-conquista-selo-ouro-de-compromisso-com-a-alfabetizacao\/#webpage","url":"https:\/\/serrafm879.com.br\/serrafm\/2025\/02\/afogados-da-ingazeira-conquista-selo-ouro-de-compromisso-com-a-alfabetizacao\/","name":"Afogados da Ingazeira conquista selo ouro de compromisso com a alfabetiza\u00e7\u00e3o - Serra FM 87,9","description":"A Prefeitura de Afogados da Ingazeira conquistou o selo ouro de compromisso com a alfabetiza\u00e7\u00e3o. A premia\u00e7\u00e3o aconteceu nesta segunda (10), em Bras\u00edlia \u2013 DF. A Prefeitura de Afogados foi representada pela secret\u00e1ria municipal de educa\u00e7\u00e3o Wivianne Fonseca. A premia\u00e7\u00e3o reconheceu os esfor\u00e7os empreendidos por estados e munic\u00edpios na busca pela alfabetiza\u00e7\u00e3o das crian\u00e7as na","inLanguage":"pt-BR","isPartOf":{"@id":"https:\/\/serrafm879.com.br\/serrafm\/#website"},"breadcrumb":{"@id":"https:\/\/serrafm879.com.br\/serrafm\/2025\/02\/afogados-da-ingazeira-conquista-selo-ouro-de-compromisso-com-a-alfabetizacao\/#breadcrumblist"},"author":{"@id":"https:\/\/serrafm879.com.br\/serrafm\/author\/serrafm87\/#author"},"creator":{"@id":"https:\/\/serrafm879.com.br\/serrafm\/author\/serrafm87\/#author"},"image":{"@type":"ImageObject","url":"https:\/\/serrafm879.com.br\/serrafm\/wp-content\/uploads\/2025\/02\/vivianeeduc.jpg","@id":"https:\/\/serrafm879.com.br\/serrafm\/2025\/02\/afogados-da-ingazeira-conquista-selo-ouro-de-compromisso-com-a-alfabetizacao\/#mainImage","width":375,"height":400},"primaryImageOfPage":{"@id":"https:\/\/serrafm879.com.br\/serrafm\/2025\/02\/afogados-da-ingazeira-conquista-selo-ouro-de-compromisso-com-a-alfabetizacao\/#mainImage"},"datePublished":"2025-02-11T07:52:34-03:00","dateModified":"2025-02-11T07:52:34-03:00"},{"@type":"WebSite","@id":"https:\/\/serrafm879.com.br\/serrafm\/#website","url":"https:\/\/serrafm879.com.br\/serrafm\/","name":"Serra FM 87,9","description":"O seu novo amor!","inLanguage":"pt-BR","publisher":{"@id":"https:\/\/serrafm879.com.br\/serrafm\/#organization"}}]},"twitter:card":"summary_large_image","twitter:title":"Afogados da Ingazeira conquista selo ouro de compromisso com a alfabetiza\u00e7\u00e3o - Serra FM 87,9","twitter:description":"A Prefeitura de Afogados da Ingazeira conquistou o selo ouro de compromisso com a alfabetiza\u00e7\u00e3o. A premia\u00e7\u00e3o aconteceu nesta segunda (10), em Bras\u00edlia \u2013 DF. A Prefeitura de Afogados foi representada pela secret\u00e1ria municipal de educa\u00e7\u00e3o Wivianne Fonseca. A premia\u00e7\u00e3o reconheceu os esfor\u00e7os empreendidos por estados e munic\u00edpios na busca pela alfabetiza\u00e7\u00e3o das crian\u00e7as na","twitter:image":"https:\/\/serrafm879.com.br\/serrafm\/wp-content\/uploads\/2025\/02\/vivianeeduc.jpg"},"aioseo_meta_data":{"post_id":"20569","title":null,"description":null,"keywords":null,"keyphrases":null,"primary_term":null,"canonical_url":null,"og_title":null,"og_description":null,"og_object_type":"default","og_image_type":"default","og_image_custom_url":null,"og_image_custom_fields":null,"og_image_url":null,"og_image_width":null,"og_image_height":null,"og_video":null,"og_custom_url":null,"og_article_section":null,"og_article_tags":null,"twitter_use_og":false,"twitter_card":"default","twitter_image_type":"default","twitter_image_custom_url":null,"twitter_image_custom_fields":null,"twitter_image_url":null,"twitter_title":null,"twitter_description":null,"schema_type":"default","schema_type_options":null,"schema":{"blockGraphs":[],"customGraphs":[],"default":{"data":{"Article":[],"Course":[],"Dataset":[],"FAQPage":[],"Movie":[],"Person":[],"Product":[],"ProductReview":[],"Car":[],"Recipe":[],"Service":[],"SoftwareApplication":[],"WebPage":[]},"graphName":"","isEnabled":true},"graphs":[]},"pillar_content":false,"robots_default":true,"robots_noindex":false,"robots_noarchive":false,"robots_nosnippet":false,"robots_nofollow":false,"robots_noimageindex":false,"robots_noodp":false,"robots_notranslate":false,"robots_max_snippet":null,"robots_max_videopreview":null,"robots_max_imagepreview":"large","priority":null,"frequency":null,"local_seo":null,"limit_modified_date":false,"ai":null,"breadcrumb_settings":null,"seo_analyzer_scan_date":null,"created":"2026-07-21 13:36:03","updated":"2026-07-21 13:36:03"},"aioseo_breadcrumb":"<div class=\"aioseo-breadcrumbs\"><span class=\"aioseo-breadcrumb\">\n\t\t\t<a href=\"https:\/\/serrafm879.com.br\/serrafm\" title=\"Home\">Home<\/a>\n\t\t<\/span><span class=\"aioseo-breadcrumb-separator\">&raquo;<\/span><span class=\"aioseo-breadcrumb\">\n\t\t\t<a href=\"https:\/\/serrafm879.com.br\/serrafm\/categoria\/uncategorized\/\" title=\"Uncategorized\">Uncategorized<\/a>\n\t\t<\/span><span class=\"aioseo-breadcrumb-separator\">&raquo;<\/span><span class=\"aioseo-breadcrumb\">\n\t\t\tAfogados da Ingazeira conquista selo ouro de compromisso com a alfabetiza\u00e7\u00e3o\n\t\t<\/span><\/div>","aioseo_breadcrumb_json":[{"label":"Home","link":"https:\/\/serrafm879.com.br\/serrafm"},{"label":"Uncategorized","link":"https:\/\/serrafm879.com.br\/serrafm\/categoria\/uncategorized\/"},{"label":"Afogados da Ingazeira conquista selo ouro de compromisso com a alfabetiza\u00e7\u00e3o","link":"https:\/\/serrafm879.com.br\/serrafm\/2025\/02\/afogados-da-ingazeira-conquista-selo-ouro-de-compromisso-com-a-alfabetizacao\/"}],"jetpack_publicize_connections":[],"jetpack_featured_media_url":"https:\/\/serrafm879.com.br\/serrafm\/wp-content\/uploads\/2025\/02\/vivianeeduc.jpg","jetpack_shortlink":"https:\/\/wp.me\/p7HyXg-5lL","jetpack_sharing_enabled":true,"_links":{"self":[{"href":"https:\/\/serrafm879.com.br\/serrafm\/wp-json\/wp\/v2\/posts\/20569","targetHints":{"allow":["GET"]}}],"collection":[{"href":"https:\/\/serrafm879.com.br\/serrafm\/wp-json\/wp\/v2\/posts"}],"about":[{"href":"https:\/\/serrafm879.com.br\/serrafm\/wp-json\/wp\/v2\/types\/post"}],"author":[{"embeddable":true,"href":"https:\/\/serrafm879.com.br\/serrafm\/wp-json\/wp\/v2\/users\/2"}],"replies":[{"embeddable":true,"href":"https:\/\/serrafm879.com.br\/serrafm\/wp-json\/wp\/v2\/comments?post=20569"}],"version-history":[{"count":1,"href":"https:\/\/serrafm879.com.br\/serrafm\/wp-json\/wp\/v2\/posts\/20569\/revisions"}],"predecessor-version":[{"id":20571,"href":"https:\/\/serrafm879.com.br\/serrafm\/wp-json\/wp\/v2\/posts\/20569\/revisions\/20571"}],"wp:featuredmedia":[{"embeddable":true,"href":"https:\/\/serrafm879.com.br\/serrafm\/wp-json\/wp\/v2\/media\/20570"}],"wp:attachment":[{"href":"https:\/\/serrafm879.com.br\/serrafm\/wp-json\/wp\/v2\/media?parent=20569"}],"wp:term":[{"taxonomy":"category","embeddable":true,"href":"https:\/\/serrafm879.com.br\/serrafm\/wp-json\/wp\/v2\/categories?post=20569"},{"taxonomy":"post_tag","embeddable":true,"href":"https:\/\/serrafm879.com.br\/serrafm\/wp-json\/wp\/v2\/tags?post=20569"}],"curies":[{"name":"wp","href":"https:\/\/api.w.org\/{rel}","templated":true}]}}