{"id":20606,"date":"2025-02-12T19:02:41","date_gmt":"2025-02-12T22:02:41","guid":{"rendered":"https:\/?p=20606"},"modified":"2025-02-12T19:05:06","modified_gmt":"2025-02-12T22:05:06","slug":"aula-espetaculo-sobre-frevo-circulara-do-litoral-ao-sertao-de-pe","status":"publish","type":"post","link":"https:\/\/serrafm879.com.br\/serrafm\/2025\/02\/aula-espetaculo-sobre-frevo-circulara-do-litoral-ao-sertao-de-pe\/","title":{"rendered":"Aula espet\u00e1culo sobre frevo circular\u00e1 do litoral ao sert\u00e3o de PE"},"content":{"rendered":"<p>A iniciativa cultural \u201cTranspondo o Passo: Aula Espet\u00e1culo de Frevo\u201d percorrer\u00e1, no m\u00eas de fevereiro, cinco escolas p\u00fablicas das redes municipal e estadual de ensino, localizadas em quatro macrorregi\u00f5es do estado de Pernambuco. Mais especificamente, as cidades contempladas ser\u00e3o: Serra Talhada, no Sert\u00e3o do Paje\u00fa, com duas escolas; Caruaru, no Agreste, com uma escola; Nazar\u00e9 da Mata, na Zona da Mata Norte, com uma escola; e Recife, na Regi\u00e3o Metropolitana, com uma escola.<\/p>\n<p>O projeto, incentivado pelo FUNCULTURA\/FUNDARPE &#8211; Secretaria de Cultura\/Governo de Pernambuco, busca promover a\u00e7\u00f5es de salvaguarda do Frevo enquanto Patrim\u00f4nio Cultural Imaterial da Humanidade. A proposta inclui uma aula espet\u00e1culo que une teoria e pr\u00e1tica, realizada de forma demonstrativa e participativa, apresentando o Frevo \u2014 sua hist\u00f3ria e evolu\u00e7\u00e3o, ritmo e dan\u00e7a, al\u00e9m de suas varia\u00e7\u00f5es musicais: frevo de rua, de bloco e de can\u00e7\u00e3o. Al\u00e9m disso, a aula permitir\u00e1 aos espectadores conhecer a rela\u00e7\u00e3o entre o Frevo e o Xaxado, por meio da musicalidade do compositor Lourival Oliveira.<\/p>\n<p>A aula espet\u00e1culo \u00e9 planejada para oportunizar a reflex\u00e3o sobre o Frevo e seu aprofundamento a partir de elementos relacionados \u00e0 cultura nordestina, como a poesia. Cada escola receber\u00e1 uma quantidade de folhetos de cordel que contam a hist\u00f3ria do Frevo. A a\u00e7\u00e3o cultural garante acessibilidade para estudantes com defici\u00eancia auditiva, por meio da interpreta\u00e7\u00e3o de portugu\u00eas para Libras.<\/p>\n<p><img loading=\"lazy\" decoding=\"async\" data-attachment-id=\"20620\" data-permalink=\"https:\/\/serrafm879.com.br\/serrafm\/2025\/02\/aula-espetaculo-sobre-frevo-circulara-do-litoral-ao-sertao-de-pe\/captura-de-tela-2025-02-12-190133\/\" data-orig-file=\"https:\/\/serrafm879.com.br\/serrafm\/wp-content\/uploads\/2025\/02\/Captura-de-tela-2025-02-12-190133.png\" data-orig-size=\"628,427\" data-comments-opened=\"1\" data-image-meta=\"{&quot;aperture&quot;:&quot;0&quot;,&quot;credit&quot;:&quot;&quot;,&quot;camera&quot;:&quot;&quot;,&quot;caption&quot;:&quot;&quot;,&quot;created_timestamp&quot;:&quot;0&quot;,&quot;copyright&quot;:&quot;&quot;,&quot;focal_length&quot;:&quot;0&quot;,&quot;iso&quot;:&quot;0&quot;,&quot;shutter_speed&quot;:&quot;0&quot;,&quot;title&quot;:&quot;&quot;,&quot;orientation&quot;:&quot;0&quot;}\" data-image-title=\"Captura de tela 2025-02-12 190133\" data-image-description=\"\" data-image-caption=\"\" data-large-file=\"https:\/\/serrafm879.com.br\/serrafm\/wp-content\/uploads\/2025\/02\/Captura-de-tela-2025-02-12-190133.png\" class=\" wp-image-20620 aligncenter\" src=\"http:\/\/serrafm879.com.br\/wp-content\/uploads\/2025\/02\/Captura-de-tela-2025-02-12-190133-300x204.png\" alt=\"\" width=\"590\" height=\"401\" srcset=\"https:\/\/serrafm879.com.br\/serrafm\/wp-content\/uploads\/2025\/02\/Captura-de-tela-2025-02-12-190133-300x204.png 300w, https:\/\/serrafm879.com.br\/serrafm\/wp-content\/uploads\/2025\/02\/Captura-de-tela-2025-02-12-190133.png 628w\" sizes=\"auto, (max-width: 590px) 100vw, 590px\" \/><\/p>\n<p>Comp\u00f5em a equipe de execu\u00e7\u00e3o do projeto profissionais de diversos segmentos relacionados ao Frevo: os passistas Branca Sousa, Edilson Leite e Bruno Vasco; a Orquestra Paje\u00fa de Frevo, todos oriundos do interior; e, claro, o mestre passista Gil do Passo, vindo da Capital do Frevo, mas residente em Serra Talhada desde 2015. \u00c9 nessa cidade que ele fincou ra\u00edzes e desenvolve diversas a\u00e7\u00f5es de salvaguarda desse ritmo t\u00e3o pernambucano quanto n\u00f3s, por meio do projeto Sert\u00e3o Frevo, vencedor de pr\u00eamios como o 5\u00ba Pr\u00eamio Ayrton de Almeida Carvalho de Preserva\u00e7\u00e3o do Patrim\u00f4nio Cultural de Pernambuco no ano de 2020 e o 1\u00ba Pr\u00eamio Trajet\u00f3rias em Dan\u00e7a: M\u00f4nica Japiass\u00fa de Trajet\u00f3rias em Dan\u00e7a de 2023.<\/p>\n<p>Servi\u00e7o:<\/p>\n<p>Dia 13 de fevereiro pela manh\u00e3<\/p>\n<p>Escola de Aplica\u00e7\u00e3o Professor Chaves \u2013 Nazar\u00e9 da Mata;<\/p>\n<p>Dia 13 de fevereiro \u00e0 tarde<\/p>\n<p>EREM Padre Zacarias Tavares \u2013 Caruaru<\/p>\n<p>Dia 14 de Fevereiro pela Manh\u00e3<\/p>\n<p>EREM N\u00f3brega \u2013 Estrada de Bel\u00e9m &#8211; Recife<\/p>\n<p>Dia 19 de fevereiro pela manh\u00e3<\/p>\n<p>Escola Municipal Maria Alves Bezerra \u2013 Po\u00e7o da Cerca\/Serra Talhada<\/p>\n<p>Dia 20 de fevereiro \u00e0 tarde<\/p>\n<p>ETE \u2013 Escola T\u00e9cnica Estadual Cl\u00f3vis Nogueira Alves \u2013 Serra Talhada<\/p>\n<p><strong>Por Carlos Sett<\/strong><\/p>\n<p><strong>Assessor de comunica\u00e7\u00e3o e imprensa do projeto<\/strong><\/p>\n","protected":false},"excerpt":{"rendered":"<p>A iniciativa cultural \u201cTranspondo o Passo: Aula Espet\u00e1culo de Frevo\u201d percorrer\u00e1, no m\u00eas de fevereiro, cinco escolas p\u00fablicas das redes municipal e estadual de ensino, localizadas em quatro macrorregi\u00f5es do estado de Pernambuco. Mais especificamente, as cidades contempladas ser\u00e3o: Serra Talhada, no Sert\u00e3o do Paje\u00fa, com duas escolas; Caruaru, no Agreste, com uma escola; Nazar\u00e9 da Mata, na Zona da Mata Norte, com uma escola; e Recife, na Regi\u00e3o Metropolitana, com uma escola. O projeto, incentivado pelo FUNCULTURA\/FUNDARPE &#8211; Secretaria de Cultura\/Governo de Pernambuco, busca promover a\u00e7\u00f5es de salvaguarda do Frevo enquanto Patrim\u00f4nio Cultural Imaterial da Humanidade. A proposta inclui [&hellip;]<\/p>\n","protected":false},"author":2,"featured_media":20619,"comment_status":"open","ping_status":"open","sticky":false,"template":"","format":"standard","meta":{"_jetpack_newsletter_access":"","_jetpack_dont_email_post_to_subs":false,"_jetpack_newsletter_tier_id":0,"_jetpack_memberships_contains_paywalled_content":false,"_jetpack_feature_clip_id":0,"_jetpack_memberships_contains_paid_content":false,"footnotes":"","jetpack_publicize_message":"","jetpack_publicize_feature_enabled":true,"jetpack_social_post_already_shared":true,"jetpack_social_options":{"image_generator_settings":{"template":"highway","default_image_id":0,"font":"","enabled":false},"version":2},"jetpack_post_was_ever_published":false},"categories":[1],"tags":[],"class_list":["post-20606","post","type-post","status-publish","format-standard","has-post-thumbnail","hentry","category-uncategorized"],"aioseo_notices":[],"aioseo_head":"\n\t\t<!-- All in One SEO 4.9.10 - aioseo.com -->\n\t<meta name=\"description\" content=\"A iniciativa cultural \u201cTranspondo o Passo: Aula Espet\u00e1culo de Frevo\u201d percorrer\u00e1, no m\u00eas de fevereiro, cinco escolas p\u00fablicas das redes municipal e estadual de ensino, localizadas em quatro macrorregi\u00f5es do estado de Pernambuco. Mais especificamente, as cidades contempladas ser\u00e3o: Serra Talhada, no Sert\u00e3o do Paje\u00fa, com duas escolas; Caruaru, no Agreste, com uma escola; Nazar\u00e9\" \/>\n\t<meta name=\"robots\" content=\"max-image-preview:large\" \/>\n\t<meta name=\"author\" content=\"serrafm87\"\/>\n\t<link rel=\"canonical\" href=\"https:\/\/serrafm879.com.br\/serrafm\/2025\/02\/aula-espetaculo-sobre-frevo-circulara-do-litoral-ao-sertao-de-pe\/\" \/>\n\t<meta name=\"generator\" content=\"All in One SEO (AIOSEO) 4.9.10\" \/>\n\t\t<meta name=\"twitter:card\" content=\"summary_large_image\" \/>\n\t\t<meta name=\"twitter:title\" content=\"Aula espet\u00e1culo sobre frevo circular\u00e1 do litoral ao sert\u00e3o de PE - Serra FM 87,9\" \/>\n\t\t<meta name=\"twitter:description\" content=\"A iniciativa cultural \u201cTranspondo o Passo: Aula Espet\u00e1culo de Frevo\u201d percorrer\u00e1, no m\u00eas de fevereiro, cinco escolas p\u00fablicas das redes municipal e estadual de ensino, localizadas em quatro macrorregi\u00f5es do estado de Pernambuco. Mais especificamente, as cidades contempladas ser\u00e3o: Serra Talhada, no Sert\u00e3o do Paje\u00fa, com duas escolas; Caruaru, no Agreste, com uma escola; Nazar\u00e9\" \/>\n\t\t<meta name=\"twitter:image\" content=\"https:\/\/serrafm879.com.br\/serrafm\/wp-content\/uploads\/2025\/02\/Captura-de-tela-2025-02-12-190016.png\" \/>\n\t\t<script type=\"application\/ld+json\" class=\"aioseo-schema\">\n\t\t\t{\"@context\":\"https:\\\/\\\/schema.org\",\"@graph\":[{\"@type\":\"BlogPosting\",\"@id\":\"https:\\\/\\\/serrafm879.com.br\\\/serrafm\\\/2025\\\/02\\\/aula-espetaculo-sobre-frevo-circulara-do-litoral-ao-sertao-de-pe\\\/#blogposting\",\"name\":\"Aula espet\\u00e1culo sobre frevo circular\\u00e1 do litoral ao sert\\u00e3o de PE - Serra FM 87,9\",\"headline\":\"Aula espet\\u00e1culo sobre frevo circular\\u00e1 do litoral ao sert\\u00e3o de PE\",\"author\":{\"@id\":\"https:\\\/\\\/serrafm879.com.br\\\/serrafm\\\/author\\\/serrafm87\\\/#author\"},\"publisher\":{\"@id\":\"https:\\\/\\\/serrafm879.com.br\\\/serrafm\\\/#organization\"},\"image\":{\"@type\":\"ImageObject\",\"url\":\"https:\\\/\\\/serrafm879.com.br\\\/serrafm\\\/wp-content\\\/uploads\\\/2025\\\/02\\\/Captura-de-tela-2025-02-12-190016.png\",\"width\":621,\"height\":450},\"datePublished\":\"2025-02-12T19:02:41-03:00\",\"dateModified\":\"2025-02-12T19:05:06-03:00\",\"inLanguage\":\"pt-BR\",\"mainEntityOfPage\":{\"@id\":\"https:\\\/\\\/serrafm879.com.br\\\/serrafm\\\/2025\\\/02\\\/aula-espetaculo-sobre-frevo-circulara-do-litoral-ao-sertao-de-pe\\\/#webpage\"},\"isPartOf\":{\"@id\":\"https:\\\/\\\/serrafm879.com.br\\\/serrafm\\\/2025\\\/02\\\/aula-espetaculo-sobre-frevo-circulara-do-litoral-ao-sertao-de-pe\\\/#webpage\"},\"articleSection\":\"Uncategorized\"},{\"@type\":\"BreadcrumbList\",\"@id\":\"https:\\\/\\\/serrafm879.com.br\\\/serrafm\\\/2025\\\/02\\\/aula-espetaculo-sobre-frevo-circulara-do-litoral-ao-sertao-de-pe\\\/#breadcrumblist\",\"itemListElement\":[{\"@type\":\"ListItem\",\"@id\":\"https:\\\/\\\/serrafm879.com.br\\\/serrafm#listItem\",\"position\":1,\"name\":\"Home\",\"item\":\"https:\\\/\\\/serrafm879.com.br\\\/serrafm\",\"nextItem\":{\"@type\":\"ListItem\",\"@id\":\"https:\\\/\\\/serrafm879.com.br\\\/serrafm\\\/categoria\\\/uncategorized\\\/#listItem\",\"name\":\"Uncategorized\"}},{\"@type\":\"ListItem\",\"@id\":\"https:\\\/\\\/serrafm879.com.br\\\/serrafm\\\/categoria\\\/uncategorized\\\/#listItem\",\"position\":2,\"name\":\"Uncategorized\",\"item\":\"https:\\\/\\\/serrafm879.com.br\\\/serrafm\\\/categoria\\\/uncategorized\\\/\",\"nextItem\":{\"@type\":\"ListItem\",\"@id\":\"https:\\\/\\\/serrafm879.com.br\\\/serrafm\\\/2025\\\/02\\\/aula-espetaculo-sobre-frevo-circulara-do-litoral-ao-sertao-de-pe\\\/#listItem\",\"name\":\"Aula espet\\u00e1culo sobre frevo circular\\u00e1 do litoral ao sert\\u00e3o de PE\"},\"previousItem\":{\"@type\":\"ListItem\",\"@id\":\"https:\\\/\\\/serrafm879.com.br\\\/serrafm#listItem\",\"name\":\"Home\"}},{\"@type\":\"ListItem\",\"@id\":\"https:\\\/\\\/serrafm879.com.br\\\/serrafm\\\/2025\\\/02\\\/aula-espetaculo-sobre-frevo-circulara-do-litoral-ao-sertao-de-pe\\\/#listItem\",\"position\":3,\"name\":\"Aula espet\\u00e1culo sobre frevo circular\\u00e1 do litoral ao sert\\u00e3o de PE\",\"previousItem\":{\"@type\":\"ListItem\",\"@id\":\"https:\\\/\\\/serrafm879.com.br\\\/serrafm\\\/categoria\\\/uncategorized\\\/#listItem\",\"name\":\"Uncategorized\"}}]},{\"@type\":\"Organization\",\"@id\":\"https:\\\/\\\/serrafm879.com.br\\\/serrafm\\\/#organization\",\"name\":\"Serra FM 87,9\",\"description\":\"O seu novo amor!\",\"url\":\"https:\\\/\\\/serrafm879.com.br\\\/serrafm\\\/\"},{\"@type\":\"Person\",\"@id\":\"https:\\\/\\\/serrafm879.com.br\\\/serrafm\\\/author\\\/serrafm87\\\/#author\",\"url\":\"https:\\\/\\\/serrafm879.com.br\\\/serrafm\\\/author\\\/serrafm87\\\/\",\"name\":\"serrafm87\",\"image\":{\"@type\":\"ImageObject\",\"@id\":\"https:\\\/\\\/serrafm879.com.br\\\/serrafm\\\/2025\\\/02\\\/aula-espetaculo-sobre-frevo-circulara-do-litoral-ao-sertao-de-pe\\\/#authorImage\",\"url\":\"https:\\\/\\\/secure.gravatar.com\\\/avatar\\\/a743233f1112d34f48bb3dc9559b76eb930bab8b27175856cba6362608736235?s=96&d=mm&r=g\",\"width\":96,\"height\":96,\"caption\":\"serrafm87\"}},{\"@type\":\"WebPage\",\"@id\":\"https:\\\/\\\/serrafm879.com.br\\\/serrafm\\\/2025\\\/02\\\/aula-espetaculo-sobre-frevo-circulara-do-litoral-ao-sertao-de-pe\\\/#webpage\",\"url\":\"https:\\\/\\\/serrafm879.com.br\\\/serrafm\\\/2025\\\/02\\\/aula-espetaculo-sobre-frevo-circulara-do-litoral-ao-sertao-de-pe\\\/\",\"name\":\"Aula espet\\u00e1culo sobre frevo circular\\u00e1 do litoral ao sert\\u00e3o de PE - Serra FM 87,9\",\"description\":\"A iniciativa cultural \\u201cTranspondo o Passo: Aula Espet\\u00e1culo de Frevo\\u201d percorrer\\u00e1, no m\\u00eas de fevereiro, cinco escolas p\\u00fablicas das redes municipal e estadual de ensino, localizadas em quatro macrorregi\\u00f5es do estado de Pernambuco. Mais especificamente, as cidades contempladas ser\\u00e3o: Serra Talhada, no Sert\\u00e3o do Paje\\u00fa, com duas escolas; Caruaru, no Agreste, com uma escola; Nazar\\u00e9\",\"inLanguage\":\"pt-BR\",\"isPartOf\":{\"@id\":\"https:\\\/\\\/serrafm879.com.br\\\/serrafm\\\/#website\"},\"breadcrumb\":{\"@id\":\"https:\\\/\\\/serrafm879.com.br\\\/serrafm\\\/2025\\\/02\\\/aula-espetaculo-sobre-frevo-circulara-do-litoral-ao-sertao-de-pe\\\/#breadcrumblist\"},\"author\":{\"@id\":\"https:\\\/\\\/serrafm879.com.br\\\/serrafm\\\/author\\\/serrafm87\\\/#author\"},\"creator\":{\"@id\":\"https:\\\/\\\/serrafm879.com.br\\\/serrafm\\\/author\\\/serrafm87\\\/#author\"},\"image\":{\"@type\":\"ImageObject\",\"url\":\"https:\\\/\\\/serrafm879.com.br\\\/serrafm\\\/wp-content\\\/uploads\\\/2025\\\/02\\\/Captura-de-tela-2025-02-12-190016.png\",\"@id\":\"https:\\\/\\\/serrafm879.com.br\\\/serrafm\\\/2025\\\/02\\\/aula-espetaculo-sobre-frevo-circulara-do-litoral-ao-sertao-de-pe\\\/#mainImage\",\"width\":621,\"height\":450},\"primaryImageOfPage\":{\"@id\":\"https:\\\/\\\/serrafm879.com.br\\\/serrafm\\\/2025\\\/02\\\/aula-espetaculo-sobre-frevo-circulara-do-litoral-ao-sertao-de-pe\\\/#mainImage\"},\"datePublished\":\"2025-02-12T19:02:41-03:00\",\"dateModified\":\"2025-02-12T19:05:06-03:00\"},{\"@type\":\"WebSite\",\"@id\":\"https:\\\/\\\/serrafm879.com.br\\\/serrafm\\\/#website\",\"url\":\"https:\\\/\\\/serrafm879.com.br\\\/serrafm\\\/\",\"name\":\"Serra FM 87,9\",\"description\":\"O seu novo amor!\",\"inLanguage\":\"pt-BR\",\"publisher\":{\"@id\":\"https:\\\/\\\/serrafm879.com.br\\\/serrafm\\\/#organization\"}}]}\n\t\t<\/script>\n\t\t<!-- All in One SEO -->\n\n","aioseo_head_json":{"title":"Aula espet\u00e1culo sobre frevo circular\u00e1 do litoral ao sert\u00e3o de PE - Serra FM 87,9","description":"A iniciativa cultural \u201cTranspondo o Passo: Aula Espet\u00e1culo de Frevo\u201d percorrer\u00e1, no m\u00eas de fevereiro, cinco escolas p\u00fablicas das redes municipal e estadual de ensino, localizadas em quatro macrorregi\u00f5es do estado de Pernambuco. Mais especificamente, as cidades contempladas ser\u00e3o: Serra Talhada, no Sert\u00e3o do Paje\u00fa, com duas escolas; Caruaru, no Agreste, com uma escola; Nazar\u00e9","canonical_url":"https:\/\/serrafm879.com.br\/serrafm\/2025\/02\/aula-espetaculo-sobre-frevo-circulara-do-litoral-ao-sertao-de-pe\/","robots":"max-image-preview:large","keywords":"","webmasterTools":{"miscellaneous":""},"schema":{"@context":"https:\/\/schema.org","@graph":[{"@type":"BlogPosting","@id":"https:\/\/serrafm879.com.br\/serrafm\/2025\/02\/aula-espetaculo-sobre-frevo-circulara-do-litoral-ao-sertao-de-pe\/#blogposting","name":"Aula espet\u00e1culo sobre frevo circular\u00e1 do litoral ao sert\u00e3o de PE - Serra FM 87,9","headline":"Aula espet\u00e1culo sobre frevo circular\u00e1 do litoral ao sert\u00e3o de PE","author":{"@id":"https:\/\/serrafm879.com.br\/serrafm\/author\/serrafm87\/#author"},"publisher":{"@id":"https:\/\/serrafm879.com.br\/serrafm\/#organization"},"image":{"@type":"ImageObject","url":"https:\/\/serrafm879.com.br\/serrafm\/wp-content\/uploads\/2025\/02\/Captura-de-tela-2025-02-12-190016.png","width":621,"height":450},"datePublished":"2025-02-12T19:02:41-03:00","dateModified":"2025-02-12T19:05:06-03:00","inLanguage":"pt-BR","mainEntityOfPage":{"@id":"https:\/\/serrafm879.com.br\/serrafm\/2025\/02\/aula-espetaculo-sobre-frevo-circulara-do-litoral-ao-sertao-de-pe\/#webpage"},"isPartOf":{"@id":"https:\/\/serrafm879.com.br\/serrafm\/2025\/02\/aula-espetaculo-sobre-frevo-circulara-do-litoral-ao-sertao-de-pe\/#webpage"},"articleSection":"Uncategorized"},{"@type":"BreadcrumbList","@id":"https:\/\/serrafm879.com.br\/serrafm\/2025\/02\/aula-espetaculo-sobre-frevo-circulara-do-litoral-ao-sertao-de-pe\/#breadcrumblist","itemListElement":[{"@type":"ListItem","@id":"https:\/\/serrafm879.com.br\/serrafm#listItem","position":1,"name":"Home","item":"https:\/\/serrafm879.com.br\/serrafm","nextItem":{"@type":"ListItem","@id":"https:\/\/serrafm879.com.br\/serrafm\/categoria\/uncategorized\/#listItem","name":"Uncategorized"}},{"@type":"ListItem","@id":"https:\/\/serrafm879.com.br\/serrafm\/categoria\/uncategorized\/#listItem","position":2,"name":"Uncategorized","item":"https:\/\/serrafm879.com.br\/serrafm\/categoria\/uncategorized\/","nextItem":{"@type":"ListItem","@id":"https:\/\/serrafm879.com.br\/serrafm\/2025\/02\/aula-espetaculo-sobre-frevo-circulara-do-litoral-ao-sertao-de-pe\/#listItem","name":"Aula espet\u00e1culo sobre frevo circular\u00e1 do litoral ao sert\u00e3o de PE"},"previousItem":{"@type":"ListItem","@id":"https:\/\/serrafm879.com.br\/serrafm#listItem","name":"Home"}},{"@type":"ListItem","@id":"https:\/\/serrafm879.com.br\/serrafm\/2025\/02\/aula-espetaculo-sobre-frevo-circulara-do-litoral-ao-sertao-de-pe\/#listItem","position":3,"name":"Aula espet\u00e1culo sobre frevo circular\u00e1 do litoral ao sert\u00e3o de PE","previousItem":{"@type":"ListItem","@id":"https:\/\/serrafm879.com.br\/serrafm\/categoria\/uncategorized\/#listItem","name":"Uncategorized"}}]},{"@type":"Organization","@id":"https:\/\/serrafm879.com.br\/serrafm\/#organization","name":"Serra FM 87,9","description":"O seu novo amor!","url":"https:\/\/serrafm879.com.br\/serrafm\/"},{"@type":"Person","@id":"https:\/\/serrafm879.com.br\/serrafm\/author\/serrafm87\/#author","url":"https:\/\/serrafm879.com.br\/serrafm\/author\/serrafm87\/","name":"serrafm87","image":{"@type":"ImageObject","@id":"https:\/\/serrafm879.com.br\/serrafm\/2025\/02\/aula-espetaculo-sobre-frevo-circulara-do-litoral-ao-sertao-de-pe\/#authorImage","url":"https:\/\/secure.gravatar.com\/avatar\/a743233f1112d34f48bb3dc9559b76eb930bab8b27175856cba6362608736235?s=96&d=mm&r=g","width":96,"height":96,"caption":"serrafm87"}},{"@type":"WebPage","@id":"https:\/\/serrafm879.com.br\/serrafm\/2025\/02\/aula-espetaculo-sobre-frevo-circulara-do-litoral-ao-sertao-de-pe\/#webpage","url":"https:\/\/serrafm879.com.br\/serrafm\/2025\/02\/aula-espetaculo-sobre-frevo-circulara-do-litoral-ao-sertao-de-pe\/","name":"Aula espet\u00e1culo sobre frevo circular\u00e1 do litoral ao sert\u00e3o de PE - Serra FM 87,9","description":"A iniciativa cultural \u201cTranspondo o Passo: Aula Espet\u00e1culo de Frevo\u201d percorrer\u00e1, no m\u00eas de fevereiro, cinco escolas p\u00fablicas das redes municipal e estadual de ensino, localizadas em quatro macrorregi\u00f5es do estado de Pernambuco. Mais especificamente, as cidades contempladas ser\u00e3o: Serra Talhada, no Sert\u00e3o do Paje\u00fa, com duas escolas; Caruaru, no Agreste, com uma escola; Nazar\u00e9","inLanguage":"pt-BR","isPartOf":{"@id":"https:\/\/serrafm879.com.br\/serrafm\/#website"},"breadcrumb":{"@id":"https:\/\/serrafm879.com.br\/serrafm\/2025\/02\/aula-espetaculo-sobre-frevo-circulara-do-litoral-ao-sertao-de-pe\/#breadcrumblist"},"author":{"@id":"https:\/\/serrafm879.com.br\/serrafm\/author\/serrafm87\/#author"},"creator":{"@id":"https:\/\/serrafm879.com.br\/serrafm\/author\/serrafm87\/#author"},"image":{"@type":"ImageObject","url":"https:\/\/serrafm879.com.br\/serrafm\/wp-content\/uploads\/2025\/02\/Captura-de-tela-2025-02-12-190016.png","@id":"https:\/\/serrafm879.com.br\/serrafm\/2025\/02\/aula-espetaculo-sobre-frevo-circulara-do-litoral-ao-sertao-de-pe\/#mainImage","width":621,"height":450},"primaryImageOfPage":{"@id":"https:\/\/serrafm879.com.br\/serrafm\/2025\/02\/aula-espetaculo-sobre-frevo-circulara-do-litoral-ao-sertao-de-pe\/#mainImage"},"datePublished":"2025-02-12T19:02:41-03:00","dateModified":"2025-02-12T19:05:06-03:00"},{"@type":"WebSite","@id":"https:\/\/serrafm879.com.br\/serrafm\/#website","url":"https:\/\/serrafm879.com.br\/serrafm\/","name":"Serra FM 87,9","description":"O seu novo amor!","inLanguage":"pt-BR","publisher":{"@id":"https:\/\/serrafm879.com.br\/serrafm\/#organization"}}]},"twitter:card":"summary_large_image","twitter:title":"Aula espet\u00e1culo sobre frevo circular\u00e1 do litoral ao sert\u00e3o de PE - Serra FM 87,9","twitter:description":"A iniciativa cultural \u201cTranspondo o Passo: Aula Espet\u00e1culo de Frevo\u201d percorrer\u00e1, no m\u00eas de fevereiro, cinco escolas p\u00fablicas das redes municipal e estadual de ensino, localizadas em quatro macrorregi\u00f5es do estado de Pernambuco. Mais especificamente, as cidades contempladas ser\u00e3o: Serra Talhada, no Sert\u00e3o do Paje\u00fa, com duas escolas; Caruaru, no Agreste, com uma escola; Nazar\u00e9","twitter:image":"https:\/\/serrafm879.com.br\/serrafm\/wp-content\/uploads\/2025\/02\/Captura-de-tela-2025-02-12-190016.png"},"aioseo_meta_data":{"post_id":"20606","title":null,"description":null,"keywords":null,"keyphrases":null,"primary_term":null,"canonical_url":null,"og_title":null,"og_description":null,"og_object_type":"default","og_image_type":"default","og_image_custom_url":null,"og_image_custom_fields":null,"og_image_url":null,"og_image_width":null,"og_image_height":null,"og_video":null,"og_custom_url":null,"og_article_section":null,"og_article_tags":null,"twitter_use_og":false,"twitter_card":"default","twitter_image_type":"default","twitter_image_custom_url":null,"twitter_image_custom_fields":null,"twitter_image_url":null,"twitter_title":null,"twitter_description":null,"schema_type":"default","schema_type_options":null,"schema":{"blockGraphs":[],"customGraphs":[],"default":{"data":{"Article":[],"Course":[],"Dataset":[],"FAQPage":[],"Movie":[],"Person":[],"Product":[],"ProductReview":[],"Car":[],"Recipe":[],"Service":[],"SoftwareApplication":[],"WebPage":[]},"graphName":"","isEnabled":true},"graphs":[]},"pillar_content":false,"robots_default":true,"robots_noindex":false,"robots_noarchive":false,"robots_nosnippet":false,"robots_nofollow":false,"robots_noimageindex":false,"robots_noodp":false,"robots_notranslate":false,"robots_max_snippet":null,"robots_max_videopreview":null,"robots_max_imagepreview":"large","priority":null,"frequency":null,"local_seo":null,"limit_modified_date":false,"ai":null,"breadcrumb_settings":null,"seo_analyzer_scan_date":null,"created":"2026-07-21 13:37:27","updated":"2026-07-21 13:37:27"},"aioseo_breadcrumb":"<div class=\"aioseo-breadcrumbs\"><span class=\"aioseo-breadcrumb\">\n\t\t\t<a href=\"https:\/\/serrafm879.com.br\/serrafm\" title=\"Home\">Home<\/a>\n\t\t<\/span><span class=\"aioseo-breadcrumb-separator\">&raquo;<\/span><span class=\"aioseo-breadcrumb\">\n\t\t\t<a href=\"https:\/\/serrafm879.com.br\/serrafm\/categoria\/uncategorized\/\" title=\"Uncategorized\">Uncategorized<\/a>\n\t\t<\/span><span class=\"aioseo-breadcrumb-separator\">&raquo;<\/span><span class=\"aioseo-breadcrumb\">\n\t\t\tAula espet\u00e1culo sobre frevo circular\u00e1 do litoral ao sert\u00e3o de PE\n\t\t<\/span><\/div>","aioseo_breadcrumb_json":[{"label":"Home","link":"https:\/\/serrafm879.com.br\/serrafm"},{"label":"Uncategorized","link":"https:\/\/serrafm879.com.br\/serrafm\/categoria\/uncategorized\/"},{"label":"Aula espet\u00e1culo sobre frevo circular\u00e1 do litoral ao sert\u00e3o de PE","link":"https:\/\/serrafm879.com.br\/serrafm\/2025\/02\/aula-espetaculo-sobre-frevo-circulara-do-litoral-ao-sertao-de-pe\/"}],"jetpack_publicize_connections":[],"jetpack_featured_media_url":"https:\/\/serrafm879.com.br\/serrafm\/wp-content\/uploads\/2025\/02\/Captura-de-tela-2025-02-12-190016.png","jetpack_shortlink":"https:\/\/wp.me\/p7HyXg-5mm","jetpack_sharing_enabled":true,"_links":{"self":[{"href":"https:\/\/serrafm879.com.br\/serrafm\/wp-json\/wp\/v2\/posts\/20606","targetHints":{"allow":["GET"]}}],"collection":[{"href":"https:\/\/serrafm879.com.br\/serrafm\/wp-json\/wp\/v2\/posts"}],"about":[{"href":"https:\/\/serrafm879.com.br\/serrafm\/wp-json\/wp\/v2\/types\/post"}],"author":[{"embeddable":true,"href":"https:\/\/serrafm879.com.br\/serrafm\/wp-json\/wp\/v2\/users\/2"}],"replies":[{"embeddable":true,"href":"https:\/\/serrafm879.com.br\/serrafm\/wp-json\/wp\/v2\/comments?post=20606"}],"version-history":[{"count":4,"href":"https:\/\/serrafm879.com.br\/serrafm\/wp-json\/wp\/v2\/posts\/20606\/revisions"}],"predecessor-version":[{"id":20623,"href":"https:\/\/serrafm879.com.br\/serrafm\/wp-json\/wp\/v2\/posts\/20606\/revisions\/20623"}],"wp:featuredmedia":[{"embeddable":true,"href":"https:\/\/serrafm879.com.br\/serrafm\/wp-json\/wp\/v2\/media\/20619"}],"wp:attachment":[{"href":"https:\/\/serrafm879.com.br\/serrafm\/wp-json\/wp\/v2\/media?parent=20606"}],"wp:term":[{"taxonomy":"category","embeddable":true,"href":"https:\/\/serrafm879.com.br\/serrafm\/wp-json\/wp\/v2\/categories?post=20606"},{"taxonomy":"post_tag","embeddable":true,"href":"https:\/\/serrafm879.com.br\/serrafm\/wp-json\/wp\/v2\/tags?post=20606"}],"curies":[{"name":"wp","href":"https:\/\/api.w.org\/{rel}","templated":true}]}}