{"id":20615,"date":"2025-02-12T18:54:36","date_gmt":"2025-02-12T21:54:36","guid":{"rendered":"https:\/?p=20615"},"modified":"2025-02-12T19:31:24","modified_gmt":"2025-02-12T22:31:24","slug":"prefeito-gilberto-ribeiro-participa-de-encontro-em-brasilia","status":"publish","type":"post","link":"https:\/\/serrafm879.com.br\/serrafm\/2025\/02\/prefeito-gilberto-ribeiro-participa-de-encontro-em-brasilia\/","title":{"rendered":"Em Bras\u00edlia, prefeito de Flores, Gilberto Ribeiro, tem encontro com Assessores de Humberto Costa"},"content":{"rendered":"<p>Ainda na pauta do dia no Distrito Federal, tive o privil\u00e9gio de me reunir com o Secret\u00e1rio de Governo, Marconi Santana, os assessores do Senador Humberto Costa, Bruno P\u00f3voa e Wedson Galindo, bem como, o advogado Dr. Drayton.<\/p>\n<p>O encontro foi de extrema import\u00e2ncia, pois discutimos temas fundamentais para o futuro de nossa cidade, como o pleito do PAC (Plano de Acelera\u00e7\u00e3o do Crescimento), a implanta\u00e7\u00e3o da Patrulha Mecanizada e a constru\u00e7\u00e3o de um Centro de Reabilita\u00e7\u00e3o, que ir\u00e1 oferecer mais dignidade e qualidade de vida aos florenses.<\/p>\n<p>Essas a\u00e7\u00f5es s\u00e3o passos concretos para transformar ainda mais a realidade de nossa popula\u00e7\u00e3o, promover o desenvolvimento da nossa infraestrutura e garantir melhores condi\u00e7\u00f5es de sa\u00fade e bem-estar. Com o apoio de nossos parceiros, estamos cada vez mais pr\u00f3ximos de fazer Flores alcan\u00e7ar um novo patamar de progresso e cidadania. Agradecemos ao Senador Humberto Costa &#8211; @senadorhumberto &#8211; pela aten\u00e7\u00e3o as nossas demandas.<\/p>\n<p>Sigo trabalhando com dedica\u00e7\u00e3o e responsabilidade para que esses projetos se tornem realidade, e, assim, possamos proporcionar um futuro mais promissor para todos os nossos cidad\u00e3os. Juntos, podemos construir uma cidade ainda mais forte, justa e pr\u00f3spera<\/p>\n<p>Fonte: @gilbertoribeio.giba<\/p>\n","protected":false},"excerpt":{"rendered":"<p>Ainda na pauta do dia no Distrito Federal, tive o privil\u00e9gio de me reunir com o Secret\u00e1rio de Governo, Marconi Santana, os assessores do Senador Humberto Costa, Bruno P\u00f3voa e Wedson Galindo, bem como, o advogado Dr. Drayton. O encontro foi de extrema import\u00e2ncia, pois discutimos temas fundamentais para o futuro de nossa cidade, como o pleito do PAC (Plano de Acelera\u00e7\u00e3o do Crescimento), a implanta\u00e7\u00e3o da Patrulha Mecanizada e a constru\u00e7\u00e3o de um Centro de Reabilita\u00e7\u00e3o, que ir\u00e1 oferecer mais dignidade e qualidade de vida aos florenses. Essas a\u00e7\u00f5es s\u00e3o passos concretos para transformar ainda mais a realidade de [&hellip;]<\/p>\n","protected":false},"author":2,"featured_media":20625,"comment_status":"open","ping_status":"open","sticky":false,"template":"","format":"standard","meta":{"_jetpack_newsletter_access":"","_jetpack_dont_email_post_to_subs":false,"_jetpack_newsletter_tier_id":0,"_jetpack_memberships_contains_paywalled_content":false,"_jetpack_feature_clip_id":0,"_jetpack_memberships_contains_paid_content":false,"footnotes":"","jetpack_publicize_message":"","jetpack_publicize_feature_enabled":true,"jetpack_social_post_already_shared":true,"jetpack_social_options":{"image_generator_settings":{"template":"highway","default_image_id":0,"font":"","enabled":false},"version":2},"jetpack_post_was_ever_published":false},"categories":[144],"tags":[],"class_list":["post-20615","post","type-post","status-publish","format-standard","has-post-thumbnail","hentry","category-politica"],"aioseo_notices":[],"aioseo_head":"\n\t\t<!-- All in One SEO 4.9.10 - aioseo.com -->\n\t<meta name=\"description\" content=\"Ainda na pauta do dia no Distrito Federal, tive o privil\u00e9gio de me reunir com o Secret\u00e1rio de Governo, Marconi Santana, os assessores do Senador Humberto Costa, Bruno P\u00f3voa e Wedson Galindo, bem como, o advogado Dr. Drayton. O encontro foi de extrema import\u00e2ncia, pois discutimos temas fundamentais para o futuro de nossa cidade, como\" \/>\n\t<meta name=\"robots\" content=\"max-image-preview:large\" \/>\n\t<meta name=\"author\" content=\"serrafm87\"\/>\n\t<link rel=\"canonical\" href=\"https:\/\/serrafm879.com.br\/serrafm\/2025\/02\/prefeito-gilberto-ribeiro-participa-de-encontro-em-brasilia\/\" \/>\n\t<meta name=\"generator\" content=\"All in One SEO (AIOSEO) 4.9.10\" \/>\n\t\t<meta name=\"twitter:card\" content=\"summary_large_image\" \/>\n\t\t<meta name=\"twitter:title\" content=\"Em Bras\u00edlia, prefeito de Flores, Gilberto Ribeiro, tem encontro com Assessores de Humberto Costa - Serra FM 87,9\" \/>\n\t\t<meta name=\"twitter:description\" content=\"Ainda na pauta do dia no Distrito Federal, tive o privil\u00e9gio de me reunir com o Secret\u00e1rio de Governo, Marconi Santana, os assessores do Senador Humberto Costa, Bruno P\u00f3voa e Wedson Galindo, bem como, o advogado Dr. Drayton. O encontro foi de extrema import\u00e2ncia, pois discutimos temas fundamentais para o futuro de nossa cidade, como\" \/>\n\t\t<meta name=\"twitter:image\" content=\"https:\/\/serrafm879.com.br\/serrafm\/wp-content\/uploads\/2025\/02\/PHOTO-2025-02-12-17-44-35-1.jpg\" \/>\n\t\t<script type=\"application\/ld+json\" class=\"aioseo-schema\">\n\t\t\t{\"@context\":\"https:\\\/\\\/schema.org\",\"@graph\":[{\"@type\":\"BlogPosting\",\"@id\":\"https:\\\/\\\/serrafm879.com.br\\\/serrafm\\\/2025\\\/02\\\/prefeito-gilberto-ribeiro-participa-de-encontro-em-brasilia\\\/#blogposting\",\"name\":\"Em Bras\\u00edlia, prefeito de Flores, Gilberto Ribeiro, tem encontro com Assessores de Humberto Costa - Serra FM 87,9\",\"headline\":\"Em Bras\\u00edlia, prefeito de Flores, Gilberto Ribeiro, tem encontro com Assessores de Humberto Costa\",\"author\":{\"@id\":\"https:\\\/\\\/serrafm879.com.br\\\/serrafm\\\/author\\\/serrafm87\\\/#author\"},\"publisher\":{\"@id\":\"https:\\\/\\\/serrafm879.com.br\\\/serrafm\\\/#organization\"},\"image\":{\"@type\":\"ImageObject\",\"url\":\"https:\\\/\\\/serrafm879.com.br\\\/serrafm\\\/wp-content\\\/uploads\\\/2025\\\/02\\\/PHOTO-2025-02-12-17-44-35-1.jpg\",\"width\":1600,\"height\":1200},\"datePublished\":\"2025-02-12T18:54:36-03:00\",\"dateModified\":\"2025-02-12T19:31:24-03:00\",\"inLanguage\":\"pt-BR\",\"mainEntityOfPage\":{\"@id\":\"https:\\\/\\\/serrafm879.com.br\\\/serrafm\\\/2025\\\/02\\\/prefeito-gilberto-ribeiro-participa-de-encontro-em-brasilia\\\/#webpage\"},\"isPartOf\":{\"@id\":\"https:\\\/\\\/serrafm879.com.br\\\/serrafm\\\/2025\\\/02\\\/prefeito-gilberto-ribeiro-participa-de-encontro-em-brasilia\\\/#webpage\"},\"articleSection\":\"Pol\\u00edtica\"},{\"@type\":\"BreadcrumbList\",\"@id\":\"https:\\\/\\\/serrafm879.com.br\\\/serrafm\\\/2025\\\/02\\\/prefeito-gilberto-ribeiro-participa-de-encontro-em-brasilia\\\/#breadcrumblist\",\"itemListElement\":[{\"@type\":\"ListItem\",\"@id\":\"https:\\\/\\\/serrafm879.com.br\\\/serrafm#listItem\",\"position\":1,\"name\":\"Home\",\"item\":\"https:\\\/\\\/serrafm879.com.br\\\/serrafm\",\"nextItem\":{\"@type\":\"ListItem\",\"@id\":\"https:\\\/\\\/serrafm879.com.br\\\/serrafm\\\/categoria\\\/politica\\\/#listItem\",\"name\":\"Pol\\u00edtica\"}},{\"@type\":\"ListItem\",\"@id\":\"https:\\\/\\\/serrafm879.com.br\\\/serrafm\\\/categoria\\\/politica\\\/#listItem\",\"position\":2,\"name\":\"Pol\\u00edtica\",\"item\":\"https:\\\/\\\/serrafm879.com.br\\\/serrafm\\\/categoria\\\/politica\\\/\",\"nextItem\":{\"@type\":\"ListItem\",\"@id\":\"https:\\\/\\\/serrafm879.com.br\\\/serrafm\\\/2025\\\/02\\\/prefeito-gilberto-ribeiro-participa-de-encontro-em-brasilia\\\/#listItem\",\"name\":\"Em Bras\\u00edlia, prefeito de Flores, Gilberto Ribeiro, tem encontro com Assessores de Humberto Costa\"},\"previousItem\":{\"@type\":\"ListItem\",\"@id\":\"https:\\\/\\\/serrafm879.com.br\\\/serrafm#listItem\",\"name\":\"Home\"}},{\"@type\":\"ListItem\",\"@id\":\"https:\\\/\\\/serrafm879.com.br\\\/serrafm\\\/2025\\\/02\\\/prefeito-gilberto-ribeiro-participa-de-encontro-em-brasilia\\\/#listItem\",\"position\":3,\"name\":\"Em Bras\\u00edlia, prefeito de Flores, Gilberto Ribeiro, tem encontro com Assessores de Humberto Costa\",\"previousItem\":{\"@type\":\"ListItem\",\"@id\":\"https:\\\/\\\/serrafm879.com.br\\\/serrafm\\\/categoria\\\/politica\\\/#listItem\",\"name\":\"Pol\\u00edtica\"}}]},{\"@type\":\"Organization\",\"@id\":\"https:\\\/\\\/serrafm879.com.br\\\/serrafm\\\/#organization\",\"name\":\"Serra FM 87,9\",\"description\":\"O seu novo amor!\",\"url\":\"https:\\\/\\\/serrafm879.com.br\\\/serrafm\\\/\"},{\"@type\":\"Person\",\"@id\":\"https:\\\/\\\/serrafm879.com.br\\\/serrafm\\\/author\\\/serrafm87\\\/#author\",\"url\":\"https:\\\/\\\/serrafm879.com.br\\\/serrafm\\\/author\\\/serrafm87\\\/\",\"name\":\"serrafm87\",\"image\":{\"@type\":\"ImageObject\",\"@id\":\"https:\\\/\\\/serrafm879.com.br\\\/serrafm\\\/2025\\\/02\\\/prefeito-gilberto-ribeiro-participa-de-encontro-em-brasilia\\\/#authorImage\",\"url\":\"https:\\\/\\\/secure.gravatar.com\\\/avatar\\\/a743233f1112d34f48bb3dc9559b76eb930bab8b27175856cba6362608736235?s=96&d=mm&r=g\",\"width\":96,\"height\":96,\"caption\":\"serrafm87\"}},{\"@type\":\"WebPage\",\"@id\":\"https:\\\/\\\/serrafm879.com.br\\\/serrafm\\\/2025\\\/02\\\/prefeito-gilberto-ribeiro-participa-de-encontro-em-brasilia\\\/#webpage\",\"url\":\"https:\\\/\\\/serrafm879.com.br\\\/serrafm\\\/2025\\\/02\\\/prefeito-gilberto-ribeiro-participa-de-encontro-em-brasilia\\\/\",\"name\":\"Em Bras\\u00edlia, prefeito de Flores, Gilberto Ribeiro, tem encontro com Assessores de Humberto Costa - Serra FM 87,9\",\"description\":\"Ainda na pauta do dia no Distrito Federal, tive o privil\\u00e9gio de me reunir com o Secret\\u00e1rio de Governo, Marconi Santana, os assessores do Senador Humberto Costa, Bruno P\\u00f3voa e Wedson Galindo, bem como, o advogado Dr. Drayton. O encontro foi de extrema import\\u00e2ncia, pois discutimos temas fundamentais para o futuro de nossa cidade, como\",\"inLanguage\":\"pt-BR\",\"isPartOf\":{\"@id\":\"https:\\\/\\\/serrafm879.com.br\\\/serrafm\\\/#website\"},\"breadcrumb\":{\"@id\":\"https:\\\/\\\/serrafm879.com.br\\\/serrafm\\\/2025\\\/02\\\/prefeito-gilberto-ribeiro-participa-de-encontro-em-brasilia\\\/#breadcrumblist\"},\"author\":{\"@id\":\"https:\\\/\\\/serrafm879.com.br\\\/serrafm\\\/author\\\/serrafm87\\\/#author\"},\"creator\":{\"@id\":\"https:\\\/\\\/serrafm879.com.br\\\/serrafm\\\/author\\\/serrafm87\\\/#author\"},\"image\":{\"@type\":\"ImageObject\",\"url\":\"https:\\\/\\\/serrafm879.com.br\\\/serrafm\\\/wp-content\\\/uploads\\\/2025\\\/02\\\/PHOTO-2025-02-12-17-44-35-1.jpg\",\"@id\":\"https:\\\/\\\/serrafm879.com.br\\\/serrafm\\\/2025\\\/02\\\/prefeito-gilberto-ribeiro-participa-de-encontro-em-brasilia\\\/#mainImage\",\"width\":1600,\"height\":1200},\"primaryImageOfPage\":{\"@id\":\"https:\\\/\\\/serrafm879.com.br\\\/serrafm\\\/2025\\\/02\\\/prefeito-gilberto-ribeiro-participa-de-encontro-em-brasilia\\\/#mainImage\"},\"datePublished\":\"2025-02-12T18:54:36-03:00\",\"dateModified\":\"2025-02-12T19:31:24-03:00\"},{\"@type\":\"WebSite\",\"@id\":\"https:\\\/\\\/serrafm879.com.br\\\/serrafm\\\/#website\",\"url\":\"https:\\\/\\\/serrafm879.com.br\\\/serrafm\\\/\",\"name\":\"Serra FM 87,9\",\"description\":\"O seu novo amor!\",\"inLanguage\":\"pt-BR\",\"publisher\":{\"@id\":\"https:\\\/\\\/serrafm879.com.br\\\/serrafm\\\/#organization\"}}]}\n\t\t<\/script>\n\t\t<!-- All in One SEO -->\n\n","aioseo_head_json":{"title":"Em Bras\u00edlia, prefeito de Flores, Gilberto Ribeiro, tem encontro com Assessores de Humberto Costa - Serra FM 87,9","description":"Ainda na pauta do dia no Distrito Federal, tive o privil\u00e9gio de me reunir com o Secret\u00e1rio de Governo, Marconi Santana, os assessores do Senador Humberto Costa, Bruno P\u00f3voa e Wedson Galindo, bem como, o advogado Dr. Drayton. O encontro foi de extrema import\u00e2ncia, pois discutimos temas fundamentais para o futuro de nossa cidade, como","canonical_url":"https:\/\/serrafm879.com.br\/serrafm\/2025\/02\/prefeito-gilberto-ribeiro-participa-de-encontro-em-brasilia\/","robots":"max-image-preview:large","keywords":"","webmasterTools":{"miscellaneous":""},"schema":{"@context":"https:\/\/schema.org","@graph":[{"@type":"BlogPosting","@id":"https:\/\/serrafm879.com.br\/serrafm\/2025\/02\/prefeito-gilberto-ribeiro-participa-de-encontro-em-brasilia\/#blogposting","name":"Em Bras\u00edlia, prefeito de Flores, Gilberto Ribeiro, tem encontro com Assessores de Humberto Costa - Serra FM 87,9","headline":"Em Bras\u00edlia, prefeito de Flores, Gilberto Ribeiro, tem encontro com Assessores de Humberto Costa","author":{"@id":"https:\/\/serrafm879.com.br\/serrafm\/author\/serrafm87\/#author"},"publisher":{"@id":"https:\/\/serrafm879.com.br\/serrafm\/#organization"},"image":{"@type":"ImageObject","url":"https:\/\/serrafm879.com.br\/serrafm\/wp-content\/uploads\/2025\/02\/PHOTO-2025-02-12-17-44-35-1.jpg","width":1600,"height":1200},"datePublished":"2025-02-12T18:54:36-03:00","dateModified":"2025-02-12T19:31:24-03:00","inLanguage":"pt-BR","mainEntityOfPage":{"@id":"https:\/\/serrafm879.com.br\/serrafm\/2025\/02\/prefeito-gilberto-ribeiro-participa-de-encontro-em-brasilia\/#webpage"},"isPartOf":{"@id":"https:\/\/serrafm879.com.br\/serrafm\/2025\/02\/prefeito-gilberto-ribeiro-participa-de-encontro-em-brasilia\/#webpage"},"articleSection":"Pol\u00edtica"},{"@type":"BreadcrumbList","@id":"https:\/\/serrafm879.com.br\/serrafm\/2025\/02\/prefeito-gilberto-ribeiro-participa-de-encontro-em-brasilia\/#breadcrumblist","itemListElement":[{"@type":"ListItem","@id":"https:\/\/serrafm879.com.br\/serrafm#listItem","position":1,"name":"Home","item":"https:\/\/serrafm879.com.br\/serrafm","nextItem":{"@type":"ListItem","@id":"https:\/\/serrafm879.com.br\/serrafm\/categoria\/politica\/#listItem","name":"Pol\u00edtica"}},{"@type":"ListItem","@id":"https:\/\/serrafm879.com.br\/serrafm\/categoria\/politica\/#listItem","position":2,"name":"Pol\u00edtica","item":"https:\/\/serrafm879.com.br\/serrafm\/categoria\/politica\/","nextItem":{"@type":"ListItem","@id":"https:\/\/serrafm879.com.br\/serrafm\/2025\/02\/prefeito-gilberto-ribeiro-participa-de-encontro-em-brasilia\/#listItem","name":"Em Bras\u00edlia, prefeito de Flores, Gilberto Ribeiro, tem encontro com Assessores de Humberto Costa"},"previousItem":{"@type":"ListItem","@id":"https:\/\/serrafm879.com.br\/serrafm#listItem","name":"Home"}},{"@type":"ListItem","@id":"https:\/\/serrafm879.com.br\/serrafm\/2025\/02\/prefeito-gilberto-ribeiro-participa-de-encontro-em-brasilia\/#listItem","position":3,"name":"Em Bras\u00edlia, prefeito de Flores, Gilberto Ribeiro, tem encontro com Assessores de Humberto Costa","previousItem":{"@type":"ListItem","@id":"https:\/\/serrafm879.com.br\/serrafm\/categoria\/politica\/#listItem","name":"Pol\u00edtica"}}]},{"@type":"Organization","@id":"https:\/\/serrafm879.com.br\/serrafm\/#organization","name":"Serra FM 87,9","description":"O seu novo amor!","url":"https:\/\/serrafm879.com.br\/serrafm\/"},{"@type":"Person","@id":"https:\/\/serrafm879.com.br\/serrafm\/author\/serrafm87\/#author","url":"https:\/\/serrafm879.com.br\/serrafm\/author\/serrafm87\/","name":"serrafm87","image":{"@type":"ImageObject","@id":"https:\/\/serrafm879.com.br\/serrafm\/2025\/02\/prefeito-gilberto-ribeiro-participa-de-encontro-em-brasilia\/#authorImage","url":"https:\/\/secure.gravatar.com\/avatar\/a743233f1112d34f48bb3dc9559b76eb930bab8b27175856cba6362608736235?s=96&d=mm&r=g","width":96,"height":96,"caption":"serrafm87"}},{"@type":"WebPage","@id":"https:\/\/serrafm879.com.br\/serrafm\/2025\/02\/prefeito-gilberto-ribeiro-participa-de-encontro-em-brasilia\/#webpage","url":"https:\/\/serrafm879.com.br\/serrafm\/2025\/02\/prefeito-gilberto-ribeiro-participa-de-encontro-em-brasilia\/","name":"Em Bras\u00edlia, prefeito de Flores, Gilberto Ribeiro, tem encontro com Assessores de Humberto Costa - Serra FM 87,9","description":"Ainda na pauta do dia no Distrito Federal, tive o privil\u00e9gio de me reunir com o Secret\u00e1rio de Governo, Marconi Santana, os assessores do Senador Humberto Costa, Bruno P\u00f3voa e Wedson Galindo, bem como, o advogado Dr. Drayton. O encontro foi de extrema import\u00e2ncia, pois discutimos temas fundamentais para o futuro de nossa cidade, como","inLanguage":"pt-BR","isPartOf":{"@id":"https:\/\/serrafm879.com.br\/serrafm\/#website"},"breadcrumb":{"@id":"https:\/\/serrafm879.com.br\/serrafm\/2025\/02\/prefeito-gilberto-ribeiro-participa-de-encontro-em-brasilia\/#breadcrumblist"},"author":{"@id":"https:\/\/serrafm879.com.br\/serrafm\/author\/serrafm87\/#author"},"creator":{"@id":"https:\/\/serrafm879.com.br\/serrafm\/author\/serrafm87\/#author"},"image":{"@type":"ImageObject","url":"https:\/\/serrafm879.com.br\/serrafm\/wp-content\/uploads\/2025\/02\/PHOTO-2025-02-12-17-44-35-1.jpg","@id":"https:\/\/serrafm879.com.br\/serrafm\/2025\/02\/prefeito-gilberto-ribeiro-participa-de-encontro-em-brasilia\/#mainImage","width":1600,"height":1200},"primaryImageOfPage":{"@id":"https:\/\/serrafm879.com.br\/serrafm\/2025\/02\/prefeito-gilberto-ribeiro-participa-de-encontro-em-brasilia\/#mainImage"},"datePublished":"2025-02-12T18:54:36-03:00","dateModified":"2025-02-12T19:31:24-03:00"},{"@type":"WebSite","@id":"https:\/\/serrafm879.com.br\/serrafm\/#website","url":"https:\/\/serrafm879.com.br\/serrafm\/","name":"Serra FM 87,9","description":"O seu novo amor!","inLanguage":"pt-BR","publisher":{"@id":"https:\/\/serrafm879.com.br\/serrafm\/#organization"}}]},"twitter:card":"summary_large_image","twitter:title":"Em Bras\u00edlia, prefeito de Flores, Gilberto Ribeiro, tem encontro com Assessores de Humberto Costa - Serra FM 87,9","twitter:description":"Ainda na pauta do dia no Distrito Federal, tive o privil\u00e9gio de me reunir com o Secret\u00e1rio de Governo, Marconi Santana, os assessores do Senador Humberto Costa, Bruno P\u00f3voa e Wedson Galindo, bem como, o advogado Dr. Drayton. O encontro foi de extrema import\u00e2ncia, pois discutimos temas fundamentais para o futuro de nossa cidade, como","twitter:image":"https:\/\/serrafm879.com.br\/serrafm\/wp-content\/uploads\/2025\/02\/PHOTO-2025-02-12-17-44-35-1.jpg"},"aioseo_meta_data":{"post_id":"20615","title":null,"description":null,"keywords":null,"keyphrases":null,"primary_term":null,"canonical_url":null,"og_title":null,"og_description":null,"og_object_type":"default","og_image_type":"default","og_image_custom_url":null,"og_image_custom_fields":null,"og_image_url":null,"og_image_width":null,"og_image_height":null,"og_video":null,"og_custom_url":null,"og_article_section":null,"og_article_tags":null,"twitter_use_og":false,"twitter_card":"default","twitter_image_type":"default","twitter_image_custom_url":null,"twitter_image_custom_fields":null,"twitter_image_url":null,"twitter_title":null,"twitter_description":null,"schema_type":"default","schema_type_options":null,"schema":{"blockGraphs":[],"customGraphs":[],"default":{"data":{"Article":[],"Course":[],"Dataset":[],"FAQPage":[],"Movie":[],"Person":[],"Product":[],"ProductReview":[],"Car":[],"Recipe":[],"Service":[],"SoftwareApplication":[],"WebPage":[]},"graphName":"","isEnabled":true},"graphs":[]},"pillar_content":false,"robots_default":true,"robots_noindex":false,"robots_noarchive":false,"robots_nosnippet":false,"robots_nofollow":false,"robots_noimageindex":false,"robots_noodp":false,"robots_notranslate":false,"robots_max_snippet":null,"robots_max_videopreview":null,"robots_max_imagepreview":"large","priority":null,"frequency":null,"local_seo":null,"limit_modified_date":false,"ai":null,"breadcrumb_settings":null,"seo_analyzer_scan_date":null,"created":"2026-07-21 13:37:27","updated":"2026-07-21 13:37:27"},"aioseo_breadcrumb":"<div class=\"aioseo-breadcrumbs\"><span class=\"aioseo-breadcrumb\">\n\t\t\t<a href=\"https:\/\/serrafm879.com.br\/serrafm\" title=\"Home\">Home<\/a>\n\t\t<\/span><span class=\"aioseo-breadcrumb-separator\">&raquo;<\/span><span class=\"aioseo-breadcrumb\">\n\t\t\t<a href=\"https:\/\/serrafm879.com.br\/serrafm\/categoria\/politica\/\" title=\"Pol\u00edtica\">Pol\u00edtica<\/a>\n\t\t<\/span><span class=\"aioseo-breadcrumb-separator\">&raquo;<\/span><span class=\"aioseo-breadcrumb\">\n\t\t\tEm Bras\u00edlia, prefeito de Flores, Gilberto Ribeiro, tem encontro com Assessores de Humberto Costa\n\t\t<\/span><\/div>","aioseo_breadcrumb_json":[{"label":"Home","link":"https:\/\/serrafm879.com.br\/serrafm"},{"label":"Pol\u00edtica","link":"https:\/\/serrafm879.com.br\/serrafm\/categoria\/politica\/"},{"label":"Em Bras\u00edlia, prefeito de Flores, Gilberto Ribeiro, tem encontro com Assessores de Humberto Costa","link":"https:\/\/serrafm879.com.br\/serrafm\/2025\/02\/prefeito-gilberto-ribeiro-participa-de-encontro-em-brasilia\/"}],"jetpack_publicize_connections":[],"jetpack_featured_media_url":"https:\/\/serrafm879.com.br\/serrafm\/wp-content\/uploads\/2025\/02\/PHOTO-2025-02-12-17-44-35-1.jpg","jetpack_shortlink":"https:\/\/wp.me\/p7HyXg-5mv","jetpack_sharing_enabled":true,"_links":{"self":[{"href":"https:\/\/serrafm879.com.br\/serrafm\/wp-json\/wp\/v2\/posts\/20615","targetHints":{"allow":["GET"]}}],"collection":[{"href":"https:\/\/serrafm879.com.br\/serrafm\/wp-json\/wp\/v2\/posts"}],"about":[{"href":"https:\/\/serrafm879.com.br\/serrafm\/wp-json\/wp\/v2\/types\/post"}],"author":[{"embeddable":true,"href":"https:\/\/serrafm879.com.br\/serrafm\/wp-json\/wp\/v2\/users\/2"}],"replies":[{"embeddable":true,"href":"https:\/\/serrafm879.com.br\/serrafm\/wp-json\/wp\/v2\/comments?post=20615"}],"version-history":[{"count":4,"href":"https:\/\/serrafm879.com.br\/serrafm\/wp-json\/wp\/v2\/posts\/20615\/revisions"}],"predecessor-version":[{"id":20627,"href":"https:\/\/serrafm879.com.br\/serrafm\/wp-json\/wp\/v2\/posts\/20615\/revisions\/20627"}],"wp:featuredmedia":[{"embeddable":true,"href":"https:\/\/serrafm879.com.br\/serrafm\/wp-json\/wp\/v2\/media\/20625"}],"wp:attachment":[{"href":"https:\/\/serrafm879.com.br\/serrafm\/wp-json\/wp\/v2\/media?parent=20615"}],"wp:term":[{"taxonomy":"category","embeddable":true,"href":"https:\/\/serrafm879.com.br\/serrafm\/wp-json\/wp\/v2\/categories?post=20615"},{"taxonomy":"post_tag","embeddable":true,"href":"https:\/\/serrafm879.com.br\/serrafm\/wp-json\/wp\/v2\/tags?post=20615"}],"curies":[{"name":"wp","href":"https:\/\/api.w.org\/{rel}","templated":true}]}}