{"id":20631,"date":"2025-02-13T08:11:08","date_gmt":"2025-02-13T11:11:08","guid":{"rendered":"https:\/?p=20631"},"modified":"2025-02-13T08:11:08","modified_gmt":"2025-02-13T11:11:08","slug":"pernambuco-anuncia-reducao-de-quase-20-nos-homicidios-em-janeiro-de-2025","status":"publish","type":"post","link":"https:\/\/serrafm879.com.br\/serrafm\/2025\/02\/pernambuco-anuncia-reducao-de-quase-20-nos-homicidios-em-janeiro-de-2025\/","title":{"rendered":"Pernambuco anuncia redu\u00e7\u00e3o de quase 20% nos homic\u00eddios em janeiro de 2025"},"content":{"rendered":"<h2 class=\"subTituloDet\">Segundo o Governo do Estado, \u00e9 a maior redu\u00e7\u00e3o dos \u00faltimos 28 meses.<\/h2>\n<p>Pernambuco anunciou que registrou, em janeiro deste ano, 19,7% de queda no registro de homic\u00eddios na compara\u00e7\u00e3o com o mesmo per\u00edodo do ano passado.<\/p>\n<p>Segundo o Governo do Estado, janeiro de\u00a02025 foi o m\u00eas em que Pernambuco registrou a maior queda no n\u00famero de homic\u00eddios desde setembro de 2022.<\/p>\n<p>A retra\u00e7\u00e3o foi registrada nos \u00edndices de mortes violentas intencionais (MVI) em todas as regi\u00f5es do Estado, informou o governo.<\/p>\n<p>A Diretoria Integrada Metropolitana (DIM), que engloba o Recife e Regi\u00e3o Metropolitana, liderou a redu\u00e7\u00e3o, com diminui\u00e7\u00e3o de 30,6% de v\u00edtimas de MVI em janeiro de 2025\u00a0comparado a janeiro de 2024.<\/p>\n<p>J\u00e1 as Diretorias Integradas do Interior I e II (DINTER I e II), que englobam as regi\u00f5es da Zona da Mata, do Agreste e Sert\u00e3o, juntas, apresentaram redu\u00e7\u00e3o de 6,3% na mesma compara\u00e7\u00e3o.<\/p>\n<p>A integra\u00e7\u00e3o das for\u00e7as de seguran\u00e7a, com um foco em a\u00e7\u00f5es mais estrat\u00e9gicas, tem se mostrado eficaz para alcan\u00e7ar esses resultados positivos, avalia o governo.<\/p>\n<p>\u201cEsse \u00e9 o resultado de um esfor\u00e7o coletivo do Governo de Pernambuco com a Secretaria de Defesa Social e outras secretarias, contando com o Tribunal de Justi\u00e7a, o Minist\u00e9rio P\u00fablico e a Defensoria P\u00fablica, porque ningu\u00e9m faz nada sozinho. Mas n\u00f3s n\u00e3o vamos parar por a\u00ed. Estamos aumentando o efetivo com sete mil homens e mulheres que v\u00e3o refor\u00e7ar as nossas for\u00e7as de seguran\u00e7a j\u00e1 nos pr\u00f3ximos meses e renovamos a frota, compramos novos equipamentos, oferecendo totais condi\u00e7\u00f5es para nossas equipes prevenirem e combaterem o crime\u201d, afirmou a governadora Raquel Lyra.<\/p>\n<p>O secret\u00e1rio de Defesa Social, Alessandro Carvalho, ressaltou o impacto das a\u00e7\u00f5es integradas entre os diversos \u00f3rg\u00e3os de Seguran\u00e7a P\u00fablica do Estado.<\/p>\n<p>Al\u00e9m da redu\u00e7\u00e3o nas MVI, Pernambuco tamb\u00e9m registrou queda nos \u00edndices de Viol\u00eancia Contra a Mulher, com redu\u00e7\u00e3o de 4,3% em janeiro de 2025 em rela\u00e7\u00e3o ao mesmo m\u00eas\u00a0de 2024.<\/p>\n<p>Fonte: Folha PE<\/p>\n","protected":false},"excerpt":{"rendered":"<p>Segundo o Governo do Estado, \u00e9 a maior redu\u00e7\u00e3o dos \u00faltimos 28 meses. Pernambuco anunciou que registrou, em janeiro deste ano, 19,7% de queda no registro de homic\u00eddios na compara\u00e7\u00e3o com o mesmo per\u00edodo do ano passado. Segundo o Governo do Estado, janeiro de\u00a02025 foi o m\u00eas em que Pernambuco registrou a maior queda no n\u00famero de homic\u00eddios desde setembro de 2022. A retra\u00e7\u00e3o foi registrada nos \u00edndices de mortes violentas intencionais (MVI) em todas as regi\u00f5es do Estado, informou o governo. A Diretoria Integrada Metropolitana (DIM), que engloba o Recife e Regi\u00e3o Metropolitana, liderou a redu\u00e7\u00e3o, com diminui\u00e7\u00e3o de [&hellip;]<\/p>\n","protected":false},"author":2,"featured_media":20632,"comment_status":"open","ping_status":"open","sticky":false,"template":"","format":"standard","meta":{"_jetpack_newsletter_access":"","_jetpack_dont_email_post_to_subs":false,"_jetpack_newsletter_tier_id":0,"_jetpack_memberships_contains_paywalled_content":false,"_jetpack_feature_clip_id":0,"_jetpack_memberships_contains_paid_content":false,"footnotes":"","jetpack_publicize_message":"","jetpack_publicize_feature_enabled":true,"jetpack_social_post_already_shared":true,"jetpack_social_options":{"image_generator_settings":{"template":"highway","default_image_id":0,"font":"","enabled":false},"version":2},"jetpack_post_was_ever_published":false},"categories":[1],"tags":[],"class_list":["post-20631","post","type-post","status-publish","format-standard","has-post-thumbnail","hentry","category-uncategorized"],"aioseo_notices":[],"aioseo_head":"\n\t\t<!-- All in One SEO 4.9.10 - aioseo.com -->\n\t<meta name=\"description\" content=\"Segundo o Governo do Estado, \u00e9 a maior redu\u00e7\u00e3o dos \u00faltimos 28 meses. Pernambuco anunciou que registrou, em janeiro deste ano, 19,7% de queda no registro de homic\u00eddios na compara\u00e7\u00e3o com o mesmo per\u00edodo do ano passado. Segundo o Governo do Estado, janeiro de 2025 foi o m\u00eas em que Pernambuco registrou a maior queda no\" \/>\n\t<meta name=\"robots\" content=\"max-image-preview:large\" \/>\n\t<meta name=\"author\" content=\"serrafm87\"\/>\n\t<link rel=\"canonical\" href=\"https:\/\/serrafm879.com.br\/serrafm\/2025\/02\/pernambuco-anuncia-reducao-de-quase-20-nos-homicidios-em-janeiro-de-2025\/\" \/>\n\t<meta name=\"generator\" content=\"All in One SEO (AIOSEO) 4.9.10\" \/>\n\t\t<meta name=\"twitter:card\" content=\"summary_large_image\" \/>\n\t\t<meta name=\"twitter:title\" content=\"Pernambuco anuncia redu\u00e7\u00e3o de quase 20% nos homic\u00eddios em janeiro de 2025 - Serra FM 87,9\" \/>\n\t\t<meta name=\"twitter:description\" content=\"Segundo o Governo do Estado, \u00e9 a maior redu\u00e7\u00e3o dos \u00faltimos 28 meses. Pernambuco anunciou que registrou, em janeiro deste ano, 19,7% de queda no registro de homic\u00eddios na compara\u00e7\u00e3o com o mesmo per\u00edodo do ano passado. Segundo o Governo do Estado, janeiro de 2025 foi o m\u00eas em que Pernambuco registrou a maior queda no\" \/>\n\t\t<meta name=\"twitter:image\" content=\"https:\/\/serrafm879.com.br\/serrafm\/wp-content\/uploads\/2025\/02\/download-4-1.jpg\" \/>\n\t\t<script type=\"application\/ld+json\" class=\"aioseo-schema\">\n\t\t\t{\"@context\":\"https:\\\/\\\/schema.org\",\"@graph\":[{\"@type\":\"BlogPosting\",\"@id\":\"https:\\\/\\\/serrafm879.com.br\\\/serrafm\\\/2025\\\/02\\\/pernambuco-anuncia-reducao-de-quase-20-nos-homicidios-em-janeiro-de-2025\\\/#blogposting\",\"name\":\"Pernambuco anuncia redu\\u00e7\\u00e3o de quase 20% nos homic\\u00eddios em janeiro de 2025 - Serra FM 87,9\",\"headline\":\"Pernambuco anuncia redu\\u00e7\\u00e3o de quase 20% nos homic\\u00eddios em janeiro de 2025\",\"author\":{\"@id\":\"https:\\\/\\\/serrafm879.com.br\\\/serrafm\\\/author\\\/serrafm87\\\/#author\"},\"publisher\":{\"@id\":\"https:\\\/\\\/serrafm879.com.br\\\/serrafm\\\/#organization\"},\"image\":{\"@type\":\"ImageObject\",\"url\":\"https:\\\/\\\/serrafm879.com.br\\\/serrafm\\\/wp-content\\\/uploads\\\/2025\\\/02\\\/download-4-1.jpg\",\"width\":275,\"height\":183},\"datePublished\":\"2025-02-13T08:11:08-03:00\",\"dateModified\":\"2025-02-13T08:11:08-03:00\",\"inLanguage\":\"pt-BR\",\"mainEntityOfPage\":{\"@id\":\"https:\\\/\\\/serrafm879.com.br\\\/serrafm\\\/2025\\\/02\\\/pernambuco-anuncia-reducao-de-quase-20-nos-homicidios-em-janeiro-de-2025\\\/#webpage\"},\"isPartOf\":{\"@id\":\"https:\\\/\\\/serrafm879.com.br\\\/serrafm\\\/2025\\\/02\\\/pernambuco-anuncia-reducao-de-quase-20-nos-homicidios-em-janeiro-de-2025\\\/#webpage\"},\"articleSection\":\"Uncategorized\"},{\"@type\":\"BreadcrumbList\",\"@id\":\"https:\\\/\\\/serrafm879.com.br\\\/serrafm\\\/2025\\\/02\\\/pernambuco-anuncia-reducao-de-quase-20-nos-homicidios-em-janeiro-de-2025\\\/#breadcrumblist\",\"itemListElement\":[{\"@type\":\"ListItem\",\"@id\":\"https:\\\/\\\/serrafm879.com.br\\\/serrafm#listItem\",\"position\":1,\"name\":\"Home\",\"item\":\"https:\\\/\\\/serrafm879.com.br\\\/serrafm\",\"nextItem\":{\"@type\":\"ListItem\",\"@id\":\"https:\\\/\\\/serrafm879.com.br\\\/serrafm\\\/categoria\\\/uncategorized\\\/#listItem\",\"name\":\"Uncategorized\"}},{\"@type\":\"ListItem\",\"@id\":\"https:\\\/\\\/serrafm879.com.br\\\/serrafm\\\/categoria\\\/uncategorized\\\/#listItem\",\"position\":2,\"name\":\"Uncategorized\",\"item\":\"https:\\\/\\\/serrafm879.com.br\\\/serrafm\\\/categoria\\\/uncategorized\\\/\",\"nextItem\":{\"@type\":\"ListItem\",\"@id\":\"https:\\\/\\\/serrafm879.com.br\\\/serrafm\\\/2025\\\/02\\\/pernambuco-anuncia-reducao-de-quase-20-nos-homicidios-em-janeiro-de-2025\\\/#listItem\",\"name\":\"Pernambuco anuncia redu\\u00e7\\u00e3o de quase 20% nos homic\\u00eddios em janeiro de 2025\"},\"previousItem\":{\"@type\":\"ListItem\",\"@id\":\"https:\\\/\\\/serrafm879.com.br\\\/serrafm#listItem\",\"name\":\"Home\"}},{\"@type\":\"ListItem\",\"@id\":\"https:\\\/\\\/serrafm879.com.br\\\/serrafm\\\/2025\\\/02\\\/pernambuco-anuncia-reducao-de-quase-20-nos-homicidios-em-janeiro-de-2025\\\/#listItem\",\"position\":3,\"name\":\"Pernambuco anuncia redu\\u00e7\\u00e3o de quase 20% nos homic\\u00eddios em janeiro de 2025\",\"previousItem\":{\"@type\":\"ListItem\",\"@id\":\"https:\\\/\\\/serrafm879.com.br\\\/serrafm\\\/categoria\\\/uncategorized\\\/#listItem\",\"name\":\"Uncategorized\"}}]},{\"@type\":\"Organization\",\"@id\":\"https:\\\/\\\/serrafm879.com.br\\\/serrafm\\\/#organization\",\"name\":\"Serra FM 87,9\",\"description\":\"O seu novo amor!\",\"url\":\"https:\\\/\\\/serrafm879.com.br\\\/serrafm\\\/\"},{\"@type\":\"Person\",\"@id\":\"https:\\\/\\\/serrafm879.com.br\\\/serrafm\\\/author\\\/serrafm87\\\/#author\",\"url\":\"https:\\\/\\\/serrafm879.com.br\\\/serrafm\\\/author\\\/serrafm87\\\/\",\"name\":\"serrafm87\",\"image\":{\"@type\":\"ImageObject\",\"@id\":\"https:\\\/\\\/serrafm879.com.br\\\/serrafm\\\/2025\\\/02\\\/pernambuco-anuncia-reducao-de-quase-20-nos-homicidios-em-janeiro-de-2025\\\/#authorImage\",\"url\":\"https:\\\/\\\/secure.gravatar.com\\\/avatar\\\/a743233f1112d34f48bb3dc9559b76eb930bab8b27175856cba6362608736235?s=96&d=mm&r=g\",\"width\":96,\"height\":96,\"caption\":\"serrafm87\"}},{\"@type\":\"WebPage\",\"@id\":\"https:\\\/\\\/serrafm879.com.br\\\/serrafm\\\/2025\\\/02\\\/pernambuco-anuncia-reducao-de-quase-20-nos-homicidios-em-janeiro-de-2025\\\/#webpage\",\"url\":\"https:\\\/\\\/serrafm879.com.br\\\/serrafm\\\/2025\\\/02\\\/pernambuco-anuncia-reducao-de-quase-20-nos-homicidios-em-janeiro-de-2025\\\/\",\"name\":\"Pernambuco anuncia redu\\u00e7\\u00e3o de quase 20% nos homic\\u00eddios em janeiro de 2025 - Serra FM 87,9\",\"description\":\"Segundo o Governo do Estado, \\u00e9 a maior redu\\u00e7\\u00e3o dos \\u00faltimos 28 meses. Pernambuco anunciou que registrou, em janeiro deste ano, 19,7% de queda no registro de homic\\u00eddios na compara\\u00e7\\u00e3o com o mesmo per\\u00edodo do ano passado. Segundo o Governo do Estado, janeiro de 2025 foi o m\\u00eas em que Pernambuco registrou a maior queda no\",\"inLanguage\":\"pt-BR\",\"isPartOf\":{\"@id\":\"https:\\\/\\\/serrafm879.com.br\\\/serrafm\\\/#website\"},\"breadcrumb\":{\"@id\":\"https:\\\/\\\/serrafm879.com.br\\\/serrafm\\\/2025\\\/02\\\/pernambuco-anuncia-reducao-de-quase-20-nos-homicidios-em-janeiro-de-2025\\\/#breadcrumblist\"},\"author\":{\"@id\":\"https:\\\/\\\/serrafm879.com.br\\\/serrafm\\\/author\\\/serrafm87\\\/#author\"},\"creator\":{\"@id\":\"https:\\\/\\\/serrafm879.com.br\\\/serrafm\\\/author\\\/serrafm87\\\/#author\"},\"image\":{\"@type\":\"ImageObject\",\"url\":\"https:\\\/\\\/serrafm879.com.br\\\/serrafm\\\/wp-content\\\/uploads\\\/2025\\\/02\\\/download-4-1.jpg\",\"@id\":\"https:\\\/\\\/serrafm879.com.br\\\/serrafm\\\/2025\\\/02\\\/pernambuco-anuncia-reducao-de-quase-20-nos-homicidios-em-janeiro-de-2025\\\/#mainImage\",\"width\":275,\"height\":183},\"primaryImageOfPage\":{\"@id\":\"https:\\\/\\\/serrafm879.com.br\\\/serrafm\\\/2025\\\/02\\\/pernambuco-anuncia-reducao-de-quase-20-nos-homicidios-em-janeiro-de-2025\\\/#mainImage\"},\"datePublished\":\"2025-02-13T08:11:08-03:00\",\"dateModified\":\"2025-02-13T08:11:08-03:00\"},{\"@type\":\"WebSite\",\"@id\":\"https:\\\/\\\/serrafm879.com.br\\\/serrafm\\\/#website\",\"url\":\"https:\\\/\\\/serrafm879.com.br\\\/serrafm\\\/\",\"name\":\"Serra FM 87,9\",\"description\":\"O seu novo amor!\",\"inLanguage\":\"pt-BR\",\"publisher\":{\"@id\":\"https:\\\/\\\/serrafm879.com.br\\\/serrafm\\\/#organization\"}}]}\n\t\t<\/script>\n\t\t<!-- All in One SEO -->\n\n","aioseo_head_json":{"title":"Pernambuco anuncia redu\u00e7\u00e3o de quase 20% nos homic\u00eddios em janeiro de 2025 - Serra FM 87,9","description":"Segundo o Governo do Estado, \u00e9 a maior redu\u00e7\u00e3o dos \u00faltimos 28 meses. Pernambuco anunciou que registrou, em janeiro deste ano, 19,7% de queda no registro de homic\u00eddios na compara\u00e7\u00e3o com o mesmo per\u00edodo do ano passado. Segundo o Governo do Estado, janeiro de 2025 foi o m\u00eas em que Pernambuco registrou a maior queda no","canonical_url":"https:\/\/serrafm879.com.br\/serrafm\/2025\/02\/pernambuco-anuncia-reducao-de-quase-20-nos-homicidios-em-janeiro-de-2025\/","robots":"max-image-preview:large","keywords":"","webmasterTools":{"miscellaneous":""},"schema":{"@context":"https:\/\/schema.org","@graph":[{"@type":"BlogPosting","@id":"https:\/\/serrafm879.com.br\/serrafm\/2025\/02\/pernambuco-anuncia-reducao-de-quase-20-nos-homicidios-em-janeiro-de-2025\/#blogposting","name":"Pernambuco anuncia redu\u00e7\u00e3o de quase 20% nos homic\u00eddios em janeiro de 2025 - Serra FM 87,9","headline":"Pernambuco anuncia redu\u00e7\u00e3o de quase 20% nos homic\u00eddios em janeiro de 2025","author":{"@id":"https:\/\/serrafm879.com.br\/serrafm\/author\/serrafm87\/#author"},"publisher":{"@id":"https:\/\/serrafm879.com.br\/serrafm\/#organization"},"image":{"@type":"ImageObject","url":"https:\/\/serrafm879.com.br\/serrafm\/wp-content\/uploads\/2025\/02\/download-4-1.jpg","width":275,"height":183},"datePublished":"2025-02-13T08:11:08-03:00","dateModified":"2025-02-13T08:11:08-03:00","inLanguage":"pt-BR","mainEntityOfPage":{"@id":"https:\/\/serrafm879.com.br\/serrafm\/2025\/02\/pernambuco-anuncia-reducao-de-quase-20-nos-homicidios-em-janeiro-de-2025\/#webpage"},"isPartOf":{"@id":"https:\/\/serrafm879.com.br\/serrafm\/2025\/02\/pernambuco-anuncia-reducao-de-quase-20-nos-homicidios-em-janeiro-de-2025\/#webpage"},"articleSection":"Uncategorized"},{"@type":"BreadcrumbList","@id":"https:\/\/serrafm879.com.br\/serrafm\/2025\/02\/pernambuco-anuncia-reducao-de-quase-20-nos-homicidios-em-janeiro-de-2025\/#breadcrumblist","itemListElement":[{"@type":"ListItem","@id":"https:\/\/serrafm879.com.br\/serrafm#listItem","position":1,"name":"Home","item":"https:\/\/serrafm879.com.br\/serrafm","nextItem":{"@type":"ListItem","@id":"https:\/\/serrafm879.com.br\/serrafm\/categoria\/uncategorized\/#listItem","name":"Uncategorized"}},{"@type":"ListItem","@id":"https:\/\/serrafm879.com.br\/serrafm\/categoria\/uncategorized\/#listItem","position":2,"name":"Uncategorized","item":"https:\/\/serrafm879.com.br\/serrafm\/categoria\/uncategorized\/","nextItem":{"@type":"ListItem","@id":"https:\/\/serrafm879.com.br\/serrafm\/2025\/02\/pernambuco-anuncia-reducao-de-quase-20-nos-homicidios-em-janeiro-de-2025\/#listItem","name":"Pernambuco anuncia redu\u00e7\u00e3o de quase 20% nos homic\u00eddios em janeiro de 2025"},"previousItem":{"@type":"ListItem","@id":"https:\/\/serrafm879.com.br\/serrafm#listItem","name":"Home"}},{"@type":"ListItem","@id":"https:\/\/serrafm879.com.br\/serrafm\/2025\/02\/pernambuco-anuncia-reducao-de-quase-20-nos-homicidios-em-janeiro-de-2025\/#listItem","position":3,"name":"Pernambuco anuncia redu\u00e7\u00e3o de quase 20% nos homic\u00eddios em janeiro de 2025","previousItem":{"@type":"ListItem","@id":"https:\/\/serrafm879.com.br\/serrafm\/categoria\/uncategorized\/#listItem","name":"Uncategorized"}}]},{"@type":"Organization","@id":"https:\/\/serrafm879.com.br\/serrafm\/#organization","name":"Serra FM 87,9","description":"O seu novo amor!","url":"https:\/\/serrafm879.com.br\/serrafm\/"},{"@type":"Person","@id":"https:\/\/serrafm879.com.br\/serrafm\/author\/serrafm87\/#author","url":"https:\/\/serrafm879.com.br\/serrafm\/author\/serrafm87\/","name":"serrafm87","image":{"@type":"ImageObject","@id":"https:\/\/serrafm879.com.br\/serrafm\/2025\/02\/pernambuco-anuncia-reducao-de-quase-20-nos-homicidios-em-janeiro-de-2025\/#authorImage","url":"https:\/\/secure.gravatar.com\/avatar\/a743233f1112d34f48bb3dc9559b76eb930bab8b27175856cba6362608736235?s=96&d=mm&r=g","width":96,"height":96,"caption":"serrafm87"}},{"@type":"WebPage","@id":"https:\/\/serrafm879.com.br\/serrafm\/2025\/02\/pernambuco-anuncia-reducao-de-quase-20-nos-homicidios-em-janeiro-de-2025\/#webpage","url":"https:\/\/serrafm879.com.br\/serrafm\/2025\/02\/pernambuco-anuncia-reducao-de-quase-20-nos-homicidios-em-janeiro-de-2025\/","name":"Pernambuco anuncia redu\u00e7\u00e3o de quase 20% nos homic\u00eddios em janeiro de 2025 - Serra FM 87,9","description":"Segundo o Governo do Estado, \u00e9 a maior redu\u00e7\u00e3o dos \u00faltimos 28 meses. Pernambuco anunciou que registrou, em janeiro deste ano, 19,7% de queda no registro de homic\u00eddios na compara\u00e7\u00e3o com o mesmo per\u00edodo do ano passado. Segundo o Governo do Estado, janeiro de 2025 foi o m\u00eas em que Pernambuco registrou a maior queda no","inLanguage":"pt-BR","isPartOf":{"@id":"https:\/\/serrafm879.com.br\/serrafm\/#website"},"breadcrumb":{"@id":"https:\/\/serrafm879.com.br\/serrafm\/2025\/02\/pernambuco-anuncia-reducao-de-quase-20-nos-homicidios-em-janeiro-de-2025\/#breadcrumblist"},"author":{"@id":"https:\/\/serrafm879.com.br\/serrafm\/author\/serrafm87\/#author"},"creator":{"@id":"https:\/\/serrafm879.com.br\/serrafm\/author\/serrafm87\/#author"},"image":{"@type":"ImageObject","url":"https:\/\/serrafm879.com.br\/serrafm\/wp-content\/uploads\/2025\/02\/download-4-1.jpg","@id":"https:\/\/serrafm879.com.br\/serrafm\/2025\/02\/pernambuco-anuncia-reducao-de-quase-20-nos-homicidios-em-janeiro-de-2025\/#mainImage","width":275,"height":183},"primaryImageOfPage":{"@id":"https:\/\/serrafm879.com.br\/serrafm\/2025\/02\/pernambuco-anuncia-reducao-de-quase-20-nos-homicidios-em-janeiro-de-2025\/#mainImage"},"datePublished":"2025-02-13T08:11:08-03:00","dateModified":"2025-02-13T08:11:08-03:00"},{"@type":"WebSite","@id":"https:\/\/serrafm879.com.br\/serrafm\/#website","url":"https:\/\/serrafm879.com.br\/serrafm\/","name":"Serra FM 87,9","description":"O seu novo amor!","inLanguage":"pt-BR","publisher":{"@id":"https:\/\/serrafm879.com.br\/serrafm\/#organization"}}]},"twitter:card":"summary_large_image","twitter:title":"Pernambuco anuncia redu\u00e7\u00e3o de quase 20% nos homic\u00eddios em janeiro de 2025 - Serra FM 87,9","twitter:description":"Segundo o Governo do Estado, \u00e9 a maior redu\u00e7\u00e3o dos \u00faltimos 28 meses. Pernambuco anunciou que registrou, em janeiro deste ano, 19,7% de queda no registro de homic\u00eddios na compara\u00e7\u00e3o com o mesmo per\u00edodo do ano passado. Segundo o Governo do Estado, janeiro de 2025 foi o m\u00eas em que Pernambuco registrou a maior queda no","twitter:image":"https:\/\/serrafm879.com.br\/serrafm\/wp-content\/uploads\/2025\/02\/download-4-1.jpg"},"aioseo_meta_data":{"post_id":"20631","title":null,"description":null,"keywords":null,"keyphrases":null,"primary_term":null,"canonical_url":null,"og_title":null,"og_description":null,"og_object_type":"default","og_image_type":"default","og_image_custom_url":null,"og_image_custom_fields":null,"og_image_url":null,"og_image_width":null,"og_image_height":null,"og_video":null,"og_custom_url":null,"og_article_section":null,"og_article_tags":null,"twitter_use_og":false,"twitter_card":"default","twitter_image_type":"default","twitter_image_custom_url":null,"twitter_image_custom_fields":null,"twitter_image_url":null,"twitter_title":null,"twitter_description":null,"schema_type":"default","schema_type_options":null,"schema":{"blockGraphs":[],"customGraphs":[],"default":{"data":{"Article":[],"Course":[],"Dataset":[],"FAQPage":[],"Movie":[],"Person":[],"Product":[],"ProductReview":[],"Car":[],"Recipe":[],"Service":[],"SoftwareApplication":[],"WebPage":[]},"graphName":"","isEnabled":true},"graphs":[]},"pillar_content":false,"robots_default":true,"robots_noindex":false,"robots_noarchive":false,"robots_nosnippet":false,"robots_nofollow":false,"robots_noimageindex":false,"robots_noodp":false,"robots_notranslate":false,"robots_max_snippet":null,"robots_max_videopreview":null,"robots_max_imagepreview":"large","priority":null,"frequency":null,"local_seo":null,"limit_modified_date":false,"ai":null,"breadcrumb_settings":null,"seo_analyzer_scan_date":null,"created":"2026-07-21 13:37:27","updated":"2026-07-21 13:37:27"},"aioseo_breadcrumb":"<div class=\"aioseo-breadcrumbs\"><span class=\"aioseo-breadcrumb\">\n\t\t\t<a href=\"https:\/\/serrafm879.com.br\/serrafm\" title=\"Home\">Home<\/a>\n\t\t<\/span><span class=\"aioseo-breadcrumb-separator\">&raquo;<\/span><span class=\"aioseo-breadcrumb\">\n\t\t\t<a href=\"https:\/\/serrafm879.com.br\/serrafm\/categoria\/uncategorized\/\" title=\"Uncategorized\">Uncategorized<\/a>\n\t\t<\/span><span class=\"aioseo-breadcrumb-separator\">&raquo;<\/span><span class=\"aioseo-breadcrumb\">\n\t\t\tPernambuco anuncia redu\u00e7\u00e3o de quase 20% nos homic\u00eddios em janeiro de 2025\n\t\t<\/span><\/div>","aioseo_breadcrumb_json":[{"label":"Home","link":"https:\/\/serrafm879.com.br\/serrafm"},{"label":"Uncategorized","link":"https:\/\/serrafm879.com.br\/serrafm\/categoria\/uncategorized\/"},{"label":"Pernambuco anuncia redu\u00e7\u00e3o de quase 20% nos homic\u00eddios em janeiro de 2025","link":"https:\/\/serrafm879.com.br\/serrafm\/2025\/02\/pernambuco-anuncia-reducao-de-quase-20-nos-homicidios-em-janeiro-de-2025\/"}],"jetpack_publicize_connections":[],"jetpack_featured_media_url":"https:\/\/serrafm879.com.br\/serrafm\/wp-content\/uploads\/2025\/02\/download-4-1.jpg","jetpack_shortlink":"https:\/\/wp.me\/p7HyXg-5mL","jetpack_sharing_enabled":true,"_links":{"self":[{"href":"https:\/\/serrafm879.com.br\/serrafm\/wp-json\/wp\/v2\/posts\/20631","targetHints":{"allow":["GET"]}}],"collection":[{"href":"https:\/\/serrafm879.com.br\/serrafm\/wp-json\/wp\/v2\/posts"}],"about":[{"href":"https:\/\/serrafm879.com.br\/serrafm\/wp-json\/wp\/v2\/types\/post"}],"author":[{"embeddable":true,"href":"https:\/\/serrafm879.com.br\/serrafm\/wp-json\/wp\/v2\/users\/2"}],"replies":[{"embeddable":true,"href":"https:\/\/serrafm879.com.br\/serrafm\/wp-json\/wp\/v2\/comments?post=20631"}],"version-history":[{"count":1,"href":"https:\/\/serrafm879.com.br\/serrafm\/wp-json\/wp\/v2\/posts\/20631\/revisions"}],"predecessor-version":[{"id":20633,"href":"https:\/\/serrafm879.com.br\/serrafm\/wp-json\/wp\/v2\/posts\/20631\/revisions\/20633"}],"wp:featuredmedia":[{"embeddable":true,"href":"https:\/\/serrafm879.com.br\/serrafm\/wp-json\/wp\/v2\/media\/20632"}],"wp:attachment":[{"href":"https:\/\/serrafm879.com.br\/serrafm\/wp-json\/wp\/v2\/media?parent=20631"}],"wp:term":[{"taxonomy":"category","embeddable":true,"href":"https:\/\/serrafm879.com.br\/serrafm\/wp-json\/wp\/v2\/categories?post=20631"},{"taxonomy":"post_tag","embeddable":true,"href":"https:\/\/serrafm879.com.br\/serrafm\/wp-json\/wp\/v2\/tags?post=20631"}],"curies":[{"name":"wp","href":"https:\/\/api.w.org\/{rel}","templated":true}]}}