{"id":20663,"date":"2025-02-13T17:15:35","date_gmt":"2025-02-13T20:15:35","guid":{"rendered":"https:\/?p=20663"},"modified":"2025-02-14T17:33:13","modified_gmt":"2025-02-14T20:33:13","slug":"com-reclamacoes-de-comerciantes-sobre-ritmo-de-obras-no-centro-de-st-compesa-emite-nota","status":"publish","type":"post","link":"https:\/\/serrafm879.com.br\/serrafm\/2025\/02\/com-reclamacoes-de-comerciantes-sobre-ritmo-de-obras-no-centro-de-st-compesa-emite-nota\/","title":{"rendered":"Com reclama\u00e7\u00f5es de comerciantes sobre ritmo de obras no centro de ST, Compesa emite nota e d\u00e1 prazo para conclus\u00e3o"},"content":{"rendered":"<p>Na manh\u00e3 desta quinta-feira (13), a Serra FM publicou uma mat\u00e9ria ap\u00f3s comerciantes entrarem em contato reclamando sobre o ritmo lento das obras realizada pela Compesa, na Rua Enock In\u00e1cio de Oliveira, no centro de Serra Talhada.<\/p>\n<p>Procurada pela reportagem, a Companhia Pernambucana de Saneamento esclareceu que, a obra iniciada no m\u00eas de janeiro, pretende substituir toda a tubula\u00e7\u00e3o para garantir a melhoria do abastecimento de \u00e1gua no munic\u00edpio e, ainda, que est\u00e1 seguindo o cronograma normal de execu\u00e7\u00e3o da obra.<\/p>\n<h5 style=\"text-align: center;\"><strong>Confira a nota<\/strong><\/h5>\n<div>A Compesa esclarece que a interven\u00e7\u00e3o em execu\u00e7\u00e3o na rua Enock Ignacio de Oliveira, em Serra Talhada,\u00a0 trata-se de uma\u00a0 obra\u00a0 para\u00a0 substitui\u00e7\u00e3o de 1.000 metros de tubula\u00e7\u00f5es antigas. Essa rede de abastecimento tem mais de 50 anos de uso e por isso est\u00e1 sendo trocada por novas tubula\u00e7\u00f5es.<\/div>\n<div><\/div>\n<p><!--more--><\/p>\n<div><\/div>\n<div>Essa iniciativa integra o projeto de amplia\u00e7\u00e3o e melhoria do Sistema de Abastecimento de \u00c1gua de Serra Talhada, que\u00a0 inclui troca de tubula\u00e7\u00f5es antigas, implanta\u00e7\u00e3o de novas redes de distribui\u00e7\u00e3o em bairros da cidade e constru\u00e7\u00e3o de uma nova Esta\u00e7\u00e3o de Tratamento de \u00c1gua, que vai aumentar a capacidade de produ\u00e7\u00e3o em 100%. Est\u00e3o sendo investidos R$ 22 milh\u00f5es nesse projeto e o objetivo \u00e9 deixar a cidade sem rod\u00edzio na distribui\u00e7\u00e3o, ou seja, com \u00e1gua todos os dias.<\/div>\n<div><\/div>\n<p><!--more--><\/p>\n<div><\/div>\n<div>A Compesa informa, ainda, que reconhece o impacto que uma obra de saneamento provoca no cotidiano das pessoas, mas lembra que a interven\u00e7\u00e3o \u00e9 essencial para ampliar o fornecimento de \u00e1gua em Serra Talhada, melhorar a qualidade vida dos moradores e impulsionar o desenvolvimento do munic\u00edpio.<\/div>\n<div><\/div>\n<div><\/div>\n<p><!--more--><\/p>\n<div>O assentamento da tubula\u00e7\u00e3o no ponto da via, mostrado pelo Blog, foi encerrado ontem (13). O pr\u00f3ximo passo ser\u00e1 concluir o remanejamento dos ramais desse trecho e, na sequ\u00eancia, ser\u00e1 realizada a reposi\u00e7\u00e3o do pavimento. A expectativa \u00e9 finalizar as atividades neste lado da via da Avenida Enock Ign\u00e1cio de Oliveira at\u00e9 o dia 20 de mar\u00e7o.<\/div>\n<div><\/div>\n<p><!--more--><\/p>\n<div>A Companhia explica, ainda, que o planejamento da obra prev\u00ea o assentamento de apenas 250m de tubula\u00e7\u00f5es por semana, como forma de\u00a0 amenizar os impactos provocados pelos servi\u00e7os. A reposi\u00e7\u00e3o do pavimento e a limpeza da via s\u00e3o atividades posteriores que possuem um ritmo pr\u00f3prio e precisam de alguns dias\u00a0 para conclus\u00e3o, ap\u00f3s t\u00e9rmino do assentamento e remanejamento dos ramais de \u00e1gua.<\/div>\n<div><\/div>\n<p><!--more--><\/p>\n<div><\/div>\n<div>Pelo cronograma, em junho, dever\u00e3o ser realizados os mesmos servi\u00e7os\u00a0 no lado oposto da avenida para a conclus\u00e3o do assentamento das tubula\u00e7\u00f5es.<\/div>\n","protected":false},"excerpt":{"rendered":"<p>Na manh\u00e3 desta quinta-feira (13), a Serra FM publicou uma mat\u00e9ria ap\u00f3s comerciantes entrarem em contato reclamando sobre o ritmo lento das obras realizada pela Compesa, na Rua Enock In\u00e1cio de Oliveira, no centro de Serra Talhada. Procurada pela reportagem, a Companhia Pernambucana de Saneamento esclareceu que, a obra iniciada no m\u00eas de janeiro, pretende substituir toda a tubula\u00e7\u00e3o para garantir a melhoria do abastecimento de \u00e1gua no munic\u00edpio e, ainda, que est\u00e1 seguindo o cronograma normal de execu\u00e7\u00e3o da obra. Confira a nota A Compesa esclarece que a interven\u00e7\u00e3o em execu\u00e7\u00e3o na rua Enock Ignacio de Oliveira, em Serra [&hellip;]<\/p>\n","protected":false},"author":2,"featured_media":20636,"comment_status":"open","ping_status":"open","sticky":false,"template":"","format":"standard","meta":{"_jetpack_newsletter_access":"","_jetpack_dont_email_post_to_subs":false,"_jetpack_newsletter_tier_id":0,"_jetpack_memberships_contains_paywalled_content":false,"_jetpack_feature_clip_id":0,"_jetpack_memberships_contains_paid_content":false,"footnotes":"","jetpack_publicize_message":"","jetpack_publicize_feature_enabled":true,"jetpack_social_post_already_shared":true,"jetpack_social_options":{"image_generator_settings":{"template":"highway","default_image_id":0,"font":"","enabled":false},"version":2},"jetpack_post_was_ever_published":false},"categories":[1],"tags":[],"class_list":["post-20663","post","type-post","status-publish","format-standard","has-post-thumbnail","hentry","category-uncategorized"],"aioseo_notices":[],"aioseo_head":"\n\t\t<!-- All in One SEO 4.9.10 - aioseo.com -->\n\t<meta name=\"description\" content=\"Na manh\u00e3 desta quinta-feira (13), a Serra FM publicou uma mat\u00e9ria ap\u00f3s comerciantes entrarem em contato reclamando sobre o ritmo lento das obras realizada pela Compesa, na Rua Enock In\u00e1cio de Oliveira, no centro de Serra Talhada. Procurada pela reportagem, a Companhia Pernambucana de Saneamento esclareceu que, a obra iniciada no m\u00eas de janeiro, pretende\" \/>\n\t<meta name=\"robots\" content=\"max-image-preview:large\" \/>\n\t<meta name=\"author\" content=\"serrafm87\"\/>\n\t<link rel=\"canonical\" href=\"https:\/\/serrafm879.com.br\/serrafm\/2025\/02\/com-reclamacoes-de-comerciantes-sobre-ritmo-de-obras-no-centro-de-st-compesa-emite-nota\/\" \/>\n\t<meta name=\"generator\" content=\"All in One SEO (AIOSEO) 4.9.10\" \/>\n\t\t<meta name=\"twitter:card\" content=\"summary_large_image\" \/>\n\t\t<meta name=\"twitter:title\" content=\"Com reclama\u00e7\u00f5es de comerciantes sobre ritmo de obras no centro de ST, Compesa emite nota e d\u00e1 prazo para conclus\u00e3o - Serra FM 87,9\" \/>\n\t\t<meta name=\"twitter:description\" content=\"Na manh\u00e3 desta quinta-feira (13), a Serra FM publicou uma mat\u00e9ria ap\u00f3s comerciantes entrarem em contato reclamando sobre o ritmo lento das obras realizada pela Compesa, na Rua Enock In\u00e1cio de Oliveira, no centro de Serra Talhada. Procurada pela reportagem, a Companhia Pernambucana de Saneamento esclareceu que, a obra iniciada no m\u00eas de janeiro, pretende\" \/>\n\t\t<meta name=\"twitter:image\" content=\"https:\/\/serrafm879.com.br\/serrafm\/wp-content\/uploads\/2025\/02\/IMG-20250212-WA0231.jpg\" \/>\n\t\t<script type=\"application\/ld+json\" class=\"aioseo-schema\">\n\t\t\t{\"@context\":\"https:\\\/\\\/schema.org\",\"@graph\":[{\"@type\":\"BlogPosting\",\"@id\":\"https:\\\/\\\/serrafm879.com.br\\\/serrafm\\\/2025\\\/02\\\/com-reclamacoes-de-comerciantes-sobre-ritmo-de-obras-no-centro-de-st-compesa-emite-nota\\\/#blogposting\",\"name\":\"Com reclama\\u00e7\\u00f5es de comerciantes sobre ritmo de obras no centro de ST, Compesa emite nota e d\\u00e1 prazo para conclus\\u00e3o - Serra FM 87,9\",\"headline\":\"Com reclama\\u00e7\\u00f5es de comerciantes sobre ritmo de obras no centro de ST, Compesa emite nota e d\\u00e1 prazo para conclus\\u00e3o\",\"author\":{\"@id\":\"https:\\\/\\\/serrafm879.com.br\\\/serrafm\\\/author\\\/serrafm87\\\/#author\"},\"publisher\":{\"@id\":\"https:\\\/\\\/serrafm879.com.br\\\/serrafm\\\/#organization\"},\"image\":{\"@type\":\"ImageObject\",\"url\":\"https:\\\/\\\/serrafm879.com.br\\\/serrafm\\\/wp-content\\\/uploads\\\/2025\\\/02\\\/IMG-20250212-WA0231.jpg\",\"width\":1600,\"height\":1200},\"datePublished\":\"2025-02-13T17:15:35-03:00\",\"dateModified\":\"2025-02-14T17:33:13-03:00\",\"inLanguage\":\"pt-BR\",\"mainEntityOfPage\":{\"@id\":\"https:\\\/\\\/serrafm879.com.br\\\/serrafm\\\/2025\\\/02\\\/com-reclamacoes-de-comerciantes-sobre-ritmo-de-obras-no-centro-de-st-compesa-emite-nota\\\/#webpage\"},\"isPartOf\":{\"@id\":\"https:\\\/\\\/serrafm879.com.br\\\/serrafm\\\/2025\\\/02\\\/com-reclamacoes-de-comerciantes-sobre-ritmo-de-obras-no-centro-de-st-compesa-emite-nota\\\/#webpage\"},\"articleSection\":\"Uncategorized\"},{\"@type\":\"BreadcrumbList\",\"@id\":\"https:\\\/\\\/serrafm879.com.br\\\/serrafm\\\/2025\\\/02\\\/com-reclamacoes-de-comerciantes-sobre-ritmo-de-obras-no-centro-de-st-compesa-emite-nota\\\/#breadcrumblist\",\"itemListElement\":[{\"@type\":\"ListItem\",\"@id\":\"https:\\\/\\\/serrafm879.com.br\\\/serrafm#listItem\",\"position\":1,\"name\":\"Home\",\"item\":\"https:\\\/\\\/serrafm879.com.br\\\/serrafm\",\"nextItem\":{\"@type\":\"ListItem\",\"@id\":\"https:\\\/\\\/serrafm879.com.br\\\/serrafm\\\/categoria\\\/uncategorized\\\/#listItem\",\"name\":\"Uncategorized\"}},{\"@type\":\"ListItem\",\"@id\":\"https:\\\/\\\/serrafm879.com.br\\\/serrafm\\\/categoria\\\/uncategorized\\\/#listItem\",\"position\":2,\"name\":\"Uncategorized\",\"item\":\"https:\\\/\\\/serrafm879.com.br\\\/serrafm\\\/categoria\\\/uncategorized\\\/\",\"nextItem\":{\"@type\":\"ListItem\",\"@id\":\"https:\\\/\\\/serrafm879.com.br\\\/serrafm\\\/2025\\\/02\\\/com-reclamacoes-de-comerciantes-sobre-ritmo-de-obras-no-centro-de-st-compesa-emite-nota\\\/#listItem\",\"name\":\"Com reclama\\u00e7\\u00f5es de comerciantes sobre ritmo de obras no centro de ST, Compesa emite nota e d\\u00e1 prazo para conclus\\u00e3o\"},\"previousItem\":{\"@type\":\"ListItem\",\"@id\":\"https:\\\/\\\/serrafm879.com.br\\\/serrafm#listItem\",\"name\":\"Home\"}},{\"@type\":\"ListItem\",\"@id\":\"https:\\\/\\\/serrafm879.com.br\\\/serrafm\\\/2025\\\/02\\\/com-reclamacoes-de-comerciantes-sobre-ritmo-de-obras-no-centro-de-st-compesa-emite-nota\\\/#listItem\",\"position\":3,\"name\":\"Com reclama\\u00e7\\u00f5es de comerciantes sobre ritmo de obras no centro de ST, Compesa emite nota e d\\u00e1 prazo para conclus\\u00e3o\",\"previousItem\":{\"@type\":\"ListItem\",\"@id\":\"https:\\\/\\\/serrafm879.com.br\\\/serrafm\\\/categoria\\\/uncategorized\\\/#listItem\",\"name\":\"Uncategorized\"}}]},{\"@type\":\"Organization\",\"@id\":\"https:\\\/\\\/serrafm879.com.br\\\/serrafm\\\/#organization\",\"name\":\"Serra FM 87,9\",\"description\":\"O seu novo amor!\",\"url\":\"https:\\\/\\\/serrafm879.com.br\\\/serrafm\\\/\"},{\"@type\":\"Person\",\"@id\":\"https:\\\/\\\/serrafm879.com.br\\\/serrafm\\\/author\\\/serrafm87\\\/#author\",\"url\":\"https:\\\/\\\/serrafm879.com.br\\\/serrafm\\\/author\\\/serrafm87\\\/\",\"name\":\"serrafm87\",\"image\":{\"@type\":\"ImageObject\",\"@id\":\"https:\\\/\\\/serrafm879.com.br\\\/serrafm\\\/2025\\\/02\\\/com-reclamacoes-de-comerciantes-sobre-ritmo-de-obras-no-centro-de-st-compesa-emite-nota\\\/#authorImage\",\"url\":\"https:\\\/\\\/secure.gravatar.com\\\/avatar\\\/a743233f1112d34f48bb3dc9559b76eb930bab8b27175856cba6362608736235?s=96&d=mm&r=g\",\"width\":96,\"height\":96,\"caption\":\"serrafm87\"}},{\"@type\":\"WebPage\",\"@id\":\"https:\\\/\\\/serrafm879.com.br\\\/serrafm\\\/2025\\\/02\\\/com-reclamacoes-de-comerciantes-sobre-ritmo-de-obras-no-centro-de-st-compesa-emite-nota\\\/#webpage\",\"url\":\"https:\\\/\\\/serrafm879.com.br\\\/serrafm\\\/2025\\\/02\\\/com-reclamacoes-de-comerciantes-sobre-ritmo-de-obras-no-centro-de-st-compesa-emite-nota\\\/\",\"name\":\"Com reclama\\u00e7\\u00f5es de comerciantes sobre ritmo de obras no centro de ST, Compesa emite nota e d\\u00e1 prazo para conclus\\u00e3o - Serra FM 87,9\",\"description\":\"Na manh\\u00e3 desta quinta-feira (13), a Serra FM publicou uma mat\\u00e9ria ap\\u00f3s comerciantes entrarem em contato reclamando sobre o ritmo lento das obras realizada pela Compesa, na Rua Enock In\\u00e1cio de Oliveira, no centro de Serra Talhada. Procurada pela reportagem, a Companhia Pernambucana de Saneamento esclareceu que, a obra iniciada no m\\u00eas de janeiro, pretende\",\"inLanguage\":\"pt-BR\",\"isPartOf\":{\"@id\":\"https:\\\/\\\/serrafm879.com.br\\\/serrafm\\\/#website\"},\"breadcrumb\":{\"@id\":\"https:\\\/\\\/serrafm879.com.br\\\/serrafm\\\/2025\\\/02\\\/com-reclamacoes-de-comerciantes-sobre-ritmo-de-obras-no-centro-de-st-compesa-emite-nota\\\/#breadcrumblist\"},\"author\":{\"@id\":\"https:\\\/\\\/serrafm879.com.br\\\/serrafm\\\/author\\\/serrafm87\\\/#author\"},\"creator\":{\"@id\":\"https:\\\/\\\/serrafm879.com.br\\\/serrafm\\\/author\\\/serrafm87\\\/#author\"},\"image\":{\"@type\":\"ImageObject\",\"url\":\"https:\\\/\\\/serrafm879.com.br\\\/serrafm\\\/wp-content\\\/uploads\\\/2025\\\/02\\\/IMG-20250212-WA0231.jpg\",\"@id\":\"https:\\\/\\\/serrafm879.com.br\\\/serrafm\\\/2025\\\/02\\\/com-reclamacoes-de-comerciantes-sobre-ritmo-de-obras-no-centro-de-st-compesa-emite-nota\\\/#mainImage\",\"width\":1600,\"height\":1200},\"primaryImageOfPage\":{\"@id\":\"https:\\\/\\\/serrafm879.com.br\\\/serrafm\\\/2025\\\/02\\\/com-reclamacoes-de-comerciantes-sobre-ritmo-de-obras-no-centro-de-st-compesa-emite-nota\\\/#mainImage\"},\"datePublished\":\"2025-02-13T17:15:35-03:00\",\"dateModified\":\"2025-02-14T17:33:13-03:00\"},{\"@type\":\"WebSite\",\"@id\":\"https:\\\/\\\/serrafm879.com.br\\\/serrafm\\\/#website\",\"url\":\"https:\\\/\\\/serrafm879.com.br\\\/serrafm\\\/\",\"name\":\"Serra FM 87,9\",\"description\":\"O seu novo amor!\",\"inLanguage\":\"pt-BR\",\"publisher\":{\"@id\":\"https:\\\/\\\/serrafm879.com.br\\\/serrafm\\\/#organization\"}}]}\n\t\t<\/script>\n\t\t<!-- All in One SEO -->\n\n","aioseo_head_json":{"title":"Com reclama\u00e7\u00f5es de comerciantes sobre ritmo de obras no centro de ST, Compesa emite nota e d\u00e1 prazo para conclus\u00e3o - Serra FM 87,9","description":"Na manh\u00e3 desta quinta-feira (13), a Serra FM publicou uma mat\u00e9ria ap\u00f3s comerciantes entrarem em contato reclamando sobre o ritmo lento das obras realizada pela Compesa, na Rua Enock In\u00e1cio de Oliveira, no centro de Serra Talhada. Procurada pela reportagem, a Companhia Pernambucana de Saneamento esclareceu que, a obra iniciada no m\u00eas de janeiro, pretende","canonical_url":"https:\/\/serrafm879.com.br\/serrafm\/2025\/02\/com-reclamacoes-de-comerciantes-sobre-ritmo-de-obras-no-centro-de-st-compesa-emite-nota\/","robots":"max-image-preview:large","keywords":"","webmasterTools":{"miscellaneous":""},"schema":{"@context":"https:\/\/schema.org","@graph":[{"@type":"BlogPosting","@id":"https:\/\/serrafm879.com.br\/serrafm\/2025\/02\/com-reclamacoes-de-comerciantes-sobre-ritmo-de-obras-no-centro-de-st-compesa-emite-nota\/#blogposting","name":"Com reclama\u00e7\u00f5es de comerciantes sobre ritmo de obras no centro de ST, Compesa emite nota e d\u00e1 prazo para conclus\u00e3o - Serra FM 87,9","headline":"Com reclama\u00e7\u00f5es de comerciantes sobre ritmo de obras no centro de ST, Compesa emite nota e d\u00e1 prazo para conclus\u00e3o","author":{"@id":"https:\/\/serrafm879.com.br\/serrafm\/author\/serrafm87\/#author"},"publisher":{"@id":"https:\/\/serrafm879.com.br\/serrafm\/#organization"},"image":{"@type":"ImageObject","url":"https:\/\/serrafm879.com.br\/serrafm\/wp-content\/uploads\/2025\/02\/IMG-20250212-WA0231.jpg","width":1600,"height":1200},"datePublished":"2025-02-13T17:15:35-03:00","dateModified":"2025-02-14T17:33:13-03:00","inLanguage":"pt-BR","mainEntityOfPage":{"@id":"https:\/\/serrafm879.com.br\/serrafm\/2025\/02\/com-reclamacoes-de-comerciantes-sobre-ritmo-de-obras-no-centro-de-st-compesa-emite-nota\/#webpage"},"isPartOf":{"@id":"https:\/\/serrafm879.com.br\/serrafm\/2025\/02\/com-reclamacoes-de-comerciantes-sobre-ritmo-de-obras-no-centro-de-st-compesa-emite-nota\/#webpage"},"articleSection":"Uncategorized"},{"@type":"BreadcrumbList","@id":"https:\/\/serrafm879.com.br\/serrafm\/2025\/02\/com-reclamacoes-de-comerciantes-sobre-ritmo-de-obras-no-centro-de-st-compesa-emite-nota\/#breadcrumblist","itemListElement":[{"@type":"ListItem","@id":"https:\/\/serrafm879.com.br\/serrafm#listItem","position":1,"name":"Home","item":"https:\/\/serrafm879.com.br\/serrafm","nextItem":{"@type":"ListItem","@id":"https:\/\/serrafm879.com.br\/serrafm\/categoria\/uncategorized\/#listItem","name":"Uncategorized"}},{"@type":"ListItem","@id":"https:\/\/serrafm879.com.br\/serrafm\/categoria\/uncategorized\/#listItem","position":2,"name":"Uncategorized","item":"https:\/\/serrafm879.com.br\/serrafm\/categoria\/uncategorized\/","nextItem":{"@type":"ListItem","@id":"https:\/\/serrafm879.com.br\/serrafm\/2025\/02\/com-reclamacoes-de-comerciantes-sobre-ritmo-de-obras-no-centro-de-st-compesa-emite-nota\/#listItem","name":"Com reclama\u00e7\u00f5es de comerciantes sobre ritmo de obras no centro de ST, Compesa emite nota e d\u00e1 prazo para conclus\u00e3o"},"previousItem":{"@type":"ListItem","@id":"https:\/\/serrafm879.com.br\/serrafm#listItem","name":"Home"}},{"@type":"ListItem","@id":"https:\/\/serrafm879.com.br\/serrafm\/2025\/02\/com-reclamacoes-de-comerciantes-sobre-ritmo-de-obras-no-centro-de-st-compesa-emite-nota\/#listItem","position":3,"name":"Com reclama\u00e7\u00f5es de comerciantes sobre ritmo de obras no centro de ST, Compesa emite nota e d\u00e1 prazo para conclus\u00e3o","previousItem":{"@type":"ListItem","@id":"https:\/\/serrafm879.com.br\/serrafm\/categoria\/uncategorized\/#listItem","name":"Uncategorized"}}]},{"@type":"Organization","@id":"https:\/\/serrafm879.com.br\/serrafm\/#organization","name":"Serra FM 87,9","description":"O seu novo amor!","url":"https:\/\/serrafm879.com.br\/serrafm\/"},{"@type":"Person","@id":"https:\/\/serrafm879.com.br\/serrafm\/author\/serrafm87\/#author","url":"https:\/\/serrafm879.com.br\/serrafm\/author\/serrafm87\/","name":"serrafm87","image":{"@type":"ImageObject","@id":"https:\/\/serrafm879.com.br\/serrafm\/2025\/02\/com-reclamacoes-de-comerciantes-sobre-ritmo-de-obras-no-centro-de-st-compesa-emite-nota\/#authorImage","url":"https:\/\/secure.gravatar.com\/avatar\/a743233f1112d34f48bb3dc9559b76eb930bab8b27175856cba6362608736235?s=96&d=mm&r=g","width":96,"height":96,"caption":"serrafm87"}},{"@type":"WebPage","@id":"https:\/\/serrafm879.com.br\/serrafm\/2025\/02\/com-reclamacoes-de-comerciantes-sobre-ritmo-de-obras-no-centro-de-st-compesa-emite-nota\/#webpage","url":"https:\/\/serrafm879.com.br\/serrafm\/2025\/02\/com-reclamacoes-de-comerciantes-sobre-ritmo-de-obras-no-centro-de-st-compesa-emite-nota\/","name":"Com reclama\u00e7\u00f5es de comerciantes sobre ritmo de obras no centro de ST, Compesa emite nota e d\u00e1 prazo para conclus\u00e3o - Serra FM 87,9","description":"Na manh\u00e3 desta quinta-feira (13), a Serra FM publicou uma mat\u00e9ria ap\u00f3s comerciantes entrarem em contato reclamando sobre o ritmo lento das obras realizada pela Compesa, na Rua Enock In\u00e1cio de Oliveira, no centro de Serra Talhada. Procurada pela reportagem, a Companhia Pernambucana de Saneamento esclareceu que, a obra iniciada no m\u00eas de janeiro, pretende","inLanguage":"pt-BR","isPartOf":{"@id":"https:\/\/serrafm879.com.br\/serrafm\/#website"},"breadcrumb":{"@id":"https:\/\/serrafm879.com.br\/serrafm\/2025\/02\/com-reclamacoes-de-comerciantes-sobre-ritmo-de-obras-no-centro-de-st-compesa-emite-nota\/#breadcrumblist"},"author":{"@id":"https:\/\/serrafm879.com.br\/serrafm\/author\/serrafm87\/#author"},"creator":{"@id":"https:\/\/serrafm879.com.br\/serrafm\/author\/serrafm87\/#author"},"image":{"@type":"ImageObject","url":"https:\/\/serrafm879.com.br\/serrafm\/wp-content\/uploads\/2025\/02\/IMG-20250212-WA0231.jpg","@id":"https:\/\/serrafm879.com.br\/serrafm\/2025\/02\/com-reclamacoes-de-comerciantes-sobre-ritmo-de-obras-no-centro-de-st-compesa-emite-nota\/#mainImage","width":1600,"height":1200},"primaryImageOfPage":{"@id":"https:\/\/serrafm879.com.br\/serrafm\/2025\/02\/com-reclamacoes-de-comerciantes-sobre-ritmo-de-obras-no-centro-de-st-compesa-emite-nota\/#mainImage"},"datePublished":"2025-02-13T17:15:35-03:00","dateModified":"2025-02-14T17:33:13-03:00"},{"@type":"WebSite","@id":"https:\/\/serrafm879.com.br\/serrafm\/#website","url":"https:\/\/serrafm879.com.br\/serrafm\/","name":"Serra FM 87,9","description":"O seu novo amor!","inLanguage":"pt-BR","publisher":{"@id":"https:\/\/serrafm879.com.br\/serrafm\/#organization"}}]},"twitter:card":"summary_large_image","twitter:title":"Com reclama\u00e7\u00f5es de comerciantes sobre ritmo de obras no centro de ST, Compesa emite nota e d\u00e1 prazo para conclus\u00e3o - Serra FM 87,9","twitter:description":"Na manh\u00e3 desta quinta-feira (13), a Serra FM publicou uma mat\u00e9ria ap\u00f3s comerciantes entrarem em contato reclamando sobre o ritmo lento das obras realizada pela Compesa, na Rua Enock In\u00e1cio de Oliveira, no centro de Serra Talhada. Procurada pela reportagem, a Companhia Pernambucana de Saneamento esclareceu que, a obra iniciada no m\u00eas de janeiro, pretende","twitter:image":"https:\/\/serrafm879.com.br\/serrafm\/wp-content\/uploads\/2025\/02\/IMG-20250212-WA0231.jpg"},"aioseo_meta_data":{"post_id":"20663","title":null,"description":null,"keywords":null,"keyphrases":null,"primary_term":null,"canonical_url":null,"og_title":null,"og_description":null,"og_object_type":"default","og_image_type":"default","og_image_custom_url":null,"og_image_custom_fields":null,"og_image_url":null,"og_image_width":null,"og_image_height":null,"og_video":null,"og_custom_url":null,"og_article_section":null,"og_article_tags":null,"twitter_use_og":false,"twitter_card":"default","twitter_image_type":"default","twitter_image_custom_url":null,"twitter_image_custom_fields":null,"twitter_image_url":null,"twitter_title":null,"twitter_description":null,"schema_type":"default","schema_type_options":null,"schema":{"blockGraphs":[],"customGraphs":[],"default":{"data":{"Article":[],"Course":[],"Dataset":[],"FAQPage":[],"Movie":[],"Person":[],"Product":[],"ProductReview":[],"Car":[],"Recipe":[],"Service":[],"SoftwareApplication":[],"WebPage":[]},"graphName":"","isEnabled":true},"graphs":[]},"pillar_content":false,"robots_default":true,"robots_noindex":false,"robots_noarchive":false,"robots_nosnippet":false,"robots_nofollow":false,"robots_noimageindex":false,"robots_noodp":false,"robots_notranslate":false,"robots_max_snippet":null,"robots_max_videopreview":null,"robots_max_imagepreview":"large","priority":null,"frequency":null,"local_seo":null,"limit_modified_date":false,"ai":null,"breadcrumb_settings":null,"seo_analyzer_scan_date":null,"created":"2026-07-21 13:42:52","updated":"2026-07-21 13:42:52"},"aioseo_breadcrumb":"<div class=\"aioseo-breadcrumbs\"><span class=\"aioseo-breadcrumb\">\n\t\t\t<a href=\"https:\/\/serrafm879.com.br\/serrafm\" title=\"Home\">Home<\/a>\n\t\t<\/span><span class=\"aioseo-breadcrumb-separator\">&raquo;<\/span><span class=\"aioseo-breadcrumb\">\n\t\t\t<a href=\"https:\/\/serrafm879.com.br\/serrafm\/categoria\/uncategorized\/\" title=\"Uncategorized\">Uncategorized<\/a>\n\t\t<\/span><span class=\"aioseo-breadcrumb-separator\">&raquo;<\/span><span class=\"aioseo-breadcrumb\">\n\t\t\tCom reclama\u00e7\u00f5es de comerciantes sobre ritmo de obras no centro de ST, Compesa emite nota e d\u00e1 prazo para conclus\u00e3o\n\t\t<\/span><\/div>","aioseo_breadcrumb_json":[{"label":"Home","link":"https:\/\/serrafm879.com.br\/serrafm"},{"label":"Uncategorized","link":"https:\/\/serrafm879.com.br\/serrafm\/categoria\/uncategorized\/"},{"label":"Com reclama\u00e7\u00f5es de comerciantes sobre ritmo de obras no centro de ST, Compesa emite nota e d\u00e1 prazo para conclus\u00e3o","link":"https:\/\/serrafm879.com.br\/serrafm\/2025\/02\/com-reclamacoes-de-comerciantes-sobre-ritmo-de-obras-no-centro-de-st-compesa-emite-nota\/"}],"jetpack_publicize_connections":[],"jetpack_featured_media_url":"https:\/\/serrafm879.com.br\/serrafm\/wp-content\/uploads\/2025\/02\/IMG-20250212-WA0231.jpg","jetpack_shortlink":"https:\/\/wp.me\/p7HyXg-5nh","jetpack_sharing_enabled":true,"_links":{"self":[{"href":"https:\/\/serrafm879.com.br\/serrafm\/wp-json\/wp\/v2\/posts\/20663","targetHints":{"allow":["GET"]}}],"collection":[{"href":"https:\/\/serrafm879.com.br\/serrafm\/wp-json\/wp\/v2\/posts"}],"about":[{"href":"https:\/\/serrafm879.com.br\/serrafm\/wp-json\/wp\/v2\/types\/post"}],"author":[{"embeddable":true,"href":"https:\/\/serrafm879.com.br\/serrafm\/wp-json\/wp\/v2\/users\/2"}],"replies":[{"embeddable":true,"href":"https:\/\/serrafm879.com.br\/serrafm\/wp-json\/wp\/v2\/comments?post=20663"}],"version-history":[{"count":12,"href":"https:\/\/serrafm879.com.br\/serrafm\/wp-json\/wp\/v2\/posts\/20663\/revisions"}],"predecessor-version":[{"id":20710,"href":"https:\/\/serrafm879.com.br\/serrafm\/wp-json\/wp\/v2\/posts\/20663\/revisions\/20710"}],"wp:featuredmedia":[{"embeddable":true,"href":"https:\/\/serrafm879.com.br\/serrafm\/wp-json\/wp\/v2\/media\/20636"}],"wp:attachment":[{"href":"https:\/\/serrafm879.com.br\/serrafm\/wp-json\/wp\/v2\/media?parent=20663"}],"wp:term":[{"taxonomy":"category","embeddable":true,"href":"https:\/\/serrafm879.com.br\/serrafm\/wp-json\/wp\/v2\/categories?post=20663"},{"taxonomy":"post_tag","embeddable":true,"href":"https:\/\/serrafm879.com.br\/serrafm\/wp-json\/wp\/v2\/tags?post=20663"}],"curies":[{"name":"wp","href":"https:\/\/api.w.org\/{rel}","templated":true}]}}