{"id":20673,"date":"2025-02-13T17:35:28","date_gmt":"2025-02-13T20:35:28","guid":{"rendered":"https:\/?p=20673"},"modified":"2025-02-13T17:37:39","modified_gmt":"2025-02-13T20:37:39","slug":"elon-musk-afirma-que-governo-biden-financiou-eleicao-de-lula-contra-bolsonaro-em-2022","status":"publish","type":"post","link":"https:\/\/serrafm879.com.br\/serrafm\/2025\/02\/elon-musk-afirma-que-governo-biden-financiou-eleicao-de-lula-contra-bolsonaro-em-2022\/","title":{"rendered":"Elon Musk afirma que governo Biden financiou elei\u00e7\u00e3o de Lula contra Bolsonaro em 2022"},"content":{"rendered":"<p class=\"dark:base-text-neutral-high-400 base-text-[calc(theme(fontSize.xs)_*_var(--font-size,_1))] base-font-normal base-font-primary base-text-neutral-low-500 base-text-left\"><span class=\"b-article-body__text\">O empres\u00e1rio sul-africano\u00a0<a title=\"https:\/\/noticias.r7.com\/internacional\/elon-musk-e-a-spacex-passam-por-avaliacoes-apos-descumprimento-das-regras-de-seguranca-01012025\/\" href=\"https:\/\/noticias.r7.com\/internacional\/elon-musk-e-a-spacex-passam-por-avaliacoes-apos-descumprimento-das-regras-de-seguranca-01012025\/\" rel=\"\">Elon Musk<\/a>\u00a0afirmou que os Estados Unidos financiaram a elei\u00e7\u00e3o de 2022, que resultou na vit\u00f3ria do presidente\u00a0<a title=\"https:\/\/noticias.r7.com\/brasilia\/comportamento-de-trump-compromete-financiamento-climatico-afirma-lula-12022025\/\" href=\"https:\/\/noticias.r7.com\/brasilia\/comportamento-de-trump-compromete-financiamento-climatico-afirma-lula-12022025\/\" rel=\"\">Luiz In\u00e1cio Lula da Silva<\/a>\u00a0(PT). O coment\u00e1rio foi uma resposta a uma publica\u00e7\u00e3o do senador republicano Mike Lee, que perguntou se a popula\u00e7\u00e3o americana ficaria incomodada caso o dinheiro norte-americano tivesse contribu\u00eddo para a derrota do ex-presidente\u00a0<a title=\"https:\/\/noticias.r7.com\/brasilia\/leia-tudo-o-que-mauro-cid-disse-sobre-bolsonaro-em-seu-1-depoimento-a-pf-26012025\/\" href=\"https:\/\/noticias.r7.com\/brasilia\/leia-tudo-o-que-mauro-cid-disse-sobre-bolsonaro-em-seu-1-depoimento-a-pf-26012025\/\" rel=\"\">Jair Bolsonaro<\/a>\u00a0(PL).<\/span><\/p>\n<p class=\"dark:base-text-neutral-high-400 base-text-[calc(theme(fontSize.xs)_*_var(--font-size,_1))] base-font-normal base-font-primary base-text-neutral-low-500 base-text-left\"><span class=\"b-article-body__text\">\u201cBem, o \u2018deep state\u2019 [em tradu\u00e7\u00e3o, o Estado secreto] dos EUA de fato fez isso\u201d, respondeu o aliado de Donald Trump.<\/span><\/p>\n<p class=\"dark:base-text-neutral-high-400 base-text-[calc(theme(fontSize.xs)_*_var(--font-size,_1))] base-font-normal base-font-primary base-text-neutral-low-500 base-text-left\"><span class=\"b-article-body__text\">Elon Musk, entretanto, n\u00e3o apresentou provas de sua afirma\u00e7\u00e3o.<\/span><\/p>\n<p class=\"dark:base-text-neutral-high-400 base-text-[calc(theme(fontSize.xs)_*_var(--font-size,_1))] base-font-normal base-font-primary base-text-neutral-low-500 base-text-left\"><span class=\"b-article-body__text\">O ex-presidente Jair Bolsonaro publicou em sua conta no X (antigo Twitter) um print de uma reportagem sobre o assunto, mas n\u00e3o comentou.<\/span><\/p>\n<p class=\"dark:base-text-neutral-high-400 base-text-[calc(theme(fontSize.xs)_*_var(--font-size,_1))] base-font-normal base-font-primary base-text-neutral-low-500 base-text-left\"><span class=\"b-article-body__text\">A publica\u00e7\u00e3o tamb\u00e9m repercutiu entre os aliados do ex-presidente. O deputado\u00a0<a title=\"https:\/\/noticias.r7.com\/brasilia\/pf-vai-investigar-eduardo-bolsonaro-apos-comparacao-entre-professores-e-traficantes-veja-video-10072023\/\" href=\"https:\/\/noticias.r7.com\/brasilia\/pf-vai-investigar-eduardo-bolsonaro-apos-comparacao-entre-professores-e-traficantes-veja-video-10072023\/\" rel=\"\">Eduardo Bolsonaro<\/a>\u00a0(PL-SP) agradeceu a Musk, que chefia o Departamento de \u201cEfici\u00eancia Governamental\u201d norte-americano, pelo coment\u00e1rio. \u201cAgora o Ocidente tem fortes aliados da liberdade de express\u00e3o\u201d, completou o filho de Bolsonaro.<\/span><\/p>\n<p class=\"dark:base-text-neutral-high-400 base-text-[calc(theme(fontSize.xs)_*_var(--font-size,_1))] base-font-normal base-font-primary base-text-neutral-low-500 base-text-left\"><span class=\"b-article-body__text\">J\u00e1 o senador\u00a0<a title=\"https:\/\/noticias.r7.com\/brasil\/flavio-bolsonaro-diz-ter-comprado-mansao-com-recursos-proprios-02032021\/\" href=\"https:\/\/noticias.r7.com\/brasil\/flavio-bolsonaro-diz-ter-comprado-mansao-com-recursos-proprios-02032021\/\" rel=\"\">Fl\u00e1vio Bolsonaro<\/a>\u00a0(PL-RJ) afirmou que isso \u00e9 a \u201cpontinha do iceberg\u201d. \u201cMuita coisa deve vir a p\u00fablico\u201d, completou. Todos os posts foram feitos na plataforma X, que \u00e9 propriedade do bilion\u00e1rio sul-africano.<\/span><\/p>\n<p class=\"dark:base-text-neutral-high-400 base-text-[calc(theme(fontSize.xs)_*_var(--font-size,_1))] base-font-normal base-font-primary base-text-neutral-low-500 base-text-left\"><span class=\"b-article-body__text\">O deputado Eduardo Bolsonaro est\u00e1 em Washington para conversar com parlamentares aliados de Trump. Isso inclui o pr\u00f3prio Lee, a quem Musk respondeu no X. Entre outros assuntos, est\u00e3o as elei\u00e7\u00f5es brasileiras de 2022.<\/span><\/p>\n<p class=\"dark:base-text-neutral-high-400 base-text-[calc(theme(fontSize.xs)_*_var(--font-size,_1))] base-font-normal base-font-primary base-text-neutral-low-500 base-text-left\"><span class=\"b-article-body__text\">Bolsonaristas e pessoas ligadas ao presidente norte-americano criticaram, por exemplo, a participa\u00e7\u00e3o do TSE )Tribunal Superior Eleitoral) em um estudo financiado pela Usaid contra as fake news. E a Usaid se tornou um dos principais alvos de Trump neste in\u00edcio de mandato.<\/span><\/p>\n<div class=\"ad-header-size none undefined\">\n<div class=\"base-flex base-justify-center base-items-center base-relative\" data-testid=\"ad-shell\">\n<div id=\"R7_texto_3\" class=\"ad-spacing\" data-google-query-id=\"COWwltO_wYsDFVVcuAQd1aQhTA\">Com informa\u00e7\u00f5es do portal R7<\/div>\n<\/div>\n<\/div>\n<div class=\"ad-header-size none undefined\">\n<div class=\"base-flex base-justify-center base-items-center base-relative\" data-testid=\"ad-shell\">\n<div id=\"R7_texto_2\" class=\"ad-spacing\" data-google-query-id=\"CPb8_c2_wYsDFSZcuAQdwSgRnw\"><\/div>\n<\/div>\n<\/div>\n","protected":false},"excerpt":{"rendered":"<p>O empres\u00e1rio sul-africano\u00a0Elon Musk\u00a0afirmou que os Estados Unidos financiaram a elei\u00e7\u00e3o de 2022, que resultou na vit\u00f3ria do presidente\u00a0Luiz In\u00e1cio Lula da Silva\u00a0(PT). O coment\u00e1rio foi uma resposta a uma publica\u00e7\u00e3o do senador republicano Mike Lee, que perguntou se a popula\u00e7\u00e3o americana ficaria incomodada caso o dinheiro norte-americano tivesse contribu\u00eddo para a derrota do ex-presidente\u00a0Jair Bolsonaro\u00a0(PL). \u201cBem, o \u2018deep state\u2019 [em tradu\u00e7\u00e3o, o Estado secreto] dos EUA de fato fez isso\u201d, respondeu o aliado de Donald Trump. Elon Musk, entretanto, n\u00e3o apresentou provas de sua afirma\u00e7\u00e3o. O ex-presidente Jair Bolsonaro publicou em sua conta no X (antigo Twitter) um print [&hellip;]<\/p>\n","protected":false},"author":2,"featured_media":20674,"comment_status":"open","ping_status":"open","sticky":false,"template":"","format":"standard","meta":{"_jetpack_newsletter_access":"","_jetpack_dont_email_post_to_subs":false,"_jetpack_newsletter_tier_id":0,"_jetpack_memberships_contains_paywalled_content":false,"_jetpack_feature_clip_id":0,"_jetpack_memberships_contains_paid_content":false,"footnotes":"","jetpack_publicize_message":"","jetpack_publicize_feature_enabled":true,"jetpack_social_post_already_shared":true,"jetpack_social_options":{"image_generator_settings":{"template":"highway","default_image_id":0,"font":"","enabled":false},"version":2},"jetpack_post_was_ever_published":false},"categories":[149],"tags":[],"class_list":["post-20673","post","type-post","status-publish","format-standard","has-post-thumbnail","hentry","category-brasil"],"aioseo_notices":[],"aioseo_head":"\n\t\t<!-- All in One SEO 4.9.10 - aioseo.com -->\n\t<meta name=\"description\" content=\"O empres\u00e1rio sul-africano Elon Musk afirmou que os Estados Unidos financiaram a elei\u00e7\u00e3o de 2022, que resultou na vit\u00f3ria do presidente Luiz In\u00e1cio Lula da Silva (PT). O coment\u00e1rio foi uma resposta a uma publica\u00e7\u00e3o do senador republicano Mike Lee, que perguntou se a popula\u00e7\u00e3o americana ficaria incomodada caso o dinheiro norte-americano tivesse contribu\u00eddo para a derrota do ex-presidente Jair\" \/>\n\t<meta name=\"robots\" content=\"max-image-preview:large\" \/>\n\t<meta name=\"author\" content=\"serrafm87\"\/>\n\t<link rel=\"canonical\" href=\"https:\/\/serrafm879.com.br\/serrafm\/2025\/02\/elon-musk-afirma-que-governo-biden-financiou-eleicao-de-lula-contra-bolsonaro-em-2022\/\" \/>\n\t<meta name=\"generator\" content=\"All in One SEO (AIOSEO) 4.9.10\" \/>\n\t\t<meta name=\"twitter:card\" content=\"summary_large_image\" \/>\n\t\t<meta name=\"twitter:title\" content=\"Elon Musk afirma que governo Biden financiou elei\u00e7\u00e3o de Lula contra Bolsonaro em 2022 - Serra FM 87,9\" \/>\n\t\t<meta name=\"twitter:description\" content=\"O empres\u00e1rio sul-africano Elon Musk afirmou que os Estados Unidos financiaram a elei\u00e7\u00e3o de 2022, que resultou na vit\u00f3ria do presidente Luiz In\u00e1cio Lula da Silva (PT). O coment\u00e1rio foi uma resposta a uma publica\u00e7\u00e3o do senador republicano Mike Lee, que perguntou se a popula\u00e7\u00e3o americana ficaria incomodada caso o dinheiro norte-americano tivesse contribu\u00eddo para a derrota do ex-presidente Jair\" \/>\n\t\t<meta name=\"twitter:image\" content=\"https:\/\/serrafm879.com.br\/serrafm\/wp-content\/uploads\/2025\/02\/Anotacao-2025-02-13-173503-e1739479049506.png\" \/>\n\t\t<script type=\"application\/ld+json\" class=\"aioseo-schema\">\n\t\t\t{\"@context\":\"https:\\\/\\\/schema.org\",\"@graph\":[{\"@type\":\"BlogPosting\",\"@id\":\"https:\\\/\\\/serrafm879.com.br\\\/serrafm\\\/2025\\\/02\\\/elon-musk-afirma-que-governo-biden-financiou-eleicao-de-lula-contra-bolsonaro-em-2022\\\/#blogposting\",\"name\":\"Elon Musk afirma que governo Biden financiou elei\\u00e7\\u00e3o de Lula contra Bolsonaro em 2022 - Serra FM 87,9\",\"headline\":\"Elon Musk afirma que governo Biden financiou elei\\u00e7\\u00e3o de Lula contra Bolsonaro em 2022\",\"author\":{\"@id\":\"https:\\\/\\\/serrafm879.com.br\\\/serrafm\\\/author\\\/serrafm87\\\/#author\"},\"publisher\":{\"@id\":\"https:\\\/\\\/serrafm879.com.br\\\/serrafm\\\/#organization\"},\"image\":{\"@type\":\"ImageObject\",\"url\":\"https:\\\/\\\/serrafm879.com.br\\\/serrafm\\\/wp-content\\\/uploads\\\/2025\\\/02\\\/Anotacao-2025-02-13-173503-e1739479049506.png\",\"width\":397,\"height\":474},\"datePublished\":\"2025-02-13T17:35:28-03:00\",\"dateModified\":\"2025-02-13T17:37:39-03:00\",\"inLanguage\":\"pt-BR\",\"mainEntityOfPage\":{\"@id\":\"https:\\\/\\\/serrafm879.com.br\\\/serrafm\\\/2025\\\/02\\\/elon-musk-afirma-que-governo-biden-financiou-eleicao-de-lula-contra-bolsonaro-em-2022\\\/#webpage\"},\"isPartOf\":{\"@id\":\"https:\\\/\\\/serrafm879.com.br\\\/serrafm\\\/2025\\\/02\\\/elon-musk-afirma-que-governo-biden-financiou-eleicao-de-lula-contra-bolsonaro-em-2022\\\/#webpage\"},\"articleSection\":\"Brasil\"},{\"@type\":\"BreadcrumbList\",\"@id\":\"https:\\\/\\\/serrafm879.com.br\\\/serrafm\\\/2025\\\/02\\\/elon-musk-afirma-que-governo-biden-financiou-eleicao-de-lula-contra-bolsonaro-em-2022\\\/#breadcrumblist\",\"itemListElement\":[{\"@type\":\"ListItem\",\"@id\":\"https:\\\/\\\/serrafm879.com.br\\\/serrafm#listItem\",\"position\":1,\"name\":\"Home\",\"item\":\"https:\\\/\\\/serrafm879.com.br\\\/serrafm\",\"nextItem\":{\"@type\":\"ListItem\",\"@id\":\"https:\\\/\\\/serrafm879.com.br\\\/serrafm\\\/categoria\\\/brasil\\\/#listItem\",\"name\":\"Brasil\"}},{\"@type\":\"ListItem\",\"@id\":\"https:\\\/\\\/serrafm879.com.br\\\/serrafm\\\/categoria\\\/brasil\\\/#listItem\",\"position\":2,\"name\":\"Brasil\",\"item\":\"https:\\\/\\\/serrafm879.com.br\\\/serrafm\\\/categoria\\\/brasil\\\/\",\"nextItem\":{\"@type\":\"ListItem\",\"@id\":\"https:\\\/\\\/serrafm879.com.br\\\/serrafm\\\/2025\\\/02\\\/elon-musk-afirma-que-governo-biden-financiou-eleicao-de-lula-contra-bolsonaro-em-2022\\\/#listItem\",\"name\":\"Elon Musk afirma que governo Biden financiou elei\\u00e7\\u00e3o de Lula contra Bolsonaro em 2022\"},\"previousItem\":{\"@type\":\"ListItem\",\"@id\":\"https:\\\/\\\/serrafm879.com.br\\\/serrafm#listItem\",\"name\":\"Home\"}},{\"@type\":\"ListItem\",\"@id\":\"https:\\\/\\\/serrafm879.com.br\\\/serrafm\\\/2025\\\/02\\\/elon-musk-afirma-que-governo-biden-financiou-eleicao-de-lula-contra-bolsonaro-em-2022\\\/#listItem\",\"position\":3,\"name\":\"Elon Musk afirma que governo Biden financiou elei\\u00e7\\u00e3o de Lula contra Bolsonaro em 2022\",\"previousItem\":{\"@type\":\"ListItem\",\"@id\":\"https:\\\/\\\/serrafm879.com.br\\\/serrafm\\\/categoria\\\/brasil\\\/#listItem\",\"name\":\"Brasil\"}}]},{\"@type\":\"Organization\",\"@id\":\"https:\\\/\\\/serrafm879.com.br\\\/serrafm\\\/#organization\",\"name\":\"Serra FM 87,9\",\"description\":\"O seu novo amor!\",\"url\":\"https:\\\/\\\/serrafm879.com.br\\\/serrafm\\\/\"},{\"@type\":\"Person\",\"@id\":\"https:\\\/\\\/serrafm879.com.br\\\/serrafm\\\/author\\\/serrafm87\\\/#author\",\"url\":\"https:\\\/\\\/serrafm879.com.br\\\/serrafm\\\/author\\\/serrafm87\\\/\",\"name\":\"serrafm87\",\"image\":{\"@type\":\"ImageObject\",\"@id\":\"https:\\\/\\\/serrafm879.com.br\\\/serrafm\\\/2025\\\/02\\\/elon-musk-afirma-que-governo-biden-financiou-eleicao-de-lula-contra-bolsonaro-em-2022\\\/#authorImage\",\"url\":\"https:\\\/\\\/secure.gravatar.com\\\/avatar\\\/a743233f1112d34f48bb3dc9559b76eb930bab8b27175856cba6362608736235?s=96&d=mm&r=g\",\"width\":96,\"height\":96,\"caption\":\"serrafm87\"}},{\"@type\":\"WebPage\",\"@id\":\"https:\\\/\\\/serrafm879.com.br\\\/serrafm\\\/2025\\\/02\\\/elon-musk-afirma-que-governo-biden-financiou-eleicao-de-lula-contra-bolsonaro-em-2022\\\/#webpage\",\"url\":\"https:\\\/\\\/serrafm879.com.br\\\/serrafm\\\/2025\\\/02\\\/elon-musk-afirma-que-governo-biden-financiou-eleicao-de-lula-contra-bolsonaro-em-2022\\\/\",\"name\":\"Elon Musk afirma que governo Biden financiou elei\\u00e7\\u00e3o de Lula contra Bolsonaro em 2022 - Serra FM 87,9\",\"description\":\"O empres\\u00e1rio sul-africano Elon Musk afirmou que os Estados Unidos financiaram a elei\\u00e7\\u00e3o de 2022, que resultou na vit\\u00f3ria do presidente Luiz In\\u00e1cio Lula da Silva (PT). O coment\\u00e1rio foi uma resposta a uma publica\\u00e7\\u00e3o do senador republicano Mike Lee, que perguntou se a popula\\u00e7\\u00e3o americana ficaria incomodada caso o dinheiro norte-americano tivesse contribu\\u00eddo para a derrota do ex-presidente Jair\",\"inLanguage\":\"pt-BR\",\"isPartOf\":{\"@id\":\"https:\\\/\\\/serrafm879.com.br\\\/serrafm\\\/#website\"},\"breadcrumb\":{\"@id\":\"https:\\\/\\\/serrafm879.com.br\\\/serrafm\\\/2025\\\/02\\\/elon-musk-afirma-que-governo-biden-financiou-eleicao-de-lula-contra-bolsonaro-em-2022\\\/#breadcrumblist\"},\"author\":{\"@id\":\"https:\\\/\\\/serrafm879.com.br\\\/serrafm\\\/author\\\/serrafm87\\\/#author\"},\"creator\":{\"@id\":\"https:\\\/\\\/serrafm879.com.br\\\/serrafm\\\/author\\\/serrafm87\\\/#author\"},\"image\":{\"@type\":\"ImageObject\",\"url\":\"https:\\\/\\\/serrafm879.com.br\\\/serrafm\\\/wp-content\\\/uploads\\\/2025\\\/02\\\/Anotacao-2025-02-13-173503-e1739479049506.png\",\"@id\":\"https:\\\/\\\/serrafm879.com.br\\\/serrafm\\\/2025\\\/02\\\/elon-musk-afirma-que-governo-biden-financiou-eleicao-de-lula-contra-bolsonaro-em-2022\\\/#mainImage\",\"width\":397,\"height\":474},\"primaryImageOfPage\":{\"@id\":\"https:\\\/\\\/serrafm879.com.br\\\/serrafm\\\/2025\\\/02\\\/elon-musk-afirma-que-governo-biden-financiou-eleicao-de-lula-contra-bolsonaro-em-2022\\\/#mainImage\"},\"datePublished\":\"2025-02-13T17:35:28-03:00\",\"dateModified\":\"2025-02-13T17:37:39-03:00\"},{\"@type\":\"WebSite\",\"@id\":\"https:\\\/\\\/serrafm879.com.br\\\/serrafm\\\/#website\",\"url\":\"https:\\\/\\\/serrafm879.com.br\\\/serrafm\\\/\",\"name\":\"Serra FM 87,9\",\"description\":\"O seu novo amor!\",\"inLanguage\":\"pt-BR\",\"publisher\":{\"@id\":\"https:\\\/\\\/serrafm879.com.br\\\/serrafm\\\/#organization\"}}]}\n\t\t<\/script>\n\t\t<!-- All in One SEO -->\n\n","aioseo_head_json":{"title":"Elon Musk afirma que governo Biden financiou elei\u00e7\u00e3o de Lula contra Bolsonaro em 2022 - Serra FM 87,9","description":"O empres\u00e1rio sul-africano Elon Musk afirmou que os Estados Unidos financiaram a elei\u00e7\u00e3o de 2022, que resultou na vit\u00f3ria do presidente Luiz In\u00e1cio Lula da Silva (PT). O coment\u00e1rio foi uma resposta a uma publica\u00e7\u00e3o do senador republicano Mike Lee, que perguntou se a popula\u00e7\u00e3o americana ficaria incomodada caso o dinheiro norte-americano tivesse contribu\u00eddo para a derrota do ex-presidente Jair","canonical_url":"https:\/\/serrafm879.com.br\/serrafm\/2025\/02\/elon-musk-afirma-que-governo-biden-financiou-eleicao-de-lula-contra-bolsonaro-em-2022\/","robots":"max-image-preview:large","keywords":"","webmasterTools":{"miscellaneous":""},"schema":{"@context":"https:\/\/schema.org","@graph":[{"@type":"BlogPosting","@id":"https:\/\/serrafm879.com.br\/serrafm\/2025\/02\/elon-musk-afirma-que-governo-biden-financiou-eleicao-de-lula-contra-bolsonaro-em-2022\/#blogposting","name":"Elon Musk afirma que governo Biden financiou elei\u00e7\u00e3o de Lula contra Bolsonaro em 2022 - Serra FM 87,9","headline":"Elon Musk afirma que governo Biden financiou elei\u00e7\u00e3o de Lula contra Bolsonaro em 2022","author":{"@id":"https:\/\/serrafm879.com.br\/serrafm\/author\/serrafm87\/#author"},"publisher":{"@id":"https:\/\/serrafm879.com.br\/serrafm\/#organization"},"image":{"@type":"ImageObject","url":"https:\/\/serrafm879.com.br\/serrafm\/wp-content\/uploads\/2025\/02\/Anotacao-2025-02-13-173503-e1739479049506.png","width":397,"height":474},"datePublished":"2025-02-13T17:35:28-03:00","dateModified":"2025-02-13T17:37:39-03:00","inLanguage":"pt-BR","mainEntityOfPage":{"@id":"https:\/\/serrafm879.com.br\/serrafm\/2025\/02\/elon-musk-afirma-que-governo-biden-financiou-eleicao-de-lula-contra-bolsonaro-em-2022\/#webpage"},"isPartOf":{"@id":"https:\/\/serrafm879.com.br\/serrafm\/2025\/02\/elon-musk-afirma-que-governo-biden-financiou-eleicao-de-lula-contra-bolsonaro-em-2022\/#webpage"},"articleSection":"Brasil"},{"@type":"BreadcrumbList","@id":"https:\/\/serrafm879.com.br\/serrafm\/2025\/02\/elon-musk-afirma-que-governo-biden-financiou-eleicao-de-lula-contra-bolsonaro-em-2022\/#breadcrumblist","itemListElement":[{"@type":"ListItem","@id":"https:\/\/serrafm879.com.br\/serrafm#listItem","position":1,"name":"Home","item":"https:\/\/serrafm879.com.br\/serrafm","nextItem":{"@type":"ListItem","@id":"https:\/\/serrafm879.com.br\/serrafm\/categoria\/brasil\/#listItem","name":"Brasil"}},{"@type":"ListItem","@id":"https:\/\/serrafm879.com.br\/serrafm\/categoria\/brasil\/#listItem","position":2,"name":"Brasil","item":"https:\/\/serrafm879.com.br\/serrafm\/categoria\/brasil\/","nextItem":{"@type":"ListItem","@id":"https:\/\/serrafm879.com.br\/serrafm\/2025\/02\/elon-musk-afirma-que-governo-biden-financiou-eleicao-de-lula-contra-bolsonaro-em-2022\/#listItem","name":"Elon Musk afirma que governo Biden financiou elei\u00e7\u00e3o de Lula contra Bolsonaro em 2022"},"previousItem":{"@type":"ListItem","@id":"https:\/\/serrafm879.com.br\/serrafm#listItem","name":"Home"}},{"@type":"ListItem","@id":"https:\/\/serrafm879.com.br\/serrafm\/2025\/02\/elon-musk-afirma-que-governo-biden-financiou-eleicao-de-lula-contra-bolsonaro-em-2022\/#listItem","position":3,"name":"Elon Musk afirma que governo Biden financiou elei\u00e7\u00e3o de Lula contra Bolsonaro em 2022","previousItem":{"@type":"ListItem","@id":"https:\/\/serrafm879.com.br\/serrafm\/categoria\/brasil\/#listItem","name":"Brasil"}}]},{"@type":"Organization","@id":"https:\/\/serrafm879.com.br\/serrafm\/#organization","name":"Serra FM 87,9","description":"O seu novo amor!","url":"https:\/\/serrafm879.com.br\/serrafm\/"},{"@type":"Person","@id":"https:\/\/serrafm879.com.br\/serrafm\/author\/serrafm87\/#author","url":"https:\/\/serrafm879.com.br\/serrafm\/author\/serrafm87\/","name":"serrafm87","image":{"@type":"ImageObject","@id":"https:\/\/serrafm879.com.br\/serrafm\/2025\/02\/elon-musk-afirma-que-governo-biden-financiou-eleicao-de-lula-contra-bolsonaro-em-2022\/#authorImage","url":"https:\/\/secure.gravatar.com\/avatar\/a743233f1112d34f48bb3dc9559b76eb930bab8b27175856cba6362608736235?s=96&d=mm&r=g","width":96,"height":96,"caption":"serrafm87"}},{"@type":"WebPage","@id":"https:\/\/serrafm879.com.br\/serrafm\/2025\/02\/elon-musk-afirma-que-governo-biden-financiou-eleicao-de-lula-contra-bolsonaro-em-2022\/#webpage","url":"https:\/\/serrafm879.com.br\/serrafm\/2025\/02\/elon-musk-afirma-que-governo-biden-financiou-eleicao-de-lula-contra-bolsonaro-em-2022\/","name":"Elon Musk afirma que governo Biden financiou elei\u00e7\u00e3o de Lula contra Bolsonaro em 2022 - Serra FM 87,9","description":"O empres\u00e1rio sul-africano Elon Musk afirmou que os Estados Unidos financiaram a elei\u00e7\u00e3o de 2022, que resultou na vit\u00f3ria do presidente Luiz In\u00e1cio Lula da Silva (PT). O coment\u00e1rio foi uma resposta a uma publica\u00e7\u00e3o do senador republicano Mike Lee, que perguntou se a popula\u00e7\u00e3o americana ficaria incomodada caso o dinheiro norte-americano tivesse contribu\u00eddo para a derrota do ex-presidente Jair","inLanguage":"pt-BR","isPartOf":{"@id":"https:\/\/serrafm879.com.br\/serrafm\/#website"},"breadcrumb":{"@id":"https:\/\/serrafm879.com.br\/serrafm\/2025\/02\/elon-musk-afirma-que-governo-biden-financiou-eleicao-de-lula-contra-bolsonaro-em-2022\/#breadcrumblist"},"author":{"@id":"https:\/\/serrafm879.com.br\/serrafm\/author\/serrafm87\/#author"},"creator":{"@id":"https:\/\/serrafm879.com.br\/serrafm\/author\/serrafm87\/#author"},"image":{"@type":"ImageObject","url":"https:\/\/serrafm879.com.br\/serrafm\/wp-content\/uploads\/2025\/02\/Anotacao-2025-02-13-173503-e1739479049506.png","@id":"https:\/\/serrafm879.com.br\/serrafm\/2025\/02\/elon-musk-afirma-que-governo-biden-financiou-eleicao-de-lula-contra-bolsonaro-em-2022\/#mainImage","width":397,"height":474},"primaryImageOfPage":{"@id":"https:\/\/serrafm879.com.br\/serrafm\/2025\/02\/elon-musk-afirma-que-governo-biden-financiou-eleicao-de-lula-contra-bolsonaro-em-2022\/#mainImage"},"datePublished":"2025-02-13T17:35:28-03:00","dateModified":"2025-02-13T17:37:39-03:00"},{"@type":"WebSite","@id":"https:\/\/serrafm879.com.br\/serrafm\/#website","url":"https:\/\/serrafm879.com.br\/serrafm\/","name":"Serra FM 87,9","description":"O seu novo amor!","inLanguage":"pt-BR","publisher":{"@id":"https:\/\/serrafm879.com.br\/serrafm\/#organization"}}]},"twitter:card":"summary_large_image","twitter:title":"Elon Musk afirma que governo Biden financiou elei\u00e7\u00e3o de Lula contra Bolsonaro em 2022 - Serra FM 87,9","twitter:description":"O empres\u00e1rio sul-africano Elon Musk afirmou que os Estados Unidos financiaram a elei\u00e7\u00e3o de 2022, que resultou na vit\u00f3ria do presidente Luiz In\u00e1cio Lula da Silva (PT). O coment\u00e1rio foi uma resposta a uma publica\u00e7\u00e3o do senador republicano Mike Lee, que perguntou se a popula\u00e7\u00e3o americana ficaria incomodada caso o dinheiro norte-americano tivesse contribu\u00eddo para a derrota do ex-presidente Jair","twitter:image":"https:\/\/serrafm879.com.br\/serrafm\/wp-content\/uploads\/2025\/02\/Anotacao-2025-02-13-173503-e1739479049506.png"},"aioseo_meta_data":{"post_id":"20673","title":null,"description":null,"keywords":null,"keyphrases":null,"primary_term":null,"canonical_url":null,"og_title":null,"og_description":null,"og_object_type":"default","og_image_type":"default","og_image_custom_url":null,"og_image_custom_fields":null,"og_image_url":null,"og_image_width":null,"og_image_height":null,"og_video":null,"og_custom_url":null,"og_article_section":null,"og_article_tags":null,"twitter_use_og":false,"twitter_card":"default","twitter_image_type":"default","twitter_image_custom_url":null,"twitter_image_custom_fields":null,"twitter_image_url":null,"twitter_title":null,"twitter_description":null,"schema_type":"default","schema_type_options":null,"schema":{"blockGraphs":[],"customGraphs":[],"default":{"data":{"Article":[],"Course":[],"Dataset":[],"FAQPage":[],"Movie":[],"Person":[],"Product":[],"ProductReview":[],"Car":[],"Recipe":[],"Service":[],"SoftwareApplication":[],"WebPage":[]},"graphName":"","isEnabled":true},"graphs":[]},"pillar_content":false,"robots_default":true,"robots_noindex":false,"robots_noarchive":false,"robots_nosnippet":false,"robots_nofollow":false,"robots_noimageindex":false,"robots_noodp":false,"robots_notranslate":false,"robots_max_snippet":null,"robots_max_videopreview":null,"robots_max_imagepreview":"large","priority":null,"frequency":null,"local_seo":null,"limit_modified_date":false,"ai":null,"breadcrumb_settings":null,"seo_analyzer_scan_date":null,"created":"2026-07-21 13:42:52","updated":"2026-07-21 13:42:52"},"aioseo_breadcrumb":"<div class=\"aioseo-breadcrumbs\"><span class=\"aioseo-breadcrumb\">\n\t\t\t<a href=\"https:\/\/serrafm879.com.br\/serrafm\" title=\"Home\">Home<\/a>\n\t\t<\/span><span class=\"aioseo-breadcrumb-separator\">&raquo;<\/span><span class=\"aioseo-breadcrumb\">\n\t\t\t<a href=\"https:\/\/serrafm879.com.br\/serrafm\/categoria\/brasil\/\" title=\"Brasil\">Brasil<\/a>\n\t\t<\/span><span class=\"aioseo-breadcrumb-separator\">&raquo;<\/span><span class=\"aioseo-breadcrumb\">\n\t\t\tElon Musk afirma que governo Biden financiou elei\u00e7\u00e3o de Lula contra Bolsonaro em 2022\n\t\t<\/span><\/div>","aioseo_breadcrumb_json":[{"label":"Home","link":"https:\/\/serrafm879.com.br\/serrafm"},{"label":"Brasil","link":"https:\/\/serrafm879.com.br\/serrafm\/categoria\/brasil\/"},{"label":"Elon Musk afirma que governo Biden financiou elei\u00e7\u00e3o de Lula contra Bolsonaro em 2022","link":"https:\/\/serrafm879.com.br\/serrafm\/2025\/02\/elon-musk-afirma-que-governo-biden-financiou-eleicao-de-lula-contra-bolsonaro-em-2022\/"}],"jetpack_publicize_connections":[],"jetpack_featured_media_url":"https:\/\/serrafm879.com.br\/serrafm\/wp-content\/uploads\/2025\/02\/Anotacao-2025-02-13-173503-e1739479049506.png","jetpack_shortlink":"https:\/\/wp.me\/p7HyXg-5nr","jetpack_sharing_enabled":true,"_links":{"self":[{"href":"https:\/\/serrafm879.com.br\/serrafm\/wp-json\/wp\/v2\/posts\/20673","targetHints":{"allow":["GET"]}}],"collection":[{"href":"https:\/\/serrafm879.com.br\/serrafm\/wp-json\/wp\/v2\/posts"}],"about":[{"href":"https:\/\/serrafm879.com.br\/serrafm\/wp-json\/wp\/v2\/types\/post"}],"author":[{"embeddable":true,"href":"https:\/\/serrafm879.com.br\/serrafm\/wp-json\/wp\/v2\/users\/2"}],"replies":[{"embeddable":true,"href":"https:\/\/serrafm879.com.br\/serrafm\/wp-json\/wp\/v2\/comments?post=20673"}],"version-history":[{"count":1,"href":"https:\/\/serrafm879.com.br\/serrafm\/wp-json\/wp\/v2\/posts\/20673\/revisions"}],"predecessor-version":[{"id":20675,"href":"https:\/\/serrafm879.com.br\/serrafm\/wp-json\/wp\/v2\/posts\/20673\/revisions\/20675"}],"wp:featuredmedia":[{"embeddable":true,"href":"https:\/\/serrafm879.com.br\/serrafm\/wp-json\/wp\/v2\/media\/20674"}],"wp:attachment":[{"href":"https:\/\/serrafm879.com.br\/serrafm\/wp-json\/wp\/v2\/media?parent=20673"}],"wp:term":[{"taxonomy":"category","embeddable":true,"href":"https:\/\/serrafm879.com.br\/serrafm\/wp-json\/wp\/v2\/categories?post=20673"},{"taxonomy":"post_tag","embeddable":true,"href":"https:\/\/serrafm879.com.br\/serrafm\/wp-json\/wp\/v2\/tags?post=20673"}],"curies":[{"name":"wp","href":"https:\/\/api.w.org\/{rel}","templated":true}]}}