{"id":20685,"date":"2025-02-14T17:02:01","date_gmt":"2025-02-14T20:02:01","guid":{"rendered":"https:\/?p=20685"},"modified":"2025-02-14T17:02:01","modified_gmt":"2025-02-14T20:02:01","slug":"prtb-lanca-wesley-safadao-ao-senado-mas-cantor-descarta-a-hipotese","status":"publish","type":"post","link":"https:\/\/serrafm879.com.br\/serrafm\/2025\/02\/prtb-lanca-wesley-safadao-ao-senado-mas-cantor-descarta-a-hipotese\/","title":{"rendered":"PRTB \u201clan\u00e7a\u201d Wesley Safad\u00e3o ao Senado, mas cantor descarta a hip\u00f3tese"},"content":{"rendered":"<p><strong>Do Metr\u00f3poles<\/strong><\/p>\n<p>O Partido Renovador Trabalhista Brasileiro (PRTB) apresentou a possibilidade de lan\u00e7ar o cantor Wesley Safad\u00e3o como candidato ao Senado nas\u00a0<a href=\"https:\/\/www.metropoles.com\/brasil\/eleicao-de-2026-sem-bolsonaro-e-antidemocratica-defende-flavio\" target=\"_blank\" rel=\"noopener\">elei\u00e7\u00f5es de 2026<\/a>.<\/p>\n<p>O partido quer que Safad\u00e3o concorra pelo Cear\u00e1 e a filia\u00e7\u00e3o do cantor ocorreria at\u00e9 o pr\u00f3ximo m\u00eas, segundo confirmou ao\u00a0<strong>Metr\u00f3poles<\/strong>\u00a0o presidente da legenda, Leonardo Avalanche. Atualmente, o artista n\u00e3o est\u00e1 filiado a nenhum partido.<\/p>\n<p>A ideia, no entanto, j\u00e1 encontrou um enorme obst\u00e1culo: o pr\u00f3prio cantor, que descarta sair da m\u00fasica para entrar na pol\u00edtica. Em nota, a assessoria de Safad\u00e3o disse que agradece o convite formulado pelo PRTB, \u201cmas [ele] n\u00e3o tem inten\u00e7\u00e3o de entrar na pol\u00edtica. O neg\u00f3cio dele \u00e9 m\u00fasica e vaquejada\u201d.<\/p>\n<p>Recentemente, Safad\u00e3o demonstrou apoio \u00e0 poss\u00edvel candidatura de Gusttavo Lima \u00e0 Presid\u00eancia da Rep\u00fablica. O cantor chegou a compartilhar, nas redes sociais, uma chamada de v\u00eddeo ao lado do \u201cEmbaixador\u201d,\u00a0<a href=\"https:\/\/www.metropoles.com\/celebridades\/wesley-safadao-apoia-campanha-de-gusttavo-lima-a-presidencia-em-2026\" target=\"_blank\" rel=\"noopener\">com a legenda \u201cmeu presidente\u201d<\/a>.<\/p>\n<p>Em entrevista ao\u00a0<strong>Metr\u00f3poles<\/strong>, na coluna Grande Angular,\u00a0<a href=\"https:\/\/www.metropoles.com\/colunas\/grande-angular\/gusttavo-lima-anuncia-que-vai-se-candidatar-a-presidencia-da-republica-em-2026\" target=\"_blank\" rel=\"noopener\">Lima revelou que pretende disputar o Pal\u00e1cio do Planalto em 2026<\/a>.<\/p>\n<h4><strong>PRTB quer Mar\u00e7al<\/strong><\/h4>\n<p>Outro nome j\u00e1 confirmado pelo PRTB para 2026 \u00e9 o de Pablo Mar\u00e7al. Segundo Leonardo Avalanche, o coach ser\u00e1 o candidato do partido \u00e0 Presid\u00eancia da Rep\u00fablica. \u201cEle \u00e9 o nosso candidato a presidente em 2026. Se mostrou bastante competente\u201d, afirmou o dirigente \u00e0 reportagem.<\/p>\n<p>No fim do ano passado, no entanto, Mar\u00e7al mantinha negocia\u00e7\u00f5es para se filiar ao Uni\u00e3o Brasil. Ele disputou a Prefeitura de S\u00e3o Paulo nas elei\u00e7\u00f5es municipais de 2024 e terminou a corrida em terceiro lugar.<\/p>\n","protected":false},"excerpt":{"rendered":"<p>Do Metr\u00f3poles O Partido Renovador Trabalhista Brasileiro (PRTB) apresentou a possibilidade de lan\u00e7ar o cantor Wesley Safad\u00e3o como candidato ao Senado nas\u00a0elei\u00e7\u00f5es de 2026. O partido quer que Safad\u00e3o concorra pelo Cear\u00e1 e a filia\u00e7\u00e3o do cantor ocorreria at\u00e9 o pr\u00f3ximo m\u00eas, segundo confirmou ao\u00a0Metr\u00f3poles\u00a0o presidente da legenda, Leonardo Avalanche. Atualmente, o artista n\u00e3o est\u00e1 filiado a nenhum partido. A ideia, no entanto, j\u00e1 encontrou um enorme obst\u00e1culo: o pr\u00f3prio cantor, que descarta sair da m\u00fasica para entrar na pol\u00edtica. Em nota, a assessoria de Safad\u00e3o disse que agradece o convite formulado pelo PRTB, \u201cmas [ele] n\u00e3o tem inten\u00e7\u00e3o de [&hellip;]<\/p>\n","protected":false},"author":2,"featured_media":20686,"comment_status":"open","ping_status":"open","sticky":false,"template":"","format":"standard","meta":{"_jetpack_newsletter_access":"","_jetpack_dont_email_post_to_subs":false,"_jetpack_newsletter_tier_id":0,"_jetpack_memberships_contains_paywalled_content":false,"_jetpack_feature_clip_id":0,"_jetpack_memberships_contains_paid_content":false,"footnotes":"","jetpack_publicize_message":"","jetpack_publicize_feature_enabled":true,"jetpack_social_post_already_shared":true,"jetpack_social_options":{"image_generator_settings":{"template":"highway","default_image_id":0,"font":"","enabled":false},"version":2},"jetpack_post_was_ever_published":false},"categories":[149],"tags":[],"class_list":["post-20685","post","type-post","status-publish","format-standard","has-post-thumbnail","hentry","category-brasil"],"aioseo_notices":[],"aioseo_head":"\n\t\t<!-- All in One SEO 4.9.10 - aioseo.com -->\n\t<meta name=\"description\" content=\"Do Metr\u00f3poles O Partido Renovador Trabalhista Brasileiro (PRTB) apresentou a possibilidade de lan\u00e7ar o cantor Wesley Safad\u00e3o como candidato ao Senado nas elei\u00e7\u00f5es de 2026. O partido quer que Safad\u00e3o concorra pelo Cear\u00e1 e a filia\u00e7\u00e3o do cantor ocorreria at\u00e9 o pr\u00f3ximo m\u00eas, segundo confirmou ao Metr\u00f3poles o presidente da legenda, Leonardo Avalanche. Atualmente, o artista n\u00e3o est\u00e1\" \/>\n\t<meta name=\"robots\" content=\"max-image-preview:large\" \/>\n\t<meta name=\"author\" content=\"serrafm87\"\/>\n\t<link rel=\"canonical\" href=\"https:\/\/serrafm879.com.br\/serrafm\/2025\/02\/prtb-lanca-wesley-safadao-ao-senado-mas-cantor-descarta-a-hipotese\/\" \/>\n\t<meta name=\"generator\" content=\"All in One SEO (AIOSEO) 4.9.10\" \/>\n\t\t<meta name=\"twitter:card\" content=\"summary_large_image\" \/>\n\t\t<meta name=\"twitter:title\" content=\"PRTB \u201clan\u00e7a\u201d Wesley Safad\u00e3o ao Senado, mas cantor descarta a hip\u00f3tese - Serra FM 87,9\" \/>\n\t\t<meta name=\"twitter:description\" content=\"Do Metr\u00f3poles O Partido Renovador Trabalhista Brasileiro (PRTB) apresentou a possibilidade de lan\u00e7ar o cantor Wesley Safad\u00e3o como candidato ao Senado nas elei\u00e7\u00f5es de 2026. O partido quer que Safad\u00e3o concorra pelo Cear\u00e1 e a filia\u00e7\u00e3o do cantor ocorreria at\u00e9 o pr\u00f3ximo m\u00eas, segundo confirmou ao Metr\u00f3poles o presidente da legenda, Leonardo Avalanche. Atualmente, o artista n\u00e3o est\u00e1\" \/>\n\t\t<meta name=\"twitter:image\" content=\"https:\/\/serrafm879.com.br\/serrafm\/wp-content\/uploads\/2025\/02\/Anotacao-2025-02-14-170136.png\" \/>\n\t\t<script type=\"application\/ld+json\" class=\"aioseo-schema\">\n\t\t\t{\"@context\":\"https:\\\/\\\/schema.org\",\"@graph\":[{\"@type\":\"BlogPosting\",\"@id\":\"https:\\\/\\\/serrafm879.com.br\\\/serrafm\\\/2025\\\/02\\\/prtb-lanca-wesley-safadao-ao-senado-mas-cantor-descarta-a-hipotese\\\/#blogposting\",\"name\":\"PRTB \\u201clan\\u00e7a\\u201d Wesley Safad\\u00e3o ao Senado, mas cantor descarta a hip\\u00f3tese - Serra FM 87,9\",\"headline\":\"PRTB \\u201clan\\u00e7a\\u201d Wesley Safad\\u00e3o ao Senado, mas cantor descarta a hip\\u00f3tese\",\"author\":{\"@id\":\"https:\\\/\\\/serrafm879.com.br\\\/serrafm\\\/author\\\/serrafm87\\\/#author\"},\"publisher\":{\"@id\":\"https:\\\/\\\/serrafm879.com.br\\\/serrafm\\\/#organization\"},\"image\":{\"@type\":\"ImageObject\",\"url\":\"https:\\\/\\\/serrafm879.com.br\\\/serrafm\\\/wp-content\\\/uploads\\\/2025\\\/02\\\/Anotacao-2025-02-14-170136.png\",\"width\":628,\"height\":402},\"datePublished\":\"2025-02-14T17:02:01-03:00\",\"dateModified\":\"2025-02-14T17:02:01-03:00\",\"inLanguage\":\"pt-BR\",\"mainEntityOfPage\":{\"@id\":\"https:\\\/\\\/serrafm879.com.br\\\/serrafm\\\/2025\\\/02\\\/prtb-lanca-wesley-safadao-ao-senado-mas-cantor-descarta-a-hipotese\\\/#webpage\"},\"isPartOf\":{\"@id\":\"https:\\\/\\\/serrafm879.com.br\\\/serrafm\\\/2025\\\/02\\\/prtb-lanca-wesley-safadao-ao-senado-mas-cantor-descarta-a-hipotese\\\/#webpage\"},\"articleSection\":\"Brasil\"},{\"@type\":\"BreadcrumbList\",\"@id\":\"https:\\\/\\\/serrafm879.com.br\\\/serrafm\\\/2025\\\/02\\\/prtb-lanca-wesley-safadao-ao-senado-mas-cantor-descarta-a-hipotese\\\/#breadcrumblist\",\"itemListElement\":[{\"@type\":\"ListItem\",\"@id\":\"https:\\\/\\\/serrafm879.com.br\\\/serrafm#listItem\",\"position\":1,\"name\":\"Home\",\"item\":\"https:\\\/\\\/serrafm879.com.br\\\/serrafm\",\"nextItem\":{\"@type\":\"ListItem\",\"@id\":\"https:\\\/\\\/serrafm879.com.br\\\/serrafm\\\/categoria\\\/brasil\\\/#listItem\",\"name\":\"Brasil\"}},{\"@type\":\"ListItem\",\"@id\":\"https:\\\/\\\/serrafm879.com.br\\\/serrafm\\\/categoria\\\/brasil\\\/#listItem\",\"position\":2,\"name\":\"Brasil\",\"item\":\"https:\\\/\\\/serrafm879.com.br\\\/serrafm\\\/categoria\\\/brasil\\\/\",\"nextItem\":{\"@type\":\"ListItem\",\"@id\":\"https:\\\/\\\/serrafm879.com.br\\\/serrafm\\\/2025\\\/02\\\/prtb-lanca-wesley-safadao-ao-senado-mas-cantor-descarta-a-hipotese\\\/#listItem\",\"name\":\"PRTB \\u201clan\\u00e7a\\u201d Wesley Safad\\u00e3o ao Senado, mas cantor descarta a hip\\u00f3tese\"},\"previousItem\":{\"@type\":\"ListItem\",\"@id\":\"https:\\\/\\\/serrafm879.com.br\\\/serrafm#listItem\",\"name\":\"Home\"}},{\"@type\":\"ListItem\",\"@id\":\"https:\\\/\\\/serrafm879.com.br\\\/serrafm\\\/2025\\\/02\\\/prtb-lanca-wesley-safadao-ao-senado-mas-cantor-descarta-a-hipotese\\\/#listItem\",\"position\":3,\"name\":\"PRTB \\u201clan\\u00e7a\\u201d Wesley Safad\\u00e3o ao Senado, mas cantor descarta a hip\\u00f3tese\",\"previousItem\":{\"@type\":\"ListItem\",\"@id\":\"https:\\\/\\\/serrafm879.com.br\\\/serrafm\\\/categoria\\\/brasil\\\/#listItem\",\"name\":\"Brasil\"}}]},{\"@type\":\"Organization\",\"@id\":\"https:\\\/\\\/serrafm879.com.br\\\/serrafm\\\/#organization\",\"name\":\"Serra FM 87,9\",\"description\":\"O seu novo amor!\",\"url\":\"https:\\\/\\\/serrafm879.com.br\\\/serrafm\\\/\"},{\"@type\":\"Person\",\"@id\":\"https:\\\/\\\/serrafm879.com.br\\\/serrafm\\\/author\\\/serrafm87\\\/#author\",\"url\":\"https:\\\/\\\/serrafm879.com.br\\\/serrafm\\\/author\\\/serrafm87\\\/\",\"name\":\"serrafm87\",\"image\":{\"@type\":\"ImageObject\",\"@id\":\"https:\\\/\\\/serrafm879.com.br\\\/serrafm\\\/2025\\\/02\\\/prtb-lanca-wesley-safadao-ao-senado-mas-cantor-descarta-a-hipotese\\\/#authorImage\",\"url\":\"https:\\\/\\\/secure.gravatar.com\\\/avatar\\\/a743233f1112d34f48bb3dc9559b76eb930bab8b27175856cba6362608736235?s=96&d=mm&r=g\",\"width\":96,\"height\":96,\"caption\":\"serrafm87\"}},{\"@type\":\"WebPage\",\"@id\":\"https:\\\/\\\/serrafm879.com.br\\\/serrafm\\\/2025\\\/02\\\/prtb-lanca-wesley-safadao-ao-senado-mas-cantor-descarta-a-hipotese\\\/#webpage\",\"url\":\"https:\\\/\\\/serrafm879.com.br\\\/serrafm\\\/2025\\\/02\\\/prtb-lanca-wesley-safadao-ao-senado-mas-cantor-descarta-a-hipotese\\\/\",\"name\":\"PRTB \\u201clan\\u00e7a\\u201d Wesley Safad\\u00e3o ao Senado, mas cantor descarta a hip\\u00f3tese - Serra FM 87,9\",\"description\":\"Do Metr\\u00f3poles O Partido Renovador Trabalhista Brasileiro (PRTB) apresentou a possibilidade de lan\\u00e7ar o cantor Wesley Safad\\u00e3o como candidato ao Senado nas elei\\u00e7\\u00f5es de 2026. O partido quer que Safad\\u00e3o concorra pelo Cear\\u00e1 e a filia\\u00e7\\u00e3o do cantor ocorreria at\\u00e9 o pr\\u00f3ximo m\\u00eas, segundo confirmou ao Metr\\u00f3poles o presidente da legenda, Leonardo Avalanche. Atualmente, o artista n\\u00e3o est\\u00e1\",\"inLanguage\":\"pt-BR\",\"isPartOf\":{\"@id\":\"https:\\\/\\\/serrafm879.com.br\\\/serrafm\\\/#website\"},\"breadcrumb\":{\"@id\":\"https:\\\/\\\/serrafm879.com.br\\\/serrafm\\\/2025\\\/02\\\/prtb-lanca-wesley-safadao-ao-senado-mas-cantor-descarta-a-hipotese\\\/#breadcrumblist\"},\"author\":{\"@id\":\"https:\\\/\\\/serrafm879.com.br\\\/serrafm\\\/author\\\/serrafm87\\\/#author\"},\"creator\":{\"@id\":\"https:\\\/\\\/serrafm879.com.br\\\/serrafm\\\/author\\\/serrafm87\\\/#author\"},\"image\":{\"@type\":\"ImageObject\",\"url\":\"https:\\\/\\\/serrafm879.com.br\\\/serrafm\\\/wp-content\\\/uploads\\\/2025\\\/02\\\/Anotacao-2025-02-14-170136.png\",\"@id\":\"https:\\\/\\\/serrafm879.com.br\\\/serrafm\\\/2025\\\/02\\\/prtb-lanca-wesley-safadao-ao-senado-mas-cantor-descarta-a-hipotese\\\/#mainImage\",\"width\":628,\"height\":402},\"primaryImageOfPage\":{\"@id\":\"https:\\\/\\\/serrafm879.com.br\\\/serrafm\\\/2025\\\/02\\\/prtb-lanca-wesley-safadao-ao-senado-mas-cantor-descarta-a-hipotese\\\/#mainImage\"},\"datePublished\":\"2025-02-14T17:02:01-03:00\",\"dateModified\":\"2025-02-14T17:02:01-03:00\"},{\"@type\":\"WebSite\",\"@id\":\"https:\\\/\\\/serrafm879.com.br\\\/serrafm\\\/#website\",\"url\":\"https:\\\/\\\/serrafm879.com.br\\\/serrafm\\\/\",\"name\":\"Serra FM 87,9\",\"description\":\"O seu novo amor!\",\"inLanguage\":\"pt-BR\",\"publisher\":{\"@id\":\"https:\\\/\\\/serrafm879.com.br\\\/serrafm\\\/#organization\"}}]}\n\t\t<\/script>\n\t\t<!-- All in One SEO -->\n\n","aioseo_head_json":{"title":"PRTB \u201clan\u00e7a\u201d Wesley Safad\u00e3o ao Senado, mas cantor descarta a hip\u00f3tese - Serra FM 87,9","description":"Do Metr\u00f3poles O Partido Renovador Trabalhista Brasileiro (PRTB) apresentou a possibilidade de lan\u00e7ar o cantor Wesley Safad\u00e3o como candidato ao Senado nas elei\u00e7\u00f5es de 2026. O partido quer que Safad\u00e3o concorra pelo Cear\u00e1 e a filia\u00e7\u00e3o do cantor ocorreria at\u00e9 o pr\u00f3ximo m\u00eas, segundo confirmou ao Metr\u00f3poles o presidente da legenda, Leonardo Avalanche. Atualmente, o artista n\u00e3o est\u00e1","canonical_url":"https:\/\/serrafm879.com.br\/serrafm\/2025\/02\/prtb-lanca-wesley-safadao-ao-senado-mas-cantor-descarta-a-hipotese\/","robots":"max-image-preview:large","keywords":"","webmasterTools":{"miscellaneous":""},"schema":{"@context":"https:\/\/schema.org","@graph":[{"@type":"BlogPosting","@id":"https:\/\/serrafm879.com.br\/serrafm\/2025\/02\/prtb-lanca-wesley-safadao-ao-senado-mas-cantor-descarta-a-hipotese\/#blogposting","name":"PRTB \u201clan\u00e7a\u201d Wesley Safad\u00e3o ao Senado, mas cantor descarta a hip\u00f3tese - Serra FM 87,9","headline":"PRTB \u201clan\u00e7a\u201d Wesley Safad\u00e3o ao Senado, mas cantor descarta a hip\u00f3tese","author":{"@id":"https:\/\/serrafm879.com.br\/serrafm\/author\/serrafm87\/#author"},"publisher":{"@id":"https:\/\/serrafm879.com.br\/serrafm\/#organization"},"image":{"@type":"ImageObject","url":"https:\/\/serrafm879.com.br\/serrafm\/wp-content\/uploads\/2025\/02\/Anotacao-2025-02-14-170136.png","width":628,"height":402},"datePublished":"2025-02-14T17:02:01-03:00","dateModified":"2025-02-14T17:02:01-03:00","inLanguage":"pt-BR","mainEntityOfPage":{"@id":"https:\/\/serrafm879.com.br\/serrafm\/2025\/02\/prtb-lanca-wesley-safadao-ao-senado-mas-cantor-descarta-a-hipotese\/#webpage"},"isPartOf":{"@id":"https:\/\/serrafm879.com.br\/serrafm\/2025\/02\/prtb-lanca-wesley-safadao-ao-senado-mas-cantor-descarta-a-hipotese\/#webpage"},"articleSection":"Brasil"},{"@type":"BreadcrumbList","@id":"https:\/\/serrafm879.com.br\/serrafm\/2025\/02\/prtb-lanca-wesley-safadao-ao-senado-mas-cantor-descarta-a-hipotese\/#breadcrumblist","itemListElement":[{"@type":"ListItem","@id":"https:\/\/serrafm879.com.br\/serrafm#listItem","position":1,"name":"Home","item":"https:\/\/serrafm879.com.br\/serrafm","nextItem":{"@type":"ListItem","@id":"https:\/\/serrafm879.com.br\/serrafm\/categoria\/brasil\/#listItem","name":"Brasil"}},{"@type":"ListItem","@id":"https:\/\/serrafm879.com.br\/serrafm\/categoria\/brasil\/#listItem","position":2,"name":"Brasil","item":"https:\/\/serrafm879.com.br\/serrafm\/categoria\/brasil\/","nextItem":{"@type":"ListItem","@id":"https:\/\/serrafm879.com.br\/serrafm\/2025\/02\/prtb-lanca-wesley-safadao-ao-senado-mas-cantor-descarta-a-hipotese\/#listItem","name":"PRTB \u201clan\u00e7a\u201d Wesley Safad\u00e3o ao Senado, mas cantor descarta a hip\u00f3tese"},"previousItem":{"@type":"ListItem","@id":"https:\/\/serrafm879.com.br\/serrafm#listItem","name":"Home"}},{"@type":"ListItem","@id":"https:\/\/serrafm879.com.br\/serrafm\/2025\/02\/prtb-lanca-wesley-safadao-ao-senado-mas-cantor-descarta-a-hipotese\/#listItem","position":3,"name":"PRTB \u201clan\u00e7a\u201d Wesley Safad\u00e3o ao Senado, mas cantor descarta a hip\u00f3tese","previousItem":{"@type":"ListItem","@id":"https:\/\/serrafm879.com.br\/serrafm\/categoria\/brasil\/#listItem","name":"Brasil"}}]},{"@type":"Organization","@id":"https:\/\/serrafm879.com.br\/serrafm\/#organization","name":"Serra FM 87,9","description":"O seu novo amor!","url":"https:\/\/serrafm879.com.br\/serrafm\/"},{"@type":"Person","@id":"https:\/\/serrafm879.com.br\/serrafm\/author\/serrafm87\/#author","url":"https:\/\/serrafm879.com.br\/serrafm\/author\/serrafm87\/","name":"serrafm87","image":{"@type":"ImageObject","@id":"https:\/\/serrafm879.com.br\/serrafm\/2025\/02\/prtb-lanca-wesley-safadao-ao-senado-mas-cantor-descarta-a-hipotese\/#authorImage","url":"https:\/\/secure.gravatar.com\/avatar\/a743233f1112d34f48bb3dc9559b76eb930bab8b27175856cba6362608736235?s=96&d=mm&r=g","width":96,"height":96,"caption":"serrafm87"}},{"@type":"WebPage","@id":"https:\/\/serrafm879.com.br\/serrafm\/2025\/02\/prtb-lanca-wesley-safadao-ao-senado-mas-cantor-descarta-a-hipotese\/#webpage","url":"https:\/\/serrafm879.com.br\/serrafm\/2025\/02\/prtb-lanca-wesley-safadao-ao-senado-mas-cantor-descarta-a-hipotese\/","name":"PRTB \u201clan\u00e7a\u201d Wesley Safad\u00e3o ao Senado, mas cantor descarta a hip\u00f3tese - Serra FM 87,9","description":"Do Metr\u00f3poles O Partido Renovador Trabalhista Brasileiro (PRTB) apresentou a possibilidade de lan\u00e7ar o cantor Wesley Safad\u00e3o como candidato ao Senado nas elei\u00e7\u00f5es de 2026. O partido quer que Safad\u00e3o concorra pelo Cear\u00e1 e a filia\u00e7\u00e3o do cantor ocorreria at\u00e9 o pr\u00f3ximo m\u00eas, segundo confirmou ao Metr\u00f3poles o presidente da legenda, Leonardo Avalanche. Atualmente, o artista n\u00e3o est\u00e1","inLanguage":"pt-BR","isPartOf":{"@id":"https:\/\/serrafm879.com.br\/serrafm\/#website"},"breadcrumb":{"@id":"https:\/\/serrafm879.com.br\/serrafm\/2025\/02\/prtb-lanca-wesley-safadao-ao-senado-mas-cantor-descarta-a-hipotese\/#breadcrumblist"},"author":{"@id":"https:\/\/serrafm879.com.br\/serrafm\/author\/serrafm87\/#author"},"creator":{"@id":"https:\/\/serrafm879.com.br\/serrafm\/author\/serrafm87\/#author"},"image":{"@type":"ImageObject","url":"https:\/\/serrafm879.com.br\/serrafm\/wp-content\/uploads\/2025\/02\/Anotacao-2025-02-14-170136.png","@id":"https:\/\/serrafm879.com.br\/serrafm\/2025\/02\/prtb-lanca-wesley-safadao-ao-senado-mas-cantor-descarta-a-hipotese\/#mainImage","width":628,"height":402},"primaryImageOfPage":{"@id":"https:\/\/serrafm879.com.br\/serrafm\/2025\/02\/prtb-lanca-wesley-safadao-ao-senado-mas-cantor-descarta-a-hipotese\/#mainImage"},"datePublished":"2025-02-14T17:02:01-03:00","dateModified":"2025-02-14T17:02:01-03:00"},{"@type":"WebSite","@id":"https:\/\/serrafm879.com.br\/serrafm\/#website","url":"https:\/\/serrafm879.com.br\/serrafm\/","name":"Serra FM 87,9","description":"O seu novo amor!","inLanguage":"pt-BR","publisher":{"@id":"https:\/\/serrafm879.com.br\/serrafm\/#organization"}}]},"twitter:card":"summary_large_image","twitter:title":"PRTB \u201clan\u00e7a\u201d Wesley Safad\u00e3o ao Senado, mas cantor descarta a hip\u00f3tese - Serra FM 87,9","twitter:description":"Do Metr\u00f3poles O Partido Renovador Trabalhista Brasileiro (PRTB) apresentou a possibilidade de lan\u00e7ar o cantor Wesley Safad\u00e3o como candidato ao Senado nas elei\u00e7\u00f5es de 2026. O partido quer que Safad\u00e3o concorra pelo Cear\u00e1 e a filia\u00e7\u00e3o do cantor ocorreria at\u00e9 o pr\u00f3ximo m\u00eas, segundo confirmou ao Metr\u00f3poles o presidente da legenda, Leonardo Avalanche. Atualmente, o artista n\u00e3o est\u00e1","twitter:image":"https:\/\/serrafm879.com.br\/serrafm\/wp-content\/uploads\/2025\/02\/Anotacao-2025-02-14-170136.png"},"aioseo_meta_data":{"post_id":"20685","title":null,"description":null,"keywords":null,"keyphrases":null,"primary_term":null,"canonical_url":null,"og_title":null,"og_description":null,"og_object_type":"default","og_image_type":"default","og_image_custom_url":null,"og_image_custom_fields":null,"og_image_url":null,"og_image_width":null,"og_image_height":null,"og_video":null,"og_custom_url":null,"og_article_section":null,"og_article_tags":null,"twitter_use_og":false,"twitter_card":"default","twitter_image_type":"default","twitter_image_custom_url":null,"twitter_image_custom_fields":null,"twitter_image_url":null,"twitter_title":null,"twitter_description":null,"schema_type":"default","schema_type_options":null,"schema":{"blockGraphs":[],"customGraphs":[],"default":{"data":{"Article":[],"Course":[],"Dataset":[],"FAQPage":[],"Movie":[],"Person":[],"Product":[],"ProductReview":[],"Car":[],"Recipe":[],"Service":[],"SoftwareApplication":[],"WebPage":[]},"graphName":"","isEnabled":true},"graphs":[]},"pillar_content":false,"robots_default":true,"robots_noindex":false,"robots_noarchive":false,"robots_nosnippet":false,"robots_nofollow":false,"robots_noimageindex":false,"robots_noodp":false,"robots_notranslate":false,"robots_max_snippet":null,"robots_max_videopreview":null,"robots_max_imagepreview":"large","priority":null,"frequency":null,"local_seo":null,"limit_modified_date":false,"ai":null,"breadcrumb_settings":null,"seo_analyzer_scan_date":null,"created":"2026-07-21 13:42:52","updated":"2026-07-21 13:42:52"},"aioseo_breadcrumb":"<div class=\"aioseo-breadcrumbs\"><span class=\"aioseo-breadcrumb\">\n\t\t\t<a href=\"https:\/\/serrafm879.com.br\/serrafm\" title=\"Home\">Home<\/a>\n\t\t<\/span><span class=\"aioseo-breadcrumb-separator\">&raquo;<\/span><span class=\"aioseo-breadcrumb\">\n\t\t\t<a href=\"https:\/\/serrafm879.com.br\/serrafm\/categoria\/brasil\/\" title=\"Brasil\">Brasil<\/a>\n\t\t<\/span><span class=\"aioseo-breadcrumb-separator\">&raquo;<\/span><span class=\"aioseo-breadcrumb\">\n\t\t\tPRTB \u201clan\u00e7a\u201d Wesley Safad\u00e3o ao Senado, mas cantor descarta a hip\u00f3tese\n\t\t<\/span><\/div>","aioseo_breadcrumb_json":[{"label":"Home","link":"https:\/\/serrafm879.com.br\/serrafm"},{"label":"Brasil","link":"https:\/\/serrafm879.com.br\/serrafm\/categoria\/brasil\/"},{"label":"PRTB \u201clan\u00e7a\u201d Wesley Safad\u00e3o ao Senado, mas cantor descarta a hip\u00f3tese","link":"https:\/\/serrafm879.com.br\/serrafm\/2025\/02\/prtb-lanca-wesley-safadao-ao-senado-mas-cantor-descarta-a-hipotese\/"}],"jetpack_publicize_connections":[],"jetpack_featured_media_url":"https:\/\/serrafm879.com.br\/serrafm\/wp-content\/uploads\/2025\/02\/Anotacao-2025-02-14-170136.png","jetpack_shortlink":"https:\/\/wp.me\/p7HyXg-5nD","jetpack_sharing_enabled":true,"_links":{"self":[{"href":"https:\/\/serrafm879.com.br\/serrafm\/wp-json\/wp\/v2\/posts\/20685","targetHints":{"allow":["GET"]}}],"collection":[{"href":"https:\/\/serrafm879.com.br\/serrafm\/wp-json\/wp\/v2\/posts"}],"about":[{"href":"https:\/\/serrafm879.com.br\/serrafm\/wp-json\/wp\/v2\/types\/post"}],"author":[{"embeddable":true,"href":"https:\/\/serrafm879.com.br\/serrafm\/wp-json\/wp\/v2\/users\/2"}],"replies":[{"embeddable":true,"href":"https:\/\/serrafm879.com.br\/serrafm\/wp-json\/wp\/v2\/comments?post=20685"}],"version-history":[{"count":1,"href":"https:\/\/serrafm879.com.br\/serrafm\/wp-json\/wp\/v2\/posts\/20685\/revisions"}],"predecessor-version":[{"id":20687,"href":"https:\/\/serrafm879.com.br\/serrafm\/wp-json\/wp\/v2\/posts\/20685\/revisions\/20687"}],"wp:featuredmedia":[{"embeddable":true,"href":"https:\/\/serrafm879.com.br\/serrafm\/wp-json\/wp\/v2\/media\/20686"}],"wp:attachment":[{"href":"https:\/\/serrafm879.com.br\/serrafm\/wp-json\/wp\/v2\/media?parent=20685"}],"wp:term":[{"taxonomy":"category","embeddable":true,"href":"https:\/\/serrafm879.com.br\/serrafm\/wp-json\/wp\/v2\/categories?post=20685"},{"taxonomy":"post_tag","embeddable":true,"href":"https:\/\/serrafm879.com.br\/serrafm\/wp-json\/wp\/v2\/tags?post=20685"}],"curies":[{"name":"wp","href":"https:\/\/api.w.org\/{rel}","templated":true}]}}