{"id":20688,"date":"2025-02-14T17:05:51","date_gmt":"2025-02-14T20:05:51","guid":{"rendered":"https:\/?p=20688"},"modified":"2025-02-14T17:05:51","modified_gmt":"2025-02-14T20:05:51","slug":"personal-trainer-e-namorada-sao-acusados-de-desfigurarem-rosto-de-jovem-em-salgueiro","status":"publish","type":"post","link":"https:\/\/serrafm879.com.br\/serrafm\/2025\/02\/personal-trainer-e-namorada-sao-acusados-de-desfigurarem-rosto-de-jovem-em-salgueiro\/","title":{"rendered":"Personal trainer e namorada s\u00e3o acusados de desfigurarem rosto de jovem em Salgueiro"},"content":{"rendered":"<p>Na madrugada do \u00faltimo s\u00e1bado (08\/03), uma agress\u00e3o brutal ocorreu no Bar de L\u00facia, localizado no bairro do Prado, em Salgueiro. A v\u00edtima, identificada como Kauane, foi espancada violentamente e teve seu rosto cortado com uma garrafa de vidro, e acusa um personal trainer e sua namorada pelo ataque.<\/p>\n<p>Devido \u00e0 gravidade das les\u00f5es, Kauane precisou viajar para Recife, onde passou por uma cirurgia no rosto. De volta a Salgueiro, a jovem segue abalada, chorando constantemente e com dificuldades para enxergar. Segundo relatos, h\u00e1 risco de ela perder a vis\u00e3o.<\/p>\n<p>Os acusados apresentaram vers\u00f5es distintas do ocorrido. O personal trainer alegou que apenas tentava separar a briga entre sua namorada e Kauane. J\u00e1 a namorada dele, ao registrar um boletim de ocorr\u00eancia na delegacia, afirmou que a confus\u00e3o come\u00e7ou quando Kauane a abra\u00e7ou. Ap\u00f3s esse momento, Kauane teria ido ao banheiro, e a acusada foi tirar satisfa\u00e7\u00f5es, o que culminou nas agress\u00f5es.<\/p>\n<p>No entanto, um v\u00eddeo que circula nas redes sociais mostra o personal trainer agredindo a irm\u00e3 da v\u00edtima, identificada como Kailane, o que contradiz sua alega\u00e7\u00e3o de que apenas tentava separar a briga.<\/p>\n<p>Em contato com o Rep\u00f3rter Policial Francisco Brito, Kauane afirmou que, assim que se sentir melhor, pretende comparecer \u00e0 delegacia para registrar a ocorr\u00eancia formalmente. J\u00e1 o personal trainer teria manifestado interesse em gravar um v\u00eddeo para esclarecer sua vers\u00e3o dos fatos.<\/p>\n<p>O espa\u00e7o est\u00e1 aberto no blog para que os acusados possam se defender. Caso queiram apresentar sua vers\u00e3o dos fatos.<\/p>\n<p>Com informa\u00e7\u00f5es do Blog Francisco Brito<\/p>\n","protected":false},"excerpt":{"rendered":"<p>Na madrugada do \u00faltimo s\u00e1bado (08\/03), uma agress\u00e3o brutal ocorreu no Bar de L\u00facia, localizado no bairro do Prado, em Salgueiro. A v\u00edtima, identificada como Kauane, foi espancada violentamente e teve seu rosto cortado com uma garrafa de vidro, e acusa um personal trainer e sua namorada pelo ataque. Devido \u00e0 gravidade das les\u00f5es, Kauane precisou viajar para Recife, onde passou por uma cirurgia no rosto. De volta a Salgueiro, a jovem segue abalada, chorando constantemente e com dificuldades para enxergar. Segundo relatos, h\u00e1 risco de ela perder a vis\u00e3o. Os acusados apresentaram vers\u00f5es distintas do ocorrido. O personal trainer [&hellip;]<\/p>\n","protected":false},"author":2,"featured_media":20689,"comment_status":"open","ping_status":"open","sticky":false,"template":"","format":"standard","meta":{"_jetpack_newsletter_access":"","_jetpack_dont_email_post_to_subs":false,"_jetpack_newsletter_tier_id":0,"_jetpack_memberships_contains_paywalled_content":false,"_jetpack_feature_clip_id":0,"_jetpack_memberships_contains_paid_content":false,"footnotes":"","jetpack_publicize_message":"","jetpack_publicize_feature_enabled":true,"jetpack_social_post_already_shared":true,"jetpack_social_options":{"image_generator_settings":{"template":"highway","default_image_id":0,"font":"","enabled":false},"version":2},"jetpack_post_was_ever_published":false},"categories":[1],"tags":[],"class_list":["post-20688","post","type-post","status-publish","format-standard","has-post-thumbnail","hentry","category-uncategorized"],"aioseo_notices":[],"aioseo_head":"\n\t\t<!-- All in One SEO 4.9.10 - aioseo.com -->\n\t<meta name=\"description\" content=\"Na madrugada do \u00faltimo s\u00e1bado (08\/03), uma agress\u00e3o brutal ocorreu no Bar de L\u00facia, localizado no bairro do Prado, em Salgueiro. A v\u00edtima, identificada como Kauane, foi espancada violentamente e teve seu rosto cortado com uma garrafa de vidro, e acusa um personal trainer e sua namorada pelo ataque. Devido \u00e0 gravidade das les\u00f5es, Kauane\" \/>\n\t<meta name=\"robots\" content=\"max-image-preview:large\" \/>\n\t<meta name=\"author\" content=\"serrafm87\"\/>\n\t<link rel=\"canonical\" href=\"https:\/\/serrafm879.com.br\/serrafm\/2025\/02\/personal-trainer-e-namorada-sao-acusados-de-desfigurarem-rosto-de-jovem-em-salgueiro\/\" \/>\n\t<meta name=\"generator\" content=\"All in One SEO (AIOSEO) 4.9.10\" \/>\n\t\t<meta name=\"twitter:card\" content=\"summary_large_image\" \/>\n\t\t<meta name=\"twitter:title\" content=\"Personal trainer e namorada s\u00e3o acusados de desfigurarem rosto de jovem em Salgueiro - Serra FM 87,9\" \/>\n\t\t<meta name=\"twitter:description\" content=\"Na madrugada do \u00faltimo s\u00e1bado (08\/03), uma agress\u00e3o brutal ocorreu no Bar de L\u00facia, localizado no bairro do Prado, em Salgueiro. A v\u00edtima, identificada como Kauane, foi espancada violentamente e teve seu rosto cortado com uma garrafa de vidro, e acusa um personal trainer e sua namorada pelo ataque. Devido \u00e0 gravidade das les\u00f5es, Kauane\" \/>\n\t\t<meta name=\"twitter:image\" content=\"https:\/\/serrafm879.com.br\/serrafm\/wp-content\/uploads\/2025\/02\/Anotacao-2025-02-14-170414.png\" \/>\n\t\t<script type=\"application\/ld+json\" class=\"aioseo-schema\">\n\t\t\t{\"@context\":\"https:\\\/\\\/schema.org\",\"@graph\":[{\"@type\":\"BlogPosting\",\"@id\":\"https:\\\/\\\/serrafm879.com.br\\\/serrafm\\\/2025\\\/02\\\/personal-trainer-e-namorada-sao-acusados-de-desfigurarem-rosto-de-jovem-em-salgueiro\\\/#blogposting\",\"name\":\"Personal trainer e namorada s\\u00e3o acusados de desfigurarem rosto de jovem em Salgueiro - Serra FM 87,9\",\"headline\":\"Personal trainer e namorada s\\u00e3o acusados de desfigurarem rosto de jovem em Salgueiro\",\"author\":{\"@id\":\"https:\\\/\\\/serrafm879.com.br\\\/serrafm\\\/author\\\/serrafm87\\\/#author\"},\"publisher\":{\"@id\":\"https:\\\/\\\/serrafm879.com.br\\\/serrafm\\\/#organization\"},\"image\":{\"@type\":\"ImageObject\",\"url\":\"https:\\\/\\\/serrafm879.com.br\\\/serrafm\\\/wp-content\\\/uploads\\\/2025\\\/02\\\/Anotacao-2025-02-14-170414.png\",\"width\":337,\"height\":324},\"datePublished\":\"2025-02-14T17:05:51-03:00\",\"dateModified\":\"2025-02-14T17:05:51-03:00\",\"inLanguage\":\"pt-BR\",\"mainEntityOfPage\":{\"@id\":\"https:\\\/\\\/serrafm879.com.br\\\/serrafm\\\/2025\\\/02\\\/personal-trainer-e-namorada-sao-acusados-de-desfigurarem-rosto-de-jovem-em-salgueiro\\\/#webpage\"},\"isPartOf\":{\"@id\":\"https:\\\/\\\/serrafm879.com.br\\\/serrafm\\\/2025\\\/02\\\/personal-trainer-e-namorada-sao-acusados-de-desfigurarem-rosto-de-jovem-em-salgueiro\\\/#webpage\"},\"articleSection\":\"Uncategorized\"},{\"@type\":\"BreadcrumbList\",\"@id\":\"https:\\\/\\\/serrafm879.com.br\\\/serrafm\\\/2025\\\/02\\\/personal-trainer-e-namorada-sao-acusados-de-desfigurarem-rosto-de-jovem-em-salgueiro\\\/#breadcrumblist\",\"itemListElement\":[{\"@type\":\"ListItem\",\"@id\":\"https:\\\/\\\/serrafm879.com.br\\\/serrafm#listItem\",\"position\":1,\"name\":\"Home\",\"item\":\"https:\\\/\\\/serrafm879.com.br\\\/serrafm\",\"nextItem\":{\"@type\":\"ListItem\",\"@id\":\"https:\\\/\\\/serrafm879.com.br\\\/serrafm\\\/categoria\\\/uncategorized\\\/#listItem\",\"name\":\"Uncategorized\"}},{\"@type\":\"ListItem\",\"@id\":\"https:\\\/\\\/serrafm879.com.br\\\/serrafm\\\/categoria\\\/uncategorized\\\/#listItem\",\"position\":2,\"name\":\"Uncategorized\",\"item\":\"https:\\\/\\\/serrafm879.com.br\\\/serrafm\\\/categoria\\\/uncategorized\\\/\",\"nextItem\":{\"@type\":\"ListItem\",\"@id\":\"https:\\\/\\\/serrafm879.com.br\\\/serrafm\\\/2025\\\/02\\\/personal-trainer-e-namorada-sao-acusados-de-desfigurarem-rosto-de-jovem-em-salgueiro\\\/#listItem\",\"name\":\"Personal trainer e namorada s\\u00e3o acusados de desfigurarem rosto de jovem em Salgueiro\"},\"previousItem\":{\"@type\":\"ListItem\",\"@id\":\"https:\\\/\\\/serrafm879.com.br\\\/serrafm#listItem\",\"name\":\"Home\"}},{\"@type\":\"ListItem\",\"@id\":\"https:\\\/\\\/serrafm879.com.br\\\/serrafm\\\/2025\\\/02\\\/personal-trainer-e-namorada-sao-acusados-de-desfigurarem-rosto-de-jovem-em-salgueiro\\\/#listItem\",\"position\":3,\"name\":\"Personal trainer e namorada s\\u00e3o acusados de desfigurarem rosto de jovem em Salgueiro\",\"previousItem\":{\"@type\":\"ListItem\",\"@id\":\"https:\\\/\\\/serrafm879.com.br\\\/serrafm\\\/categoria\\\/uncategorized\\\/#listItem\",\"name\":\"Uncategorized\"}}]},{\"@type\":\"Organization\",\"@id\":\"https:\\\/\\\/serrafm879.com.br\\\/serrafm\\\/#organization\",\"name\":\"Serra FM 87,9\",\"description\":\"O seu novo amor!\",\"url\":\"https:\\\/\\\/serrafm879.com.br\\\/serrafm\\\/\"},{\"@type\":\"Person\",\"@id\":\"https:\\\/\\\/serrafm879.com.br\\\/serrafm\\\/author\\\/serrafm87\\\/#author\",\"url\":\"https:\\\/\\\/serrafm879.com.br\\\/serrafm\\\/author\\\/serrafm87\\\/\",\"name\":\"serrafm87\",\"image\":{\"@type\":\"ImageObject\",\"@id\":\"https:\\\/\\\/serrafm879.com.br\\\/serrafm\\\/2025\\\/02\\\/personal-trainer-e-namorada-sao-acusados-de-desfigurarem-rosto-de-jovem-em-salgueiro\\\/#authorImage\",\"url\":\"https:\\\/\\\/secure.gravatar.com\\\/avatar\\\/a743233f1112d34f48bb3dc9559b76eb930bab8b27175856cba6362608736235?s=96&d=mm&r=g\",\"width\":96,\"height\":96,\"caption\":\"serrafm87\"}},{\"@type\":\"WebPage\",\"@id\":\"https:\\\/\\\/serrafm879.com.br\\\/serrafm\\\/2025\\\/02\\\/personal-trainer-e-namorada-sao-acusados-de-desfigurarem-rosto-de-jovem-em-salgueiro\\\/#webpage\",\"url\":\"https:\\\/\\\/serrafm879.com.br\\\/serrafm\\\/2025\\\/02\\\/personal-trainer-e-namorada-sao-acusados-de-desfigurarem-rosto-de-jovem-em-salgueiro\\\/\",\"name\":\"Personal trainer e namorada s\\u00e3o acusados de desfigurarem rosto de jovem em Salgueiro - Serra FM 87,9\",\"description\":\"Na madrugada do \\u00faltimo s\\u00e1bado (08\\\/03), uma agress\\u00e3o brutal ocorreu no Bar de L\\u00facia, localizado no bairro do Prado, em Salgueiro. A v\\u00edtima, identificada como Kauane, foi espancada violentamente e teve seu rosto cortado com uma garrafa de vidro, e acusa um personal trainer e sua namorada pelo ataque. Devido \\u00e0 gravidade das les\\u00f5es, Kauane\",\"inLanguage\":\"pt-BR\",\"isPartOf\":{\"@id\":\"https:\\\/\\\/serrafm879.com.br\\\/serrafm\\\/#website\"},\"breadcrumb\":{\"@id\":\"https:\\\/\\\/serrafm879.com.br\\\/serrafm\\\/2025\\\/02\\\/personal-trainer-e-namorada-sao-acusados-de-desfigurarem-rosto-de-jovem-em-salgueiro\\\/#breadcrumblist\"},\"author\":{\"@id\":\"https:\\\/\\\/serrafm879.com.br\\\/serrafm\\\/author\\\/serrafm87\\\/#author\"},\"creator\":{\"@id\":\"https:\\\/\\\/serrafm879.com.br\\\/serrafm\\\/author\\\/serrafm87\\\/#author\"},\"image\":{\"@type\":\"ImageObject\",\"url\":\"https:\\\/\\\/serrafm879.com.br\\\/serrafm\\\/wp-content\\\/uploads\\\/2025\\\/02\\\/Anotacao-2025-02-14-170414.png\",\"@id\":\"https:\\\/\\\/serrafm879.com.br\\\/serrafm\\\/2025\\\/02\\\/personal-trainer-e-namorada-sao-acusados-de-desfigurarem-rosto-de-jovem-em-salgueiro\\\/#mainImage\",\"width\":337,\"height\":324},\"primaryImageOfPage\":{\"@id\":\"https:\\\/\\\/serrafm879.com.br\\\/serrafm\\\/2025\\\/02\\\/personal-trainer-e-namorada-sao-acusados-de-desfigurarem-rosto-de-jovem-em-salgueiro\\\/#mainImage\"},\"datePublished\":\"2025-02-14T17:05:51-03:00\",\"dateModified\":\"2025-02-14T17:05:51-03:00\"},{\"@type\":\"WebSite\",\"@id\":\"https:\\\/\\\/serrafm879.com.br\\\/serrafm\\\/#website\",\"url\":\"https:\\\/\\\/serrafm879.com.br\\\/serrafm\\\/\",\"name\":\"Serra FM 87,9\",\"description\":\"O seu novo amor!\",\"inLanguage\":\"pt-BR\",\"publisher\":{\"@id\":\"https:\\\/\\\/serrafm879.com.br\\\/serrafm\\\/#organization\"}}]}\n\t\t<\/script>\n\t\t<!-- All in One SEO -->\n\n","aioseo_head_json":{"title":"Personal trainer e namorada s\u00e3o acusados de desfigurarem rosto de jovem em Salgueiro - Serra FM 87,9","description":"Na madrugada do \u00faltimo s\u00e1bado (08\/03), uma agress\u00e3o brutal ocorreu no Bar de L\u00facia, localizado no bairro do Prado, em Salgueiro. A v\u00edtima, identificada como Kauane, foi espancada violentamente e teve seu rosto cortado com uma garrafa de vidro, e acusa um personal trainer e sua namorada pelo ataque. Devido \u00e0 gravidade das les\u00f5es, Kauane","canonical_url":"https:\/\/serrafm879.com.br\/serrafm\/2025\/02\/personal-trainer-e-namorada-sao-acusados-de-desfigurarem-rosto-de-jovem-em-salgueiro\/","robots":"max-image-preview:large","keywords":"","webmasterTools":{"miscellaneous":""},"schema":{"@context":"https:\/\/schema.org","@graph":[{"@type":"BlogPosting","@id":"https:\/\/serrafm879.com.br\/serrafm\/2025\/02\/personal-trainer-e-namorada-sao-acusados-de-desfigurarem-rosto-de-jovem-em-salgueiro\/#blogposting","name":"Personal trainer e namorada s\u00e3o acusados de desfigurarem rosto de jovem em Salgueiro - Serra FM 87,9","headline":"Personal trainer e namorada s\u00e3o acusados de desfigurarem rosto de jovem em Salgueiro","author":{"@id":"https:\/\/serrafm879.com.br\/serrafm\/author\/serrafm87\/#author"},"publisher":{"@id":"https:\/\/serrafm879.com.br\/serrafm\/#organization"},"image":{"@type":"ImageObject","url":"https:\/\/serrafm879.com.br\/serrafm\/wp-content\/uploads\/2025\/02\/Anotacao-2025-02-14-170414.png","width":337,"height":324},"datePublished":"2025-02-14T17:05:51-03:00","dateModified":"2025-02-14T17:05:51-03:00","inLanguage":"pt-BR","mainEntityOfPage":{"@id":"https:\/\/serrafm879.com.br\/serrafm\/2025\/02\/personal-trainer-e-namorada-sao-acusados-de-desfigurarem-rosto-de-jovem-em-salgueiro\/#webpage"},"isPartOf":{"@id":"https:\/\/serrafm879.com.br\/serrafm\/2025\/02\/personal-trainer-e-namorada-sao-acusados-de-desfigurarem-rosto-de-jovem-em-salgueiro\/#webpage"},"articleSection":"Uncategorized"},{"@type":"BreadcrumbList","@id":"https:\/\/serrafm879.com.br\/serrafm\/2025\/02\/personal-trainer-e-namorada-sao-acusados-de-desfigurarem-rosto-de-jovem-em-salgueiro\/#breadcrumblist","itemListElement":[{"@type":"ListItem","@id":"https:\/\/serrafm879.com.br\/serrafm#listItem","position":1,"name":"Home","item":"https:\/\/serrafm879.com.br\/serrafm","nextItem":{"@type":"ListItem","@id":"https:\/\/serrafm879.com.br\/serrafm\/categoria\/uncategorized\/#listItem","name":"Uncategorized"}},{"@type":"ListItem","@id":"https:\/\/serrafm879.com.br\/serrafm\/categoria\/uncategorized\/#listItem","position":2,"name":"Uncategorized","item":"https:\/\/serrafm879.com.br\/serrafm\/categoria\/uncategorized\/","nextItem":{"@type":"ListItem","@id":"https:\/\/serrafm879.com.br\/serrafm\/2025\/02\/personal-trainer-e-namorada-sao-acusados-de-desfigurarem-rosto-de-jovem-em-salgueiro\/#listItem","name":"Personal trainer e namorada s\u00e3o acusados de desfigurarem rosto de jovem em Salgueiro"},"previousItem":{"@type":"ListItem","@id":"https:\/\/serrafm879.com.br\/serrafm#listItem","name":"Home"}},{"@type":"ListItem","@id":"https:\/\/serrafm879.com.br\/serrafm\/2025\/02\/personal-trainer-e-namorada-sao-acusados-de-desfigurarem-rosto-de-jovem-em-salgueiro\/#listItem","position":3,"name":"Personal trainer e namorada s\u00e3o acusados de desfigurarem rosto de jovem em Salgueiro","previousItem":{"@type":"ListItem","@id":"https:\/\/serrafm879.com.br\/serrafm\/categoria\/uncategorized\/#listItem","name":"Uncategorized"}}]},{"@type":"Organization","@id":"https:\/\/serrafm879.com.br\/serrafm\/#organization","name":"Serra FM 87,9","description":"O seu novo amor!","url":"https:\/\/serrafm879.com.br\/serrafm\/"},{"@type":"Person","@id":"https:\/\/serrafm879.com.br\/serrafm\/author\/serrafm87\/#author","url":"https:\/\/serrafm879.com.br\/serrafm\/author\/serrafm87\/","name":"serrafm87","image":{"@type":"ImageObject","@id":"https:\/\/serrafm879.com.br\/serrafm\/2025\/02\/personal-trainer-e-namorada-sao-acusados-de-desfigurarem-rosto-de-jovem-em-salgueiro\/#authorImage","url":"https:\/\/secure.gravatar.com\/avatar\/a743233f1112d34f48bb3dc9559b76eb930bab8b27175856cba6362608736235?s=96&d=mm&r=g","width":96,"height":96,"caption":"serrafm87"}},{"@type":"WebPage","@id":"https:\/\/serrafm879.com.br\/serrafm\/2025\/02\/personal-trainer-e-namorada-sao-acusados-de-desfigurarem-rosto-de-jovem-em-salgueiro\/#webpage","url":"https:\/\/serrafm879.com.br\/serrafm\/2025\/02\/personal-trainer-e-namorada-sao-acusados-de-desfigurarem-rosto-de-jovem-em-salgueiro\/","name":"Personal trainer e namorada s\u00e3o acusados de desfigurarem rosto de jovem em Salgueiro - Serra FM 87,9","description":"Na madrugada do \u00faltimo s\u00e1bado (08\/03), uma agress\u00e3o brutal ocorreu no Bar de L\u00facia, localizado no bairro do Prado, em Salgueiro. A v\u00edtima, identificada como Kauane, foi espancada violentamente e teve seu rosto cortado com uma garrafa de vidro, e acusa um personal trainer e sua namorada pelo ataque. Devido \u00e0 gravidade das les\u00f5es, Kauane","inLanguage":"pt-BR","isPartOf":{"@id":"https:\/\/serrafm879.com.br\/serrafm\/#website"},"breadcrumb":{"@id":"https:\/\/serrafm879.com.br\/serrafm\/2025\/02\/personal-trainer-e-namorada-sao-acusados-de-desfigurarem-rosto-de-jovem-em-salgueiro\/#breadcrumblist"},"author":{"@id":"https:\/\/serrafm879.com.br\/serrafm\/author\/serrafm87\/#author"},"creator":{"@id":"https:\/\/serrafm879.com.br\/serrafm\/author\/serrafm87\/#author"},"image":{"@type":"ImageObject","url":"https:\/\/serrafm879.com.br\/serrafm\/wp-content\/uploads\/2025\/02\/Anotacao-2025-02-14-170414.png","@id":"https:\/\/serrafm879.com.br\/serrafm\/2025\/02\/personal-trainer-e-namorada-sao-acusados-de-desfigurarem-rosto-de-jovem-em-salgueiro\/#mainImage","width":337,"height":324},"primaryImageOfPage":{"@id":"https:\/\/serrafm879.com.br\/serrafm\/2025\/02\/personal-trainer-e-namorada-sao-acusados-de-desfigurarem-rosto-de-jovem-em-salgueiro\/#mainImage"},"datePublished":"2025-02-14T17:05:51-03:00","dateModified":"2025-02-14T17:05:51-03:00"},{"@type":"WebSite","@id":"https:\/\/serrafm879.com.br\/serrafm\/#website","url":"https:\/\/serrafm879.com.br\/serrafm\/","name":"Serra FM 87,9","description":"O seu novo amor!","inLanguage":"pt-BR","publisher":{"@id":"https:\/\/serrafm879.com.br\/serrafm\/#organization"}}]},"twitter:card":"summary_large_image","twitter:title":"Personal trainer e namorada s\u00e3o acusados de desfigurarem rosto de jovem em Salgueiro - Serra FM 87,9","twitter:description":"Na madrugada do \u00faltimo s\u00e1bado (08\/03), uma agress\u00e3o brutal ocorreu no Bar de L\u00facia, localizado no bairro do Prado, em Salgueiro. A v\u00edtima, identificada como Kauane, foi espancada violentamente e teve seu rosto cortado com uma garrafa de vidro, e acusa um personal trainer e sua namorada pelo ataque. Devido \u00e0 gravidade das les\u00f5es, Kauane","twitter:image":"https:\/\/serrafm879.com.br\/serrafm\/wp-content\/uploads\/2025\/02\/Anotacao-2025-02-14-170414.png"},"aioseo_meta_data":{"post_id":"20688","title":null,"description":null,"keywords":null,"keyphrases":null,"primary_term":null,"canonical_url":null,"og_title":null,"og_description":null,"og_object_type":"default","og_image_type":"default","og_image_custom_url":null,"og_image_custom_fields":null,"og_image_url":null,"og_image_width":null,"og_image_height":null,"og_video":null,"og_custom_url":null,"og_article_section":null,"og_article_tags":null,"twitter_use_og":false,"twitter_card":"default","twitter_image_type":"default","twitter_image_custom_url":null,"twitter_image_custom_fields":null,"twitter_image_url":null,"twitter_title":null,"twitter_description":null,"schema_type":"default","schema_type_options":null,"schema":{"blockGraphs":[],"customGraphs":[],"default":{"data":{"Article":[],"Course":[],"Dataset":[],"FAQPage":[],"Movie":[],"Person":[],"Product":[],"ProductReview":[],"Car":[],"Recipe":[],"Service":[],"SoftwareApplication":[],"WebPage":[]},"graphName":"","isEnabled":true},"graphs":[]},"pillar_content":false,"robots_default":true,"robots_noindex":false,"robots_noarchive":false,"robots_nosnippet":false,"robots_nofollow":false,"robots_noimageindex":false,"robots_noodp":false,"robots_notranslate":false,"robots_max_snippet":null,"robots_max_videopreview":null,"robots_max_imagepreview":"large","priority":null,"frequency":null,"local_seo":null,"limit_modified_date":false,"ai":null,"breadcrumb_settings":null,"seo_analyzer_scan_date":null,"created":"2026-07-21 13:42:52","updated":"2026-07-21 13:42:52"},"aioseo_breadcrumb":"<div class=\"aioseo-breadcrumbs\"><span class=\"aioseo-breadcrumb\">\n\t\t\t<a href=\"https:\/\/serrafm879.com.br\/serrafm\" title=\"Home\">Home<\/a>\n\t\t<\/span><span class=\"aioseo-breadcrumb-separator\">&raquo;<\/span><span class=\"aioseo-breadcrumb\">\n\t\t\t<a href=\"https:\/\/serrafm879.com.br\/serrafm\/categoria\/uncategorized\/\" title=\"Uncategorized\">Uncategorized<\/a>\n\t\t<\/span><span class=\"aioseo-breadcrumb-separator\">&raquo;<\/span><span class=\"aioseo-breadcrumb\">\n\t\t\tPersonal trainer e namorada s\u00e3o acusados de desfigurarem rosto de jovem em Salgueiro\n\t\t<\/span><\/div>","aioseo_breadcrumb_json":[{"label":"Home","link":"https:\/\/serrafm879.com.br\/serrafm"},{"label":"Uncategorized","link":"https:\/\/serrafm879.com.br\/serrafm\/categoria\/uncategorized\/"},{"label":"Personal trainer e namorada s\u00e3o acusados de desfigurarem rosto de jovem em Salgueiro","link":"https:\/\/serrafm879.com.br\/serrafm\/2025\/02\/personal-trainer-e-namorada-sao-acusados-de-desfigurarem-rosto-de-jovem-em-salgueiro\/"}],"jetpack_publicize_connections":[],"jetpack_featured_media_url":"https:\/\/serrafm879.com.br\/serrafm\/wp-content\/uploads\/2025\/02\/Anotacao-2025-02-14-170414.png","jetpack_shortlink":"https:\/\/wp.me\/p7HyXg-5nG","jetpack_sharing_enabled":true,"_links":{"self":[{"href":"https:\/\/serrafm879.com.br\/serrafm\/wp-json\/wp\/v2\/posts\/20688","targetHints":{"allow":["GET"]}}],"collection":[{"href":"https:\/\/serrafm879.com.br\/serrafm\/wp-json\/wp\/v2\/posts"}],"about":[{"href":"https:\/\/serrafm879.com.br\/serrafm\/wp-json\/wp\/v2\/types\/post"}],"author":[{"embeddable":true,"href":"https:\/\/serrafm879.com.br\/serrafm\/wp-json\/wp\/v2\/users\/2"}],"replies":[{"embeddable":true,"href":"https:\/\/serrafm879.com.br\/serrafm\/wp-json\/wp\/v2\/comments?post=20688"}],"version-history":[{"count":1,"href":"https:\/\/serrafm879.com.br\/serrafm\/wp-json\/wp\/v2\/posts\/20688\/revisions"}],"predecessor-version":[{"id":20691,"href":"https:\/\/serrafm879.com.br\/serrafm\/wp-json\/wp\/v2\/posts\/20688\/revisions\/20691"}],"wp:featuredmedia":[{"embeddable":true,"href":"https:\/\/serrafm879.com.br\/serrafm\/wp-json\/wp\/v2\/media\/20689"}],"wp:attachment":[{"href":"https:\/\/serrafm879.com.br\/serrafm\/wp-json\/wp\/v2\/media?parent=20688"}],"wp:term":[{"taxonomy":"category","embeddable":true,"href":"https:\/\/serrafm879.com.br\/serrafm\/wp-json\/wp\/v2\/categories?post=20688"},{"taxonomy":"post_tag","embeddable":true,"href":"https:\/\/serrafm879.com.br\/serrafm\/wp-json\/wp\/v2\/tags?post=20688"}],"curies":[{"name":"wp","href":"https:\/\/api.w.org\/{rel}","templated":true}]}}