{"id":20699,"date":"2025-02-14T17:15:59","date_gmt":"2025-02-14T20:15:59","guid":{"rendered":"https:\/?p=20699"},"modified":"2025-02-14T17:15:59","modified_gmt":"2025-02-14T20:15:59","slug":"raquel-lyra-nomeia-632-novos-profissionais-de-saude","status":"publish","type":"post","link":"https:\/\/serrafm879.com.br\/serrafm\/2025\/02\/raquel-lyra-nomeia-632-novos-profissionais-de-saude\/","title":{"rendered":"Raquel Lyra nomeia 632 novos profissionais de sa\u00fade"},"content":{"rendered":"<p>A governadora\u00a0Raquel Lyra\u00a0nomeou, nesta sexta-feira (14), 632 novos profissionais de diferentes especialidades para atuar em unidades da rede estadual de sa\u00fade de todas as regi\u00f5es. O refor\u00e7o ir\u00e1 expandir a capacidade de atendimento p\u00fablica pernambucana, aprimorando os servi\u00e7os disponibilizados \u00e0 popula\u00e7\u00e3o. As nomea\u00e7\u00f5es foram publicadas no Di\u00e1rio Oficial de hoje.<\/p>\n<p>\u201cEstamos trabalhando com determina\u00e7\u00e3o para fortalecer a rede estadual de sa\u00fade de Pernambuco, investindo em equipamentos e nomeando novos profissionais, como m\u00e9dicos, analistas e assistentes, que atuar\u00e3o em diversas ger\u00eancias regionais. Nosso compromisso \u00e9 melhorar cada dia mais o atendimento ao cidad\u00e3o pernambucano, garantindo o cuidado, cada vez melhor, da nossa gente\u201d, disse a governadora Raquel Lyra<\/p>\n<p>Os profissionais nomeados nesta sexta v\u00e3o atuar em 12 Ger\u00eancias Regionais de Sa\u00fade (Geres). Entre as categorias contempladas est\u00e3o cardiologistas, cl\u00ednicos gerais, oncologistas biom\u00e9dicos, farmac\u00eauticos, enfermeiros, psic\u00f3logos, entre outros. \u201c\u00c9 com grande alegria que recebemos esses 632 profissionais para fortalecer a rede de sa\u00fade do nosso Estado. Esse chamamento visa ampliar a efici\u00eancia dos servi\u00e7os de sa\u00fade, tanto na preven\u00e7\u00e3o quanto no tratamento, fortalecendo, assim, a capacidade da rede p\u00fablica de atender de maneira mais eficaz \u00e0s necessidades da popula\u00e7\u00e3o\u201d, observou a secret\u00e1ria de Sa\u00fade do Estado, Zilda Cavalcanti.<\/p>\n<p>Antes das nomea\u00e7\u00f5es de hoje, a gest\u00e3o Raquel Lyra j\u00e1 havia convocado 1737 profissionais de sa\u00fade, entre m\u00e9dicos, analistas, assistentes e fiscais de vigil\u00e2ncia sanit\u00e1ria.<\/p>\n","protected":false},"excerpt":{"rendered":"<p>A governadora\u00a0Raquel Lyra\u00a0nomeou, nesta sexta-feira (14), 632 novos profissionais de diferentes especialidades para atuar em unidades da rede estadual de sa\u00fade de todas as regi\u00f5es. O refor\u00e7o ir\u00e1 expandir a capacidade de atendimento p\u00fablica pernambucana, aprimorando os servi\u00e7os disponibilizados \u00e0 popula\u00e7\u00e3o. As nomea\u00e7\u00f5es foram publicadas no Di\u00e1rio Oficial de hoje. \u201cEstamos trabalhando com determina\u00e7\u00e3o para fortalecer a rede estadual de sa\u00fade de Pernambuco, investindo em equipamentos e nomeando novos profissionais, como m\u00e9dicos, analistas e assistentes, que atuar\u00e3o em diversas ger\u00eancias regionais. Nosso compromisso \u00e9 melhorar cada dia mais o atendimento ao cidad\u00e3o pernambucano, garantindo o cuidado, cada vez melhor, da [&hellip;]<\/p>\n","protected":false},"author":2,"featured_media":20700,"comment_status":"open","ping_status":"open","sticky":false,"template":"","format":"standard","meta":{"_jetpack_newsletter_access":"","_jetpack_dont_email_post_to_subs":false,"_jetpack_newsletter_tier_id":0,"_jetpack_memberships_contains_paywalled_content":false,"_jetpack_feature_clip_id":0,"_jetpack_memberships_contains_paid_content":false,"footnotes":"","jetpack_publicize_message":"","jetpack_publicize_feature_enabled":true,"jetpack_social_post_already_shared":true,"jetpack_social_options":{"image_generator_settings":{"template":"highway","default_image_id":0,"font":"","enabled":false},"version":2},"jetpack_post_was_ever_published":false},"categories":[1],"tags":[],"class_list":["post-20699","post","type-post","status-publish","format-standard","has-post-thumbnail","hentry","category-uncategorized"],"aioseo_notices":[],"aioseo_head":"\n\t\t<!-- All in One SEO 4.9.10 - aioseo.com -->\n\t<meta name=\"description\" content=\"A governadora Raquel Lyra nomeou, nesta sexta-feira (14), 632 novos profissionais de diferentes especialidades para atuar em unidades da rede estadual de sa\u00fade de todas as regi\u00f5es. O refor\u00e7o ir\u00e1 expandir a capacidade de atendimento p\u00fablica pernambucana, aprimorando os servi\u00e7os disponibilizados \u00e0 popula\u00e7\u00e3o. As nomea\u00e7\u00f5es foram publicadas no Di\u00e1rio Oficial de hoje. \u201cEstamos trabalhando com determina\u00e7\u00e3o para\" \/>\n\t<meta name=\"robots\" content=\"max-image-preview:large\" \/>\n\t<meta name=\"author\" content=\"serrafm87\"\/>\n\t<link rel=\"canonical\" href=\"https:\/\/serrafm879.com.br\/serrafm\/2025\/02\/raquel-lyra-nomeia-632-novos-profissionais-de-saude\/\" \/>\n\t<meta name=\"generator\" content=\"All in One SEO (AIOSEO) 4.9.10\" \/>\n\t\t<meta name=\"twitter:card\" content=\"summary_large_image\" \/>\n\t\t<meta name=\"twitter:title\" content=\"Raquel Lyra nomeia 632 novos profissionais de sa\u00fade - Serra FM 87,9\" \/>\n\t\t<meta name=\"twitter:description\" content=\"A governadora Raquel Lyra nomeou, nesta sexta-feira (14), 632 novos profissionais de diferentes especialidades para atuar em unidades da rede estadual de sa\u00fade de todas as regi\u00f5es. O refor\u00e7o ir\u00e1 expandir a capacidade de atendimento p\u00fablica pernambucana, aprimorando os servi\u00e7os disponibilizados \u00e0 popula\u00e7\u00e3o. As nomea\u00e7\u00f5es foram publicadas no Di\u00e1rio Oficial de hoje. \u201cEstamos trabalhando com determina\u00e7\u00e3o para\" \/>\n\t\t<meta name=\"twitter:image\" content=\"https:\/\/serrafm879.com.br\/serrafm\/wp-content\/uploads\/2025\/02\/medicos-saude.jpeg\" \/>\n\t\t<script type=\"application\/ld+json\" class=\"aioseo-schema\">\n\t\t\t{\"@context\":\"https:\\\/\\\/schema.org\",\"@graph\":[{\"@type\":\"BlogPosting\",\"@id\":\"https:\\\/\\\/serrafm879.com.br\\\/serrafm\\\/2025\\\/02\\\/raquel-lyra-nomeia-632-novos-profissionais-de-saude\\\/#blogposting\",\"name\":\"Raquel Lyra nomeia 632 novos profissionais de sa\\u00fade - Serra FM 87,9\",\"headline\":\"Raquel Lyra nomeia 632 novos profissionais de sa\\u00fade\",\"author\":{\"@id\":\"https:\\\/\\\/serrafm879.com.br\\\/serrafm\\\/author\\\/serrafm87\\\/#author\"},\"publisher\":{\"@id\":\"https:\\\/\\\/serrafm879.com.br\\\/serrafm\\\/#organization\"},\"image\":{\"@type\":\"ImageObject\",\"url\":\"https:\\\/\\\/serrafm879.com.br\\\/serrafm\\\/wp-content\\\/uploads\\\/2025\\\/02\\\/medicos-saude.jpeg\",\"width\":1100,\"height\":825},\"datePublished\":\"2025-02-14T17:15:59-03:00\",\"dateModified\":\"2025-02-14T17:15:59-03:00\",\"inLanguage\":\"pt-BR\",\"mainEntityOfPage\":{\"@id\":\"https:\\\/\\\/serrafm879.com.br\\\/serrafm\\\/2025\\\/02\\\/raquel-lyra-nomeia-632-novos-profissionais-de-saude\\\/#webpage\"},\"isPartOf\":{\"@id\":\"https:\\\/\\\/serrafm879.com.br\\\/serrafm\\\/2025\\\/02\\\/raquel-lyra-nomeia-632-novos-profissionais-de-saude\\\/#webpage\"},\"articleSection\":\"Uncategorized\"},{\"@type\":\"BreadcrumbList\",\"@id\":\"https:\\\/\\\/serrafm879.com.br\\\/serrafm\\\/2025\\\/02\\\/raquel-lyra-nomeia-632-novos-profissionais-de-saude\\\/#breadcrumblist\",\"itemListElement\":[{\"@type\":\"ListItem\",\"@id\":\"https:\\\/\\\/serrafm879.com.br\\\/serrafm#listItem\",\"position\":1,\"name\":\"Home\",\"item\":\"https:\\\/\\\/serrafm879.com.br\\\/serrafm\",\"nextItem\":{\"@type\":\"ListItem\",\"@id\":\"https:\\\/\\\/serrafm879.com.br\\\/serrafm\\\/categoria\\\/uncategorized\\\/#listItem\",\"name\":\"Uncategorized\"}},{\"@type\":\"ListItem\",\"@id\":\"https:\\\/\\\/serrafm879.com.br\\\/serrafm\\\/categoria\\\/uncategorized\\\/#listItem\",\"position\":2,\"name\":\"Uncategorized\",\"item\":\"https:\\\/\\\/serrafm879.com.br\\\/serrafm\\\/categoria\\\/uncategorized\\\/\",\"nextItem\":{\"@type\":\"ListItem\",\"@id\":\"https:\\\/\\\/serrafm879.com.br\\\/serrafm\\\/2025\\\/02\\\/raquel-lyra-nomeia-632-novos-profissionais-de-saude\\\/#listItem\",\"name\":\"Raquel Lyra nomeia 632 novos profissionais de sa\\u00fade\"},\"previousItem\":{\"@type\":\"ListItem\",\"@id\":\"https:\\\/\\\/serrafm879.com.br\\\/serrafm#listItem\",\"name\":\"Home\"}},{\"@type\":\"ListItem\",\"@id\":\"https:\\\/\\\/serrafm879.com.br\\\/serrafm\\\/2025\\\/02\\\/raquel-lyra-nomeia-632-novos-profissionais-de-saude\\\/#listItem\",\"position\":3,\"name\":\"Raquel Lyra nomeia 632 novos profissionais de sa\\u00fade\",\"previousItem\":{\"@type\":\"ListItem\",\"@id\":\"https:\\\/\\\/serrafm879.com.br\\\/serrafm\\\/categoria\\\/uncategorized\\\/#listItem\",\"name\":\"Uncategorized\"}}]},{\"@type\":\"Organization\",\"@id\":\"https:\\\/\\\/serrafm879.com.br\\\/serrafm\\\/#organization\",\"name\":\"Serra FM 87,9\",\"description\":\"O seu novo amor!\",\"url\":\"https:\\\/\\\/serrafm879.com.br\\\/serrafm\\\/\"},{\"@type\":\"Person\",\"@id\":\"https:\\\/\\\/serrafm879.com.br\\\/serrafm\\\/author\\\/serrafm87\\\/#author\",\"url\":\"https:\\\/\\\/serrafm879.com.br\\\/serrafm\\\/author\\\/serrafm87\\\/\",\"name\":\"serrafm87\",\"image\":{\"@type\":\"ImageObject\",\"@id\":\"https:\\\/\\\/serrafm879.com.br\\\/serrafm\\\/2025\\\/02\\\/raquel-lyra-nomeia-632-novos-profissionais-de-saude\\\/#authorImage\",\"url\":\"https:\\\/\\\/secure.gravatar.com\\\/avatar\\\/a743233f1112d34f48bb3dc9559b76eb930bab8b27175856cba6362608736235?s=96&d=mm&r=g\",\"width\":96,\"height\":96,\"caption\":\"serrafm87\"}},{\"@type\":\"WebPage\",\"@id\":\"https:\\\/\\\/serrafm879.com.br\\\/serrafm\\\/2025\\\/02\\\/raquel-lyra-nomeia-632-novos-profissionais-de-saude\\\/#webpage\",\"url\":\"https:\\\/\\\/serrafm879.com.br\\\/serrafm\\\/2025\\\/02\\\/raquel-lyra-nomeia-632-novos-profissionais-de-saude\\\/\",\"name\":\"Raquel Lyra nomeia 632 novos profissionais de sa\\u00fade - Serra FM 87,9\",\"description\":\"A governadora Raquel Lyra nomeou, nesta sexta-feira (14), 632 novos profissionais de diferentes especialidades para atuar em unidades da rede estadual de sa\\u00fade de todas as regi\\u00f5es. O refor\\u00e7o ir\\u00e1 expandir a capacidade de atendimento p\\u00fablica pernambucana, aprimorando os servi\\u00e7os disponibilizados \\u00e0 popula\\u00e7\\u00e3o. As nomea\\u00e7\\u00f5es foram publicadas no Di\\u00e1rio Oficial de hoje. \\u201cEstamos trabalhando com determina\\u00e7\\u00e3o para\",\"inLanguage\":\"pt-BR\",\"isPartOf\":{\"@id\":\"https:\\\/\\\/serrafm879.com.br\\\/serrafm\\\/#website\"},\"breadcrumb\":{\"@id\":\"https:\\\/\\\/serrafm879.com.br\\\/serrafm\\\/2025\\\/02\\\/raquel-lyra-nomeia-632-novos-profissionais-de-saude\\\/#breadcrumblist\"},\"author\":{\"@id\":\"https:\\\/\\\/serrafm879.com.br\\\/serrafm\\\/author\\\/serrafm87\\\/#author\"},\"creator\":{\"@id\":\"https:\\\/\\\/serrafm879.com.br\\\/serrafm\\\/author\\\/serrafm87\\\/#author\"},\"image\":{\"@type\":\"ImageObject\",\"url\":\"https:\\\/\\\/serrafm879.com.br\\\/serrafm\\\/wp-content\\\/uploads\\\/2025\\\/02\\\/medicos-saude.jpeg\",\"@id\":\"https:\\\/\\\/serrafm879.com.br\\\/serrafm\\\/2025\\\/02\\\/raquel-lyra-nomeia-632-novos-profissionais-de-saude\\\/#mainImage\",\"width\":1100,\"height\":825},\"primaryImageOfPage\":{\"@id\":\"https:\\\/\\\/serrafm879.com.br\\\/serrafm\\\/2025\\\/02\\\/raquel-lyra-nomeia-632-novos-profissionais-de-saude\\\/#mainImage\"},\"datePublished\":\"2025-02-14T17:15:59-03:00\",\"dateModified\":\"2025-02-14T17:15:59-03:00\"},{\"@type\":\"WebSite\",\"@id\":\"https:\\\/\\\/serrafm879.com.br\\\/serrafm\\\/#website\",\"url\":\"https:\\\/\\\/serrafm879.com.br\\\/serrafm\\\/\",\"name\":\"Serra FM 87,9\",\"description\":\"O seu novo amor!\",\"inLanguage\":\"pt-BR\",\"publisher\":{\"@id\":\"https:\\\/\\\/serrafm879.com.br\\\/serrafm\\\/#organization\"}}]}\n\t\t<\/script>\n\t\t<!-- All in One SEO -->\n\n","aioseo_head_json":{"title":"Raquel Lyra nomeia 632 novos profissionais de sa\u00fade - Serra FM 87,9","description":"A governadora Raquel Lyra nomeou, nesta sexta-feira (14), 632 novos profissionais de diferentes especialidades para atuar em unidades da rede estadual de sa\u00fade de todas as regi\u00f5es. O refor\u00e7o ir\u00e1 expandir a capacidade de atendimento p\u00fablica pernambucana, aprimorando os servi\u00e7os disponibilizados \u00e0 popula\u00e7\u00e3o. As nomea\u00e7\u00f5es foram publicadas no Di\u00e1rio Oficial de hoje. \u201cEstamos trabalhando com determina\u00e7\u00e3o para","canonical_url":"https:\/\/serrafm879.com.br\/serrafm\/2025\/02\/raquel-lyra-nomeia-632-novos-profissionais-de-saude\/","robots":"max-image-preview:large","keywords":"","webmasterTools":{"miscellaneous":""},"schema":{"@context":"https:\/\/schema.org","@graph":[{"@type":"BlogPosting","@id":"https:\/\/serrafm879.com.br\/serrafm\/2025\/02\/raquel-lyra-nomeia-632-novos-profissionais-de-saude\/#blogposting","name":"Raquel Lyra nomeia 632 novos profissionais de sa\u00fade - Serra FM 87,9","headline":"Raquel Lyra nomeia 632 novos profissionais de sa\u00fade","author":{"@id":"https:\/\/serrafm879.com.br\/serrafm\/author\/serrafm87\/#author"},"publisher":{"@id":"https:\/\/serrafm879.com.br\/serrafm\/#organization"},"image":{"@type":"ImageObject","url":"https:\/\/serrafm879.com.br\/serrafm\/wp-content\/uploads\/2025\/02\/medicos-saude.jpeg","width":1100,"height":825},"datePublished":"2025-02-14T17:15:59-03:00","dateModified":"2025-02-14T17:15:59-03:00","inLanguage":"pt-BR","mainEntityOfPage":{"@id":"https:\/\/serrafm879.com.br\/serrafm\/2025\/02\/raquel-lyra-nomeia-632-novos-profissionais-de-saude\/#webpage"},"isPartOf":{"@id":"https:\/\/serrafm879.com.br\/serrafm\/2025\/02\/raquel-lyra-nomeia-632-novos-profissionais-de-saude\/#webpage"},"articleSection":"Uncategorized"},{"@type":"BreadcrumbList","@id":"https:\/\/serrafm879.com.br\/serrafm\/2025\/02\/raquel-lyra-nomeia-632-novos-profissionais-de-saude\/#breadcrumblist","itemListElement":[{"@type":"ListItem","@id":"https:\/\/serrafm879.com.br\/serrafm#listItem","position":1,"name":"Home","item":"https:\/\/serrafm879.com.br\/serrafm","nextItem":{"@type":"ListItem","@id":"https:\/\/serrafm879.com.br\/serrafm\/categoria\/uncategorized\/#listItem","name":"Uncategorized"}},{"@type":"ListItem","@id":"https:\/\/serrafm879.com.br\/serrafm\/categoria\/uncategorized\/#listItem","position":2,"name":"Uncategorized","item":"https:\/\/serrafm879.com.br\/serrafm\/categoria\/uncategorized\/","nextItem":{"@type":"ListItem","@id":"https:\/\/serrafm879.com.br\/serrafm\/2025\/02\/raquel-lyra-nomeia-632-novos-profissionais-de-saude\/#listItem","name":"Raquel Lyra nomeia 632 novos profissionais de sa\u00fade"},"previousItem":{"@type":"ListItem","@id":"https:\/\/serrafm879.com.br\/serrafm#listItem","name":"Home"}},{"@type":"ListItem","@id":"https:\/\/serrafm879.com.br\/serrafm\/2025\/02\/raquel-lyra-nomeia-632-novos-profissionais-de-saude\/#listItem","position":3,"name":"Raquel Lyra nomeia 632 novos profissionais de sa\u00fade","previousItem":{"@type":"ListItem","@id":"https:\/\/serrafm879.com.br\/serrafm\/categoria\/uncategorized\/#listItem","name":"Uncategorized"}}]},{"@type":"Organization","@id":"https:\/\/serrafm879.com.br\/serrafm\/#organization","name":"Serra FM 87,9","description":"O seu novo amor!","url":"https:\/\/serrafm879.com.br\/serrafm\/"},{"@type":"Person","@id":"https:\/\/serrafm879.com.br\/serrafm\/author\/serrafm87\/#author","url":"https:\/\/serrafm879.com.br\/serrafm\/author\/serrafm87\/","name":"serrafm87","image":{"@type":"ImageObject","@id":"https:\/\/serrafm879.com.br\/serrafm\/2025\/02\/raquel-lyra-nomeia-632-novos-profissionais-de-saude\/#authorImage","url":"https:\/\/secure.gravatar.com\/avatar\/a743233f1112d34f48bb3dc9559b76eb930bab8b27175856cba6362608736235?s=96&d=mm&r=g","width":96,"height":96,"caption":"serrafm87"}},{"@type":"WebPage","@id":"https:\/\/serrafm879.com.br\/serrafm\/2025\/02\/raquel-lyra-nomeia-632-novos-profissionais-de-saude\/#webpage","url":"https:\/\/serrafm879.com.br\/serrafm\/2025\/02\/raquel-lyra-nomeia-632-novos-profissionais-de-saude\/","name":"Raquel Lyra nomeia 632 novos profissionais de sa\u00fade - Serra FM 87,9","description":"A governadora Raquel Lyra nomeou, nesta sexta-feira (14), 632 novos profissionais de diferentes especialidades para atuar em unidades da rede estadual de sa\u00fade de todas as regi\u00f5es. O refor\u00e7o ir\u00e1 expandir a capacidade de atendimento p\u00fablica pernambucana, aprimorando os servi\u00e7os disponibilizados \u00e0 popula\u00e7\u00e3o. As nomea\u00e7\u00f5es foram publicadas no Di\u00e1rio Oficial de hoje. \u201cEstamos trabalhando com determina\u00e7\u00e3o para","inLanguage":"pt-BR","isPartOf":{"@id":"https:\/\/serrafm879.com.br\/serrafm\/#website"},"breadcrumb":{"@id":"https:\/\/serrafm879.com.br\/serrafm\/2025\/02\/raquel-lyra-nomeia-632-novos-profissionais-de-saude\/#breadcrumblist"},"author":{"@id":"https:\/\/serrafm879.com.br\/serrafm\/author\/serrafm87\/#author"},"creator":{"@id":"https:\/\/serrafm879.com.br\/serrafm\/author\/serrafm87\/#author"},"image":{"@type":"ImageObject","url":"https:\/\/serrafm879.com.br\/serrafm\/wp-content\/uploads\/2025\/02\/medicos-saude.jpeg","@id":"https:\/\/serrafm879.com.br\/serrafm\/2025\/02\/raquel-lyra-nomeia-632-novos-profissionais-de-saude\/#mainImage","width":1100,"height":825},"primaryImageOfPage":{"@id":"https:\/\/serrafm879.com.br\/serrafm\/2025\/02\/raquel-lyra-nomeia-632-novos-profissionais-de-saude\/#mainImage"},"datePublished":"2025-02-14T17:15:59-03:00","dateModified":"2025-02-14T17:15:59-03:00"},{"@type":"WebSite","@id":"https:\/\/serrafm879.com.br\/serrafm\/#website","url":"https:\/\/serrafm879.com.br\/serrafm\/","name":"Serra FM 87,9","description":"O seu novo amor!","inLanguage":"pt-BR","publisher":{"@id":"https:\/\/serrafm879.com.br\/serrafm\/#organization"}}]},"twitter:card":"summary_large_image","twitter:title":"Raquel Lyra nomeia 632 novos profissionais de sa\u00fade - Serra FM 87,9","twitter:description":"A governadora Raquel Lyra nomeou, nesta sexta-feira (14), 632 novos profissionais de diferentes especialidades para atuar em unidades da rede estadual de sa\u00fade de todas as regi\u00f5es. O refor\u00e7o ir\u00e1 expandir a capacidade de atendimento p\u00fablica pernambucana, aprimorando os servi\u00e7os disponibilizados \u00e0 popula\u00e7\u00e3o. As nomea\u00e7\u00f5es foram publicadas no Di\u00e1rio Oficial de hoje. \u201cEstamos trabalhando com determina\u00e7\u00e3o para","twitter:image":"https:\/\/serrafm879.com.br\/serrafm\/wp-content\/uploads\/2025\/02\/medicos-saude.jpeg"},"aioseo_meta_data":{"post_id":"20699","title":null,"description":null,"keywords":null,"keyphrases":null,"primary_term":null,"canonical_url":null,"og_title":null,"og_description":null,"og_object_type":"default","og_image_type":"default","og_image_custom_url":null,"og_image_custom_fields":null,"og_image_url":null,"og_image_width":null,"og_image_height":null,"og_video":null,"og_custom_url":null,"og_article_section":null,"og_article_tags":null,"twitter_use_og":false,"twitter_card":"default","twitter_image_type":"default","twitter_image_custom_url":null,"twitter_image_custom_fields":null,"twitter_image_url":null,"twitter_title":null,"twitter_description":null,"schema_type":"default","schema_type_options":null,"schema":{"blockGraphs":[],"customGraphs":[],"default":{"data":{"Article":[],"Course":[],"Dataset":[],"FAQPage":[],"Movie":[],"Person":[],"Product":[],"ProductReview":[],"Car":[],"Recipe":[],"Service":[],"SoftwareApplication":[],"WebPage":[]},"graphName":"","isEnabled":true},"graphs":[]},"pillar_content":false,"robots_default":true,"robots_noindex":false,"robots_noarchive":false,"robots_nosnippet":false,"robots_nofollow":false,"robots_noimageindex":false,"robots_noodp":false,"robots_notranslate":false,"robots_max_snippet":null,"robots_max_videopreview":null,"robots_max_imagepreview":"large","priority":null,"frequency":null,"local_seo":null,"limit_modified_date":false,"ai":null,"breadcrumb_settings":null,"seo_analyzer_scan_date":null,"created":"2026-07-21 13:42:52","updated":"2026-07-21 13:42:52"},"aioseo_breadcrumb":"<div class=\"aioseo-breadcrumbs\"><span class=\"aioseo-breadcrumb\">\n\t\t\t<a href=\"https:\/\/serrafm879.com.br\/serrafm\" title=\"Home\">Home<\/a>\n\t\t<\/span><span class=\"aioseo-breadcrumb-separator\">&raquo;<\/span><span class=\"aioseo-breadcrumb\">\n\t\t\t<a href=\"https:\/\/serrafm879.com.br\/serrafm\/categoria\/uncategorized\/\" title=\"Uncategorized\">Uncategorized<\/a>\n\t\t<\/span><span class=\"aioseo-breadcrumb-separator\">&raquo;<\/span><span class=\"aioseo-breadcrumb\">\n\t\t\tRaquel Lyra nomeia 632 novos profissionais de sa\u00fade\n\t\t<\/span><\/div>","aioseo_breadcrumb_json":[{"label":"Home","link":"https:\/\/serrafm879.com.br\/serrafm"},{"label":"Uncategorized","link":"https:\/\/serrafm879.com.br\/serrafm\/categoria\/uncategorized\/"},{"label":"Raquel Lyra nomeia 632 novos profissionais de sa\u00fade","link":"https:\/\/serrafm879.com.br\/serrafm\/2025\/02\/raquel-lyra-nomeia-632-novos-profissionais-de-saude\/"}],"jetpack_publicize_connections":[],"jetpack_featured_media_url":"https:\/\/serrafm879.com.br\/serrafm\/wp-content\/uploads\/2025\/02\/medicos-saude.jpeg","jetpack_shortlink":"https:\/\/wp.me\/p7HyXg-5nR","jetpack_sharing_enabled":true,"_links":{"self":[{"href":"https:\/\/serrafm879.com.br\/serrafm\/wp-json\/wp\/v2\/posts\/20699","targetHints":{"allow":["GET"]}}],"collection":[{"href":"https:\/\/serrafm879.com.br\/serrafm\/wp-json\/wp\/v2\/posts"}],"about":[{"href":"https:\/\/serrafm879.com.br\/serrafm\/wp-json\/wp\/v2\/types\/post"}],"author":[{"embeddable":true,"href":"https:\/\/serrafm879.com.br\/serrafm\/wp-json\/wp\/v2\/users\/2"}],"replies":[{"embeddable":true,"href":"https:\/\/serrafm879.com.br\/serrafm\/wp-json\/wp\/v2\/comments?post=20699"}],"version-history":[{"count":1,"href":"https:\/\/serrafm879.com.br\/serrafm\/wp-json\/wp\/v2\/posts\/20699\/revisions"}],"predecessor-version":[{"id":20701,"href":"https:\/\/serrafm879.com.br\/serrafm\/wp-json\/wp\/v2\/posts\/20699\/revisions\/20701"}],"wp:featuredmedia":[{"embeddable":true,"href":"https:\/\/serrafm879.com.br\/serrafm\/wp-json\/wp\/v2\/media\/20700"}],"wp:attachment":[{"href":"https:\/\/serrafm879.com.br\/serrafm\/wp-json\/wp\/v2\/media?parent=20699"}],"wp:term":[{"taxonomy":"category","embeddable":true,"href":"https:\/\/serrafm879.com.br\/serrafm\/wp-json\/wp\/v2\/categories?post=20699"},{"taxonomy":"post_tag","embeddable":true,"href":"https:\/\/serrafm879.com.br\/serrafm\/wp-json\/wp\/v2\/tags?post=20699"}],"curies":[{"name":"wp","href":"https:\/\/api.w.org\/{rel}","templated":true}]}}