{"id":20723,"date":"2025-02-16T10:37:40","date_gmt":"2025-02-16T13:37:40","guid":{"rendered":"https:\/?p=20723"},"modified":"2025-02-16T10:55:07","modified_gmt":"2025-02-16T13:55:07","slug":"pesquisa-ipec-62-acham-que-lula-nao-deveria-se-candidatar-a-reeleicao","status":"publish","type":"post","link":"https:\/\/serrafm879.com.br\/serrafm\/2025\/02\/pesquisa-ipec-62-acham-que-lula-nao-deveria-se-candidatar-a-reeleicao\/","title":{"rendered":"Pesquisa Ipec: 62% acham que Lula n\u00e3o deveria se candidatar \u00e0 reelei\u00e7\u00e3o"},"content":{"rendered":"<div>Nova pesquisa Ipec (ex-Ibope), divulgada neste s\u00e1bado, 15, revela que 62% dos brasileiros acreditam que o presidente da Rep\u00fablica, Luiz In\u00e1cio Lula da Silva (PT), n\u00e3o deveria se candidatar \u00e0 reelei\u00e7\u00e3o no ano que vem. Em setembro do ano passado, esse porcentual era um pouco menor: 58%.<\/div>\n<div><\/div>\n<div class=\"PUB\">De acordo com o Ipec, 35% acreditam que ele deve, sim, buscar a reelei\u00e7\u00e3o, ante 39% no m\u00eas de setembro.<\/div>\n<div><\/div>\n<div>\n<div class=\"PUB\">O levantamento constatou que h\u00e1 rejei\u00e7\u00e3o ao projeto de reelei\u00e7\u00e3o do petista at\u00e9 mesmo entre os seus apoiadores: cerca de tr\u00eas em cada dez eleitores que votaram em Lula no segundo turno do pleito de 2022 acham que ele n\u00e3o deveria tentar um quarto mandato.<\/div>\n<div id=\"denakop-horizontal-19\" class=\"horizontal_desktop\" data-google-query-id=\"COSIvsClyIsDFYxU3QIdiKIbVg\">\n<div><\/div>\n<div id=\"google_ads_iframe_\/21715141650,1085900\/diariodepernambuco.com.br\/post_horizontal_19_0__container__\"><span style=\"font-size: 1.1429rem;\">Entre os que votaram no ex-presidente Jair Bolsonaro (PL) no segundo turno, o \u00edndice salta para 95%, quase um consenso. J\u00e1 entre os que anularam ou votaram em branco, chega a 68%.<\/span><\/div>\n<\/div>\n<\/div>\n<div><\/div>\n<div>\n<div class=\"PUB\">O Ipec foi a campo entre 6 e 10 de fevereiro e entrevistou 2 mil pessoas em 131 munic\u00edpios diferentes. A margem de erro \u00e9 de dois pontos porcentuais para mais ou para menos, e o n\u00edvel de confian\u00e7a utilizado \u00e9 de 95%.<\/div>\n<div><\/div>\n<div>\n<div class=\"PUB\">O instituto perguntou aos eleitores contr\u00e1rios \u00e0 reelei\u00e7\u00e3o de Lula os motivos dessa posi\u00e7\u00e3o. A quest\u00e3o foi espont\u00e2nea, isto \u00e9, sem op\u00e7\u00f5es pr\u00e9-definidas, e permitiu respostas m\u00faltiplas.<\/div>\n<div><\/div>\n<div class=\"PUB\">A principal raz\u00e3o para rejeitar a reelei\u00e7\u00e3o de Lula \u00e9 a insatisfa\u00e7\u00e3o com seu governo, apontada por 36%.<\/div>\n<div><\/div>\n<div class=\"PUB\">Outros 20% justificam a posi\u00e7\u00e3o alegando que o petista \u00e9 &#8220;corrupto, ladr\u00e3o ou desonesto&#8221;.<\/div>\n<div><\/div>\n<div class=\"PUB\">J\u00e1 17% mencionam a idade avan\u00e7ada do presidente.<\/div>\n<\/div>\n<div>\n<div class=\"PUB\">Outros motivos citados por quem rejeita Lula em 2026 incluem o fato de ele j\u00e1 ter tido sua chance (11%) e o aumento de impostos (5%).<\/div>\n<div><\/div>\n<div class=\"PUB\">Idade \u00e9 o motivo principal para quem apoiou Lula em 2022<\/div>\n<div><\/div>\n<\/div>\n<\/div>\n<div>\n<div class=\"PUB\">O Ipec revela que a idade \u00e9 o principal motivo para eleitores de Lula em 2022 n\u00e3o apoiarem sua reelei\u00e7\u00e3o. Entre os que votaram nele, mas n\u00e3o querem que ele tente um novo mandato, 31% citam seus 79 anos.<\/div>\n<div><\/div>\n<div class=\"PUB\">Nesse grupo, 27% dizem que ele n\u00e3o deveria se reeleger porque n\u00e3o est\u00e1 fazendo um bom trabalho, e 14% porque deveria dar espa\u00e7o a novas lideran\u00e7as.<\/div>\n<div><\/div>\n<\/div>\n<div><\/div>\n<div>Fonte: Di\u00e1rio de Pernambuco<\/div>\n<div>\n<div><\/div>\n<\/div>\n","protected":false},"excerpt":{"rendered":"<p>Nova pesquisa Ipec (ex-Ibope), divulgada neste s\u00e1bado, 15, revela que 62% dos brasileiros acreditam que o presidente da Rep\u00fablica, Luiz In\u00e1cio Lula da Silva (PT), n\u00e3o deveria se candidatar \u00e0 reelei\u00e7\u00e3o no ano que vem. Em setembro do ano passado, esse porcentual era um pouco menor: 58%. De acordo com o Ipec, 35% acreditam que ele deve, sim, buscar a reelei\u00e7\u00e3o, ante 39% no m\u00eas de setembro. O levantamento constatou que h\u00e1 rejei\u00e7\u00e3o ao projeto de reelei\u00e7\u00e3o do petista at\u00e9 mesmo entre os seus apoiadores: cerca de tr\u00eas em cada dez eleitores que votaram em Lula no segundo turno do [&hellip;]<\/p>\n","protected":false},"author":2,"featured_media":20724,"comment_status":"open","ping_status":"open","sticky":false,"template":"","format":"standard","meta":{"_jetpack_newsletter_access":"","_jetpack_dont_email_post_to_subs":false,"_jetpack_newsletter_tier_id":0,"_jetpack_memberships_contains_paywalled_content":false,"_jetpack_feature_clip_id":0,"_jetpack_memberships_contains_paid_content":false,"footnotes":"","jetpack_publicize_message":"","jetpack_publicize_feature_enabled":true,"jetpack_social_post_already_shared":true,"jetpack_social_options":{"image_generator_settings":{"template":"highway","default_image_id":0,"font":"","enabled":false},"version":2},"jetpack_post_was_ever_published":false},"categories":[144],"tags":[],"class_list":["post-20723","post","type-post","status-publish","format-standard","has-post-thumbnail","hentry","category-politica"],"aioseo_notices":[],"aioseo_head":"\n\t\t<!-- All in One SEO 4.9.10 - aioseo.com -->\n\t<meta name=\"description\" content=\"Nova pesquisa Ipec (ex-Ibope), divulgada neste s\u00e1bado, 15, revela que 62% dos brasileiros acreditam que o presidente da Rep\u00fablica, Luiz In\u00e1cio Lula da Silva (PT), n\u00e3o deveria se candidatar \u00e0 reelei\u00e7\u00e3o no ano que vem. Em setembro do ano passado, esse porcentual era um pouco menor: 58%. De acordo com o Ipec, 35% acreditam que\" \/>\n\t<meta name=\"robots\" content=\"max-image-preview:large\" \/>\n\t<meta name=\"author\" content=\"serrafm87\"\/>\n\t<link rel=\"canonical\" href=\"https:\/\/serrafm879.com.br\/serrafm\/2025\/02\/pesquisa-ipec-62-acham-que-lula-nao-deveria-se-candidatar-a-reeleicao\/\" \/>\n\t<meta name=\"generator\" content=\"All in One SEO (AIOSEO) 4.9.10\" \/>\n\t\t<meta name=\"twitter:card\" content=\"summary_large_image\" \/>\n\t\t<meta name=\"twitter:title\" content=\"Pesquisa Ipec: 62% acham que Lula n\u00e3o deveria se candidatar \u00e0 reelei\u00e7\u00e3o - Serra FM 87,9\" \/>\n\t\t<meta name=\"twitter:description\" content=\"Nova pesquisa Ipec (ex-Ibope), divulgada neste s\u00e1bado, 15, revela que 62% dos brasileiros acreditam que o presidente da Rep\u00fablica, Luiz In\u00e1cio Lula da Silva (PT), n\u00e3o deveria se candidatar \u00e0 reelei\u00e7\u00e3o no ano que vem. Em setembro do ano passado, esse porcentual era um pouco menor: 58%. De acordo com o Ipec, 35% acreditam que\" \/>\n\t\t<meta name=\"twitter:image\" content=\"https:\/\/serrafm879.com.br\/serrafm\/wp-content\/uploads\/2025\/02\/download-1-6.jpg\" \/>\n\t\t<script type=\"application\/ld+json\" class=\"aioseo-schema\">\n\t\t\t{\"@context\":\"https:\\\/\\\/schema.org\",\"@graph\":[{\"@type\":\"BlogPosting\",\"@id\":\"https:\\\/\\\/serrafm879.com.br\\\/serrafm\\\/2025\\\/02\\\/pesquisa-ipec-62-acham-que-lula-nao-deveria-se-candidatar-a-reeleicao\\\/#blogposting\",\"name\":\"Pesquisa Ipec: 62% acham que Lula n\\u00e3o deveria se candidatar \\u00e0 reelei\\u00e7\\u00e3o - Serra FM 87,9\",\"headline\":\"Pesquisa Ipec: 62% acham que Lula n\\u00e3o deveria se candidatar \\u00e0 reelei\\u00e7\\u00e3o\",\"author\":{\"@id\":\"https:\\\/\\\/serrafm879.com.br\\\/serrafm\\\/author\\\/serrafm87\\\/#author\"},\"publisher\":{\"@id\":\"https:\\\/\\\/serrafm879.com.br\\\/serrafm\\\/#organization\"},\"image\":{\"@type\":\"ImageObject\",\"url\":\"https:\\\/\\\/serrafm879.com.br\\\/serrafm\\\/wp-content\\\/uploads\\\/2025\\\/02\\\/download-1-6.jpg\",\"width\":275,\"height\":183},\"datePublished\":\"2025-02-16T10:37:40-03:00\",\"dateModified\":\"2025-02-16T10:55:07-03:00\",\"inLanguage\":\"pt-BR\",\"mainEntityOfPage\":{\"@id\":\"https:\\\/\\\/serrafm879.com.br\\\/serrafm\\\/2025\\\/02\\\/pesquisa-ipec-62-acham-que-lula-nao-deveria-se-candidatar-a-reeleicao\\\/#webpage\"},\"isPartOf\":{\"@id\":\"https:\\\/\\\/serrafm879.com.br\\\/serrafm\\\/2025\\\/02\\\/pesquisa-ipec-62-acham-que-lula-nao-deveria-se-candidatar-a-reeleicao\\\/#webpage\"},\"articleSection\":\"Pol\\u00edtica\"},{\"@type\":\"BreadcrumbList\",\"@id\":\"https:\\\/\\\/serrafm879.com.br\\\/serrafm\\\/2025\\\/02\\\/pesquisa-ipec-62-acham-que-lula-nao-deveria-se-candidatar-a-reeleicao\\\/#breadcrumblist\",\"itemListElement\":[{\"@type\":\"ListItem\",\"@id\":\"https:\\\/\\\/serrafm879.com.br\\\/serrafm#listItem\",\"position\":1,\"name\":\"Home\",\"item\":\"https:\\\/\\\/serrafm879.com.br\\\/serrafm\",\"nextItem\":{\"@type\":\"ListItem\",\"@id\":\"https:\\\/\\\/serrafm879.com.br\\\/serrafm\\\/categoria\\\/politica\\\/#listItem\",\"name\":\"Pol\\u00edtica\"}},{\"@type\":\"ListItem\",\"@id\":\"https:\\\/\\\/serrafm879.com.br\\\/serrafm\\\/categoria\\\/politica\\\/#listItem\",\"position\":2,\"name\":\"Pol\\u00edtica\",\"item\":\"https:\\\/\\\/serrafm879.com.br\\\/serrafm\\\/categoria\\\/politica\\\/\",\"nextItem\":{\"@type\":\"ListItem\",\"@id\":\"https:\\\/\\\/serrafm879.com.br\\\/serrafm\\\/2025\\\/02\\\/pesquisa-ipec-62-acham-que-lula-nao-deveria-se-candidatar-a-reeleicao\\\/#listItem\",\"name\":\"Pesquisa Ipec: 62% acham que Lula n\\u00e3o deveria se candidatar \\u00e0 reelei\\u00e7\\u00e3o\"},\"previousItem\":{\"@type\":\"ListItem\",\"@id\":\"https:\\\/\\\/serrafm879.com.br\\\/serrafm#listItem\",\"name\":\"Home\"}},{\"@type\":\"ListItem\",\"@id\":\"https:\\\/\\\/serrafm879.com.br\\\/serrafm\\\/2025\\\/02\\\/pesquisa-ipec-62-acham-que-lula-nao-deveria-se-candidatar-a-reeleicao\\\/#listItem\",\"position\":3,\"name\":\"Pesquisa Ipec: 62% acham que Lula n\\u00e3o deveria se candidatar \\u00e0 reelei\\u00e7\\u00e3o\",\"previousItem\":{\"@type\":\"ListItem\",\"@id\":\"https:\\\/\\\/serrafm879.com.br\\\/serrafm\\\/categoria\\\/politica\\\/#listItem\",\"name\":\"Pol\\u00edtica\"}}]},{\"@type\":\"Organization\",\"@id\":\"https:\\\/\\\/serrafm879.com.br\\\/serrafm\\\/#organization\",\"name\":\"Serra FM 87,9\",\"description\":\"O seu novo amor!\",\"url\":\"https:\\\/\\\/serrafm879.com.br\\\/serrafm\\\/\"},{\"@type\":\"Person\",\"@id\":\"https:\\\/\\\/serrafm879.com.br\\\/serrafm\\\/author\\\/serrafm87\\\/#author\",\"url\":\"https:\\\/\\\/serrafm879.com.br\\\/serrafm\\\/author\\\/serrafm87\\\/\",\"name\":\"serrafm87\",\"image\":{\"@type\":\"ImageObject\",\"@id\":\"https:\\\/\\\/serrafm879.com.br\\\/serrafm\\\/2025\\\/02\\\/pesquisa-ipec-62-acham-que-lula-nao-deveria-se-candidatar-a-reeleicao\\\/#authorImage\",\"url\":\"https:\\\/\\\/secure.gravatar.com\\\/avatar\\\/a743233f1112d34f48bb3dc9559b76eb930bab8b27175856cba6362608736235?s=96&d=mm&r=g\",\"width\":96,\"height\":96,\"caption\":\"serrafm87\"}},{\"@type\":\"WebPage\",\"@id\":\"https:\\\/\\\/serrafm879.com.br\\\/serrafm\\\/2025\\\/02\\\/pesquisa-ipec-62-acham-que-lula-nao-deveria-se-candidatar-a-reeleicao\\\/#webpage\",\"url\":\"https:\\\/\\\/serrafm879.com.br\\\/serrafm\\\/2025\\\/02\\\/pesquisa-ipec-62-acham-que-lula-nao-deveria-se-candidatar-a-reeleicao\\\/\",\"name\":\"Pesquisa Ipec: 62% acham que Lula n\\u00e3o deveria se candidatar \\u00e0 reelei\\u00e7\\u00e3o - Serra FM 87,9\",\"description\":\"Nova pesquisa Ipec (ex-Ibope), divulgada neste s\\u00e1bado, 15, revela que 62% dos brasileiros acreditam que o presidente da Rep\\u00fablica, Luiz In\\u00e1cio Lula da Silva (PT), n\\u00e3o deveria se candidatar \\u00e0 reelei\\u00e7\\u00e3o no ano que vem. Em setembro do ano passado, esse porcentual era um pouco menor: 58%. De acordo com o Ipec, 35% acreditam que\",\"inLanguage\":\"pt-BR\",\"isPartOf\":{\"@id\":\"https:\\\/\\\/serrafm879.com.br\\\/serrafm\\\/#website\"},\"breadcrumb\":{\"@id\":\"https:\\\/\\\/serrafm879.com.br\\\/serrafm\\\/2025\\\/02\\\/pesquisa-ipec-62-acham-que-lula-nao-deveria-se-candidatar-a-reeleicao\\\/#breadcrumblist\"},\"author\":{\"@id\":\"https:\\\/\\\/serrafm879.com.br\\\/serrafm\\\/author\\\/serrafm87\\\/#author\"},\"creator\":{\"@id\":\"https:\\\/\\\/serrafm879.com.br\\\/serrafm\\\/author\\\/serrafm87\\\/#author\"},\"image\":{\"@type\":\"ImageObject\",\"url\":\"https:\\\/\\\/serrafm879.com.br\\\/serrafm\\\/wp-content\\\/uploads\\\/2025\\\/02\\\/download-1-6.jpg\",\"@id\":\"https:\\\/\\\/serrafm879.com.br\\\/serrafm\\\/2025\\\/02\\\/pesquisa-ipec-62-acham-que-lula-nao-deveria-se-candidatar-a-reeleicao\\\/#mainImage\",\"width\":275,\"height\":183},\"primaryImageOfPage\":{\"@id\":\"https:\\\/\\\/serrafm879.com.br\\\/serrafm\\\/2025\\\/02\\\/pesquisa-ipec-62-acham-que-lula-nao-deveria-se-candidatar-a-reeleicao\\\/#mainImage\"},\"datePublished\":\"2025-02-16T10:37:40-03:00\",\"dateModified\":\"2025-02-16T10:55:07-03:00\"},{\"@type\":\"WebSite\",\"@id\":\"https:\\\/\\\/serrafm879.com.br\\\/serrafm\\\/#website\",\"url\":\"https:\\\/\\\/serrafm879.com.br\\\/serrafm\\\/\",\"name\":\"Serra FM 87,9\",\"description\":\"O seu novo amor!\",\"inLanguage\":\"pt-BR\",\"publisher\":{\"@id\":\"https:\\\/\\\/serrafm879.com.br\\\/serrafm\\\/#organization\"}}]}\n\t\t<\/script>\n\t\t<!-- All in One SEO -->\n\n","aioseo_head_json":{"title":"Pesquisa Ipec: 62% acham que Lula n\u00e3o deveria se candidatar \u00e0 reelei\u00e7\u00e3o - Serra FM 87,9","description":"Nova pesquisa Ipec (ex-Ibope), divulgada neste s\u00e1bado, 15, revela que 62% dos brasileiros acreditam que o presidente da Rep\u00fablica, Luiz In\u00e1cio Lula da Silva (PT), n\u00e3o deveria se candidatar \u00e0 reelei\u00e7\u00e3o no ano que vem. Em setembro do ano passado, esse porcentual era um pouco menor: 58%. De acordo com o Ipec, 35% acreditam que","canonical_url":"https:\/\/serrafm879.com.br\/serrafm\/2025\/02\/pesquisa-ipec-62-acham-que-lula-nao-deveria-se-candidatar-a-reeleicao\/","robots":"max-image-preview:large","keywords":"","webmasterTools":{"miscellaneous":""},"schema":{"@context":"https:\/\/schema.org","@graph":[{"@type":"BlogPosting","@id":"https:\/\/serrafm879.com.br\/serrafm\/2025\/02\/pesquisa-ipec-62-acham-que-lula-nao-deveria-se-candidatar-a-reeleicao\/#blogposting","name":"Pesquisa Ipec: 62% acham que Lula n\u00e3o deveria se candidatar \u00e0 reelei\u00e7\u00e3o - Serra FM 87,9","headline":"Pesquisa Ipec: 62% acham que Lula n\u00e3o deveria se candidatar \u00e0 reelei\u00e7\u00e3o","author":{"@id":"https:\/\/serrafm879.com.br\/serrafm\/author\/serrafm87\/#author"},"publisher":{"@id":"https:\/\/serrafm879.com.br\/serrafm\/#organization"},"image":{"@type":"ImageObject","url":"https:\/\/serrafm879.com.br\/serrafm\/wp-content\/uploads\/2025\/02\/download-1-6.jpg","width":275,"height":183},"datePublished":"2025-02-16T10:37:40-03:00","dateModified":"2025-02-16T10:55:07-03:00","inLanguage":"pt-BR","mainEntityOfPage":{"@id":"https:\/\/serrafm879.com.br\/serrafm\/2025\/02\/pesquisa-ipec-62-acham-que-lula-nao-deveria-se-candidatar-a-reeleicao\/#webpage"},"isPartOf":{"@id":"https:\/\/serrafm879.com.br\/serrafm\/2025\/02\/pesquisa-ipec-62-acham-que-lula-nao-deveria-se-candidatar-a-reeleicao\/#webpage"},"articleSection":"Pol\u00edtica"},{"@type":"BreadcrumbList","@id":"https:\/\/serrafm879.com.br\/serrafm\/2025\/02\/pesquisa-ipec-62-acham-que-lula-nao-deveria-se-candidatar-a-reeleicao\/#breadcrumblist","itemListElement":[{"@type":"ListItem","@id":"https:\/\/serrafm879.com.br\/serrafm#listItem","position":1,"name":"Home","item":"https:\/\/serrafm879.com.br\/serrafm","nextItem":{"@type":"ListItem","@id":"https:\/\/serrafm879.com.br\/serrafm\/categoria\/politica\/#listItem","name":"Pol\u00edtica"}},{"@type":"ListItem","@id":"https:\/\/serrafm879.com.br\/serrafm\/categoria\/politica\/#listItem","position":2,"name":"Pol\u00edtica","item":"https:\/\/serrafm879.com.br\/serrafm\/categoria\/politica\/","nextItem":{"@type":"ListItem","@id":"https:\/\/serrafm879.com.br\/serrafm\/2025\/02\/pesquisa-ipec-62-acham-que-lula-nao-deveria-se-candidatar-a-reeleicao\/#listItem","name":"Pesquisa Ipec: 62% acham que Lula n\u00e3o deveria se candidatar \u00e0 reelei\u00e7\u00e3o"},"previousItem":{"@type":"ListItem","@id":"https:\/\/serrafm879.com.br\/serrafm#listItem","name":"Home"}},{"@type":"ListItem","@id":"https:\/\/serrafm879.com.br\/serrafm\/2025\/02\/pesquisa-ipec-62-acham-que-lula-nao-deveria-se-candidatar-a-reeleicao\/#listItem","position":3,"name":"Pesquisa Ipec: 62% acham que Lula n\u00e3o deveria se candidatar \u00e0 reelei\u00e7\u00e3o","previousItem":{"@type":"ListItem","@id":"https:\/\/serrafm879.com.br\/serrafm\/categoria\/politica\/#listItem","name":"Pol\u00edtica"}}]},{"@type":"Organization","@id":"https:\/\/serrafm879.com.br\/serrafm\/#organization","name":"Serra FM 87,9","description":"O seu novo amor!","url":"https:\/\/serrafm879.com.br\/serrafm\/"},{"@type":"Person","@id":"https:\/\/serrafm879.com.br\/serrafm\/author\/serrafm87\/#author","url":"https:\/\/serrafm879.com.br\/serrafm\/author\/serrafm87\/","name":"serrafm87","image":{"@type":"ImageObject","@id":"https:\/\/serrafm879.com.br\/serrafm\/2025\/02\/pesquisa-ipec-62-acham-que-lula-nao-deveria-se-candidatar-a-reeleicao\/#authorImage","url":"https:\/\/secure.gravatar.com\/avatar\/a743233f1112d34f48bb3dc9559b76eb930bab8b27175856cba6362608736235?s=96&d=mm&r=g","width":96,"height":96,"caption":"serrafm87"}},{"@type":"WebPage","@id":"https:\/\/serrafm879.com.br\/serrafm\/2025\/02\/pesquisa-ipec-62-acham-que-lula-nao-deveria-se-candidatar-a-reeleicao\/#webpage","url":"https:\/\/serrafm879.com.br\/serrafm\/2025\/02\/pesquisa-ipec-62-acham-que-lula-nao-deveria-se-candidatar-a-reeleicao\/","name":"Pesquisa Ipec: 62% acham que Lula n\u00e3o deveria se candidatar \u00e0 reelei\u00e7\u00e3o - Serra FM 87,9","description":"Nova pesquisa Ipec (ex-Ibope), divulgada neste s\u00e1bado, 15, revela que 62% dos brasileiros acreditam que o presidente da Rep\u00fablica, Luiz In\u00e1cio Lula da Silva (PT), n\u00e3o deveria se candidatar \u00e0 reelei\u00e7\u00e3o no ano que vem. Em setembro do ano passado, esse porcentual era um pouco menor: 58%. De acordo com o Ipec, 35% acreditam que","inLanguage":"pt-BR","isPartOf":{"@id":"https:\/\/serrafm879.com.br\/serrafm\/#website"},"breadcrumb":{"@id":"https:\/\/serrafm879.com.br\/serrafm\/2025\/02\/pesquisa-ipec-62-acham-que-lula-nao-deveria-se-candidatar-a-reeleicao\/#breadcrumblist"},"author":{"@id":"https:\/\/serrafm879.com.br\/serrafm\/author\/serrafm87\/#author"},"creator":{"@id":"https:\/\/serrafm879.com.br\/serrafm\/author\/serrafm87\/#author"},"image":{"@type":"ImageObject","url":"https:\/\/serrafm879.com.br\/serrafm\/wp-content\/uploads\/2025\/02\/download-1-6.jpg","@id":"https:\/\/serrafm879.com.br\/serrafm\/2025\/02\/pesquisa-ipec-62-acham-que-lula-nao-deveria-se-candidatar-a-reeleicao\/#mainImage","width":275,"height":183},"primaryImageOfPage":{"@id":"https:\/\/serrafm879.com.br\/serrafm\/2025\/02\/pesquisa-ipec-62-acham-que-lula-nao-deveria-se-candidatar-a-reeleicao\/#mainImage"},"datePublished":"2025-02-16T10:37:40-03:00","dateModified":"2025-02-16T10:55:07-03:00"},{"@type":"WebSite","@id":"https:\/\/serrafm879.com.br\/serrafm\/#website","url":"https:\/\/serrafm879.com.br\/serrafm\/","name":"Serra FM 87,9","description":"O seu novo amor!","inLanguage":"pt-BR","publisher":{"@id":"https:\/\/serrafm879.com.br\/serrafm\/#organization"}}]},"twitter:card":"summary_large_image","twitter:title":"Pesquisa Ipec: 62% acham que Lula n\u00e3o deveria se candidatar \u00e0 reelei\u00e7\u00e3o - Serra FM 87,9","twitter:description":"Nova pesquisa Ipec (ex-Ibope), divulgada neste s\u00e1bado, 15, revela que 62% dos brasileiros acreditam que o presidente da Rep\u00fablica, Luiz In\u00e1cio Lula da Silva (PT), n\u00e3o deveria se candidatar \u00e0 reelei\u00e7\u00e3o no ano que vem. Em setembro do ano passado, esse porcentual era um pouco menor: 58%. De acordo com o Ipec, 35% acreditam que","twitter:image":"https:\/\/serrafm879.com.br\/serrafm\/wp-content\/uploads\/2025\/02\/download-1-6.jpg"},"aioseo_meta_data":{"post_id":"20723","title":null,"description":null,"keywords":null,"keyphrases":null,"primary_term":null,"canonical_url":null,"og_title":null,"og_description":null,"og_object_type":"default","og_image_type":"default","og_image_custom_url":null,"og_image_custom_fields":null,"og_image_url":null,"og_image_width":null,"og_image_height":null,"og_video":null,"og_custom_url":null,"og_article_section":null,"og_article_tags":null,"twitter_use_og":false,"twitter_card":"default","twitter_image_type":"default","twitter_image_custom_url":null,"twitter_image_custom_fields":null,"twitter_image_url":null,"twitter_title":null,"twitter_description":null,"schema_type":"default","schema_type_options":null,"schema":{"blockGraphs":[],"customGraphs":[],"default":{"data":{"Article":[],"Course":[],"Dataset":[],"FAQPage":[],"Movie":[],"Person":[],"Product":[],"ProductReview":[],"Car":[],"Recipe":[],"Service":[],"SoftwareApplication":[],"WebPage":[]},"graphName":"","isEnabled":true},"graphs":[]},"pillar_content":false,"robots_default":true,"robots_noindex":false,"robots_noarchive":false,"robots_nosnippet":false,"robots_nofollow":false,"robots_noimageindex":false,"robots_noodp":false,"robots_notranslate":false,"robots_max_snippet":null,"robots_max_videopreview":null,"robots_max_imagepreview":"large","priority":null,"frequency":null,"local_seo":null,"limit_modified_date":false,"ai":null,"breadcrumb_settings":null,"seo_analyzer_scan_date":null,"created":"2026-07-21 13:46:47","updated":"2026-07-21 13:46:47"},"aioseo_breadcrumb":"<div class=\"aioseo-breadcrumbs\"><span class=\"aioseo-breadcrumb\">\n\t\t\t<a href=\"https:\/\/serrafm879.com.br\/serrafm\" title=\"Home\">Home<\/a>\n\t\t<\/span><span class=\"aioseo-breadcrumb-separator\">&raquo;<\/span><span class=\"aioseo-breadcrumb\">\n\t\t\t<a href=\"https:\/\/serrafm879.com.br\/serrafm\/categoria\/politica\/\" title=\"Pol\u00edtica\">Pol\u00edtica<\/a>\n\t\t<\/span><span class=\"aioseo-breadcrumb-separator\">&raquo;<\/span><span class=\"aioseo-breadcrumb\">\n\t\t\tPesquisa Ipec: 62% acham que Lula n\u00e3o deveria se candidatar \u00e0 reelei\u00e7\u00e3o\n\t\t<\/span><\/div>","aioseo_breadcrumb_json":[{"label":"Home","link":"https:\/\/serrafm879.com.br\/serrafm"},{"label":"Pol\u00edtica","link":"https:\/\/serrafm879.com.br\/serrafm\/categoria\/politica\/"},{"label":"Pesquisa Ipec: 62% acham que Lula n\u00e3o deveria se candidatar \u00e0 reelei\u00e7\u00e3o","link":"https:\/\/serrafm879.com.br\/serrafm\/2025\/02\/pesquisa-ipec-62-acham-que-lula-nao-deveria-se-candidatar-a-reeleicao\/"}],"jetpack_publicize_connections":[],"jetpack_featured_media_url":"https:\/\/serrafm879.com.br\/serrafm\/wp-content\/uploads\/2025\/02\/download-1-6.jpg","jetpack_shortlink":"https:\/\/wp.me\/p7HyXg-5of","jetpack_sharing_enabled":true,"_links":{"self":[{"href":"https:\/\/serrafm879.com.br\/serrafm\/wp-json\/wp\/v2\/posts\/20723","targetHints":{"allow":["GET"]}}],"collection":[{"href":"https:\/\/serrafm879.com.br\/serrafm\/wp-json\/wp\/v2\/posts"}],"about":[{"href":"https:\/\/serrafm879.com.br\/serrafm\/wp-json\/wp\/v2\/types\/post"}],"author":[{"embeddable":true,"href":"https:\/\/serrafm879.com.br\/serrafm\/wp-json\/wp\/v2\/users\/2"}],"replies":[{"embeddable":true,"href":"https:\/\/serrafm879.com.br\/serrafm\/wp-json\/wp\/v2\/comments?post=20723"}],"version-history":[{"count":3,"href":"https:\/\/serrafm879.com.br\/serrafm\/wp-json\/wp\/v2\/posts\/20723\/revisions"}],"predecessor-version":[{"id":20730,"href":"https:\/\/serrafm879.com.br\/serrafm\/wp-json\/wp\/v2\/posts\/20723\/revisions\/20730"}],"wp:featuredmedia":[{"embeddable":true,"href":"https:\/\/serrafm879.com.br\/serrafm\/wp-json\/wp\/v2\/media\/20724"}],"wp:attachment":[{"href":"https:\/\/serrafm879.com.br\/serrafm\/wp-json\/wp\/v2\/media?parent=20723"}],"wp:term":[{"taxonomy":"category","embeddable":true,"href":"https:\/\/serrafm879.com.br\/serrafm\/wp-json\/wp\/v2\/categories?post=20723"},{"taxonomy":"post_tag","embeddable":true,"href":"https:\/\/serrafm879.com.br\/serrafm\/wp-json\/wp\/v2\/tags?post=20723"}],"curies":[{"name":"wp","href":"https:\/\/api.w.org\/{rel}","templated":true}]}}