{"id":20741,"date":"2025-02-16T11:23:11","date_gmt":"2025-02-16T14:23:11","guid":{"rendered":"https:\/?p=20741"},"modified":"2025-02-16T11:23:11","modified_gmt":"2025-02-16T14:23:11","slug":"oab-pe-promove-o-i-seminario-de-atualizacao-trabalhista","status":"publish","type":"post","link":"https:\/\/serrafm879.com.br\/serrafm\/2025\/02\/oab-pe-promove-o-i-seminario-de-atualizacao-trabalhista\/","title":{"rendered":"OAB-PE promove o \u201cI Semin\u00e1rio de Atualiza\u00e7\u00e3o Trabalhista"},"content":{"rendered":"<p>A presidente da Ordem dos Advogados do Brasil \u2013 Seccional Pernambuco (OAB-PE), Ingrid Zanella, realizou a abertura do I Semin\u00e1rio de Atualiza\u00e7\u00e3o Trabalhista, sediado no audit\u00f3rio da institui\u00e7\u00e3o, na manh\u00e3 desta sexta-feira (14).<\/p>\n<p>Compondo a mesa de honra da solenidade, estavam o secret\u00e1rio-geral da OAB-PE, Max Maciel; o secret\u00e1rio-geral adjunto da Caixa de Assist\u00eancia dos Advogados de Pernambuco (CAAPE), Dhiego Lav\u00f4r; o diretor da Escola Superior de Advocacia de Pernambuco (ESA-PE), Carlos Barros; o presidente da Comiss\u00e3o de Direito do Trabalho (CDT), Ricardo Varjal; e a conselheira federal da OAB por Pernambuco, Shynaide Mafra.<\/p>\n<p>Presentes ainda, na composi\u00e7\u00e3o, o vice-presidente do Tribunal Regional do Trabalho da 6\u00aa Regi\u00e3o (TRT6), Eduardo Pugliesi e os ministros do Tribunal Superior do Trabalho, Alberto Balazeiro e Douglas Alencar; al\u00e9m do diretor da Escola Judicial do Tribunal Regional do Trabalho da 7\u00aa Regi\u00e3o, desembargador Paulo Regis.<\/p>\n<p>\u201cUm semin\u00e1rio muito importante. Todos sabem que \u00e9 miss\u00e3o da nossa institui\u00e7\u00e3o garantir n\u00e3o s\u00f3 a capacita\u00e7\u00e3o, mas a luta pela defesa dos nossos honor\u00e1rios, das nossas prerrogativas e tamb\u00e9m pela busca da maior celeridade processual\u201d, declarou Zanella, durante abertura do evento.<\/p>\n<p>A programa\u00e7\u00e3o foi dividida em dois pain\u00e9is. No 1\u00ba painel, o ministro Alberto Blazeiro discursou sobre \u2018aspectos atuais da sa\u00fade do trabalho\u2019. Em seguida, o desembargador Paulo Regis palestrou sobre o tema \u2018audi\u00eancia presencial x audi\u00eancia telepresencial: vantagens e desvantagens\u2019.<\/p>\n<p>No 2\u00ba painel, o ministro Douglas Alencar abordou a tem\u00e1tica \u2018Tema 1046 do STF: preval\u00eancia do negociado sobre o legislado\u2019. Encerrando a programa\u00e7\u00e3o, a presidente da OAB-PE discorreu sobre \u2018aspectos atuais do trabalho mar\u00edtimo e portu\u00e1rio\u2019.<\/p>\n<p>A solenidade foi marcada, ainda, pelo registro da posse solene da diretoria e dos primeiros membros da atual gest\u00e3o da CDT da OAB-PE e pela mo\u00e7\u00e3o de aplausos ao presidente e vice-presidente do TRT6, Ruy Salatiel e Eduardo Pugliesi, que tomam posse formalmente como novos dirigentes do TRT6 nessa sexta-feira (14).<\/p>\n<div><\/div>\n","protected":false},"excerpt":{"rendered":"<p>A presidente da Ordem dos Advogados do Brasil \u2013 Seccional Pernambuco (OAB-PE), Ingrid Zanella, realizou a abertura do I Semin\u00e1rio de Atualiza\u00e7\u00e3o Trabalhista, sediado no audit\u00f3rio da institui\u00e7\u00e3o, na manh\u00e3 desta sexta-feira (14). Compondo a mesa de honra da solenidade, estavam o secret\u00e1rio-geral da OAB-PE, Max Maciel; o secret\u00e1rio-geral adjunto da Caixa de Assist\u00eancia dos Advogados de Pernambuco (CAAPE), Dhiego Lav\u00f4r; o diretor da Escola Superior de Advocacia de Pernambuco (ESA-PE), Carlos Barros; o presidente da Comiss\u00e3o de Direito do Trabalho (CDT), Ricardo Varjal; e a conselheira federal da OAB por Pernambuco, Shynaide Mafra. Presentes ainda, na composi\u00e7\u00e3o, o vice-presidente [&hellip;]<\/p>\n","protected":false},"author":2,"featured_media":20742,"comment_status":"open","ping_status":"open","sticky":false,"template":"","format":"standard","meta":{"_jetpack_newsletter_access":"","_jetpack_dont_email_post_to_subs":false,"_jetpack_newsletter_tier_id":0,"_jetpack_memberships_contains_paywalled_content":false,"_jetpack_feature_clip_id":0,"_jetpack_memberships_contains_paid_content":false,"footnotes":"","jetpack_publicize_message":"","jetpack_publicize_feature_enabled":true,"jetpack_social_post_already_shared":true,"jetpack_social_options":{"image_generator_settings":{"template":"highway","default_image_id":0,"font":"","enabled":false},"version":2},"jetpack_post_was_ever_published":false},"categories":[1],"tags":[],"class_list":["post-20741","post","type-post","status-publish","format-standard","has-post-thumbnail","hentry","category-uncategorized"],"aioseo_notices":[],"aioseo_head":"\n\t\t<!-- All in One SEO 4.9.10 - aioseo.com -->\n\t<meta name=\"description\" content=\"A presidente da Ordem dos Advogados do Brasil \u2013 Seccional Pernambuco (OAB-PE), Ingrid Zanella, realizou a abertura do I Semin\u00e1rio de Atualiza\u00e7\u00e3o Trabalhista, sediado no audit\u00f3rio da institui\u00e7\u00e3o, na manh\u00e3 desta sexta-feira (14). Compondo a mesa de honra da solenidade, estavam o secret\u00e1rio-geral da OAB-PE, Max Maciel; o secret\u00e1rio-geral adjunto da Caixa de Assist\u00eancia dos\" \/>\n\t<meta name=\"robots\" content=\"max-image-preview:large\" \/>\n\t<meta name=\"author\" content=\"serrafm87\"\/>\n\t<link rel=\"canonical\" href=\"https:\/\/serrafm879.com.br\/serrafm\/2025\/02\/oab-pe-promove-o-i-seminario-de-atualizacao-trabalhista\/\" \/>\n\t<meta name=\"generator\" content=\"All in One SEO (AIOSEO) 4.9.10\" \/>\n\t\t<meta name=\"twitter:card\" content=\"summary_large_image\" \/>\n\t\t<meta name=\"twitter:title\" content=\"OAB-PE promove o \u201cI Semin\u00e1rio de Atualiza\u00e7\u00e3o Trabalhista - Serra FM 87,9\" \/>\n\t\t<meta name=\"twitter:description\" content=\"A presidente da Ordem dos Advogados do Brasil \u2013 Seccional Pernambuco (OAB-PE), Ingrid Zanella, realizou a abertura do I Semin\u00e1rio de Atualiza\u00e7\u00e3o Trabalhista, sediado no audit\u00f3rio da institui\u00e7\u00e3o, na manh\u00e3 desta sexta-feira (14). Compondo a mesa de honra da solenidade, estavam o secret\u00e1rio-geral da OAB-PE, Max Maciel; o secret\u00e1rio-geral adjunto da Caixa de Assist\u00eancia dos\" \/>\n\t\t<meta name=\"twitter:image\" content=\"https:\/\/serrafm879.com.br\/serrafm\/wp-content\/uploads\/2025\/02\/I-Seminario-de-Atualizacao-Trabalhista-da-OAB-PE-Foto-Sandokan-Xavier-OAB-PE-1536x1152-1.jpeg\" \/>\n\t\t<script type=\"application\/ld+json\" class=\"aioseo-schema\">\n\t\t\t{\"@context\":\"https:\\\/\\\/schema.org\",\"@graph\":[{\"@type\":\"BlogPosting\",\"@id\":\"https:\\\/\\\/serrafm879.com.br\\\/serrafm\\\/2025\\\/02\\\/oab-pe-promove-o-i-seminario-de-atualizacao-trabalhista\\\/#blogposting\",\"name\":\"OAB-PE promove o \\u201cI Semin\\u00e1rio de Atualiza\\u00e7\\u00e3o Trabalhista - Serra FM 87,9\",\"headline\":\"OAB-PE promove o \\u201cI Semin\\u00e1rio de Atualiza\\u00e7\\u00e3o Trabalhista\",\"author\":{\"@id\":\"https:\\\/\\\/serrafm879.com.br\\\/serrafm\\\/author\\\/serrafm87\\\/#author\"},\"publisher\":{\"@id\":\"https:\\\/\\\/serrafm879.com.br\\\/serrafm\\\/#organization\"},\"image\":{\"@type\":\"ImageObject\",\"url\":\"https:\\\/\\\/serrafm879.com.br\\\/serrafm\\\/wp-content\\\/uploads\\\/2025\\\/02\\\/I-Seminario-de-Atualizacao-Trabalhista-da-OAB-PE-Foto-Sandokan-Xavier-OAB-PE-1536x1152-1.jpeg\",\"width\":1536,\"height\":1152},\"datePublished\":\"2025-02-16T11:23:11-03:00\",\"dateModified\":\"2025-02-16T11:23:11-03:00\",\"inLanguage\":\"pt-BR\",\"mainEntityOfPage\":{\"@id\":\"https:\\\/\\\/serrafm879.com.br\\\/serrafm\\\/2025\\\/02\\\/oab-pe-promove-o-i-seminario-de-atualizacao-trabalhista\\\/#webpage\"},\"isPartOf\":{\"@id\":\"https:\\\/\\\/serrafm879.com.br\\\/serrafm\\\/2025\\\/02\\\/oab-pe-promove-o-i-seminario-de-atualizacao-trabalhista\\\/#webpage\"},\"articleSection\":\"Uncategorized\"},{\"@type\":\"BreadcrumbList\",\"@id\":\"https:\\\/\\\/serrafm879.com.br\\\/serrafm\\\/2025\\\/02\\\/oab-pe-promove-o-i-seminario-de-atualizacao-trabalhista\\\/#breadcrumblist\",\"itemListElement\":[{\"@type\":\"ListItem\",\"@id\":\"https:\\\/\\\/serrafm879.com.br\\\/serrafm#listItem\",\"position\":1,\"name\":\"Home\",\"item\":\"https:\\\/\\\/serrafm879.com.br\\\/serrafm\",\"nextItem\":{\"@type\":\"ListItem\",\"@id\":\"https:\\\/\\\/serrafm879.com.br\\\/serrafm\\\/categoria\\\/uncategorized\\\/#listItem\",\"name\":\"Uncategorized\"}},{\"@type\":\"ListItem\",\"@id\":\"https:\\\/\\\/serrafm879.com.br\\\/serrafm\\\/categoria\\\/uncategorized\\\/#listItem\",\"position\":2,\"name\":\"Uncategorized\",\"item\":\"https:\\\/\\\/serrafm879.com.br\\\/serrafm\\\/categoria\\\/uncategorized\\\/\",\"nextItem\":{\"@type\":\"ListItem\",\"@id\":\"https:\\\/\\\/serrafm879.com.br\\\/serrafm\\\/2025\\\/02\\\/oab-pe-promove-o-i-seminario-de-atualizacao-trabalhista\\\/#listItem\",\"name\":\"OAB-PE promove o \\u201cI Semin\\u00e1rio de Atualiza\\u00e7\\u00e3o Trabalhista\"},\"previousItem\":{\"@type\":\"ListItem\",\"@id\":\"https:\\\/\\\/serrafm879.com.br\\\/serrafm#listItem\",\"name\":\"Home\"}},{\"@type\":\"ListItem\",\"@id\":\"https:\\\/\\\/serrafm879.com.br\\\/serrafm\\\/2025\\\/02\\\/oab-pe-promove-o-i-seminario-de-atualizacao-trabalhista\\\/#listItem\",\"position\":3,\"name\":\"OAB-PE promove o \\u201cI Semin\\u00e1rio de Atualiza\\u00e7\\u00e3o Trabalhista\",\"previousItem\":{\"@type\":\"ListItem\",\"@id\":\"https:\\\/\\\/serrafm879.com.br\\\/serrafm\\\/categoria\\\/uncategorized\\\/#listItem\",\"name\":\"Uncategorized\"}}]},{\"@type\":\"Organization\",\"@id\":\"https:\\\/\\\/serrafm879.com.br\\\/serrafm\\\/#organization\",\"name\":\"Serra FM 87,9\",\"description\":\"O seu novo amor!\",\"url\":\"https:\\\/\\\/serrafm879.com.br\\\/serrafm\\\/\"},{\"@type\":\"Person\",\"@id\":\"https:\\\/\\\/serrafm879.com.br\\\/serrafm\\\/author\\\/serrafm87\\\/#author\",\"url\":\"https:\\\/\\\/serrafm879.com.br\\\/serrafm\\\/author\\\/serrafm87\\\/\",\"name\":\"serrafm87\",\"image\":{\"@type\":\"ImageObject\",\"@id\":\"https:\\\/\\\/serrafm879.com.br\\\/serrafm\\\/2025\\\/02\\\/oab-pe-promove-o-i-seminario-de-atualizacao-trabalhista\\\/#authorImage\",\"url\":\"https:\\\/\\\/secure.gravatar.com\\\/avatar\\\/a743233f1112d34f48bb3dc9559b76eb930bab8b27175856cba6362608736235?s=96&d=mm&r=g\",\"width\":96,\"height\":96,\"caption\":\"serrafm87\"}},{\"@type\":\"WebPage\",\"@id\":\"https:\\\/\\\/serrafm879.com.br\\\/serrafm\\\/2025\\\/02\\\/oab-pe-promove-o-i-seminario-de-atualizacao-trabalhista\\\/#webpage\",\"url\":\"https:\\\/\\\/serrafm879.com.br\\\/serrafm\\\/2025\\\/02\\\/oab-pe-promove-o-i-seminario-de-atualizacao-trabalhista\\\/\",\"name\":\"OAB-PE promove o \\u201cI Semin\\u00e1rio de Atualiza\\u00e7\\u00e3o Trabalhista - Serra FM 87,9\",\"description\":\"A presidente da Ordem dos Advogados do Brasil \\u2013 Seccional Pernambuco (OAB-PE), Ingrid Zanella, realizou a abertura do I Semin\\u00e1rio de Atualiza\\u00e7\\u00e3o Trabalhista, sediado no audit\\u00f3rio da institui\\u00e7\\u00e3o, na manh\\u00e3 desta sexta-feira (14). Compondo a mesa de honra da solenidade, estavam o secret\\u00e1rio-geral da OAB-PE, Max Maciel; o secret\\u00e1rio-geral adjunto da Caixa de Assist\\u00eancia dos\",\"inLanguage\":\"pt-BR\",\"isPartOf\":{\"@id\":\"https:\\\/\\\/serrafm879.com.br\\\/serrafm\\\/#website\"},\"breadcrumb\":{\"@id\":\"https:\\\/\\\/serrafm879.com.br\\\/serrafm\\\/2025\\\/02\\\/oab-pe-promove-o-i-seminario-de-atualizacao-trabalhista\\\/#breadcrumblist\"},\"author\":{\"@id\":\"https:\\\/\\\/serrafm879.com.br\\\/serrafm\\\/author\\\/serrafm87\\\/#author\"},\"creator\":{\"@id\":\"https:\\\/\\\/serrafm879.com.br\\\/serrafm\\\/author\\\/serrafm87\\\/#author\"},\"image\":{\"@type\":\"ImageObject\",\"url\":\"https:\\\/\\\/serrafm879.com.br\\\/serrafm\\\/wp-content\\\/uploads\\\/2025\\\/02\\\/I-Seminario-de-Atualizacao-Trabalhista-da-OAB-PE-Foto-Sandokan-Xavier-OAB-PE-1536x1152-1.jpeg\",\"@id\":\"https:\\\/\\\/serrafm879.com.br\\\/serrafm\\\/2025\\\/02\\\/oab-pe-promove-o-i-seminario-de-atualizacao-trabalhista\\\/#mainImage\",\"width\":1536,\"height\":1152},\"primaryImageOfPage\":{\"@id\":\"https:\\\/\\\/serrafm879.com.br\\\/serrafm\\\/2025\\\/02\\\/oab-pe-promove-o-i-seminario-de-atualizacao-trabalhista\\\/#mainImage\"},\"datePublished\":\"2025-02-16T11:23:11-03:00\",\"dateModified\":\"2025-02-16T11:23:11-03:00\"},{\"@type\":\"WebSite\",\"@id\":\"https:\\\/\\\/serrafm879.com.br\\\/serrafm\\\/#website\",\"url\":\"https:\\\/\\\/serrafm879.com.br\\\/serrafm\\\/\",\"name\":\"Serra FM 87,9\",\"description\":\"O seu novo amor!\",\"inLanguage\":\"pt-BR\",\"publisher\":{\"@id\":\"https:\\\/\\\/serrafm879.com.br\\\/serrafm\\\/#organization\"}}]}\n\t\t<\/script>\n\t\t<!-- All in One SEO -->\n\n","aioseo_head_json":{"title":"OAB-PE promove o \u201cI Semin\u00e1rio de Atualiza\u00e7\u00e3o Trabalhista - Serra FM 87,9","description":"A presidente da Ordem dos Advogados do Brasil \u2013 Seccional Pernambuco (OAB-PE), Ingrid Zanella, realizou a abertura do I Semin\u00e1rio de Atualiza\u00e7\u00e3o Trabalhista, sediado no audit\u00f3rio da institui\u00e7\u00e3o, na manh\u00e3 desta sexta-feira (14). Compondo a mesa de honra da solenidade, estavam o secret\u00e1rio-geral da OAB-PE, Max Maciel; o secret\u00e1rio-geral adjunto da Caixa de Assist\u00eancia dos","canonical_url":"https:\/\/serrafm879.com.br\/serrafm\/2025\/02\/oab-pe-promove-o-i-seminario-de-atualizacao-trabalhista\/","robots":"max-image-preview:large","keywords":"","webmasterTools":{"miscellaneous":""},"schema":{"@context":"https:\/\/schema.org","@graph":[{"@type":"BlogPosting","@id":"https:\/\/serrafm879.com.br\/serrafm\/2025\/02\/oab-pe-promove-o-i-seminario-de-atualizacao-trabalhista\/#blogposting","name":"OAB-PE promove o \u201cI Semin\u00e1rio de Atualiza\u00e7\u00e3o Trabalhista - Serra FM 87,9","headline":"OAB-PE promove o \u201cI Semin\u00e1rio de Atualiza\u00e7\u00e3o Trabalhista","author":{"@id":"https:\/\/serrafm879.com.br\/serrafm\/author\/serrafm87\/#author"},"publisher":{"@id":"https:\/\/serrafm879.com.br\/serrafm\/#organization"},"image":{"@type":"ImageObject","url":"https:\/\/serrafm879.com.br\/serrafm\/wp-content\/uploads\/2025\/02\/I-Seminario-de-Atualizacao-Trabalhista-da-OAB-PE-Foto-Sandokan-Xavier-OAB-PE-1536x1152-1.jpeg","width":1536,"height":1152},"datePublished":"2025-02-16T11:23:11-03:00","dateModified":"2025-02-16T11:23:11-03:00","inLanguage":"pt-BR","mainEntityOfPage":{"@id":"https:\/\/serrafm879.com.br\/serrafm\/2025\/02\/oab-pe-promove-o-i-seminario-de-atualizacao-trabalhista\/#webpage"},"isPartOf":{"@id":"https:\/\/serrafm879.com.br\/serrafm\/2025\/02\/oab-pe-promove-o-i-seminario-de-atualizacao-trabalhista\/#webpage"},"articleSection":"Uncategorized"},{"@type":"BreadcrumbList","@id":"https:\/\/serrafm879.com.br\/serrafm\/2025\/02\/oab-pe-promove-o-i-seminario-de-atualizacao-trabalhista\/#breadcrumblist","itemListElement":[{"@type":"ListItem","@id":"https:\/\/serrafm879.com.br\/serrafm#listItem","position":1,"name":"Home","item":"https:\/\/serrafm879.com.br\/serrafm","nextItem":{"@type":"ListItem","@id":"https:\/\/serrafm879.com.br\/serrafm\/categoria\/uncategorized\/#listItem","name":"Uncategorized"}},{"@type":"ListItem","@id":"https:\/\/serrafm879.com.br\/serrafm\/categoria\/uncategorized\/#listItem","position":2,"name":"Uncategorized","item":"https:\/\/serrafm879.com.br\/serrafm\/categoria\/uncategorized\/","nextItem":{"@type":"ListItem","@id":"https:\/\/serrafm879.com.br\/serrafm\/2025\/02\/oab-pe-promove-o-i-seminario-de-atualizacao-trabalhista\/#listItem","name":"OAB-PE promove o \u201cI Semin\u00e1rio de Atualiza\u00e7\u00e3o Trabalhista"},"previousItem":{"@type":"ListItem","@id":"https:\/\/serrafm879.com.br\/serrafm#listItem","name":"Home"}},{"@type":"ListItem","@id":"https:\/\/serrafm879.com.br\/serrafm\/2025\/02\/oab-pe-promove-o-i-seminario-de-atualizacao-trabalhista\/#listItem","position":3,"name":"OAB-PE promove o \u201cI Semin\u00e1rio de Atualiza\u00e7\u00e3o Trabalhista","previousItem":{"@type":"ListItem","@id":"https:\/\/serrafm879.com.br\/serrafm\/categoria\/uncategorized\/#listItem","name":"Uncategorized"}}]},{"@type":"Organization","@id":"https:\/\/serrafm879.com.br\/serrafm\/#organization","name":"Serra FM 87,9","description":"O seu novo amor!","url":"https:\/\/serrafm879.com.br\/serrafm\/"},{"@type":"Person","@id":"https:\/\/serrafm879.com.br\/serrafm\/author\/serrafm87\/#author","url":"https:\/\/serrafm879.com.br\/serrafm\/author\/serrafm87\/","name":"serrafm87","image":{"@type":"ImageObject","@id":"https:\/\/serrafm879.com.br\/serrafm\/2025\/02\/oab-pe-promove-o-i-seminario-de-atualizacao-trabalhista\/#authorImage","url":"https:\/\/secure.gravatar.com\/avatar\/a743233f1112d34f48bb3dc9559b76eb930bab8b27175856cba6362608736235?s=96&d=mm&r=g","width":96,"height":96,"caption":"serrafm87"}},{"@type":"WebPage","@id":"https:\/\/serrafm879.com.br\/serrafm\/2025\/02\/oab-pe-promove-o-i-seminario-de-atualizacao-trabalhista\/#webpage","url":"https:\/\/serrafm879.com.br\/serrafm\/2025\/02\/oab-pe-promove-o-i-seminario-de-atualizacao-trabalhista\/","name":"OAB-PE promove o \u201cI Semin\u00e1rio de Atualiza\u00e7\u00e3o Trabalhista - Serra FM 87,9","description":"A presidente da Ordem dos Advogados do Brasil \u2013 Seccional Pernambuco (OAB-PE), Ingrid Zanella, realizou a abertura do I Semin\u00e1rio de Atualiza\u00e7\u00e3o Trabalhista, sediado no audit\u00f3rio da institui\u00e7\u00e3o, na manh\u00e3 desta sexta-feira (14). Compondo a mesa de honra da solenidade, estavam o secret\u00e1rio-geral da OAB-PE, Max Maciel; o secret\u00e1rio-geral adjunto da Caixa de Assist\u00eancia dos","inLanguage":"pt-BR","isPartOf":{"@id":"https:\/\/serrafm879.com.br\/serrafm\/#website"},"breadcrumb":{"@id":"https:\/\/serrafm879.com.br\/serrafm\/2025\/02\/oab-pe-promove-o-i-seminario-de-atualizacao-trabalhista\/#breadcrumblist"},"author":{"@id":"https:\/\/serrafm879.com.br\/serrafm\/author\/serrafm87\/#author"},"creator":{"@id":"https:\/\/serrafm879.com.br\/serrafm\/author\/serrafm87\/#author"},"image":{"@type":"ImageObject","url":"https:\/\/serrafm879.com.br\/serrafm\/wp-content\/uploads\/2025\/02\/I-Seminario-de-Atualizacao-Trabalhista-da-OAB-PE-Foto-Sandokan-Xavier-OAB-PE-1536x1152-1.jpeg","@id":"https:\/\/serrafm879.com.br\/serrafm\/2025\/02\/oab-pe-promove-o-i-seminario-de-atualizacao-trabalhista\/#mainImage","width":1536,"height":1152},"primaryImageOfPage":{"@id":"https:\/\/serrafm879.com.br\/serrafm\/2025\/02\/oab-pe-promove-o-i-seminario-de-atualizacao-trabalhista\/#mainImage"},"datePublished":"2025-02-16T11:23:11-03:00","dateModified":"2025-02-16T11:23:11-03:00"},{"@type":"WebSite","@id":"https:\/\/serrafm879.com.br\/serrafm\/#website","url":"https:\/\/serrafm879.com.br\/serrafm\/","name":"Serra FM 87,9","description":"O seu novo amor!","inLanguage":"pt-BR","publisher":{"@id":"https:\/\/serrafm879.com.br\/serrafm\/#organization"}}]},"twitter:card":"summary_large_image","twitter:title":"OAB-PE promove o \u201cI Semin\u00e1rio de Atualiza\u00e7\u00e3o Trabalhista - Serra FM 87,9","twitter:description":"A presidente da Ordem dos Advogados do Brasil \u2013 Seccional Pernambuco (OAB-PE), Ingrid Zanella, realizou a abertura do I Semin\u00e1rio de Atualiza\u00e7\u00e3o Trabalhista, sediado no audit\u00f3rio da institui\u00e7\u00e3o, na manh\u00e3 desta sexta-feira (14). Compondo a mesa de honra da solenidade, estavam o secret\u00e1rio-geral da OAB-PE, Max Maciel; o secret\u00e1rio-geral adjunto da Caixa de Assist\u00eancia dos","twitter:image":"https:\/\/serrafm879.com.br\/serrafm\/wp-content\/uploads\/2025\/02\/I-Seminario-de-Atualizacao-Trabalhista-da-OAB-PE-Foto-Sandokan-Xavier-OAB-PE-1536x1152-1.jpeg"},"aioseo_meta_data":{"post_id":"20741","title":null,"description":null,"keywords":null,"keyphrases":null,"primary_term":null,"canonical_url":null,"og_title":null,"og_description":null,"og_object_type":"default","og_image_type":"default","og_image_custom_url":null,"og_image_custom_fields":null,"og_image_url":null,"og_image_width":null,"og_image_height":null,"og_video":null,"og_custom_url":null,"og_article_section":null,"og_article_tags":null,"twitter_use_og":false,"twitter_card":"default","twitter_image_type":"default","twitter_image_custom_url":null,"twitter_image_custom_fields":null,"twitter_image_url":null,"twitter_title":null,"twitter_description":null,"schema_type":"default","schema_type_options":null,"schema":{"blockGraphs":[],"customGraphs":[],"default":{"data":{"Article":[],"Course":[],"Dataset":[],"FAQPage":[],"Movie":[],"Person":[],"Product":[],"ProductReview":[],"Car":[],"Recipe":[],"Service":[],"SoftwareApplication":[],"WebPage":[]},"graphName":"","isEnabled":true},"graphs":[]},"pillar_content":false,"robots_default":true,"robots_noindex":false,"robots_noarchive":false,"robots_nosnippet":false,"robots_nofollow":false,"robots_noimageindex":false,"robots_noodp":false,"robots_notranslate":false,"robots_max_snippet":null,"robots_max_videopreview":null,"robots_max_imagepreview":"large","priority":null,"frequency":null,"local_seo":null,"limit_modified_date":false,"ai":null,"breadcrumb_settings":null,"seo_analyzer_scan_date":null,"created":"2026-07-21 13:46:47","updated":"2026-07-21 13:46:47"},"aioseo_breadcrumb":"<div class=\"aioseo-breadcrumbs\"><span class=\"aioseo-breadcrumb\">\n\t\t\t<a href=\"https:\/\/serrafm879.com.br\/serrafm\" title=\"Home\">Home<\/a>\n\t\t<\/span><span class=\"aioseo-breadcrumb-separator\">&raquo;<\/span><span class=\"aioseo-breadcrumb\">\n\t\t\t<a href=\"https:\/\/serrafm879.com.br\/serrafm\/categoria\/uncategorized\/\" title=\"Uncategorized\">Uncategorized<\/a>\n\t\t<\/span><span class=\"aioseo-breadcrumb-separator\">&raquo;<\/span><span class=\"aioseo-breadcrumb\">\n\t\t\tOAB-PE promove o \u201cI Semin\u00e1rio de Atualiza\u00e7\u00e3o Trabalhista\n\t\t<\/span><\/div>","aioseo_breadcrumb_json":[{"label":"Home","link":"https:\/\/serrafm879.com.br\/serrafm"},{"label":"Uncategorized","link":"https:\/\/serrafm879.com.br\/serrafm\/categoria\/uncategorized\/"},{"label":"OAB-PE promove o \u201cI Semin\u00e1rio de Atualiza\u00e7\u00e3o Trabalhista","link":"https:\/\/serrafm879.com.br\/serrafm\/2025\/02\/oab-pe-promove-o-i-seminario-de-atualizacao-trabalhista\/"}],"jetpack_publicize_connections":[],"jetpack_featured_media_url":"https:\/\/serrafm879.com.br\/serrafm\/wp-content\/uploads\/2025\/02\/I-Seminario-de-Atualizacao-Trabalhista-da-OAB-PE-Foto-Sandokan-Xavier-OAB-PE-1536x1152-1.jpeg","jetpack_shortlink":"https:\/\/wp.me\/p7HyXg-5ox","jetpack_sharing_enabled":true,"_links":{"self":[{"href":"https:\/\/serrafm879.com.br\/serrafm\/wp-json\/wp\/v2\/posts\/20741","targetHints":{"allow":["GET"]}}],"collection":[{"href":"https:\/\/serrafm879.com.br\/serrafm\/wp-json\/wp\/v2\/posts"}],"about":[{"href":"https:\/\/serrafm879.com.br\/serrafm\/wp-json\/wp\/v2\/types\/post"}],"author":[{"embeddable":true,"href":"https:\/\/serrafm879.com.br\/serrafm\/wp-json\/wp\/v2\/users\/2"}],"replies":[{"embeddable":true,"href":"https:\/\/serrafm879.com.br\/serrafm\/wp-json\/wp\/v2\/comments?post=20741"}],"version-history":[{"count":1,"href":"https:\/\/serrafm879.com.br\/serrafm\/wp-json\/wp\/v2\/posts\/20741\/revisions"}],"predecessor-version":[{"id":20743,"href":"https:\/\/serrafm879.com.br\/serrafm\/wp-json\/wp\/v2\/posts\/20741\/revisions\/20743"}],"wp:featuredmedia":[{"embeddable":true,"href":"https:\/\/serrafm879.com.br\/serrafm\/wp-json\/wp\/v2\/media\/20742"}],"wp:attachment":[{"href":"https:\/\/serrafm879.com.br\/serrafm\/wp-json\/wp\/v2\/media?parent=20741"}],"wp:term":[{"taxonomy":"category","embeddable":true,"href":"https:\/\/serrafm879.com.br\/serrafm\/wp-json\/wp\/v2\/categories?post=20741"},{"taxonomy":"post_tag","embeddable":true,"href":"https:\/\/serrafm879.com.br\/serrafm\/wp-json\/wp\/v2\/tags?post=20741"}],"curies":[{"name":"wp","href":"https:\/\/api.w.org\/{rel}","templated":true}]}}