{"id":20763,"date":"2025-02-17T08:12:22","date_gmt":"2025-02-17T11:12:22","guid":{"rendered":"https:\/?p=20763"},"modified":"2025-02-17T08:12:22","modified_gmt":"2025-02-17T11:12:22","slug":"raquel-lyra-cumpre-agenda-com-o-presidente-de-portugal","status":"publish","type":"post","link":"https:\/\/serrafm879.com.br\/serrafm\/2025\/02\/raquel-lyra-cumpre-agenda-com-o-presidente-de-portugal\/","title":{"rendered":"Raquel Lyra cumpre agenda com o presidente de Portugal"},"content":{"rendered":"<p>Na manh\u00e3 desta segunda-feira (17), \u00e0s 9h30, a governadora Raquel Lyra anunciar\u00e1 a\u00e7\u00f5es destinadas \u00e0 Secretaria Estadual de Assist\u00eancia Social, Combate \u00e0 Fome e Pol\u00edticas sobre Drogas (SAS-PE). O an\u00fancio ser\u00e1 feito durante a 230\u00aa reuni\u00e3o ordin\u00e1ria da Comiss\u00e3o Intergestores Bipartite (CIB-PE), da qual participam Estado e munic\u00edpios.<\/p>\n<p>Em seguida, \u00e0s 11h, a gestora recebe o presidente de Portugal, Marcelo Rebelo de Sousa, que estar\u00e1 no Brasil pela primeira vez em 2025. Neste hor\u00e1rio, o chefe de Estado vai conhecer as instala\u00e7\u00f5es do Real Hospital Portugu\u00eas.<\/p>\n<p>\u00c0s 14h30, a governadora acompanha o presidente de Portugal em uma solenidade na Universidade Federal de Pernambuco (UFPE), que conceder\u00e1 a ele o t\u00edtulo de Doutor Honoris Causa em fun\u00e7\u00e3o de sua ampla experi\u00eancia e relevante produ\u00e7\u00e3o cient\u00edfica na \u00e1rea do Direito.<\/p>\n<p>Ainda nesta segunda, \u00e0s 17h, Raquel Lyra anunciar\u00e1, junto \u00e0 Azul Linhas A\u00e9reas, uma nova opera\u00e7\u00e3o direta entre o Aeroporto Internacional dos Guararapes, no Recife, com a capital da Espanha, Madrid, considerada o cora\u00e7\u00e3o e centro cultural, pol\u00edtico e hist\u00f3rico do pa\u00eds europeu.<\/p>\n<p>AGENDA DA GOVERNADORA RAQUEL LYRA | Segunda-feira 17 de fevereiro de 2025<\/p>\n<p>9h30 \u2013 Participa da 230\u00aa reuni\u00e3o ordin\u00e1ria da Comiss\u00e3o Intergestores Bipartite (CIB-PE)<\/p>\n<p>Local: Hotel Jangadeiro (Av. Boa Viagem, 3114, Boa Viagem, Recife-PE)<\/p>\n<p>11h \u2013 Visita o Real Hospital Portugu\u00eas com o presidente de Portugal<\/p>\n<p>Local: Av. Gov. Agamenon Magalh\u00e3es, 4760, Paissandu, Recife-PE)<\/p>\n<p>14h30- Cerim\u00f4nia de entrega de t\u00edtulo de Doutor Honoris Causa ao presidente de Portugal<\/p>\n<p>Local: Sal\u00e3o Nobre da Faculdade de Direito do Recife (Pra\u00e7a Adolfo Cirne, S \/ N \u2013 Boa Vista, Recife-PE)<\/p>\n<p>17h \u2013 An\u00fancio do voo para Madrid com a Azul<\/p>\n<p>Local: Pal\u00e1cio do Campo das Princesas (Pra\u00e7a da Rep\u00fablica, S\/N \u2013 Santo Ant\u00f4nio, Recife-PE)<\/p>\n","protected":false},"excerpt":{"rendered":"<p>Na manh\u00e3 desta segunda-feira (17), \u00e0s 9h30, a governadora Raquel Lyra anunciar\u00e1 a\u00e7\u00f5es destinadas \u00e0 Secretaria Estadual de Assist\u00eancia Social, Combate \u00e0 Fome e Pol\u00edticas sobre Drogas (SAS-PE). O an\u00fancio ser\u00e1 feito durante a 230\u00aa reuni\u00e3o ordin\u00e1ria da Comiss\u00e3o Intergestores Bipartite (CIB-PE), da qual participam Estado e munic\u00edpios. Em seguida, \u00e0s 11h, a gestora recebe o presidente de Portugal, Marcelo Rebelo de Sousa, que estar\u00e1 no Brasil pela primeira vez em 2025. Neste hor\u00e1rio, o chefe de Estado vai conhecer as instala\u00e7\u00f5es do Real Hospital Portugu\u00eas. \u00c0s 14h30, a governadora acompanha o presidente de Portugal em uma solenidade na Universidade [&hellip;]<\/p>\n","protected":false},"author":2,"featured_media":15909,"comment_status":"open","ping_status":"open","sticky":false,"template":"","format":"standard","meta":{"_jetpack_newsletter_access":"","_jetpack_dont_email_post_to_subs":false,"_jetpack_newsletter_tier_id":0,"_jetpack_memberships_contains_paywalled_content":false,"_jetpack_feature_clip_id":0,"_jetpack_memberships_contains_paid_content":false,"footnotes":"","jetpack_publicize_message":"","jetpack_publicize_feature_enabled":true,"jetpack_social_post_already_shared":true,"jetpack_social_options":{"image_generator_settings":{"template":"highway","default_image_id":0,"font":"","enabled":false},"version":2},"jetpack_post_was_ever_published":false},"categories":[1],"tags":[],"class_list":["post-20763","post","type-post","status-publish","format-standard","has-post-thumbnail","hentry","category-uncategorized"],"aioseo_notices":[],"aioseo_head":"\n\t\t<!-- All in One SEO 4.9.10 - aioseo.com -->\n\t<meta name=\"description\" content=\"Na manh\u00e3 desta segunda-feira (17), \u00e0s 9h30, a governadora Raquel Lyra anunciar\u00e1 a\u00e7\u00f5es destinadas \u00e0 Secretaria Estadual de Assist\u00eancia Social, Combate \u00e0 Fome e Pol\u00edticas sobre Drogas (SAS-PE). O an\u00fancio ser\u00e1 feito durante a 230\u00aa reuni\u00e3o ordin\u00e1ria da Comiss\u00e3o Intergestores Bipartite (CIB-PE), da qual participam Estado e munic\u00edpios. Em seguida, \u00e0s 11h, a gestora recebe\" \/>\n\t<meta name=\"robots\" content=\"max-image-preview:large\" \/>\n\t<meta name=\"author\" content=\"serrafm87\"\/>\n\t<link rel=\"canonical\" href=\"https:\/\/serrafm879.com.br\/serrafm\/2025\/02\/raquel-lyra-cumpre-agenda-com-o-presidente-de-portugal\/\" \/>\n\t<meta name=\"generator\" content=\"All in One SEO (AIOSEO) 4.9.10\" \/>\n\t\t<meta name=\"twitter:card\" content=\"summary_large_image\" \/>\n\t\t<meta name=\"twitter:title\" content=\"Raquel Lyra cumpre agenda com o presidente de Portugal - Serra FM 87,9\" \/>\n\t\t<meta name=\"twitter:description\" content=\"Na manh\u00e3 desta segunda-feira (17), \u00e0s 9h30, a governadora Raquel Lyra anunciar\u00e1 a\u00e7\u00f5es destinadas \u00e0 Secretaria Estadual de Assist\u00eancia Social, Combate \u00e0 Fome e Pol\u00edticas sobre Drogas (SAS-PE). O an\u00fancio ser\u00e1 feito durante a 230\u00aa reuni\u00e3o ordin\u00e1ria da Comiss\u00e3o Intergestores Bipartite (CIB-PE), da qual participam Estado e munic\u00edpios. Em seguida, \u00e0s 11h, a gestora recebe\" \/>\n\t\t<meta name=\"twitter:image\" content=\"https:\/\/serrafm879.com.br\/serrafm\/wp-content\/uploads\/2024\/04\/1_raquel_lyra_juntos_seguranca_sistema_penitenciario__1_-26482064.jpeg\" \/>\n\t\t<script type=\"application\/ld+json\" class=\"aioseo-schema\">\n\t\t\t{\"@context\":\"https:\\\/\\\/schema.org\",\"@graph\":[{\"@type\":\"BlogPosting\",\"@id\":\"https:\\\/\\\/serrafm879.com.br\\\/serrafm\\\/2025\\\/02\\\/raquel-lyra-cumpre-agenda-com-o-presidente-de-portugal\\\/#blogposting\",\"name\":\"Raquel Lyra cumpre agenda com o presidente de Portugal - Serra FM 87,9\",\"headline\":\"Raquel Lyra cumpre agenda com o presidente de Portugal\",\"author\":{\"@id\":\"https:\\\/\\\/serrafm879.com.br\\\/serrafm\\\/author\\\/serrafm87\\\/#author\"},\"publisher\":{\"@id\":\"https:\\\/\\\/serrafm879.com.br\\\/serrafm\\\/#organization\"},\"image\":{\"@type\":\"ImageObject\",\"url\":\"https:\\\/\\\/serrafm879.com.br\\\/serrafm\\\/wp-content\\\/uploads\\\/2024\\\/04\\\/1_raquel_lyra_juntos_seguranca_sistema_penitenciario__1_-26482064.jpeg\",\"width\":806,\"height\":443},\"datePublished\":\"2025-02-17T08:12:22-03:00\",\"dateModified\":\"2025-02-17T08:12:22-03:00\",\"inLanguage\":\"pt-BR\",\"mainEntityOfPage\":{\"@id\":\"https:\\\/\\\/serrafm879.com.br\\\/serrafm\\\/2025\\\/02\\\/raquel-lyra-cumpre-agenda-com-o-presidente-de-portugal\\\/#webpage\"},\"isPartOf\":{\"@id\":\"https:\\\/\\\/serrafm879.com.br\\\/serrafm\\\/2025\\\/02\\\/raquel-lyra-cumpre-agenda-com-o-presidente-de-portugal\\\/#webpage\"},\"articleSection\":\"Uncategorized\"},{\"@type\":\"BreadcrumbList\",\"@id\":\"https:\\\/\\\/serrafm879.com.br\\\/serrafm\\\/2025\\\/02\\\/raquel-lyra-cumpre-agenda-com-o-presidente-de-portugal\\\/#breadcrumblist\",\"itemListElement\":[{\"@type\":\"ListItem\",\"@id\":\"https:\\\/\\\/serrafm879.com.br\\\/serrafm#listItem\",\"position\":1,\"name\":\"Home\",\"item\":\"https:\\\/\\\/serrafm879.com.br\\\/serrafm\",\"nextItem\":{\"@type\":\"ListItem\",\"@id\":\"https:\\\/\\\/serrafm879.com.br\\\/serrafm\\\/categoria\\\/uncategorized\\\/#listItem\",\"name\":\"Uncategorized\"}},{\"@type\":\"ListItem\",\"@id\":\"https:\\\/\\\/serrafm879.com.br\\\/serrafm\\\/categoria\\\/uncategorized\\\/#listItem\",\"position\":2,\"name\":\"Uncategorized\",\"item\":\"https:\\\/\\\/serrafm879.com.br\\\/serrafm\\\/categoria\\\/uncategorized\\\/\",\"nextItem\":{\"@type\":\"ListItem\",\"@id\":\"https:\\\/\\\/serrafm879.com.br\\\/serrafm\\\/2025\\\/02\\\/raquel-lyra-cumpre-agenda-com-o-presidente-de-portugal\\\/#listItem\",\"name\":\"Raquel Lyra cumpre agenda com o presidente de Portugal\"},\"previousItem\":{\"@type\":\"ListItem\",\"@id\":\"https:\\\/\\\/serrafm879.com.br\\\/serrafm#listItem\",\"name\":\"Home\"}},{\"@type\":\"ListItem\",\"@id\":\"https:\\\/\\\/serrafm879.com.br\\\/serrafm\\\/2025\\\/02\\\/raquel-lyra-cumpre-agenda-com-o-presidente-de-portugal\\\/#listItem\",\"position\":3,\"name\":\"Raquel Lyra cumpre agenda com o presidente de Portugal\",\"previousItem\":{\"@type\":\"ListItem\",\"@id\":\"https:\\\/\\\/serrafm879.com.br\\\/serrafm\\\/categoria\\\/uncategorized\\\/#listItem\",\"name\":\"Uncategorized\"}}]},{\"@type\":\"Organization\",\"@id\":\"https:\\\/\\\/serrafm879.com.br\\\/serrafm\\\/#organization\",\"name\":\"Serra FM 87,9\",\"description\":\"O seu novo amor!\",\"url\":\"https:\\\/\\\/serrafm879.com.br\\\/serrafm\\\/\"},{\"@type\":\"Person\",\"@id\":\"https:\\\/\\\/serrafm879.com.br\\\/serrafm\\\/author\\\/serrafm87\\\/#author\",\"url\":\"https:\\\/\\\/serrafm879.com.br\\\/serrafm\\\/author\\\/serrafm87\\\/\",\"name\":\"serrafm87\",\"image\":{\"@type\":\"ImageObject\",\"@id\":\"https:\\\/\\\/serrafm879.com.br\\\/serrafm\\\/2025\\\/02\\\/raquel-lyra-cumpre-agenda-com-o-presidente-de-portugal\\\/#authorImage\",\"url\":\"https:\\\/\\\/secure.gravatar.com\\\/avatar\\\/a743233f1112d34f48bb3dc9559b76eb930bab8b27175856cba6362608736235?s=96&d=mm&r=g\",\"width\":96,\"height\":96,\"caption\":\"serrafm87\"}},{\"@type\":\"WebPage\",\"@id\":\"https:\\\/\\\/serrafm879.com.br\\\/serrafm\\\/2025\\\/02\\\/raquel-lyra-cumpre-agenda-com-o-presidente-de-portugal\\\/#webpage\",\"url\":\"https:\\\/\\\/serrafm879.com.br\\\/serrafm\\\/2025\\\/02\\\/raquel-lyra-cumpre-agenda-com-o-presidente-de-portugal\\\/\",\"name\":\"Raquel Lyra cumpre agenda com o presidente de Portugal - Serra FM 87,9\",\"description\":\"Na manh\\u00e3 desta segunda-feira (17), \\u00e0s 9h30, a governadora Raquel Lyra anunciar\\u00e1 a\\u00e7\\u00f5es destinadas \\u00e0 Secretaria Estadual de Assist\\u00eancia Social, Combate \\u00e0 Fome e Pol\\u00edticas sobre Drogas (SAS-PE). O an\\u00fancio ser\\u00e1 feito durante a 230\\u00aa reuni\\u00e3o ordin\\u00e1ria da Comiss\\u00e3o Intergestores Bipartite (CIB-PE), da qual participam Estado e munic\\u00edpios. Em seguida, \\u00e0s 11h, a gestora recebe\",\"inLanguage\":\"pt-BR\",\"isPartOf\":{\"@id\":\"https:\\\/\\\/serrafm879.com.br\\\/serrafm\\\/#website\"},\"breadcrumb\":{\"@id\":\"https:\\\/\\\/serrafm879.com.br\\\/serrafm\\\/2025\\\/02\\\/raquel-lyra-cumpre-agenda-com-o-presidente-de-portugal\\\/#breadcrumblist\"},\"author\":{\"@id\":\"https:\\\/\\\/serrafm879.com.br\\\/serrafm\\\/author\\\/serrafm87\\\/#author\"},\"creator\":{\"@id\":\"https:\\\/\\\/serrafm879.com.br\\\/serrafm\\\/author\\\/serrafm87\\\/#author\"},\"image\":{\"@type\":\"ImageObject\",\"url\":\"https:\\\/\\\/serrafm879.com.br\\\/serrafm\\\/wp-content\\\/uploads\\\/2024\\\/04\\\/1_raquel_lyra_juntos_seguranca_sistema_penitenciario__1_-26482064.jpeg\",\"@id\":\"https:\\\/\\\/serrafm879.com.br\\\/serrafm\\\/2025\\\/02\\\/raquel-lyra-cumpre-agenda-com-o-presidente-de-portugal\\\/#mainImage\",\"width\":806,\"height\":443},\"primaryImageOfPage\":{\"@id\":\"https:\\\/\\\/serrafm879.com.br\\\/serrafm\\\/2025\\\/02\\\/raquel-lyra-cumpre-agenda-com-o-presidente-de-portugal\\\/#mainImage\"},\"datePublished\":\"2025-02-17T08:12:22-03:00\",\"dateModified\":\"2025-02-17T08:12:22-03:00\"},{\"@type\":\"WebSite\",\"@id\":\"https:\\\/\\\/serrafm879.com.br\\\/serrafm\\\/#website\",\"url\":\"https:\\\/\\\/serrafm879.com.br\\\/serrafm\\\/\",\"name\":\"Serra FM 87,9\",\"description\":\"O seu novo amor!\",\"inLanguage\":\"pt-BR\",\"publisher\":{\"@id\":\"https:\\\/\\\/serrafm879.com.br\\\/serrafm\\\/#organization\"}}]}\n\t\t<\/script>\n\t\t<!-- All in One SEO -->\n\n","aioseo_head_json":{"title":"Raquel Lyra cumpre agenda com o presidente de Portugal - Serra FM 87,9","description":"Na manh\u00e3 desta segunda-feira (17), \u00e0s 9h30, a governadora Raquel Lyra anunciar\u00e1 a\u00e7\u00f5es destinadas \u00e0 Secretaria Estadual de Assist\u00eancia Social, Combate \u00e0 Fome e Pol\u00edticas sobre Drogas (SAS-PE). O an\u00fancio ser\u00e1 feito durante a 230\u00aa reuni\u00e3o ordin\u00e1ria da Comiss\u00e3o Intergestores Bipartite (CIB-PE), da qual participam Estado e munic\u00edpios. Em seguida, \u00e0s 11h, a gestora recebe","canonical_url":"https:\/\/serrafm879.com.br\/serrafm\/2025\/02\/raquel-lyra-cumpre-agenda-com-o-presidente-de-portugal\/","robots":"max-image-preview:large","keywords":"","webmasterTools":{"miscellaneous":""},"schema":{"@context":"https:\/\/schema.org","@graph":[{"@type":"BlogPosting","@id":"https:\/\/serrafm879.com.br\/serrafm\/2025\/02\/raquel-lyra-cumpre-agenda-com-o-presidente-de-portugal\/#blogposting","name":"Raquel Lyra cumpre agenda com o presidente de Portugal - Serra FM 87,9","headline":"Raquel Lyra cumpre agenda com o presidente de Portugal","author":{"@id":"https:\/\/serrafm879.com.br\/serrafm\/author\/serrafm87\/#author"},"publisher":{"@id":"https:\/\/serrafm879.com.br\/serrafm\/#organization"},"image":{"@type":"ImageObject","url":"https:\/\/serrafm879.com.br\/serrafm\/wp-content\/uploads\/2024\/04\/1_raquel_lyra_juntos_seguranca_sistema_penitenciario__1_-26482064.jpeg","width":806,"height":443},"datePublished":"2025-02-17T08:12:22-03:00","dateModified":"2025-02-17T08:12:22-03:00","inLanguage":"pt-BR","mainEntityOfPage":{"@id":"https:\/\/serrafm879.com.br\/serrafm\/2025\/02\/raquel-lyra-cumpre-agenda-com-o-presidente-de-portugal\/#webpage"},"isPartOf":{"@id":"https:\/\/serrafm879.com.br\/serrafm\/2025\/02\/raquel-lyra-cumpre-agenda-com-o-presidente-de-portugal\/#webpage"},"articleSection":"Uncategorized"},{"@type":"BreadcrumbList","@id":"https:\/\/serrafm879.com.br\/serrafm\/2025\/02\/raquel-lyra-cumpre-agenda-com-o-presidente-de-portugal\/#breadcrumblist","itemListElement":[{"@type":"ListItem","@id":"https:\/\/serrafm879.com.br\/serrafm#listItem","position":1,"name":"Home","item":"https:\/\/serrafm879.com.br\/serrafm","nextItem":{"@type":"ListItem","@id":"https:\/\/serrafm879.com.br\/serrafm\/categoria\/uncategorized\/#listItem","name":"Uncategorized"}},{"@type":"ListItem","@id":"https:\/\/serrafm879.com.br\/serrafm\/categoria\/uncategorized\/#listItem","position":2,"name":"Uncategorized","item":"https:\/\/serrafm879.com.br\/serrafm\/categoria\/uncategorized\/","nextItem":{"@type":"ListItem","@id":"https:\/\/serrafm879.com.br\/serrafm\/2025\/02\/raquel-lyra-cumpre-agenda-com-o-presidente-de-portugal\/#listItem","name":"Raquel Lyra cumpre agenda com o presidente de Portugal"},"previousItem":{"@type":"ListItem","@id":"https:\/\/serrafm879.com.br\/serrafm#listItem","name":"Home"}},{"@type":"ListItem","@id":"https:\/\/serrafm879.com.br\/serrafm\/2025\/02\/raquel-lyra-cumpre-agenda-com-o-presidente-de-portugal\/#listItem","position":3,"name":"Raquel Lyra cumpre agenda com o presidente de Portugal","previousItem":{"@type":"ListItem","@id":"https:\/\/serrafm879.com.br\/serrafm\/categoria\/uncategorized\/#listItem","name":"Uncategorized"}}]},{"@type":"Organization","@id":"https:\/\/serrafm879.com.br\/serrafm\/#organization","name":"Serra FM 87,9","description":"O seu novo amor!","url":"https:\/\/serrafm879.com.br\/serrafm\/"},{"@type":"Person","@id":"https:\/\/serrafm879.com.br\/serrafm\/author\/serrafm87\/#author","url":"https:\/\/serrafm879.com.br\/serrafm\/author\/serrafm87\/","name":"serrafm87","image":{"@type":"ImageObject","@id":"https:\/\/serrafm879.com.br\/serrafm\/2025\/02\/raquel-lyra-cumpre-agenda-com-o-presidente-de-portugal\/#authorImage","url":"https:\/\/secure.gravatar.com\/avatar\/a743233f1112d34f48bb3dc9559b76eb930bab8b27175856cba6362608736235?s=96&d=mm&r=g","width":96,"height":96,"caption":"serrafm87"}},{"@type":"WebPage","@id":"https:\/\/serrafm879.com.br\/serrafm\/2025\/02\/raquel-lyra-cumpre-agenda-com-o-presidente-de-portugal\/#webpage","url":"https:\/\/serrafm879.com.br\/serrafm\/2025\/02\/raquel-lyra-cumpre-agenda-com-o-presidente-de-portugal\/","name":"Raquel Lyra cumpre agenda com o presidente de Portugal - Serra FM 87,9","description":"Na manh\u00e3 desta segunda-feira (17), \u00e0s 9h30, a governadora Raquel Lyra anunciar\u00e1 a\u00e7\u00f5es destinadas \u00e0 Secretaria Estadual de Assist\u00eancia Social, Combate \u00e0 Fome e Pol\u00edticas sobre Drogas (SAS-PE). O an\u00fancio ser\u00e1 feito durante a 230\u00aa reuni\u00e3o ordin\u00e1ria da Comiss\u00e3o Intergestores Bipartite (CIB-PE), da qual participam Estado e munic\u00edpios. Em seguida, \u00e0s 11h, a gestora recebe","inLanguage":"pt-BR","isPartOf":{"@id":"https:\/\/serrafm879.com.br\/serrafm\/#website"},"breadcrumb":{"@id":"https:\/\/serrafm879.com.br\/serrafm\/2025\/02\/raquel-lyra-cumpre-agenda-com-o-presidente-de-portugal\/#breadcrumblist"},"author":{"@id":"https:\/\/serrafm879.com.br\/serrafm\/author\/serrafm87\/#author"},"creator":{"@id":"https:\/\/serrafm879.com.br\/serrafm\/author\/serrafm87\/#author"},"image":{"@type":"ImageObject","url":"https:\/\/serrafm879.com.br\/serrafm\/wp-content\/uploads\/2024\/04\/1_raquel_lyra_juntos_seguranca_sistema_penitenciario__1_-26482064.jpeg","@id":"https:\/\/serrafm879.com.br\/serrafm\/2025\/02\/raquel-lyra-cumpre-agenda-com-o-presidente-de-portugal\/#mainImage","width":806,"height":443},"primaryImageOfPage":{"@id":"https:\/\/serrafm879.com.br\/serrafm\/2025\/02\/raquel-lyra-cumpre-agenda-com-o-presidente-de-portugal\/#mainImage"},"datePublished":"2025-02-17T08:12:22-03:00","dateModified":"2025-02-17T08:12:22-03:00"},{"@type":"WebSite","@id":"https:\/\/serrafm879.com.br\/serrafm\/#website","url":"https:\/\/serrafm879.com.br\/serrafm\/","name":"Serra FM 87,9","description":"O seu novo amor!","inLanguage":"pt-BR","publisher":{"@id":"https:\/\/serrafm879.com.br\/serrafm\/#organization"}}]},"twitter:card":"summary_large_image","twitter:title":"Raquel Lyra cumpre agenda com o presidente de Portugal - Serra FM 87,9","twitter:description":"Na manh\u00e3 desta segunda-feira (17), \u00e0s 9h30, a governadora Raquel Lyra anunciar\u00e1 a\u00e7\u00f5es destinadas \u00e0 Secretaria Estadual de Assist\u00eancia Social, Combate \u00e0 Fome e Pol\u00edticas sobre Drogas (SAS-PE). O an\u00fancio ser\u00e1 feito durante a 230\u00aa reuni\u00e3o ordin\u00e1ria da Comiss\u00e3o Intergestores Bipartite (CIB-PE), da qual participam Estado e munic\u00edpios. Em seguida, \u00e0s 11h, a gestora recebe","twitter:image":"https:\/\/serrafm879.com.br\/serrafm\/wp-content\/uploads\/2024\/04\/1_raquel_lyra_juntos_seguranca_sistema_penitenciario__1_-26482064.jpeg"},"aioseo_meta_data":{"post_id":"20763","title":null,"description":null,"keywords":null,"keyphrases":null,"primary_term":null,"canonical_url":null,"og_title":null,"og_description":null,"og_object_type":"default","og_image_type":"default","og_image_custom_url":null,"og_image_custom_fields":null,"og_image_url":null,"og_image_width":null,"og_image_height":null,"og_video":null,"og_custom_url":null,"og_article_section":null,"og_article_tags":null,"twitter_use_og":false,"twitter_card":"default","twitter_image_type":"default","twitter_image_custom_url":null,"twitter_image_custom_fields":null,"twitter_image_url":null,"twitter_title":null,"twitter_description":null,"schema_type":"default","schema_type_options":null,"schema":{"blockGraphs":[],"customGraphs":[],"default":{"data":{"Article":[],"Course":[],"Dataset":[],"FAQPage":[],"Movie":[],"Person":[],"Product":[],"ProductReview":[],"Car":[],"Recipe":[],"Service":[],"SoftwareApplication":[],"WebPage":[]},"graphName":"","isEnabled":true},"graphs":[]},"pillar_content":false,"robots_default":true,"robots_noindex":false,"robots_noarchive":false,"robots_nosnippet":false,"robots_nofollow":false,"robots_noimageindex":false,"robots_noodp":false,"robots_notranslate":false,"robots_max_snippet":null,"robots_max_videopreview":null,"robots_max_imagepreview":"large","priority":null,"frequency":null,"local_seo":null,"limit_modified_date":false,"ai":null,"breadcrumb_settings":null,"seo_analyzer_scan_date":null,"created":"2026-07-21 13:50:27","updated":"2026-07-21 13:50:27"},"aioseo_breadcrumb":"<div class=\"aioseo-breadcrumbs\"><span class=\"aioseo-breadcrumb\">\n\t\t\t<a href=\"https:\/\/serrafm879.com.br\/serrafm\" title=\"Home\">Home<\/a>\n\t\t<\/span><span class=\"aioseo-breadcrumb-separator\">&raquo;<\/span><span class=\"aioseo-breadcrumb\">\n\t\t\t<a href=\"https:\/\/serrafm879.com.br\/serrafm\/categoria\/uncategorized\/\" title=\"Uncategorized\">Uncategorized<\/a>\n\t\t<\/span><span class=\"aioseo-breadcrumb-separator\">&raquo;<\/span><span class=\"aioseo-breadcrumb\">\n\t\t\tRaquel Lyra cumpre agenda com o presidente de Portugal\n\t\t<\/span><\/div>","aioseo_breadcrumb_json":[{"label":"Home","link":"https:\/\/serrafm879.com.br\/serrafm"},{"label":"Uncategorized","link":"https:\/\/serrafm879.com.br\/serrafm\/categoria\/uncategorized\/"},{"label":"Raquel Lyra cumpre agenda com o presidente de Portugal","link":"https:\/\/serrafm879.com.br\/serrafm\/2025\/02\/raquel-lyra-cumpre-agenda-com-o-presidente-de-portugal\/"}],"jetpack_publicize_connections":[],"jetpack_featured_media_url":"https:\/\/serrafm879.com.br\/serrafm\/wp-content\/uploads\/2024\/04\/1_raquel_lyra_juntos_seguranca_sistema_penitenciario__1_-26482064.jpeg","jetpack_shortlink":"https:\/\/wp.me\/p7HyXg-5oT","jetpack_sharing_enabled":true,"_links":{"self":[{"href":"https:\/\/serrafm879.com.br\/serrafm\/wp-json\/wp\/v2\/posts\/20763","targetHints":{"allow":["GET"]}}],"collection":[{"href":"https:\/\/serrafm879.com.br\/serrafm\/wp-json\/wp\/v2\/posts"}],"about":[{"href":"https:\/\/serrafm879.com.br\/serrafm\/wp-json\/wp\/v2\/types\/post"}],"author":[{"embeddable":true,"href":"https:\/\/serrafm879.com.br\/serrafm\/wp-json\/wp\/v2\/users\/2"}],"replies":[{"embeddable":true,"href":"https:\/\/serrafm879.com.br\/serrafm\/wp-json\/wp\/v2\/comments?post=20763"}],"version-history":[{"count":1,"href":"https:\/\/serrafm879.com.br\/serrafm\/wp-json\/wp\/v2\/posts\/20763\/revisions"}],"predecessor-version":[{"id":20764,"href":"https:\/\/serrafm879.com.br\/serrafm\/wp-json\/wp\/v2\/posts\/20763\/revisions\/20764"}],"wp:featuredmedia":[{"embeddable":true,"href":"https:\/\/serrafm879.com.br\/serrafm\/wp-json\/wp\/v2\/media\/15909"}],"wp:attachment":[{"href":"https:\/\/serrafm879.com.br\/serrafm\/wp-json\/wp\/v2\/media?parent=20763"}],"wp:term":[{"taxonomy":"category","embeddable":true,"href":"https:\/\/serrafm879.com.br\/serrafm\/wp-json\/wp\/v2\/categories?post=20763"},{"taxonomy":"post_tag","embeddable":true,"href":"https:\/\/serrafm879.com.br\/serrafm\/wp-json\/wp\/v2\/tags?post=20763"}],"curies":[{"name":"wp","href":"https:\/\/api.w.org\/{rel}","templated":true}]}}