{"id":20765,"date":"2025-02-17T08:14:29","date_gmt":"2025-02-17T11:14:29","guid":{"rendered":"https:\/?p=20765"},"modified":"2025-02-17T08:15:52","modified_gmt":"2025-02-17T11:15:52","slug":"20765","status":"publish","type":"post","link":"https:\/\/serrafm879.com.br\/serrafm\/2025\/02\/20765\/","title":{"rendered":"Jovem morto em Serra Talhada tinha crime de morte na ficha policial"},"content":{"rendered":"<p>O jovem\u00a0<strong>Jos\u00e9 Matheus Nunes Tavares,\u00a0<\/strong>23 anos, que foi morto com v\u00e1rios disparos de arma de fogo no bairro Mutir\u00e3o, em Serra Talhada, no \u00faltimo s\u00e1bado (15), j\u00e1 tinha passagens pela pol\u00edcia, inclusive, era investigado por homic\u00eddio. \u00c9 o que garante uma fonte da pol\u00edcia, em conversa com o site Farol de Not\u00edcias.<\/p>\n<p>\u201cEle era envolvido em muita coisa grave. Ele j\u00e1 foi pego em Petrolina, em flagrante, por ter praticado um homic\u00eddio l\u00e1. Ele e um amigo que j\u00e1 morreu durante um assalto a banco no Piau\u00ed. Tamb\u00e9m j\u00e1 foi pego com umas muni\u00e7\u00f5es no bolso, aqui em Serra Talhada, h\u00e1 pouco tempo\u201d, disse a fonte.<\/p>\n<p>Informa\u00e7\u00f5es extra-oficiais apontam que o jovem era usu\u00e1rio de drogas e praticava pequenos furtos.<\/p>\n","protected":false},"excerpt":{"rendered":"<p>O jovem\u00a0Jos\u00e9 Matheus Nunes Tavares,\u00a023 anos, que foi morto com v\u00e1rios disparos de arma de fogo no bairro Mutir\u00e3o, em Serra Talhada, no \u00faltimo s\u00e1bado (15), j\u00e1 tinha passagens pela pol\u00edcia, inclusive, era investigado por homic\u00eddio. \u00c9 o que garante uma fonte da pol\u00edcia, em conversa com o site Farol de Not\u00edcias. \u201cEle era envolvido em muita coisa grave. Ele j\u00e1 foi pego em Petrolina, em flagrante, por ter praticado um homic\u00eddio l\u00e1. Ele e um amigo que j\u00e1 morreu durante um assalto a banco no Piau\u00ed. Tamb\u00e9m j\u00e1 foi pego com umas muni\u00e7\u00f5es no bolso, aqui em Serra Talhada, [&hellip;]<\/p>\n","protected":false},"author":2,"featured_media":20737,"comment_status":"open","ping_status":"open","sticky":false,"template":"","format":"standard","meta":{"_jetpack_newsletter_access":"","_jetpack_dont_email_post_to_subs":false,"_jetpack_newsletter_tier_id":0,"_jetpack_memberships_contains_paywalled_content":false,"_jetpack_feature_clip_id":0,"_jetpack_memberships_contains_paid_content":false,"footnotes":"","jetpack_publicize_message":"","jetpack_publicize_feature_enabled":true,"jetpack_social_post_already_shared":true,"jetpack_social_options":{"image_generator_settings":{"template":"highway","default_image_id":0,"font":"","enabled":false},"version":2},"jetpack_post_was_ever_published":false},"categories":[1],"tags":[],"class_list":["post-20765","post","type-post","status-publish","format-standard","has-post-thumbnail","hentry","category-uncategorized"],"aioseo_notices":[],"aioseo_head":"\n\t\t<!-- All in One SEO 4.9.10 - aioseo.com -->\n\t<meta name=\"description\" content=\"O jovem Jos\u00e9 Matheus Nunes Tavares, 23 anos, que foi morto com v\u00e1rios disparos de arma de fogo no bairro Mutir\u00e3o, em Serra Talhada, no \u00faltimo s\u00e1bado (15), j\u00e1 tinha passagens pela pol\u00edcia, inclusive, era investigado por homic\u00eddio. \u00c9 o que garante uma fonte da pol\u00edcia, em conversa com o site Farol de Not\u00edcias. \u201cEle era envolvido\" \/>\n\t<meta name=\"robots\" content=\"max-image-preview:large\" \/>\n\t<meta name=\"author\" content=\"serrafm87\"\/>\n\t<link rel=\"canonical\" href=\"https:\/\/serrafm879.com.br\/serrafm\/2025\/02\/20765\/\" \/>\n\t<meta name=\"generator\" content=\"All in One SEO (AIOSEO) 4.9.10\" \/>\n\t\t<meta name=\"twitter:card\" content=\"summary_large_image\" \/>\n\t\t<meta name=\"twitter:title\" content=\"Jovem morto em Serra Talhada tinha crime de morte na ficha policial - Serra FM 87,9\" \/>\n\t\t<meta name=\"twitter:description\" content=\"O jovem Jos\u00e9 Matheus Nunes Tavares, 23 anos, que foi morto com v\u00e1rios disparos de arma de fogo no bairro Mutir\u00e3o, em Serra Talhada, no \u00faltimo s\u00e1bado (15), j\u00e1 tinha passagens pela pol\u00edcia, inclusive, era investigado por homic\u00eddio. \u00c9 o que garante uma fonte da pol\u00edcia, em conversa com o site Farol de Not\u00edcias. \u201cEle era envolvido\" \/>\n\t\t<meta name=\"twitter:image\" content=\"https:\/\/serrafm879.com.br\/serrafm\/wp-content\/uploads\/2025\/02\/transferir-5.jpg\" \/>\n\t\t<script type=\"application\/ld+json\" class=\"aioseo-schema\">\n\t\t\t{\"@context\":\"https:\\\/\\\/schema.org\",\"@graph\":[{\"@type\":\"BlogPosting\",\"@id\":\"https:\\\/\\\/serrafm879.com.br\\\/serrafm\\\/2025\\\/02\\\/20765\\\/#blogposting\",\"name\":\"Jovem morto em Serra Talhada tinha crime de morte na ficha policial - Serra FM 87,9\",\"headline\":\"Jovem morto em Serra Talhada tinha crime de morte na ficha policial\",\"author\":{\"@id\":\"https:\\\/\\\/serrafm879.com.br\\\/serrafm\\\/author\\\/serrafm87\\\/#author\"},\"publisher\":{\"@id\":\"https:\\\/\\\/serrafm879.com.br\\\/serrafm\\\/#organization\"},\"image\":{\"@type\":\"ImageObject\",\"url\":\"https:\\\/\\\/serrafm879.com.br\\\/serrafm\\\/wp-content\\\/uploads\\\/2025\\\/02\\\/transferir-5.jpg\",\"width\":295,\"height\":171},\"datePublished\":\"2025-02-17T08:14:29-03:00\",\"dateModified\":\"2025-02-17T08:15:52-03:00\",\"inLanguage\":\"pt-BR\",\"mainEntityOfPage\":{\"@id\":\"https:\\\/\\\/serrafm879.com.br\\\/serrafm\\\/2025\\\/02\\\/20765\\\/#webpage\"},\"isPartOf\":{\"@id\":\"https:\\\/\\\/serrafm879.com.br\\\/serrafm\\\/2025\\\/02\\\/20765\\\/#webpage\"},\"articleSection\":\"Uncategorized\"},{\"@type\":\"BreadcrumbList\",\"@id\":\"https:\\\/\\\/serrafm879.com.br\\\/serrafm\\\/2025\\\/02\\\/20765\\\/#breadcrumblist\",\"itemListElement\":[{\"@type\":\"ListItem\",\"@id\":\"https:\\\/\\\/serrafm879.com.br\\\/serrafm#listItem\",\"position\":1,\"name\":\"Home\",\"item\":\"https:\\\/\\\/serrafm879.com.br\\\/serrafm\",\"nextItem\":{\"@type\":\"ListItem\",\"@id\":\"https:\\\/\\\/serrafm879.com.br\\\/serrafm\\\/categoria\\\/uncategorized\\\/#listItem\",\"name\":\"Uncategorized\"}},{\"@type\":\"ListItem\",\"@id\":\"https:\\\/\\\/serrafm879.com.br\\\/serrafm\\\/categoria\\\/uncategorized\\\/#listItem\",\"position\":2,\"name\":\"Uncategorized\",\"item\":\"https:\\\/\\\/serrafm879.com.br\\\/serrafm\\\/categoria\\\/uncategorized\\\/\",\"nextItem\":{\"@type\":\"ListItem\",\"@id\":\"https:\\\/\\\/serrafm879.com.br\\\/serrafm\\\/2025\\\/02\\\/20765\\\/#listItem\",\"name\":\"Jovem morto em Serra Talhada tinha crime de morte na ficha policial\"},\"previousItem\":{\"@type\":\"ListItem\",\"@id\":\"https:\\\/\\\/serrafm879.com.br\\\/serrafm#listItem\",\"name\":\"Home\"}},{\"@type\":\"ListItem\",\"@id\":\"https:\\\/\\\/serrafm879.com.br\\\/serrafm\\\/2025\\\/02\\\/20765\\\/#listItem\",\"position\":3,\"name\":\"Jovem morto em Serra Talhada tinha crime de morte na ficha policial\",\"previousItem\":{\"@type\":\"ListItem\",\"@id\":\"https:\\\/\\\/serrafm879.com.br\\\/serrafm\\\/categoria\\\/uncategorized\\\/#listItem\",\"name\":\"Uncategorized\"}}]},{\"@type\":\"Organization\",\"@id\":\"https:\\\/\\\/serrafm879.com.br\\\/serrafm\\\/#organization\",\"name\":\"Serra FM 87,9\",\"description\":\"O seu novo amor!\",\"url\":\"https:\\\/\\\/serrafm879.com.br\\\/serrafm\\\/\"},{\"@type\":\"Person\",\"@id\":\"https:\\\/\\\/serrafm879.com.br\\\/serrafm\\\/author\\\/serrafm87\\\/#author\",\"url\":\"https:\\\/\\\/serrafm879.com.br\\\/serrafm\\\/author\\\/serrafm87\\\/\",\"name\":\"serrafm87\",\"image\":{\"@type\":\"ImageObject\",\"@id\":\"https:\\\/\\\/serrafm879.com.br\\\/serrafm\\\/2025\\\/02\\\/20765\\\/#authorImage\",\"url\":\"https:\\\/\\\/secure.gravatar.com\\\/avatar\\\/a743233f1112d34f48bb3dc9559b76eb930bab8b27175856cba6362608736235?s=96&d=mm&r=g\",\"width\":96,\"height\":96,\"caption\":\"serrafm87\"}},{\"@type\":\"WebPage\",\"@id\":\"https:\\\/\\\/serrafm879.com.br\\\/serrafm\\\/2025\\\/02\\\/20765\\\/#webpage\",\"url\":\"https:\\\/\\\/serrafm879.com.br\\\/serrafm\\\/2025\\\/02\\\/20765\\\/\",\"name\":\"Jovem morto em Serra Talhada tinha crime de morte na ficha policial - Serra FM 87,9\",\"description\":\"O jovem Jos\\u00e9 Matheus Nunes Tavares, 23 anos, que foi morto com v\\u00e1rios disparos de arma de fogo no bairro Mutir\\u00e3o, em Serra Talhada, no \\u00faltimo s\\u00e1bado (15), j\\u00e1 tinha passagens pela pol\\u00edcia, inclusive, era investigado por homic\\u00eddio. \\u00c9 o que garante uma fonte da pol\\u00edcia, em conversa com o site Farol de Not\\u00edcias. \\u201cEle era envolvido\",\"inLanguage\":\"pt-BR\",\"isPartOf\":{\"@id\":\"https:\\\/\\\/serrafm879.com.br\\\/serrafm\\\/#website\"},\"breadcrumb\":{\"@id\":\"https:\\\/\\\/serrafm879.com.br\\\/serrafm\\\/2025\\\/02\\\/20765\\\/#breadcrumblist\"},\"author\":{\"@id\":\"https:\\\/\\\/serrafm879.com.br\\\/serrafm\\\/author\\\/serrafm87\\\/#author\"},\"creator\":{\"@id\":\"https:\\\/\\\/serrafm879.com.br\\\/serrafm\\\/author\\\/serrafm87\\\/#author\"},\"image\":{\"@type\":\"ImageObject\",\"url\":\"https:\\\/\\\/serrafm879.com.br\\\/serrafm\\\/wp-content\\\/uploads\\\/2025\\\/02\\\/transferir-5.jpg\",\"@id\":\"https:\\\/\\\/serrafm879.com.br\\\/serrafm\\\/2025\\\/02\\\/20765\\\/#mainImage\",\"width\":295,\"height\":171},\"primaryImageOfPage\":{\"@id\":\"https:\\\/\\\/serrafm879.com.br\\\/serrafm\\\/2025\\\/02\\\/20765\\\/#mainImage\"},\"datePublished\":\"2025-02-17T08:14:29-03:00\",\"dateModified\":\"2025-02-17T08:15:52-03:00\"},{\"@type\":\"WebSite\",\"@id\":\"https:\\\/\\\/serrafm879.com.br\\\/serrafm\\\/#website\",\"url\":\"https:\\\/\\\/serrafm879.com.br\\\/serrafm\\\/\",\"name\":\"Serra FM 87,9\",\"description\":\"O seu novo amor!\",\"inLanguage\":\"pt-BR\",\"publisher\":{\"@id\":\"https:\\\/\\\/serrafm879.com.br\\\/serrafm\\\/#organization\"}}]}\n\t\t<\/script>\n\t\t<!-- All in One SEO -->\n\n","aioseo_head_json":{"title":"Jovem morto em Serra Talhada tinha crime de morte na ficha policial - Serra FM 87,9","description":"O jovem Jos\u00e9 Matheus Nunes Tavares, 23 anos, que foi morto com v\u00e1rios disparos de arma de fogo no bairro Mutir\u00e3o, em Serra Talhada, no \u00faltimo s\u00e1bado (15), j\u00e1 tinha passagens pela pol\u00edcia, inclusive, era investigado por homic\u00eddio. \u00c9 o que garante uma fonte da pol\u00edcia, em conversa com o site Farol de Not\u00edcias. \u201cEle era envolvido","canonical_url":"https:\/\/serrafm879.com.br\/serrafm\/2025\/02\/20765\/","robots":"max-image-preview:large","keywords":"","webmasterTools":{"miscellaneous":""},"schema":{"@context":"https:\/\/schema.org","@graph":[{"@type":"BlogPosting","@id":"https:\/\/serrafm879.com.br\/serrafm\/2025\/02\/20765\/#blogposting","name":"Jovem morto em Serra Talhada tinha crime de morte na ficha policial - Serra FM 87,9","headline":"Jovem morto em Serra Talhada tinha crime de morte na ficha policial","author":{"@id":"https:\/\/serrafm879.com.br\/serrafm\/author\/serrafm87\/#author"},"publisher":{"@id":"https:\/\/serrafm879.com.br\/serrafm\/#organization"},"image":{"@type":"ImageObject","url":"https:\/\/serrafm879.com.br\/serrafm\/wp-content\/uploads\/2025\/02\/transferir-5.jpg","width":295,"height":171},"datePublished":"2025-02-17T08:14:29-03:00","dateModified":"2025-02-17T08:15:52-03:00","inLanguage":"pt-BR","mainEntityOfPage":{"@id":"https:\/\/serrafm879.com.br\/serrafm\/2025\/02\/20765\/#webpage"},"isPartOf":{"@id":"https:\/\/serrafm879.com.br\/serrafm\/2025\/02\/20765\/#webpage"},"articleSection":"Uncategorized"},{"@type":"BreadcrumbList","@id":"https:\/\/serrafm879.com.br\/serrafm\/2025\/02\/20765\/#breadcrumblist","itemListElement":[{"@type":"ListItem","@id":"https:\/\/serrafm879.com.br\/serrafm#listItem","position":1,"name":"Home","item":"https:\/\/serrafm879.com.br\/serrafm","nextItem":{"@type":"ListItem","@id":"https:\/\/serrafm879.com.br\/serrafm\/categoria\/uncategorized\/#listItem","name":"Uncategorized"}},{"@type":"ListItem","@id":"https:\/\/serrafm879.com.br\/serrafm\/categoria\/uncategorized\/#listItem","position":2,"name":"Uncategorized","item":"https:\/\/serrafm879.com.br\/serrafm\/categoria\/uncategorized\/","nextItem":{"@type":"ListItem","@id":"https:\/\/serrafm879.com.br\/serrafm\/2025\/02\/20765\/#listItem","name":"Jovem morto em Serra Talhada tinha crime de morte na ficha policial"},"previousItem":{"@type":"ListItem","@id":"https:\/\/serrafm879.com.br\/serrafm#listItem","name":"Home"}},{"@type":"ListItem","@id":"https:\/\/serrafm879.com.br\/serrafm\/2025\/02\/20765\/#listItem","position":3,"name":"Jovem morto em Serra Talhada tinha crime de morte na ficha policial","previousItem":{"@type":"ListItem","@id":"https:\/\/serrafm879.com.br\/serrafm\/categoria\/uncategorized\/#listItem","name":"Uncategorized"}}]},{"@type":"Organization","@id":"https:\/\/serrafm879.com.br\/serrafm\/#organization","name":"Serra FM 87,9","description":"O seu novo amor!","url":"https:\/\/serrafm879.com.br\/serrafm\/"},{"@type":"Person","@id":"https:\/\/serrafm879.com.br\/serrafm\/author\/serrafm87\/#author","url":"https:\/\/serrafm879.com.br\/serrafm\/author\/serrafm87\/","name":"serrafm87","image":{"@type":"ImageObject","@id":"https:\/\/serrafm879.com.br\/serrafm\/2025\/02\/20765\/#authorImage","url":"https:\/\/secure.gravatar.com\/avatar\/a743233f1112d34f48bb3dc9559b76eb930bab8b27175856cba6362608736235?s=96&d=mm&r=g","width":96,"height":96,"caption":"serrafm87"}},{"@type":"WebPage","@id":"https:\/\/serrafm879.com.br\/serrafm\/2025\/02\/20765\/#webpage","url":"https:\/\/serrafm879.com.br\/serrafm\/2025\/02\/20765\/","name":"Jovem morto em Serra Talhada tinha crime de morte na ficha policial - Serra FM 87,9","description":"O jovem Jos\u00e9 Matheus Nunes Tavares, 23 anos, que foi morto com v\u00e1rios disparos de arma de fogo no bairro Mutir\u00e3o, em Serra Talhada, no \u00faltimo s\u00e1bado (15), j\u00e1 tinha passagens pela pol\u00edcia, inclusive, era investigado por homic\u00eddio. \u00c9 o que garante uma fonte da pol\u00edcia, em conversa com o site Farol de Not\u00edcias. \u201cEle era envolvido","inLanguage":"pt-BR","isPartOf":{"@id":"https:\/\/serrafm879.com.br\/serrafm\/#website"},"breadcrumb":{"@id":"https:\/\/serrafm879.com.br\/serrafm\/2025\/02\/20765\/#breadcrumblist"},"author":{"@id":"https:\/\/serrafm879.com.br\/serrafm\/author\/serrafm87\/#author"},"creator":{"@id":"https:\/\/serrafm879.com.br\/serrafm\/author\/serrafm87\/#author"},"image":{"@type":"ImageObject","url":"https:\/\/serrafm879.com.br\/serrafm\/wp-content\/uploads\/2025\/02\/transferir-5.jpg","@id":"https:\/\/serrafm879.com.br\/serrafm\/2025\/02\/20765\/#mainImage","width":295,"height":171},"primaryImageOfPage":{"@id":"https:\/\/serrafm879.com.br\/serrafm\/2025\/02\/20765\/#mainImage"},"datePublished":"2025-02-17T08:14:29-03:00","dateModified":"2025-02-17T08:15:52-03:00"},{"@type":"WebSite","@id":"https:\/\/serrafm879.com.br\/serrafm\/#website","url":"https:\/\/serrafm879.com.br\/serrafm\/","name":"Serra FM 87,9","description":"O seu novo amor!","inLanguage":"pt-BR","publisher":{"@id":"https:\/\/serrafm879.com.br\/serrafm\/#organization"}}]},"twitter:card":"summary_large_image","twitter:title":"Jovem morto em Serra Talhada tinha crime de morte na ficha policial - Serra FM 87,9","twitter:description":"O jovem Jos\u00e9 Matheus Nunes Tavares, 23 anos, que foi morto com v\u00e1rios disparos de arma de fogo no bairro Mutir\u00e3o, em Serra Talhada, no \u00faltimo s\u00e1bado (15), j\u00e1 tinha passagens pela pol\u00edcia, inclusive, era investigado por homic\u00eddio. \u00c9 o que garante uma fonte da pol\u00edcia, em conversa com o site Farol de Not\u00edcias. \u201cEle era envolvido","twitter:image":"https:\/\/serrafm879.com.br\/serrafm\/wp-content\/uploads\/2025\/02\/transferir-5.jpg"},"aioseo_meta_data":{"post_id":"20765","title":null,"description":null,"keywords":null,"keyphrases":null,"primary_term":null,"canonical_url":null,"og_title":null,"og_description":null,"og_object_type":"default","og_image_type":"default","og_image_custom_url":null,"og_image_custom_fields":null,"og_image_url":null,"og_image_width":null,"og_image_height":null,"og_video":null,"og_custom_url":null,"og_article_section":null,"og_article_tags":null,"twitter_use_og":false,"twitter_card":"default","twitter_image_type":"default","twitter_image_custom_url":null,"twitter_image_custom_fields":null,"twitter_image_url":null,"twitter_title":null,"twitter_description":null,"schema_type":"default","schema_type_options":null,"schema":{"blockGraphs":[],"customGraphs":[],"default":{"data":{"Article":[],"Course":[],"Dataset":[],"FAQPage":[],"Movie":[],"Person":[],"Product":[],"ProductReview":[],"Car":[],"Recipe":[],"Service":[],"SoftwareApplication":[],"WebPage":[]},"graphName":"","isEnabled":true},"graphs":[]},"pillar_content":false,"robots_default":true,"robots_noindex":false,"robots_noarchive":false,"robots_nosnippet":false,"robots_nofollow":false,"robots_noimageindex":false,"robots_noodp":false,"robots_notranslate":false,"robots_max_snippet":null,"robots_max_videopreview":null,"robots_max_imagepreview":"large","priority":null,"frequency":null,"local_seo":null,"limit_modified_date":false,"ai":null,"breadcrumb_settings":null,"seo_analyzer_scan_date":null,"created":"2026-07-21 13:50:27","updated":"2026-07-21 13:50:27"},"aioseo_breadcrumb":"<div class=\"aioseo-breadcrumbs\"><span class=\"aioseo-breadcrumb\">\n\t\t\t<a href=\"https:\/\/serrafm879.com.br\/serrafm\" title=\"Home\">Home<\/a>\n\t\t<\/span><span class=\"aioseo-breadcrumb-separator\">&raquo;<\/span><span class=\"aioseo-breadcrumb\">\n\t\t\t<a href=\"https:\/\/serrafm879.com.br\/serrafm\/categoria\/uncategorized\/\" title=\"Uncategorized\">Uncategorized<\/a>\n\t\t<\/span><span class=\"aioseo-breadcrumb-separator\">&raquo;<\/span><span class=\"aioseo-breadcrumb\">\n\t\t\tJovem morto em Serra Talhada tinha crime de morte na ficha policial\n\t\t<\/span><\/div>","aioseo_breadcrumb_json":[{"label":"Home","link":"https:\/\/serrafm879.com.br\/serrafm"},{"label":"Uncategorized","link":"https:\/\/serrafm879.com.br\/serrafm\/categoria\/uncategorized\/"},{"label":"Jovem morto em Serra Talhada tinha crime de morte na ficha policial","link":"https:\/\/serrafm879.com.br\/serrafm\/2025\/02\/20765\/"}],"jetpack_publicize_connections":[],"jetpack_featured_media_url":"https:\/\/serrafm879.com.br\/serrafm\/wp-content\/uploads\/2025\/02\/transferir-5.jpg","jetpack_shortlink":"https:\/\/wp.me\/s7HyXg-20765","jetpack_sharing_enabled":true,"_links":{"self":[{"href":"https:\/\/serrafm879.com.br\/serrafm\/wp-json\/wp\/v2\/posts\/20765","targetHints":{"allow":["GET"]}}],"collection":[{"href":"https:\/\/serrafm879.com.br\/serrafm\/wp-json\/wp\/v2\/posts"}],"about":[{"href":"https:\/\/serrafm879.com.br\/serrafm\/wp-json\/wp\/v2\/types\/post"}],"author":[{"embeddable":true,"href":"https:\/\/serrafm879.com.br\/serrafm\/wp-json\/wp\/v2\/users\/2"}],"replies":[{"embeddable":true,"href":"https:\/\/serrafm879.com.br\/serrafm\/wp-json\/wp\/v2\/comments?post=20765"}],"version-history":[{"count":2,"href":"https:\/\/serrafm879.com.br\/serrafm\/wp-json\/wp\/v2\/posts\/20765\/revisions"}],"predecessor-version":[{"id":20767,"href":"https:\/\/serrafm879.com.br\/serrafm\/wp-json\/wp\/v2\/posts\/20765\/revisions\/20767"}],"wp:featuredmedia":[{"embeddable":true,"href":"https:\/\/serrafm879.com.br\/serrafm\/wp-json\/wp\/v2\/media\/20737"}],"wp:attachment":[{"href":"https:\/\/serrafm879.com.br\/serrafm\/wp-json\/wp\/v2\/media?parent=20765"}],"wp:term":[{"taxonomy":"category","embeddable":true,"href":"https:\/\/serrafm879.com.br\/serrafm\/wp-json\/wp\/v2\/categories?post=20765"},{"taxonomy":"post_tag","embeddable":true,"href":"https:\/\/serrafm879.com.br\/serrafm\/wp-json\/wp\/v2\/tags?post=20765"}],"curies":[{"name":"wp","href":"https:\/\/api.w.org\/{rel}","templated":true}]}}