{"id":20769,"date":"2025-02-17T09:19:56","date_gmt":"2025-02-17T12:19:56","guid":{"rendered":"https:\/?p=20769"},"modified":"2025-02-17T09:21:44","modified_gmt":"2025-02-17T12:21:44","slug":"em-entrevista-raquel-lyra-cita-incomodo-com-psdb-e-admite-possivel-saida","status":"publish","type":"post","link":"https:\/\/serrafm879.com.br\/serrafm\/2025\/02\/em-entrevista-raquel-lyra-cita-incomodo-com-psdb-e-admite-possivel-saida\/","title":{"rendered":"Em entrevista, Raquel Lyra cita inc\u00f4modo com PSDB e admite poss\u00edvel sa\u00edda"},"content":{"rendered":"<p>A governadora de Pernambuco, Raquel Lyra, afirmou em entrevista estar incomodada com a postura do PSDB em rela\u00e7\u00e3o ao governo federal e admitiu a possibilidade de deixar a sigla. As declara\u00e7\u00f5es foram feitas ao programa Canal Livre, da TV Bandeirantes, exibido na noite de domingo (16).<\/p>\n<p>\u201cO PSDB n\u00e3o foi oposi\u00e7\u00e3o ao governo Bolsonaro e se colocou, h\u00e1 cerca de um ano, como farol da oposi\u00e7\u00e3o ao governo do presidente Lula sem ter um projeto que pudesse apontar o que queremos adiante. Defendi sempre uma postura de independ\u00eancia do PSDB para que a gente pudesse ajudar nas constru\u00e7\u00f5es de pontes que o Brasil precisa e n\u00e3o em erguer mais muros\u201d, declarou Lyra.<\/p>\n<p>Segundo a governadora, seu ponto de vista \u00e9 respeitado dentro do partido. No entanto, ela disse que o fato de o PSDB ser oposi\u00e7\u00e3o ao governo petista \u201ccausa, sim, inc\u00f4modo diante da necessidade que vejo de nosso pa\u00eds voltar a crescer, construir consensos, deixar o povo mais feliz, garantir qualidade de vida\u201d.<\/p>\n<p>A governadora, que j\u00e1 teve o nome especulado no PSD, de Gilberto Kassab, e at\u00e9 mesmo no PT, admitiu a possibilidade de deixar o PSDB num futuro n\u00e3o especificado.<\/p>\n<p>\u201cH\u00e1 possibilidade, sim, concreta, de eu sair do partido. Tenho uma excelente rela\u00e7\u00e3o com o governo federal e respeito ao presidente Lula por sua hist\u00f3ria. Ele \u00e9 pernambucano e est\u00e1, neste momento, levando investimentos que s\u00e3o estruturantes\u201d, contou Lyra.<\/p>\n<p>Ainda de acordo com a governadora, \u00e9 preciso \u201ccolocar de lado os projetos individuais e garantir que o pa\u00eds possa andar para a frente\u201d.<\/p>\n<p>O PSDB tem conduzido estudos para avaliar uma poss\u00edvel fus\u00e3o ou incorpora\u00e7\u00e3o com outra legenda. A ideia \u00e9 que o processo seja conclu\u00eddo ainda este ano.<\/p>\n<p>Apesar disso, n\u00e3o s\u00e3o todos dentro do PSDB que concordam com uma mudan\u00e7a neste sentido. O senador Pl\u00ednio Val\u00e9rio (PSDB-AM) afirmou no in\u00edcio do m\u00eas \u00e0\u00a0<strong>CNN<\/strong>\u00a0que \u201cum partido do tamanho, e com a miss\u00e3o que tem o PSDB, n\u00e3o pode falar em fus\u00e3o\u201d.<\/p>\n<p>Na semana passado, o presidente nacional do PSDB,\u00a0<a href=\"https:\/\/www.cnnbrasil.com.br\/politica\/a-cnn-perillo-defende-priorizar-continuidade-do-psdb-na-politica\/\">Marconi Perillo, defendeu em nota que o partido \u201cn\u00e3o vai desaparecer\u201d<\/a><\/p>\n<p>\u201cEm respeito a 1,35 milh\u00e3o filiados e \u00e0 hist\u00f3ria de todos que ajudam a fundar e a construir o partido que fez as reformais mais importantes do Brasil, o PSDB vai continuar existindo\u201d, diz trecho do comunicado assinado por Perillo.<\/p>\n<p><em>*Com informa\u00e7\u00f5es de Luciana Amaral, da CNN, em Bras\u00edlia<\/em><\/p>\n","protected":false},"excerpt":{"rendered":"<p>A governadora de Pernambuco, Raquel Lyra, afirmou em entrevista estar incomodada com a postura do PSDB em rela\u00e7\u00e3o ao governo federal e admitiu a possibilidade de deixar a sigla. As declara\u00e7\u00f5es foram feitas ao programa Canal Livre, da TV Bandeirantes, exibido na noite de domingo (16). \u201cO PSDB n\u00e3o foi oposi\u00e7\u00e3o ao governo Bolsonaro e se colocou, h\u00e1 cerca de um ano, como farol da oposi\u00e7\u00e3o ao governo do presidente Lula sem ter um projeto que pudesse apontar o que queremos adiante. Defendi sempre uma postura de independ\u00eancia do PSDB para que a gente pudesse ajudar nas constru\u00e7\u00f5es de pontes [&hellip;]<\/p>\n","protected":false},"author":2,"featured_media":15869,"comment_status":"open","ping_status":"open","sticky":false,"template":"","format":"standard","meta":{"_jetpack_newsletter_access":"","_jetpack_dont_email_post_to_subs":false,"_jetpack_newsletter_tier_id":0,"_jetpack_memberships_contains_paywalled_content":false,"_jetpack_feature_clip_id":0,"_jetpack_memberships_contains_paid_content":false,"footnotes":"","jetpack_publicize_message":"","jetpack_publicize_feature_enabled":true,"jetpack_social_post_already_shared":true,"jetpack_social_options":{"image_generator_settings":{"template":"highway","default_image_id":0,"font":"","enabled":false},"version":2},"jetpack_post_was_ever_published":false},"categories":[144],"tags":[],"class_list":["post-20769","post","type-post","status-publish","format-standard","has-post-thumbnail","hentry","category-politica"],"aioseo_notices":[],"aioseo_head":"\n\t\t<!-- All in One SEO 4.9.10 - aioseo.com -->\n\t<meta name=\"description\" content=\"A governadora de Pernambuco, Raquel Lyra, afirmou em entrevista estar incomodada com a postura do PSDB em rela\u00e7\u00e3o ao governo federal e admitiu a possibilidade de deixar a sigla. As declara\u00e7\u00f5es foram feitas ao programa Canal Livre, da TV Bandeirantes, exibido na noite de domingo (16). \u201cO PSDB n\u00e3o foi oposi\u00e7\u00e3o ao governo Bolsonaro e\" \/>\n\t<meta name=\"robots\" content=\"max-image-preview:large\" \/>\n\t<meta name=\"author\" content=\"serrafm87\"\/>\n\t<link rel=\"canonical\" href=\"https:\/\/serrafm879.com.br\/serrafm\/2025\/02\/em-entrevista-raquel-lyra-cita-incomodo-com-psdb-e-admite-possivel-saida\/\" \/>\n\t<meta name=\"generator\" content=\"All in One SEO (AIOSEO) 4.9.10\" \/>\n\t\t<meta name=\"twitter:card\" content=\"summary_large_image\" \/>\n\t\t<meta name=\"twitter:title\" content=\"Em entrevista, Raquel Lyra cita inc\u00f4modo com PSDB e admite poss\u00edvel sa\u00edda - Serra FM 87,9\" \/>\n\t\t<meta name=\"twitter:description\" content=\"A governadora de Pernambuco, Raquel Lyra, afirmou em entrevista estar incomodada com a postura do PSDB em rela\u00e7\u00e3o ao governo federal e admitiu a possibilidade de deixar a sigla. As declara\u00e7\u00f5es foram feitas ao programa Canal Livre, da TV Bandeirantes, exibido na noite de domingo (16). \u201cO PSDB n\u00e3o foi oposi\u00e7\u00e3o ao governo Bolsonaro e\" \/>\n\t\t<meta name=\"twitter:image\" content=\"https:\/\/serrafm879.com.br\/serrafm\/wp-content\/uploads\/2024\/04\/raquel-lyra.png\" \/>\n\t\t<script type=\"application\/ld+json\" class=\"aioseo-schema\">\n\t\t\t{\"@context\":\"https:\\\/\\\/schema.org\",\"@graph\":[{\"@type\":\"BlogPosting\",\"@id\":\"https:\\\/\\\/serrafm879.com.br\\\/serrafm\\\/2025\\\/02\\\/em-entrevista-raquel-lyra-cita-incomodo-com-psdb-e-admite-possivel-saida\\\/#blogposting\",\"name\":\"Em entrevista, Raquel Lyra cita inc\\u00f4modo com PSDB e admite poss\\u00edvel sa\\u00edda - Serra FM 87,9\",\"headline\":\"Em entrevista, Raquel Lyra cita inc\\u00f4modo com PSDB e admite poss\\u00edvel sa\\u00edda\",\"author\":{\"@id\":\"https:\\\/\\\/serrafm879.com.br\\\/serrafm\\\/author\\\/serrafm87\\\/#author\"},\"publisher\":{\"@id\":\"https:\\\/\\\/serrafm879.com.br\\\/serrafm\\\/#organization\"},\"image\":{\"@type\":\"ImageObject\",\"url\":\"https:\\\/\\\/serrafm879.com.br\\\/serrafm\\\/wp-content\\\/uploads\\\/2024\\\/04\\\/raquel-lyra.png\",\"width\":387,\"height\":256},\"datePublished\":\"2025-02-17T09:19:56-03:00\",\"dateModified\":\"2025-02-17T09:21:44-03:00\",\"inLanguage\":\"pt-BR\",\"mainEntityOfPage\":{\"@id\":\"https:\\\/\\\/serrafm879.com.br\\\/serrafm\\\/2025\\\/02\\\/em-entrevista-raquel-lyra-cita-incomodo-com-psdb-e-admite-possivel-saida\\\/#webpage\"},\"isPartOf\":{\"@id\":\"https:\\\/\\\/serrafm879.com.br\\\/serrafm\\\/2025\\\/02\\\/em-entrevista-raquel-lyra-cita-incomodo-com-psdb-e-admite-possivel-saida\\\/#webpage\"},\"articleSection\":\"Pol\\u00edtica\"},{\"@type\":\"BreadcrumbList\",\"@id\":\"https:\\\/\\\/serrafm879.com.br\\\/serrafm\\\/2025\\\/02\\\/em-entrevista-raquel-lyra-cita-incomodo-com-psdb-e-admite-possivel-saida\\\/#breadcrumblist\",\"itemListElement\":[{\"@type\":\"ListItem\",\"@id\":\"https:\\\/\\\/serrafm879.com.br\\\/serrafm#listItem\",\"position\":1,\"name\":\"Home\",\"item\":\"https:\\\/\\\/serrafm879.com.br\\\/serrafm\",\"nextItem\":{\"@type\":\"ListItem\",\"@id\":\"https:\\\/\\\/serrafm879.com.br\\\/serrafm\\\/categoria\\\/politica\\\/#listItem\",\"name\":\"Pol\\u00edtica\"}},{\"@type\":\"ListItem\",\"@id\":\"https:\\\/\\\/serrafm879.com.br\\\/serrafm\\\/categoria\\\/politica\\\/#listItem\",\"position\":2,\"name\":\"Pol\\u00edtica\",\"item\":\"https:\\\/\\\/serrafm879.com.br\\\/serrafm\\\/categoria\\\/politica\\\/\",\"nextItem\":{\"@type\":\"ListItem\",\"@id\":\"https:\\\/\\\/serrafm879.com.br\\\/serrafm\\\/2025\\\/02\\\/em-entrevista-raquel-lyra-cita-incomodo-com-psdb-e-admite-possivel-saida\\\/#listItem\",\"name\":\"Em entrevista, Raquel Lyra cita inc\\u00f4modo com PSDB e admite poss\\u00edvel sa\\u00edda\"},\"previousItem\":{\"@type\":\"ListItem\",\"@id\":\"https:\\\/\\\/serrafm879.com.br\\\/serrafm#listItem\",\"name\":\"Home\"}},{\"@type\":\"ListItem\",\"@id\":\"https:\\\/\\\/serrafm879.com.br\\\/serrafm\\\/2025\\\/02\\\/em-entrevista-raquel-lyra-cita-incomodo-com-psdb-e-admite-possivel-saida\\\/#listItem\",\"position\":3,\"name\":\"Em entrevista, Raquel Lyra cita inc\\u00f4modo com PSDB e admite poss\\u00edvel sa\\u00edda\",\"previousItem\":{\"@type\":\"ListItem\",\"@id\":\"https:\\\/\\\/serrafm879.com.br\\\/serrafm\\\/categoria\\\/politica\\\/#listItem\",\"name\":\"Pol\\u00edtica\"}}]},{\"@type\":\"Organization\",\"@id\":\"https:\\\/\\\/serrafm879.com.br\\\/serrafm\\\/#organization\",\"name\":\"Serra FM 87,9\",\"description\":\"O seu novo amor!\",\"url\":\"https:\\\/\\\/serrafm879.com.br\\\/serrafm\\\/\"},{\"@type\":\"Person\",\"@id\":\"https:\\\/\\\/serrafm879.com.br\\\/serrafm\\\/author\\\/serrafm87\\\/#author\",\"url\":\"https:\\\/\\\/serrafm879.com.br\\\/serrafm\\\/author\\\/serrafm87\\\/\",\"name\":\"serrafm87\",\"image\":{\"@type\":\"ImageObject\",\"@id\":\"https:\\\/\\\/serrafm879.com.br\\\/serrafm\\\/2025\\\/02\\\/em-entrevista-raquel-lyra-cita-incomodo-com-psdb-e-admite-possivel-saida\\\/#authorImage\",\"url\":\"https:\\\/\\\/secure.gravatar.com\\\/avatar\\\/a743233f1112d34f48bb3dc9559b76eb930bab8b27175856cba6362608736235?s=96&d=mm&r=g\",\"width\":96,\"height\":96,\"caption\":\"serrafm87\"}},{\"@type\":\"WebPage\",\"@id\":\"https:\\\/\\\/serrafm879.com.br\\\/serrafm\\\/2025\\\/02\\\/em-entrevista-raquel-lyra-cita-incomodo-com-psdb-e-admite-possivel-saida\\\/#webpage\",\"url\":\"https:\\\/\\\/serrafm879.com.br\\\/serrafm\\\/2025\\\/02\\\/em-entrevista-raquel-lyra-cita-incomodo-com-psdb-e-admite-possivel-saida\\\/\",\"name\":\"Em entrevista, Raquel Lyra cita inc\\u00f4modo com PSDB e admite poss\\u00edvel sa\\u00edda - Serra FM 87,9\",\"description\":\"A governadora de Pernambuco, Raquel Lyra, afirmou em entrevista estar incomodada com a postura do PSDB em rela\\u00e7\\u00e3o ao governo federal e admitiu a possibilidade de deixar a sigla. As declara\\u00e7\\u00f5es foram feitas ao programa Canal Livre, da TV Bandeirantes, exibido na noite de domingo (16). \\u201cO PSDB n\\u00e3o foi oposi\\u00e7\\u00e3o ao governo Bolsonaro e\",\"inLanguage\":\"pt-BR\",\"isPartOf\":{\"@id\":\"https:\\\/\\\/serrafm879.com.br\\\/serrafm\\\/#website\"},\"breadcrumb\":{\"@id\":\"https:\\\/\\\/serrafm879.com.br\\\/serrafm\\\/2025\\\/02\\\/em-entrevista-raquel-lyra-cita-incomodo-com-psdb-e-admite-possivel-saida\\\/#breadcrumblist\"},\"author\":{\"@id\":\"https:\\\/\\\/serrafm879.com.br\\\/serrafm\\\/author\\\/serrafm87\\\/#author\"},\"creator\":{\"@id\":\"https:\\\/\\\/serrafm879.com.br\\\/serrafm\\\/author\\\/serrafm87\\\/#author\"},\"image\":{\"@type\":\"ImageObject\",\"url\":\"https:\\\/\\\/serrafm879.com.br\\\/serrafm\\\/wp-content\\\/uploads\\\/2024\\\/04\\\/raquel-lyra.png\",\"@id\":\"https:\\\/\\\/serrafm879.com.br\\\/serrafm\\\/2025\\\/02\\\/em-entrevista-raquel-lyra-cita-incomodo-com-psdb-e-admite-possivel-saida\\\/#mainImage\",\"width\":387,\"height\":256},\"primaryImageOfPage\":{\"@id\":\"https:\\\/\\\/serrafm879.com.br\\\/serrafm\\\/2025\\\/02\\\/em-entrevista-raquel-lyra-cita-incomodo-com-psdb-e-admite-possivel-saida\\\/#mainImage\"},\"datePublished\":\"2025-02-17T09:19:56-03:00\",\"dateModified\":\"2025-02-17T09:21:44-03:00\"},{\"@type\":\"WebSite\",\"@id\":\"https:\\\/\\\/serrafm879.com.br\\\/serrafm\\\/#website\",\"url\":\"https:\\\/\\\/serrafm879.com.br\\\/serrafm\\\/\",\"name\":\"Serra FM 87,9\",\"description\":\"O seu novo amor!\",\"inLanguage\":\"pt-BR\",\"publisher\":{\"@id\":\"https:\\\/\\\/serrafm879.com.br\\\/serrafm\\\/#organization\"}}]}\n\t\t<\/script>\n\t\t<!-- All in One SEO -->\n\n","aioseo_head_json":{"title":"Em entrevista, Raquel Lyra cita inc\u00f4modo com PSDB e admite poss\u00edvel sa\u00edda - Serra FM 87,9","description":"A governadora de Pernambuco, Raquel Lyra, afirmou em entrevista estar incomodada com a postura do PSDB em rela\u00e7\u00e3o ao governo federal e admitiu a possibilidade de deixar a sigla. As declara\u00e7\u00f5es foram feitas ao programa Canal Livre, da TV Bandeirantes, exibido na noite de domingo (16). \u201cO PSDB n\u00e3o foi oposi\u00e7\u00e3o ao governo Bolsonaro e","canonical_url":"https:\/\/serrafm879.com.br\/serrafm\/2025\/02\/em-entrevista-raquel-lyra-cita-incomodo-com-psdb-e-admite-possivel-saida\/","robots":"max-image-preview:large","keywords":"","webmasterTools":{"miscellaneous":""},"schema":{"@context":"https:\/\/schema.org","@graph":[{"@type":"BlogPosting","@id":"https:\/\/serrafm879.com.br\/serrafm\/2025\/02\/em-entrevista-raquel-lyra-cita-incomodo-com-psdb-e-admite-possivel-saida\/#blogposting","name":"Em entrevista, Raquel Lyra cita inc\u00f4modo com PSDB e admite poss\u00edvel sa\u00edda - Serra FM 87,9","headline":"Em entrevista, Raquel Lyra cita inc\u00f4modo com PSDB e admite poss\u00edvel sa\u00edda","author":{"@id":"https:\/\/serrafm879.com.br\/serrafm\/author\/serrafm87\/#author"},"publisher":{"@id":"https:\/\/serrafm879.com.br\/serrafm\/#organization"},"image":{"@type":"ImageObject","url":"https:\/\/serrafm879.com.br\/serrafm\/wp-content\/uploads\/2024\/04\/raquel-lyra.png","width":387,"height":256},"datePublished":"2025-02-17T09:19:56-03:00","dateModified":"2025-02-17T09:21:44-03:00","inLanguage":"pt-BR","mainEntityOfPage":{"@id":"https:\/\/serrafm879.com.br\/serrafm\/2025\/02\/em-entrevista-raquel-lyra-cita-incomodo-com-psdb-e-admite-possivel-saida\/#webpage"},"isPartOf":{"@id":"https:\/\/serrafm879.com.br\/serrafm\/2025\/02\/em-entrevista-raquel-lyra-cita-incomodo-com-psdb-e-admite-possivel-saida\/#webpage"},"articleSection":"Pol\u00edtica"},{"@type":"BreadcrumbList","@id":"https:\/\/serrafm879.com.br\/serrafm\/2025\/02\/em-entrevista-raquel-lyra-cita-incomodo-com-psdb-e-admite-possivel-saida\/#breadcrumblist","itemListElement":[{"@type":"ListItem","@id":"https:\/\/serrafm879.com.br\/serrafm#listItem","position":1,"name":"Home","item":"https:\/\/serrafm879.com.br\/serrafm","nextItem":{"@type":"ListItem","@id":"https:\/\/serrafm879.com.br\/serrafm\/categoria\/politica\/#listItem","name":"Pol\u00edtica"}},{"@type":"ListItem","@id":"https:\/\/serrafm879.com.br\/serrafm\/categoria\/politica\/#listItem","position":2,"name":"Pol\u00edtica","item":"https:\/\/serrafm879.com.br\/serrafm\/categoria\/politica\/","nextItem":{"@type":"ListItem","@id":"https:\/\/serrafm879.com.br\/serrafm\/2025\/02\/em-entrevista-raquel-lyra-cita-incomodo-com-psdb-e-admite-possivel-saida\/#listItem","name":"Em entrevista, Raquel Lyra cita inc\u00f4modo com PSDB e admite poss\u00edvel sa\u00edda"},"previousItem":{"@type":"ListItem","@id":"https:\/\/serrafm879.com.br\/serrafm#listItem","name":"Home"}},{"@type":"ListItem","@id":"https:\/\/serrafm879.com.br\/serrafm\/2025\/02\/em-entrevista-raquel-lyra-cita-incomodo-com-psdb-e-admite-possivel-saida\/#listItem","position":3,"name":"Em entrevista, Raquel Lyra cita inc\u00f4modo com PSDB e admite poss\u00edvel sa\u00edda","previousItem":{"@type":"ListItem","@id":"https:\/\/serrafm879.com.br\/serrafm\/categoria\/politica\/#listItem","name":"Pol\u00edtica"}}]},{"@type":"Organization","@id":"https:\/\/serrafm879.com.br\/serrafm\/#organization","name":"Serra FM 87,9","description":"O seu novo amor!","url":"https:\/\/serrafm879.com.br\/serrafm\/"},{"@type":"Person","@id":"https:\/\/serrafm879.com.br\/serrafm\/author\/serrafm87\/#author","url":"https:\/\/serrafm879.com.br\/serrafm\/author\/serrafm87\/","name":"serrafm87","image":{"@type":"ImageObject","@id":"https:\/\/serrafm879.com.br\/serrafm\/2025\/02\/em-entrevista-raquel-lyra-cita-incomodo-com-psdb-e-admite-possivel-saida\/#authorImage","url":"https:\/\/secure.gravatar.com\/avatar\/a743233f1112d34f48bb3dc9559b76eb930bab8b27175856cba6362608736235?s=96&d=mm&r=g","width":96,"height":96,"caption":"serrafm87"}},{"@type":"WebPage","@id":"https:\/\/serrafm879.com.br\/serrafm\/2025\/02\/em-entrevista-raquel-lyra-cita-incomodo-com-psdb-e-admite-possivel-saida\/#webpage","url":"https:\/\/serrafm879.com.br\/serrafm\/2025\/02\/em-entrevista-raquel-lyra-cita-incomodo-com-psdb-e-admite-possivel-saida\/","name":"Em entrevista, Raquel Lyra cita inc\u00f4modo com PSDB e admite poss\u00edvel sa\u00edda - Serra FM 87,9","description":"A governadora de Pernambuco, Raquel Lyra, afirmou em entrevista estar incomodada com a postura do PSDB em rela\u00e7\u00e3o ao governo federal e admitiu a possibilidade de deixar a sigla. As declara\u00e7\u00f5es foram feitas ao programa Canal Livre, da TV Bandeirantes, exibido na noite de domingo (16). \u201cO PSDB n\u00e3o foi oposi\u00e7\u00e3o ao governo Bolsonaro e","inLanguage":"pt-BR","isPartOf":{"@id":"https:\/\/serrafm879.com.br\/serrafm\/#website"},"breadcrumb":{"@id":"https:\/\/serrafm879.com.br\/serrafm\/2025\/02\/em-entrevista-raquel-lyra-cita-incomodo-com-psdb-e-admite-possivel-saida\/#breadcrumblist"},"author":{"@id":"https:\/\/serrafm879.com.br\/serrafm\/author\/serrafm87\/#author"},"creator":{"@id":"https:\/\/serrafm879.com.br\/serrafm\/author\/serrafm87\/#author"},"image":{"@type":"ImageObject","url":"https:\/\/serrafm879.com.br\/serrafm\/wp-content\/uploads\/2024\/04\/raquel-lyra.png","@id":"https:\/\/serrafm879.com.br\/serrafm\/2025\/02\/em-entrevista-raquel-lyra-cita-incomodo-com-psdb-e-admite-possivel-saida\/#mainImage","width":387,"height":256},"primaryImageOfPage":{"@id":"https:\/\/serrafm879.com.br\/serrafm\/2025\/02\/em-entrevista-raquel-lyra-cita-incomodo-com-psdb-e-admite-possivel-saida\/#mainImage"},"datePublished":"2025-02-17T09:19:56-03:00","dateModified":"2025-02-17T09:21:44-03:00"},{"@type":"WebSite","@id":"https:\/\/serrafm879.com.br\/serrafm\/#website","url":"https:\/\/serrafm879.com.br\/serrafm\/","name":"Serra FM 87,9","description":"O seu novo amor!","inLanguage":"pt-BR","publisher":{"@id":"https:\/\/serrafm879.com.br\/serrafm\/#organization"}}]},"twitter:card":"summary_large_image","twitter:title":"Em entrevista, Raquel Lyra cita inc\u00f4modo com PSDB e admite poss\u00edvel sa\u00edda - Serra FM 87,9","twitter:description":"A governadora de Pernambuco, Raquel Lyra, afirmou em entrevista estar incomodada com a postura do PSDB em rela\u00e7\u00e3o ao governo federal e admitiu a possibilidade de deixar a sigla. As declara\u00e7\u00f5es foram feitas ao programa Canal Livre, da TV Bandeirantes, exibido na noite de domingo (16). \u201cO PSDB n\u00e3o foi oposi\u00e7\u00e3o ao governo Bolsonaro e","twitter:image":"https:\/\/serrafm879.com.br\/serrafm\/wp-content\/uploads\/2024\/04\/raquel-lyra.png"},"aioseo_meta_data":{"post_id":"20769","title":null,"description":null,"keywords":null,"keyphrases":null,"primary_term":null,"canonical_url":null,"og_title":null,"og_description":null,"og_object_type":"default","og_image_type":"default","og_image_custom_url":null,"og_image_custom_fields":null,"og_image_url":null,"og_image_width":null,"og_image_height":null,"og_video":null,"og_custom_url":null,"og_article_section":null,"og_article_tags":null,"twitter_use_og":false,"twitter_card":"default","twitter_image_type":"default","twitter_image_custom_url":null,"twitter_image_custom_fields":null,"twitter_image_url":null,"twitter_title":null,"twitter_description":null,"schema_type":"default","schema_type_options":null,"schema":{"blockGraphs":[],"customGraphs":[],"default":{"data":{"Article":[],"Course":[],"Dataset":[],"FAQPage":[],"Movie":[],"Person":[],"Product":[],"ProductReview":[],"Car":[],"Recipe":[],"Service":[],"SoftwareApplication":[],"WebPage":[]},"graphName":"","isEnabled":true},"graphs":[]},"pillar_content":false,"robots_default":true,"robots_noindex":false,"robots_noarchive":false,"robots_nosnippet":false,"robots_nofollow":false,"robots_noimageindex":false,"robots_noodp":false,"robots_notranslate":false,"robots_max_snippet":null,"robots_max_videopreview":null,"robots_max_imagepreview":"large","priority":null,"frequency":null,"local_seo":null,"limit_modified_date":false,"ai":null,"breadcrumb_settings":null,"seo_analyzer_scan_date":null,"created":"2026-07-21 13:50:27","updated":"2026-07-21 13:50:27"},"aioseo_breadcrumb":"<div class=\"aioseo-breadcrumbs\"><span class=\"aioseo-breadcrumb\">\n\t\t\t<a href=\"https:\/\/serrafm879.com.br\/serrafm\" title=\"Home\">Home<\/a>\n\t\t<\/span><span class=\"aioseo-breadcrumb-separator\">&raquo;<\/span><span class=\"aioseo-breadcrumb\">\n\t\t\t<a href=\"https:\/\/serrafm879.com.br\/serrafm\/categoria\/politica\/\" title=\"Pol\u00edtica\">Pol\u00edtica<\/a>\n\t\t<\/span><span class=\"aioseo-breadcrumb-separator\">&raquo;<\/span><span class=\"aioseo-breadcrumb\">\n\t\t\tEm entrevista, Raquel Lyra cita inc\u00f4modo com PSDB e admite poss\u00edvel sa\u00edda\n\t\t<\/span><\/div>","aioseo_breadcrumb_json":[{"label":"Home","link":"https:\/\/serrafm879.com.br\/serrafm"},{"label":"Pol\u00edtica","link":"https:\/\/serrafm879.com.br\/serrafm\/categoria\/politica\/"},{"label":"Em entrevista, Raquel Lyra cita inc\u00f4modo com PSDB e admite poss\u00edvel sa\u00edda","link":"https:\/\/serrafm879.com.br\/serrafm\/2025\/02\/em-entrevista-raquel-lyra-cita-incomodo-com-psdb-e-admite-possivel-saida\/"}],"jetpack_publicize_connections":[],"jetpack_featured_media_url":"https:\/\/serrafm879.com.br\/serrafm\/wp-content\/uploads\/2024\/04\/raquel-lyra.png","jetpack_shortlink":"https:\/\/wp.me\/p7HyXg-5oZ","jetpack_sharing_enabled":true,"_links":{"self":[{"href":"https:\/\/serrafm879.com.br\/serrafm\/wp-json\/wp\/v2\/posts\/20769","targetHints":{"allow":["GET"]}}],"collection":[{"href":"https:\/\/serrafm879.com.br\/serrafm\/wp-json\/wp\/v2\/posts"}],"about":[{"href":"https:\/\/serrafm879.com.br\/serrafm\/wp-json\/wp\/v2\/types\/post"}],"author":[{"embeddable":true,"href":"https:\/\/serrafm879.com.br\/serrafm\/wp-json\/wp\/v2\/users\/2"}],"replies":[{"embeddable":true,"href":"https:\/\/serrafm879.com.br\/serrafm\/wp-json\/wp\/v2\/comments?post=20769"}],"version-history":[{"count":1,"href":"https:\/\/serrafm879.com.br\/serrafm\/wp-json\/wp\/v2\/posts\/20769\/revisions"}],"predecessor-version":[{"id":20770,"href":"https:\/\/serrafm879.com.br\/serrafm\/wp-json\/wp\/v2\/posts\/20769\/revisions\/20770"}],"wp:featuredmedia":[{"embeddable":true,"href":"https:\/\/serrafm879.com.br\/serrafm\/wp-json\/wp\/v2\/media\/15869"}],"wp:attachment":[{"href":"https:\/\/serrafm879.com.br\/serrafm\/wp-json\/wp\/v2\/media?parent=20769"}],"wp:term":[{"taxonomy":"category","embeddable":true,"href":"https:\/\/serrafm879.com.br\/serrafm\/wp-json\/wp\/v2\/categories?post=20769"},{"taxonomy":"post_tag","embeddable":true,"href":"https:\/\/serrafm879.com.br\/serrafm\/wp-json\/wp\/v2\/tags?post=20769"}],"curies":[{"name":"wp","href":"https:\/\/api.w.org\/{rel}","templated":true}]}}