{"id":20772,"date":"2025-02-17T17:04:59","date_gmt":"2025-02-17T20:04:59","guid":{"rendered":"https:\/?p=20772"},"modified":"2025-02-17T17:04:59","modified_gmt":"2025-02-17T20:04:59","slug":"prefeitura-de-st-inaugura-anexo-de-creche-no-jardim-das-oliveiras","status":"publish","type":"post","link":"https:\/\/serrafm879.com.br\/serrafm\/2025\/02\/prefeitura-de-st-inaugura-anexo-de-creche-no-jardim-das-oliveiras\/","title":{"rendered":"Prefeitura de ST inaugura anexo de creche no Jardim das Oliveiras"},"content":{"rendered":"<p>A Prefeitura de Serra Talhada, por meio da Secretaria de Educa\u00e7\u00e3o, inaugurou nesta segunda-feira (17) o anexo da Creche Anny Carolyne, no bairro Jardim das Oliveiras.<\/p>\n<p>A nova estrutura amplia a oferta de vagas na educa\u00e7\u00e3o infantil, beneficiando 80 crian\u00e7as da comunidade, em um ambiente moderno e totalmente equipado para garantir conforto e seguran\u00e7a.<\/p>\n<p>\u201cA educa\u00e7\u00e3o sempre foi prioridade na nossa gest\u00e3o, e entregar esse espa\u00e7o significa proporcionar mais qualidade no ensino e acolhimento para nossas crian\u00e7as. Estamos investindo na infraestrutura das escolas para garantir que os pequenos tenham um ambiente adequado para seu desenvolvimento\u201d, destacou a prefeita M\u00e1rcia Conrado.<\/p>\n<p>O anexo conta com quatro salas de aula climatizadas, banheiros para alunos e funcion\u00e1rios, recep\u00e7\u00e3o, secretaria, espa\u00e7o multiuso coberto, parquinho infantil, cozinha, dep\u00f3sito de merenda, \u00e1rea de servi\u00e7o e dep\u00f3sito geral.<\/p>\n<p><img loading=\"lazy\" decoding=\"async\" data-attachment-id=\"20773\" data-permalink=\"https:\/\/serrafm879.com.br\/serrafm\/2025\/02\/prefeitura-de-st-inaugura-anexo-de-creche-no-jardim-das-oliveiras\/creche-anny-karoline-jardim3-1024x683\/\" data-orig-file=\"https:\/\/serrafm879.com.br\/serrafm\/wp-content\/uploads\/2025\/02\/creche-anny-karoline-jardim3-1024x683-1.jpeg\" data-orig-size=\"1024,683\" data-comments-opened=\"1\" data-image-meta=\"{&quot;aperture&quot;:&quot;0&quot;,&quot;credit&quot;:&quot;&quot;,&quot;camera&quot;:&quot;&quot;,&quot;caption&quot;:&quot;&quot;,&quot;created_timestamp&quot;:&quot;0&quot;,&quot;copyright&quot;:&quot;&quot;,&quot;focal_length&quot;:&quot;0&quot;,&quot;iso&quot;:&quot;0&quot;,&quot;shutter_speed&quot;:&quot;0&quot;,&quot;title&quot;:&quot;&quot;,&quot;orientation&quot;:&quot;0&quot;}\" data-image-title=\"creche-anny-karoline-jardim3-1024&amp;#215;683\" data-image-description=\"\" data-image-caption=\"\" data-large-file=\"https:\/\/serrafm879.com.br\/serrafm\/wp-content\/uploads\/2025\/02\/creche-anny-karoline-jardim3-1024x683-1.jpeg\" class=\"size-medium wp-image-20773 aligncenter\" src=\"http:\/\/serrafm879.com.br\/wp-content\/uploads\/2025\/02\/creche-anny-karoline-jardim3-1024x683-1-300x200.jpeg\" alt=\"\" width=\"300\" height=\"200\" srcset=\"https:\/\/serrafm879.com.br\/serrafm\/wp-content\/uploads\/2025\/02\/creche-anny-karoline-jardim3-1024x683-1-300x200.jpeg 300w, https:\/\/serrafm879.com.br\/serrafm\/wp-content\/uploads\/2025\/02\/creche-anny-karoline-jardim3-1024x683-1-768x512.jpeg 768w, https:\/\/serrafm879.com.br\/serrafm\/wp-content\/uploads\/2025\/02\/creche-anny-karoline-jardim3-1024x683-1.jpeg 1024w\" sizes=\"auto, (max-width: 300px) 100vw, 300px\" \/><\/p>\n<p>Al\u00e9m disso, a unidade passou por servi\u00e7os de pintura, revis\u00e3o das instala\u00e7\u00f5es el\u00e9tricas e hidr\u00e1ulicas, pintura art\u00edstica, constru\u00e7\u00e3o do parquinho e revis\u00e3o da coberta.<\/p>\n<p>\u201cNosso compromisso \u00e9 fortalecer a rede municipal de ensino, oferecendo espa\u00e7os adequados para o aprendizado das nossas crian\u00e7as. A amplia\u00e7\u00e3o dessa creche representa mais acesso \u00e0 educa\u00e7\u00e3o infantil de qualidade, beneficiando diretamente as fam\u00edlias do bairro\u201d, afirmou o secret\u00e1rio de Educa\u00e7\u00e3o, Edmar Junior.<\/p>\n<p><img loading=\"lazy\" decoding=\"async\" data-attachment-id=\"20774\" data-permalink=\"https:\/\/serrafm879.com.br\/serrafm\/2025\/02\/prefeitura-de-st-inaugura-anexo-de-creche-no-jardim-das-oliveiras\/creche-anny-karoline-jardim2-1024x683\/\" data-orig-file=\"https:\/\/serrafm879.com.br\/serrafm\/wp-content\/uploads\/2025\/02\/creche-anny-karoline-jardim2-1024x683-1.jpeg\" data-orig-size=\"1024,683\" data-comments-opened=\"1\" data-image-meta=\"{&quot;aperture&quot;:&quot;0&quot;,&quot;credit&quot;:&quot;&quot;,&quot;camera&quot;:&quot;&quot;,&quot;caption&quot;:&quot;&quot;,&quot;created_timestamp&quot;:&quot;0&quot;,&quot;copyright&quot;:&quot;&quot;,&quot;focal_length&quot;:&quot;0&quot;,&quot;iso&quot;:&quot;0&quot;,&quot;shutter_speed&quot;:&quot;0&quot;,&quot;title&quot;:&quot;&quot;,&quot;orientation&quot;:&quot;0&quot;}\" data-image-title=\"creche-anny-karoline-jardim2-1024&amp;#215;683\" data-image-description=\"\" data-image-caption=\"\" data-large-file=\"https:\/\/serrafm879.com.br\/serrafm\/wp-content\/uploads\/2025\/02\/creche-anny-karoline-jardim2-1024x683-1.jpeg\" class=\" wp-image-20774 aligncenter\" src=\"http:\/\/serrafm879.com.br\/wp-content\/uploads\/2025\/02\/creche-anny-karoline-jardim2-1024x683-1-300x200.jpeg\" alt=\"\" width=\"348\" height=\"232\" srcset=\"https:\/\/serrafm879.com.br\/serrafm\/wp-content\/uploads\/2025\/02\/creche-anny-karoline-jardim2-1024x683-1-300x200.jpeg 300w, https:\/\/serrafm879.com.br\/serrafm\/wp-content\/uploads\/2025\/02\/creche-anny-karoline-jardim2-1024x683-1-768x512.jpeg 768w, https:\/\/serrafm879.com.br\/serrafm\/wp-content\/uploads\/2025\/02\/creche-anny-karoline-jardim2-1024x683-1.jpeg 1024w\" sizes=\"auto, (max-width: 348px) 100vw, 348px\" \/><\/p>\n","protected":false},"excerpt":{"rendered":"<p>A Prefeitura de Serra Talhada, por meio da Secretaria de Educa\u00e7\u00e3o, inaugurou nesta segunda-feira (17) o anexo da Creche Anny Carolyne, no bairro Jardim das Oliveiras. A nova estrutura amplia a oferta de vagas na educa\u00e7\u00e3o infantil, beneficiando 80 crian\u00e7as da comunidade, em um ambiente moderno e totalmente equipado para garantir conforto e seguran\u00e7a. \u201cA educa\u00e7\u00e3o sempre foi prioridade na nossa gest\u00e3o, e entregar esse espa\u00e7o significa proporcionar mais qualidade no ensino e acolhimento para nossas crian\u00e7as. Estamos investindo na infraestrutura das escolas para garantir que os pequenos tenham um ambiente adequado para seu desenvolvimento\u201d, destacou a prefeita M\u00e1rcia Conrado. [&hellip;]<\/p>\n","protected":false},"author":2,"featured_media":20775,"comment_status":"open","ping_status":"open","sticky":false,"template":"","format":"standard","meta":{"_jetpack_newsletter_access":"","_jetpack_dont_email_post_to_subs":false,"_jetpack_newsletter_tier_id":0,"_jetpack_memberships_contains_paywalled_content":false,"_jetpack_feature_clip_id":0,"_jetpack_memberships_contains_paid_content":false,"footnotes":"","jetpack_publicize_message":"","jetpack_publicize_feature_enabled":true,"jetpack_social_post_already_shared":true,"jetpack_social_options":{"image_generator_settings":{"template":"highway","default_image_id":0,"font":"","enabled":false},"version":2},"jetpack_post_was_ever_published":false},"categories":[1],"tags":[],"class_list":["post-20772","post","type-post","status-publish","format-standard","has-post-thumbnail","hentry","category-uncategorized"],"aioseo_notices":[],"aioseo_head":"\n\t\t<!-- All in One SEO 4.9.10 - aioseo.com -->\n\t<meta name=\"description\" content=\"A Prefeitura de Serra Talhada, por meio da Secretaria de Educa\u00e7\u00e3o, inaugurou nesta segunda-feira (17) o anexo da Creche Anny Carolyne, no bairro Jardim das Oliveiras. A nova estrutura amplia a oferta de vagas na educa\u00e7\u00e3o infantil, beneficiando 80 crian\u00e7as da comunidade, em um ambiente moderno e totalmente equipado para garantir conforto e seguran\u00e7a. \u201cA\" \/>\n\t<meta name=\"robots\" content=\"max-image-preview:large\" \/>\n\t<meta name=\"author\" content=\"serrafm87\"\/>\n\t<link rel=\"canonical\" href=\"https:\/\/serrafm879.com.br\/serrafm\/2025\/02\/prefeitura-de-st-inaugura-anexo-de-creche-no-jardim-das-oliveiras\/\" \/>\n\t<meta name=\"generator\" content=\"All in One SEO (AIOSEO) 4.9.10\" \/>\n\t\t<meta name=\"twitter:card\" content=\"summary_large_image\" \/>\n\t\t<meta name=\"twitter:title\" content=\"Prefeitura de ST inaugura anexo de creche no Jardim das Oliveiras - Serra FM 87,9\" \/>\n\t\t<meta name=\"twitter:description\" content=\"A Prefeitura de Serra Talhada, por meio da Secretaria de Educa\u00e7\u00e3o, inaugurou nesta segunda-feira (17) o anexo da Creche Anny Carolyne, no bairro Jardim das Oliveiras. A nova estrutura amplia a oferta de vagas na educa\u00e7\u00e3o infantil, beneficiando 80 crian\u00e7as da comunidade, em um ambiente moderno e totalmente equipado para garantir conforto e seguran\u00e7a. \u201cA\" \/>\n\t\t<meta name=\"twitter:image\" content=\"https:\/\/serrafm879.com.br\/serrafm\/wp-content\/uploads\/2025\/02\/creche-anny-karoline-jardim1-1024x683-1.jpeg\" \/>\n\t\t<script type=\"application\/ld+json\" class=\"aioseo-schema\">\n\t\t\t{\"@context\":\"https:\\\/\\\/schema.org\",\"@graph\":[{\"@type\":\"BlogPosting\",\"@id\":\"https:\\\/\\\/serrafm879.com.br\\\/serrafm\\\/2025\\\/02\\\/prefeitura-de-st-inaugura-anexo-de-creche-no-jardim-das-oliveiras\\\/#blogposting\",\"name\":\"Prefeitura de ST inaugura anexo de creche no Jardim das Oliveiras - Serra FM 87,9\",\"headline\":\"Prefeitura de ST inaugura anexo de creche no Jardim das Oliveiras\",\"author\":{\"@id\":\"https:\\\/\\\/serrafm879.com.br\\\/serrafm\\\/author\\\/serrafm87\\\/#author\"},\"publisher\":{\"@id\":\"https:\\\/\\\/serrafm879.com.br\\\/serrafm\\\/#organization\"},\"image\":{\"@type\":\"ImageObject\",\"url\":\"https:\\\/\\\/serrafm879.com.br\\\/serrafm\\\/wp-content\\\/uploads\\\/2025\\\/02\\\/creche-anny-karoline-jardim1-1024x683-1.jpeg\",\"width\":1024,\"height\":683},\"datePublished\":\"2025-02-17T17:04:59-03:00\",\"dateModified\":\"2025-02-17T17:04:59-03:00\",\"inLanguage\":\"pt-BR\",\"mainEntityOfPage\":{\"@id\":\"https:\\\/\\\/serrafm879.com.br\\\/serrafm\\\/2025\\\/02\\\/prefeitura-de-st-inaugura-anexo-de-creche-no-jardim-das-oliveiras\\\/#webpage\"},\"isPartOf\":{\"@id\":\"https:\\\/\\\/serrafm879.com.br\\\/serrafm\\\/2025\\\/02\\\/prefeitura-de-st-inaugura-anexo-de-creche-no-jardim-das-oliveiras\\\/#webpage\"},\"articleSection\":\"Uncategorized\"},{\"@type\":\"BreadcrumbList\",\"@id\":\"https:\\\/\\\/serrafm879.com.br\\\/serrafm\\\/2025\\\/02\\\/prefeitura-de-st-inaugura-anexo-de-creche-no-jardim-das-oliveiras\\\/#breadcrumblist\",\"itemListElement\":[{\"@type\":\"ListItem\",\"@id\":\"https:\\\/\\\/serrafm879.com.br\\\/serrafm#listItem\",\"position\":1,\"name\":\"Home\",\"item\":\"https:\\\/\\\/serrafm879.com.br\\\/serrafm\",\"nextItem\":{\"@type\":\"ListItem\",\"@id\":\"https:\\\/\\\/serrafm879.com.br\\\/serrafm\\\/categoria\\\/uncategorized\\\/#listItem\",\"name\":\"Uncategorized\"}},{\"@type\":\"ListItem\",\"@id\":\"https:\\\/\\\/serrafm879.com.br\\\/serrafm\\\/categoria\\\/uncategorized\\\/#listItem\",\"position\":2,\"name\":\"Uncategorized\",\"item\":\"https:\\\/\\\/serrafm879.com.br\\\/serrafm\\\/categoria\\\/uncategorized\\\/\",\"nextItem\":{\"@type\":\"ListItem\",\"@id\":\"https:\\\/\\\/serrafm879.com.br\\\/serrafm\\\/2025\\\/02\\\/prefeitura-de-st-inaugura-anexo-de-creche-no-jardim-das-oliveiras\\\/#listItem\",\"name\":\"Prefeitura de ST inaugura anexo de creche no Jardim das Oliveiras\"},\"previousItem\":{\"@type\":\"ListItem\",\"@id\":\"https:\\\/\\\/serrafm879.com.br\\\/serrafm#listItem\",\"name\":\"Home\"}},{\"@type\":\"ListItem\",\"@id\":\"https:\\\/\\\/serrafm879.com.br\\\/serrafm\\\/2025\\\/02\\\/prefeitura-de-st-inaugura-anexo-de-creche-no-jardim-das-oliveiras\\\/#listItem\",\"position\":3,\"name\":\"Prefeitura de ST inaugura anexo de creche no Jardim das Oliveiras\",\"previousItem\":{\"@type\":\"ListItem\",\"@id\":\"https:\\\/\\\/serrafm879.com.br\\\/serrafm\\\/categoria\\\/uncategorized\\\/#listItem\",\"name\":\"Uncategorized\"}}]},{\"@type\":\"Organization\",\"@id\":\"https:\\\/\\\/serrafm879.com.br\\\/serrafm\\\/#organization\",\"name\":\"Serra FM 87,9\",\"description\":\"O seu novo amor!\",\"url\":\"https:\\\/\\\/serrafm879.com.br\\\/serrafm\\\/\"},{\"@type\":\"Person\",\"@id\":\"https:\\\/\\\/serrafm879.com.br\\\/serrafm\\\/author\\\/serrafm87\\\/#author\",\"url\":\"https:\\\/\\\/serrafm879.com.br\\\/serrafm\\\/author\\\/serrafm87\\\/\",\"name\":\"serrafm87\",\"image\":{\"@type\":\"ImageObject\",\"@id\":\"https:\\\/\\\/serrafm879.com.br\\\/serrafm\\\/2025\\\/02\\\/prefeitura-de-st-inaugura-anexo-de-creche-no-jardim-das-oliveiras\\\/#authorImage\",\"url\":\"https:\\\/\\\/secure.gravatar.com\\\/avatar\\\/a743233f1112d34f48bb3dc9559b76eb930bab8b27175856cba6362608736235?s=96&d=mm&r=g\",\"width\":96,\"height\":96,\"caption\":\"serrafm87\"}},{\"@type\":\"WebPage\",\"@id\":\"https:\\\/\\\/serrafm879.com.br\\\/serrafm\\\/2025\\\/02\\\/prefeitura-de-st-inaugura-anexo-de-creche-no-jardim-das-oliveiras\\\/#webpage\",\"url\":\"https:\\\/\\\/serrafm879.com.br\\\/serrafm\\\/2025\\\/02\\\/prefeitura-de-st-inaugura-anexo-de-creche-no-jardim-das-oliveiras\\\/\",\"name\":\"Prefeitura de ST inaugura anexo de creche no Jardim das Oliveiras - Serra FM 87,9\",\"description\":\"A Prefeitura de Serra Talhada, por meio da Secretaria de Educa\\u00e7\\u00e3o, inaugurou nesta segunda-feira (17) o anexo da Creche Anny Carolyne, no bairro Jardim das Oliveiras. A nova estrutura amplia a oferta de vagas na educa\\u00e7\\u00e3o infantil, beneficiando 80 crian\\u00e7as da comunidade, em um ambiente moderno e totalmente equipado para garantir conforto e seguran\\u00e7a. \\u201cA\",\"inLanguage\":\"pt-BR\",\"isPartOf\":{\"@id\":\"https:\\\/\\\/serrafm879.com.br\\\/serrafm\\\/#website\"},\"breadcrumb\":{\"@id\":\"https:\\\/\\\/serrafm879.com.br\\\/serrafm\\\/2025\\\/02\\\/prefeitura-de-st-inaugura-anexo-de-creche-no-jardim-das-oliveiras\\\/#breadcrumblist\"},\"author\":{\"@id\":\"https:\\\/\\\/serrafm879.com.br\\\/serrafm\\\/author\\\/serrafm87\\\/#author\"},\"creator\":{\"@id\":\"https:\\\/\\\/serrafm879.com.br\\\/serrafm\\\/author\\\/serrafm87\\\/#author\"},\"image\":{\"@type\":\"ImageObject\",\"url\":\"https:\\\/\\\/serrafm879.com.br\\\/serrafm\\\/wp-content\\\/uploads\\\/2025\\\/02\\\/creche-anny-karoline-jardim1-1024x683-1.jpeg\",\"@id\":\"https:\\\/\\\/serrafm879.com.br\\\/serrafm\\\/2025\\\/02\\\/prefeitura-de-st-inaugura-anexo-de-creche-no-jardim-das-oliveiras\\\/#mainImage\",\"width\":1024,\"height\":683},\"primaryImageOfPage\":{\"@id\":\"https:\\\/\\\/serrafm879.com.br\\\/serrafm\\\/2025\\\/02\\\/prefeitura-de-st-inaugura-anexo-de-creche-no-jardim-das-oliveiras\\\/#mainImage\"},\"datePublished\":\"2025-02-17T17:04:59-03:00\",\"dateModified\":\"2025-02-17T17:04:59-03:00\"},{\"@type\":\"WebSite\",\"@id\":\"https:\\\/\\\/serrafm879.com.br\\\/serrafm\\\/#website\",\"url\":\"https:\\\/\\\/serrafm879.com.br\\\/serrafm\\\/\",\"name\":\"Serra FM 87,9\",\"description\":\"O seu novo amor!\",\"inLanguage\":\"pt-BR\",\"publisher\":{\"@id\":\"https:\\\/\\\/serrafm879.com.br\\\/serrafm\\\/#organization\"}}]}\n\t\t<\/script>\n\t\t<!-- All in One SEO -->\n\n","aioseo_head_json":{"title":"Prefeitura de ST inaugura anexo de creche no Jardim das Oliveiras - Serra FM 87,9","description":"A Prefeitura de Serra Talhada, por meio da Secretaria de Educa\u00e7\u00e3o, inaugurou nesta segunda-feira (17) o anexo da Creche Anny Carolyne, no bairro Jardim das Oliveiras. A nova estrutura amplia a oferta de vagas na educa\u00e7\u00e3o infantil, beneficiando 80 crian\u00e7as da comunidade, em um ambiente moderno e totalmente equipado para garantir conforto e seguran\u00e7a. \u201cA","canonical_url":"https:\/\/serrafm879.com.br\/serrafm\/2025\/02\/prefeitura-de-st-inaugura-anexo-de-creche-no-jardim-das-oliveiras\/","robots":"max-image-preview:large","keywords":"","webmasterTools":{"miscellaneous":""},"schema":{"@context":"https:\/\/schema.org","@graph":[{"@type":"BlogPosting","@id":"https:\/\/serrafm879.com.br\/serrafm\/2025\/02\/prefeitura-de-st-inaugura-anexo-de-creche-no-jardim-das-oliveiras\/#blogposting","name":"Prefeitura de ST inaugura anexo de creche no Jardim das Oliveiras - Serra FM 87,9","headline":"Prefeitura de ST inaugura anexo de creche no Jardim das Oliveiras","author":{"@id":"https:\/\/serrafm879.com.br\/serrafm\/author\/serrafm87\/#author"},"publisher":{"@id":"https:\/\/serrafm879.com.br\/serrafm\/#organization"},"image":{"@type":"ImageObject","url":"https:\/\/serrafm879.com.br\/serrafm\/wp-content\/uploads\/2025\/02\/creche-anny-karoline-jardim1-1024x683-1.jpeg","width":1024,"height":683},"datePublished":"2025-02-17T17:04:59-03:00","dateModified":"2025-02-17T17:04:59-03:00","inLanguage":"pt-BR","mainEntityOfPage":{"@id":"https:\/\/serrafm879.com.br\/serrafm\/2025\/02\/prefeitura-de-st-inaugura-anexo-de-creche-no-jardim-das-oliveiras\/#webpage"},"isPartOf":{"@id":"https:\/\/serrafm879.com.br\/serrafm\/2025\/02\/prefeitura-de-st-inaugura-anexo-de-creche-no-jardim-das-oliveiras\/#webpage"},"articleSection":"Uncategorized"},{"@type":"BreadcrumbList","@id":"https:\/\/serrafm879.com.br\/serrafm\/2025\/02\/prefeitura-de-st-inaugura-anexo-de-creche-no-jardim-das-oliveiras\/#breadcrumblist","itemListElement":[{"@type":"ListItem","@id":"https:\/\/serrafm879.com.br\/serrafm#listItem","position":1,"name":"Home","item":"https:\/\/serrafm879.com.br\/serrafm","nextItem":{"@type":"ListItem","@id":"https:\/\/serrafm879.com.br\/serrafm\/categoria\/uncategorized\/#listItem","name":"Uncategorized"}},{"@type":"ListItem","@id":"https:\/\/serrafm879.com.br\/serrafm\/categoria\/uncategorized\/#listItem","position":2,"name":"Uncategorized","item":"https:\/\/serrafm879.com.br\/serrafm\/categoria\/uncategorized\/","nextItem":{"@type":"ListItem","@id":"https:\/\/serrafm879.com.br\/serrafm\/2025\/02\/prefeitura-de-st-inaugura-anexo-de-creche-no-jardim-das-oliveiras\/#listItem","name":"Prefeitura de ST inaugura anexo de creche no Jardim das Oliveiras"},"previousItem":{"@type":"ListItem","@id":"https:\/\/serrafm879.com.br\/serrafm#listItem","name":"Home"}},{"@type":"ListItem","@id":"https:\/\/serrafm879.com.br\/serrafm\/2025\/02\/prefeitura-de-st-inaugura-anexo-de-creche-no-jardim-das-oliveiras\/#listItem","position":3,"name":"Prefeitura de ST inaugura anexo de creche no Jardim das Oliveiras","previousItem":{"@type":"ListItem","@id":"https:\/\/serrafm879.com.br\/serrafm\/categoria\/uncategorized\/#listItem","name":"Uncategorized"}}]},{"@type":"Organization","@id":"https:\/\/serrafm879.com.br\/serrafm\/#organization","name":"Serra FM 87,9","description":"O seu novo amor!","url":"https:\/\/serrafm879.com.br\/serrafm\/"},{"@type":"Person","@id":"https:\/\/serrafm879.com.br\/serrafm\/author\/serrafm87\/#author","url":"https:\/\/serrafm879.com.br\/serrafm\/author\/serrafm87\/","name":"serrafm87","image":{"@type":"ImageObject","@id":"https:\/\/serrafm879.com.br\/serrafm\/2025\/02\/prefeitura-de-st-inaugura-anexo-de-creche-no-jardim-das-oliveiras\/#authorImage","url":"https:\/\/secure.gravatar.com\/avatar\/a743233f1112d34f48bb3dc9559b76eb930bab8b27175856cba6362608736235?s=96&d=mm&r=g","width":96,"height":96,"caption":"serrafm87"}},{"@type":"WebPage","@id":"https:\/\/serrafm879.com.br\/serrafm\/2025\/02\/prefeitura-de-st-inaugura-anexo-de-creche-no-jardim-das-oliveiras\/#webpage","url":"https:\/\/serrafm879.com.br\/serrafm\/2025\/02\/prefeitura-de-st-inaugura-anexo-de-creche-no-jardim-das-oliveiras\/","name":"Prefeitura de ST inaugura anexo de creche no Jardim das Oliveiras - Serra FM 87,9","description":"A Prefeitura de Serra Talhada, por meio da Secretaria de Educa\u00e7\u00e3o, inaugurou nesta segunda-feira (17) o anexo da Creche Anny Carolyne, no bairro Jardim das Oliveiras. A nova estrutura amplia a oferta de vagas na educa\u00e7\u00e3o infantil, beneficiando 80 crian\u00e7as da comunidade, em um ambiente moderno e totalmente equipado para garantir conforto e seguran\u00e7a. \u201cA","inLanguage":"pt-BR","isPartOf":{"@id":"https:\/\/serrafm879.com.br\/serrafm\/#website"},"breadcrumb":{"@id":"https:\/\/serrafm879.com.br\/serrafm\/2025\/02\/prefeitura-de-st-inaugura-anexo-de-creche-no-jardim-das-oliveiras\/#breadcrumblist"},"author":{"@id":"https:\/\/serrafm879.com.br\/serrafm\/author\/serrafm87\/#author"},"creator":{"@id":"https:\/\/serrafm879.com.br\/serrafm\/author\/serrafm87\/#author"},"image":{"@type":"ImageObject","url":"https:\/\/serrafm879.com.br\/serrafm\/wp-content\/uploads\/2025\/02\/creche-anny-karoline-jardim1-1024x683-1.jpeg","@id":"https:\/\/serrafm879.com.br\/serrafm\/2025\/02\/prefeitura-de-st-inaugura-anexo-de-creche-no-jardim-das-oliveiras\/#mainImage","width":1024,"height":683},"primaryImageOfPage":{"@id":"https:\/\/serrafm879.com.br\/serrafm\/2025\/02\/prefeitura-de-st-inaugura-anexo-de-creche-no-jardim-das-oliveiras\/#mainImage"},"datePublished":"2025-02-17T17:04:59-03:00","dateModified":"2025-02-17T17:04:59-03:00"},{"@type":"WebSite","@id":"https:\/\/serrafm879.com.br\/serrafm\/#website","url":"https:\/\/serrafm879.com.br\/serrafm\/","name":"Serra FM 87,9","description":"O seu novo amor!","inLanguage":"pt-BR","publisher":{"@id":"https:\/\/serrafm879.com.br\/serrafm\/#organization"}}]},"twitter:card":"summary_large_image","twitter:title":"Prefeitura de ST inaugura anexo de creche no Jardim das Oliveiras - Serra FM 87,9","twitter:description":"A Prefeitura de Serra Talhada, por meio da Secretaria de Educa\u00e7\u00e3o, inaugurou nesta segunda-feira (17) o anexo da Creche Anny Carolyne, no bairro Jardim das Oliveiras. A nova estrutura amplia a oferta de vagas na educa\u00e7\u00e3o infantil, beneficiando 80 crian\u00e7as da comunidade, em um ambiente moderno e totalmente equipado para garantir conforto e seguran\u00e7a. \u201cA","twitter:image":"https:\/\/serrafm879.com.br\/serrafm\/wp-content\/uploads\/2025\/02\/creche-anny-karoline-jardim1-1024x683-1.jpeg"},"aioseo_meta_data":{"post_id":"20772","title":null,"description":null,"keywords":null,"keyphrases":null,"primary_term":null,"canonical_url":null,"og_title":null,"og_description":null,"og_object_type":"default","og_image_type":"default","og_image_custom_url":null,"og_image_custom_fields":null,"og_image_url":null,"og_image_width":null,"og_image_height":null,"og_video":null,"og_custom_url":null,"og_article_section":null,"og_article_tags":null,"twitter_use_og":false,"twitter_card":"default","twitter_image_type":"default","twitter_image_custom_url":null,"twitter_image_custom_fields":null,"twitter_image_url":null,"twitter_title":null,"twitter_description":null,"schema_type":"default","schema_type_options":null,"schema":{"blockGraphs":[],"customGraphs":[],"default":{"data":{"Article":[],"Course":[],"Dataset":[],"FAQPage":[],"Movie":[],"Person":[],"Product":[],"ProductReview":[],"Car":[],"Recipe":[],"Service":[],"SoftwareApplication":[],"WebPage":[]},"graphName":"","isEnabled":true},"graphs":[]},"pillar_content":false,"robots_default":true,"robots_noindex":false,"robots_noarchive":false,"robots_nosnippet":false,"robots_nofollow":false,"robots_noimageindex":false,"robots_noodp":false,"robots_notranslate":false,"robots_max_snippet":null,"robots_max_videopreview":null,"robots_max_imagepreview":"large","priority":null,"frequency":null,"local_seo":null,"limit_modified_date":false,"ai":null,"breadcrumb_settings":null,"seo_analyzer_scan_date":null,"created":"2026-07-21 13:50:27","updated":"2026-07-21 13:50:27"},"aioseo_breadcrumb":"<div class=\"aioseo-breadcrumbs\"><span class=\"aioseo-breadcrumb\">\n\t\t\t<a href=\"https:\/\/serrafm879.com.br\/serrafm\" title=\"Home\">Home<\/a>\n\t\t<\/span><span class=\"aioseo-breadcrumb-separator\">&raquo;<\/span><span class=\"aioseo-breadcrumb\">\n\t\t\t<a href=\"https:\/\/serrafm879.com.br\/serrafm\/categoria\/uncategorized\/\" title=\"Uncategorized\">Uncategorized<\/a>\n\t\t<\/span><span class=\"aioseo-breadcrumb-separator\">&raquo;<\/span><span class=\"aioseo-breadcrumb\">\n\t\t\tPrefeitura de ST inaugura anexo de creche no Jardim das Oliveiras\n\t\t<\/span><\/div>","aioseo_breadcrumb_json":[{"label":"Home","link":"https:\/\/serrafm879.com.br\/serrafm"},{"label":"Uncategorized","link":"https:\/\/serrafm879.com.br\/serrafm\/categoria\/uncategorized\/"},{"label":"Prefeitura de ST inaugura anexo de creche no Jardim das Oliveiras","link":"https:\/\/serrafm879.com.br\/serrafm\/2025\/02\/prefeitura-de-st-inaugura-anexo-de-creche-no-jardim-das-oliveiras\/"}],"jetpack_publicize_connections":[],"jetpack_featured_media_url":"https:\/\/serrafm879.com.br\/serrafm\/wp-content\/uploads\/2025\/02\/creche-anny-karoline-jardim1-1024x683-1.jpeg","jetpack_shortlink":"https:\/\/wp.me\/p7HyXg-5p2","jetpack_sharing_enabled":true,"_links":{"self":[{"href":"https:\/\/serrafm879.com.br\/serrafm\/wp-json\/wp\/v2\/posts\/20772","targetHints":{"allow":["GET"]}}],"collection":[{"href":"https:\/\/serrafm879.com.br\/serrafm\/wp-json\/wp\/v2\/posts"}],"about":[{"href":"https:\/\/serrafm879.com.br\/serrafm\/wp-json\/wp\/v2\/types\/post"}],"author":[{"embeddable":true,"href":"https:\/\/serrafm879.com.br\/serrafm\/wp-json\/wp\/v2\/users\/2"}],"replies":[{"embeddable":true,"href":"https:\/\/serrafm879.com.br\/serrafm\/wp-json\/wp\/v2\/comments?post=20772"}],"version-history":[{"count":1,"href":"https:\/\/serrafm879.com.br\/serrafm\/wp-json\/wp\/v2\/posts\/20772\/revisions"}],"predecessor-version":[{"id":20776,"href":"https:\/\/serrafm879.com.br\/serrafm\/wp-json\/wp\/v2\/posts\/20772\/revisions\/20776"}],"wp:featuredmedia":[{"embeddable":true,"href":"https:\/\/serrafm879.com.br\/serrafm\/wp-json\/wp\/v2\/media\/20775"}],"wp:attachment":[{"href":"https:\/\/serrafm879.com.br\/serrafm\/wp-json\/wp\/v2\/media?parent=20772"}],"wp:term":[{"taxonomy":"category","embeddable":true,"href":"https:\/\/serrafm879.com.br\/serrafm\/wp-json\/wp\/v2\/categories?post=20772"},{"taxonomy":"post_tag","embeddable":true,"href":"https:\/\/serrafm879.com.br\/serrafm\/wp-json\/wp\/v2\/tags?post=20772"}],"curies":[{"name":"wp","href":"https:\/\/api.w.org\/{rel}","templated":true}]}}