{"id":20811,"date":"2025-02-18T10:33:49","date_gmt":"2025-02-18T13:33:49","guid":{"rendered":"https:\/?p=20811"},"modified":"2025-02-18T10:33:49","modified_gmt":"2025-02-18T13:33:49","slug":"joao-nogueira-confirma-candidatura-a-reeleicao-no-afogados-fc","status":"publish","type":"post","link":"https:\/\/serrafm879.com.br\/serrafm\/2025\/02\/joao-nogueira-confirma-candidatura-a-reeleicao-no-afogados-fc\/","title":{"rendered":"Jo\u00e3o Nogueira confirma candidatura a reelei\u00e7\u00e3o no Afogados FC"},"content":{"rendered":"<p>Logo ap\u00f3s a confirma\u00e7\u00e3o do rebaixamento do Afogados da Ingazeira FC, o blog Paje\u00fa Agora entrou em contato com o presidente do clube, Jo\u00e3o Nogueira Lima, para informa\u00e7\u00f5es sobre o futuro da coruja do Sert\u00e3o.<\/p>\n<p>O mandat\u00e1rio do clube confirmou que ser\u00e1 candidato a reelei\u00e7\u00e3o, na pr\u00f3xima elei\u00e7\u00e3o que acontece em Junho. Jo\u00e3o Nogueira vai em busca do seu 4\u00ba mandato como presidente da Tricolor do Sert\u00e3o.<\/p>\n<p>Ainda de acordo com Jo\u00e3o, as categorias de base do time ser\u00e1 prioridade. Al\u00e9m de restrutura\u00e7\u00e3o financeira.<\/p>\n","protected":false},"excerpt":{"rendered":"<p>Logo ap\u00f3s a confirma\u00e7\u00e3o do rebaixamento do Afogados da Ingazeira FC, o blog Paje\u00fa Agora entrou em contato com o presidente do clube, Jo\u00e3o Nogueira Lima, para informa\u00e7\u00f5es sobre o futuro da coruja do Sert\u00e3o. O mandat\u00e1rio do clube confirmou que ser\u00e1 candidato a reelei\u00e7\u00e3o, na pr\u00f3xima elei\u00e7\u00e3o que acontece em Junho. Jo\u00e3o Nogueira vai em busca do seu 4\u00ba mandato como presidente da Tricolor do Sert\u00e3o. Ainda de acordo com Jo\u00e3o, as categorias de base do time ser\u00e1 prioridade. Al\u00e9m de restrutura\u00e7\u00e3o financeira.<\/p>\n","protected":false},"author":2,"featured_media":20812,"comment_status":"open","ping_status":"open","sticky":false,"template":"","format":"standard","meta":{"_jetpack_newsletter_access":"","_jetpack_dont_email_post_to_subs":false,"_jetpack_newsletter_tier_id":0,"_jetpack_memberships_contains_paywalled_content":false,"_jetpack_feature_clip_id":0,"_jetpack_memberships_contains_paid_content":false,"footnotes":"","jetpack_publicize_message":"","jetpack_publicize_feature_enabled":true,"jetpack_social_post_already_shared":true,"jetpack_social_options":{"image_generator_settings":{"template":"highway","default_image_id":0,"font":"","enabled":false},"version":2},"jetpack_post_was_ever_published":false},"categories":[1],"tags":[],"class_list":["post-20811","post","type-post","status-publish","format-standard","has-post-thumbnail","hentry","category-uncategorized"],"aioseo_notices":[],"aioseo_head":"\n\t\t<!-- All in One SEO 4.9.10 - aioseo.com -->\n\t<meta name=\"description\" content=\"Logo ap\u00f3s a confirma\u00e7\u00e3o do rebaixamento do Afogados da Ingazeira FC, o blog Paje\u00fa Agora entrou em contato com o presidente do clube, Jo\u00e3o Nogueira Lima, para informa\u00e7\u00f5es sobre o futuro da coruja do Sert\u00e3o. O mandat\u00e1rio do clube confirmou que ser\u00e1 candidato a reelei\u00e7\u00e3o, na pr\u00f3xima elei\u00e7\u00e3o que acontece em Junho. Jo\u00e3o Nogueira vai\" \/>\n\t<meta name=\"robots\" content=\"max-image-preview:large\" \/>\n\t<meta name=\"author\" content=\"serrafm87\"\/>\n\t<link rel=\"canonical\" href=\"https:\/\/serrafm879.com.br\/serrafm\/2025\/02\/joao-nogueira-confirma-candidatura-a-reeleicao-no-afogados-fc\/\" \/>\n\t<meta name=\"generator\" content=\"All in One SEO (AIOSEO) 4.9.10\" \/>\n\t\t<meta name=\"twitter:card\" content=\"summary_large_image\" \/>\n\t\t<meta name=\"twitter:title\" content=\"Jo\u00e3o Nogueira confirma candidatura a reelei\u00e7\u00e3o no Afogados FC - Serra FM 87,9\" \/>\n\t\t<meta name=\"twitter:description\" content=\"Logo ap\u00f3s a confirma\u00e7\u00e3o do rebaixamento do Afogados da Ingazeira FC, o blog Paje\u00fa Agora entrou em contato com o presidente do clube, Jo\u00e3o Nogueira Lima, para informa\u00e7\u00f5es sobre o futuro da coruja do Sert\u00e3o. O mandat\u00e1rio do clube confirmou que ser\u00e1 candidato a reelei\u00e7\u00e3o, na pr\u00f3xima elei\u00e7\u00e3o que acontece em Junho. Jo\u00e3o Nogueira vai\" \/>\n\t\t<meta name=\"twitter:image\" content=\"https:\/\/serrafm879.com.br\/serrafm\/wp-content\/uploads\/2025\/02\/Captura-de-tela-2025-02-18-103307.png\" \/>\n\t\t<script type=\"application\/ld+json\" class=\"aioseo-schema\">\n\t\t\t{\"@context\":\"https:\\\/\\\/schema.org\",\"@graph\":[{\"@type\":\"BlogPosting\",\"@id\":\"https:\\\/\\\/serrafm879.com.br\\\/serrafm\\\/2025\\\/02\\\/joao-nogueira-confirma-candidatura-a-reeleicao-no-afogados-fc\\\/#blogposting\",\"name\":\"Jo\\u00e3o Nogueira confirma candidatura a reelei\\u00e7\\u00e3o no Afogados FC - Serra FM 87,9\",\"headline\":\"Jo\\u00e3o Nogueira confirma candidatura a reelei\\u00e7\\u00e3o no Afogados FC\",\"author\":{\"@id\":\"https:\\\/\\\/serrafm879.com.br\\\/serrafm\\\/author\\\/serrafm87\\\/#author\"},\"publisher\":{\"@id\":\"https:\\\/\\\/serrafm879.com.br\\\/serrafm\\\/#organization\"},\"image\":{\"@type\":\"ImageObject\",\"url\":\"https:\\\/\\\/serrafm879.com.br\\\/serrafm\\\/wp-content\\\/uploads\\\/2025\\\/02\\\/Captura-de-tela-2025-02-18-103307.png\",\"width\":291,\"height\":200},\"datePublished\":\"2025-02-18T10:33:49-03:00\",\"dateModified\":\"2025-02-18T10:33:49-03:00\",\"inLanguage\":\"pt-BR\",\"mainEntityOfPage\":{\"@id\":\"https:\\\/\\\/serrafm879.com.br\\\/serrafm\\\/2025\\\/02\\\/joao-nogueira-confirma-candidatura-a-reeleicao-no-afogados-fc\\\/#webpage\"},\"isPartOf\":{\"@id\":\"https:\\\/\\\/serrafm879.com.br\\\/serrafm\\\/2025\\\/02\\\/joao-nogueira-confirma-candidatura-a-reeleicao-no-afogados-fc\\\/#webpage\"},\"articleSection\":\"Uncategorized\"},{\"@type\":\"BreadcrumbList\",\"@id\":\"https:\\\/\\\/serrafm879.com.br\\\/serrafm\\\/2025\\\/02\\\/joao-nogueira-confirma-candidatura-a-reeleicao-no-afogados-fc\\\/#breadcrumblist\",\"itemListElement\":[{\"@type\":\"ListItem\",\"@id\":\"https:\\\/\\\/serrafm879.com.br\\\/serrafm#listItem\",\"position\":1,\"name\":\"Home\",\"item\":\"https:\\\/\\\/serrafm879.com.br\\\/serrafm\",\"nextItem\":{\"@type\":\"ListItem\",\"@id\":\"https:\\\/\\\/serrafm879.com.br\\\/serrafm\\\/categoria\\\/uncategorized\\\/#listItem\",\"name\":\"Uncategorized\"}},{\"@type\":\"ListItem\",\"@id\":\"https:\\\/\\\/serrafm879.com.br\\\/serrafm\\\/categoria\\\/uncategorized\\\/#listItem\",\"position\":2,\"name\":\"Uncategorized\",\"item\":\"https:\\\/\\\/serrafm879.com.br\\\/serrafm\\\/categoria\\\/uncategorized\\\/\",\"nextItem\":{\"@type\":\"ListItem\",\"@id\":\"https:\\\/\\\/serrafm879.com.br\\\/serrafm\\\/2025\\\/02\\\/joao-nogueira-confirma-candidatura-a-reeleicao-no-afogados-fc\\\/#listItem\",\"name\":\"Jo\\u00e3o Nogueira confirma candidatura a reelei\\u00e7\\u00e3o no Afogados FC\"},\"previousItem\":{\"@type\":\"ListItem\",\"@id\":\"https:\\\/\\\/serrafm879.com.br\\\/serrafm#listItem\",\"name\":\"Home\"}},{\"@type\":\"ListItem\",\"@id\":\"https:\\\/\\\/serrafm879.com.br\\\/serrafm\\\/2025\\\/02\\\/joao-nogueira-confirma-candidatura-a-reeleicao-no-afogados-fc\\\/#listItem\",\"position\":3,\"name\":\"Jo\\u00e3o Nogueira confirma candidatura a reelei\\u00e7\\u00e3o no Afogados FC\",\"previousItem\":{\"@type\":\"ListItem\",\"@id\":\"https:\\\/\\\/serrafm879.com.br\\\/serrafm\\\/categoria\\\/uncategorized\\\/#listItem\",\"name\":\"Uncategorized\"}}]},{\"@type\":\"Organization\",\"@id\":\"https:\\\/\\\/serrafm879.com.br\\\/serrafm\\\/#organization\",\"name\":\"Serra FM 87,9\",\"description\":\"O seu novo amor!\",\"url\":\"https:\\\/\\\/serrafm879.com.br\\\/serrafm\\\/\"},{\"@type\":\"Person\",\"@id\":\"https:\\\/\\\/serrafm879.com.br\\\/serrafm\\\/author\\\/serrafm87\\\/#author\",\"url\":\"https:\\\/\\\/serrafm879.com.br\\\/serrafm\\\/author\\\/serrafm87\\\/\",\"name\":\"serrafm87\",\"image\":{\"@type\":\"ImageObject\",\"@id\":\"https:\\\/\\\/serrafm879.com.br\\\/serrafm\\\/2025\\\/02\\\/joao-nogueira-confirma-candidatura-a-reeleicao-no-afogados-fc\\\/#authorImage\",\"url\":\"https:\\\/\\\/secure.gravatar.com\\\/avatar\\\/a743233f1112d34f48bb3dc9559b76eb930bab8b27175856cba6362608736235?s=96&d=mm&r=g\",\"width\":96,\"height\":96,\"caption\":\"serrafm87\"}},{\"@type\":\"WebPage\",\"@id\":\"https:\\\/\\\/serrafm879.com.br\\\/serrafm\\\/2025\\\/02\\\/joao-nogueira-confirma-candidatura-a-reeleicao-no-afogados-fc\\\/#webpage\",\"url\":\"https:\\\/\\\/serrafm879.com.br\\\/serrafm\\\/2025\\\/02\\\/joao-nogueira-confirma-candidatura-a-reeleicao-no-afogados-fc\\\/\",\"name\":\"Jo\\u00e3o Nogueira confirma candidatura a reelei\\u00e7\\u00e3o no Afogados FC - Serra FM 87,9\",\"description\":\"Logo ap\\u00f3s a confirma\\u00e7\\u00e3o do rebaixamento do Afogados da Ingazeira FC, o blog Paje\\u00fa Agora entrou em contato com o presidente do clube, Jo\\u00e3o Nogueira Lima, para informa\\u00e7\\u00f5es sobre o futuro da coruja do Sert\\u00e3o. O mandat\\u00e1rio do clube confirmou que ser\\u00e1 candidato a reelei\\u00e7\\u00e3o, na pr\\u00f3xima elei\\u00e7\\u00e3o que acontece em Junho. Jo\\u00e3o Nogueira vai\",\"inLanguage\":\"pt-BR\",\"isPartOf\":{\"@id\":\"https:\\\/\\\/serrafm879.com.br\\\/serrafm\\\/#website\"},\"breadcrumb\":{\"@id\":\"https:\\\/\\\/serrafm879.com.br\\\/serrafm\\\/2025\\\/02\\\/joao-nogueira-confirma-candidatura-a-reeleicao-no-afogados-fc\\\/#breadcrumblist\"},\"author\":{\"@id\":\"https:\\\/\\\/serrafm879.com.br\\\/serrafm\\\/author\\\/serrafm87\\\/#author\"},\"creator\":{\"@id\":\"https:\\\/\\\/serrafm879.com.br\\\/serrafm\\\/author\\\/serrafm87\\\/#author\"},\"image\":{\"@type\":\"ImageObject\",\"url\":\"https:\\\/\\\/serrafm879.com.br\\\/serrafm\\\/wp-content\\\/uploads\\\/2025\\\/02\\\/Captura-de-tela-2025-02-18-103307.png\",\"@id\":\"https:\\\/\\\/serrafm879.com.br\\\/serrafm\\\/2025\\\/02\\\/joao-nogueira-confirma-candidatura-a-reeleicao-no-afogados-fc\\\/#mainImage\",\"width\":291,\"height\":200},\"primaryImageOfPage\":{\"@id\":\"https:\\\/\\\/serrafm879.com.br\\\/serrafm\\\/2025\\\/02\\\/joao-nogueira-confirma-candidatura-a-reeleicao-no-afogados-fc\\\/#mainImage\"},\"datePublished\":\"2025-02-18T10:33:49-03:00\",\"dateModified\":\"2025-02-18T10:33:49-03:00\"},{\"@type\":\"WebSite\",\"@id\":\"https:\\\/\\\/serrafm879.com.br\\\/serrafm\\\/#website\",\"url\":\"https:\\\/\\\/serrafm879.com.br\\\/serrafm\\\/\",\"name\":\"Serra FM 87,9\",\"description\":\"O seu novo amor!\",\"inLanguage\":\"pt-BR\",\"publisher\":{\"@id\":\"https:\\\/\\\/serrafm879.com.br\\\/serrafm\\\/#organization\"}}]}\n\t\t<\/script>\n\t\t<!-- All in One SEO -->\n\n","aioseo_head_json":{"title":"Jo\u00e3o Nogueira confirma candidatura a reelei\u00e7\u00e3o no Afogados FC - Serra FM 87,9","description":"Logo ap\u00f3s a confirma\u00e7\u00e3o do rebaixamento do Afogados da Ingazeira FC, o blog Paje\u00fa Agora entrou em contato com o presidente do clube, Jo\u00e3o Nogueira Lima, para informa\u00e7\u00f5es sobre o futuro da coruja do Sert\u00e3o. O mandat\u00e1rio do clube confirmou que ser\u00e1 candidato a reelei\u00e7\u00e3o, na pr\u00f3xima elei\u00e7\u00e3o que acontece em Junho. Jo\u00e3o Nogueira vai","canonical_url":"https:\/\/serrafm879.com.br\/serrafm\/2025\/02\/joao-nogueira-confirma-candidatura-a-reeleicao-no-afogados-fc\/","robots":"max-image-preview:large","keywords":"","webmasterTools":{"miscellaneous":""},"schema":{"@context":"https:\/\/schema.org","@graph":[{"@type":"BlogPosting","@id":"https:\/\/serrafm879.com.br\/serrafm\/2025\/02\/joao-nogueira-confirma-candidatura-a-reeleicao-no-afogados-fc\/#blogposting","name":"Jo\u00e3o Nogueira confirma candidatura a reelei\u00e7\u00e3o no Afogados FC - Serra FM 87,9","headline":"Jo\u00e3o Nogueira confirma candidatura a reelei\u00e7\u00e3o no Afogados FC","author":{"@id":"https:\/\/serrafm879.com.br\/serrafm\/author\/serrafm87\/#author"},"publisher":{"@id":"https:\/\/serrafm879.com.br\/serrafm\/#organization"},"image":{"@type":"ImageObject","url":"https:\/\/serrafm879.com.br\/serrafm\/wp-content\/uploads\/2025\/02\/Captura-de-tela-2025-02-18-103307.png","width":291,"height":200},"datePublished":"2025-02-18T10:33:49-03:00","dateModified":"2025-02-18T10:33:49-03:00","inLanguage":"pt-BR","mainEntityOfPage":{"@id":"https:\/\/serrafm879.com.br\/serrafm\/2025\/02\/joao-nogueira-confirma-candidatura-a-reeleicao-no-afogados-fc\/#webpage"},"isPartOf":{"@id":"https:\/\/serrafm879.com.br\/serrafm\/2025\/02\/joao-nogueira-confirma-candidatura-a-reeleicao-no-afogados-fc\/#webpage"},"articleSection":"Uncategorized"},{"@type":"BreadcrumbList","@id":"https:\/\/serrafm879.com.br\/serrafm\/2025\/02\/joao-nogueira-confirma-candidatura-a-reeleicao-no-afogados-fc\/#breadcrumblist","itemListElement":[{"@type":"ListItem","@id":"https:\/\/serrafm879.com.br\/serrafm#listItem","position":1,"name":"Home","item":"https:\/\/serrafm879.com.br\/serrafm","nextItem":{"@type":"ListItem","@id":"https:\/\/serrafm879.com.br\/serrafm\/categoria\/uncategorized\/#listItem","name":"Uncategorized"}},{"@type":"ListItem","@id":"https:\/\/serrafm879.com.br\/serrafm\/categoria\/uncategorized\/#listItem","position":2,"name":"Uncategorized","item":"https:\/\/serrafm879.com.br\/serrafm\/categoria\/uncategorized\/","nextItem":{"@type":"ListItem","@id":"https:\/\/serrafm879.com.br\/serrafm\/2025\/02\/joao-nogueira-confirma-candidatura-a-reeleicao-no-afogados-fc\/#listItem","name":"Jo\u00e3o Nogueira confirma candidatura a reelei\u00e7\u00e3o no Afogados FC"},"previousItem":{"@type":"ListItem","@id":"https:\/\/serrafm879.com.br\/serrafm#listItem","name":"Home"}},{"@type":"ListItem","@id":"https:\/\/serrafm879.com.br\/serrafm\/2025\/02\/joao-nogueira-confirma-candidatura-a-reeleicao-no-afogados-fc\/#listItem","position":3,"name":"Jo\u00e3o Nogueira confirma candidatura a reelei\u00e7\u00e3o no Afogados FC","previousItem":{"@type":"ListItem","@id":"https:\/\/serrafm879.com.br\/serrafm\/categoria\/uncategorized\/#listItem","name":"Uncategorized"}}]},{"@type":"Organization","@id":"https:\/\/serrafm879.com.br\/serrafm\/#organization","name":"Serra FM 87,9","description":"O seu novo amor!","url":"https:\/\/serrafm879.com.br\/serrafm\/"},{"@type":"Person","@id":"https:\/\/serrafm879.com.br\/serrafm\/author\/serrafm87\/#author","url":"https:\/\/serrafm879.com.br\/serrafm\/author\/serrafm87\/","name":"serrafm87","image":{"@type":"ImageObject","@id":"https:\/\/serrafm879.com.br\/serrafm\/2025\/02\/joao-nogueira-confirma-candidatura-a-reeleicao-no-afogados-fc\/#authorImage","url":"https:\/\/secure.gravatar.com\/avatar\/a743233f1112d34f48bb3dc9559b76eb930bab8b27175856cba6362608736235?s=96&d=mm&r=g","width":96,"height":96,"caption":"serrafm87"}},{"@type":"WebPage","@id":"https:\/\/serrafm879.com.br\/serrafm\/2025\/02\/joao-nogueira-confirma-candidatura-a-reeleicao-no-afogados-fc\/#webpage","url":"https:\/\/serrafm879.com.br\/serrafm\/2025\/02\/joao-nogueira-confirma-candidatura-a-reeleicao-no-afogados-fc\/","name":"Jo\u00e3o Nogueira confirma candidatura a reelei\u00e7\u00e3o no Afogados FC - Serra FM 87,9","description":"Logo ap\u00f3s a confirma\u00e7\u00e3o do rebaixamento do Afogados da Ingazeira FC, o blog Paje\u00fa Agora entrou em contato com o presidente do clube, Jo\u00e3o Nogueira Lima, para informa\u00e7\u00f5es sobre o futuro da coruja do Sert\u00e3o. O mandat\u00e1rio do clube confirmou que ser\u00e1 candidato a reelei\u00e7\u00e3o, na pr\u00f3xima elei\u00e7\u00e3o que acontece em Junho. Jo\u00e3o Nogueira vai","inLanguage":"pt-BR","isPartOf":{"@id":"https:\/\/serrafm879.com.br\/serrafm\/#website"},"breadcrumb":{"@id":"https:\/\/serrafm879.com.br\/serrafm\/2025\/02\/joao-nogueira-confirma-candidatura-a-reeleicao-no-afogados-fc\/#breadcrumblist"},"author":{"@id":"https:\/\/serrafm879.com.br\/serrafm\/author\/serrafm87\/#author"},"creator":{"@id":"https:\/\/serrafm879.com.br\/serrafm\/author\/serrafm87\/#author"},"image":{"@type":"ImageObject","url":"https:\/\/serrafm879.com.br\/serrafm\/wp-content\/uploads\/2025\/02\/Captura-de-tela-2025-02-18-103307.png","@id":"https:\/\/serrafm879.com.br\/serrafm\/2025\/02\/joao-nogueira-confirma-candidatura-a-reeleicao-no-afogados-fc\/#mainImage","width":291,"height":200},"primaryImageOfPage":{"@id":"https:\/\/serrafm879.com.br\/serrafm\/2025\/02\/joao-nogueira-confirma-candidatura-a-reeleicao-no-afogados-fc\/#mainImage"},"datePublished":"2025-02-18T10:33:49-03:00","dateModified":"2025-02-18T10:33:49-03:00"},{"@type":"WebSite","@id":"https:\/\/serrafm879.com.br\/serrafm\/#website","url":"https:\/\/serrafm879.com.br\/serrafm\/","name":"Serra FM 87,9","description":"O seu novo amor!","inLanguage":"pt-BR","publisher":{"@id":"https:\/\/serrafm879.com.br\/serrafm\/#organization"}}]},"twitter:card":"summary_large_image","twitter:title":"Jo\u00e3o Nogueira confirma candidatura a reelei\u00e7\u00e3o no Afogados FC - Serra FM 87,9","twitter:description":"Logo ap\u00f3s a confirma\u00e7\u00e3o do rebaixamento do Afogados da Ingazeira FC, o blog Paje\u00fa Agora entrou em contato com o presidente do clube, Jo\u00e3o Nogueira Lima, para informa\u00e7\u00f5es sobre o futuro da coruja do Sert\u00e3o. O mandat\u00e1rio do clube confirmou que ser\u00e1 candidato a reelei\u00e7\u00e3o, na pr\u00f3xima elei\u00e7\u00e3o que acontece em Junho. Jo\u00e3o Nogueira vai","twitter:image":"https:\/\/serrafm879.com.br\/serrafm\/wp-content\/uploads\/2025\/02\/Captura-de-tela-2025-02-18-103307.png"},"aioseo_meta_data":{"post_id":"20811","title":null,"description":null,"keywords":null,"keyphrases":null,"primary_term":null,"canonical_url":null,"og_title":null,"og_description":null,"og_object_type":"default","og_image_type":"default","og_image_custom_url":null,"og_image_custom_fields":null,"og_image_url":null,"og_image_width":null,"og_image_height":null,"og_video":null,"og_custom_url":null,"og_article_section":null,"og_article_tags":null,"twitter_use_og":false,"twitter_card":"default","twitter_image_type":"default","twitter_image_custom_url":null,"twitter_image_custom_fields":null,"twitter_image_url":null,"twitter_title":null,"twitter_description":null,"schema_type":"default","schema_type_options":null,"schema":{"blockGraphs":[],"customGraphs":[],"default":{"data":{"Article":[],"Course":[],"Dataset":[],"FAQPage":[],"Movie":[],"Person":[],"Product":[],"ProductReview":[],"Car":[],"Recipe":[],"Service":[],"SoftwareApplication":[],"WebPage":[]},"graphName":"","isEnabled":true},"graphs":[]},"pillar_content":false,"robots_default":true,"robots_noindex":false,"robots_noarchive":false,"robots_nosnippet":false,"robots_nofollow":false,"robots_noimageindex":false,"robots_noodp":false,"robots_notranslate":false,"robots_max_snippet":null,"robots_max_videopreview":null,"robots_max_imagepreview":"large","priority":null,"frequency":null,"local_seo":null,"limit_modified_date":false,"ai":null,"breadcrumb_settings":null,"seo_analyzer_scan_date":null,"created":"2026-07-21 13:51:45","updated":"2026-07-21 13:51:45"},"aioseo_breadcrumb":"<div class=\"aioseo-breadcrumbs\"><span class=\"aioseo-breadcrumb\">\n\t\t\t<a href=\"https:\/\/serrafm879.com.br\/serrafm\" title=\"Home\">Home<\/a>\n\t\t<\/span><span class=\"aioseo-breadcrumb-separator\">&raquo;<\/span><span class=\"aioseo-breadcrumb\">\n\t\t\t<a href=\"https:\/\/serrafm879.com.br\/serrafm\/categoria\/uncategorized\/\" title=\"Uncategorized\">Uncategorized<\/a>\n\t\t<\/span><span class=\"aioseo-breadcrumb-separator\">&raquo;<\/span><span class=\"aioseo-breadcrumb\">\n\t\t\tJo\u00e3o Nogueira confirma candidatura a reelei\u00e7\u00e3o no Afogados FC\n\t\t<\/span><\/div>","aioseo_breadcrumb_json":[{"label":"Home","link":"https:\/\/serrafm879.com.br\/serrafm"},{"label":"Uncategorized","link":"https:\/\/serrafm879.com.br\/serrafm\/categoria\/uncategorized\/"},{"label":"Jo\u00e3o Nogueira confirma candidatura a reelei\u00e7\u00e3o no Afogados FC","link":"https:\/\/serrafm879.com.br\/serrafm\/2025\/02\/joao-nogueira-confirma-candidatura-a-reeleicao-no-afogados-fc\/"}],"jetpack_publicize_connections":[],"jetpack_featured_media_url":"https:\/\/serrafm879.com.br\/serrafm\/wp-content\/uploads\/2025\/02\/Captura-de-tela-2025-02-18-103307.png","jetpack_shortlink":"https:\/\/wp.me\/p7HyXg-5pF","jetpack_sharing_enabled":true,"_links":{"self":[{"href":"https:\/\/serrafm879.com.br\/serrafm\/wp-json\/wp\/v2\/posts\/20811","targetHints":{"allow":["GET"]}}],"collection":[{"href":"https:\/\/serrafm879.com.br\/serrafm\/wp-json\/wp\/v2\/posts"}],"about":[{"href":"https:\/\/serrafm879.com.br\/serrafm\/wp-json\/wp\/v2\/types\/post"}],"author":[{"embeddable":true,"href":"https:\/\/serrafm879.com.br\/serrafm\/wp-json\/wp\/v2\/users\/2"}],"replies":[{"embeddable":true,"href":"https:\/\/serrafm879.com.br\/serrafm\/wp-json\/wp\/v2\/comments?post=20811"}],"version-history":[{"count":1,"href":"https:\/\/serrafm879.com.br\/serrafm\/wp-json\/wp\/v2\/posts\/20811\/revisions"}],"predecessor-version":[{"id":20813,"href":"https:\/\/serrafm879.com.br\/serrafm\/wp-json\/wp\/v2\/posts\/20811\/revisions\/20813"}],"wp:featuredmedia":[{"embeddable":true,"href":"https:\/\/serrafm879.com.br\/serrafm\/wp-json\/wp\/v2\/media\/20812"}],"wp:attachment":[{"href":"https:\/\/serrafm879.com.br\/serrafm\/wp-json\/wp\/v2\/media?parent=20811"}],"wp:term":[{"taxonomy":"category","embeddable":true,"href":"https:\/\/serrafm879.com.br\/serrafm\/wp-json\/wp\/v2\/categories?post=20811"},{"taxonomy":"post_tag","embeddable":true,"href":"https:\/\/serrafm879.com.br\/serrafm\/wp-json\/wp\/v2\/tags?post=20811"}],"curies":[{"name":"wp","href":"https:\/\/api.w.org\/{rel}","templated":true}]}}