{"id":20819,"date":"2025-02-18T10:51:36","date_gmt":"2025-02-18T13:51:36","guid":{"rendered":"https:\/?p=20819"},"modified":"2025-02-18T10:53:56","modified_gmt":"2025-02-18T13:53:56","slug":"carnaval-de-triunfo-tem-priscila-senna-na-grade-confira-a-programacao","status":"publish","type":"post","link":"https:\/\/serrafm879.com.br\/serrafm\/2025\/02\/carnaval-de-triunfo-tem-priscila-senna-na-grade-confira-a-programacao\/","title":{"rendered":"Carnaval de Triunfo traz Priscila Senna e tradi\u00e7\u00e3o para os foli\u00f5es; confira!"},"content":{"rendered":"<p>O carnaval est\u00e1 bem pr\u00f3ximo, nessa \u00e9poca a folia toma conta das ruas, com os blocos e shows. Em Triunfo n\u00e3o diferente, o &#8216;\u00d3asis do Sert\u00e3o&#8217; se prepara para viver mais um Carnaval dos Caretas, mantendo viva uma das tradi\u00e7\u00f5es mais marcantes do estado de Pernambuco.<\/p>\n<p>Com o tema \u201cTradi\u00e7\u00e3o que encanta, folia que contagia\u201d, a festa promete unir a magia dos caretas, a alegria dos blocos de rua e a anima\u00e7\u00e3o dos shows em uma programa\u00e7\u00e3o especial que celebra a cultura e a identidade local.<\/p>\n<p>Realizado pela Prefeitura de Triunfo, atrav\u00e9s da Secretaria de Turismo, Cultura, Desenvolvimento e Eventos, em parceria com o Governo do Estado, atrav\u00e9s da Secretaria de Turismo, Empetur, Secretaria de Cultura e Fundarpe, o Carnaval dos Caretas 2025 reafirma o compromisso de valorizar as manifesta\u00e7\u00f5es culturais e fortalecer o turismo na regi\u00e3o.<\/p>\n<p>Outro destaque \u00e9 a Orquestra Isa\u00edas Lima, que, com seu frevo contagiante, embala os blocos de rua e mant\u00e9m viva a ess\u00eancia do carnaval de Pernambuco. A programa\u00e7\u00e3o deste ano conta com uma mistura de tradi\u00e7\u00e3o e atualidade, garantindo divers\u00e3o para todas as idades.<\/p>\n<h5><strong>PROGRAMA\u00c7\u00c3O OFICIAL<\/strong><\/h5>\n<p>S\u00e1bado (01\/03)<\/p>\n<p>20h \u2013 Bloco Z\u00e9 Pereira &amp; Vitalina<br \/>\n21h \u2013 Grupo Intimidade<br \/>\n22h30 \u2013 Grupo Meu &amp; Seu<br \/>\n00h \u2013 Bloco \u201cO Cariri\u201d<\/p>\n<p>Domingo (02\/03)<\/p>\n<p>16h \u2013 Orquestra Edi\u00e7\u00e3o Extra<br \/>\n18h \u2013 Priscila Senna<br \/>\n20h \u2013 Padu Frajola<br \/>\n22h \u2013 Alysson<\/p>\n<p>Segunda-feira (03\/03)<\/p>\n<p>16h \u2013 Desfile dos Caretas em dire\u00e7\u00e3o ao P\u00e1tio de Eventos<br \/>\n17h \u2013 Encontro dos Caretas no P\u00e1tio de Eventos Maestro Madureira<br \/>\n18h \u2013 Orquestra de Frevos Isa\u00edas Lima<br \/>\n20h \u2013 Beto Hortis<br \/>\n22h \u2013 J\u00e9ssica Caetano<\/p>\n<p>Ter\u00e7a-feira (04\/03)<\/p>\n<p>16h \u2013 Banda Reviver<br \/>\n17h30 \u2013 Guilherme Ferri<br \/>\n19h30 \u2013 Ful\u00f4 de Mandacaru<br \/>\n21h30 \u2013 Cezinha Badal\u00ea<br \/>\n23h \u2013 Projeto Tonh\u00e3o<\/p>\n<p>PROGRAMA\u00c7\u00c3O DOS BLOCOS DE RUA<\/p>\n<p>Sexta-feira (28\/02\/2025)<\/p>\n<p>8h \u2013 Bloco Gera\u00e7\u00e3o Folia<br \/>\n8h30 \u2013 Crescer Folia<br \/>\n18h \u2013 Bloco das Estrelas<br \/>\n22h30 \u2013 Bloco da Galinha<\/p>\n<p>S\u00e1bado (01\/03\/2025)<\/p>\n<p>11h \u2013 Favela Folia<br \/>\n17h \u2013 Bloco do Hostel Paje\u00fa<br \/>\n18h \u2013 Galera da Vilinha<br \/>\n19h \u2013 Os Atrevidos<br \/>\n19h \u2013 Bons Cabelos<br \/>\n20h \u2013 Bloco do Z\u00e9 Pereira<br \/>\n00h \u2013 Bloco do Cariri<\/p>\n<p>Domingo (02\/03\/2025)<\/p>\n<p>8h \u2013 Alto Folia<br \/>\n12h \u2013 L\u00ednguas Ferinas<br \/>\n13h \u2013 Bloco Nunca Nem Vi<br \/>\n16h \u2013 Chego J\u00e1 da RC<\/p>\n<p>Segunda-feira (03\/03\/2025)<\/p>\n<p>10h \u2013 Cana Folia<\/p>\n<p>12h \u2013 Bloco do Pioi\u00e3o<\/p>\n<p>15h \u2013 Caretinhas Kids na Folia<\/p>\n<p>18h \u2013 Freire Folia Ano 3<\/p>\n<p>19h \u2013 Bloco Equipe Press\u00e3o<\/p>\n<p>20h \u2013 Master\u2019s Folia<\/p>\n<p>Ter\u00e7a-feira (04\/03\/2025)<\/p>\n<p>10h \u2013 Teleteco na Folia<\/p>\n<p>16h30 \u2013 Juventus Folia e os Desprezados<\/p>\n<p>18h \u2013 Equipe Carrego<\/p>\n<p>Quarta-feira (05\/03\/2025)<\/p>\n<p>16h \u2013 Bacalhau na Vara<\/p>\n<p>19h30 \u2013 O \u00daltimo Bloco<\/p>\n","protected":false},"excerpt":{"rendered":"<p>O carnaval est\u00e1 bem pr\u00f3ximo, nessa \u00e9poca a folia toma conta das ruas, com os blocos e shows. Em Triunfo n\u00e3o diferente, o &#8216;\u00d3asis do Sert\u00e3o&#8217; se prepara para viver mais um Carnaval dos Caretas, mantendo viva uma das tradi\u00e7\u00f5es mais marcantes do estado de Pernambuco. Com o tema \u201cTradi\u00e7\u00e3o que encanta, folia que contagia\u201d, a festa promete unir a magia dos caretas, a alegria dos blocos de rua e a anima\u00e7\u00e3o dos shows em uma programa\u00e7\u00e3o especial que celebra a cultura e a identidade local. Realizado pela Prefeitura de Triunfo, atrav\u00e9s da Secretaria de Turismo, Cultura, Desenvolvimento e Eventos, [&hellip;]<\/p>\n","protected":false},"author":2,"featured_media":9731,"comment_status":"open","ping_status":"open","sticky":false,"template":"","format":"standard","meta":{"_jetpack_newsletter_access":"","_jetpack_dont_email_post_to_subs":false,"_jetpack_newsletter_tier_id":0,"_jetpack_memberships_contains_paywalled_content":false,"_jetpack_feature_clip_id":0,"_jetpack_memberships_contains_paid_content":false,"footnotes":"","jetpack_publicize_message":"","jetpack_publicize_feature_enabled":true,"jetpack_social_post_already_shared":true,"jetpack_social_options":{"image_generator_settings":{"template":"highway","default_image_id":0,"font":"","enabled":false},"version":2},"jetpack_post_was_ever_published":false},"categories":[1],"tags":[],"class_list":["post-20819","post","type-post","status-publish","format-standard","has-post-thumbnail","hentry","category-uncategorized"],"aioseo_notices":[],"aioseo_head":"\n\t\t<!-- All in One SEO 4.9.10 - aioseo.com -->\n\t<meta name=\"description\" content=\"O carnaval est\u00e1 bem pr\u00f3ximo, nessa \u00e9poca a folia toma conta das ruas, com os blocos e shows. Em Triunfo n\u00e3o diferente, o &#039;\u00d3asis do Sert\u00e3o&#039; se prepara para viver mais um Carnaval dos Caretas, mantendo viva uma das tradi\u00e7\u00f5es mais marcantes do estado de Pernambuco. Com o tema \u201cTradi\u00e7\u00e3o que encanta, folia que contagia\u201d,\" \/>\n\t<meta name=\"robots\" content=\"max-image-preview:large\" \/>\n\t<meta name=\"author\" content=\"serrafm87\"\/>\n\t<link rel=\"canonical\" href=\"https:\/\/serrafm879.com.br\/serrafm\/2025\/02\/carnaval-de-triunfo-tem-priscila-senna-na-grade-confira-a-programacao\/\" \/>\n\t<meta name=\"generator\" content=\"All in One SEO (AIOSEO) 4.9.10\" \/>\n\t\t<meta name=\"twitter:card\" content=\"summary_large_image\" \/>\n\t\t<meta name=\"twitter:title\" content=\"Carnaval de Triunfo traz Priscila Senna e tradi\u00e7\u00e3o para os foli\u00f5es; confira! - Serra FM 87,9\" \/>\n\t\t<meta name=\"twitter:description\" content=\"O carnaval est\u00e1 bem pr\u00f3ximo, nessa \u00e9poca a folia toma conta das ruas, com os blocos e shows. Em Triunfo n\u00e3o diferente, o &#039;\u00d3asis do Sert\u00e3o&#039; se prepara para viver mais um Carnaval dos Caretas, mantendo viva uma das tradi\u00e7\u00f5es mais marcantes do estado de Pernambuco. Com o tema \u201cTradi\u00e7\u00e3o que encanta, folia que contagia\u201d,\" \/>\n\t\t<meta name=\"twitter:image\" content=\"https:\/\/serrafm879.com.br\/serrafm\/wp-content\/uploads\/2022\/05\/triunfo.jpg\" \/>\n\t\t<script type=\"application\/ld+json\" class=\"aioseo-schema\">\n\t\t\t{\"@context\":\"https:\\\/\\\/schema.org\",\"@graph\":[{\"@type\":\"BlogPosting\",\"@id\":\"https:\\\/\\\/serrafm879.com.br\\\/serrafm\\\/2025\\\/02\\\/carnaval-de-triunfo-tem-priscila-senna-na-grade-confira-a-programacao\\\/#blogposting\",\"name\":\"Carnaval de Triunfo traz Priscila Senna e tradi\\u00e7\\u00e3o para os foli\\u00f5es; confira! - Serra FM 87,9\",\"headline\":\"Carnaval de Triunfo traz Priscila Senna e tradi\\u00e7\\u00e3o para os foli\\u00f5es; confira!\",\"author\":{\"@id\":\"https:\\\/\\\/serrafm879.com.br\\\/serrafm\\\/author\\\/serrafm87\\\/#author\"},\"publisher\":{\"@id\":\"https:\\\/\\\/serrafm879.com.br\\\/serrafm\\\/#organization\"},\"image\":{\"@type\":\"ImageObject\",\"url\":\"https:\\\/\\\/serrafm879.com.br\\\/serrafm\\\/wp-content\\\/uploads\\\/2022\\\/05\\\/triunfo.jpg\",\"width\":275,\"height\":183},\"datePublished\":\"2025-02-18T10:51:36-03:00\",\"dateModified\":\"2025-02-18T10:53:56-03:00\",\"inLanguage\":\"pt-BR\",\"mainEntityOfPage\":{\"@id\":\"https:\\\/\\\/serrafm879.com.br\\\/serrafm\\\/2025\\\/02\\\/carnaval-de-triunfo-tem-priscila-senna-na-grade-confira-a-programacao\\\/#webpage\"},\"isPartOf\":{\"@id\":\"https:\\\/\\\/serrafm879.com.br\\\/serrafm\\\/2025\\\/02\\\/carnaval-de-triunfo-tem-priscila-senna-na-grade-confira-a-programacao\\\/#webpage\"},\"articleSection\":\"Uncategorized\"},{\"@type\":\"BreadcrumbList\",\"@id\":\"https:\\\/\\\/serrafm879.com.br\\\/serrafm\\\/2025\\\/02\\\/carnaval-de-triunfo-tem-priscila-senna-na-grade-confira-a-programacao\\\/#breadcrumblist\",\"itemListElement\":[{\"@type\":\"ListItem\",\"@id\":\"https:\\\/\\\/serrafm879.com.br\\\/serrafm#listItem\",\"position\":1,\"name\":\"Home\",\"item\":\"https:\\\/\\\/serrafm879.com.br\\\/serrafm\",\"nextItem\":{\"@type\":\"ListItem\",\"@id\":\"https:\\\/\\\/serrafm879.com.br\\\/serrafm\\\/categoria\\\/uncategorized\\\/#listItem\",\"name\":\"Uncategorized\"}},{\"@type\":\"ListItem\",\"@id\":\"https:\\\/\\\/serrafm879.com.br\\\/serrafm\\\/categoria\\\/uncategorized\\\/#listItem\",\"position\":2,\"name\":\"Uncategorized\",\"item\":\"https:\\\/\\\/serrafm879.com.br\\\/serrafm\\\/categoria\\\/uncategorized\\\/\",\"nextItem\":{\"@type\":\"ListItem\",\"@id\":\"https:\\\/\\\/serrafm879.com.br\\\/serrafm\\\/2025\\\/02\\\/carnaval-de-triunfo-tem-priscila-senna-na-grade-confira-a-programacao\\\/#listItem\",\"name\":\"Carnaval de Triunfo traz Priscila Senna e tradi\\u00e7\\u00e3o para os foli\\u00f5es; confira!\"},\"previousItem\":{\"@type\":\"ListItem\",\"@id\":\"https:\\\/\\\/serrafm879.com.br\\\/serrafm#listItem\",\"name\":\"Home\"}},{\"@type\":\"ListItem\",\"@id\":\"https:\\\/\\\/serrafm879.com.br\\\/serrafm\\\/2025\\\/02\\\/carnaval-de-triunfo-tem-priscila-senna-na-grade-confira-a-programacao\\\/#listItem\",\"position\":3,\"name\":\"Carnaval de Triunfo traz Priscila Senna e tradi\\u00e7\\u00e3o para os foli\\u00f5es; confira!\",\"previousItem\":{\"@type\":\"ListItem\",\"@id\":\"https:\\\/\\\/serrafm879.com.br\\\/serrafm\\\/categoria\\\/uncategorized\\\/#listItem\",\"name\":\"Uncategorized\"}}]},{\"@type\":\"Organization\",\"@id\":\"https:\\\/\\\/serrafm879.com.br\\\/serrafm\\\/#organization\",\"name\":\"Serra FM 87,9\",\"description\":\"O seu novo amor!\",\"url\":\"https:\\\/\\\/serrafm879.com.br\\\/serrafm\\\/\"},{\"@type\":\"Person\",\"@id\":\"https:\\\/\\\/serrafm879.com.br\\\/serrafm\\\/author\\\/serrafm87\\\/#author\",\"url\":\"https:\\\/\\\/serrafm879.com.br\\\/serrafm\\\/author\\\/serrafm87\\\/\",\"name\":\"serrafm87\",\"image\":{\"@type\":\"ImageObject\",\"@id\":\"https:\\\/\\\/serrafm879.com.br\\\/serrafm\\\/2025\\\/02\\\/carnaval-de-triunfo-tem-priscila-senna-na-grade-confira-a-programacao\\\/#authorImage\",\"url\":\"https:\\\/\\\/secure.gravatar.com\\\/avatar\\\/a743233f1112d34f48bb3dc9559b76eb930bab8b27175856cba6362608736235?s=96&d=mm&r=g\",\"width\":96,\"height\":96,\"caption\":\"serrafm87\"}},{\"@type\":\"WebPage\",\"@id\":\"https:\\\/\\\/serrafm879.com.br\\\/serrafm\\\/2025\\\/02\\\/carnaval-de-triunfo-tem-priscila-senna-na-grade-confira-a-programacao\\\/#webpage\",\"url\":\"https:\\\/\\\/serrafm879.com.br\\\/serrafm\\\/2025\\\/02\\\/carnaval-de-triunfo-tem-priscila-senna-na-grade-confira-a-programacao\\\/\",\"name\":\"Carnaval de Triunfo traz Priscila Senna e tradi\\u00e7\\u00e3o para os foli\\u00f5es; confira! - Serra FM 87,9\",\"description\":\"O carnaval est\\u00e1 bem pr\\u00f3ximo, nessa \\u00e9poca a folia toma conta das ruas, com os blocos e shows. Em Triunfo n\\u00e3o diferente, o '\\u00d3asis do Sert\\u00e3o' se prepara para viver mais um Carnaval dos Caretas, mantendo viva uma das tradi\\u00e7\\u00f5es mais marcantes do estado de Pernambuco. Com o tema \\u201cTradi\\u00e7\\u00e3o que encanta, folia que contagia\\u201d,\",\"inLanguage\":\"pt-BR\",\"isPartOf\":{\"@id\":\"https:\\\/\\\/serrafm879.com.br\\\/serrafm\\\/#website\"},\"breadcrumb\":{\"@id\":\"https:\\\/\\\/serrafm879.com.br\\\/serrafm\\\/2025\\\/02\\\/carnaval-de-triunfo-tem-priscila-senna-na-grade-confira-a-programacao\\\/#breadcrumblist\"},\"author\":{\"@id\":\"https:\\\/\\\/serrafm879.com.br\\\/serrafm\\\/author\\\/serrafm87\\\/#author\"},\"creator\":{\"@id\":\"https:\\\/\\\/serrafm879.com.br\\\/serrafm\\\/author\\\/serrafm87\\\/#author\"},\"image\":{\"@type\":\"ImageObject\",\"url\":\"https:\\\/\\\/serrafm879.com.br\\\/serrafm\\\/wp-content\\\/uploads\\\/2022\\\/05\\\/triunfo.jpg\",\"@id\":\"https:\\\/\\\/serrafm879.com.br\\\/serrafm\\\/2025\\\/02\\\/carnaval-de-triunfo-tem-priscila-senna-na-grade-confira-a-programacao\\\/#mainImage\",\"width\":275,\"height\":183},\"primaryImageOfPage\":{\"@id\":\"https:\\\/\\\/serrafm879.com.br\\\/serrafm\\\/2025\\\/02\\\/carnaval-de-triunfo-tem-priscila-senna-na-grade-confira-a-programacao\\\/#mainImage\"},\"datePublished\":\"2025-02-18T10:51:36-03:00\",\"dateModified\":\"2025-02-18T10:53:56-03:00\"},{\"@type\":\"WebSite\",\"@id\":\"https:\\\/\\\/serrafm879.com.br\\\/serrafm\\\/#website\",\"url\":\"https:\\\/\\\/serrafm879.com.br\\\/serrafm\\\/\",\"name\":\"Serra FM 87,9\",\"description\":\"O seu novo amor!\",\"inLanguage\":\"pt-BR\",\"publisher\":{\"@id\":\"https:\\\/\\\/serrafm879.com.br\\\/serrafm\\\/#organization\"}}]}\n\t\t<\/script>\n\t\t<!-- All in One SEO -->\n\n","aioseo_head_json":{"title":"Carnaval de Triunfo traz Priscila Senna e tradi\u00e7\u00e3o para os foli\u00f5es; confira! - Serra FM 87,9","description":"O carnaval est\u00e1 bem pr\u00f3ximo, nessa \u00e9poca a folia toma conta das ruas, com os blocos e shows. Em Triunfo n\u00e3o diferente, o '\u00d3asis do Sert\u00e3o' se prepara para viver mais um Carnaval dos Caretas, mantendo viva uma das tradi\u00e7\u00f5es mais marcantes do estado de Pernambuco. Com o tema \u201cTradi\u00e7\u00e3o que encanta, folia que contagia\u201d,","canonical_url":"https:\/\/serrafm879.com.br\/serrafm\/2025\/02\/carnaval-de-triunfo-tem-priscila-senna-na-grade-confira-a-programacao\/","robots":"max-image-preview:large","keywords":"","webmasterTools":{"miscellaneous":""},"schema":{"@context":"https:\/\/schema.org","@graph":[{"@type":"BlogPosting","@id":"https:\/\/serrafm879.com.br\/serrafm\/2025\/02\/carnaval-de-triunfo-tem-priscila-senna-na-grade-confira-a-programacao\/#blogposting","name":"Carnaval de Triunfo traz Priscila Senna e tradi\u00e7\u00e3o para os foli\u00f5es; confira! - Serra FM 87,9","headline":"Carnaval de Triunfo traz Priscila Senna e tradi\u00e7\u00e3o para os foli\u00f5es; confira!","author":{"@id":"https:\/\/serrafm879.com.br\/serrafm\/author\/serrafm87\/#author"},"publisher":{"@id":"https:\/\/serrafm879.com.br\/serrafm\/#organization"},"image":{"@type":"ImageObject","url":"https:\/\/serrafm879.com.br\/serrafm\/wp-content\/uploads\/2022\/05\/triunfo.jpg","width":275,"height":183},"datePublished":"2025-02-18T10:51:36-03:00","dateModified":"2025-02-18T10:53:56-03:00","inLanguage":"pt-BR","mainEntityOfPage":{"@id":"https:\/\/serrafm879.com.br\/serrafm\/2025\/02\/carnaval-de-triunfo-tem-priscila-senna-na-grade-confira-a-programacao\/#webpage"},"isPartOf":{"@id":"https:\/\/serrafm879.com.br\/serrafm\/2025\/02\/carnaval-de-triunfo-tem-priscila-senna-na-grade-confira-a-programacao\/#webpage"},"articleSection":"Uncategorized"},{"@type":"BreadcrumbList","@id":"https:\/\/serrafm879.com.br\/serrafm\/2025\/02\/carnaval-de-triunfo-tem-priscila-senna-na-grade-confira-a-programacao\/#breadcrumblist","itemListElement":[{"@type":"ListItem","@id":"https:\/\/serrafm879.com.br\/serrafm#listItem","position":1,"name":"Home","item":"https:\/\/serrafm879.com.br\/serrafm","nextItem":{"@type":"ListItem","@id":"https:\/\/serrafm879.com.br\/serrafm\/categoria\/uncategorized\/#listItem","name":"Uncategorized"}},{"@type":"ListItem","@id":"https:\/\/serrafm879.com.br\/serrafm\/categoria\/uncategorized\/#listItem","position":2,"name":"Uncategorized","item":"https:\/\/serrafm879.com.br\/serrafm\/categoria\/uncategorized\/","nextItem":{"@type":"ListItem","@id":"https:\/\/serrafm879.com.br\/serrafm\/2025\/02\/carnaval-de-triunfo-tem-priscila-senna-na-grade-confira-a-programacao\/#listItem","name":"Carnaval de Triunfo traz Priscila Senna e tradi\u00e7\u00e3o para os foli\u00f5es; confira!"},"previousItem":{"@type":"ListItem","@id":"https:\/\/serrafm879.com.br\/serrafm#listItem","name":"Home"}},{"@type":"ListItem","@id":"https:\/\/serrafm879.com.br\/serrafm\/2025\/02\/carnaval-de-triunfo-tem-priscila-senna-na-grade-confira-a-programacao\/#listItem","position":3,"name":"Carnaval de Triunfo traz Priscila Senna e tradi\u00e7\u00e3o para os foli\u00f5es; confira!","previousItem":{"@type":"ListItem","@id":"https:\/\/serrafm879.com.br\/serrafm\/categoria\/uncategorized\/#listItem","name":"Uncategorized"}}]},{"@type":"Organization","@id":"https:\/\/serrafm879.com.br\/serrafm\/#organization","name":"Serra FM 87,9","description":"O seu novo amor!","url":"https:\/\/serrafm879.com.br\/serrafm\/"},{"@type":"Person","@id":"https:\/\/serrafm879.com.br\/serrafm\/author\/serrafm87\/#author","url":"https:\/\/serrafm879.com.br\/serrafm\/author\/serrafm87\/","name":"serrafm87","image":{"@type":"ImageObject","@id":"https:\/\/serrafm879.com.br\/serrafm\/2025\/02\/carnaval-de-triunfo-tem-priscila-senna-na-grade-confira-a-programacao\/#authorImage","url":"https:\/\/secure.gravatar.com\/avatar\/a743233f1112d34f48bb3dc9559b76eb930bab8b27175856cba6362608736235?s=96&d=mm&r=g","width":96,"height":96,"caption":"serrafm87"}},{"@type":"WebPage","@id":"https:\/\/serrafm879.com.br\/serrafm\/2025\/02\/carnaval-de-triunfo-tem-priscila-senna-na-grade-confira-a-programacao\/#webpage","url":"https:\/\/serrafm879.com.br\/serrafm\/2025\/02\/carnaval-de-triunfo-tem-priscila-senna-na-grade-confira-a-programacao\/","name":"Carnaval de Triunfo traz Priscila Senna e tradi\u00e7\u00e3o para os foli\u00f5es; confira! - Serra FM 87,9","description":"O carnaval est\u00e1 bem pr\u00f3ximo, nessa \u00e9poca a folia toma conta das ruas, com os blocos e shows. Em Triunfo n\u00e3o diferente, o '\u00d3asis do Sert\u00e3o' se prepara para viver mais um Carnaval dos Caretas, mantendo viva uma das tradi\u00e7\u00f5es mais marcantes do estado de Pernambuco. Com o tema \u201cTradi\u00e7\u00e3o que encanta, folia que contagia\u201d,","inLanguage":"pt-BR","isPartOf":{"@id":"https:\/\/serrafm879.com.br\/serrafm\/#website"},"breadcrumb":{"@id":"https:\/\/serrafm879.com.br\/serrafm\/2025\/02\/carnaval-de-triunfo-tem-priscila-senna-na-grade-confira-a-programacao\/#breadcrumblist"},"author":{"@id":"https:\/\/serrafm879.com.br\/serrafm\/author\/serrafm87\/#author"},"creator":{"@id":"https:\/\/serrafm879.com.br\/serrafm\/author\/serrafm87\/#author"},"image":{"@type":"ImageObject","url":"https:\/\/serrafm879.com.br\/serrafm\/wp-content\/uploads\/2022\/05\/triunfo.jpg","@id":"https:\/\/serrafm879.com.br\/serrafm\/2025\/02\/carnaval-de-triunfo-tem-priscila-senna-na-grade-confira-a-programacao\/#mainImage","width":275,"height":183},"primaryImageOfPage":{"@id":"https:\/\/serrafm879.com.br\/serrafm\/2025\/02\/carnaval-de-triunfo-tem-priscila-senna-na-grade-confira-a-programacao\/#mainImage"},"datePublished":"2025-02-18T10:51:36-03:00","dateModified":"2025-02-18T10:53:56-03:00"},{"@type":"WebSite","@id":"https:\/\/serrafm879.com.br\/serrafm\/#website","url":"https:\/\/serrafm879.com.br\/serrafm\/","name":"Serra FM 87,9","description":"O seu novo amor!","inLanguage":"pt-BR","publisher":{"@id":"https:\/\/serrafm879.com.br\/serrafm\/#organization"}}]},"twitter:card":"summary_large_image","twitter:title":"Carnaval de Triunfo traz Priscila Senna e tradi\u00e7\u00e3o para os foli\u00f5es; confira! - Serra FM 87,9","twitter:description":"O carnaval est\u00e1 bem pr\u00f3ximo, nessa \u00e9poca a folia toma conta das ruas, com os blocos e shows. Em Triunfo n\u00e3o diferente, o '\u00d3asis do Sert\u00e3o' se prepara para viver mais um Carnaval dos Caretas, mantendo viva uma das tradi\u00e7\u00f5es mais marcantes do estado de Pernambuco. Com o tema \u201cTradi\u00e7\u00e3o que encanta, folia que contagia\u201d,","twitter:image":"https:\/\/serrafm879.com.br\/serrafm\/wp-content\/uploads\/2022\/05\/triunfo.jpg"},"aioseo_meta_data":{"post_id":"20819","title":null,"description":null,"keywords":null,"keyphrases":null,"primary_term":null,"canonical_url":null,"og_title":null,"og_description":null,"og_object_type":"default","og_image_type":"default","og_image_custom_url":null,"og_image_custom_fields":null,"og_image_url":null,"og_image_width":null,"og_image_height":null,"og_video":null,"og_custom_url":null,"og_article_section":null,"og_article_tags":null,"twitter_use_og":false,"twitter_card":"default","twitter_image_type":"default","twitter_image_custom_url":null,"twitter_image_custom_fields":null,"twitter_image_url":null,"twitter_title":null,"twitter_description":null,"schema_type":"default","schema_type_options":null,"schema":{"blockGraphs":[],"customGraphs":[],"default":{"data":{"Article":[],"Course":[],"Dataset":[],"FAQPage":[],"Movie":[],"Person":[],"Product":[],"ProductReview":[],"Car":[],"Recipe":[],"Service":[],"SoftwareApplication":[],"WebPage":[]},"graphName":"","isEnabled":true},"graphs":[]},"pillar_content":false,"robots_default":true,"robots_noindex":false,"robots_noarchive":false,"robots_nosnippet":false,"robots_nofollow":false,"robots_noimageindex":false,"robots_noodp":false,"robots_notranslate":false,"robots_max_snippet":null,"robots_max_videopreview":null,"robots_max_imagepreview":"large","priority":null,"frequency":null,"local_seo":null,"limit_modified_date":false,"ai":null,"breadcrumb_settings":null,"seo_analyzer_scan_date":null,"created":"2026-07-21 13:53:44","updated":"2026-07-21 13:53:44"},"aioseo_breadcrumb":"<div class=\"aioseo-breadcrumbs\"><span class=\"aioseo-breadcrumb\">\n\t\t\t<a href=\"https:\/\/serrafm879.com.br\/serrafm\" title=\"Home\">Home<\/a>\n\t\t<\/span><span class=\"aioseo-breadcrumb-separator\">&raquo;<\/span><span class=\"aioseo-breadcrumb\">\n\t\t\t<a href=\"https:\/\/serrafm879.com.br\/serrafm\/categoria\/uncategorized\/\" title=\"Uncategorized\">Uncategorized<\/a>\n\t\t<\/span><span class=\"aioseo-breadcrumb-separator\">&raquo;<\/span><span class=\"aioseo-breadcrumb\">\n\t\t\tCarnaval de Triunfo traz Priscila Senna e tradi\u00e7\u00e3o para os foli\u00f5es; confira!\n\t\t<\/span><\/div>","aioseo_breadcrumb_json":[{"label":"Home","link":"https:\/\/serrafm879.com.br\/serrafm"},{"label":"Uncategorized","link":"https:\/\/serrafm879.com.br\/serrafm\/categoria\/uncategorized\/"},{"label":"Carnaval de Triunfo traz Priscila Senna e tradi\u00e7\u00e3o para os foli\u00f5es; confira!","link":"https:\/\/serrafm879.com.br\/serrafm\/2025\/02\/carnaval-de-triunfo-tem-priscila-senna-na-grade-confira-a-programacao\/"}],"jetpack_publicize_connections":[],"jetpack_featured_media_url":"https:\/\/serrafm879.com.br\/serrafm\/wp-content\/uploads\/2022\/05\/triunfo.jpg","jetpack_shortlink":"https:\/\/wp.me\/p7HyXg-5pN","jetpack_sharing_enabled":true,"_links":{"self":[{"href":"https:\/\/serrafm879.com.br\/serrafm\/wp-json\/wp\/v2\/posts\/20819","targetHints":{"allow":["GET"]}}],"collection":[{"href":"https:\/\/serrafm879.com.br\/serrafm\/wp-json\/wp\/v2\/posts"}],"about":[{"href":"https:\/\/serrafm879.com.br\/serrafm\/wp-json\/wp\/v2\/types\/post"}],"author":[{"embeddable":true,"href":"https:\/\/serrafm879.com.br\/serrafm\/wp-json\/wp\/v2\/users\/2"}],"replies":[{"embeddable":true,"href":"https:\/\/serrafm879.com.br\/serrafm\/wp-json\/wp\/v2\/comments?post=20819"}],"version-history":[{"count":3,"href":"https:\/\/serrafm879.com.br\/serrafm\/wp-json\/wp\/v2\/posts\/20819\/revisions"}],"predecessor-version":[{"id":20822,"href":"https:\/\/serrafm879.com.br\/serrafm\/wp-json\/wp\/v2\/posts\/20819\/revisions\/20822"}],"wp:featuredmedia":[{"embeddable":true,"href":"https:\/\/serrafm879.com.br\/serrafm\/wp-json\/wp\/v2\/media\/9731"}],"wp:attachment":[{"href":"https:\/\/serrafm879.com.br\/serrafm\/wp-json\/wp\/v2\/media?parent=20819"}],"wp:term":[{"taxonomy":"category","embeddable":true,"href":"https:\/\/serrafm879.com.br\/serrafm\/wp-json\/wp\/v2\/categories?post=20819"},{"taxonomy":"post_tag","embeddable":true,"href":"https:\/\/serrafm879.com.br\/serrafm\/wp-json\/wp\/v2\/tags?post=20819"}],"curies":[{"name":"wp","href":"https:\/\/api.w.org\/{rel}","templated":true}]}}