{"id":20829,"date":"2025-02-19T09:49:59","date_gmt":"2025-02-19T12:49:59","guid":{"rendered":"https:\/?p=20829"},"modified":"2025-02-19T09:51:47","modified_gmt":"2025-02-19T12:51:47","slug":"estado-anuncia-concurso-para-upe-com-58-vagas-para-professor","status":"publish","type":"post","link":"https:\/\/serrafm879.com.br\/serrafm\/2025\/02\/estado-anuncia-concurso-para-upe-com-58-vagas-para-professor\/","title":{"rendered":"Estado anuncia concurso para UPE com 58 vagas para professor"},"content":{"rendered":"<p>A governadora Raquel Lyra (PSDB) anunciou, nesta ter\u00e7a (18), a realiza\u00e7\u00e3o de um concurso p\u00fablico para a Universidade de Pernambuco (UPE). Ao todo, ser\u00e3o ofertadas 58 vagas para o corpo docente, que se somar\u00e3o aos 184 professores nomeados para a institui\u00e7\u00e3o no in\u00edcio da atual gest\u00e3o. O an\u00fancio aconteceu no Pal\u00e1cio do Campo das Princesas, com a presen\u00e7a da reitora da UPE, a Professora Socorro Cavalcanti, da vice-governadora, Priscila Krause, e de outros diretores da universidade.<\/p>\n<p>Para a governadora Raquel Lyra, o certame representa valorizar e colocar mais uma vez a Universidade de Pernambuco como prioridade. \u201c<em>Estes novos professores ser\u00e3o distribu\u00eddos por todo o nosso Estado, desde o bairro de Santo Amaro, no Recife, at\u00e9 Serra Talhada, no Sert\u00e3o do Paje\u00fa, fortalecendo os cursos de forma\u00e7\u00e3o da universidade. A gente tem tido uma parceria muito forte com a UPE, que por muito tempo esteve sozinha, mas hoje eles sabem que n\u00e3o est\u00e3o. N\u00e3o tenho d\u00favida nenhuma de que a gente vai conseguir fazer da UPE uma universidade muito mais forte, que consiga ter sustentabilidade nas suas a\u00e7\u00f5es e que finque ra\u00edzes em cada um dos nossos territ\u00f3rios\u201d<\/em>, ressaltou a governadora Raquel Lyra.<\/p>\n<p>A expectativa \u00e9 que a publica\u00e7\u00e3o do edital e a abertura das inscri\u00e7\u00f5es para o concurso p\u00fablico ocorram no in\u00edcio de abril deste ano. As vagas est\u00e3o distribu\u00eddas em tr\u00eas categorias: auxiliar (com titula\u00e7\u00e3o de especialista), assistente (com titula\u00e7\u00e3o de mestre) e adjunto (com titula\u00e7\u00e3o de doutor), de acordo com as necessidades de atua\u00e7\u00e3o em diversas gradua\u00e7\u00f5es da Universidade.<\/p>\n<p>Os novos professores atender\u00e3o aos cursos de Medicina (campi Garanhuns, Serra Talhada e Santo Amaro); Administra\u00e7\u00e3o (campi Salgueiro e Mata Sul); Servi\u00e7o Social (campus Mata Sul); Engenharias e F\u00edsica de Materiais (campus Benfica); Psicologia e Licenciaturas (campi Mata Norte, Garanhuns e Petrolina); Enfermagem (campi Ouricuri, Petrolina e Santo Amaro); Odontologia e Terapia Ocupacional (campus Santo Amaro); Engenharia de Software (campi Surubim e Garanhuns); e Sistemas de Informa\u00e7\u00e3o (campus Surubim).<\/p>\n<p><em>\u201cA maioria de nossas vagas s\u00e3o para o interior de Pernambuco. Todos os professores da Universidade participam em ensino, pesquisa, extens\u00e3o e inova\u00e7\u00e3o. Ent\u00e3o eles t\u00eam que estar vinculados a pelo menos tr\u00eas dessas a\u00e7\u00f5es da universidade. A inova\u00e7\u00e3o j\u00e1 existe h\u00e1 alguns anos, mas este eixo tornou-se mais frequente na UPE de 2023 para c\u00e1\u201d,<\/em>\u00a0avaliou a reitora da Universidade de Pernambuco, professora Socorro Cavalcanti.<\/p>\n<p>As provas ser\u00e3o realizadas em quatro etapas (escrita, did\u00e1tica, plano de trabalho e curr\u00edculo) devem acontecer entre junho e julho, com o ingresso dos docentes no segundo semestre de 2025. Em breve, mais informa\u00e7\u00f5es e a documenta\u00e7\u00e3o para participa\u00e7\u00e3o no certame estar\u00e3o dispon\u00edveis no endere\u00e7o eletr\u00f4nico\u00a0<a href=\"http:\/\/www.upe.br\/concursos\" target=\"_blank\" rel=\"noreferrer noopener\">www.upe.br\/concursos<\/a>.<\/p>\n","protected":false},"excerpt":{"rendered":"<p>A governadora Raquel Lyra (PSDB) anunciou, nesta ter\u00e7a (18), a realiza\u00e7\u00e3o de um concurso p\u00fablico para a Universidade de Pernambuco (UPE). Ao todo, ser\u00e3o ofertadas 58 vagas para o corpo docente, que se somar\u00e3o aos 184 professores nomeados para a institui\u00e7\u00e3o no in\u00edcio da atual gest\u00e3o. O an\u00fancio aconteceu no Pal\u00e1cio do Campo das Princesas, com a presen\u00e7a da reitora da UPE, a Professora Socorro Cavalcanti, da vice-governadora, Priscila Krause, e de outros diretores da universidade. Para a governadora Raquel Lyra, o certame representa valorizar e colocar mais uma vez a Universidade de Pernambuco como prioridade. \u201cEstes novos professores ser\u00e3o [&hellip;]<\/p>\n","protected":false},"author":2,"featured_media":20830,"comment_status":"open","ping_status":"open","sticky":false,"template":"","format":"standard","meta":{"_jetpack_newsletter_access":"","_jetpack_dont_email_post_to_subs":false,"_jetpack_newsletter_tier_id":0,"_jetpack_memberships_contains_paywalled_content":false,"_jetpack_feature_clip_id":0,"_jetpack_memberships_contains_paid_content":false,"footnotes":"","jetpack_publicize_message":"","jetpack_publicize_feature_enabled":true,"jetpack_social_post_already_shared":true,"jetpack_social_options":{"image_generator_settings":{"template":"highway","default_image_id":0,"font":"","enabled":false},"version":2},"jetpack_post_was_ever_published":false},"categories":[2],"tags":[],"class_list":["post-20829","post","type-post","status-publish","format-standard","has-post-thumbnail","hentry","category-noticias"],"aioseo_notices":[],"aioseo_head":"\n\t\t<!-- All in One SEO 4.9.10 - aioseo.com -->\n\t<meta name=\"description\" content=\"A governadora Raquel Lyra (PSDB) anunciou, nesta ter\u00e7a (18), a realiza\u00e7\u00e3o de um concurso p\u00fablico para a Universidade de Pernambuco (UPE). Ao todo, ser\u00e3o ofertadas 58 vagas para o corpo docente, que se somar\u00e3o aos 184 professores nomeados para a institui\u00e7\u00e3o no in\u00edcio da atual gest\u00e3o. O an\u00fancio aconteceu no Pal\u00e1cio do Campo das Princesas,\" \/>\n\t<meta name=\"robots\" content=\"max-image-preview:large\" \/>\n\t<meta name=\"author\" content=\"serrafm87\"\/>\n\t<link rel=\"canonical\" href=\"https:\/\/serrafm879.com.br\/serrafm\/2025\/02\/estado-anuncia-concurso-para-upe-com-58-vagas-para-professor\/\" \/>\n\t<meta name=\"generator\" content=\"All in One SEO (AIOSEO) 4.9.10\" \/>\n\t\t<meta name=\"twitter:card\" content=\"summary_large_image\" \/>\n\t\t<meta name=\"twitter:title\" content=\"Estado anuncia concurso para UPE com 58 vagas para professor - Serra FM 87,9\" \/>\n\t\t<meta name=\"twitter:description\" content=\"A governadora Raquel Lyra (PSDB) anunciou, nesta ter\u00e7a (18), a realiza\u00e7\u00e3o de um concurso p\u00fablico para a Universidade de Pernambuco (UPE). Ao todo, ser\u00e3o ofertadas 58 vagas para o corpo docente, que se somar\u00e3o aos 184 professores nomeados para a institui\u00e7\u00e3o no in\u00edcio da atual gest\u00e3o. O an\u00fancio aconteceu no Pal\u00e1cio do Campo das Princesas,\" \/>\n\t\t<meta name=\"twitter:image\" content=\"https:\/\/serrafm879.com.br\/serrafm\/wp-content\/uploads\/2025\/02\/IMG_2499.jpeg\" \/>\n\t\t<script type=\"application\/ld+json\" class=\"aioseo-schema\">\n\t\t\t{\"@context\":\"https:\\\/\\\/schema.org\",\"@graph\":[{\"@type\":\"BlogPosting\",\"@id\":\"https:\\\/\\\/serrafm879.com.br\\\/serrafm\\\/2025\\\/02\\\/estado-anuncia-concurso-para-upe-com-58-vagas-para-professor\\\/#blogposting\",\"name\":\"Estado anuncia concurso para UPE com 58 vagas para professor - Serra FM 87,9\",\"headline\":\"Estado anuncia concurso para UPE com 58 vagas para professor\",\"author\":{\"@id\":\"https:\\\/\\\/serrafm879.com.br\\\/serrafm\\\/author\\\/serrafm87\\\/#author\"},\"publisher\":{\"@id\":\"https:\\\/\\\/serrafm879.com.br\\\/serrafm\\\/#organization\"},\"image\":{\"@type\":\"ImageObject\",\"url\":\"https:\\\/\\\/serrafm879.com.br\\\/serrafm\\\/wp-content\\\/uploads\\\/2025\\\/02\\\/IMG_2499.jpeg\",\"width\":1600,\"height\":1066},\"datePublished\":\"2025-02-19T09:49:59-03:00\",\"dateModified\":\"2025-02-19T09:51:47-03:00\",\"inLanguage\":\"pt-BR\",\"mainEntityOfPage\":{\"@id\":\"https:\\\/\\\/serrafm879.com.br\\\/serrafm\\\/2025\\\/02\\\/estado-anuncia-concurso-para-upe-com-58-vagas-para-professor\\\/#webpage\"},\"isPartOf\":{\"@id\":\"https:\\\/\\\/serrafm879.com.br\\\/serrafm\\\/2025\\\/02\\\/estado-anuncia-concurso-para-upe-com-58-vagas-para-professor\\\/#webpage\"},\"articleSection\":\"Not\\u00edcias\"},{\"@type\":\"BreadcrumbList\",\"@id\":\"https:\\\/\\\/serrafm879.com.br\\\/serrafm\\\/2025\\\/02\\\/estado-anuncia-concurso-para-upe-com-58-vagas-para-professor\\\/#breadcrumblist\",\"itemListElement\":[{\"@type\":\"ListItem\",\"@id\":\"https:\\\/\\\/serrafm879.com.br\\\/serrafm#listItem\",\"position\":1,\"name\":\"Home\",\"item\":\"https:\\\/\\\/serrafm879.com.br\\\/serrafm\",\"nextItem\":{\"@type\":\"ListItem\",\"@id\":\"https:\\\/\\\/serrafm879.com.br\\\/serrafm\\\/categoria\\\/noticias\\\/#listItem\",\"name\":\"Not\\u00edcias\"}},{\"@type\":\"ListItem\",\"@id\":\"https:\\\/\\\/serrafm879.com.br\\\/serrafm\\\/categoria\\\/noticias\\\/#listItem\",\"position\":2,\"name\":\"Not\\u00edcias\",\"item\":\"https:\\\/\\\/serrafm879.com.br\\\/serrafm\\\/categoria\\\/noticias\\\/\",\"nextItem\":{\"@type\":\"ListItem\",\"@id\":\"https:\\\/\\\/serrafm879.com.br\\\/serrafm\\\/2025\\\/02\\\/estado-anuncia-concurso-para-upe-com-58-vagas-para-professor\\\/#listItem\",\"name\":\"Estado anuncia concurso para UPE com 58 vagas para professor\"},\"previousItem\":{\"@type\":\"ListItem\",\"@id\":\"https:\\\/\\\/serrafm879.com.br\\\/serrafm#listItem\",\"name\":\"Home\"}},{\"@type\":\"ListItem\",\"@id\":\"https:\\\/\\\/serrafm879.com.br\\\/serrafm\\\/2025\\\/02\\\/estado-anuncia-concurso-para-upe-com-58-vagas-para-professor\\\/#listItem\",\"position\":3,\"name\":\"Estado anuncia concurso para UPE com 58 vagas para professor\",\"previousItem\":{\"@type\":\"ListItem\",\"@id\":\"https:\\\/\\\/serrafm879.com.br\\\/serrafm\\\/categoria\\\/noticias\\\/#listItem\",\"name\":\"Not\\u00edcias\"}}]},{\"@type\":\"Organization\",\"@id\":\"https:\\\/\\\/serrafm879.com.br\\\/serrafm\\\/#organization\",\"name\":\"Serra FM 87,9\",\"description\":\"O seu novo amor!\",\"url\":\"https:\\\/\\\/serrafm879.com.br\\\/serrafm\\\/\"},{\"@type\":\"Person\",\"@id\":\"https:\\\/\\\/serrafm879.com.br\\\/serrafm\\\/author\\\/serrafm87\\\/#author\",\"url\":\"https:\\\/\\\/serrafm879.com.br\\\/serrafm\\\/author\\\/serrafm87\\\/\",\"name\":\"serrafm87\",\"image\":{\"@type\":\"ImageObject\",\"@id\":\"https:\\\/\\\/serrafm879.com.br\\\/serrafm\\\/2025\\\/02\\\/estado-anuncia-concurso-para-upe-com-58-vagas-para-professor\\\/#authorImage\",\"url\":\"https:\\\/\\\/secure.gravatar.com\\\/avatar\\\/a743233f1112d34f48bb3dc9559b76eb930bab8b27175856cba6362608736235?s=96&d=mm&r=g\",\"width\":96,\"height\":96,\"caption\":\"serrafm87\"}},{\"@type\":\"WebPage\",\"@id\":\"https:\\\/\\\/serrafm879.com.br\\\/serrafm\\\/2025\\\/02\\\/estado-anuncia-concurso-para-upe-com-58-vagas-para-professor\\\/#webpage\",\"url\":\"https:\\\/\\\/serrafm879.com.br\\\/serrafm\\\/2025\\\/02\\\/estado-anuncia-concurso-para-upe-com-58-vagas-para-professor\\\/\",\"name\":\"Estado anuncia concurso para UPE com 58 vagas para professor - Serra FM 87,9\",\"description\":\"A governadora Raquel Lyra (PSDB) anunciou, nesta ter\\u00e7a (18), a realiza\\u00e7\\u00e3o de um concurso p\\u00fablico para a Universidade de Pernambuco (UPE). Ao todo, ser\\u00e3o ofertadas 58 vagas para o corpo docente, que se somar\\u00e3o aos 184 professores nomeados para a institui\\u00e7\\u00e3o no in\\u00edcio da atual gest\\u00e3o. O an\\u00fancio aconteceu no Pal\\u00e1cio do Campo das Princesas,\",\"inLanguage\":\"pt-BR\",\"isPartOf\":{\"@id\":\"https:\\\/\\\/serrafm879.com.br\\\/serrafm\\\/#website\"},\"breadcrumb\":{\"@id\":\"https:\\\/\\\/serrafm879.com.br\\\/serrafm\\\/2025\\\/02\\\/estado-anuncia-concurso-para-upe-com-58-vagas-para-professor\\\/#breadcrumblist\"},\"author\":{\"@id\":\"https:\\\/\\\/serrafm879.com.br\\\/serrafm\\\/author\\\/serrafm87\\\/#author\"},\"creator\":{\"@id\":\"https:\\\/\\\/serrafm879.com.br\\\/serrafm\\\/author\\\/serrafm87\\\/#author\"},\"image\":{\"@type\":\"ImageObject\",\"url\":\"https:\\\/\\\/serrafm879.com.br\\\/serrafm\\\/wp-content\\\/uploads\\\/2025\\\/02\\\/IMG_2499.jpeg\",\"@id\":\"https:\\\/\\\/serrafm879.com.br\\\/serrafm\\\/2025\\\/02\\\/estado-anuncia-concurso-para-upe-com-58-vagas-para-professor\\\/#mainImage\",\"width\":1600,\"height\":1066},\"primaryImageOfPage\":{\"@id\":\"https:\\\/\\\/serrafm879.com.br\\\/serrafm\\\/2025\\\/02\\\/estado-anuncia-concurso-para-upe-com-58-vagas-para-professor\\\/#mainImage\"},\"datePublished\":\"2025-02-19T09:49:59-03:00\",\"dateModified\":\"2025-02-19T09:51:47-03:00\"},{\"@type\":\"WebSite\",\"@id\":\"https:\\\/\\\/serrafm879.com.br\\\/serrafm\\\/#website\",\"url\":\"https:\\\/\\\/serrafm879.com.br\\\/serrafm\\\/\",\"name\":\"Serra FM 87,9\",\"description\":\"O seu novo amor!\",\"inLanguage\":\"pt-BR\",\"publisher\":{\"@id\":\"https:\\\/\\\/serrafm879.com.br\\\/serrafm\\\/#organization\"}}]}\n\t\t<\/script>\n\t\t<!-- All in One SEO -->\n\n","aioseo_head_json":{"title":"Estado anuncia concurso para UPE com 58 vagas para professor - Serra FM 87,9","description":"A governadora Raquel Lyra (PSDB) anunciou, nesta ter\u00e7a (18), a realiza\u00e7\u00e3o de um concurso p\u00fablico para a Universidade de Pernambuco (UPE). Ao todo, ser\u00e3o ofertadas 58 vagas para o corpo docente, que se somar\u00e3o aos 184 professores nomeados para a institui\u00e7\u00e3o no in\u00edcio da atual gest\u00e3o. O an\u00fancio aconteceu no Pal\u00e1cio do Campo das Princesas,","canonical_url":"https:\/\/serrafm879.com.br\/serrafm\/2025\/02\/estado-anuncia-concurso-para-upe-com-58-vagas-para-professor\/","robots":"max-image-preview:large","keywords":"","webmasterTools":{"miscellaneous":""},"schema":{"@context":"https:\/\/schema.org","@graph":[{"@type":"BlogPosting","@id":"https:\/\/serrafm879.com.br\/serrafm\/2025\/02\/estado-anuncia-concurso-para-upe-com-58-vagas-para-professor\/#blogposting","name":"Estado anuncia concurso para UPE com 58 vagas para professor - Serra FM 87,9","headline":"Estado anuncia concurso para UPE com 58 vagas para professor","author":{"@id":"https:\/\/serrafm879.com.br\/serrafm\/author\/serrafm87\/#author"},"publisher":{"@id":"https:\/\/serrafm879.com.br\/serrafm\/#organization"},"image":{"@type":"ImageObject","url":"https:\/\/serrafm879.com.br\/serrafm\/wp-content\/uploads\/2025\/02\/IMG_2499.jpeg","width":1600,"height":1066},"datePublished":"2025-02-19T09:49:59-03:00","dateModified":"2025-02-19T09:51:47-03:00","inLanguage":"pt-BR","mainEntityOfPage":{"@id":"https:\/\/serrafm879.com.br\/serrafm\/2025\/02\/estado-anuncia-concurso-para-upe-com-58-vagas-para-professor\/#webpage"},"isPartOf":{"@id":"https:\/\/serrafm879.com.br\/serrafm\/2025\/02\/estado-anuncia-concurso-para-upe-com-58-vagas-para-professor\/#webpage"},"articleSection":"Not\u00edcias"},{"@type":"BreadcrumbList","@id":"https:\/\/serrafm879.com.br\/serrafm\/2025\/02\/estado-anuncia-concurso-para-upe-com-58-vagas-para-professor\/#breadcrumblist","itemListElement":[{"@type":"ListItem","@id":"https:\/\/serrafm879.com.br\/serrafm#listItem","position":1,"name":"Home","item":"https:\/\/serrafm879.com.br\/serrafm","nextItem":{"@type":"ListItem","@id":"https:\/\/serrafm879.com.br\/serrafm\/categoria\/noticias\/#listItem","name":"Not\u00edcias"}},{"@type":"ListItem","@id":"https:\/\/serrafm879.com.br\/serrafm\/categoria\/noticias\/#listItem","position":2,"name":"Not\u00edcias","item":"https:\/\/serrafm879.com.br\/serrafm\/categoria\/noticias\/","nextItem":{"@type":"ListItem","@id":"https:\/\/serrafm879.com.br\/serrafm\/2025\/02\/estado-anuncia-concurso-para-upe-com-58-vagas-para-professor\/#listItem","name":"Estado anuncia concurso para UPE com 58 vagas para professor"},"previousItem":{"@type":"ListItem","@id":"https:\/\/serrafm879.com.br\/serrafm#listItem","name":"Home"}},{"@type":"ListItem","@id":"https:\/\/serrafm879.com.br\/serrafm\/2025\/02\/estado-anuncia-concurso-para-upe-com-58-vagas-para-professor\/#listItem","position":3,"name":"Estado anuncia concurso para UPE com 58 vagas para professor","previousItem":{"@type":"ListItem","@id":"https:\/\/serrafm879.com.br\/serrafm\/categoria\/noticias\/#listItem","name":"Not\u00edcias"}}]},{"@type":"Organization","@id":"https:\/\/serrafm879.com.br\/serrafm\/#organization","name":"Serra FM 87,9","description":"O seu novo amor!","url":"https:\/\/serrafm879.com.br\/serrafm\/"},{"@type":"Person","@id":"https:\/\/serrafm879.com.br\/serrafm\/author\/serrafm87\/#author","url":"https:\/\/serrafm879.com.br\/serrafm\/author\/serrafm87\/","name":"serrafm87","image":{"@type":"ImageObject","@id":"https:\/\/serrafm879.com.br\/serrafm\/2025\/02\/estado-anuncia-concurso-para-upe-com-58-vagas-para-professor\/#authorImage","url":"https:\/\/secure.gravatar.com\/avatar\/a743233f1112d34f48bb3dc9559b76eb930bab8b27175856cba6362608736235?s=96&d=mm&r=g","width":96,"height":96,"caption":"serrafm87"}},{"@type":"WebPage","@id":"https:\/\/serrafm879.com.br\/serrafm\/2025\/02\/estado-anuncia-concurso-para-upe-com-58-vagas-para-professor\/#webpage","url":"https:\/\/serrafm879.com.br\/serrafm\/2025\/02\/estado-anuncia-concurso-para-upe-com-58-vagas-para-professor\/","name":"Estado anuncia concurso para UPE com 58 vagas para professor - Serra FM 87,9","description":"A governadora Raquel Lyra (PSDB) anunciou, nesta ter\u00e7a (18), a realiza\u00e7\u00e3o de um concurso p\u00fablico para a Universidade de Pernambuco (UPE). Ao todo, ser\u00e3o ofertadas 58 vagas para o corpo docente, que se somar\u00e3o aos 184 professores nomeados para a institui\u00e7\u00e3o no in\u00edcio da atual gest\u00e3o. O an\u00fancio aconteceu no Pal\u00e1cio do Campo das Princesas,","inLanguage":"pt-BR","isPartOf":{"@id":"https:\/\/serrafm879.com.br\/serrafm\/#website"},"breadcrumb":{"@id":"https:\/\/serrafm879.com.br\/serrafm\/2025\/02\/estado-anuncia-concurso-para-upe-com-58-vagas-para-professor\/#breadcrumblist"},"author":{"@id":"https:\/\/serrafm879.com.br\/serrafm\/author\/serrafm87\/#author"},"creator":{"@id":"https:\/\/serrafm879.com.br\/serrafm\/author\/serrafm87\/#author"},"image":{"@type":"ImageObject","url":"https:\/\/serrafm879.com.br\/serrafm\/wp-content\/uploads\/2025\/02\/IMG_2499.jpeg","@id":"https:\/\/serrafm879.com.br\/serrafm\/2025\/02\/estado-anuncia-concurso-para-upe-com-58-vagas-para-professor\/#mainImage","width":1600,"height":1066},"primaryImageOfPage":{"@id":"https:\/\/serrafm879.com.br\/serrafm\/2025\/02\/estado-anuncia-concurso-para-upe-com-58-vagas-para-professor\/#mainImage"},"datePublished":"2025-02-19T09:49:59-03:00","dateModified":"2025-02-19T09:51:47-03:00"},{"@type":"WebSite","@id":"https:\/\/serrafm879.com.br\/serrafm\/#website","url":"https:\/\/serrafm879.com.br\/serrafm\/","name":"Serra FM 87,9","description":"O seu novo amor!","inLanguage":"pt-BR","publisher":{"@id":"https:\/\/serrafm879.com.br\/serrafm\/#organization"}}]},"twitter:card":"summary_large_image","twitter:title":"Estado anuncia concurso para UPE com 58 vagas para professor - Serra FM 87,9","twitter:description":"A governadora Raquel Lyra (PSDB) anunciou, nesta ter\u00e7a (18), a realiza\u00e7\u00e3o de um concurso p\u00fablico para a Universidade de Pernambuco (UPE). Ao todo, ser\u00e3o ofertadas 58 vagas para o corpo docente, que se somar\u00e3o aos 184 professores nomeados para a institui\u00e7\u00e3o no in\u00edcio da atual gest\u00e3o. O an\u00fancio aconteceu no Pal\u00e1cio do Campo das Princesas,","twitter:image":"https:\/\/serrafm879.com.br\/serrafm\/wp-content\/uploads\/2025\/02\/IMG_2499.jpeg"},"aioseo_meta_data":{"post_id":"20829","title":null,"description":null,"keywords":null,"keyphrases":null,"primary_term":null,"canonical_url":null,"og_title":null,"og_description":null,"og_object_type":"default","og_image_type":"default","og_image_custom_url":null,"og_image_custom_fields":null,"og_image_url":null,"og_image_width":null,"og_image_height":null,"og_video":null,"og_custom_url":null,"og_article_section":null,"og_article_tags":null,"twitter_use_og":false,"twitter_card":"default","twitter_image_type":"default","twitter_image_custom_url":null,"twitter_image_custom_fields":null,"twitter_image_url":null,"twitter_title":null,"twitter_description":null,"schema_type":"default","schema_type_options":null,"schema":{"blockGraphs":[],"customGraphs":[],"default":{"data":{"Article":[],"Course":[],"Dataset":[],"FAQPage":[],"Movie":[],"Person":[],"Product":[],"ProductReview":[],"Car":[],"Recipe":[],"Service":[],"SoftwareApplication":[],"WebPage":[]},"graphName":"","isEnabled":true},"graphs":[]},"pillar_content":false,"robots_default":true,"robots_noindex":false,"robots_noarchive":false,"robots_nosnippet":false,"robots_nofollow":false,"robots_noimageindex":false,"robots_noodp":false,"robots_notranslate":false,"robots_max_snippet":null,"robots_max_videopreview":null,"robots_max_imagepreview":"large","priority":null,"frequency":null,"local_seo":null,"limit_modified_date":false,"ai":null,"breadcrumb_settings":null,"seo_analyzer_scan_date":null,"created":"2026-07-21 13:53:44","updated":"2026-07-21 13:53:44"},"aioseo_breadcrumb":"<div class=\"aioseo-breadcrumbs\"><span class=\"aioseo-breadcrumb\">\n\t\t\t<a href=\"https:\/\/serrafm879.com.br\/serrafm\" title=\"Home\">Home<\/a>\n\t\t<\/span><span class=\"aioseo-breadcrumb-separator\">&raquo;<\/span><span class=\"aioseo-breadcrumb\">\n\t\t\t<a href=\"https:\/\/serrafm879.com.br\/serrafm\/categoria\/noticias\/\" title=\"Not\u00edcias\">Not\u00edcias<\/a>\n\t\t<\/span><span class=\"aioseo-breadcrumb-separator\">&raquo;<\/span><span class=\"aioseo-breadcrumb\">\n\t\t\tEstado anuncia concurso para UPE com 58 vagas para professor\n\t\t<\/span><\/div>","aioseo_breadcrumb_json":[{"label":"Home","link":"https:\/\/serrafm879.com.br\/serrafm"},{"label":"Not\u00edcias","link":"https:\/\/serrafm879.com.br\/serrafm\/categoria\/noticias\/"},{"label":"Estado anuncia concurso para UPE com 58 vagas para professor","link":"https:\/\/serrafm879.com.br\/serrafm\/2025\/02\/estado-anuncia-concurso-para-upe-com-58-vagas-para-professor\/"}],"jetpack_publicize_connections":[],"jetpack_featured_media_url":"https:\/\/serrafm879.com.br\/serrafm\/wp-content\/uploads\/2025\/02\/IMG_2499.jpeg","jetpack_shortlink":"https:\/\/wp.me\/p7HyXg-5pX","jetpack_sharing_enabled":true,"_links":{"self":[{"href":"https:\/\/serrafm879.com.br\/serrafm\/wp-json\/wp\/v2\/posts\/20829","targetHints":{"allow":["GET"]}}],"collection":[{"href":"https:\/\/serrafm879.com.br\/serrafm\/wp-json\/wp\/v2\/posts"}],"about":[{"href":"https:\/\/serrafm879.com.br\/serrafm\/wp-json\/wp\/v2\/types\/post"}],"author":[{"embeddable":true,"href":"https:\/\/serrafm879.com.br\/serrafm\/wp-json\/wp\/v2\/users\/2"}],"replies":[{"embeddable":true,"href":"https:\/\/serrafm879.com.br\/serrafm\/wp-json\/wp\/v2\/comments?post=20829"}],"version-history":[{"count":1,"href":"https:\/\/serrafm879.com.br\/serrafm\/wp-json\/wp\/v2\/posts\/20829\/revisions"}],"predecessor-version":[{"id":20831,"href":"https:\/\/serrafm879.com.br\/serrafm\/wp-json\/wp\/v2\/posts\/20829\/revisions\/20831"}],"wp:featuredmedia":[{"embeddable":true,"href":"https:\/\/serrafm879.com.br\/serrafm\/wp-json\/wp\/v2\/media\/20830"}],"wp:attachment":[{"href":"https:\/\/serrafm879.com.br\/serrafm\/wp-json\/wp\/v2\/media?parent=20829"}],"wp:term":[{"taxonomy":"category","embeddable":true,"href":"https:\/\/serrafm879.com.br\/serrafm\/wp-json\/wp\/v2\/categories?post=20829"},{"taxonomy":"post_tag","embeddable":true,"href":"https:\/\/serrafm879.com.br\/serrafm\/wp-json\/wp\/v2\/tags?post=20829"}],"curies":[{"name":"wp","href":"https:\/\/api.w.org\/{rel}","templated":true}]}}