{"id":20832,"date":"2025-02-19T13:28:03","date_gmt":"2025-02-19T16:28:03","guid":{"rendered":"https:\/?p=20832"},"modified":"2025-02-19T13:28:03","modified_gmt":"2025-02-19T16:28:03","slug":"marcia-assina-ordem-de-servico-para-construcao-de-2-novas-creches-em-st","status":"publish","type":"post","link":"https:\/\/serrafm879.com.br\/serrafm\/2025\/02\/marcia-assina-ordem-de-servico-para-construcao-de-2-novas-creches-em-st\/","title":{"rendered":"M\u00e1rcia assina ordem de servi\u00e7o para constru\u00e7\u00e3o de 2 novas creches em ST"},"content":{"rendered":"<p>A prefeita de Serra Talhada,\u00a0<a href=\"https:\/\/faroldenoticias.com.br\/categoria\/serra-talhada\/\">M\u00e1rcia Conrado<\/a>, assinou nesta quarta-feira (19) no Recife, ao lado da governadora Raquel Lyra, a ordem de servi\u00e7o para a constru\u00e7\u00e3o de duas novas creches para a capital do xaxado.<\/p>\n<p>Os novos equipamentos contar\u00e3o com R$ 10 milh\u00f5es em investimento, em conv\u00eanio realizado entre a prefeitura municipal de Serra Talhada e o Governo de Pernambuco. O deputado estadual Doriel Barros tamb\u00e9m participou do momento.<\/p>\n<p><strong>LOCALIZA\u00c7\u00c3O<\/strong><\/p>\n<p>Com instala\u00e7\u00f5es modernas, os equipamentos ser\u00e3o instalados no bairro da Cohab e no loteamento Quintandinha. Ambos ter\u00e3o padr\u00f5es de excel\u00eancia para fomentar a educa\u00e7\u00e3o infantil. Segundo a prefeita M\u00e1rcia Conrado, \u201ceste \u00e9 um passo crucial para garantir um futuro mais promissor para nossas crian\u00e7as. Estamos trabalhando para que Serra Talhada continue sendo um exemplo de cuidado e excel\u00eancia na educa\u00e7\u00e3o infantil, priorizando o bem-estar e o desenvolvimento de nossos pequenos desde os primeiros anos\u201d.<\/p>\n<p>As novas creches ter\u00e3o capacidade para atender mais de 330 crian\u00e7as, de 0 a 3 anos em per\u00edodo integral e de 4 e 5 anos em turno parcial, elevando ainda mais o quantitativo de vagas para a rede municipal de ensino de Serra Talhada. Cada creche ter\u00e1 10 salas e espa\u00e7os de conviv\u00eancia para proporcionar, al\u00e9m de uma educa\u00e7\u00e3o de qualidade, momentos de descontra\u00e7\u00e3o e intera\u00e7\u00e3o entre as crian\u00e7as.<\/p>\n<p>Por fim, a prefeita M\u00e1rcia Conrado concluiu afirmando que \u201ccom a constru\u00e7\u00e3o dessas novas creches, estamos expandindo o acesso \u00e0 educa\u00e7\u00e3o e investindo no desenvolvimento das futuras gera\u00e7\u00f5es, criando uma base s\u00f3lida que contribuir\u00e1 para um futuro mais pr\u00f3spero e promissor para nossa cidade.\u201d<\/p>\n<p>&nbsp;<\/p>\n","protected":false},"excerpt":{"rendered":"<p>A prefeita de Serra Talhada,\u00a0M\u00e1rcia Conrado, assinou nesta quarta-feira (19) no Recife, ao lado da governadora Raquel Lyra, a ordem de servi\u00e7o para a constru\u00e7\u00e3o de duas novas creches para a capital do xaxado. Os novos equipamentos contar\u00e3o com R$ 10 milh\u00f5es em investimento, em conv\u00eanio realizado entre a prefeitura municipal de Serra Talhada e o Governo de Pernambuco. O deputado estadual Doriel Barros tamb\u00e9m participou do momento. LOCALIZA\u00c7\u00c3O Com instala\u00e7\u00f5es modernas, os equipamentos ser\u00e3o instalados no bairro da Cohab e no loteamento Quintandinha. Ambos ter\u00e3o padr\u00f5es de excel\u00eancia para fomentar a educa\u00e7\u00e3o infantil. Segundo a prefeita M\u00e1rcia Conrado, \u201ceste [&hellip;]<\/p>\n","protected":false},"author":2,"featured_media":20833,"comment_status":"open","ping_status":"open","sticky":false,"template":"","format":"standard","meta":{"_jetpack_newsletter_access":"","_jetpack_dont_email_post_to_subs":false,"_jetpack_newsletter_tier_id":0,"_jetpack_memberships_contains_paywalled_content":false,"_jetpack_feature_clip_id":0,"_jetpack_memberships_contains_paid_content":false,"footnotes":"","jetpack_publicize_message":"","jetpack_publicize_feature_enabled":true,"jetpack_social_post_already_shared":true,"jetpack_social_options":{"image_generator_settings":{"template":"highway","default_image_id":0,"font":"","enabled":false},"version":2},"jetpack_post_was_ever_published":false},"categories":[1],"tags":[],"class_list":["post-20832","post","type-post","status-publish","format-standard","has-post-thumbnail","hentry","category-uncategorized"],"aioseo_notices":[],"aioseo_head":"\n\t\t<!-- All in One SEO 4.9.10 - aioseo.com -->\n\t<meta name=\"description\" content=\"A prefeita de Serra Talhada, M\u00e1rcia Conrado, assinou nesta quarta-feira (19) no Recife, ao lado da governadora Raquel Lyra, a ordem de servi\u00e7o para a constru\u00e7\u00e3o de duas novas creches para a capital do xaxado. Os novos equipamentos contar\u00e3o com R$ 10 milh\u00f5es em investimento, em conv\u00eanio realizado entre a prefeitura municipal de Serra Talhada e\" \/>\n\t<meta name=\"robots\" content=\"max-image-preview:large\" \/>\n\t<meta name=\"author\" content=\"serrafm87\"\/>\n\t<link rel=\"canonical\" href=\"https:\/\/serrafm879.com.br\/serrafm\/2025\/02\/marcia-assina-ordem-de-servico-para-construcao-de-2-novas-creches-em-st\/\" \/>\n\t<meta name=\"generator\" content=\"All in One SEO (AIOSEO) 4.9.10\" \/>\n\t\t<meta name=\"twitter:card\" content=\"summary_large_image\" \/>\n\t\t<meta name=\"twitter:title\" content=\"M\u00e1rcia assina ordem de servi\u00e7o para constru\u00e7\u00e3o de 2 novas creches em ST - Serra FM 87,9\" \/>\n\t\t<meta name=\"twitter:description\" content=\"A prefeita de Serra Talhada, M\u00e1rcia Conrado, assinou nesta quarta-feira (19) no Recife, ao lado da governadora Raquel Lyra, a ordem de servi\u00e7o para a constru\u00e7\u00e3o de duas novas creches para a capital do xaxado. Os novos equipamentos contar\u00e3o com R$ 10 milh\u00f5es em investimento, em conv\u00eanio realizado entre a prefeitura municipal de Serra Talhada e\" \/>\n\t\t<meta name=\"twitter:image\" content=\"https:\/\/serrafm879.com.br\/serrafm\/wp-content\/uploads\/2025\/02\/WhatsApp-Image-2025-02-19-at-12.46.38-1536x1024-1.jpeg\" \/>\n\t\t<script type=\"application\/ld+json\" class=\"aioseo-schema\">\n\t\t\t{\"@context\":\"https:\\\/\\\/schema.org\",\"@graph\":[{\"@type\":\"BlogPosting\",\"@id\":\"https:\\\/\\\/serrafm879.com.br\\\/serrafm\\\/2025\\\/02\\\/marcia-assina-ordem-de-servico-para-construcao-de-2-novas-creches-em-st\\\/#blogposting\",\"name\":\"M\\u00e1rcia assina ordem de servi\\u00e7o para constru\\u00e7\\u00e3o de 2 novas creches em ST - Serra FM 87,9\",\"headline\":\"M\\u00e1rcia assina ordem de servi\\u00e7o para constru\\u00e7\\u00e3o de 2 novas creches em ST\",\"author\":{\"@id\":\"https:\\\/\\\/serrafm879.com.br\\\/serrafm\\\/author\\\/serrafm87\\\/#author\"},\"publisher\":{\"@id\":\"https:\\\/\\\/serrafm879.com.br\\\/serrafm\\\/#organization\"},\"image\":{\"@type\":\"ImageObject\",\"url\":\"https:\\\/\\\/serrafm879.com.br\\\/serrafm\\\/wp-content\\\/uploads\\\/2025\\\/02\\\/WhatsApp-Image-2025-02-19-at-12.46.38-1536x1024-1.jpeg\",\"width\":1536,\"height\":1024},\"datePublished\":\"2025-02-19T13:28:03-03:00\",\"dateModified\":\"2025-02-19T13:28:03-03:00\",\"inLanguage\":\"pt-BR\",\"mainEntityOfPage\":{\"@id\":\"https:\\\/\\\/serrafm879.com.br\\\/serrafm\\\/2025\\\/02\\\/marcia-assina-ordem-de-servico-para-construcao-de-2-novas-creches-em-st\\\/#webpage\"},\"isPartOf\":{\"@id\":\"https:\\\/\\\/serrafm879.com.br\\\/serrafm\\\/2025\\\/02\\\/marcia-assina-ordem-de-servico-para-construcao-de-2-novas-creches-em-st\\\/#webpage\"},\"articleSection\":\"Uncategorized\"},{\"@type\":\"BreadcrumbList\",\"@id\":\"https:\\\/\\\/serrafm879.com.br\\\/serrafm\\\/2025\\\/02\\\/marcia-assina-ordem-de-servico-para-construcao-de-2-novas-creches-em-st\\\/#breadcrumblist\",\"itemListElement\":[{\"@type\":\"ListItem\",\"@id\":\"https:\\\/\\\/serrafm879.com.br\\\/serrafm#listItem\",\"position\":1,\"name\":\"Home\",\"item\":\"https:\\\/\\\/serrafm879.com.br\\\/serrafm\",\"nextItem\":{\"@type\":\"ListItem\",\"@id\":\"https:\\\/\\\/serrafm879.com.br\\\/serrafm\\\/categoria\\\/uncategorized\\\/#listItem\",\"name\":\"Uncategorized\"}},{\"@type\":\"ListItem\",\"@id\":\"https:\\\/\\\/serrafm879.com.br\\\/serrafm\\\/categoria\\\/uncategorized\\\/#listItem\",\"position\":2,\"name\":\"Uncategorized\",\"item\":\"https:\\\/\\\/serrafm879.com.br\\\/serrafm\\\/categoria\\\/uncategorized\\\/\",\"nextItem\":{\"@type\":\"ListItem\",\"@id\":\"https:\\\/\\\/serrafm879.com.br\\\/serrafm\\\/2025\\\/02\\\/marcia-assina-ordem-de-servico-para-construcao-de-2-novas-creches-em-st\\\/#listItem\",\"name\":\"M\\u00e1rcia assina ordem de servi\\u00e7o para constru\\u00e7\\u00e3o de 2 novas creches em ST\"},\"previousItem\":{\"@type\":\"ListItem\",\"@id\":\"https:\\\/\\\/serrafm879.com.br\\\/serrafm#listItem\",\"name\":\"Home\"}},{\"@type\":\"ListItem\",\"@id\":\"https:\\\/\\\/serrafm879.com.br\\\/serrafm\\\/2025\\\/02\\\/marcia-assina-ordem-de-servico-para-construcao-de-2-novas-creches-em-st\\\/#listItem\",\"position\":3,\"name\":\"M\\u00e1rcia assina ordem de servi\\u00e7o para constru\\u00e7\\u00e3o de 2 novas creches em ST\",\"previousItem\":{\"@type\":\"ListItem\",\"@id\":\"https:\\\/\\\/serrafm879.com.br\\\/serrafm\\\/categoria\\\/uncategorized\\\/#listItem\",\"name\":\"Uncategorized\"}}]},{\"@type\":\"Organization\",\"@id\":\"https:\\\/\\\/serrafm879.com.br\\\/serrafm\\\/#organization\",\"name\":\"Serra FM 87,9\",\"description\":\"O seu novo amor!\",\"url\":\"https:\\\/\\\/serrafm879.com.br\\\/serrafm\\\/\"},{\"@type\":\"Person\",\"@id\":\"https:\\\/\\\/serrafm879.com.br\\\/serrafm\\\/author\\\/serrafm87\\\/#author\",\"url\":\"https:\\\/\\\/serrafm879.com.br\\\/serrafm\\\/author\\\/serrafm87\\\/\",\"name\":\"serrafm87\",\"image\":{\"@type\":\"ImageObject\",\"@id\":\"https:\\\/\\\/serrafm879.com.br\\\/serrafm\\\/2025\\\/02\\\/marcia-assina-ordem-de-servico-para-construcao-de-2-novas-creches-em-st\\\/#authorImage\",\"url\":\"https:\\\/\\\/secure.gravatar.com\\\/avatar\\\/a743233f1112d34f48bb3dc9559b76eb930bab8b27175856cba6362608736235?s=96&d=mm&r=g\",\"width\":96,\"height\":96,\"caption\":\"serrafm87\"}},{\"@type\":\"WebPage\",\"@id\":\"https:\\\/\\\/serrafm879.com.br\\\/serrafm\\\/2025\\\/02\\\/marcia-assina-ordem-de-servico-para-construcao-de-2-novas-creches-em-st\\\/#webpage\",\"url\":\"https:\\\/\\\/serrafm879.com.br\\\/serrafm\\\/2025\\\/02\\\/marcia-assina-ordem-de-servico-para-construcao-de-2-novas-creches-em-st\\\/\",\"name\":\"M\\u00e1rcia assina ordem de servi\\u00e7o para constru\\u00e7\\u00e3o de 2 novas creches em ST - Serra FM 87,9\",\"description\":\"A prefeita de Serra Talhada, M\\u00e1rcia Conrado, assinou nesta quarta-feira (19) no Recife, ao lado da governadora Raquel Lyra, a ordem de servi\\u00e7o para a constru\\u00e7\\u00e3o de duas novas creches para a capital do xaxado. Os novos equipamentos contar\\u00e3o com R$ 10 milh\\u00f5es em investimento, em conv\\u00eanio realizado entre a prefeitura municipal de Serra Talhada e\",\"inLanguage\":\"pt-BR\",\"isPartOf\":{\"@id\":\"https:\\\/\\\/serrafm879.com.br\\\/serrafm\\\/#website\"},\"breadcrumb\":{\"@id\":\"https:\\\/\\\/serrafm879.com.br\\\/serrafm\\\/2025\\\/02\\\/marcia-assina-ordem-de-servico-para-construcao-de-2-novas-creches-em-st\\\/#breadcrumblist\"},\"author\":{\"@id\":\"https:\\\/\\\/serrafm879.com.br\\\/serrafm\\\/author\\\/serrafm87\\\/#author\"},\"creator\":{\"@id\":\"https:\\\/\\\/serrafm879.com.br\\\/serrafm\\\/author\\\/serrafm87\\\/#author\"},\"image\":{\"@type\":\"ImageObject\",\"url\":\"https:\\\/\\\/serrafm879.com.br\\\/serrafm\\\/wp-content\\\/uploads\\\/2025\\\/02\\\/WhatsApp-Image-2025-02-19-at-12.46.38-1536x1024-1.jpeg\",\"@id\":\"https:\\\/\\\/serrafm879.com.br\\\/serrafm\\\/2025\\\/02\\\/marcia-assina-ordem-de-servico-para-construcao-de-2-novas-creches-em-st\\\/#mainImage\",\"width\":1536,\"height\":1024},\"primaryImageOfPage\":{\"@id\":\"https:\\\/\\\/serrafm879.com.br\\\/serrafm\\\/2025\\\/02\\\/marcia-assina-ordem-de-servico-para-construcao-de-2-novas-creches-em-st\\\/#mainImage\"},\"datePublished\":\"2025-02-19T13:28:03-03:00\",\"dateModified\":\"2025-02-19T13:28:03-03:00\"},{\"@type\":\"WebSite\",\"@id\":\"https:\\\/\\\/serrafm879.com.br\\\/serrafm\\\/#website\",\"url\":\"https:\\\/\\\/serrafm879.com.br\\\/serrafm\\\/\",\"name\":\"Serra FM 87,9\",\"description\":\"O seu novo amor!\",\"inLanguage\":\"pt-BR\",\"publisher\":{\"@id\":\"https:\\\/\\\/serrafm879.com.br\\\/serrafm\\\/#organization\"}}]}\n\t\t<\/script>\n\t\t<!-- All in One SEO -->\n\n","aioseo_head_json":{"title":"M\u00e1rcia assina ordem de servi\u00e7o para constru\u00e7\u00e3o de 2 novas creches em ST - Serra FM 87,9","description":"A prefeita de Serra Talhada, M\u00e1rcia Conrado, assinou nesta quarta-feira (19) no Recife, ao lado da governadora Raquel Lyra, a ordem de servi\u00e7o para a constru\u00e7\u00e3o de duas novas creches para a capital do xaxado. Os novos equipamentos contar\u00e3o com R$ 10 milh\u00f5es em investimento, em conv\u00eanio realizado entre a prefeitura municipal de Serra Talhada e","canonical_url":"https:\/\/serrafm879.com.br\/serrafm\/2025\/02\/marcia-assina-ordem-de-servico-para-construcao-de-2-novas-creches-em-st\/","robots":"max-image-preview:large","keywords":"","webmasterTools":{"miscellaneous":""},"schema":{"@context":"https:\/\/schema.org","@graph":[{"@type":"BlogPosting","@id":"https:\/\/serrafm879.com.br\/serrafm\/2025\/02\/marcia-assina-ordem-de-servico-para-construcao-de-2-novas-creches-em-st\/#blogposting","name":"M\u00e1rcia assina ordem de servi\u00e7o para constru\u00e7\u00e3o de 2 novas creches em ST - Serra FM 87,9","headline":"M\u00e1rcia assina ordem de servi\u00e7o para constru\u00e7\u00e3o de 2 novas creches em ST","author":{"@id":"https:\/\/serrafm879.com.br\/serrafm\/author\/serrafm87\/#author"},"publisher":{"@id":"https:\/\/serrafm879.com.br\/serrafm\/#organization"},"image":{"@type":"ImageObject","url":"https:\/\/serrafm879.com.br\/serrafm\/wp-content\/uploads\/2025\/02\/WhatsApp-Image-2025-02-19-at-12.46.38-1536x1024-1.jpeg","width":1536,"height":1024},"datePublished":"2025-02-19T13:28:03-03:00","dateModified":"2025-02-19T13:28:03-03:00","inLanguage":"pt-BR","mainEntityOfPage":{"@id":"https:\/\/serrafm879.com.br\/serrafm\/2025\/02\/marcia-assina-ordem-de-servico-para-construcao-de-2-novas-creches-em-st\/#webpage"},"isPartOf":{"@id":"https:\/\/serrafm879.com.br\/serrafm\/2025\/02\/marcia-assina-ordem-de-servico-para-construcao-de-2-novas-creches-em-st\/#webpage"},"articleSection":"Uncategorized"},{"@type":"BreadcrumbList","@id":"https:\/\/serrafm879.com.br\/serrafm\/2025\/02\/marcia-assina-ordem-de-servico-para-construcao-de-2-novas-creches-em-st\/#breadcrumblist","itemListElement":[{"@type":"ListItem","@id":"https:\/\/serrafm879.com.br\/serrafm#listItem","position":1,"name":"Home","item":"https:\/\/serrafm879.com.br\/serrafm","nextItem":{"@type":"ListItem","@id":"https:\/\/serrafm879.com.br\/serrafm\/categoria\/uncategorized\/#listItem","name":"Uncategorized"}},{"@type":"ListItem","@id":"https:\/\/serrafm879.com.br\/serrafm\/categoria\/uncategorized\/#listItem","position":2,"name":"Uncategorized","item":"https:\/\/serrafm879.com.br\/serrafm\/categoria\/uncategorized\/","nextItem":{"@type":"ListItem","@id":"https:\/\/serrafm879.com.br\/serrafm\/2025\/02\/marcia-assina-ordem-de-servico-para-construcao-de-2-novas-creches-em-st\/#listItem","name":"M\u00e1rcia assina ordem de servi\u00e7o para constru\u00e7\u00e3o de 2 novas creches em ST"},"previousItem":{"@type":"ListItem","@id":"https:\/\/serrafm879.com.br\/serrafm#listItem","name":"Home"}},{"@type":"ListItem","@id":"https:\/\/serrafm879.com.br\/serrafm\/2025\/02\/marcia-assina-ordem-de-servico-para-construcao-de-2-novas-creches-em-st\/#listItem","position":3,"name":"M\u00e1rcia assina ordem de servi\u00e7o para constru\u00e7\u00e3o de 2 novas creches em ST","previousItem":{"@type":"ListItem","@id":"https:\/\/serrafm879.com.br\/serrafm\/categoria\/uncategorized\/#listItem","name":"Uncategorized"}}]},{"@type":"Organization","@id":"https:\/\/serrafm879.com.br\/serrafm\/#organization","name":"Serra FM 87,9","description":"O seu novo amor!","url":"https:\/\/serrafm879.com.br\/serrafm\/"},{"@type":"Person","@id":"https:\/\/serrafm879.com.br\/serrafm\/author\/serrafm87\/#author","url":"https:\/\/serrafm879.com.br\/serrafm\/author\/serrafm87\/","name":"serrafm87","image":{"@type":"ImageObject","@id":"https:\/\/serrafm879.com.br\/serrafm\/2025\/02\/marcia-assina-ordem-de-servico-para-construcao-de-2-novas-creches-em-st\/#authorImage","url":"https:\/\/secure.gravatar.com\/avatar\/a743233f1112d34f48bb3dc9559b76eb930bab8b27175856cba6362608736235?s=96&d=mm&r=g","width":96,"height":96,"caption":"serrafm87"}},{"@type":"WebPage","@id":"https:\/\/serrafm879.com.br\/serrafm\/2025\/02\/marcia-assina-ordem-de-servico-para-construcao-de-2-novas-creches-em-st\/#webpage","url":"https:\/\/serrafm879.com.br\/serrafm\/2025\/02\/marcia-assina-ordem-de-servico-para-construcao-de-2-novas-creches-em-st\/","name":"M\u00e1rcia assina ordem de servi\u00e7o para constru\u00e7\u00e3o de 2 novas creches em ST - Serra FM 87,9","description":"A prefeita de Serra Talhada, M\u00e1rcia Conrado, assinou nesta quarta-feira (19) no Recife, ao lado da governadora Raquel Lyra, a ordem de servi\u00e7o para a constru\u00e7\u00e3o de duas novas creches para a capital do xaxado. Os novos equipamentos contar\u00e3o com R$ 10 milh\u00f5es em investimento, em conv\u00eanio realizado entre a prefeitura municipal de Serra Talhada e","inLanguage":"pt-BR","isPartOf":{"@id":"https:\/\/serrafm879.com.br\/serrafm\/#website"},"breadcrumb":{"@id":"https:\/\/serrafm879.com.br\/serrafm\/2025\/02\/marcia-assina-ordem-de-servico-para-construcao-de-2-novas-creches-em-st\/#breadcrumblist"},"author":{"@id":"https:\/\/serrafm879.com.br\/serrafm\/author\/serrafm87\/#author"},"creator":{"@id":"https:\/\/serrafm879.com.br\/serrafm\/author\/serrafm87\/#author"},"image":{"@type":"ImageObject","url":"https:\/\/serrafm879.com.br\/serrafm\/wp-content\/uploads\/2025\/02\/WhatsApp-Image-2025-02-19-at-12.46.38-1536x1024-1.jpeg","@id":"https:\/\/serrafm879.com.br\/serrafm\/2025\/02\/marcia-assina-ordem-de-servico-para-construcao-de-2-novas-creches-em-st\/#mainImage","width":1536,"height":1024},"primaryImageOfPage":{"@id":"https:\/\/serrafm879.com.br\/serrafm\/2025\/02\/marcia-assina-ordem-de-servico-para-construcao-de-2-novas-creches-em-st\/#mainImage"},"datePublished":"2025-02-19T13:28:03-03:00","dateModified":"2025-02-19T13:28:03-03:00"},{"@type":"WebSite","@id":"https:\/\/serrafm879.com.br\/serrafm\/#website","url":"https:\/\/serrafm879.com.br\/serrafm\/","name":"Serra FM 87,9","description":"O seu novo amor!","inLanguage":"pt-BR","publisher":{"@id":"https:\/\/serrafm879.com.br\/serrafm\/#organization"}}]},"twitter:card":"summary_large_image","twitter:title":"M\u00e1rcia assina ordem de servi\u00e7o para constru\u00e7\u00e3o de 2 novas creches em ST - Serra FM 87,9","twitter:description":"A prefeita de Serra Talhada, M\u00e1rcia Conrado, assinou nesta quarta-feira (19) no Recife, ao lado da governadora Raquel Lyra, a ordem de servi\u00e7o para a constru\u00e7\u00e3o de duas novas creches para a capital do xaxado. Os novos equipamentos contar\u00e3o com R$ 10 milh\u00f5es em investimento, em conv\u00eanio realizado entre a prefeitura municipal de Serra Talhada e","twitter:image":"https:\/\/serrafm879.com.br\/serrafm\/wp-content\/uploads\/2025\/02\/WhatsApp-Image-2025-02-19-at-12.46.38-1536x1024-1.jpeg"},"aioseo_meta_data":{"post_id":"20832","title":null,"description":null,"keywords":null,"keyphrases":null,"primary_term":null,"canonical_url":null,"og_title":null,"og_description":null,"og_object_type":"default","og_image_type":"default","og_image_custom_url":null,"og_image_custom_fields":null,"og_image_url":null,"og_image_width":null,"og_image_height":null,"og_video":null,"og_custom_url":null,"og_article_section":null,"og_article_tags":null,"twitter_use_og":false,"twitter_card":"default","twitter_image_type":"default","twitter_image_custom_url":null,"twitter_image_custom_fields":null,"twitter_image_url":null,"twitter_title":null,"twitter_description":null,"schema_type":"default","schema_type_options":null,"schema":{"blockGraphs":[],"customGraphs":[],"default":{"data":{"Article":[],"Course":[],"Dataset":[],"FAQPage":[],"Movie":[],"Person":[],"Product":[],"ProductReview":[],"Car":[],"Recipe":[],"Service":[],"SoftwareApplication":[],"WebPage":[]},"graphName":"","isEnabled":true},"graphs":[]},"pillar_content":false,"robots_default":true,"robots_noindex":false,"robots_noarchive":false,"robots_nosnippet":false,"robots_nofollow":false,"robots_noimageindex":false,"robots_noodp":false,"robots_notranslate":false,"robots_max_snippet":null,"robots_max_videopreview":null,"robots_max_imagepreview":"large","priority":null,"frequency":null,"local_seo":null,"limit_modified_date":false,"ai":null,"breadcrumb_settings":null,"seo_analyzer_scan_date":null,"created":"2026-07-21 13:53:44","updated":"2026-07-21 13:53:44"},"aioseo_breadcrumb":"<div class=\"aioseo-breadcrumbs\"><span class=\"aioseo-breadcrumb\">\n\t\t\t<a href=\"https:\/\/serrafm879.com.br\/serrafm\" title=\"Home\">Home<\/a>\n\t\t<\/span><span class=\"aioseo-breadcrumb-separator\">&raquo;<\/span><span class=\"aioseo-breadcrumb\">\n\t\t\t<a href=\"https:\/\/serrafm879.com.br\/serrafm\/categoria\/uncategorized\/\" title=\"Uncategorized\">Uncategorized<\/a>\n\t\t<\/span><span class=\"aioseo-breadcrumb-separator\">&raquo;<\/span><span class=\"aioseo-breadcrumb\">\n\t\t\tM\u00e1rcia assina ordem de servi\u00e7o para constru\u00e7\u00e3o de 2 novas creches em ST\n\t\t<\/span><\/div>","aioseo_breadcrumb_json":[{"label":"Home","link":"https:\/\/serrafm879.com.br\/serrafm"},{"label":"Uncategorized","link":"https:\/\/serrafm879.com.br\/serrafm\/categoria\/uncategorized\/"},{"label":"M\u00e1rcia assina ordem de servi\u00e7o para constru\u00e7\u00e3o de 2 novas creches em ST","link":"https:\/\/serrafm879.com.br\/serrafm\/2025\/02\/marcia-assina-ordem-de-servico-para-construcao-de-2-novas-creches-em-st\/"}],"jetpack_publicize_connections":[],"jetpack_featured_media_url":"https:\/\/serrafm879.com.br\/serrafm\/wp-content\/uploads\/2025\/02\/WhatsApp-Image-2025-02-19-at-12.46.38-1536x1024-1.jpeg","jetpack_shortlink":"https:\/\/wp.me\/p7HyXg-5q0","jetpack_sharing_enabled":true,"_links":{"self":[{"href":"https:\/\/serrafm879.com.br\/serrafm\/wp-json\/wp\/v2\/posts\/20832","targetHints":{"allow":["GET"]}}],"collection":[{"href":"https:\/\/serrafm879.com.br\/serrafm\/wp-json\/wp\/v2\/posts"}],"about":[{"href":"https:\/\/serrafm879.com.br\/serrafm\/wp-json\/wp\/v2\/types\/post"}],"author":[{"embeddable":true,"href":"https:\/\/serrafm879.com.br\/serrafm\/wp-json\/wp\/v2\/users\/2"}],"replies":[{"embeddable":true,"href":"https:\/\/serrafm879.com.br\/serrafm\/wp-json\/wp\/v2\/comments?post=20832"}],"version-history":[{"count":1,"href":"https:\/\/serrafm879.com.br\/serrafm\/wp-json\/wp\/v2\/posts\/20832\/revisions"}],"predecessor-version":[{"id":20834,"href":"https:\/\/serrafm879.com.br\/serrafm\/wp-json\/wp\/v2\/posts\/20832\/revisions\/20834"}],"wp:featuredmedia":[{"embeddable":true,"href":"https:\/\/serrafm879.com.br\/serrafm\/wp-json\/wp\/v2\/media\/20833"}],"wp:attachment":[{"href":"https:\/\/serrafm879.com.br\/serrafm\/wp-json\/wp\/v2\/media?parent=20832"}],"wp:term":[{"taxonomy":"category","embeddable":true,"href":"https:\/\/serrafm879.com.br\/serrafm\/wp-json\/wp\/v2\/categories?post=20832"},{"taxonomy":"post_tag","embeddable":true,"href":"https:\/\/serrafm879.com.br\/serrafm\/wp-json\/wp\/v2\/tags?post=20832"}],"curies":[{"name":"wp","href":"https:\/\/api.w.org\/{rel}","templated":true}]}}