{"id":20848,"date":"2025-02-19T22:24:19","date_gmt":"2025-02-20T01:24:19","guid":{"rendered":"https:\/?p=20848"},"modified":"2025-02-19T22:25:08","modified_gmt":"2025-02-20T01:25:08","slug":"motorista-e-resgatado-de-helicoptero-apos-colisao","status":"publish","type":"post","link":"https:\/\/serrafm879.com.br\/serrafm\/2025\/02\/motorista-e-resgatado-de-helicoptero-apos-colisao\/","title":{"rendered":"Motorista \u00e9 resgatado de helic\u00f3ptero ap\u00f3s colis\u00e3o"},"content":{"rendered":"<div id=\"site\">\n<p><span style=\"font-size: 1.21429rem;\">Um motorista, de 54 anos, que ficou ferido ap\u00f3s uma colis\u00e3o frontal entre dois caminh\u00f5es na PE 16, em Aldeia, foi resgatado de helic\u00f3ptero nesta ter\u00e7a-feira (18).<\/span><\/p>\n<div class=\"content-container\">\n<section id=\"primary\" class=\"content\">\n<article id=\"post-648973\" class=\"post-648973 post type-post status-publish format-standard has-post-thumbnail hentry category-pernambuco\">\n<div class=\"post-content\">\n<p>O transporte a\u00e9reo foi realizado em uma a\u00e7\u00e3o conjunta da Pol\u00edcia Rodovi\u00e1ria Federal (PRF) e SAMU Metropolitano Recife.<\/p>\n<p>Por volta das 13h30, a central de regula\u00e7\u00e3o do SAMU entrou em contato com a equipe aerom\u00e9dica para um resgate de um condutor que ficou preso \u00e0s ferragens, ap\u00f3s uma colis\u00e3o frontal entre dois caminh\u00f5es numa curva.<\/p>\n<p>O Corpo de Bombeiros retirou o homem do ve\u00edculo e, ao chegar no local, a equipe prestou os primeiros socorros ao motorista, que apresentava fraturas na perna.<\/p>\n<p>Em cerca de 5 minutos, o condutor foi transportado de helic\u00f3ptero ao campo do Derby. De l\u00e1, ele seguiu de ambul\u00e2ncia at\u00e9 o Hospital da Restaura\u00e7\u00e3o, no Recife.<\/p>\n<p><img loading=\"lazy\" decoding=\"async\" class=\"aligncenter size-full wp-image-648977\" title=\"Motorista \u00e9 resgatado de helic\u00f3ptero ap\u00f3s colis\u00e3o 2\" src=\"https:\/\/faroldenoticias.com.br\/wp-content\/uploads\/2025\/02\/acidente-aldeia3.jpeg\" sizes=\"auto, (max-width: 1600px) 100vw, 1600px\" srcset=\"https:\/\/faroldenoticias.com.br\/wp-content\/uploads\/2025\/02\/acidente-aldeia3.jpeg 1600w, https:\/\/faroldenoticias.com.br\/wp-content\/uploads\/2025\/02\/acidente-aldeia3-300x225.jpeg 300w, https:\/\/faroldenoticias.com.br\/wp-content\/uploads\/2025\/02\/acidente-aldeia3-1024x768.jpeg 1024w, https:\/\/faroldenoticias.com.br\/wp-content\/uploads\/2025\/02\/acidente-aldeia3-768x576.jpeg 768w, https:\/\/faroldenoticias.com.br\/wp-content\/uploads\/2025\/02\/acidente-aldeia3-1536x1152.jpeg 1536w\" alt=\"Motorista \u00e9 resgatado de helic\u00f3ptero ap\u00f3s colis\u00e3o\" width=\"1600\" height=\"1200\" \/><\/p>\n<\/div>\n<\/article>\n<\/section>\n<\/div>\n<p>&nbsp;<\/p>\n<\/div>\n","protected":false},"excerpt":{"rendered":"<p>Um motorista, de 54 anos, que ficou ferido ap\u00f3s uma colis\u00e3o frontal entre dois caminh\u00f5es na PE 16, em Aldeia, foi resgatado de helic\u00f3ptero nesta ter\u00e7a-feira (18). O transporte a\u00e9reo foi realizado em uma a\u00e7\u00e3o conjunta da Pol\u00edcia Rodovi\u00e1ria Federal (PRF) e SAMU Metropolitano Recife. Por volta das 13h30, a central de regula\u00e7\u00e3o do SAMU entrou em contato com a equipe aerom\u00e9dica para um resgate de um condutor que ficou preso \u00e0s ferragens, ap\u00f3s uma colis\u00e3o frontal entre dois caminh\u00f5es numa curva. O Corpo de Bombeiros retirou o homem do ve\u00edculo e, ao chegar no local, a equipe prestou os [&hellip;]<\/p>\n","protected":false},"author":2,"featured_media":20849,"comment_status":"open","ping_status":"open","sticky":false,"template":"","format":"standard","meta":{"_jetpack_newsletter_access":"","_jetpack_dont_email_post_to_subs":false,"_jetpack_newsletter_tier_id":0,"_jetpack_memberships_contains_paywalled_content":false,"_jetpack_feature_clip_id":0,"_jetpack_memberships_contains_paid_content":false,"footnotes":"","jetpack_publicize_message":"","jetpack_publicize_feature_enabled":true,"jetpack_social_post_already_shared":true,"jetpack_social_options":{"image_generator_settings":{"template":"highway","default_image_id":0,"font":"","enabled":false},"version":2},"jetpack_post_was_ever_published":false},"categories":[1],"tags":[],"class_list":["post-20848","post","type-post","status-publish","format-standard","has-post-thumbnail","hentry","category-uncategorized"],"aioseo_notices":[],"aioseo_head":"\n\t\t<!-- All in One SEO 4.9.10 - aioseo.com -->\n\t<meta name=\"description\" content=\"Um motorista, de 54 anos, que ficou ferido ap\u00f3s uma colis\u00e3o frontal entre dois caminh\u00f5es na PE 16, em Aldeia, foi resgatado de helic\u00f3ptero nesta ter\u00e7a-feira (18). O transporte a\u00e9reo foi realizado em uma a\u00e7\u00e3o conjunta da Pol\u00edcia Rodovi\u00e1ria Federal (PRF) e SAMU Metropolitano Recife. Por volta das 13h30, a central de regula\u00e7\u00e3o do SAMU\" \/>\n\t<meta name=\"robots\" content=\"max-image-preview:large\" \/>\n\t<meta name=\"author\" content=\"serrafm87\"\/>\n\t<link rel=\"canonical\" href=\"https:\/\/serrafm879.com.br\/serrafm\/2025\/02\/motorista-e-resgatado-de-helicoptero-apos-colisao\/\" \/>\n\t<meta name=\"generator\" content=\"All in One SEO (AIOSEO) 4.9.10\" \/>\n\t\t<meta name=\"twitter:card\" content=\"summary_large_image\" \/>\n\t\t<meta name=\"twitter:title\" content=\"Motorista \u00e9 resgatado de helic\u00f3ptero ap\u00f3s colis\u00e3o - Serra FM 87,9\" \/>\n\t\t<meta name=\"twitter:description\" content=\"Um motorista, de 54 anos, que ficou ferido ap\u00f3s uma colis\u00e3o frontal entre dois caminh\u00f5es na PE 16, em Aldeia, foi resgatado de helic\u00f3ptero nesta ter\u00e7a-feira (18). O transporte a\u00e9reo foi realizado em uma a\u00e7\u00e3o conjunta da Pol\u00edcia Rodovi\u00e1ria Federal (PRF) e SAMU Metropolitano Recife. Por volta das 13h30, a central de regula\u00e7\u00e3o do SAMU\" \/>\n\t\t<meta name=\"twitter:image\" content=\"https:\/\/serrafm879.com.br\/serrafm\/wp-content\/uploads\/2025\/02\/acidente-aldeia1-1536x864-1.jpeg\" \/>\n\t\t<script type=\"application\/ld+json\" class=\"aioseo-schema\">\n\t\t\t{\"@context\":\"https:\\\/\\\/schema.org\",\"@graph\":[{\"@type\":\"BlogPosting\",\"@id\":\"https:\\\/\\\/serrafm879.com.br\\\/serrafm\\\/2025\\\/02\\\/motorista-e-resgatado-de-helicoptero-apos-colisao\\\/#blogposting\",\"name\":\"Motorista \\u00e9 resgatado de helic\\u00f3ptero ap\\u00f3s colis\\u00e3o - Serra FM 87,9\",\"headline\":\"Motorista \\u00e9 resgatado de helic\\u00f3ptero ap\\u00f3s colis\\u00e3o\",\"author\":{\"@id\":\"https:\\\/\\\/serrafm879.com.br\\\/serrafm\\\/author\\\/serrafm87\\\/#author\"},\"publisher\":{\"@id\":\"https:\\\/\\\/serrafm879.com.br\\\/serrafm\\\/#organization\"},\"image\":{\"@type\":\"ImageObject\",\"url\":\"https:\\\/\\\/serrafm879.com.br\\\/serrafm\\\/wp-content\\\/uploads\\\/2025\\\/02\\\/acidente-aldeia1-1536x864-1.jpeg\",\"width\":1536,\"height\":864},\"datePublished\":\"2025-02-19T22:24:19-03:00\",\"dateModified\":\"2025-02-19T22:25:08-03:00\",\"inLanguage\":\"pt-BR\",\"mainEntityOfPage\":{\"@id\":\"https:\\\/\\\/serrafm879.com.br\\\/serrafm\\\/2025\\\/02\\\/motorista-e-resgatado-de-helicoptero-apos-colisao\\\/#webpage\"},\"isPartOf\":{\"@id\":\"https:\\\/\\\/serrafm879.com.br\\\/serrafm\\\/2025\\\/02\\\/motorista-e-resgatado-de-helicoptero-apos-colisao\\\/#webpage\"},\"articleSection\":\"Uncategorized\"},{\"@type\":\"BreadcrumbList\",\"@id\":\"https:\\\/\\\/serrafm879.com.br\\\/serrafm\\\/2025\\\/02\\\/motorista-e-resgatado-de-helicoptero-apos-colisao\\\/#breadcrumblist\",\"itemListElement\":[{\"@type\":\"ListItem\",\"@id\":\"https:\\\/\\\/serrafm879.com.br\\\/serrafm#listItem\",\"position\":1,\"name\":\"Home\",\"item\":\"https:\\\/\\\/serrafm879.com.br\\\/serrafm\",\"nextItem\":{\"@type\":\"ListItem\",\"@id\":\"https:\\\/\\\/serrafm879.com.br\\\/serrafm\\\/categoria\\\/uncategorized\\\/#listItem\",\"name\":\"Uncategorized\"}},{\"@type\":\"ListItem\",\"@id\":\"https:\\\/\\\/serrafm879.com.br\\\/serrafm\\\/categoria\\\/uncategorized\\\/#listItem\",\"position\":2,\"name\":\"Uncategorized\",\"item\":\"https:\\\/\\\/serrafm879.com.br\\\/serrafm\\\/categoria\\\/uncategorized\\\/\",\"nextItem\":{\"@type\":\"ListItem\",\"@id\":\"https:\\\/\\\/serrafm879.com.br\\\/serrafm\\\/2025\\\/02\\\/motorista-e-resgatado-de-helicoptero-apos-colisao\\\/#listItem\",\"name\":\"Motorista \\u00e9 resgatado de helic\\u00f3ptero ap\\u00f3s colis\\u00e3o\"},\"previousItem\":{\"@type\":\"ListItem\",\"@id\":\"https:\\\/\\\/serrafm879.com.br\\\/serrafm#listItem\",\"name\":\"Home\"}},{\"@type\":\"ListItem\",\"@id\":\"https:\\\/\\\/serrafm879.com.br\\\/serrafm\\\/2025\\\/02\\\/motorista-e-resgatado-de-helicoptero-apos-colisao\\\/#listItem\",\"position\":3,\"name\":\"Motorista \\u00e9 resgatado de helic\\u00f3ptero ap\\u00f3s colis\\u00e3o\",\"previousItem\":{\"@type\":\"ListItem\",\"@id\":\"https:\\\/\\\/serrafm879.com.br\\\/serrafm\\\/categoria\\\/uncategorized\\\/#listItem\",\"name\":\"Uncategorized\"}}]},{\"@type\":\"Organization\",\"@id\":\"https:\\\/\\\/serrafm879.com.br\\\/serrafm\\\/#organization\",\"name\":\"Serra FM 87,9\",\"description\":\"O seu novo amor!\",\"url\":\"https:\\\/\\\/serrafm879.com.br\\\/serrafm\\\/\"},{\"@type\":\"Person\",\"@id\":\"https:\\\/\\\/serrafm879.com.br\\\/serrafm\\\/author\\\/serrafm87\\\/#author\",\"url\":\"https:\\\/\\\/serrafm879.com.br\\\/serrafm\\\/author\\\/serrafm87\\\/\",\"name\":\"serrafm87\",\"image\":{\"@type\":\"ImageObject\",\"@id\":\"https:\\\/\\\/serrafm879.com.br\\\/serrafm\\\/2025\\\/02\\\/motorista-e-resgatado-de-helicoptero-apos-colisao\\\/#authorImage\",\"url\":\"https:\\\/\\\/secure.gravatar.com\\\/avatar\\\/a743233f1112d34f48bb3dc9559b76eb930bab8b27175856cba6362608736235?s=96&d=mm&r=g\",\"width\":96,\"height\":96,\"caption\":\"serrafm87\"}},{\"@type\":\"WebPage\",\"@id\":\"https:\\\/\\\/serrafm879.com.br\\\/serrafm\\\/2025\\\/02\\\/motorista-e-resgatado-de-helicoptero-apos-colisao\\\/#webpage\",\"url\":\"https:\\\/\\\/serrafm879.com.br\\\/serrafm\\\/2025\\\/02\\\/motorista-e-resgatado-de-helicoptero-apos-colisao\\\/\",\"name\":\"Motorista \\u00e9 resgatado de helic\\u00f3ptero ap\\u00f3s colis\\u00e3o - Serra FM 87,9\",\"description\":\"Um motorista, de 54 anos, que ficou ferido ap\\u00f3s uma colis\\u00e3o frontal entre dois caminh\\u00f5es na PE 16, em Aldeia, foi resgatado de helic\\u00f3ptero nesta ter\\u00e7a-feira (18). O transporte a\\u00e9reo foi realizado em uma a\\u00e7\\u00e3o conjunta da Pol\\u00edcia Rodovi\\u00e1ria Federal (PRF) e SAMU Metropolitano Recife. Por volta das 13h30, a central de regula\\u00e7\\u00e3o do SAMU\",\"inLanguage\":\"pt-BR\",\"isPartOf\":{\"@id\":\"https:\\\/\\\/serrafm879.com.br\\\/serrafm\\\/#website\"},\"breadcrumb\":{\"@id\":\"https:\\\/\\\/serrafm879.com.br\\\/serrafm\\\/2025\\\/02\\\/motorista-e-resgatado-de-helicoptero-apos-colisao\\\/#breadcrumblist\"},\"author\":{\"@id\":\"https:\\\/\\\/serrafm879.com.br\\\/serrafm\\\/author\\\/serrafm87\\\/#author\"},\"creator\":{\"@id\":\"https:\\\/\\\/serrafm879.com.br\\\/serrafm\\\/author\\\/serrafm87\\\/#author\"},\"image\":{\"@type\":\"ImageObject\",\"url\":\"https:\\\/\\\/serrafm879.com.br\\\/serrafm\\\/wp-content\\\/uploads\\\/2025\\\/02\\\/acidente-aldeia1-1536x864-1.jpeg\",\"@id\":\"https:\\\/\\\/serrafm879.com.br\\\/serrafm\\\/2025\\\/02\\\/motorista-e-resgatado-de-helicoptero-apos-colisao\\\/#mainImage\",\"width\":1536,\"height\":864},\"primaryImageOfPage\":{\"@id\":\"https:\\\/\\\/serrafm879.com.br\\\/serrafm\\\/2025\\\/02\\\/motorista-e-resgatado-de-helicoptero-apos-colisao\\\/#mainImage\"},\"datePublished\":\"2025-02-19T22:24:19-03:00\",\"dateModified\":\"2025-02-19T22:25:08-03:00\"},{\"@type\":\"WebSite\",\"@id\":\"https:\\\/\\\/serrafm879.com.br\\\/serrafm\\\/#website\",\"url\":\"https:\\\/\\\/serrafm879.com.br\\\/serrafm\\\/\",\"name\":\"Serra FM 87,9\",\"description\":\"O seu novo amor!\",\"inLanguage\":\"pt-BR\",\"publisher\":{\"@id\":\"https:\\\/\\\/serrafm879.com.br\\\/serrafm\\\/#organization\"}}]}\n\t\t<\/script>\n\t\t<!-- All in One SEO -->\n\n","aioseo_head_json":{"title":"Motorista \u00e9 resgatado de helic\u00f3ptero ap\u00f3s colis\u00e3o - Serra FM 87,9","description":"Um motorista, de 54 anos, que ficou ferido ap\u00f3s uma colis\u00e3o frontal entre dois caminh\u00f5es na PE 16, em Aldeia, foi resgatado de helic\u00f3ptero nesta ter\u00e7a-feira (18). O transporte a\u00e9reo foi realizado em uma a\u00e7\u00e3o conjunta da Pol\u00edcia Rodovi\u00e1ria Federal (PRF) e SAMU Metropolitano Recife. Por volta das 13h30, a central de regula\u00e7\u00e3o do SAMU","canonical_url":"https:\/\/serrafm879.com.br\/serrafm\/2025\/02\/motorista-e-resgatado-de-helicoptero-apos-colisao\/","robots":"max-image-preview:large","keywords":"","webmasterTools":{"miscellaneous":""},"schema":{"@context":"https:\/\/schema.org","@graph":[{"@type":"BlogPosting","@id":"https:\/\/serrafm879.com.br\/serrafm\/2025\/02\/motorista-e-resgatado-de-helicoptero-apos-colisao\/#blogposting","name":"Motorista \u00e9 resgatado de helic\u00f3ptero ap\u00f3s colis\u00e3o - Serra FM 87,9","headline":"Motorista \u00e9 resgatado de helic\u00f3ptero ap\u00f3s colis\u00e3o","author":{"@id":"https:\/\/serrafm879.com.br\/serrafm\/author\/serrafm87\/#author"},"publisher":{"@id":"https:\/\/serrafm879.com.br\/serrafm\/#organization"},"image":{"@type":"ImageObject","url":"https:\/\/serrafm879.com.br\/serrafm\/wp-content\/uploads\/2025\/02\/acidente-aldeia1-1536x864-1.jpeg","width":1536,"height":864},"datePublished":"2025-02-19T22:24:19-03:00","dateModified":"2025-02-19T22:25:08-03:00","inLanguage":"pt-BR","mainEntityOfPage":{"@id":"https:\/\/serrafm879.com.br\/serrafm\/2025\/02\/motorista-e-resgatado-de-helicoptero-apos-colisao\/#webpage"},"isPartOf":{"@id":"https:\/\/serrafm879.com.br\/serrafm\/2025\/02\/motorista-e-resgatado-de-helicoptero-apos-colisao\/#webpage"},"articleSection":"Uncategorized"},{"@type":"BreadcrumbList","@id":"https:\/\/serrafm879.com.br\/serrafm\/2025\/02\/motorista-e-resgatado-de-helicoptero-apos-colisao\/#breadcrumblist","itemListElement":[{"@type":"ListItem","@id":"https:\/\/serrafm879.com.br\/serrafm#listItem","position":1,"name":"Home","item":"https:\/\/serrafm879.com.br\/serrafm","nextItem":{"@type":"ListItem","@id":"https:\/\/serrafm879.com.br\/serrafm\/categoria\/uncategorized\/#listItem","name":"Uncategorized"}},{"@type":"ListItem","@id":"https:\/\/serrafm879.com.br\/serrafm\/categoria\/uncategorized\/#listItem","position":2,"name":"Uncategorized","item":"https:\/\/serrafm879.com.br\/serrafm\/categoria\/uncategorized\/","nextItem":{"@type":"ListItem","@id":"https:\/\/serrafm879.com.br\/serrafm\/2025\/02\/motorista-e-resgatado-de-helicoptero-apos-colisao\/#listItem","name":"Motorista \u00e9 resgatado de helic\u00f3ptero ap\u00f3s colis\u00e3o"},"previousItem":{"@type":"ListItem","@id":"https:\/\/serrafm879.com.br\/serrafm#listItem","name":"Home"}},{"@type":"ListItem","@id":"https:\/\/serrafm879.com.br\/serrafm\/2025\/02\/motorista-e-resgatado-de-helicoptero-apos-colisao\/#listItem","position":3,"name":"Motorista \u00e9 resgatado de helic\u00f3ptero ap\u00f3s colis\u00e3o","previousItem":{"@type":"ListItem","@id":"https:\/\/serrafm879.com.br\/serrafm\/categoria\/uncategorized\/#listItem","name":"Uncategorized"}}]},{"@type":"Organization","@id":"https:\/\/serrafm879.com.br\/serrafm\/#organization","name":"Serra FM 87,9","description":"O seu novo amor!","url":"https:\/\/serrafm879.com.br\/serrafm\/"},{"@type":"Person","@id":"https:\/\/serrafm879.com.br\/serrafm\/author\/serrafm87\/#author","url":"https:\/\/serrafm879.com.br\/serrafm\/author\/serrafm87\/","name":"serrafm87","image":{"@type":"ImageObject","@id":"https:\/\/serrafm879.com.br\/serrafm\/2025\/02\/motorista-e-resgatado-de-helicoptero-apos-colisao\/#authorImage","url":"https:\/\/secure.gravatar.com\/avatar\/a743233f1112d34f48bb3dc9559b76eb930bab8b27175856cba6362608736235?s=96&d=mm&r=g","width":96,"height":96,"caption":"serrafm87"}},{"@type":"WebPage","@id":"https:\/\/serrafm879.com.br\/serrafm\/2025\/02\/motorista-e-resgatado-de-helicoptero-apos-colisao\/#webpage","url":"https:\/\/serrafm879.com.br\/serrafm\/2025\/02\/motorista-e-resgatado-de-helicoptero-apos-colisao\/","name":"Motorista \u00e9 resgatado de helic\u00f3ptero ap\u00f3s colis\u00e3o - Serra FM 87,9","description":"Um motorista, de 54 anos, que ficou ferido ap\u00f3s uma colis\u00e3o frontal entre dois caminh\u00f5es na PE 16, em Aldeia, foi resgatado de helic\u00f3ptero nesta ter\u00e7a-feira (18). O transporte a\u00e9reo foi realizado em uma a\u00e7\u00e3o conjunta da Pol\u00edcia Rodovi\u00e1ria Federal (PRF) e SAMU Metropolitano Recife. Por volta das 13h30, a central de regula\u00e7\u00e3o do SAMU","inLanguage":"pt-BR","isPartOf":{"@id":"https:\/\/serrafm879.com.br\/serrafm\/#website"},"breadcrumb":{"@id":"https:\/\/serrafm879.com.br\/serrafm\/2025\/02\/motorista-e-resgatado-de-helicoptero-apos-colisao\/#breadcrumblist"},"author":{"@id":"https:\/\/serrafm879.com.br\/serrafm\/author\/serrafm87\/#author"},"creator":{"@id":"https:\/\/serrafm879.com.br\/serrafm\/author\/serrafm87\/#author"},"image":{"@type":"ImageObject","url":"https:\/\/serrafm879.com.br\/serrafm\/wp-content\/uploads\/2025\/02\/acidente-aldeia1-1536x864-1.jpeg","@id":"https:\/\/serrafm879.com.br\/serrafm\/2025\/02\/motorista-e-resgatado-de-helicoptero-apos-colisao\/#mainImage","width":1536,"height":864},"primaryImageOfPage":{"@id":"https:\/\/serrafm879.com.br\/serrafm\/2025\/02\/motorista-e-resgatado-de-helicoptero-apos-colisao\/#mainImage"},"datePublished":"2025-02-19T22:24:19-03:00","dateModified":"2025-02-19T22:25:08-03:00"},{"@type":"WebSite","@id":"https:\/\/serrafm879.com.br\/serrafm\/#website","url":"https:\/\/serrafm879.com.br\/serrafm\/","name":"Serra FM 87,9","description":"O seu novo amor!","inLanguage":"pt-BR","publisher":{"@id":"https:\/\/serrafm879.com.br\/serrafm\/#organization"}}]},"twitter:card":"summary_large_image","twitter:title":"Motorista \u00e9 resgatado de helic\u00f3ptero ap\u00f3s colis\u00e3o - Serra FM 87,9","twitter:description":"Um motorista, de 54 anos, que ficou ferido ap\u00f3s uma colis\u00e3o frontal entre dois caminh\u00f5es na PE 16, em Aldeia, foi resgatado de helic\u00f3ptero nesta ter\u00e7a-feira (18). O transporte a\u00e9reo foi realizado em uma a\u00e7\u00e3o conjunta da Pol\u00edcia Rodovi\u00e1ria Federal (PRF) e SAMU Metropolitano Recife. Por volta das 13h30, a central de regula\u00e7\u00e3o do SAMU","twitter:image":"https:\/\/serrafm879.com.br\/serrafm\/wp-content\/uploads\/2025\/02\/acidente-aldeia1-1536x864-1.jpeg"},"aioseo_meta_data":{"post_id":"20848","title":null,"description":null,"keywords":null,"keyphrases":null,"primary_term":null,"canonical_url":null,"og_title":null,"og_description":null,"og_object_type":"default","og_image_type":"default","og_image_custom_url":null,"og_image_custom_fields":null,"og_image_url":null,"og_image_width":null,"og_image_height":null,"og_video":null,"og_custom_url":null,"og_article_section":null,"og_article_tags":null,"twitter_use_og":false,"twitter_card":"default","twitter_image_type":"default","twitter_image_custom_url":null,"twitter_image_custom_fields":null,"twitter_image_url":null,"twitter_title":null,"twitter_description":null,"schema_type":"default","schema_type_options":null,"schema":{"blockGraphs":[],"customGraphs":[],"default":{"data":{"Article":[],"Course":[],"Dataset":[],"FAQPage":[],"Movie":[],"Person":[],"Product":[],"ProductReview":[],"Car":[],"Recipe":[],"Service":[],"SoftwareApplication":[],"WebPage":[]},"graphName":"","isEnabled":true},"graphs":[]},"pillar_content":false,"robots_default":true,"robots_noindex":false,"robots_noarchive":false,"robots_nosnippet":false,"robots_nofollow":false,"robots_noimageindex":false,"robots_noodp":false,"robots_notranslate":false,"robots_max_snippet":null,"robots_max_videopreview":null,"robots_max_imagepreview":"large","priority":null,"frequency":null,"local_seo":null,"limit_modified_date":false,"ai":null,"breadcrumb_settings":null,"seo_analyzer_scan_date":null,"created":"2026-07-21 13:54:57","updated":"2026-07-21 13:54:57"},"aioseo_breadcrumb":"<div class=\"aioseo-breadcrumbs\"><span class=\"aioseo-breadcrumb\">\n\t\t\t<a href=\"https:\/\/serrafm879.com.br\/serrafm\" title=\"Home\">Home<\/a>\n\t\t<\/span><span class=\"aioseo-breadcrumb-separator\">&raquo;<\/span><span class=\"aioseo-breadcrumb\">\n\t\t\t<a href=\"https:\/\/serrafm879.com.br\/serrafm\/categoria\/uncategorized\/\" title=\"Uncategorized\">Uncategorized<\/a>\n\t\t<\/span><span class=\"aioseo-breadcrumb-separator\">&raquo;<\/span><span class=\"aioseo-breadcrumb\">\n\t\t\tMotorista \u00e9 resgatado de helic\u00f3ptero ap\u00f3s colis\u00e3o\n\t\t<\/span><\/div>","aioseo_breadcrumb_json":[{"label":"Home","link":"https:\/\/serrafm879.com.br\/serrafm"},{"label":"Uncategorized","link":"https:\/\/serrafm879.com.br\/serrafm\/categoria\/uncategorized\/"},{"label":"Motorista \u00e9 resgatado de helic\u00f3ptero ap\u00f3s colis\u00e3o","link":"https:\/\/serrafm879.com.br\/serrafm\/2025\/02\/motorista-e-resgatado-de-helicoptero-apos-colisao\/"}],"jetpack_publicize_connections":[],"jetpack_featured_media_url":"https:\/\/serrafm879.com.br\/serrafm\/wp-content\/uploads\/2025\/02\/acidente-aldeia1-1536x864-1.jpeg","jetpack_shortlink":"https:\/\/wp.me\/p7HyXg-5qg","jetpack_sharing_enabled":true,"_links":{"self":[{"href":"https:\/\/serrafm879.com.br\/serrafm\/wp-json\/wp\/v2\/posts\/20848","targetHints":{"allow":["GET"]}}],"collection":[{"href":"https:\/\/serrafm879.com.br\/serrafm\/wp-json\/wp\/v2\/posts"}],"about":[{"href":"https:\/\/serrafm879.com.br\/serrafm\/wp-json\/wp\/v2\/types\/post"}],"author":[{"embeddable":true,"href":"https:\/\/serrafm879.com.br\/serrafm\/wp-json\/wp\/v2\/users\/2"}],"replies":[{"embeddable":true,"href":"https:\/\/serrafm879.com.br\/serrafm\/wp-json\/wp\/v2\/comments?post=20848"}],"version-history":[{"count":2,"href":"https:\/\/serrafm879.com.br\/serrafm\/wp-json\/wp\/v2\/posts\/20848\/revisions"}],"predecessor-version":[{"id":20851,"href":"https:\/\/serrafm879.com.br\/serrafm\/wp-json\/wp\/v2\/posts\/20848\/revisions\/20851"}],"wp:featuredmedia":[{"embeddable":true,"href":"https:\/\/serrafm879.com.br\/serrafm\/wp-json\/wp\/v2\/media\/20849"}],"wp:attachment":[{"href":"https:\/\/serrafm879.com.br\/serrafm\/wp-json\/wp\/v2\/media?parent=20848"}],"wp:term":[{"taxonomy":"category","embeddable":true,"href":"https:\/\/serrafm879.com.br\/serrafm\/wp-json\/wp\/v2\/categories?post=20848"},{"taxonomy":"post_tag","embeddable":true,"href":"https:\/\/serrafm879.com.br\/serrafm\/wp-json\/wp\/v2\/tags?post=20848"}],"curies":[{"name":"wp","href":"https:\/\/api.w.org\/{rel}","templated":true}]}}