{"id":20852,"date":"2025-02-20T05:50:13","date_gmt":"2025-02-20T08:50:13","guid":{"rendered":"https:\/?p=20852"},"modified":"2025-02-19T22:32:30","modified_gmt":"2025-02-20T01:32:30","slug":"stf-deve-decidir-se-aceita-denuncia-contra-bolsonaro-entre-marco-e-abril","status":"publish","type":"post","link":"https:\/\/serrafm879.com.br\/serrafm\/2025\/02\/stf-deve-decidir-se-aceita-denuncia-contra-bolsonaro-entre-marco-e-abril\/","title":{"rendered":"STF deve decidir se aceita den\u00fancia contra Bolsonaro entre mar\u00e7o e abril"},"content":{"rendered":"<p>A Primeira Turma do Supremo Tribunal Federal (STF) deve julgar entre meados de\u00a0<strong>mar\u00e7o e in\u00edcio de abril<\/strong>\u00a0o recebimento da\u00a0<strong>den\u00fancia oferecida pela Procuradoria-Geral da Rep\u00fablica (PGR)<\/strong>\u00a0contra o ex-presidente Jair Bolsonaro por atua\u00e7\u00e3o direta na trama para dar um golpe de Estado ap\u00f3s as elei\u00e7\u00f5es de 2022.<\/p>\n<p>Essa primeira an\u00e1lise do recebimento da den\u00fancia deve ocorrer a respeito de Bolsonaro e os demais sete denunciados com ele no bloco classificado pela PGR como &#8220;grupo crucial&#8221;.<\/p>\n<p>Essa avalia\u00e7\u00e3o ser\u00e1 feita pelos ministros ap\u00f3s o cumprimento dos prazos para contesta\u00e7\u00e3o pelas defesas \u2014 aberto nesta quinta-feira (18) pelo relator do caso no STF, ministro Alexandre de Moraes.<\/p>\n<p>Com a notifica\u00e7\u00e3o das defesas, abre-se um<strong>\u00a0prazo de 15 dias<\/strong>\u00a0para que eventuais contesta\u00e7\u00f5es \u00e0 den\u00fancia sejam feitas. Depois, essas contesta\u00e7\u00f5es podem ser respondidas pela PGR e s\u00f3 ent\u00e3o \u00e9 que o material retorna para o STF.<\/p>\n<p>A partir desse momento, o relator analisa os argumentos e leva a den\u00fancia para an\u00e1lise da Primeira Turma, que apreciar\u00e1 o recebimento ou n\u00e3o. Caso seja recebida, os denunciados se tornam r\u00e9us.<\/p>\n<p>A PGR denunciou ao STF o ex-presidente Jair Bolsonaro, o ex-ministro Braga Netto e mais 32 pessoas por participa\u00e7\u00e3o em uma trama golpista para mant\u00ea-lo no poder ap\u00f3s ser derrotado por Luiz In\u00e1cio Lula da Silva nas elei\u00e7\u00f5es de 2022. A den\u00fancia foi oferecida pelo procurador-geral da Rep\u00fablica, Paulo Gonet.<\/p>\n<p>De acordo com a acusa\u00e7\u00e3o,\u00a0<a href=\"https:\/\/www.folhape.com.br\/politica\/mensagens-tocaia-e-plano-de-morte-veja-as-provas-contra-bolsonaro\/392636\/\" target=\"_blank\" rel=\"noopener\"><strong>Bolsonaro cometeu os crimes<\/strong><\/a>\u00a0de organiza\u00e7\u00e3o criminosa armada, golpe de Estado, tentativa de aboli\u00e7\u00e3o do estado democr\u00e1tico de direito, dano qualificado pela viol\u00eancia e grave amea\u00e7a contra patrim\u00f4nio da Uni\u00e3o e deteriora\u00e7\u00e3o de patrim\u00f4nio tombado.<\/p>\n<p>Segundo a PGR, Bolsonaro &#8216;liderou&#8217; organiza\u00e7\u00e3o criminosa que tentou golpe de Estado. &#8220;A responsabilidade pelos atos lesivos \u00e0 ordem democr\u00e1tica recai sobre organiza\u00e7\u00e3o criminosa liderada por Jair Messias Bolsonaro, baseada em projeto autorit\u00e1rio de poder&#8221;, escreveu Gonet, na den\u00fancia.<\/p>\n<p>De acordo com a PGR, a suposta organiza\u00e7\u00e3o criminosa estava &#8220;enraizada na pr\u00f3pria estrutura do Estado&#8221; e tinha &#8220;forte influ\u00eancia de setores militares&#8221;.<\/p>\n<p>Al\u00e9m de Moraes, a Primeira Turma \u00e9 composta pelos ministros Cristiano Zanin, atual presidente do colegiado, Fl\u00e1vio Dino, Luiz Fux e C\u00e1rmen L\u00facia.<\/p>\n<p>Com o fatiamento da den\u00fancia apresentada\u00a0por Gonet em cinco diferentes pe\u00e7as, a expectativa no STF \u00e9 que ao menos at\u00e9 o final do ano o julgamento envolvendo Bolsonaro pela Primeira Turma do Supremo seja conclu\u00eddo, evitando que o caso siga para 2026, ano eleitoral.<\/p>\n<p>A expectativa \u00e9 que entre setembro e outubro o m\u00e9rito do caso possa come\u00e7ar a ser analisado pelos magistrados.<\/p>\n<p><strong>Da Folha de Pernambuco<\/strong><\/p>\n","protected":false},"excerpt":{"rendered":"<p>A Primeira Turma do Supremo Tribunal Federal (STF) deve julgar entre meados de\u00a0mar\u00e7o e in\u00edcio de abril\u00a0o recebimento da\u00a0den\u00fancia oferecida pela Procuradoria-Geral da Rep\u00fablica (PGR)\u00a0contra o ex-presidente Jair Bolsonaro por atua\u00e7\u00e3o direta na trama para dar um golpe de Estado ap\u00f3s as elei\u00e7\u00f5es de 2022. Essa primeira an\u00e1lise do recebimento da den\u00fancia deve ocorrer a respeito de Bolsonaro e os demais sete denunciados com ele no bloco classificado pela PGR como &#8220;grupo crucial&#8221;. Essa avalia\u00e7\u00e3o ser\u00e1 feita pelos ministros ap\u00f3s o cumprimento dos prazos para contesta\u00e7\u00e3o pelas defesas \u2014 aberto nesta quinta-feira (18) pelo relator do caso no STF, ministro [&hellip;]<\/p>\n","protected":false},"author":2,"featured_media":20853,"comment_status":"open","ping_status":"open","sticky":false,"template":"","format":"standard","meta":{"_jetpack_newsletter_access":"","_jetpack_dont_email_post_to_subs":false,"_jetpack_newsletter_tier_id":0,"_jetpack_memberships_contains_paywalled_content":false,"_jetpack_feature_clip_id":0,"_jetpack_memberships_contains_paid_content":false,"footnotes":"","jetpack_publicize_message":"","jetpack_publicize_feature_enabled":true,"jetpack_social_post_already_shared":true,"jetpack_social_options":{"image_generator_settings":{"template":"highway","default_image_id":0,"font":"","enabled":false},"version":2},"jetpack_post_was_ever_published":false},"categories":[149],"tags":[],"class_list":["post-20852","post","type-post","status-publish","format-standard","has-post-thumbnail","hentry","category-brasil"],"aioseo_notices":[],"aioseo_head":"\n\t\t<!-- All in One SEO 4.9.10 - aioseo.com -->\n\t<meta name=\"description\" content=\"A Primeira Turma do Supremo Tribunal Federal (STF) deve julgar entre meados de mar\u00e7o e in\u00edcio de abril o recebimento da den\u00fancia oferecida pela Procuradoria-Geral da Rep\u00fablica (PGR) contra o ex-presidente Jair Bolsonaro por atua\u00e7\u00e3o direta na trama para dar um golpe de Estado ap\u00f3s as elei\u00e7\u00f5es de 2022. Essa primeira an\u00e1lise do recebimento da den\u00fancia deve ocorrer a\" \/>\n\t<meta name=\"robots\" content=\"max-image-preview:large\" \/>\n\t<meta name=\"author\" content=\"serrafm87\"\/>\n\t<link rel=\"canonical\" href=\"https:\/\/serrafm879.com.br\/serrafm\/2025\/02\/stf-deve-decidir-se-aceita-denuncia-contra-bolsonaro-entre-marco-e-abril\/\" \/>\n\t<meta name=\"generator\" content=\"All in One SEO (AIOSEO) 4.9.10\" \/>\n\t\t<meta name=\"twitter:card\" content=\"summary_large_image\" \/>\n\t\t<meta name=\"twitter:title\" content=\"STF deve decidir se aceita den\u00fancia contra Bolsonaro entre mar\u00e7o e abril - Serra FM 87,9\" \/>\n\t\t<meta name=\"twitter:description\" content=\"A Primeira Turma do Supremo Tribunal Federal (STF) deve julgar entre meados de mar\u00e7o e in\u00edcio de abril o recebimento da den\u00fancia oferecida pela Procuradoria-Geral da Rep\u00fablica (PGR) contra o ex-presidente Jair Bolsonaro por atua\u00e7\u00e3o direta na trama para dar um golpe de Estado ap\u00f3s as elei\u00e7\u00f5es de 2022. Essa primeira an\u00e1lise do recebimento da den\u00fancia deve ocorrer a\" \/>\n\t\t<meta name=\"twitter:image\" content=\"https:\/\/serrafm879.com.br\/serrafm\/wp-content\/uploads\/2025\/02\/Captura-de-tela-2025-02-19-223018.png\" \/>\n\t\t<script type=\"application\/ld+json\" class=\"aioseo-schema\">\n\t\t\t{\"@context\":\"https:\\\/\\\/schema.org\",\"@graph\":[{\"@type\":\"BlogPosting\",\"@id\":\"https:\\\/\\\/serrafm879.com.br\\\/serrafm\\\/2025\\\/02\\\/stf-deve-decidir-se-aceita-denuncia-contra-bolsonaro-entre-marco-e-abril\\\/#blogposting\",\"name\":\"STF deve decidir se aceita den\\u00fancia contra Bolsonaro entre mar\\u00e7o e abril - Serra FM 87,9\",\"headline\":\"STF deve decidir se aceita den\\u00fancia contra Bolsonaro entre mar\\u00e7o e abril\",\"author\":{\"@id\":\"https:\\\/\\\/serrafm879.com.br\\\/serrafm\\\/author\\\/serrafm87\\\/#author\"},\"publisher\":{\"@id\":\"https:\\\/\\\/serrafm879.com.br\\\/serrafm\\\/#organization\"},\"image\":{\"@type\":\"ImageObject\",\"url\":\"https:\\\/\\\/serrafm879.com.br\\\/serrafm\\\/wp-content\\\/uploads\\\/2025\\\/02\\\/Captura-de-tela-2025-02-19-223018.png\",\"width\":519,\"height\":332},\"datePublished\":\"2025-02-20T05:50:13-03:00\",\"dateModified\":\"2025-02-19T22:32:30-03:00\",\"inLanguage\":\"pt-BR\",\"mainEntityOfPage\":{\"@id\":\"https:\\\/\\\/serrafm879.com.br\\\/serrafm\\\/2025\\\/02\\\/stf-deve-decidir-se-aceita-denuncia-contra-bolsonaro-entre-marco-e-abril\\\/#webpage\"},\"isPartOf\":{\"@id\":\"https:\\\/\\\/serrafm879.com.br\\\/serrafm\\\/2025\\\/02\\\/stf-deve-decidir-se-aceita-denuncia-contra-bolsonaro-entre-marco-e-abril\\\/#webpage\"},\"articleSection\":\"Brasil\"},{\"@type\":\"BreadcrumbList\",\"@id\":\"https:\\\/\\\/serrafm879.com.br\\\/serrafm\\\/2025\\\/02\\\/stf-deve-decidir-se-aceita-denuncia-contra-bolsonaro-entre-marco-e-abril\\\/#breadcrumblist\",\"itemListElement\":[{\"@type\":\"ListItem\",\"@id\":\"https:\\\/\\\/serrafm879.com.br\\\/serrafm#listItem\",\"position\":1,\"name\":\"Home\",\"item\":\"https:\\\/\\\/serrafm879.com.br\\\/serrafm\",\"nextItem\":{\"@type\":\"ListItem\",\"@id\":\"https:\\\/\\\/serrafm879.com.br\\\/serrafm\\\/categoria\\\/brasil\\\/#listItem\",\"name\":\"Brasil\"}},{\"@type\":\"ListItem\",\"@id\":\"https:\\\/\\\/serrafm879.com.br\\\/serrafm\\\/categoria\\\/brasil\\\/#listItem\",\"position\":2,\"name\":\"Brasil\",\"item\":\"https:\\\/\\\/serrafm879.com.br\\\/serrafm\\\/categoria\\\/brasil\\\/\",\"nextItem\":{\"@type\":\"ListItem\",\"@id\":\"https:\\\/\\\/serrafm879.com.br\\\/serrafm\\\/2025\\\/02\\\/stf-deve-decidir-se-aceita-denuncia-contra-bolsonaro-entre-marco-e-abril\\\/#listItem\",\"name\":\"STF deve decidir se aceita den\\u00fancia contra Bolsonaro entre mar\\u00e7o e abril\"},\"previousItem\":{\"@type\":\"ListItem\",\"@id\":\"https:\\\/\\\/serrafm879.com.br\\\/serrafm#listItem\",\"name\":\"Home\"}},{\"@type\":\"ListItem\",\"@id\":\"https:\\\/\\\/serrafm879.com.br\\\/serrafm\\\/2025\\\/02\\\/stf-deve-decidir-se-aceita-denuncia-contra-bolsonaro-entre-marco-e-abril\\\/#listItem\",\"position\":3,\"name\":\"STF deve decidir se aceita den\\u00fancia contra Bolsonaro entre mar\\u00e7o e abril\",\"previousItem\":{\"@type\":\"ListItem\",\"@id\":\"https:\\\/\\\/serrafm879.com.br\\\/serrafm\\\/categoria\\\/brasil\\\/#listItem\",\"name\":\"Brasil\"}}]},{\"@type\":\"Organization\",\"@id\":\"https:\\\/\\\/serrafm879.com.br\\\/serrafm\\\/#organization\",\"name\":\"Serra FM 87,9\",\"description\":\"O seu novo amor!\",\"url\":\"https:\\\/\\\/serrafm879.com.br\\\/serrafm\\\/\"},{\"@type\":\"Person\",\"@id\":\"https:\\\/\\\/serrafm879.com.br\\\/serrafm\\\/author\\\/serrafm87\\\/#author\",\"url\":\"https:\\\/\\\/serrafm879.com.br\\\/serrafm\\\/author\\\/serrafm87\\\/\",\"name\":\"serrafm87\",\"image\":{\"@type\":\"ImageObject\",\"@id\":\"https:\\\/\\\/serrafm879.com.br\\\/serrafm\\\/2025\\\/02\\\/stf-deve-decidir-se-aceita-denuncia-contra-bolsonaro-entre-marco-e-abril\\\/#authorImage\",\"url\":\"https:\\\/\\\/secure.gravatar.com\\\/avatar\\\/a743233f1112d34f48bb3dc9559b76eb930bab8b27175856cba6362608736235?s=96&d=mm&r=g\",\"width\":96,\"height\":96,\"caption\":\"serrafm87\"}},{\"@type\":\"WebPage\",\"@id\":\"https:\\\/\\\/serrafm879.com.br\\\/serrafm\\\/2025\\\/02\\\/stf-deve-decidir-se-aceita-denuncia-contra-bolsonaro-entre-marco-e-abril\\\/#webpage\",\"url\":\"https:\\\/\\\/serrafm879.com.br\\\/serrafm\\\/2025\\\/02\\\/stf-deve-decidir-se-aceita-denuncia-contra-bolsonaro-entre-marco-e-abril\\\/\",\"name\":\"STF deve decidir se aceita den\\u00fancia contra Bolsonaro entre mar\\u00e7o e abril - Serra FM 87,9\",\"description\":\"A Primeira Turma do Supremo Tribunal Federal (STF) deve julgar entre meados de mar\\u00e7o e in\\u00edcio de abril o recebimento da den\\u00fancia oferecida pela Procuradoria-Geral da Rep\\u00fablica (PGR) contra o ex-presidente Jair Bolsonaro por atua\\u00e7\\u00e3o direta na trama para dar um golpe de Estado ap\\u00f3s as elei\\u00e7\\u00f5es de 2022. Essa primeira an\\u00e1lise do recebimento da den\\u00fancia deve ocorrer a\",\"inLanguage\":\"pt-BR\",\"isPartOf\":{\"@id\":\"https:\\\/\\\/serrafm879.com.br\\\/serrafm\\\/#website\"},\"breadcrumb\":{\"@id\":\"https:\\\/\\\/serrafm879.com.br\\\/serrafm\\\/2025\\\/02\\\/stf-deve-decidir-se-aceita-denuncia-contra-bolsonaro-entre-marco-e-abril\\\/#breadcrumblist\"},\"author\":{\"@id\":\"https:\\\/\\\/serrafm879.com.br\\\/serrafm\\\/author\\\/serrafm87\\\/#author\"},\"creator\":{\"@id\":\"https:\\\/\\\/serrafm879.com.br\\\/serrafm\\\/author\\\/serrafm87\\\/#author\"},\"image\":{\"@type\":\"ImageObject\",\"url\":\"https:\\\/\\\/serrafm879.com.br\\\/serrafm\\\/wp-content\\\/uploads\\\/2025\\\/02\\\/Captura-de-tela-2025-02-19-223018.png\",\"@id\":\"https:\\\/\\\/serrafm879.com.br\\\/serrafm\\\/2025\\\/02\\\/stf-deve-decidir-se-aceita-denuncia-contra-bolsonaro-entre-marco-e-abril\\\/#mainImage\",\"width\":519,\"height\":332},\"primaryImageOfPage\":{\"@id\":\"https:\\\/\\\/serrafm879.com.br\\\/serrafm\\\/2025\\\/02\\\/stf-deve-decidir-se-aceita-denuncia-contra-bolsonaro-entre-marco-e-abril\\\/#mainImage\"},\"datePublished\":\"2025-02-20T05:50:13-03:00\",\"dateModified\":\"2025-02-19T22:32:30-03:00\"},{\"@type\":\"WebSite\",\"@id\":\"https:\\\/\\\/serrafm879.com.br\\\/serrafm\\\/#website\",\"url\":\"https:\\\/\\\/serrafm879.com.br\\\/serrafm\\\/\",\"name\":\"Serra FM 87,9\",\"description\":\"O seu novo amor!\",\"inLanguage\":\"pt-BR\",\"publisher\":{\"@id\":\"https:\\\/\\\/serrafm879.com.br\\\/serrafm\\\/#organization\"}}]}\n\t\t<\/script>\n\t\t<!-- All in One SEO -->\n\n","aioseo_head_json":{"title":"STF deve decidir se aceita den\u00fancia contra Bolsonaro entre mar\u00e7o e abril - Serra FM 87,9","description":"A Primeira Turma do Supremo Tribunal Federal (STF) deve julgar entre meados de mar\u00e7o e in\u00edcio de abril o recebimento da den\u00fancia oferecida pela Procuradoria-Geral da Rep\u00fablica (PGR) contra o ex-presidente Jair Bolsonaro por atua\u00e7\u00e3o direta na trama para dar um golpe de Estado ap\u00f3s as elei\u00e7\u00f5es de 2022. Essa primeira an\u00e1lise do recebimento da den\u00fancia deve ocorrer a","canonical_url":"https:\/\/serrafm879.com.br\/serrafm\/2025\/02\/stf-deve-decidir-se-aceita-denuncia-contra-bolsonaro-entre-marco-e-abril\/","robots":"max-image-preview:large","keywords":"","webmasterTools":{"miscellaneous":""},"schema":{"@context":"https:\/\/schema.org","@graph":[{"@type":"BlogPosting","@id":"https:\/\/serrafm879.com.br\/serrafm\/2025\/02\/stf-deve-decidir-se-aceita-denuncia-contra-bolsonaro-entre-marco-e-abril\/#blogposting","name":"STF deve decidir se aceita den\u00fancia contra Bolsonaro entre mar\u00e7o e abril - Serra FM 87,9","headline":"STF deve decidir se aceita den\u00fancia contra Bolsonaro entre mar\u00e7o e abril","author":{"@id":"https:\/\/serrafm879.com.br\/serrafm\/author\/serrafm87\/#author"},"publisher":{"@id":"https:\/\/serrafm879.com.br\/serrafm\/#organization"},"image":{"@type":"ImageObject","url":"https:\/\/serrafm879.com.br\/serrafm\/wp-content\/uploads\/2025\/02\/Captura-de-tela-2025-02-19-223018.png","width":519,"height":332},"datePublished":"2025-02-20T05:50:13-03:00","dateModified":"2025-02-19T22:32:30-03:00","inLanguage":"pt-BR","mainEntityOfPage":{"@id":"https:\/\/serrafm879.com.br\/serrafm\/2025\/02\/stf-deve-decidir-se-aceita-denuncia-contra-bolsonaro-entre-marco-e-abril\/#webpage"},"isPartOf":{"@id":"https:\/\/serrafm879.com.br\/serrafm\/2025\/02\/stf-deve-decidir-se-aceita-denuncia-contra-bolsonaro-entre-marco-e-abril\/#webpage"},"articleSection":"Brasil"},{"@type":"BreadcrumbList","@id":"https:\/\/serrafm879.com.br\/serrafm\/2025\/02\/stf-deve-decidir-se-aceita-denuncia-contra-bolsonaro-entre-marco-e-abril\/#breadcrumblist","itemListElement":[{"@type":"ListItem","@id":"https:\/\/serrafm879.com.br\/serrafm#listItem","position":1,"name":"Home","item":"https:\/\/serrafm879.com.br\/serrafm","nextItem":{"@type":"ListItem","@id":"https:\/\/serrafm879.com.br\/serrafm\/categoria\/brasil\/#listItem","name":"Brasil"}},{"@type":"ListItem","@id":"https:\/\/serrafm879.com.br\/serrafm\/categoria\/brasil\/#listItem","position":2,"name":"Brasil","item":"https:\/\/serrafm879.com.br\/serrafm\/categoria\/brasil\/","nextItem":{"@type":"ListItem","@id":"https:\/\/serrafm879.com.br\/serrafm\/2025\/02\/stf-deve-decidir-se-aceita-denuncia-contra-bolsonaro-entre-marco-e-abril\/#listItem","name":"STF deve decidir se aceita den\u00fancia contra Bolsonaro entre mar\u00e7o e abril"},"previousItem":{"@type":"ListItem","@id":"https:\/\/serrafm879.com.br\/serrafm#listItem","name":"Home"}},{"@type":"ListItem","@id":"https:\/\/serrafm879.com.br\/serrafm\/2025\/02\/stf-deve-decidir-se-aceita-denuncia-contra-bolsonaro-entre-marco-e-abril\/#listItem","position":3,"name":"STF deve decidir se aceita den\u00fancia contra Bolsonaro entre mar\u00e7o e abril","previousItem":{"@type":"ListItem","@id":"https:\/\/serrafm879.com.br\/serrafm\/categoria\/brasil\/#listItem","name":"Brasil"}}]},{"@type":"Organization","@id":"https:\/\/serrafm879.com.br\/serrafm\/#organization","name":"Serra FM 87,9","description":"O seu novo amor!","url":"https:\/\/serrafm879.com.br\/serrafm\/"},{"@type":"Person","@id":"https:\/\/serrafm879.com.br\/serrafm\/author\/serrafm87\/#author","url":"https:\/\/serrafm879.com.br\/serrafm\/author\/serrafm87\/","name":"serrafm87","image":{"@type":"ImageObject","@id":"https:\/\/serrafm879.com.br\/serrafm\/2025\/02\/stf-deve-decidir-se-aceita-denuncia-contra-bolsonaro-entre-marco-e-abril\/#authorImage","url":"https:\/\/secure.gravatar.com\/avatar\/a743233f1112d34f48bb3dc9559b76eb930bab8b27175856cba6362608736235?s=96&d=mm&r=g","width":96,"height":96,"caption":"serrafm87"}},{"@type":"WebPage","@id":"https:\/\/serrafm879.com.br\/serrafm\/2025\/02\/stf-deve-decidir-se-aceita-denuncia-contra-bolsonaro-entre-marco-e-abril\/#webpage","url":"https:\/\/serrafm879.com.br\/serrafm\/2025\/02\/stf-deve-decidir-se-aceita-denuncia-contra-bolsonaro-entre-marco-e-abril\/","name":"STF deve decidir se aceita den\u00fancia contra Bolsonaro entre mar\u00e7o e abril - Serra FM 87,9","description":"A Primeira Turma do Supremo Tribunal Federal (STF) deve julgar entre meados de mar\u00e7o e in\u00edcio de abril o recebimento da den\u00fancia oferecida pela Procuradoria-Geral da Rep\u00fablica (PGR) contra o ex-presidente Jair Bolsonaro por atua\u00e7\u00e3o direta na trama para dar um golpe de Estado ap\u00f3s as elei\u00e7\u00f5es de 2022. Essa primeira an\u00e1lise do recebimento da den\u00fancia deve ocorrer a","inLanguage":"pt-BR","isPartOf":{"@id":"https:\/\/serrafm879.com.br\/serrafm\/#website"},"breadcrumb":{"@id":"https:\/\/serrafm879.com.br\/serrafm\/2025\/02\/stf-deve-decidir-se-aceita-denuncia-contra-bolsonaro-entre-marco-e-abril\/#breadcrumblist"},"author":{"@id":"https:\/\/serrafm879.com.br\/serrafm\/author\/serrafm87\/#author"},"creator":{"@id":"https:\/\/serrafm879.com.br\/serrafm\/author\/serrafm87\/#author"},"image":{"@type":"ImageObject","url":"https:\/\/serrafm879.com.br\/serrafm\/wp-content\/uploads\/2025\/02\/Captura-de-tela-2025-02-19-223018.png","@id":"https:\/\/serrafm879.com.br\/serrafm\/2025\/02\/stf-deve-decidir-se-aceita-denuncia-contra-bolsonaro-entre-marco-e-abril\/#mainImage","width":519,"height":332},"primaryImageOfPage":{"@id":"https:\/\/serrafm879.com.br\/serrafm\/2025\/02\/stf-deve-decidir-se-aceita-denuncia-contra-bolsonaro-entre-marco-e-abril\/#mainImage"},"datePublished":"2025-02-20T05:50:13-03:00","dateModified":"2025-02-19T22:32:30-03:00"},{"@type":"WebSite","@id":"https:\/\/serrafm879.com.br\/serrafm\/#website","url":"https:\/\/serrafm879.com.br\/serrafm\/","name":"Serra FM 87,9","description":"O seu novo amor!","inLanguage":"pt-BR","publisher":{"@id":"https:\/\/serrafm879.com.br\/serrafm\/#organization"}}]},"twitter:card":"summary_large_image","twitter:title":"STF deve decidir se aceita den\u00fancia contra Bolsonaro entre mar\u00e7o e abril - Serra FM 87,9","twitter:description":"A Primeira Turma do Supremo Tribunal Federal (STF) deve julgar entre meados de mar\u00e7o e in\u00edcio de abril o recebimento da den\u00fancia oferecida pela Procuradoria-Geral da Rep\u00fablica (PGR) contra o ex-presidente Jair Bolsonaro por atua\u00e7\u00e3o direta na trama para dar um golpe de Estado ap\u00f3s as elei\u00e7\u00f5es de 2022. Essa primeira an\u00e1lise do recebimento da den\u00fancia deve ocorrer a","twitter:image":"https:\/\/serrafm879.com.br\/serrafm\/wp-content\/uploads\/2025\/02\/Captura-de-tela-2025-02-19-223018.png"},"aioseo_meta_data":{"post_id":"20852","title":null,"description":null,"keywords":null,"keyphrases":null,"primary_term":null,"canonical_url":null,"og_title":null,"og_description":null,"og_object_type":"default","og_image_type":"default","og_image_custom_url":null,"og_image_custom_fields":null,"og_image_url":null,"og_image_width":null,"og_image_height":null,"og_video":null,"og_custom_url":null,"og_article_section":null,"og_article_tags":null,"twitter_use_og":false,"twitter_card":"default","twitter_image_type":"default","twitter_image_custom_url":null,"twitter_image_custom_fields":null,"twitter_image_url":null,"twitter_title":null,"twitter_description":null,"schema_type":"default","schema_type_options":null,"schema":{"blockGraphs":[],"customGraphs":[],"default":{"data":{"Article":[],"Course":[],"Dataset":[],"FAQPage":[],"Movie":[],"Person":[],"Product":[],"ProductReview":[],"Car":[],"Recipe":[],"Service":[],"SoftwareApplication":[],"WebPage":[]},"graphName":"","isEnabled":true},"graphs":[]},"pillar_content":false,"robots_default":true,"robots_noindex":false,"robots_noarchive":false,"robots_nosnippet":false,"robots_nofollow":false,"robots_noimageindex":false,"robots_noodp":false,"robots_notranslate":false,"robots_max_snippet":null,"robots_max_videopreview":null,"robots_max_imagepreview":"large","priority":null,"frequency":null,"local_seo":null,"limit_modified_date":false,"ai":null,"breadcrumb_settings":null,"seo_analyzer_scan_date":null,"created":"2026-07-21 13:54:57","updated":"2026-07-21 13:54:57"},"aioseo_breadcrumb":"<div class=\"aioseo-breadcrumbs\"><span class=\"aioseo-breadcrumb\">\n\t\t\t<a href=\"https:\/\/serrafm879.com.br\/serrafm\" title=\"Home\">Home<\/a>\n\t\t<\/span><span class=\"aioseo-breadcrumb-separator\">&raquo;<\/span><span class=\"aioseo-breadcrumb\">\n\t\t\t<a href=\"https:\/\/serrafm879.com.br\/serrafm\/categoria\/brasil\/\" title=\"Brasil\">Brasil<\/a>\n\t\t<\/span><span class=\"aioseo-breadcrumb-separator\">&raquo;<\/span><span class=\"aioseo-breadcrumb\">\n\t\t\tSTF deve decidir se aceita den\u00fancia contra Bolsonaro entre mar\u00e7o e abril\n\t\t<\/span><\/div>","aioseo_breadcrumb_json":[{"label":"Home","link":"https:\/\/serrafm879.com.br\/serrafm"},{"label":"Brasil","link":"https:\/\/serrafm879.com.br\/serrafm\/categoria\/brasil\/"},{"label":"STF deve decidir se aceita den\u00fancia contra Bolsonaro entre mar\u00e7o e abril","link":"https:\/\/serrafm879.com.br\/serrafm\/2025\/02\/stf-deve-decidir-se-aceita-denuncia-contra-bolsonaro-entre-marco-e-abril\/"}],"jetpack_publicize_connections":[],"jetpack_featured_media_url":"https:\/\/serrafm879.com.br\/serrafm\/wp-content\/uploads\/2025\/02\/Captura-de-tela-2025-02-19-223018.png","jetpack_shortlink":"https:\/\/wp.me\/p7HyXg-5qk","jetpack_sharing_enabled":true,"_links":{"self":[{"href":"https:\/\/serrafm879.com.br\/serrafm\/wp-json\/wp\/v2\/posts\/20852","targetHints":{"allow":["GET"]}}],"collection":[{"href":"https:\/\/serrafm879.com.br\/serrafm\/wp-json\/wp\/v2\/posts"}],"about":[{"href":"https:\/\/serrafm879.com.br\/serrafm\/wp-json\/wp\/v2\/types\/post"}],"author":[{"embeddable":true,"href":"https:\/\/serrafm879.com.br\/serrafm\/wp-json\/wp\/v2\/users\/2"}],"replies":[{"embeddable":true,"href":"https:\/\/serrafm879.com.br\/serrafm\/wp-json\/wp\/v2\/comments?post=20852"}],"version-history":[{"count":1,"href":"https:\/\/serrafm879.com.br\/serrafm\/wp-json\/wp\/v2\/posts\/20852\/revisions"}],"predecessor-version":[{"id":20854,"href":"https:\/\/serrafm879.com.br\/serrafm\/wp-json\/wp\/v2\/posts\/20852\/revisions\/20854"}],"wp:featuredmedia":[{"embeddable":true,"href":"https:\/\/serrafm879.com.br\/serrafm\/wp-json\/wp\/v2\/media\/20853"}],"wp:attachment":[{"href":"https:\/\/serrafm879.com.br\/serrafm\/wp-json\/wp\/v2\/media?parent=20852"}],"wp:term":[{"taxonomy":"category","embeddable":true,"href":"https:\/\/serrafm879.com.br\/serrafm\/wp-json\/wp\/v2\/categories?post=20852"},{"taxonomy":"post_tag","embeddable":true,"href":"https:\/\/serrafm879.com.br\/serrafm\/wp-json\/wp\/v2\/tags?post=20852"}],"curies":[{"name":"wp","href":"https:\/\/api.w.org\/{rel}","templated":true}]}}