{"id":20855,"date":"2025-02-20T02:32:44","date_gmt":"2025-02-20T05:32:44","guid":{"rendered":"https:\/?p=20855"},"modified":"2025-02-19T22:36:32","modified_gmt":"2025-02-20T01:36:32","slug":"papa-francisco-acredita-que-nao-vai-sobreviver-diz-jornal","status":"publish","type":"post","link":"https:\/\/serrafm879.com.br\/serrafm\/2025\/02\/papa-francisco-acredita-que-nao-vai-sobreviver-diz-jornal\/","title":{"rendered":"Papa Francisco acredita que n\u00e3o vai sobreviver, diz jornal"},"content":{"rendered":"<p>Com as quest\u00f5es de sa\u00fade nos \u00faltimos meses e a interna\u00e7\u00e3o com quadro de pneumonia bilateral, o Papa Francisco teria dito que n\u00e3o ir\u00e1 sobreviver desta vez. As informa\u00e7\u00f5es foram obtidas pelo jornal Politico.<\/p>\n<p>O papa est\u00e1 h\u00e1 6 dias no hospital Gemelli de Roma, onde foi<span class=\"LinkEnhancement\"><a class=\"Link\" href=\"https:\/\/www.itatiaia.com.br\/mundo\/2025\/02\/14\/papa-francisco-e-hospitalizado-para-tratar-exames-e-bronquite-diz-vaticano\" target=\"_blank\" rel=\"noopener\" data-mrf-link=\"https:\/\/www.itatiaia.com.br\/mundo\/2025\/02\/14\/papa-francisco-e-hospitalizado-para-tratar-exames-e-bronquite-diz-vaticano\">\u00a0internado na \u00faltima sexta-feira (14)<\/a><\/span>. Inicialmente com<span class=\"LinkEnhancement\"><a class=\"Link\" href=\"https:\/\/www.itatiaia.com.br\/mundo\/2025\/02\/14\/papa-francisco-e-hospitalizado-para-tratar-exames-e-bronquite-diz-vaticano\" data-mrf-link=\"https:\/\/www.itatiaia.com.br\/mundo\/2025\/02\/14\/papa-francisco-e-hospitalizado-para-tratar-exames-e-bronquite-diz-vaticano\">\u00a0bronquite<\/a><\/span>\u00a0e depois com\u00a0<span class=\"LinkEnhancement\"><a class=\"Link\" href=\"https:\/\/www.itatiaia.com.br\/mundo\/2025\/02\/17\/o-que-e-infeccao-polimicrobiana-entenda-diagnostico-do-papa-francisco\" data-mrf-link=\"https:\/\/www.itatiaia.com.br\/mundo\/2025\/02\/17\/o-que-e-infeccao-polimicrobiana-entenda-diagnostico-do-papa-francisco\">infec\u00e7\u00e3o polimicrobiana<\/a><\/span>, o novo diagn\u00f3stico de ter\u00e7a-feira (17) apontou pneumonia nos dois pulm\u00f5es.<\/p>\n<p>Segundo o jornal, duas pessoas pr\u00f3ximas ao papa, afirmaram que ele tem sofrido dores intensas e expressou reservadamente \u2018a certeza de que n\u00e3o sobreviver\u00e1&#8217;.<\/p>\n<p>Tamb\u00e9m informaram que Francisco resistiu a ir ao hospital, mas foi informado que corria risco de morrer se permanecesse em seu quarto no Vaticano.<\/p>\n<h5>Preocupa\u00e7\u00e3o com sucess\u00e3o pol\u00edtica<\/h5>\n<p>Al\u00e9m da preocupa\u00e7\u00e3o com sua sa\u00fade, Francisco tamb\u00e9m teme que a escolha do sucessor seja pol\u00edtica.<\/p>\n<p>Segundo o jornal, no \u00faltimo m\u00eas &#8211; j\u00e1 com problemas respirat\u00f3rios &#8211; o papa se mobilizou para concluir iniciativas importantes e nomear figuras simp\u00e1ticas para cargos importantes. Desde que se tornou papa, Francisco tem buscado tornar a Igreja mais inclusiva.<\/p>\n<p>Uma das a\u00e7\u00f5es do papa, antes da interna\u00e7\u00e3o, foi estender o mandato do cardeal italiano Giovanni Battista Re como decano do Col\u00e9gio dos Cardeais, uma fun\u00e7\u00e3o que supervisionar\u00e1 alguns preparativos para um\u00a0<span class=\"LinkEnhancement\">potencial conclave<\/span>, a reuni\u00e3o secreta que determina a sele\u00e7\u00e3o de um novo papa.<\/p>\n<p>A inten\u00e7\u00e3o \u00e9 garantir que o processo ocorresse de acordo com os desejos do papa, disseram as pessoas pr\u00f3ximas ao Politico.<\/p>\n","protected":false},"excerpt":{"rendered":"<p>Com as quest\u00f5es de sa\u00fade nos \u00faltimos meses e a interna\u00e7\u00e3o com quadro de pneumonia bilateral, o Papa Francisco teria dito que n\u00e3o ir\u00e1 sobreviver desta vez. As informa\u00e7\u00f5es foram obtidas pelo jornal Politico. O papa est\u00e1 h\u00e1 6 dias no hospital Gemelli de Roma, onde foi\u00a0internado na \u00faltima sexta-feira (14). Inicialmente com\u00a0bronquite\u00a0e depois com\u00a0infec\u00e7\u00e3o polimicrobiana, o novo diagn\u00f3stico de ter\u00e7a-feira (17) apontou pneumonia nos dois pulm\u00f5es. Segundo o jornal, duas pessoas pr\u00f3ximas ao papa, afirmaram que ele tem sofrido dores intensas e expressou reservadamente \u2018a certeza de que n\u00e3o sobreviver\u00e1&#8217;. Tamb\u00e9m informaram que Francisco resistiu a ir ao hospital, [&hellip;]<\/p>\n","protected":false},"author":2,"featured_media":20856,"comment_status":"open","ping_status":"open","sticky":false,"template":"","format":"standard","meta":{"_jetpack_newsletter_access":"","_jetpack_dont_email_post_to_subs":false,"_jetpack_newsletter_tier_id":0,"_jetpack_memberships_contains_paywalled_content":false,"_jetpack_feature_clip_id":0,"_jetpack_memberships_contains_paid_content":false,"footnotes":"","jetpack_publicize_message":"","jetpack_publicize_feature_enabled":true,"jetpack_social_post_already_shared":true,"jetpack_social_options":{"image_generator_settings":{"template":"highway","default_image_id":0,"font":"","enabled":false},"version":2},"jetpack_post_was_ever_published":false},"categories":[1],"tags":[],"class_list":["post-20855","post","type-post","status-publish","format-standard","has-post-thumbnail","hentry","category-uncategorized"],"aioseo_notices":[],"aioseo_head":"\n\t\t<!-- All in One SEO 4.9.10 - aioseo.com -->\n\t<meta name=\"description\" content=\"Com as quest\u00f5es de sa\u00fade nos \u00faltimos meses e a interna\u00e7\u00e3o com quadro de pneumonia bilateral, o Papa Francisco teria dito que n\u00e3o ir\u00e1 sobreviver desta vez. As informa\u00e7\u00f5es foram obtidas pelo jornal Politico. O papa est\u00e1 h\u00e1 6 dias no hospital Gemelli de Roma, onde foi internado na \u00faltima sexta-feira (14). Inicialmente com bronquite e depois com infec\u00e7\u00e3o\" \/>\n\t<meta name=\"robots\" content=\"max-image-preview:large\" \/>\n\t<meta name=\"author\" content=\"serrafm87\"\/>\n\t<link rel=\"canonical\" href=\"https:\/\/serrafm879.com.br\/serrafm\/2025\/02\/papa-francisco-acredita-que-nao-vai-sobreviver-diz-jornal\/\" \/>\n\t<meta name=\"generator\" content=\"All in One SEO (AIOSEO) 4.9.10\" \/>\n\t\t<meta name=\"twitter:card\" content=\"summary_large_image\" \/>\n\t\t<meta name=\"twitter:title\" content=\"Papa Francisco acredita que n\u00e3o vai sobreviver, diz jornal - Serra FM 87,9\" \/>\n\t\t<meta name=\"twitter:description\" content=\"Com as quest\u00f5es de sa\u00fade nos \u00faltimos meses e a interna\u00e7\u00e3o com quadro de pneumonia bilateral, o Papa Francisco teria dito que n\u00e3o ir\u00e1 sobreviver desta vez. As informa\u00e7\u00f5es foram obtidas pelo jornal Politico. O papa est\u00e1 h\u00e1 6 dias no hospital Gemelli de Roma, onde foi internado na \u00faltima sexta-feira (14). Inicialmente com bronquite e depois com infec\u00e7\u00e3o\" \/>\n\t\t<meta name=\"twitter:image\" content=\"https:\/\/serrafm879.com.br\/serrafm\/wp-content\/uploads\/2025\/02\/Captura-de-tela-2025-02-19-223420.png\" \/>\n\t\t<script type=\"application\/ld+json\" class=\"aioseo-schema\">\n\t\t\t{\"@context\":\"https:\\\/\\\/schema.org\",\"@graph\":[{\"@type\":\"BlogPosting\",\"@id\":\"https:\\\/\\\/serrafm879.com.br\\\/serrafm\\\/2025\\\/02\\\/papa-francisco-acredita-que-nao-vai-sobreviver-diz-jornal\\\/#blogposting\",\"name\":\"Papa Francisco acredita que n\\u00e3o vai sobreviver, diz jornal - Serra FM 87,9\",\"headline\":\"Papa Francisco acredita que n\\u00e3o vai sobreviver, diz jornal\",\"author\":{\"@id\":\"https:\\\/\\\/serrafm879.com.br\\\/serrafm\\\/author\\\/serrafm87\\\/#author\"},\"publisher\":{\"@id\":\"https:\\\/\\\/serrafm879.com.br\\\/serrafm\\\/#organization\"},\"image\":{\"@type\":\"ImageObject\",\"url\":\"https:\\\/\\\/serrafm879.com.br\\\/serrafm\\\/wp-content\\\/uploads\\\/2025\\\/02\\\/Captura-de-tela-2025-02-19-223420.png\",\"width\":890,\"height\":538},\"datePublished\":\"2025-02-20T02:32:44-03:00\",\"dateModified\":\"2025-02-19T22:36:32-03:00\",\"inLanguage\":\"pt-BR\",\"mainEntityOfPage\":{\"@id\":\"https:\\\/\\\/serrafm879.com.br\\\/serrafm\\\/2025\\\/02\\\/papa-francisco-acredita-que-nao-vai-sobreviver-diz-jornal\\\/#webpage\"},\"isPartOf\":{\"@id\":\"https:\\\/\\\/serrafm879.com.br\\\/serrafm\\\/2025\\\/02\\\/papa-francisco-acredita-que-nao-vai-sobreviver-diz-jornal\\\/#webpage\"},\"articleSection\":\"Uncategorized\"},{\"@type\":\"BreadcrumbList\",\"@id\":\"https:\\\/\\\/serrafm879.com.br\\\/serrafm\\\/2025\\\/02\\\/papa-francisco-acredita-que-nao-vai-sobreviver-diz-jornal\\\/#breadcrumblist\",\"itemListElement\":[{\"@type\":\"ListItem\",\"@id\":\"https:\\\/\\\/serrafm879.com.br\\\/serrafm#listItem\",\"position\":1,\"name\":\"Home\",\"item\":\"https:\\\/\\\/serrafm879.com.br\\\/serrafm\",\"nextItem\":{\"@type\":\"ListItem\",\"@id\":\"https:\\\/\\\/serrafm879.com.br\\\/serrafm\\\/categoria\\\/uncategorized\\\/#listItem\",\"name\":\"Uncategorized\"}},{\"@type\":\"ListItem\",\"@id\":\"https:\\\/\\\/serrafm879.com.br\\\/serrafm\\\/categoria\\\/uncategorized\\\/#listItem\",\"position\":2,\"name\":\"Uncategorized\",\"item\":\"https:\\\/\\\/serrafm879.com.br\\\/serrafm\\\/categoria\\\/uncategorized\\\/\",\"nextItem\":{\"@type\":\"ListItem\",\"@id\":\"https:\\\/\\\/serrafm879.com.br\\\/serrafm\\\/2025\\\/02\\\/papa-francisco-acredita-que-nao-vai-sobreviver-diz-jornal\\\/#listItem\",\"name\":\"Papa Francisco acredita que n\\u00e3o vai sobreviver, diz jornal\"},\"previousItem\":{\"@type\":\"ListItem\",\"@id\":\"https:\\\/\\\/serrafm879.com.br\\\/serrafm#listItem\",\"name\":\"Home\"}},{\"@type\":\"ListItem\",\"@id\":\"https:\\\/\\\/serrafm879.com.br\\\/serrafm\\\/2025\\\/02\\\/papa-francisco-acredita-que-nao-vai-sobreviver-diz-jornal\\\/#listItem\",\"position\":3,\"name\":\"Papa Francisco acredita que n\\u00e3o vai sobreviver, diz jornal\",\"previousItem\":{\"@type\":\"ListItem\",\"@id\":\"https:\\\/\\\/serrafm879.com.br\\\/serrafm\\\/categoria\\\/uncategorized\\\/#listItem\",\"name\":\"Uncategorized\"}}]},{\"@type\":\"Organization\",\"@id\":\"https:\\\/\\\/serrafm879.com.br\\\/serrafm\\\/#organization\",\"name\":\"Serra FM 87,9\",\"description\":\"O seu novo amor!\",\"url\":\"https:\\\/\\\/serrafm879.com.br\\\/serrafm\\\/\"},{\"@type\":\"Person\",\"@id\":\"https:\\\/\\\/serrafm879.com.br\\\/serrafm\\\/author\\\/serrafm87\\\/#author\",\"url\":\"https:\\\/\\\/serrafm879.com.br\\\/serrafm\\\/author\\\/serrafm87\\\/\",\"name\":\"serrafm87\",\"image\":{\"@type\":\"ImageObject\",\"@id\":\"https:\\\/\\\/serrafm879.com.br\\\/serrafm\\\/2025\\\/02\\\/papa-francisco-acredita-que-nao-vai-sobreviver-diz-jornal\\\/#authorImage\",\"url\":\"https:\\\/\\\/secure.gravatar.com\\\/avatar\\\/a743233f1112d34f48bb3dc9559b76eb930bab8b27175856cba6362608736235?s=96&d=mm&r=g\",\"width\":96,\"height\":96,\"caption\":\"serrafm87\"}},{\"@type\":\"WebPage\",\"@id\":\"https:\\\/\\\/serrafm879.com.br\\\/serrafm\\\/2025\\\/02\\\/papa-francisco-acredita-que-nao-vai-sobreviver-diz-jornal\\\/#webpage\",\"url\":\"https:\\\/\\\/serrafm879.com.br\\\/serrafm\\\/2025\\\/02\\\/papa-francisco-acredita-que-nao-vai-sobreviver-diz-jornal\\\/\",\"name\":\"Papa Francisco acredita que n\\u00e3o vai sobreviver, diz jornal - Serra FM 87,9\",\"description\":\"Com as quest\\u00f5es de sa\\u00fade nos \\u00faltimos meses e a interna\\u00e7\\u00e3o com quadro de pneumonia bilateral, o Papa Francisco teria dito que n\\u00e3o ir\\u00e1 sobreviver desta vez. As informa\\u00e7\\u00f5es foram obtidas pelo jornal Politico. O papa est\\u00e1 h\\u00e1 6 dias no hospital Gemelli de Roma, onde foi internado na \\u00faltima sexta-feira (14). Inicialmente com bronquite e depois com infec\\u00e7\\u00e3o\",\"inLanguage\":\"pt-BR\",\"isPartOf\":{\"@id\":\"https:\\\/\\\/serrafm879.com.br\\\/serrafm\\\/#website\"},\"breadcrumb\":{\"@id\":\"https:\\\/\\\/serrafm879.com.br\\\/serrafm\\\/2025\\\/02\\\/papa-francisco-acredita-que-nao-vai-sobreviver-diz-jornal\\\/#breadcrumblist\"},\"author\":{\"@id\":\"https:\\\/\\\/serrafm879.com.br\\\/serrafm\\\/author\\\/serrafm87\\\/#author\"},\"creator\":{\"@id\":\"https:\\\/\\\/serrafm879.com.br\\\/serrafm\\\/author\\\/serrafm87\\\/#author\"},\"image\":{\"@type\":\"ImageObject\",\"url\":\"https:\\\/\\\/serrafm879.com.br\\\/serrafm\\\/wp-content\\\/uploads\\\/2025\\\/02\\\/Captura-de-tela-2025-02-19-223420.png\",\"@id\":\"https:\\\/\\\/serrafm879.com.br\\\/serrafm\\\/2025\\\/02\\\/papa-francisco-acredita-que-nao-vai-sobreviver-diz-jornal\\\/#mainImage\",\"width\":890,\"height\":538},\"primaryImageOfPage\":{\"@id\":\"https:\\\/\\\/serrafm879.com.br\\\/serrafm\\\/2025\\\/02\\\/papa-francisco-acredita-que-nao-vai-sobreviver-diz-jornal\\\/#mainImage\"},\"datePublished\":\"2025-02-20T02:32:44-03:00\",\"dateModified\":\"2025-02-19T22:36:32-03:00\"},{\"@type\":\"WebSite\",\"@id\":\"https:\\\/\\\/serrafm879.com.br\\\/serrafm\\\/#website\",\"url\":\"https:\\\/\\\/serrafm879.com.br\\\/serrafm\\\/\",\"name\":\"Serra FM 87,9\",\"description\":\"O seu novo amor!\",\"inLanguage\":\"pt-BR\",\"publisher\":{\"@id\":\"https:\\\/\\\/serrafm879.com.br\\\/serrafm\\\/#organization\"}}]}\n\t\t<\/script>\n\t\t<!-- All in One SEO -->\n\n","aioseo_head_json":{"title":"Papa Francisco acredita que n\u00e3o vai sobreviver, diz jornal - Serra FM 87,9","description":"Com as quest\u00f5es de sa\u00fade nos \u00faltimos meses e a interna\u00e7\u00e3o com quadro de pneumonia bilateral, o Papa Francisco teria dito que n\u00e3o ir\u00e1 sobreviver desta vez. As informa\u00e7\u00f5es foram obtidas pelo jornal Politico. O papa est\u00e1 h\u00e1 6 dias no hospital Gemelli de Roma, onde foi internado na \u00faltima sexta-feira (14). Inicialmente com bronquite e depois com infec\u00e7\u00e3o","canonical_url":"https:\/\/serrafm879.com.br\/serrafm\/2025\/02\/papa-francisco-acredita-que-nao-vai-sobreviver-diz-jornal\/","robots":"max-image-preview:large","keywords":"","webmasterTools":{"miscellaneous":""},"schema":{"@context":"https:\/\/schema.org","@graph":[{"@type":"BlogPosting","@id":"https:\/\/serrafm879.com.br\/serrafm\/2025\/02\/papa-francisco-acredita-que-nao-vai-sobreviver-diz-jornal\/#blogposting","name":"Papa Francisco acredita que n\u00e3o vai sobreviver, diz jornal - Serra FM 87,9","headline":"Papa Francisco acredita que n\u00e3o vai sobreviver, diz jornal","author":{"@id":"https:\/\/serrafm879.com.br\/serrafm\/author\/serrafm87\/#author"},"publisher":{"@id":"https:\/\/serrafm879.com.br\/serrafm\/#organization"},"image":{"@type":"ImageObject","url":"https:\/\/serrafm879.com.br\/serrafm\/wp-content\/uploads\/2025\/02\/Captura-de-tela-2025-02-19-223420.png","width":890,"height":538},"datePublished":"2025-02-20T02:32:44-03:00","dateModified":"2025-02-19T22:36:32-03:00","inLanguage":"pt-BR","mainEntityOfPage":{"@id":"https:\/\/serrafm879.com.br\/serrafm\/2025\/02\/papa-francisco-acredita-que-nao-vai-sobreviver-diz-jornal\/#webpage"},"isPartOf":{"@id":"https:\/\/serrafm879.com.br\/serrafm\/2025\/02\/papa-francisco-acredita-que-nao-vai-sobreviver-diz-jornal\/#webpage"},"articleSection":"Uncategorized"},{"@type":"BreadcrumbList","@id":"https:\/\/serrafm879.com.br\/serrafm\/2025\/02\/papa-francisco-acredita-que-nao-vai-sobreviver-diz-jornal\/#breadcrumblist","itemListElement":[{"@type":"ListItem","@id":"https:\/\/serrafm879.com.br\/serrafm#listItem","position":1,"name":"Home","item":"https:\/\/serrafm879.com.br\/serrafm","nextItem":{"@type":"ListItem","@id":"https:\/\/serrafm879.com.br\/serrafm\/categoria\/uncategorized\/#listItem","name":"Uncategorized"}},{"@type":"ListItem","@id":"https:\/\/serrafm879.com.br\/serrafm\/categoria\/uncategorized\/#listItem","position":2,"name":"Uncategorized","item":"https:\/\/serrafm879.com.br\/serrafm\/categoria\/uncategorized\/","nextItem":{"@type":"ListItem","@id":"https:\/\/serrafm879.com.br\/serrafm\/2025\/02\/papa-francisco-acredita-que-nao-vai-sobreviver-diz-jornal\/#listItem","name":"Papa Francisco acredita que n\u00e3o vai sobreviver, diz jornal"},"previousItem":{"@type":"ListItem","@id":"https:\/\/serrafm879.com.br\/serrafm#listItem","name":"Home"}},{"@type":"ListItem","@id":"https:\/\/serrafm879.com.br\/serrafm\/2025\/02\/papa-francisco-acredita-que-nao-vai-sobreviver-diz-jornal\/#listItem","position":3,"name":"Papa Francisco acredita que n\u00e3o vai sobreviver, diz jornal","previousItem":{"@type":"ListItem","@id":"https:\/\/serrafm879.com.br\/serrafm\/categoria\/uncategorized\/#listItem","name":"Uncategorized"}}]},{"@type":"Organization","@id":"https:\/\/serrafm879.com.br\/serrafm\/#organization","name":"Serra FM 87,9","description":"O seu novo amor!","url":"https:\/\/serrafm879.com.br\/serrafm\/"},{"@type":"Person","@id":"https:\/\/serrafm879.com.br\/serrafm\/author\/serrafm87\/#author","url":"https:\/\/serrafm879.com.br\/serrafm\/author\/serrafm87\/","name":"serrafm87","image":{"@type":"ImageObject","@id":"https:\/\/serrafm879.com.br\/serrafm\/2025\/02\/papa-francisco-acredita-que-nao-vai-sobreviver-diz-jornal\/#authorImage","url":"https:\/\/secure.gravatar.com\/avatar\/a743233f1112d34f48bb3dc9559b76eb930bab8b27175856cba6362608736235?s=96&d=mm&r=g","width":96,"height":96,"caption":"serrafm87"}},{"@type":"WebPage","@id":"https:\/\/serrafm879.com.br\/serrafm\/2025\/02\/papa-francisco-acredita-que-nao-vai-sobreviver-diz-jornal\/#webpage","url":"https:\/\/serrafm879.com.br\/serrafm\/2025\/02\/papa-francisco-acredita-que-nao-vai-sobreviver-diz-jornal\/","name":"Papa Francisco acredita que n\u00e3o vai sobreviver, diz jornal - Serra FM 87,9","description":"Com as quest\u00f5es de sa\u00fade nos \u00faltimos meses e a interna\u00e7\u00e3o com quadro de pneumonia bilateral, o Papa Francisco teria dito que n\u00e3o ir\u00e1 sobreviver desta vez. As informa\u00e7\u00f5es foram obtidas pelo jornal Politico. O papa est\u00e1 h\u00e1 6 dias no hospital Gemelli de Roma, onde foi internado na \u00faltima sexta-feira (14). Inicialmente com bronquite e depois com infec\u00e7\u00e3o","inLanguage":"pt-BR","isPartOf":{"@id":"https:\/\/serrafm879.com.br\/serrafm\/#website"},"breadcrumb":{"@id":"https:\/\/serrafm879.com.br\/serrafm\/2025\/02\/papa-francisco-acredita-que-nao-vai-sobreviver-diz-jornal\/#breadcrumblist"},"author":{"@id":"https:\/\/serrafm879.com.br\/serrafm\/author\/serrafm87\/#author"},"creator":{"@id":"https:\/\/serrafm879.com.br\/serrafm\/author\/serrafm87\/#author"},"image":{"@type":"ImageObject","url":"https:\/\/serrafm879.com.br\/serrafm\/wp-content\/uploads\/2025\/02\/Captura-de-tela-2025-02-19-223420.png","@id":"https:\/\/serrafm879.com.br\/serrafm\/2025\/02\/papa-francisco-acredita-que-nao-vai-sobreviver-diz-jornal\/#mainImage","width":890,"height":538},"primaryImageOfPage":{"@id":"https:\/\/serrafm879.com.br\/serrafm\/2025\/02\/papa-francisco-acredita-que-nao-vai-sobreviver-diz-jornal\/#mainImage"},"datePublished":"2025-02-20T02:32:44-03:00","dateModified":"2025-02-19T22:36:32-03:00"},{"@type":"WebSite","@id":"https:\/\/serrafm879.com.br\/serrafm\/#website","url":"https:\/\/serrafm879.com.br\/serrafm\/","name":"Serra FM 87,9","description":"O seu novo amor!","inLanguage":"pt-BR","publisher":{"@id":"https:\/\/serrafm879.com.br\/serrafm\/#organization"}}]},"twitter:card":"summary_large_image","twitter:title":"Papa Francisco acredita que n\u00e3o vai sobreviver, diz jornal - Serra FM 87,9","twitter:description":"Com as quest\u00f5es de sa\u00fade nos \u00faltimos meses e a interna\u00e7\u00e3o com quadro de pneumonia bilateral, o Papa Francisco teria dito que n\u00e3o ir\u00e1 sobreviver desta vez. As informa\u00e7\u00f5es foram obtidas pelo jornal Politico. O papa est\u00e1 h\u00e1 6 dias no hospital Gemelli de Roma, onde foi internado na \u00faltima sexta-feira (14). Inicialmente com bronquite e depois com infec\u00e7\u00e3o","twitter:image":"https:\/\/serrafm879.com.br\/serrafm\/wp-content\/uploads\/2025\/02\/Captura-de-tela-2025-02-19-223420.png"},"aioseo_meta_data":{"post_id":"20855","title":null,"description":null,"keywords":null,"keyphrases":null,"primary_term":null,"canonical_url":null,"og_title":null,"og_description":null,"og_object_type":"default","og_image_type":"default","og_image_custom_url":null,"og_image_custom_fields":null,"og_image_url":null,"og_image_width":null,"og_image_height":null,"og_video":null,"og_custom_url":null,"og_article_section":null,"og_article_tags":null,"twitter_use_og":false,"twitter_card":"default","twitter_image_type":"default","twitter_image_custom_url":null,"twitter_image_custom_fields":null,"twitter_image_url":null,"twitter_title":null,"twitter_description":null,"schema_type":"default","schema_type_options":null,"schema":{"blockGraphs":[],"customGraphs":[],"default":{"data":{"Article":[],"Course":[],"Dataset":[],"FAQPage":[],"Movie":[],"Person":[],"Product":[],"ProductReview":[],"Car":[],"Recipe":[],"Service":[],"SoftwareApplication":[],"WebPage":[]},"graphName":"","isEnabled":true},"graphs":[]},"pillar_content":false,"robots_default":true,"robots_noindex":false,"robots_noarchive":false,"robots_nosnippet":false,"robots_nofollow":false,"robots_noimageindex":false,"robots_noodp":false,"robots_notranslate":false,"robots_max_snippet":null,"robots_max_videopreview":null,"robots_max_imagepreview":"large","priority":null,"frequency":null,"local_seo":null,"limit_modified_date":false,"ai":null,"breadcrumb_settings":null,"seo_analyzer_scan_date":null,"created":"2026-07-21 13:54:57","updated":"2026-07-21 13:54:57"},"aioseo_breadcrumb":"<div class=\"aioseo-breadcrumbs\"><span class=\"aioseo-breadcrumb\">\n\t\t\t<a href=\"https:\/\/serrafm879.com.br\/serrafm\" title=\"Home\">Home<\/a>\n\t\t<\/span><span class=\"aioseo-breadcrumb-separator\">&raquo;<\/span><span class=\"aioseo-breadcrumb\">\n\t\t\t<a href=\"https:\/\/serrafm879.com.br\/serrafm\/categoria\/uncategorized\/\" title=\"Uncategorized\">Uncategorized<\/a>\n\t\t<\/span><span class=\"aioseo-breadcrumb-separator\">&raquo;<\/span><span class=\"aioseo-breadcrumb\">\n\t\t\tPapa Francisco acredita que n\u00e3o vai sobreviver, diz jornal\n\t\t<\/span><\/div>","aioseo_breadcrumb_json":[{"label":"Home","link":"https:\/\/serrafm879.com.br\/serrafm"},{"label":"Uncategorized","link":"https:\/\/serrafm879.com.br\/serrafm\/categoria\/uncategorized\/"},{"label":"Papa Francisco acredita que n\u00e3o vai sobreviver, diz jornal","link":"https:\/\/serrafm879.com.br\/serrafm\/2025\/02\/papa-francisco-acredita-que-nao-vai-sobreviver-diz-jornal\/"}],"jetpack_publicize_connections":[],"jetpack_featured_media_url":"https:\/\/serrafm879.com.br\/serrafm\/wp-content\/uploads\/2025\/02\/Captura-de-tela-2025-02-19-223420.png","jetpack_shortlink":"https:\/\/wp.me\/p7HyXg-5qn","jetpack_sharing_enabled":true,"_links":{"self":[{"href":"https:\/\/serrafm879.com.br\/serrafm\/wp-json\/wp\/v2\/posts\/20855","targetHints":{"allow":["GET"]}}],"collection":[{"href":"https:\/\/serrafm879.com.br\/serrafm\/wp-json\/wp\/v2\/posts"}],"about":[{"href":"https:\/\/serrafm879.com.br\/serrafm\/wp-json\/wp\/v2\/types\/post"}],"author":[{"embeddable":true,"href":"https:\/\/serrafm879.com.br\/serrafm\/wp-json\/wp\/v2\/users\/2"}],"replies":[{"embeddable":true,"href":"https:\/\/serrafm879.com.br\/serrafm\/wp-json\/wp\/v2\/comments?post=20855"}],"version-history":[{"count":1,"href":"https:\/\/serrafm879.com.br\/serrafm\/wp-json\/wp\/v2\/posts\/20855\/revisions"}],"predecessor-version":[{"id":20857,"href":"https:\/\/serrafm879.com.br\/serrafm\/wp-json\/wp\/v2\/posts\/20855\/revisions\/20857"}],"wp:featuredmedia":[{"embeddable":true,"href":"https:\/\/serrafm879.com.br\/serrafm\/wp-json\/wp\/v2\/media\/20856"}],"wp:attachment":[{"href":"https:\/\/serrafm879.com.br\/serrafm\/wp-json\/wp\/v2\/media?parent=20855"}],"wp:term":[{"taxonomy":"category","embeddable":true,"href":"https:\/\/serrafm879.com.br\/serrafm\/wp-json\/wp\/v2\/categories?post=20855"},{"taxonomy":"post_tag","embeddable":true,"href":"https:\/\/serrafm879.com.br\/serrafm\/wp-json\/wp\/v2\/tags?post=20855"}],"curies":[{"name":"wp","href":"https:\/\/api.w.org\/{rel}","templated":true}]}}