{"id":20859,"date":"2025-02-20T11:42:20","date_gmt":"2025-02-20T14:42:20","guid":{"rendered":"https:\/?p=20859"},"modified":"2025-02-20T11:43:22","modified_gmt":"2025-02-20T14:43:22","slug":"governadora-raquel-lyra-se-pronuncia-sobre-caso-do-menino-arthur-em-tabira","status":"publish","type":"post","link":"https:\/\/serrafm879.com.br\/serrafm\/2025\/02\/governadora-raquel-lyra-se-pronuncia-sobre-caso-do-menino-arthur-em-tabira\/","title":{"rendered":"Governadora Raquel Lyra se pronuncia sobre caso do menino Arthur, em Tabira"},"content":{"rendered":"<p style=\"padding-left: 80px;\">Nesta quarta-feira (19), a governadora de Pernambuco, Raquel Lyra, concedeu entrevista \u00e0 imprensa, e falou sobre o cruel assassinato de uma crian\u00e7a de dois anos em Tabira, no Sert\u00e3o do Estado.<\/p>\n<p>O caso, que resultou em linchamento por revolta popular, aconteceu no \u00faltimo domingo (16), ap\u00f3s Arthur, uma crian\u00e7a de dois anos, morrer com ind\u00edcios de viol\u00eancia f\u00edsica e sexual em um hospital da cidade.<\/p>\n<p>&nbsp;<\/p>\n<p>Raquel Lyra se pronunciou sobre o crime ocorrido no Sert\u00e3o do Estado.<\/p>\n<p>\u201cViol\u00eancia contra crian\u00e7a \u00e9 algo que afeta o cora\u00e7\u00e3o de toda m\u00e3e. Todo tipo de viol\u00eancia \u00e9 abomin\u00e1vel, mas quando se trata de crian\u00e7a, e de uma crian\u00e7a pequena e indefesa, atinge o cora\u00e7\u00e3o de todas n\u00f3s. Lamento muito pelo fato ocorrido&#8221;, disse.<\/p>\n<p>A governadora Raquel Lyra fez a declara\u00e7\u00e3o momentos ap\u00f3s assinar, no Pal\u00e1cio do Campo das Princesas, a ordem de servi\u00e7os para constru\u00e7\u00e3o de 38 creches em 30 munic\u00edpios pernambucanos.<\/p>\n<p>Segundo a governadora, a Corregedoria da Secretaria de Defesa Social instaurou um inqu\u00e9rito para apura\u00e7\u00e3o do caso.<\/p>\n<p>&#8220;\u00c9 lament\u00e1vel que a gente veja cenas como essa. A corregedoria da SDS j\u00e1 instaurou inqu\u00e9rito para apurar esse caso e enxergar os erros que aconteceram. Infelizmente a popula\u00e7\u00e3o n\u00e3o pode revidar com linchamento, o que foi uma barb\u00e1rie.&#8221;<\/p>\n<p>&#8220;\u00c9 claro que o sentimento de justi\u00e7a aflora muito, especialmente quando se trata de um crime contra uma crian\u00e7a. Mas o Estado precisa fazer o seu papel n\u00e3o s\u00f3 de investiga\u00e7\u00e3o, apura\u00e7\u00e3o e penaliza\u00e7\u00e3o, n\u00e3o s\u00f3 do crime contra a crian\u00e7a, mas apurar a conduta dos envolvidos no linchamento&#8221;, relatou Raquel Lyra.<\/p>\n<p><strong style=\"font-size: 1.1429rem;\">Da Folha PE<\/strong><\/p>\n","protected":false},"excerpt":{"rendered":"<p>Nesta quarta-feira (19), a governadora de Pernambuco, Raquel Lyra, concedeu entrevista \u00e0 imprensa, e falou sobre o cruel assassinato de uma crian\u00e7a de dois anos em Tabira, no Sert\u00e3o do Estado. O caso, que resultou em linchamento por revolta popular, aconteceu no \u00faltimo domingo (16), ap\u00f3s Arthur, uma crian\u00e7a de dois anos, morrer com ind\u00edcios de viol\u00eancia f\u00edsica e sexual em um hospital da cidade. &nbsp; Raquel Lyra se pronunciou sobre o crime ocorrido no Sert\u00e3o do Estado. \u201cViol\u00eancia contra crian\u00e7a \u00e9 algo que afeta o cora\u00e7\u00e3o de toda m\u00e3e. Todo tipo de viol\u00eancia \u00e9 abomin\u00e1vel, mas quando se trata [&hellip;]<\/p>\n","protected":false},"author":2,"featured_media":20860,"comment_status":"open","ping_status":"open","sticky":false,"template":"","format":"standard","meta":{"_jetpack_newsletter_access":"","_jetpack_dont_email_post_to_subs":false,"_jetpack_newsletter_tier_id":0,"_jetpack_memberships_contains_paywalled_content":false,"_jetpack_feature_clip_id":0,"_jetpack_memberships_contains_paid_content":false,"footnotes":"","jetpack_publicize_message":"","jetpack_publicize_feature_enabled":true,"jetpack_social_post_already_shared":true,"jetpack_social_options":{"image_generator_settings":{"template":"highway","default_image_id":0,"font":"","enabled":false},"version":2},"jetpack_post_was_ever_published":false},"categories":[1],"tags":[],"class_list":["post-20859","post","type-post","status-publish","format-standard","has-post-thumbnail","hentry","category-uncategorized"],"aioseo_notices":[],"aioseo_head":"\n\t\t<!-- All in One SEO 4.9.10 - aioseo.com -->\n\t<meta name=\"description\" content=\"Nesta quarta-feira (19), a governadora de Pernambuco, Raquel Lyra, concedeu entrevista \u00e0 imprensa, e falou sobre o cruel assassinato de uma crian\u00e7a de dois anos em Tabira, no Sert\u00e3o do Estado. O caso, que resultou em linchamento por revolta popular, aconteceu no \u00faltimo domingo (16), ap\u00f3s Arthur, uma crian\u00e7a de dois anos, morrer com ind\u00edcios\" \/>\n\t<meta name=\"robots\" content=\"max-image-preview:large\" \/>\n\t<meta name=\"author\" content=\"serrafm87\"\/>\n\t<link rel=\"canonical\" href=\"https:\/\/serrafm879.com.br\/serrafm\/2025\/02\/governadora-raquel-lyra-se-pronuncia-sobre-caso-do-menino-arthur-em-tabira\/\" \/>\n\t<meta name=\"generator\" content=\"All in One SEO (AIOSEO) 4.9.10\" \/>\n\t\t<meta name=\"twitter:card\" content=\"summary_large_image\" \/>\n\t\t<meta name=\"twitter:title\" content=\"Governadora Raquel Lyra se pronuncia sobre caso do menino Arthur, em Tabira - Serra FM 87,9\" \/>\n\t\t<meta name=\"twitter:description\" content=\"Nesta quarta-feira (19), a governadora de Pernambuco, Raquel Lyra, concedeu entrevista \u00e0 imprensa, e falou sobre o cruel assassinato de uma crian\u00e7a de dois anos em Tabira, no Sert\u00e3o do Estado. O caso, que resultou em linchamento por revolta popular, aconteceu no \u00faltimo domingo (16), ap\u00f3s Arthur, uma crian\u00e7a de dois anos, morrer com ind\u00edcios\" \/>\n\t\t<meta name=\"twitter:image\" content=\"https:\/\/serrafm879.com.br\/serrafm\/wp-content\/uploads\/2025\/02\/goveamupe.jpg\" \/>\n\t\t<script type=\"application\/ld+json\" class=\"aioseo-schema\">\n\t\t\t{\"@context\":\"https:\\\/\\\/schema.org\",\"@graph\":[{\"@type\":\"BlogPosting\",\"@id\":\"https:\\\/\\\/serrafm879.com.br\\\/serrafm\\\/2025\\\/02\\\/governadora-raquel-lyra-se-pronuncia-sobre-caso-do-menino-arthur-em-tabira\\\/#blogposting\",\"name\":\"Governadora Raquel Lyra se pronuncia sobre caso do menino Arthur, em Tabira - Serra FM 87,9\",\"headline\":\"Governadora Raquel Lyra se pronuncia sobre caso do menino Arthur, em Tabira\",\"author\":{\"@id\":\"https:\\\/\\\/serrafm879.com.br\\\/serrafm\\\/author\\\/serrafm87\\\/#author\"},\"publisher\":{\"@id\":\"https:\\\/\\\/serrafm879.com.br\\\/serrafm\\\/#organization\"},\"image\":{\"@type\":\"ImageObject\",\"url\":\"https:\\\/\\\/serrafm879.com.br\\\/serrafm\\\/wp-content\\\/uploads\\\/2025\\\/02\\\/goveamupe.jpg\",\"width\":1200,\"height\":900},\"datePublished\":\"2025-02-20T11:42:20-03:00\",\"dateModified\":\"2025-02-20T11:43:22-03:00\",\"inLanguage\":\"pt-BR\",\"mainEntityOfPage\":{\"@id\":\"https:\\\/\\\/serrafm879.com.br\\\/serrafm\\\/2025\\\/02\\\/governadora-raquel-lyra-se-pronuncia-sobre-caso-do-menino-arthur-em-tabira\\\/#webpage\"},\"isPartOf\":{\"@id\":\"https:\\\/\\\/serrafm879.com.br\\\/serrafm\\\/2025\\\/02\\\/governadora-raquel-lyra-se-pronuncia-sobre-caso-do-menino-arthur-em-tabira\\\/#webpage\"},\"articleSection\":\"Uncategorized\"},{\"@type\":\"BreadcrumbList\",\"@id\":\"https:\\\/\\\/serrafm879.com.br\\\/serrafm\\\/2025\\\/02\\\/governadora-raquel-lyra-se-pronuncia-sobre-caso-do-menino-arthur-em-tabira\\\/#breadcrumblist\",\"itemListElement\":[{\"@type\":\"ListItem\",\"@id\":\"https:\\\/\\\/serrafm879.com.br\\\/serrafm#listItem\",\"position\":1,\"name\":\"Home\",\"item\":\"https:\\\/\\\/serrafm879.com.br\\\/serrafm\",\"nextItem\":{\"@type\":\"ListItem\",\"@id\":\"https:\\\/\\\/serrafm879.com.br\\\/serrafm\\\/categoria\\\/uncategorized\\\/#listItem\",\"name\":\"Uncategorized\"}},{\"@type\":\"ListItem\",\"@id\":\"https:\\\/\\\/serrafm879.com.br\\\/serrafm\\\/categoria\\\/uncategorized\\\/#listItem\",\"position\":2,\"name\":\"Uncategorized\",\"item\":\"https:\\\/\\\/serrafm879.com.br\\\/serrafm\\\/categoria\\\/uncategorized\\\/\",\"nextItem\":{\"@type\":\"ListItem\",\"@id\":\"https:\\\/\\\/serrafm879.com.br\\\/serrafm\\\/2025\\\/02\\\/governadora-raquel-lyra-se-pronuncia-sobre-caso-do-menino-arthur-em-tabira\\\/#listItem\",\"name\":\"Governadora Raquel Lyra se pronuncia sobre caso do menino Arthur, em Tabira\"},\"previousItem\":{\"@type\":\"ListItem\",\"@id\":\"https:\\\/\\\/serrafm879.com.br\\\/serrafm#listItem\",\"name\":\"Home\"}},{\"@type\":\"ListItem\",\"@id\":\"https:\\\/\\\/serrafm879.com.br\\\/serrafm\\\/2025\\\/02\\\/governadora-raquel-lyra-se-pronuncia-sobre-caso-do-menino-arthur-em-tabira\\\/#listItem\",\"position\":3,\"name\":\"Governadora Raquel Lyra se pronuncia sobre caso do menino Arthur, em Tabira\",\"previousItem\":{\"@type\":\"ListItem\",\"@id\":\"https:\\\/\\\/serrafm879.com.br\\\/serrafm\\\/categoria\\\/uncategorized\\\/#listItem\",\"name\":\"Uncategorized\"}}]},{\"@type\":\"Organization\",\"@id\":\"https:\\\/\\\/serrafm879.com.br\\\/serrafm\\\/#organization\",\"name\":\"Serra FM 87,9\",\"description\":\"O seu novo amor!\",\"url\":\"https:\\\/\\\/serrafm879.com.br\\\/serrafm\\\/\"},{\"@type\":\"Person\",\"@id\":\"https:\\\/\\\/serrafm879.com.br\\\/serrafm\\\/author\\\/serrafm87\\\/#author\",\"url\":\"https:\\\/\\\/serrafm879.com.br\\\/serrafm\\\/author\\\/serrafm87\\\/\",\"name\":\"serrafm87\",\"image\":{\"@type\":\"ImageObject\",\"@id\":\"https:\\\/\\\/serrafm879.com.br\\\/serrafm\\\/2025\\\/02\\\/governadora-raquel-lyra-se-pronuncia-sobre-caso-do-menino-arthur-em-tabira\\\/#authorImage\",\"url\":\"https:\\\/\\\/secure.gravatar.com\\\/avatar\\\/a743233f1112d34f48bb3dc9559b76eb930bab8b27175856cba6362608736235?s=96&d=mm&r=g\",\"width\":96,\"height\":96,\"caption\":\"serrafm87\"}},{\"@type\":\"WebPage\",\"@id\":\"https:\\\/\\\/serrafm879.com.br\\\/serrafm\\\/2025\\\/02\\\/governadora-raquel-lyra-se-pronuncia-sobre-caso-do-menino-arthur-em-tabira\\\/#webpage\",\"url\":\"https:\\\/\\\/serrafm879.com.br\\\/serrafm\\\/2025\\\/02\\\/governadora-raquel-lyra-se-pronuncia-sobre-caso-do-menino-arthur-em-tabira\\\/\",\"name\":\"Governadora Raquel Lyra se pronuncia sobre caso do menino Arthur, em Tabira - Serra FM 87,9\",\"description\":\"Nesta quarta-feira (19), a governadora de Pernambuco, Raquel Lyra, concedeu entrevista \\u00e0 imprensa, e falou sobre o cruel assassinato de uma crian\\u00e7a de dois anos em Tabira, no Sert\\u00e3o do Estado. O caso, que resultou em linchamento por revolta popular, aconteceu no \\u00faltimo domingo (16), ap\\u00f3s Arthur, uma crian\\u00e7a de dois anos, morrer com ind\\u00edcios\",\"inLanguage\":\"pt-BR\",\"isPartOf\":{\"@id\":\"https:\\\/\\\/serrafm879.com.br\\\/serrafm\\\/#website\"},\"breadcrumb\":{\"@id\":\"https:\\\/\\\/serrafm879.com.br\\\/serrafm\\\/2025\\\/02\\\/governadora-raquel-lyra-se-pronuncia-sobre-caso-do-menino-arthur-em-tabira\\\/#breadcrumblist\"},\"author\":{\"@id\":\"https:\\\/\\\/serrafm879.com.br\\\/serrafm\\\/author\\\/serrafm87\\\/#author\"},\"creator\":{\"@id\":\"https:\\\/\\\/serrafm879.com.br\\\/serrafm\\\/author\\\/serrafm87\\\/#author\"},\"image\":{\"@type\":\"ImageObject\",\"url\":\"https:\\\/\\\/serrafm879.com.br\\\/serrafm\\\/wp-content\\\/uploads\\\/2025\\\/02\\\/goveamupe.jpg\",\"@id\":\"https:\\\/\\\/serrafm879.com.br\\\/serrafm\\\/2025\\\/02\\\/governadora-raquel-lyra-se-pronuncia-sobre-caso-do-menino-arthur-em-tabira\\\/#mainImage\",\"width\":1200,\"height\":900},\"primaryImageOfPage\":{\"@id\":\"https:\\\/\\\/serrafm879.com.br\\\/serrafm\\\/2025\\\/02\\\/governadora-raquel-lyra-se-pronuncia-sobre-caso-do-menino-arthur-em-tabira\\\/#mainImage\"},\"datePublished\":\"2025-02-20T11:42:20-03:00\",\"dateModified\":\"2025-02-20T11:43:22-03:00\"},{\"@type\":\"WebSite\",\"@id\":\"https:\\\/\\\/serrafm879.com.br\\\/serrafm\\\/#website\",\"url\":\"https:\\\/\\\/serrafm879.com.br\\\/serrafm\\\/\",\"name\":\"Serra FM 87,9\",\"description\":\"O seu novo amor!\",\"inLanguage\":\"pt-BR\",\"publisher\":{\"@id\":\"https:\\\/\\\/serrafm879.com.br\\\/serrafm\\\/#organization\"}}]}\n\t\t<\/script>\n\t\t<!-- All in One SEO -->\n\n","aioseo_head_json":{"title":"Governadora Raquel Lyra se pronuncia sobre caso do menino Arthur, em Tabira - Serra FM 87,9","description":"Nesta quarta-feira (19), a governadora de Pernambuco, Raquel Lyra, concedeu entrevista \u00e0 imprensa, e falou sobre o cruel assassinato de uma crian\u00e7a de dois anos em Tabira, no Sert\u00e3o do Estado. O caso, que resultou em linchamento por revolta popular, aconteceu no \u00faltimo domingo (16), ap\u00f3s Arthur, uma crian\u00e7a de dois anos, morrer com ind\u00edcios","canonical_url":"https:\/\/serrafm879.com.br\/serrafm\/2025\/02\/governadora-raquel-lyra-se-pronuncia-sobre-caso-do-menino-arthur-em-tabira\/","robots":"max-image-preview:large","keywords":"","webmasterTools":{"miscellaneous":""},"schema":{"@context":"https:\/\/schema.org","@graph":[{"@type":"BlogPosting","@id":"https:\/\/serrafm879.com.br\/serrafm\/2025\/02\/governadora-raquel-lyra-se-pronuncia-sobre-caso-do-menino-arthur-em-tabira\/#blogposting","name":"Governadora Raquel Lyra se pronuncia sobre caso do menino Arthur, em Tabira - Serra FM 87,9","headline":"Governadora Raquel Lyra se pronuncia sobre caso do menino Arthur, em Tabira","author":{"@id":"https:\/\/serrafm879.com.br\/serrafm\/author\/serrafm87\/#author"},"publisher":{"@id":"https:\/\/serrafm879.com.br\/serrafm\/#organization"},"image":{"@type":"ImageObject","url":"https:\/\/serrafm879.com.br\/serrafm\/wp-content\/uploads\/2025\/02\/goveamupe.jpg","width":1200,"height":900},"datePublished":"2025-02-20T11:42:20-03:00","dateModified":"2025-02-20T11:43:22-03:00","inLanguage":"pt-BR","mainEntityOfPage":{"@id":"https:\/\/serrafm879.com.br\/serrafm\/2025\/02\/governadora-raquel-lyra-se-pronuncia-sobre-caso-do-menino-arthur-em-tabira\/#webpage"},"isPartOf":{"@id":"https:\/\/serrafm879.com.br\/serrafm\/2025\/02\/governadora-raquel-lyra-se-pronuncia-sobre-caso-do-menino-arthur-em-tabira\/#webpage"},"articleSection":"Uncategorized"},{"@type":"BreadcrumbList","@id":"https:\/\/serrafm879.com.br\/serrafm\/2025\/02\/governadora-raquel-lyra-se-pronuncia-sobre-caso-do-menino-arthur-em-tabira\/#breadcrumblist","itemListElement":[{"@type":"ListItem","@id":"https:\/\/serrafm879.com.br\/serrafm#listItem","position":1,"name":"Home","item":"https:\/\/serrafm879.com.br\/serrafm","nextItem":{"@type":"ListItem","@id":"https:\/\/serrafm879.com.br\/serrafm\/categoria\/uncategorized\/#listItem","name":"Uncategorized"}},{"@type":"ListItem","@id":"https:\/\/serrafm879.com.br\/serrafm\/categoria\/uncategorized\/#listItem","position":2,"name":"Uncategorized","item":"https:\/\/serrafm879.com.br\/serrafm\/categoria\/uncategorized\/","nextItem":{"@type":"ListItem","@id":"https:\/\/serrafm879.com.br\/serrafm\/2025\/02\/governadora-raquel-lyra-se-pronuncia-sobre-caso-do-menino-arthur-em-tabira\/#listItem","name":"Governadora Raquel Lyra se pronuncia sobre caso do menino Arthur, em Tabira"},"previousItem":{"@type":"ListItem","@id":"https:\/\/serrafm879.com.br\/serrafm#listItem","name":"Home"}},{"@type":"ListItem","@id":"https:\/\/serrafm879.com.br\/serrafm\/2025\/02\/governadora-raquel-lyra-se-pronuncia-sobre-caso-do-menino-arthur-em-tabira\/#listItem","position":3,"name":"Governadora Raquel Lyra se pronuncia sobre caso do menino Arthur, em Tabira","previousItem":{"@type":"ListItem","@id":"https:\/\/serrafm879.com.br\/serrafm\/categoria\/uncategorized\/#listItem","name":"Uncategorized"}}]},{"@type":"Organization","@id":"https:\/\/serrafm879.com.br\/serrafm\/#organization","name":"Serra FM 87,9","description":"O seu novo amor!","url":"https:\/\/serrafm879.com.br\/serrafm\/"},{"@type":"Person","@id":"https:\/\/serrafm879.com.br\/serrafm\/author\/serrafm87\/#author","url":"https:\/\/serrafm879.com.br\/serrafm\/author\/serrafm87\/","name":"serrafm87","image":{"@type":"ImageObject","@id":"https:\/\/serrafm879.com.br\/serrafm\/2025\/02\/governadora-raquel-lyra-se-pronuncia-sobre-caso-do-menino-arthur-em-tabira\/#authorImage","url":"https:\/\/secure.gravatar.com\/avatar\/a743233f1112d34f48bb3dc9559b76eb930bab8b27175856cba6362608736235?s=96&d=mm&r=g","width":96,"height":96,"caption":"serrafm87"}},{"@type":"WebPage","@id":"https:\/\/serrafm879.com.br\/serrafm\/2025\/02\/governadora-raquel-lyra-se-pronuncia-sobre-caso-do-menino-arthur-em-tabira\/#webpage","url":"https:\/\/serrafm879.com.br\/serrafm\/2025\/02\/governadora-raquel-lyra-se-pronuncia-sobre-caso-do-menino-arthur-em-tabira\/","name":"Governadora Raquel Lyra se pronuncia sobre caso do menino Arthur, em Tabira - Serra FM 87,9","description":"Nesta quarta-feira (19), a governadora de Pernambuco, Raquel Lyra, concedeu entrevista \u00e0 imprensa, e falou sobre o cruel assassinato de uma crian\u00e7a de dois anos em Tabira, no Sert\u00e3o do Estado. O caso, que resultou em linchamento por revolta popular, aconteceu no \u00faltimo domingo (16), ap\u00f3s Arthur, uma crian\u00e7a de dois anos, morrer com ind\u00edcios","inLanguage":"pt-BR","isPartOf":{"@id":"https:\/\/serrafm879.com.br\/serrafm\/#website"},"breadcrumb":{"@id":"https:\/\/serrafm879.com.br\/serrafm\/2025\/02\/governadora-raquel-lyra-se-pronuncia-sobre-caso-do-menino-arthur-em-tabira\/#breadcrumblist"},"author":{"@id":"https:\/\/serrafm879.com.br\/serrafm\/author\/serrafm87\/#author"},"creator":{"@id":"https:\/\/serrafm879.com.br\/serrafm\/author\/serrafm87\/#author"},"image":{"@type":"ImageObject","url":"https:\/\/serrafm879.com.br\/serrafm\/wp-content\/uploads\/2025\/02\/goveamupe.jpg","@id":"https:\/\/serrafm879.com.br\/serrafm\/2025\/02\/governadora-raquel-lyra-se-pronuncia-sobre-caso-do-menino-arthur-em-tabira\/#mainImage","width":1200,"height":900},"primaryImageOfPage":{"@id":"https:\/\/serrafm879.com.br\/serrafm\/2025\/02\/governadora-raquel-lyra-se-pronuncia-sobre-caso-do-menino-arthur-em-tabira\/#mainImage"},"datePublished":"2025-02-20T11:42:20-03:00","dateModified":"2025-02-20T11:43:22-03:00"},{"@type":"WebSite","@id":"https:\/\/serrafm879.com.br\/serrafm\/#website","url":"https:\/\/serrafm879.com.br\/serrafm\/","name":"Serra FM 87,9","description":"O seu novo amor!","inLanguage":"pt-BR","publisher":{"@id":"https:\/\/serrafm879.com.br\/serrafm\/#organization"}}]},"twitter:card":"summary_large_image","twitter:title":"Governadora Raquel Lyra se pronuncia sobre caso do menino Arthur, em Tabira - Serra FM 87,9","twitter:description":"Nesta quarta-feira (19), a governadora de Pernambuco, Raquel Lyra, concedeu entrevista \u00e0 imprensa, e falou sobre o cruel assassinato de uma crian\u00e7a de dois anos em Tabira, no Sert\u00e3o do Estado. O caso, que resultou em linchamento por revolta popular, aconteceu no \u00faltimo domingo (16), ap\u00f3s Arthur, uma crian\u00e7a de dois anos, morrer com ind\u00edcios","twitter:image":"https:\/\/serrafm879.com.br\/serrafm\/wp-content\/uploads\/2025\/02\/goveamupe.jpg"},"aioseo_meta_data":{"post_id":"20859","title":null,"description":null,"keywords":null,"keyphrases":null,"primary_term":null,"canonical_url":null,"og_title":null,"og_description":null,"og_object_type":"default","og_image_type":"default","og_image_custom_url":null,"og_image_custom_fields":null,"og_image_url":null,"og_image_width":null,"og_image_height":null,"og_video":null,"og_custom_url":null,"og_article_section":null,"og_article_tags":null,"twitter_use_og":false,"twitter_card":"default","twitter_image_type":"default","twitter_image_custom_url":null,"twitter_image_custom_fields":null,"twitter_image_url":null,"twitter_title":null,"twitter_description":null,"schema_type":"default","schema_type_options":null,"schema":{"blockGraphs":[],"customGraphs":[],"default":{"data":{"Article":[],"Course":[],"Dataset":[],"FAQPage":[],"Movie":[],"Person":[],"Product":[],"ProductReview":[],"Car":[],"Recipe":[],"Service":[],"SoftwareApplication":[],"WebPage":[]},"graphName":"","isEnabled":true},"graphs":[]},"pillar_content":false,"robots_default":true,"robots_noindex":false,"robots_noarchive":false,"robots_nosnippet":false,"robots_nofollow":false,"robots_noimageindex":false,"robots_noodp":false,"robots_notranslate":false,"robots_max_snippet":null,"robots_max_videopreview":null,"robots_max_imagepreview":"large","priority":null,"frequency":null,"local_seo":null,"limit_modified_date":false,"ai":null,"breadcrumb_settings":null,"seo_analyzer_scan_date":null,"created":"2026-07-21 13:54:57","updated":"2026-07-21 13:54:57"},"aioseo_breadcrumb":"<div class=\"aioseo-breadcrumbs\"><span class=\"aioseo-breadcrumb\">\n\t\t\t<a href=\"https:\/\/serrafm879.com.br\/serrafm\" title=\"Home\">Home<\/a>\n\t\t<\/span><span class=\"aioseo-breadcrumb-separator\">&raquo;<\/span><span class=\"aioseo-breadcrumb\">\n\t\t\t<a href=\"https:\/\/serrafm879.com.br\/serrafm\/categoria\/uncategorized\/\" title=\"Uncategorized\">Uncategorized<\/a>\n\t\t<\/span><span class=\"aioseo-breadcrumb-separator\">&raquo;<\/span><span class=\"aioseo-breadcrumb\">\n\t\t\tGovernadora Raquel Lyra se pronuncia sobre caso do menino Arthur, em Tabira\n\t\t<\/span><\/div>","aioseo_breadcrumb_json":[{"label":"Home","link":"https:\/\/serrafm879.com.br\/serrafm"},{"label":"Uncategorized","link":"https:\/\/serrafm879.com.br\/serrafm\/categoria\/uncategorized\/"},{"label":"Governadora Raquel Lyra se pronuncia sobre caso do menino Arthur, em Tabira","link":"https:\/\/serrafm879.com.br\/serrafm\/2025\/02\/governadora-raquel-lyra-se-pronuncia-sobre-caso-do-menino-arthur-em-tabira\/"}],"jetpack_publicize_connections":[],"jetpack_featured_media_url":"https:\/\/serrafm879.com.br\/serrafm\/wp-content\/uploads\/2025\/02\/goveamupe.jpg","jetpack_shortlink":"https:\/\/wp.me\/p7HyXg-5qr","jetpack_sharing_enabled":true,"_links":{"self":[{"href":"https:\/\/serrafm879.com.br\/serrafm\/wp-json\/wp\/v2\/posts\/20859","targetHints":{"allow":["GET"]}}],"collection":[{"href":"https:\/\/serrafm879.com.br\/serrafm\/wp-json\/wp\/v2\/posts"}],"about":[{"href":"https:\/\/serrafm879.com.br\/serrafm\/wp-json\/wp\/v2\/types\/post"}],"author":[{"embeddable":true,"href":"https:\/\/serrafm879.com.br\/serrafm\/wp-json\/wp\/v2\/users\/2"}],"replies":[{"embeddable":true,"href":"https:\/\/serrafm879.com.br\/serrafm\/wp-json\/wp\/v2\/comments?post=20859"}],"version-history":[{"count":2,"href":"https:\/\/serrafm879.com.br\/serrafm\/wp-json\/wp\/v2\/posts\/20859\/revisions"}],"predecessor-version":[{"id":20863,"href":"https:\/\/serrafm879.com.br\/serrafm\/wp-json\/wp\/v2\/posts\/20859\/revisions\/20863"}],"wp:featuredmedia":[{"embeddable":true,"href":"https:\/\/serrafm879.com.br\/serrafm\/wp-json\/wp\/v2\/media\/20860"}],"wp:attachment":[{"href":"https:\/\/serrafm879.com.br\/serrafm\/wp-json\/wp\/v2\/media?parent=20859"}],"wp:term":[{"taxonomy":"category","embeddable":true,"href":"https:\/\/serrafm879.com.br\/serrafm\/wp-json\/wp\/v2\/categories?post=20859"},{"taxonomy":"post_tag","embeddable":true,"href":"https:\/\/serrafm879.com.br\/serrafm\/wp-json\/wp\/v2\/tags?post=20859"}],"curies":[{"name":"wp","href":"https:\/\/api.w.org\/{rel}","templated":true}]}}