{"id":20867,"date":"2025-02-20T19:01:14","date_gmt":"2025-02-20T22:01:14","guid":{"rendered":"https:\/?p=20867"},"modified":"2025-02-20T19:01:14","modified_gmt":"2025-02-20T22:01:14","slug":"raquel-lyra-assina-ordem-de-servico-para-construcao-de-38-creches","status":"publish","type":"post","link":"https:\/\/serrafm879.com.br\/serrafm\/2025\/02\/raquel-lyra-assina-ordem-de-servico-para-construcao-de-38-creches\/","title":{"rendered":"Raquel Lyra assina ordem de servi\u00e7o para constru\u00e7\u00e3o de 38 creches"},"content":{"rendered":"<div class=\"entry-thumbnail\"><span style=\"font-size: 1.1429rem;\">O Governo de Pernambuco assinou, nesta quarta-feira (19), a ordem de servi\u00e7o para dar in\u00edcio \u00e0 constru\u00e7\u00e3o das creches em todo o estado. Neste primeiro bloco, ser\u00e3o constru\u00eddas 38 creches em 30 munic\u00edpios, representando um investimento de R$ 185,6 milh\u00f5es. A iniciativa faz parte do Juntos pela Educa\u00e7\u00e3o e \u00e9 realizada pela Secretaria Estadual de Educa\u00e7\u00e3o em parceria com a Secretaria de Projetos Estrat\u00e9gicos (Sepe) e a Companhia Estadual de Habita\u00e7\u00e3o e Obras (Cehab), visando ampliar a oferta das redes p\u00fablicas de educa\u00e7\u00e3o infantil fortalecendo a educa\u00e7\u00e3o em Pernambuco.<\/span><\/div>\n<div class=\"entry-content-block\">\n<div class=\"entry-content\">\n<p>\u201cNosso compromisso \u00e9 construir 250 creches em Pernambuco. N\u00f3s vamos entreg\u00e1-las mobiliadas para os munic\u00edpios e vamos pagar o primeiro ano de funcionamento delas at\u00e9 que venham recursos do governo federal. Isso s\u00f3 se fez pela confian\u00e7a dos prefeitos e prefeitas, que assinam com a gente um conv\u00eanio, que acreditam na nossa proposta de fazer a diferen\u00e7a em Pernambuco, garantindo \u00e0s crian\u00e7as na escola desde cedo\u201d, afirmou a governadora Raquel Lyra.<\/p>\n<p>Ao todo, ser\u00e3o ofertadas 10 mil novas vagas para crian\u00e7as com idade a partir dos 4 meses at\u00e9 os 5 anos e 11 meses. Os novos centros de educa\u00e7\u00e3o infantil ser\u00e3o totalmente acess\u00edveis e modernos, com espa\u00e7os projetados para oferecer a melhor estrutura de aprendizado desde os primeiros anos de vida. Cada unidade contar\u00e1 com 10 salas de aula, al\u00e9m de \u00e1reas administrativa, educacional, de servi\u00e7o e lazer, todas interligadas por um grande p\u00e1tio central que servir\u00e1 tamb\u00e9m como refeit\u00f3rio.<\/p>\n<p>O secret\u00e1rio de Educa\u00e7\u00e3o, Gilson Monteiro, destacou a import\u00e2ncia da integra\u00e7\u00e3o entre as secretarias para a execu\u00e7\u00e3o do projeto. \u201cA gente vem construindo, de forma muito conjunta e colaborativa, um processo que vai beneficiar toda a comunidade escolar e todos os munic\u00edpios. Eu n\u00e3o poderia deixar, sob a lideran\u00e7a da governadora, de saudar todas as secretarias envolvidas nesse processo, que fizeram acontecer um momento grandioso e de muita satisfa\u00e7\u00e3o. Ent\u00e3o, o Governo de Pernambuco est\u00e1 integrado para realizar um momento t\u00e3o forte e t\u00e3o significativo para todos n\u00f3s\u201d, afirmou.<\/p>\n<p>A fim de proporcionar um ambiente adequado para o desenvolvimento infantil, os espa\u00e7os ainda ir\u00e3o contar com \u00e1reas verdes para a integra\u00e7\u00e3o das crian\u00e7as com a natureza, al\u00e9m de trazer o uso de energia renov\u00e1vel e de propostas da reutiliza\u00e7\u00e3o de \u00e1gua, refor\u00e7ando o compromisso com a sustentabilidade. Os terrenos onde as creches ser\u00e3o constru\u00eddas possuem dimens\u00f5es de 60x40m e uma \u00e1rea constru\u00edda de 1.410,07 m\u00b2<\/p>\n<p>\u201cPernambuco tem um \u00edndice de cobertura na primeira inf\u00e2ncia muito aqu\u00e9m, quando comparado com outros estados. A governadora prioriza a pauta e prev\u00ea, no seu plano de Governo, executar 250 creches em todo o Estado. Tivemos uma primeira licita\u00e7\u00e3o, com 51 unidades, que agora j\u00e1 est\u00e1 indo para a ordem de servi\u00e7o, e temos outro edital publicado, com mais 52 unidades. Essa \u00e9 uma pauta important\u00edssima, porque, al\u00e9m de melhorar o \u00edndice de cobertura, garante dignidade \u00e0s mulheres, que poder\u00e3o deixar suas crian\u00e7as em instala\u00e7\u00f5es seguras\u201d, afirmou o secret\u00e1rio de Projetos Estrat\u00e9gicos, Rodrigo Ribeiro.<\/p>\n<\/div>\n<p>Fonte: portal.educa\u00e7\u00e3o.pe.gov.br<\/p>\n<div class=\"entry-content\">\n<div class=\"kb-gallery-wrap-id-12928_a96f06-c5 alignnone wp-block-kadence-advancedgallery\">\n<div class=\"kb-gallery-ul kb-gallery-non-static kb-gallery-type-fluidcarousel kb-gallery-id-12928_a96f06-c5 kb-gallery-caption-style-bottom-hover kb-gallery-filter-none\" data-image-filter=\"none\" data-lightbox-caption=\"true\">\n<div class=\"kt-blocks-carousel kt-carousel-container-dotstyle-dark\">\n<div id=\"splide02\" class=\"kt-blocks-carousel-init kb-blocks-fluid-carousel kt-carousel-arrowstyle-whiteondark kt-carousel-dotstyle-dark kb-splide splide splide-initialized splide-slider splide--loop splide--ltr splide--draggable is-active is-overflow is-initialized\" role=\"region\" data-slider-anim-speed=\"400\" data-slider-scroll=\"1\" data-slider-arrows=\"true\" data-slider-dots=\"true\" data-slider-hover-pause=\"false\" data-slider-auto=\"\" data-slider-speed=\"7000\" data-slider-type=\"fluidcarousel\" data-slider-center-mode=\"true\" data-slider-gap=\"10px\" data-slider-gap-tablet=\"10px\" data-slider-gap-mobile=\"10px\" aria-roledescription=\"carousel\">\n<div class=\"splide__arrows splide__arrows--ltr\"><\/div>\n<div id=\"splide02-track\" class=\"splide__track splide__track--loop splide__track--ltr splide__track--draggable\" aria-live=\"polite\" aria-atomic=\"true\">\n<div id=\"splide02-list\" class=\"splide__list\" role=\"presentation\">\n<div id=\"splide02-clone01\" class=\"kb-slide-item kb-gallery-carousel-item splide__slide splide__slide--clone is-active\" role=\"tabpanel\" aria-roledescription=\"slide\" aria-label=\"1 of 4\" aria-hidden=\"true\">\n<div class=\"kadence-blocks-gallery-item\">\n<div class=\"kadence-blocks-gallery-item-inner\">\n<figure class=\"kb-gallery-figure kadence-blocks-gallery-item-hide-caption\">\n<div class=\"kb-gal-image-radius\">\n<div class=\"kb-gallery-image-contain\"><\/div>\n<\/div>\n<\/figure>\n<\/div>\n<\/div>\n<\/div>\n<div id=\"splide02-clone02\" class=\"kb-slide-item kb-gallery-carousel-item splide__slide splide__slide--clone\" role=\"tabpanel\" aria-roledescription=\"slide\" aria-label=\"2 of 4\" aria-hidden=\"true\">\n<div class=\"kadence-blocks-gallery-item\">\n<div class=\"kadence-blocks-gallery-item-inner\">\n<figure class=\"kb-gallery-figure kadence-blocks-gallery-item-hide-caption\">\n<div class=\"kb-gal-image-radius\">\n<div class=\"kb-gallery-image-contain\"><\/div>\n<\/div>\n<\/figure>\n<\/div>\n<\/div>\n<\/div>\n<div id=\"splide02-clone03\" class=\"kb-slide-item kb-gallery-carousel-item splide__slide splide__slide--clone\" role=\"tabpanel\" aria-roledescription=\"slide\" aria-label=\"3 of 4\" aria-hidden=\"true\">\n<div class=\"kadence-blocks-gallery-item\">\n<div class=\"kadence-blocks-gallery-item-inner\">\n<figure class=\"kb-gallery-figure kadence-blocks-gallery-item-hide-caption\">\n<div class=\"kb-gal-image-radius\">\n<div class=\"kb-gallery-image-contain\"><\/div>\n<\/div>\n<\/figure>\n<\/div>\n<\/div>\n<\/div>\n<div id=\"splide02-clone04\" class=\"kb-slide-item kb-gallery-carousel-item splide__slide splide__slide--clone is-prev\" role=\"tabpanel\" aria-roledescription=\"slide\" aria-label=\"4 of 4\" aria-hidden=\"true\">\n<div class=\"kadence-blocks-gallery-item\">\n<div class=\"kadence-blocks-gallery-item-inner\">\n<figure class=\"kb-gallery-figure kadence-blocks-gallery-item-hide-caption\">\n<div class=\"kb-gal-image-radius\">\n<div class=\"kb-gallery-image-contain\"><\/div>\n<\/div>\n<\/figure>\n<\/div>\n<\/div>\n<\/div>\n<div id=\"splide02-slide01\" class=\"kb-slide-item kb-gallery-carousel-item splide__slide is-active is-visible\" role=\"tabpanel\" aria-roledescription=\"slide\" aria-label=\"1 of 4\">\n<div class=\"kadence-blocks-gallery-item\">\n<div class=\"kadence-blocks-gallery-item-inner\">\n<figure class=\"kb-gallery-figure kadence-blocks-gallery-item-hide-caption\">\n<div class=\"kb-gal-image-radius\">\n<div class=\"kb-gallery-image-contain\"><\/div>\n<\/div>\n<\/figure>\n<\/div>\n<\/div>\n<\/div>\n<div id=\"splide02-slide02\" class=\"kb-slide-item kb-gallery-carousel-item splide__slide is-next\" role=\"tabpanel\" aria-roledescription=\"slide\" aria-label=\"2 of 4\" aria-hidden=\"true\">\n<div class=\"kadence-blocks-gallery-item\">\n<div class=\"kadence-blocks-gallery-item-inner\">\n<figure class=\"kb-gallery-figure kadence-blocks-gallery-item-hide-caption\">\n<div class=\"kb-gal-image-radius\">\n<div class=\"kb-gallery-image-contain\"><\/div>\n<\/div>\n<\/figure>\n<\/div>\n<\/div>\n<\/div>\n<div id=\"splide02-slide03\" class=\"kb-slide-item kb-gallery-carousel-item splide__slide\" role=\"tabpanel\" aria-roledescription=\"slide\" aria-label=\"3 of 4\" aria-hidden=\"true\">\n<div class=\"kadence-blocks-gallery-item\">\n<div class=\"kadence-blocks-gallery-item-inner\">\n<figure class=\"kb-gallery-figure kadence-blocks-gallery-item-hide-caption\">\n<div class=\"kb-gal-image-radius\">\n<div class=\"kb-gallery-image-contain\"><\/div>\n<\/div>\n<\/figure>\n<\/div>\n<\/div>\n<\/div>\n<div id=\"splide02-slide04\" class=\"kb-slide-item kb-gallery-carousel-item splide__slide\" role=\"tabpanel\" aria-roledescription=\"slide\" aria-label=\"4 of 4\" aria-hidden=\"true\">\n<div class=\"kadence-blocks-gallery-item\">\n<div class=\"kadence-blocks-gallery-item-inner\">\n<figure class=\"kb-gallery-figure kadence-blocks-gallery-item-hide-caption\">\n<div class=\"kb-gal-image-radius\">\n<div class=\"kb-gallery-image-contain\"><\/div>\n<\/div>\n<\/figure>\n<\/div>\n<\/div>\n<\/div>\n<div id=\"splide02-clone05\" class=\"kb-slide-item kb-gallery-carousel-item splide__slide splide__slide--clone is-active\" role=\"tabpanel\" aria-roledescription=\"slide\" aria-label=\"1 of 4\" aria-hidden=\"true\">\n<div class=\"kadence-blocks-gallery-item\">\n<div class=\"kadence-blocks-gallery-item-inner\">\n<figure class=\"kb-gallery-figure kadence-blocks-gallery-item-hide-caption\">\n<div class=\"kb-gal-image-radius\">\n<div class=\"kb-gallery-image-contain\"><\/div>\n<\/div>\n<\/figure>\n<\/div>\n<\/div>\n<\/div>\n<div id=\"splide02-clone06\" class=\"kb-slide-item kb-gallery-carousel-item splide__slide splide__slide--clone\" role=\"tabpanel\" aria-roledescription=\"slide\" aria-label=\"2 of 4\" aria-hidden=\"true\">\n<div class=\"kadence-blocks-gallery-item\">\n<div class=\"kadence-blocks-gallery-item-inner\">\n<figure class=\"kb-gallery-figure kadence-blocks-gallery-item-hide-caption\">\n<div class=\"kb-gal-image-radius\">\n<div class=\"kb-gallery-image-contain\"><\/div>\n<\/div>\n<\/figure>\n<\/div>\n<\/div>\n<\/div>\n<div id=\"splide02-clone07\" class=\"kb-slide-item kb-gallery-carousel-item splide__slide splide__slide--clone\" role=\"tabpanel\" aria-roledescription=\"slide\" aria-label=\"3 of 4\" aria-hidden=\"true\">\n<div class=\"kadence-blocks-gallery-item\">\n<div class=\"kadence-blocks-gallery-item-inner\">\n<figure class=\"kb-gallery-figure kadence-blocks-gallery-item-hide-caption\">\n<div class=\"kb-gal-image-radius\">\n<div class=\"kb-gallery-image-contain\"><\/div>\n<\/div>\n<\/figure>\n<\/div>\n<\/div>\n<\/div>\n<div id=\"splide02-clone08\" class=\"kb-slide-item kb-gallery-carousel-item splide__slide splide__slide--clone\" role=\"tabpanel\" aria-roledescription=\"slide\" aria-label=\"4 of 4\" aria-hidden=\"true\">\n<div class=\"kadence-blocks-gallery-item\">\n<div class=\"kadence-blocks-gallery-item-inner\">\n<figure class=\"kb-gallery-figure kadence-blocks-gallery-item-hide-caption\">\n<div class=\"kb-gal-image-radius\">\n<div class=\"kb-gallery-image-contain\"><\/div>\n<\/div>\n<\/figure>\n<\/div>\n<\/div>\n<\/div>\n<\/div>\n<\/div>\n<\/div>\n<\/div>\n<\/div>\n<\/div>\n<\/div>\n<\/div>\n","protected":false},"excerpt":{"rendered":"<p>O Governo de Pernambuco assinou, nesta quarta-feira (19), a ordem de servi\u00e7o para dar in\u00edcio \u00e0 constru\u00e7\u00e3o das creches em todo o estado. Neste primeiro bloco, ser\u00e3o constru\u00eddas 38 creches em 30 munic\u00edpios, representando um investimento de R$ 185,6 milh\u00f5es. A iniciativa faz parte do Juntos pela Educa\u00e7\u00e3o e \u00e9 realizada pela Secretaria Estadual de Educa\u00e7\u00e3o em parceria com a Secretaria de Projetos Estrat\u00e9gicos (Sepe) e a Companhia Estadual de Habita\u00e7\u00e3o e Obras (Cehab), visando ampliar a oferta das redes p\u00fablicas de educa\u00e7\u00e3o infantil fortalecendo a educa\u00e7\u00e3o em Pernambuco. \u201cNosso compromisso \u00e9 construir 250 creches em Pernambuco. N\u00f3s vamos entreg\u00e1-las [&hellip;]<\/p>\n","protected":false},"author":2,"featured_media":20868,"comment_status":"open","ping_status":"open","sticky":false,"template":"","format":"standard","meta":{"_jetpack_newsletter_access":"","_jetpack_dont_email_post_to_subs":false,"_jetpack_newsletter_tier_id":0,"_jetpack_memberships_contains_paywalled_content":false,"_jetpack_feature_clip_id":0,"_jetpack_memberships_contains_paid_content":false,"footnotes":"","jetpack_publicize_message":"","jetpack_publicize_feature_enabled":true,"jetpack_social_post_already_shared":true,"jetpack_social_options":{"image_generator_settings":{"template":"highway","default_image_id":0,"font":"","enabled":false},"version":2},"jetpack_post_was_ever_published":false},"categories":[1],"tags":[],"class_list":["post-20867","post","type-post","status-publish","format-standard","has-post-thumbnail","hentry","category-uncategorized"],"aioseo_notices":[],"aioseo_head":"\n\t\t<!-- All in One SEO 4.9.10 - aioseo.com -->\n\t<meta name=\"description\" content=\"O Governo de Pernambuco assinou, nesta quarta-feira (19), a ordem de servi\u00e7o para dar in\u00edcio \u00e0 constru\u00e7\u00e3o das creches em todo o estado. Neste primeiro bloco, ser\u00e3o constru\u00eddas 38 creches em 30 munic\u00edpios, representando um investimento de R$ 185,6 milh\u00f5es. A iniciativa faz parte do Juntos pela Educa\u00e7\u00e3o e \u00e9 realizada pela Secretaria Estadual de\" \/>\n\t<meta name=\"robots\" content=\"max-image-preview:large\" \/>\n\t<meta name=\"author\" content=\"serrafm87\"\/>\n\t<link rel=\"canonical\" href=\"https:\/\/serrafm879.com.br\/serrafm\/2025\/02\/raquel-lyra-assina-ordem-de-servico-para-construcao-de-38-creches\/\" \/>\n\t<meta name=\"generator\" content=\"All in One SEO (AIOSEO) 4.9.10\" \/>\n\t\t<meta name=\"twitter:card\" content=\"summary_large_image\" \/>\n\t\t<meta name=\"twitter:title\" content=\"Raquel Lyra assina ordem de servi\u00e7o para constru\u00e7\u00e3o de 38 creches - Serra FM 87,9\" \/>\n\t\t<meta name=\"twitter:description\" content=\"O Governo de Pernambuco assinou, nesta quarta-feira (19), a ordem de servi\u00e7o para dar in\u00edcio \u00e0 constru\u00e7\u00e3o das creches em todo o estado. Neste primeiro bloco, ser\u00e3o constru\u00eddas 38 creches em 30 munic\u00edpios, representando um investimento de R$ 185,6 milh\u00f5es. A iniciativa faz parte do Juntos pela Educa\u00e7\u00e3o e \u00e9 realizada pela Secretaria Estadual de\" \/>\n\t\t<meta name=\"twitter:image\" content=\"https:\/\/serrafm879.com.br\/serrafm\/wp-content\/uploads\/2025\/02\/WhatsApp-Image-2025-02-19-at-17.17.56-1536x1023-1.jpeg\" \/>\n\t\t<script type=\"application\/ld+json\" class=\"aioseo-schema\">\n\t\t\t{\"@context\":\"https:\\\/\\\/schema.org\",\"@graph\":[{\"@type\":\"BlogPosting\",\"@id\":\"https:\\\/\\\/serrafm879.com.br\\\/serrafm\\\/2025\\\/02\\\/raquel-lyra-assina-ordem-de-servico-para-construcao-de-38-creches\\\/#blogposting\",\"name\":\"Raquel Lyra assina ordem de servi\\u00e7o para constru\\u00e7\\u00e3o de 38 creches - Serra FM 87,9\",\"headline\":\"Raquel Lyra assina ordem de servi\\u00e7o para constru\\u00e7\\u00e3o de 38 creches\",\"author\":{\"@id\":\"https:\\\/\\\/serrafm879.com.br\\\/serrafm\\\/author\\\/serrafm87\\\/#author\"},\"publisher\":{\"@id\":\"https:\\\/\\\/serrafm879.com.br\\\/serrafm\\\/#organization\"},\"image\":{\"@type\":\"ImageObject\",\"url\":\"https:\\\/\\\/serrafm879.com.br\\\/serrafm\\\/wp-content\\\/uploads\\\/2025\\\/02\\\/WhatsApp-Image-2025-02-19-at-17.17.56-1536x1023-1.jpeg\",\"width\":1536,\"height\":1023},\"datePublished\":\"2025-02-20T19:01:14-03:00\",\"dateModified\":\"2025-02-20T19:01:14-03:00\",\"inLanguage\":\"pt-BR\",\"mainEntityOfPage\":{\"@id\":\"https:\\\/\\\/serrafm879.com.br\\\/serrafm\\\/2025\\\/02\\\/raquel-lyra-assina-ordem-de-servico-para-construcao-de-38-creches\\\/#webpage\"},\"isPartOf\":{\"@id\":\"https:\\\/\\\/serrafm879.com.br\\\/serrafm\\\/2025\\\/02\\\/raquel-lyra-assina-ordem-de-servico-para-construcao-de-38-creches\\\/#webpage\"},\"articleSection\":\"Uncategorized\"},{\"@type\":\"BreadcrumbList\",\"@id\":\"https:\\\/\\\/serrafm879.com.br\\\/serrafm\\\/2025\\\/02\\\/raquel-lyra-assina-ordem-de-servico-para-construcao-de-38-creches\\\/#breadcrumblist\",\"itemListElement\":[{\"@type\":\"ListItem\",\"@id\":\"https:\\\/\\\/serrafm879.com.br\\\/serrafm#listItem\",\"position\":1,\"name\":\"Home\",\"item\":\"https:\\\/\\\/serrafm879.com.br\\\/serrafm\",\"nextItem\":{\"@type\":\"ListItem\",\"@id\":\"https:\\\/\\\/serrafm879.com.br\\\/serrafm\\\/categoria\\\/uncategorized\\\/#listItem\",\"name\":\"Uncategorized\"}},{\"@type\":\"ListItem\",\"@id\":\"https:\\\/\\\/serrafm879.com.br\\\/serrafm\\\/categoria\\\/uncategorized\\\/#listItem\",\"position\":2,\"name\":\"Uncategorized\",\"item\":\"https:\\\/\\\/serrafm879.com.br\\\/serrafm\\\/categoria\\\/uncategorized\\\/\",\"nextItem\":{\"@type\":\"ListItem\",\"@id\":\"https:\\\/\\\/serrafm879.com.br\\\/serrafm\\\/2025\\\/02\\\/raquel-lyra-assina-ordem-de-servico-para-construcao-de-38-creches\\\/#listItem\",\"name\":\"Raquel Lyra assina ordem de servi\\u00e7o para constru\\u00e7\\u00e3o de 38 creches\"},\"previousItem\":{\"@type\":\"ListItem\",\"@id\":\"https:\\\/\\\/serrafm879.com.br\\\/serrafm#listItem\",\"name\":\"Home\"}},{\"@type\":\"ListItem\",\"@id\":\"https:\\\/\\\/serrafm879.com.br\\\/serrafm\\\/2025\\\/02\\\/raquel-lyra-assina-ordem-de-servico-para-construcao-de-38-creches\\\/#listItem\",\"position\":3,\"name\":\"Raquel Lyra assina ordem de servi\\u00e7o para constru\\u00e7\\u00e3o de 38 creches\",\"previousItem\":{\"@type\":\"ListItem\",\"@id\":\"https:\\\/\\\/serrafm879.com.br\\\/serrafm\\\/categoria\\\/uncategorized\\\/#listItem\",\"name\":\"Uncategorized\"}}]},{\"@type\":\"Organization\",\"@id\":\"https:\\\/\\\/serrafm879.com.br\\\/serrafm\\\/#organization\",\"name\":\"Serra FM 87,9\",\"description\":\"O seu novo amor!\",\"url\":\"https:\\\/\\\/serrafm879.com.br\\\/serrafm\\\/\"},{\"@type\":\"Person\",\"@id\":\"https:\\\/\\\/serrafm879.com.br\\\/serrafm\\\/author\\\/serrafm87\\\/#author\",\"url\":\"https:\\\/\\\/serrafm879.com.br\\\/serrafm\\\/author\\\/serrafm87\\\/\",\"name\":\"serrafm87\",\"image\":{\"@type\":\"ImageObject\",\"@id\":\"https:\\\/\\\/serrafm879.com.br\\\/serrafm\\\/2025\\\/02\\\/raquel-lyra-assina-ordem-de-servico-para-construcao-de-38-creches\\\/#authorImage\",\"url\":\"https:\\\/\\\/secure.gravatar.com\\\/avatar\\\/a743233f1112d34f48bb3dc9559b76eb930bab8b27175856cba6362608736235?s=96&d=mm&r=g\",\"width\":96,\"height\":96,\"caption\":\"serrafm87\"}},{\"@type\":\"WebPage\",\"@id\":\"https:\\\/\\\/serrafm879.com.br\\\/serrafm\\\/2025\\\/02\\\/raquel-lyra-assina-ordem-de-servico-para-construcao-de-38-creches\\\/#webpage\",\"url\":\"https:\\\/\\\/serrafm879.com.br\\\/serrafm\\\/2025\\\/02\\\/raquel-lyra-assina-ordem-de-servico-para-construcao-de-38-creches\\\/\",\"name\":\"Raquel Lyra assina ordem de servi\\u00e7o para constru\\u00e7\\u00e3o de 38 creches - Serra FM 87,9\",\"description\":\"O Governo de Pernambuco assinou, nesta quarta-feira (19), a ordem de servi\\u00e7o para dar in\\u00edcio \\u00e0 constru\\u00e7\\u00e3o das creches em todo o estado. Neste primeiro bloco, ser\\u00e3o constru\\u00eddas 38 creches em 30 munic\\u00edpios, representando um investimento de R$ 185,6 milh\\u00f5es. A iniciativa faz parte do Juntos pela Educa\\u00e7\\u00e3o e \\u00e9 realizada pela Secretaria Estadual de\",\"inLanguage\":\"pt-BR\",\"isPartOf\":{\"@id\":\"https:\\\/\\\/serrafm879.com.br\\\/serrafm\\\/#website\"},\"breadcrumb\":{\"@id\":\"https:\\\/\\\/serrafm879.com.br\\\/serrafm\\\/2025\\\/02\\\/raquel-lyra-assina-ordem-de-servico-para-construcao-de-38-creches\\\/#breadcrumblist\"},\"author\":{\"@id\":\"https:\\\/\\\/serrafm879.com.br\\\/serrafm\\\/author\\\/serrafm87\\\/#author\"},\"creator\":{\"@id\":\"https:\\\/\\\/serrafm879.com.br\\\/serrafm\\\/author\\\/serrafm87\\\/#author\"},\"image\":{\"@type\":\"ImageObject\",\"url\":\"https:\\\/\\\/serrafm879.com.br\\\/serrafm\\\/wp-content\\\/uploads\\\/2025\\\/02\\\/WhatsApp-Image-2025-02-19-at-17.17.56-1536x1023-1.jpeg\",\"@id\":\"https:\\\/\\\/serrafm879.com.br\\\/serrafm\\\/2025\\\/02\\\/raquel-lyra-assina-ordem-de-servico-para-construcao-de-38-creches\\\/#mainImage\",\"width\":1536,\"height\":1023},\"primaryImageOfPage\":{\"@id\":\"https:\\\/\\\/serrafm879.com.br\\\/serrafm\\\/2025\\\/02\\\/raquel-lyra-assina-ordem-de-servico-para-construcao-de-38-creches\\\/#mainImage\"},\"datePublished\":\"2025-02-20T19:01:14-03:00\",\"dateModified\":\"2025-02-20T19:01:14-03:00\"},{\"@type\":\"WebSite\",\"@id\":\"https:\\\/\\\/serrafm879.com.br\\\/serrafm\\\/#website\",\"url\":\"https:\\\/\\\/serrafm879.com.br\\\/serrafm\\\/\",\"name\":\"Serra FM 87,9\",\"description\":\"O seu novo amor!\",\"inLanguage\":\"pt-BR\",\"publisher\":{\"@id\":\"https:\\\/\\\/serrafm879.com.br\\\/serrafm\\\/#organization\"}}]}\n\t\t<\/script>\n\t\t<!-- All in One SEO -->\n\n","aioseo_head_json":{"title":"Raquel Lyra assina ordem de servi\u00e7o para constru\u00e7\u00e3o de 38 creches - Serra FM 87,9","description":"O Governo de Pernambuco assinou, nesta quarta-feira (19), a ordem de servi\u00e7o para dar in\u00edcio \u00e0 constru\u00e7\u00e3o das creches em todo o estado. Neste primeiro bloco, ser\u00e3o constru\u00eddas 38 creches em 30 munic\u00edpios, representando um investimento de R$ 185,6 milh\u00f5es. A iniciativa faz parte do Juntos pela Educa\u00e7\u00e3o e \u00e9 realizada pela Secretaria Estadual de","canonical_url":"https:\/\/serrafm879.com.br\/serrafm\/2025\/02\/raquel-lyra-assina-ordem-de-servico-para-construcao-de-38-creches\/","robots":"max-image-preview:large","keywords":"","webmasterTools":{"miscellaneous":""},"schema":{"@context":"https:\/\/schema.org","@graph":[{"@type":"BlogPosting","@id":"https:\/\/serrafm879.com.br\/serrafm\/2025\/02\/raquel-lyra-assina-ordem-de-servico-para-construcao-de-38-creches\/#blogposting","name":"Raquel Lyra assina ordem de servi\u00e7o para constru\u00e7\u00e3o de 38 creches - Serra FM 87,9","headline":"Raquel Lyra assina ordem de servi\u00e7o para constru\u00e7\u00e3o de 38 creches","author":{"@id":"https:\/\/serrafm879.com.br\/serrafm\/author\/serrafm87\/#author"},"publisher":{"@id":"https:\/\/serrafm879.com.br\/serrafm\/#organization"},"image":{"@type":"ImageObject","url":"https:\/\/serrafm879.com.br\/serrafm\/wp-content\/uploads\/2025\/02\/WhatsApp-Image-2025-02-19-at-17.17.56-1536x1023-1.jpeg","width":1536,"height":1023},"datePublished":"2025-02-20T19:01:14-03:00","dateModified":"2025-02-20T19:01:14-03:00","inLanguage":"pt-BR","mainEntityOfPage":{"@id":"https:\/\/serrafm879.com.br\/serrafm\/2025\/02\/raquel-lyra-assina-ordem-de-servico-para-construcao-de-38-creches\/#webpage"},"isPartOf":{"@id":"https:\/\/serrafm879.com.br\/serrafm\/2025\/02\/raquel-lyra-assina-ordem-de-servico-para-construcao-de-38-creches\/#webpage"},"articleSection":"Uncategorized"},{"@type":"BreadcrumbList","@id":"https:\/\/serrafm879.com.br\/serrafm\/2025\/02\/raquel-lyra-assina-ordem-de-servico-para-construcao-de-38-creches\/#breadcrumblist","itemListElement":[{"@type":"ListItem","@id":"https:\/\/serrafm879.com.br\/serrafm#listItem","position":1,"name":"Home","item":"https:\/\/serrafm879.com.br\/serrafm","nextItem":{"@type":"ListItem","@id":"https:\/\/serrafm879.com.br\/serrafm\/categoria\/uncategorized\/#listItem","name":"Uncategorized"}},{"@type":"ListItem","@id":"https:\/\/serrafm879.com.br\/serrafm\/categoria\/uncategorized\/#listItem","position":2,"name":"Uncategorized","item":"https:\/\/serrafm879.com.br\/serrafm\/categoria\/uncategorized\/","nextItem":{"@type":"ListItem","@id":"https:\/\/serrafm879.com.br\/serrafm\/2025\/02\/raquel-lyra-assina-ordem-de-servico-para-construcao-de-38-creches\/#listItem","name":"Raquel Lyra assina ordem de servi\u00e7o para constru\u00e7\u00e3o de 38 creches"},"previousItem":{"@type":"ListItem","@id":"https:\/\/serrafm879.com.br\/serrafm#listItem","name":"Home"}},{"@type":"ListItem","@id":"https:\/\/serrafm879.com.br\/serrafm\/2025\/02\/raquel-lyra-assina-ordem-de-servico-para-construcao-de-38-creches\/#listItem","position":3,"name":"Raquel Lyra assina ordem de servi\u00e7o para constru\u00e7\u00e3o de 38 creches","previousItem":{"@type":"ListItem","@id":"https:\/\/serrafm879.com.br\/serrafm\/categoria\/uncategorized\/#listItem","name":"Uncategorized"}}]},{"@type":"Organization","@id":"https:\/\/serrafm879.com.br\/serrafm\/#organization","name":"Serra FM 87,9","description":"O seu novo amor!","url":"https:\/\/serrafm879.com.br\/serrafm\/"},{"@type":"Person","@id":"https:\/\/serrafm879.com.br\/serrafm\/author\/serrafm87\/#author","url":"https:\/\/serrafm879.com.br\/serrafm\/author\/serrafm87\/","name":"serrafm87","image":{"@type":"ImageObject","@id":"https:\/\/serrafm879.com.br\/serrafm\/2025\/02\/raquel-lyra-assina-ordem-de-servico-para-construcao-de-38-creches\/#authorImage","url":"https:\/\/secure.gravatar.com\/avatar\/a743233f1112d34f48bb3dc9559b76eb930bab8b27175856cba6362608736235?s=96&d=mm&r=g","width":96,"height":96,"caption":"serrafm87"}},{"@type":"WebPage","@id":"https:\/\/serrafm879.com.br\/serrafm\/2025\/02\/raquel-lyra-assina-ordem-de-servico-para-construcao-de-38-creches\/#webpage","url":"https:\/\/serrafm879.com.br\/serrafm\/2025\/02\/raquel-lyra-assina-ordem-de-servico-para-construcao-de-38-creches\/","name":"Raquel Lyra assina ordem de servi\u00e7o para constru\u00e7\u00e3o de 38 creches - Serra FM 87,9","description":"O Governo de Pernambuco assinou, nesta quarta-feira (19), a ordem de servi\u00e7o para dar in\u00edcio \u00e0 constru\u00e7\u00e3o das creches em todo o estado. Neste primeiro bloco, ser\u00e3o constru\u00eddas 38 creches em 30 munic\u00edpios, representando um investimento de R$ 185,6 milh\u00f5es. A iniciativa faz parte do Juntos pela Educa\u00e7\u00e3o e \u00e9 realizada pela Secretaria Estadual de","inLanguage":"pt-BR","isPartOf":{"@id":"https:\/\/serrafm879.com.br\/serrafm\/#website"},"breadcrumb":{"@id":"https:\/\/serrafm879.com.br\/serrafm\/2025\/02\/raquel-lyra-assina-ordem-de-servico-para-construcao-de-38-creches\/#breadcrumblist"},"author":{"@id":"https:\/\/serrafm879.com.br\/serrafm\/author\/serrafm87\/#author"},"creator":{"@id":"https:\/\/serrafm879.com.br\/serrafm\/author\/serrafm87\/#author"},"image":{"@type":"ImageObject","url":"https:\/\/serrafm879.com.br\/serrafm\/wp-content\/uploads\/2025\/02\/WhatsApp-Image-2025-02-19-at-17.17.56-1536x1023-1.jpeg","@id":"https:\/\/serrafm879.com.br\/serrafm\/2025\/02\/raquel-lyra-assina-ordem-de-servico-para-construcao-de-38-creches\/#mainImage","width":1536,"height":1023},"primaryImageOfPage":{"@id":"https:\/\/serrafm879.com.br\/serrafm\/2025\/02\/raquel-lyra-assina-ordem-de-servico-para-construcao-de-38-creches\/#mainImage"},"datePublished":"2025-02-20T19:01:14-03:00","dateModified":"2025-02-20T19:01:14-03:00"},{"@type":"WebSite","@id":"https:\/\/serrafm879.com.br\/serrafm\/#website","url":"https:\/\/serrafm879.com.br\/serrafm\/","name":"Serra FM 87,9","description":"O seu novo amor!","inLanguage":"pt-BR","publisher":{"@id":"https:\/\/serrafm879.com.br\/serrafm\/#organization"}}]},"twitter:card":"summary_large_image","twitter:title":"Raquel Lyra assina ordem de servi\u00e7o para constru\u00e7\u00e3o de 38 creches - Serra FM 87,9","twitter:description":"O Governo de Pernambuco assinou, nesta quarta-feira (19), a ordem de servi\u00e7o para dar in\u00edcio \u00e0 constru\u00e7\u00e3o das creches em todo o estado. Neste primeiro bloco, ser\u00e3o constru\u00eddas 38 creches em 30 munic\u00edpios, representando um investimento de R$ 185,6 milh\u00f5es. A iniciativa faz parte do Juntos pela Educa\u00e7\u00e3o e \u00e9 realizada pela Secretaria Estadual de","twitter:image":"https:\/\/serrafm879.com.br\/serrafm\/wp-content\/uploads\/2025\/02\/WhatsApp-Image-2025-02-19-at-17.17.56-1536x1023-1.jpeg"},"aioseo_meta_data":{"post_id":"20867","title":null,"description":null,"keywords":null,"keyphrases":null,"primary_term":null,"canonical_url":null,"og_title":null,"og_description":null,"og_object_type":"default","og_image_type":"default","og_image_custom_url":null,"og_image_custom_fields":null,"og_image_url":null,"og_image_width":null,"og_image_height":null,"og_video":null,"og_custom_url":null,"og_article_section":null,"og_article_tags":null,"twitter_use_og":false,"twitter_card":"default","twitter_image_type":"default","twitter_image_custom_url":null,"twitter_image_custom_fields":null,"twitter_image_url":null,"twitter_title":null,"twitter_description":null,"schema_type":"default","schema_type_options":null,"schema":{"blockGraphs":[],"customGraphs":[],"default":{"data":{"Article":[],"Course":[],"Dataset":[],"FAQPage":[],"Movie":[],"Person":[],"Product":[],"ProductReview":[],"Car":[],"Recipe":[],"Service":[],"SoftwareApplication":[],"WebPage":[]},"graphName":"","isEnabled":true},"graphs":[]},"pillar_content":false,"robots_default":true,"robots_noindex":false,"robots_noarchive":false,"robots_nosnippet":false,"robots_nofollow":false,"robots_noimageindex":false,"robots_noodp":false,"robots_notranslate":false,"robots_max_snippet":null,"robots_max_videopreview":null,"robots_max_imagepreview":"large","priority":null,"frequency":null,"local_seo":null,"limit_modified_date":false,"ai":null,"breadcrumb_settings":null,"seo_analyzer_scan_date":null,"created":"2026-07-21 13:54:57","updated":"2026-07-21 13:54:57"},"aioseo_breadcrumb":"<div class=\"aioseo-breadcrumbs\"><span class=\"aioseo-breadcrumb\">\n\t\t\t<a href=\"https:\/\/serrafm879.com.br\/serrafm\" title=\"Home\">Home<\/a>\n\t\t<\/span><span class=\"aioseo-breadcrumb-separator\">&raquo;<\/span><span class=\"aioseo-breadcrumb\">\n\t\t\t<a href=\"https:\/\/serrafm879.com.br\/serrafm\/categoria\/uncategorized\/\" title=\"Uncategorized\">Uncategorized<\/a>\n\t\t<\/span><span class=\"aioseo-breadcrumb-separator\">&raquo;<\/span><span class=\"aioseo-breadcrumb\">\n\t\t\tRaquel Lyra assina ordem de servi\u00e7o para constru\u00e7\u00e3o de 38 creches\n\t\t<\/span><\/div>","aioseo_breadcrumb_json":[{"label":"Home","link":"https:\/\/serrafm879.com.br\/serrafm"},{"label":"Uncategorized","link":"https:\/\/serrafm879.com.br\/serrafm\/categoria\/uncategorized\/"},{"label":"Raquel Lyra assina ordem de servi\u00e7o para constru\u00e7\u00e3o de 38 creches","link":"https:\/\/serrafm879.com.br\/serrafm\/2025\/02\/raquel-lyra-assina-ordem-de-servico-para-construcao-de-38-creches\/"}],"jetpack_publicize_connections":[],"jetpack_featured_media_url":"https:\/\/serrafm879.com.br\/serrafm\/wp-content\/uploads\/2025\/02\/WhatsApp-Image-2025-02-19-at-17.17.56-1536x1023-1.jpeg","jetpack_shortlink":"https:\/\/wp.me\/p7HyXg-5qz","jetpack_sharing_enabled":true,"_links":{"self":[{"href":"https:\/\/serrafm879.com.br\/serrafm\/wp-json\/wp\/v2\/posts\/20867","targetHints":{"allow":["GET"]}}],"collection":[{"href":"https:\/\/serrafm879.com.br\/serrafm\/wp-json\/wp\/v2\/posts"}],"about":[{"href":"https:\/\/serrafm879.com.br\/serrafm\/wp-json\/wp\/v2\/types\/post"}],"author":[{"embeddable":true,"href":"https:\/\/serrafm879.com.br\/serrafm\/wp-json\/wp\/v2\/users\/2"}],"replies":[{"embeddable":true,"href":"https:\/\/serrafm879.com.br\/serrafm\/wp-json\/wp\/v2\/comments?post=20867"}],"version-history":[{"count":1,"href":"https:\/\/serrafm879.com.br\/serrafm\/wp-json\/wp\/v2\/posts\/20867\/revisions"}],"predecessor-version":[{"id":20869,"href":"https:\/\/serrafm879.com.br\/serrafm\/wp-json\/wp\/v2\/posts\/20867\/revisions\/20869"}],"wp:featuredmedia":[{"embeddable":true,"href":"https:\/\/serrafm879.com.br\/serrafm\/wp-json\/wp\/v2\/media\/20868"}],"wp:attachment":[{"href":"https:\/\/serrafm879.com.br\/serrafm\/wp-json\/wp\/v2\/media?parent=20867"}],"wp:term":[{"taxonomy":"category","embeddable":true,"href":"https:\/\/serrafm879.com.br\/serrafm\/wp-json\/wp\/v2\/categories?post=20867"},{"taxonomy":"post_tag","embeddable":true,"href":"https:\/\/serrafm879.com.br\/serrafm\/wp-json\/wp\/v2\/tags?post=20867"}],"curies":[{"name":"wp","href":"https:\/\/api.w.org\/{rel}","templated":true}]}}