{"id":20873,"date":"2025-02-21T09:50:50","date_gmt":"2025-02-21T12:50:50","guid":{"rendered":"https:\/?p=20873"},"modified":"2025-02-21T09:50:50","modified_gmt":"2025-02-21T12:50:50","slug":"assalto-a-mao-armada-em-estabelecimento-de-afogados-da-ingazeira-e-registrado-nesta-5a","status":"publish","type":"post","link":"https:\/\/serrafm879.com.br\/serrafm\/2025\/02\/assalto-a-mao-armada-em-estabelecimento-de-afogados-da-ingazeira-e-registrado-nesta-5a\/","title":{"rendered":"Assalto a m\u00e3o armada em estabelecimento de Afogados da Ingazeira \u00e9 registrado nesta 5\u00aa"},"content":{"rendered":"<p>O efetivo do 23\u00b0BPM, durante patrulhamento, foi acionado pela Central de Opera\u00e7\u00f5es, para atender uma ocorr\u00eancia de r0ubo em um estabelecimento comercial (sacol\u00e3o) no bairro Sobreira, em Afogados da Ingazeira.<\/p>\n<p>No local, a v\u00edtima 01, informou que o imputado e outro homem desconhecido, chegaram ao estabelecimento e pediram cigarro, logo em seguida anunciaram o assaalto. O indiv\u00edduo n\u00e3o identificado fez men\u00e7\u00e3o de estar com uma arma na cintura e mandou a v\u00edtima deitar no ch\u00e3o. O imputado, que foi identificado pela v\u00edtima, quebrou a gaveta do caixa e subtraiu um valor de aproximadamente R$ 500,00 (quinhentos reais).<\/p>\n<p>Uma segunda v\u00edtima, estava sentada em um sof\u00e1 e os imputados a mandaram baixar a cabe\u00e7a, tomando seu aparelho celular de marca Samsung, modelo m13.<\/p>\n<p>Os envolvidos se evadiram a p\u00e9. Foram feitas dilig\u00eancias no intuito de localizar os imputados, por\u00e9m sem \u00eaxito.<\/p>\n<p>Diante dos fatos, a ocorr\u00eancia foi encaminhada \u00e0 Delegacia de Pol\u00edcia local.<\/p>\n","protected":false},"excerpt":{"rendered":"<p>O efetivo do 23\u00b0BPM, durante patrulhamento, foi acionado pela Central de Opera\u00e7\u00f5es, para atender uma ocorr\u00eancia de r0ubo em um estabelecimento comercial (sacol\u00e3o) no bairro Sobreira, em Afogados da Ingazeira. No local, a v\u00edtima 01, informou que o imputado e outro homem desconhecido, chegaram ao estabelecimento e pediram cigarro, logo em seguida anunciaram o assaalto. O indiv\u00edduo n\u00e3o identificado fez men\u00e7\u00e3o de estar com uma arma na cintura e mandou a v\u00edtima deitar no ch\u00e3o. O imputado, que foi identificado pela v\u00edtima, quebrou a gaveta do caixa e subtraiu um valor de aproximadamente R$ 500,00 (quinhentos reais). Uma segunda v\u00edtima, [&hellip;]<\/p>\n","protected":false},"author":2,"featured_media":2108,"comment_status":"open","ping_status":"open","sticky":false,"template":"","format":"standard","meta":{"_jetpack_newsletter_access":"","_jetpack_dont_email_post_to_subs":false,"_jetpack_newsletter_tier_id":0,"_jetpack_memberships_contains_paywalled_content":false,"_jetpack_feature_clip_id":0,"_jetpack_memberships_contains_paid_content":false,"footnotes":"","jetpack_publicize_message":"","jetpack_publicize_feature_enabled":true,"jetpack_social_post_already_shared":true,"jetpack_social_options":{"image_generator_settings":{"template":"highway","default_image_id":0,"font":"","enabled":false},"version":2},"jetpack_post_was_ever_published":false},"categories":[1],"tags":[],"class_list":["post-20873","post","type-post","status-publish","format-standard","has-post-thumbnail","hentry","category-uncategorized"],"aioseo_notices":[],"aioseo_head":"\n\t\t<!-- All in One SEO 4.9.10 - aioseo.com -->\n\t<meta name=\"description\" content=\"O efetivo do 23\u00b0BPM, durante patrulhamento, foi acionado pela Central de Opera\u00e7\u00f5es, para atender uma ocorr\u00eancia de r0ubo em um estabelecimento comercial (sacol\u00e3o) no bairro Sobreira, em Afogados da Ingazeira. No local, a v\u00edtima 01, informou que o imputado e outro homem desconhecido, chegaram ao estabelecimento e pediram cigarro, logo em seguida anunciaram o assaalto.\" \/>\n\t<meta name=\"robots\" content=\"max-image-preview:large\" \/>\n\t<meta name=\"author\" content=\"serrafm87\"\/>\n\t<link rel=\"canonical\" href=\"https:\/\/serrafm879.com.br\/serrafm\/2025\/02\/assalto-a-mao-armada-em-estabelecimento-de-afogados-da-ingazeira-e-registrado-nesta-5a\/\" \/>\n\t<meta name=\"generator\" content=\"All in One SEO (AIOSEO) 4.9.10\" \/>\n\t\t<meta name=\"twitter:card\" content=\"summary_large_image\" \/>\n\t\t<meta name=\"twitter:title\" content=\"Assalto a m\u00e3o armada em estabelecimento de Afogados da Ingazeira \u00e9 registrado nesta 5\u00aa - Serra FM 87,9\" \/>\n\t\t<meta name=\"twitter:description\" content=\"O efetivo do 23\u00b0BPM, durante patrulhamento, foi acionado pela Central de Opera\u00e7\u00f5es, para atender uma ocorr\u00eancia de r0ubo em um estabelecimento comercial (sacol\u00e3o) no bairro Sobreira, em Afogados da Ingazeira. No local, a v\u00edtima 01, informou que o imputado e outro homem desconhecido, chegaram ao estabelecimento e pediram cigarro, logo em seguida anunciaram o assaalto.\" \/>\n\t\t<meta name=\"twitter:image\" content=\"https:\/\/serrafm879.com.br\/serrafm\/wp-content\/uploads\/2019\/10\/arma-5410584.jpg\" \/>\n\t\t<script type=\"application\/ld+json\" class=\"aioseo-schema\">\n\t\t\t{\"@context\":\"https:\\\/\\\/schema.org\",\"@graph\":[{\"@type\":\"BlogPosting\",\"@id\":\"https:\\\/\\\/serrafm879.com.br\\\/serrafm\\\/2025\\\/02\\\/assalto-a-mao-armada-em-estabelecimento-de-afogados-da-ingazeira-e-registrado-nesta-5a\\\/#blogposting\",\"name\":\"Assalto a m\\u00e3o armada em estabelecimento de Afogados da Ingazeira \\u00e9 registrado nesta 5\\u00aa - Serra FM 87,9\",\"headline\":\"Assalto a m\\u00e3o armada em estabelecimento de Afogados da Ingazeira \\u00e9 registrado nesta 5\\u00aa\",\"author\":{\"@id\":\"https:\\\/\\\/serrafm879.com.br\\\/serrafm\\\/author\\\/serrafm87\\\/#author\"},\"publisher\":{\"@id\":\"https:\\\/\\\/serrafm879.com.br\\\/serrafm\\\/#organization\"},\"image\":{\"@type\":\"ImageObject\",\"url\":\"https:\\\/\\\/serrafm879.com.br\\\/serrafm\\\/wp-content\\\/uploads\\\/2019\\\/10\\\/arma-5410584.jpg\",\"width\":1024,\"height\":692},\"datePublished\":\"2025-02-21T09:50:50-03:00\",\"dateModified\":\"2025-02-21T09:50:50-03:00\",\"inLanguage\":\"pt-BR\",\"mainEntityOfPage\":{\"@id\":\"https:\\\/\\\/serrafm879.com.br\\\/serrafm\\\/2025\\\/02\\\/assalto-a-mao-armada-em-estabelecimento-de-afogados-da-ingazeira-e-registrado-nesta-5a\\\/#webpage\"},\"isPartOf\":{\"@id\":\"https:\\\/\\\/serrafm879.com.br\\\/serrafm\\\/2025\\\/02\\\/assalto-a-mao-armada-em-estabelecimento-de-afogados-da-ingazeira-e-registrado-nesta-5a\\\/#webpage\"},\"articleSection\":\"Uncategorized\"},{\"@type\":\"BreadcrumbList\",\"@id\":\"https:\\\/\\\/serrafm879.com.br\\\/serrafm\\\/2025\\\/02\\\/assalto-a-mao-armada-em-estabelecimento-de-afogados-da-ingazeira-e-registrado-nesta-5a\\\/#breadcrumblist\",\"itemListElement\":[{\"@type\":\"ListItem\",\"@id\":\"https:\\\/\\\/serrafm879.com.br\\\/serrafm#listItem\",\"position\":1,\"name\":\"Home\",\"item\":\"https:\\\/\\\/serrafm879.com.br\\\/serrafm\",\"nextItem\":{\"@type\":\"ListItem\",\"@id\":\"https:\\\/\\\/serrafm879.com.br\\\/serrafm\\\/categoria\\\/uncategorized\\\/#listItem\",\"name\":\"Uncategorized\"}},{\"@type\":\"ListItem\",\"@id\":\"https:\\\/\\\/serrafm879.com.br\\\/serrafm\\\/categoria\\\/uncategorized\\\/#listItem\",\"position\":2,\"name\":\"Uncategorized\",\"item\":\"https:\\\/\\\/serrafm879.com.br\\\/serrafm\\\/categoria\\\/uncategorized\\\/\",\"nextItem\":{\"@type\":\"ListItem\",\"@id\":\"https:\\\/\\\/serrafm879.com.br\\\/serrafm\\\/2025\\\/02\\\/assalto-a-mao-armada-em-estabelecimento-de-afogados-da-ingazeira-e-registrado-nesta-5a\\\/#listItem\",\"name\":\"Assalto a m\\u00e3o armada em estabelecimento de Afogados da Ingazeira \\u00e9 registrado nesta 5\\u00aa\"},\"previousItem\":{\"@type\":\"ListItem\",\"@id\":\"https:\\\/\\\/serrafm879.com.br\\\/serrafm#listItem\",\"name\":\"Home\"}},{\"@type\":\"ListItem\",\"@id\":\"https:\\\/\\\/serrafm879.com.br\\\/serrafm\\\/2025\\\/02\\\/assalto-a-mao-armada-em-estabelecimento-de-afogados-da-ingazeira-e-registrado-nesta-5a\\\/#listItem\",\"position\":3,\"name\":\"Assalto a m\\u00e3o armada em estabelecimento de Afogados da Ingazeira \\u00e9 registrado nesta 5\\u00aa\",\"previousItem\":{\"@type\":\"ListItem\",\"@id\":\"https:\\\/\\\/serrafm879.com.br\\\/serrafm\\\/categoria\\\/uncategorized\\\/#listItem\",\"name\":\"Uncategorized\"}}]},{\"@type\":\"Organization\",\"@id\":\"https:\\\/\\\/serrafm879.com.br\\\/serrafm\\\/#organization\",\"name\":\"Serra FM 87,9\",\"description\":\"O seu novo amor!\",\"url\":\"https:\\\/\\\/serrafm879.com.br\\\/serrafm\\\/\"},{\"@type\":\"Person\",\"@id\":\"https:\\\/\\\/serrafm879.com.br\\\/serrafm\\\/author\\\/serrafm87\\\/#author\",\"url\":\"https:\\\/\\\/serrafm879.com.br\\\/serrafm\\\/author\\\/serrafm87\\\/\",\"name\":\"serrafm87\",\"image\":{\"@type\":\"ImageObject\",\"@id\":\"https:\\\/\\\/serrafm879.com.br\\\/serrafm\\\/2025\\\/02\\\/assalto-a-mao-armada-em-estabelecimento-de-afogados-da-ingazeira-e-registrado-nesta-5a\\\/#authorImage\",\"url\":\"https:\\\/\\\/secure.gravatar.com\\\/avatar\\\/a743233f1112d34f48bb3dc9559b76eb930bab8b27175856cba6362608736235?s=96&d=mm&r=g\",\"width\":96,\"height\":96,\"caption\":\"serrafm87\"}},{\"@type\":\"WebPage\",\"@id\":\"https:\\\/\\\/serrafm879.com.br\\\/serrafm\\\/2025\\\/02\\\/assalto-a-mao-armada-em-estabelecimento-de-afogados-da-ingazeira-e-registrado-nesta-5a\\\/#webpage\",\"url\":\"https:\\\/\\\/serrafm879.com.br\\\/serrafm\\\/2025\\\/02\\\/assalto-a-mao-armada-em-estabelecimento-de-afogados-da-ingazeira-e-registrado-nesta-5a\\\/\",\"name\":\"Assalto a m\\u00e3o armada em estabelecimento de Afogados da Ingazeira \\u00e9 registrado nesta 5\\u00aa - Serra FM 87,9\",\"description\":\"O efetivo do 23\\u00b0BPM, durante patrulhamento, foi acionado pela Central de Opera\\u00e7\\u00f5es, para atender uma ocorr\\u00eancia de r0ubo em um estabelecimento comercial (sacol\\u00e3o) no bairro Sobreira, em Afogados da Ingazeira. No local, a v\\u00edtima 01, informou que o imputado e outro homem desconhecido, chegaram ao estabelecimento e pediram cigarro, logo em seguida anunciaram o assaalto.\",\"inLanguage\":\"pt-BR\",\"isPartOf\":{\"@id\":\"https:\\\/\\\/serrafm879.com.br\\\/serrafm\\\/#website\"},\"breadcrumb\":{\"@id\":\"https:\\\/\\\/serrafm879.com.br\\\/serrafm\\\/2025\\\/02\\\/assalto-a-mao-armada-em-estabelecimento-de-afogados-da-ingazeira-e-registrado-nesta-5a\\\/#breadcrumblist\"},\"author\":{\"@id\":\"https:\\\/\\\/serrafm879.com.br\\\/serrafm\\\/author\\\/serrafm87\\\/#author\"},\"creator\":{\"@id\":\"https:\\\/\\\/serrafm879.com.br\\\/serrafm\\\/author\\\/serrafm87\\\/#author\"},\"image\":{\"@type\":\"ImageObject\",\"url\":\"https:\\\/\\\/serrafm879.com.br\\\/serrafm\\\/wp-content\\\/uploads\\\/2019\\\/10\\\/arma-5410584.jpg\",\"@id\":\"https:\\\/\\\/serrafm879.com.br\\\/serrafm\\\/2025\\\/02\\\/assalto-a-mao-armada-em-estabelecimento-de-afogados-da-ingazeira-e-registrado-nesta-5a\\\/#mainImage\",\"width\":1024,\"height\":692},\"primaryImageOfPage\":{\"@id\":\"https:\\\/\\\/serrafm879.com.br\\\/serrafm\\\/2025\\\/02\\\/assalto-a-mao-armada-em-estabelecimento-de-afogados-da-ingazeira-e-registrado-nesta-5a\\\/#mainImage\"},\"datePublished\":\"2025-02-21T09:50:50-03:00\",\"dateModified\":\"2025-02-21T09:50:50-03:00\"},{\"@type\":\"WebSite\",\"@id\":\"https:\\\/\\\/serrafm879.com.br\\\/serrafm\\\/#website\",\"url\":\"https:\\\/\\\/serrafm879.com.br\\\/serrafm\\\/\",\"name\":\"Serra FM 87,9\",\"description\":\"O seu novo amor!\",\"inLanguage\":\"pt-BR\",\"publisher\":{\"@id\":\"https:\\\/\\\/serrafm879.com.br\\\/serrafm\\\/#organization\"}}]}\n\t\t<\/script>\n\t\t<!-- All in One SEO -->\n\n","aioseo_head_json":{"title":"Assalto a m\u00e3o armada em estabelecimento de Afogados da Ingazeira \u00e9 registrado nesta 5\u00aa - Serra FM 87,9","description":"O efetivo do 23\u00b0BPM, durante patrulhamento, foi acionado pela Central de Opera\u00e7\u00f5es, para atender uma ocorr\u00eancia de r0ubo em um estabelecimento comercial (sacol\u00e3o) no bairro Sobreira, em Afogados da Ingazeira. No local, a v\u00edtima 01, informou que o imputado e outro homem desconhecido, chegaram ao estabelecimento e pediram cigarro, logo em seguida anunciaram o assaalto.","canonical_url":"https:\/\/serrafm879.com.br\/serrafm\/2025\/02\/assalto-a-mao-armada-em-estabelecimento-de-afogados-da-ingazeira-e-registrado-nesta-5a\/","robots":"max-image-preview:large","keywords":"","webmasterTools":{"miscellaneous":""},"schema":{"@context":"https:\/\/schema.org","@graph":[{"@type":"BlogPosting","@id":"https:\/\/serrafm879.com.br\/serrafm\/2025\/02\/assalto-a-mao-armada-em-estabelecimento-de-afogados-da-ingazeira-e-registrado-nesta-5a\/#blogposting","name":"Assalto a m\u00e3o armada em estabelecimento de Afogados da Ingazeira \u00e9 registrado nesta 5\u00aa - Serra FM 87,9","headline":"Assalto a m\u00e3o armada em estabelecimento de Afogados da Ingazeira \u00e9 registrado nesta 5\u00aa","author":{"@id":"https:\/\/serrafm879.com.br\/serrafm\/author\/serrafm87\/#author"},"publisher":{"@id":"https:\/\/serrafm879.com.br\/serrafm\/#organization"},"image":{"@type":"ImageObject","url":"https:\/\/serrafm879.com.br\/serrafm\/wp-content\/uploads\/2019\/10\/arma-5410584.jpg","width":1024,"height":692},"datePublished":"2025-02-21T09:50:50-03:00","dateModified":"2025-02-21T09:50:50-03:00","inLanguage":"pt-BR","mainEntityOfPage":{"@id":"https:\/\/serrafm879.com.br\/serrafm\/2025\/02\/assalto-a-mao-armada-em-estabelecimento-de-afogados-da-ingazeira-e-registrado-nesta-5a\/#webpage"},"isPartOf":{"@id":"https:\/\/serrafm879.com.br\/serrafm\/2025\/02\/assalto-a-mao-armada-em-estabelecimento-de-afogados-da-ingazeira-e-registrado-nesta-5a\/#webpage"},"articleSection":"Uncategorized"},{"@type":"BreadcrumbList","@id":"https:\/\/serrafm879.com.br\/serrafm\/2025\/02\/assalto-a-mao-armada-em-estabelecimento-de-afogados-da-ingazeira-e-registrado-nesta-5a\/#breadcrumblist","itemListElement":[{"@type":"ListItem","@id":"https:\/\/serrafm879.com.br\/serrafm#listItem","position":1,"name":"Home","item":"https:\/\/serrafm879.com.br\/serrafm","nextItem":{"@type":"ListItem","@id":"https:\/\/serrafm879.com.br\/serrafm\/categoria\/uncategorized\/#listItem","name":"Uncategorized"}},{"@type":"ListItem","@id":"https:\/\/serrafm879.com.br\/serrafm\/categoria\/uncategorized\/#listItem","position":2,"name":"Uncategorized","item":"https:\/\/serrafm879.com.br\/serrafm\/categoria\/uncategorized\/","nextItem":{"@type":"ListItem","@id":"https:\/\/serrafm879.com.br\/serrafm\/2025\/02\/assalto-a-mao-armada-em-estabelecimento-de-afogados-da-ingazeira-e-registrado-nesta-5a\/#listItem","name":"Assalto a m\u00e3o armada em estabelecimento de Afogados da Ingazeira \u00e9 registrado nesta 5\u00aa"},"previousItem":{"@type":"ListItem","@id":"https:\/\/serrafm879.com.br\/serrafm#listItem","name":"Home"}},{"@type":"ListItem","@id":"https:\/\/serrafm879.com.br\/serrafm\/2025\/02\/assalto-a-mao-armada-em-estabelecimento-de-afogados-da-ingazeira-e-registrado-nesta-5a\/#listItem","position":3,"name":"Assalto a m\u00e3o armada em estabelecimento de Afogados da Ingazeira \u00e9 registrado nesta 5\u00aa","previousItem":{"@type":"ListItem","@id":"https:\/\/serrafm879.com.br\/serrafm\/categoria\/uncategorized\/#listItem","name":"Uncategorized"}}]},{"@type":"Organization","@id":"https:\/\/serrafm879.com.br\/serrafm\/#organization","name":"Serra FM 87,9","description":"O seu novo amor!","url":"https:\/\/serrafm879.com.br\/serrafm\/"},{"@type":"Person","@id":"https:\/\/serrafm879.com.br\/serrafm\/author\/serrafm87\/#author","url":"https:\/\/serrafm879.com.br\/serrafm\/author\/serrafm87\/","name":"serrafm87","image":{"@type":"ImageObject","@id":"https:\/\/serrafm879.com.br\/serrafm\/2025\/02\/assalto-a-mao-armada-em-estabelecimento-de-afogados-da-ingazeira-e-registrado-nesta-5a\/#authorImage","url":"https:\/\/secure.gravatar.com\/avatar\/a743233f1112d34f48bb3dc9559b76eb930bab8b27175856cba6362608736235?s=96&d=mm&r=g","width":96,"height":96,"caption":"serrafm87"}},{"@type":"WebPage","@id":"https:\/\/serrafm879.com.br\/serrafm\/2025\/02\/assalto-a-mao-armada-em-estabelecimento-de-afogados-da-ingazeira-e-registrado-nesta-5a\/#webpage","url":"https:\/\/serrafm879.com.br\/serrafm\/2025\/02\/assalto-a-mao-armada-em-estabelecimento-de-afogados-da-ingazeira-e-registrado-nesta-5a\/","name":"Assalto a m\u00e3o armada em estabelecimento de Afogados da Ingazeira \u00e9 registrado nesta 5\u00aa - Serra FM 87,9","description":"O efetivo do 23\u00b0BPM, durante patrulhamento, foi acionado pela Central de Opera\u00e7\u00f5es, para atender uma ocorr\u00eancia de r0ubo em um estabelecimento comercial (sacol\u00e3o) no bairro Sobreira, em Afogados da Ingazeira. No local, a v\u00edtima 01, informou que o imputado e outro homem desconhecido, chegaram ao estabelecimento e pediram cigarro, logo em seguida anunciaram o assaalto.","inLanguage":"pt-BR","isPartOf":{"@id":"https:\/\/serrafm879.com.br\/serrafm\/#website"},"breadcrumb":{"@id":"https:\/\/serrafm879.com.br\/serrafm\/2025\/02\/assalto-a-mao-armada-em-estabelecimento-de-afogados-da-ingazeira-e-registrado-nesta-5a\/#breadcrumblist"},"author":{"@id":"https:\/\/serrafm879.com.br\/serrafm\/author\/serrafm87\/#author"},"creator":{"@id":"https:\/\/serrafm879.com.br\/serrafm\/author\/serrafm87\/#author"},"image":{"@type":"ImageObject","url":"https:\/\/serrafm879.com.br\/serrafm\/wp-content\/uploads\/2019\/10\/arma-5410584.jpg","@id":"https:\/\/serrafm879.com.br\/serrafm\/2025\/02\/assalto-a-mao-armada-em-estabelecimento-de-afogados-da-ingazeira-e-registrado-nesta-5a\/#mainImage","width":1024,"height":692},"primaryImageOfPage":{"@id":"https:\/\/serrafm879.com.br\/serrafm\/2025\/02\/assalto-a-mao-armada-em-estabelecimento-de-afogados-da-ingazeira-e-registrado-nesta-5a\/#mainImage"},"datePublished":"2025-02-21T09:50:50-03:00","dateModified":"2025-02-21T09:50:50-03:00"},{"@type":"WebSite","@id":"https:\/\/serrafm879.com.br\/serrafm\/#website","url":"https:\/\/serrafm879.com.br\/serrafm\/","name":"Serra FM 87,9","description":"O seu novo amor!","inLanguage":"pt-BR","publisher":{"@id":"https:\/\/serrafm879.com.br\/serrafm\/#organization"}}]},"twitter:card":"summary_large_image","twitter:title":"Assalto a m\u00e3o armada em estabelecimento de Afogados da Ingazeira \u00e9 registrado nesta 5\u00aa - Serra FM 87,9","twitter:description":"O efetivo do 23\u00b0BPM, durante patrulhamento, foi acionado pela Central de Opera\u00e7\u00f5es, para atender uma ocorr\u00eancia de r0ubo em um estabelecimento comercial (sacol\u00e3o) no bairro Sobreira, em Afogados da Ingazeira. No local, a v\u00edtima 01, informou que o imputado e outro homem desconhecido, chegaram ao estabelecimento e pediram cigarro, logo em seguida anunciaram o assaalto.","twitter:image":"https:\/\/serrafm879.com.br\/serrafm\/wp-content\/uploads\/2019\/10\/arma-5410584.jpg"},"aioseo_meta_data":{"post_id":"20873","title":null,"description":null,"keywords":null,"keyphrases":null,"primary_term":null,"canonical_url":null,"og_title":null,"og_description":null,"og_object_type":"default","og_image_type":"default","og_image_custom_url":null,"og_image_custom_fields":null,"og_image_url":null,"og_image_width":null,"og_image_height":null,"og_video":null,"og_custom_url":null,"og_article_section":null,"og_article_tags":null,"twitter_use_og":false,"twitter_card":"default","twitter_image_type":"default","twitter_image_custom_url":null,"twitter_image_custom_fields":null,"twitter_image_url":null,"twitter_title":null,"twitter_description":null,"schema_type":"default","schema_type_options":null,"schema":{"blockGraphs":[],"customGraphs":[],"default":{"data":{"Article":[],"Course":[],"Dataset":[],"FAQPage":[],"Movie":[],"Person":[],"Product":[],"ProductReview":[],"Car":[],"Recipe":[],"Service":[],"SoftwareApplication":[],"WebPage":[]},"graphName":"","isEnabled":true},"graphs":[]},"pillar_content":false,"robots_default":true,"robots_noindex":false,"robots_noarchive":false,"robots_nosnippet":false,"robots_nofollow":false,"robots_noimageindex":false,"robots_noodp":false,"robots_notranslate":false,"robots_max_snippet":null,"robots_max_videopreview":null,"robots_max_imagepreview":"large","priority":null,"frequency":null,"local_seo":null,"limit_modified_date":false,"ai":null,"breadcrumb_settings":null,"seo_analyzer_scan_date":null,"created":"2026-07-21 13:54:57","updated":"2026-07-21 13:54:57"},"aioseo_breadcrumb":"<div class=\"aioseo-breadcrumbs\"><span class=\"aioseo-breadcrumb\">\n\t\t\t<a href=\"https:\/\/serrafm879.com.br\/serrafm\" title=\"Home\">Home<\/a>\n\t\t<\/span><span class=\"aioseo-breadcrumb-separator\">&raquo;<\/span><span class=\"aioseo-breadcrumb\">\n\t\t\t<a href=\"https:\/\/serrafm879.com.br\/serrafm\/categoria\/uncategorized\/\" title=\"Uncategorized\">Uncategorized<\/a>\n\t\t<\/span><span class=\"aioseo-breadcrumb-separator\">&raquo;<\/span><span class=\"aioseo-breadcrumb\">\n\t\t\tAssalto a m\u00e3o armada em estabelecimento de Afogados da Ingazeira \u00e9 registrado nesta 5\u00aa\n\t\t<\/span><\/div>","aioseo_breadcrumb_json":[{"label":"Home","link":"https:\/\/serrafm879.com.br\/serrafm"},{"label":"Uncategorized","link":"https:\/\/serrafm879.com.br\/serrafm\/categoria\/uncategorized\/"},{"label":"Assalto a m\u00e3o armada em estabelecimento de Afogados da Ingazeira \u00e9 registrado nesta 5\u00aa","link":"https:\/\/serrafm879.com.br\/serrafm\/2025\/02\/assalto-a-mao-armada-em-estabelecimento-de-afogados-da-ingazeira-e-registrado-nesta-5a\/"}],"jetpack_publicize_connections":[],"jetpack_featured_media_url":"https:\/\/serrafm879.com.br\/serrafm\/wp-content\/uploads\/2019\/10\/arma-5410584.jpg","jetpack_shortlink":"https:\/\/wp.me\/p7HyXg-5qF","jetpack_sharing_enabled":true,"_links":{"self":[{"href":"https:\/\/serrafm879.com.br\/serrafm\/wp-json\/wp\/v2\/posts\/20873","targetHints":{"allow":["GET"]}}],"collection":[{"href":"https:\/\/serrafm879.com.br\/serrafm\/wp-json\/wp\/v2\/posts"}],"about":[{"href":"https:\/\/serrafm879.com.br\/serrafm\/wp-json\/wp\/v2\/types\/post"}],"author":[{"embeddable":true,"href":"https:\/\/serrafm879.com.br\/serrafm\/wp-json\/wp\/v2\/users\/2"}],"replies":[{"embeddable":true,"href":"https:\/\/serrafm879.com.br\/serrafm\/wp-json\/wp\/v2\/comments?post=20873"}],"version-history":[{"count":1,"href":"https:\/\/serrafm879.com.br\/serrafm\/wp-json\/wp\/v2\/posts\/20873\/revisions"}],"predecessor-version":[{"id":20874,"href":"https:\/\/serrafm879.com.br\/serrafm\/wp-json\/wp\/v2\/posts\/20873\/revisions\/20874"}],"wp:featuredmedia":[{"embeddable":true,"href":"https:\/\/serrafm879.com.br\/serrafm\/wp-json\/wp\/v2\/media\/2108"}],"wp:attachment":[{"href":"https:\/\/serrafm879.com.br\/serrafm\/wp-json\/wp\/v2\/media?parent=20873"}],"wp:term":[{"taxonomy":"category","embeddable":true,"href":"https:\/\/serrafm879.com.br\/serrafm\/wp-json\/wp\/v2\/categories?post=20873"},{"taxonomy":"post_tag","embeddable":true,"href":"https:\/\/serrafm879.com.br\/serrafm\/wp-json\/wp\/v2\/tags?post=20873"}],"curies":[{"name":"wp","href":"https:\/\/api.w.org\/{rel}","templated":true}]}}