{"id":21781,"date":"2025-04-03T16:53:14","date_gmt":"2025-04-03T19:53:14","guid":{"rendered":"https:\/\/serrafm879.com.br\/serrafm\/?p=21781"},"modified":"2025-04-03T16:56:34","modified_gmt":"2025-04-03T19:56:34","slug":"cremepe-promove-forum-regional-de-saude-em-serra-talhada-na-proximo-4a","status":"publish","type":"post","link":"https:\/\/serrafm879.com.br\/serrafm\/2025\/04\/cremepe-promove-forum-regional-de-saude-em-serra-talhada-na-proximo-4a\/","title":{"rendered":"Cremepe promove For\u00fam Regional de Sa\u00fade em Serra Talhada, na pr\u00f3ximo quarta-feira (9)"},"content":{"rendered":"<p>Com o objetivo de aprofundar discuss\u00f5es sobre temas essenciais para a classe m\u00e9dica, o Conselho Regional de Medicina de Pernambuco (Cremepe) realizar\u00e1, no dia 9 de abril, o F\u00f3rum Regional de Sa\u00fade. O evento acontecer\u00e1 na cidade de Serra Talhada e faz parte de uma iniciativa estrat\u00e9gica da Escola Superior de \u00e9tica M\u00e9dica (Esem) e da Comiss\u00e3o de Divulga\u00e7\u00e3o de Assuntos M\u00e9dicos (Codame).<\/p>\n<p>O encontro, que j\u00e1 foi realizado nos munic\u00edpios de Garanhuns e Caruaru, tem como prop\u00f3sito atualizar os profissionais sobre temas fundamentais para as boas pr\u00e1ticas m\u00e9dicas, como Demografia, Publicidade M\u00e9dica e Declara\u00e7\u00e3o de \u00d3bito. Essas discuss\u00f5es s\u00e3o essenciais para garantir que a atua\u00e7\u00e3o dos m\u00e9dicos esteja alinhada com as diretrizes e normativas vigentes, promovendo um exerc\u00edcio profissional \u00e9tico e qualificado.<\/p>\n<p>O F\u00f3rum Regional de Sa\u00fade contar\u00e1 com a participa\u00e7\u00e3o de especialistas que abordar\u00e3o temas fundamentais para a pr\u00e1tica m\u00e9dica. Entre os palestrantes est\u00e3o:<\/p>\n<ol>\n<li>Dr. Fernando Ant\u00f4nio de Oliveira<strong> (CRM-PE 12163)<\/strong>, que falar\u00e1 sobre Demografia M\u00e9dica.<\/li>\n<li>Dr. S\u00e9rgio Palma <strong>(CRM-PE 10916)<\/strong>, Conselheiro do Cremepe, Coordenador da Codame-PE e membro da Codame do Conselho Federal de Medicina (CFM), apresentar\u00e1 a palestra sobre Publicidade M\u00e9dica.<\/li>\n<li>Dr. Miguel Arcanjo <strong>(CRM-PE 8830)<\/strong>, Secret\u00e1rio-Geral do Conselho, discutir\u00e1 o tema Declara\u00e7\u00e3o de \u00d3bito.<\/li>\n<\/ol>\n<p><img loading=\"lazy\" decoding=\"async\" data-attachment-id=\"21783\" data-permalink=\"https:\/\/serrafm879.com.br\/serrafm\/2025\/04\/cremepe-promove-forum-regional-de-saude-em-serra-talhada-na-proximo-4a\/whatsapp-image-2025-04-03-at-15-24-40\/\" data-orig-file=\"https:\/\/serrafm879.com.br\/serrafm\/wp-content\/uploads\/2025\/04\/WhatsApp-Image-2025-04-03-at-15.24.40.jpeg\" data-orig-size=\"1280,1600\" data-comments-opened=\"1\" data-image-meta=\"{&quot;aperture&quot;:&quot;0&quot;,&quot;credit&quot;:&quot;&quot;,&quot;camera&quot;:&quot;&quot;,&quot;caption&quot;:&quot;&quot;,&quot;created_timestamp&quot;:&quot;0&quot;,&quot;copyright&quot;:&quot;&quot;,&quot;focal_length&quot;:&quot;0&quot;,&quot;iso&quot;:&quot;0&quot;,&quot;shutter_speed&quot;:&quot;0&quot;,&quot;title&quot;:&quot;&quot;,&quot;orientation&quot;:&quot;0&quot;}\" data-image-title=\"WhatsApp Image 2025-04-03 at 15.24.40\" data-image-description=\"\" data-image-caption=\"\" data-medium-file=\"https:\/\/serrafm879.com.br\/serrafm\/wp-content\/uploads\/2025\/04\/WhatsApp-Image-2025-04-03-at-15.24.40-240x300.jpeg\" data-large-file=\"https:\/\/serrafm879.com.br\/serrafm\/wp-content\/uploads\/2025\/04\/WhatsApp-Image-2025-04-03-at-15.24.40-819x1024.jpeg\" class=\" wp-image-21783 aligncenter\" src=\"http:\/\/serrafm879.com.br\/serrafm\/wp-content\/uploads\/2025\/04\/WhatsApp-Image-2025-04-03-at-15.24.40-240x300.jpeg\" alt=\"\" width=\"304\" height=\"380\" srcset=\"https:\/\/serrafm879.com.br\/serrafm\/wp-content\/uploads\/2025\/04\/WhatsApp-Image-2025-04-03-at-15.24.40-240x300.jpeg 240w, https:\/\/serrafm879.com.br\/serrafm\/wp-content\/uploads\/2025\/04\/WhatsApp-Image-2025-04-03-at-15.24.40-819x1024.jpeg 819w, https:\/\/serrafm879.com.br\/serrafm\/wp-content\/uploads\/2025\/04\/WhatsApp-Image-2025-04-03-at-15.24.40-768x960.jpeg 768w, https:\/\/serrafm879.com.br\/serrafm\/wp-content\/uploads\/2025\/04\/WhatsApp-Image-2025-04-03-at-15.24.40-1229x1536.jpeg 1229w, https:\/\/serrafm879.com.br\/serrafm\/wp-content\/uploads\/2025\/04\/WhatsApp-Image-2025-04-03-at-15.24.40.jpeg 1280w\" sizes=\"auto, (max-width: 304px) 100vw, 304px\" \/><\/p>\n<p>Confira a agenda de eventos do Cremepe no interior do Estado:<\/p>\n<p>Serra Talhada<br \/>\nData: 09 de abril de 2025<br \/>\nHora: 19h30<br \/>\nLocal: Audit\u00f3rio do Hospital S\u00e3o Vicente. R. Inoc\u00eancio Gomes de Andrade, N\u00ba 603 &#8211; Nossa Sra. da Penha, Serra Talhada &#8211; PE.<\/p>\n","protected":false},"excerpt":{"rendered":"<p>Com o objetivo de aprofundar discuss\u00f5es sobre temas essenciais para a classe m\u00e9dica, o Conselho Regional de Medicina de Pernambuco (Cremepe) realizar\u00e1, no dia 9 de abril, o F\u00f3rum Regional de Sa\u00fade. O evento acontecer\u00e1 na cidade de Serra Talhada e faz parte de uma iniciativa estrat\u00e9gica da Escola Superior de \u00e9tica M\u00e9dica (Esem) e da Comiss\u00e3o de Divulga\u00e7\u00e3o de Assuntos M\u00e9dicos (Codame). O encontro, que j\u00e1 foi realizado nos munic\u00edpios de Garanhuns e Caruaru, tem como prop\u00f3sito atualizar os profissionais sobre temas fundamentais para as boas pr\u00e1ticas m\u00e9dicas, como Demografia, Publicidade M\u00e9dica e Declara\u00e7\u00e3o de \u00d3bito. Essas discuss\u00f5es s\u00e3o [&hellip;]<\/p>\n","protected":false},"author":2,"featured_media":21784,"comment_status":"open","ping_status":"open","sticky":false,"template":"","format":"standard","meta":{"_jetpack_memberships_contains_paid_content":false,"footnotes":"","jetpack_publicize_message":"","jetpack_publicize_feature_enabled":true,"jetpack_social_post_already_shared":true,"jetpack_social_options":{"image_generator_settings":{"template":"highway","enabled":false},"version":2}},"categories":[1],"tags":[],"class_list":["post-21781","post","type-post","status-publish","format-standard","has-post-thumbnail","hentry","category-uncategorized"],"jetpack_publicize_connections":[],"yoast_head":"<!-- This site is optimized with the Yoast SEO plugin v24.7 - https:\/\/yoast.com\/wordpress\/plugins\/seo\/ -->\n<title>Cremepe promove For\u00fam Regional de Sa\u00fade em Serra Talhada, na pr\u00f3ximo quarta-feira (9) - Serra FM 87,9<\/title>\n<meta name=\"robots\" content=\"index, follow, max-snippet:-1, max-image-preview:large, max-video-preview:-1\" \/>\n<link rel=\"canonical\" href=\"https:\/\/serrafm879.com.br\/serrafm\/2025\/04\/cremepe-promove-forum-regional-de-saude-em-serra-talhada-na-proximo-4a\/\" \/>\n<meta property=\"og:locale\" content=\"pt_BR\" \/>\n<meta property=\"og:type\" content=\"article\" \/>\n<meta property=\"og:title\" content=\"Cremepe promove For\u00fam Regional de Sa\u00fade em Serra Talhada, na pr\u00f3ximo quarta-feira (9) - Serra FM 87,9\" \/>\n<meta property=\"og:description\" content=\"Com o objetivo de aprofundar discuss\u00f5es sobre temas essenciais para a classe m\u00e9dica, o Conselho Regional de Medicina de Pernambuco (Cremepe) realizar\u00e1, no dia 9 de abril, o F\u00f3rum Regional de Sa\u00fade. O evento acontecer\u00e1 na cidade de Serra Talhada e faz parte de uma iniciativa estrat\u00e9gica da Escola Superior de \u00e9tica M\u00e9dica (Esem) e da Comiss\u00e3o de Divulga\u00e7\u00e3o de Assuntos M\u00e9dicos (Codame). O encontro, que j\u00e1 foi realizado nos munic\u00edpios de Garanhuns e Caruaru, tem como prop\u00f3sito atualizar os profissionais sobre temas fundamentais para as boas pr\u00e1ticas m\u00e9dicas, como Demografia, Publicidade M\u00e9dica e Declara\u00e7\u00e3o de \u00d3bito. Essas discuss\u00f5es s\u00e3o [&hellip;]\" \/>\n<meta property=\"og:url\" content=\"https:\/\/serrafm879.com.br\/serrafm\/2025\/04\/cremepe-promove-forum-regional-de-saude-em-serra-talhada-na-proximo-4a\/\" \/>\n<meta property=\"og:site_name\" content=\"Serra FM 87,9\" \/>\n<meta property=\"article:published_time\" content=\"2025-04-03T19:53:14+00:00\" \/>\n<meta property=\"article:modified_time\" content=\"2025-04-03T19:56:34+00:00\" \/>\n<meta property=\"og:image\" content=\"https:\/\/serrafm879.com.br\/serrafm\/wp-content\/uploads\/2025\/04\/DSC1907-e1743709986675.jpg\" \/>\n\t<meta property=\"og:image:width\" content=\"1403\" \/>\n\t<meta property=\"og:image:height\" content=\"1355\" \/>\n\t<meta property=\"og:image:type\" content=\"image\/jpeg\" \/>\n<meta name=\"author\" content=\"serrafm87\" \/>\n<meta name=\"twitter:card\" content=\"summary_large_image\" \/>\n<meta name=\"twitter:label1\" content=\"Escrito por\" \/>\n\t<meta name=\"twitter:data1\" content=\"serrafm87\" \/>\n\t<meta name=\"twitter:label2\" content=\"Est. tempo de leitura\" \/>\n\t<meta name=\"twitter:data2\" content=\"2 minutos\" \/>\n<script type=\"application\/ld+json\" class=\"yoast-schema-graph\">{\"@context\":\"https:\/\/schema.org\",\"@graph\":[{\"@type\":\"WebPage\",\"@id\":\"https:\/\/serrafm879.com.br\/serrafm\/2025\/04\/cremepe-promove-forum-regional-de-saude-em-serra-talhada-na-proximo-4a\/\",\"url\":\"https:\/\/serrafm879.com.br\/serrafm\/2025\/04\/cremepe-promove-forum-regional-de-saude-em-serra-talhada-na-proximo-4a\/\",\"name\":\"Cremepe promove For\u00fam Regional de Sa\u00fade em Serra Talhada, na pr\u00f3ximo quarta-feira (9) - Serra FM 87,9\",\"isPartOf\":{\"@id\":\"https:\/\/serrafm879.com.br\/serrafm\/#website\"},\"primaryImageOfPage\":{\"@id\":\"https:\/\/serrafm879.com.br\/serrafm\/2025\/04\/cremepe-promove-forum-regional-de-saude-em-serra-talhada-na-proximo-4a\/#primaryimage\"},\"image\":{\"@id\":\"https:\/\/serrafm879.com.br\/serrafm\/2025\/04\/cremepe-promove-forum-regional-de-saude-em-serra-talhada-na-proximo-4a\/#primaryimage\"},\"thumbnailUrl\":\"https:\/\/serrafm879.com.br\/serrafm\/wp-content\/uploads\/2025\/04\/DSC1907-e1743709986675.jpg\",\"datePublished\":\"2025-04-03T19:53:14+00:00\",\"dateModified\":\"2025-04-03T19:56:34+00:00\",\"author\":{\"@id\":\"https:\/\/serrafm879.com.br\/serrafm\/#\/schema\/person\/c028a197030ff8b1c03c68dfba4a787a\"},\"breadcrumb\":{\"@id\":\"https:\/\/serrafm879.com.br\/serrafm\/2025\/04\/cremepe-promove-forum-regional-de-saude-em-serra-talhada-na-proximo-4a\/#breadcrumb\"},\"inLanguage\":\"pt-BR\",\"potentialAction\":[{\"@type\":\"ReadAction\",\"target\":[\"https:\/\/serrafm879.com.br\/serrafm\/2025\/04\/cremepe-promove-forum-regional-de-saude-em-serra-talhada-na-proximo-4a\/\"]}]},{\"@type\":\"ImageObject\",\"inLanguage\":\"pt-BR\",\"@id\":\"https:\/\/serrafm879.com.br\/serrafm\/2025\/04\/cremepe-promove-forum-regional-de-saude-em-serra-talhada-na-proximo-4a\/#primaryimage\",\"url\":\"https:\/\/serrafm879.com.br\/serrafm\/wp-content\/uploads\/2025\/04\/DSC1907-e1743709986675.jpg\",\"contentUrl\":\"https:\/\/serrafm879.com.br\/serrafm\/wp-content\/uploads\/2025\/04\/DSC1907-e1743709986675.jpg\",\"width\":1403,\"height\":1355},{\"@type\":\"BreadcrumbList\",\"@id\":\"https:\/\/serrafm879.com.br\/serrafm\/2025\/04\/cremepe-promove-forum-regional-de-saude-em-serra-talhada-na-proximo-4a\/#breadcrumb\",\"itemListElement\":[{\"@type\":\"ListItem\",\"position\":1,\"name\":\"In\u00edcio\",\"item\":\"https:\/\/serrafm879.com.br\/serrafm\/\"},{\"@type\":\"ListItem\",\"position\":2,\"name\":\"Cremepe promove For\u00fam Regional de Sa\u00fade em Serra Talhada, na pr\u00f3ximo quarta-feira (9)\"}]},{\"@type\":\"WebSite\",\"@id\":\"https:\/\/serrafm879.com.br\/serrafm\/#website\",\"url\":\"https:\/\/serrafm879.com.br\/serrafm\/\",\"name\":\"Serra FM 87,9\",\"description\":\"O seu novo amor!\",\"potentialAction\":[{\"@type\":\"SearchAction\",\"target\":{\"@type\":\"EntryPoint\",\"urlTemplate\":\"https:\/\/serrafm879.com.br\/serrafm\/?s={search_term_string}\"},\"query-input\":{\"@type\":\"PropertyValueSpecification\",\"valueRequired\":true,\"valueName\":\"search_term_string\"}}],\"inLanguage\":\"pt-BR\"},{\"@type\":\"Person\",\"@id\":\"https:\/\/serrafm879.com.br\/serrafm\/#\/schema\/person\/c028a197030ff8b1c03c68dfba4a787a\",\"name\":\"serrafm87\",\"image\":{\"@type\":\"ImageObject\",\"inLanguage\":\"pt-BR\",\"@id\":\"https:\/\/serrafm879.com.br\/serrafm\/#\/schema\/person\/image\/\",\"url\":\"https:\/\/secure.gravatar.com\/avatar\/a743233f1112d34f48bb3dc9559b76eb930bab8b27175856cba6362608736235?s=96&d=mm&r=g\",\"contentUrl\":\"https:\/\/secure.gravatar.com\/avatar\/a743233f1112d34f48bb3dc9559b76eb930bab8b27175856cba6362608736235?s=96&d=mm&r=g\",\"caption\":\"serrafm87\"},\"sameAs\":[\"http:\/\/serrafm879.com.br\/\"],\"url\":\"https:\/\/serrafm879.com.br\/serrafm\/author\/serrafm87\/\"}]}<\/script>\n<!-- \/ Yoast SEO plugin. -->","yoast_head_json":{"title":"Cremepe promove For\u00fam Regional de Sa\u00fade em Serra Talhada, na pr\u00f3ximo quarta-feira (9) - Serra FM 87,9","robots":{"index":"index","follow":"follow","max-snippet":"max-snippet:-1","max-image-preview":"max-image-preview:large","max-video-preview":"max-video-preview:-1"},"canonical":"https:\/\/serrafm879.com.br\/serrafm\/2025\/04\/cremepe-promove-forum-regional-de-saude-em-serra-talhada-na-proximo-4a\/","og_locale":"pt_BR","og_type":"article","og_title":"Cremepe promove For\u00fam Regional de Sa\u00fade em Serra Talhada, na pr\u00f3ximo quarta-feira (9) - Serra FM 87,9","og_description":"Com o objetivo de aprofundar discuss\u00f5es sobre temas essenciais para a classe m\u00e9dica, o Conselho Regional de Medicina de Pernambuco (Cremepe) realizar\u00e1, no dia 9 de abril, o F\u00f3rum Regional de Sa\u00fade. O evento acontecer\u00e1 na cidade de Serra Talhada e faz parte de uma iniciativa estrat\u00e9gica da Escola Superior de \u00e9tica M\u00e9dica (Esem) e da Comiss\u00e3o de Divulga\u00e7\u00e3o de Assuntos M\u00e9dicos (Codame). O encontro, que j\u00e1 foi realizado nos munic\u00edpios de Garanhuns e Caruaru, tem como prop\u00f3sito atualizar os profissionais sobre temas fundamentais para as boas pr\u00e1ticas m\u00e9dicas, como Demografia, Publicidade M\u00e9dica e Declara\u00e7\u00e3o de \u00d3bito. Essas discuss\u00f5es s\u00e3o [&hellip;]","og_url":"https:\/\/serrafm879.com.br\/serrafm\/2025\/04\/cremepe-promove-forum-regional-de-saude-em-serra-talhada-na-proximo-4a\/","og_site_name":"Serra FM 87,9","article_published_time":"2025-04-03T19:53:14+00:00","article_modified_time":"2025-04-03T19:56:34+00:00","og_image":[{"width":1403,"height":1355,"url":"https:\/\/serrafm879.com.br\/serrafm\/wp-content\/uploads\/2025\/04\/DSC1907-e1743709986675.jpg","type":"image\/jpeg"}],"author":"serrafm87","twitter_card":"summary_large_image","twitter_misc":{"Escrito por":"serrafm87","Est. tempo de leitura":"2 minutos"},"schema":{"@context":"https:\/\/schema.org","@graph":[{"@type":"WebPage","@id":"https:\/\/serrafm879.com.br\/serrafm\/2025\/04\/cremepe-promove-forum-regional-de-saude-em-serra-talhada-na-proximo-4a\/","url":"https:\/\/serrafm879.com.br\/serrafm\/2025\/04\/cremepe-promove-forum-regional-de-saude-em-serra-talhada-na-proximo-4a\/","name":"Cremepe promove For\u00fam Regional de Sa\u00fade em Serra Talhada, na pr\u00f3ximo quarta-feira (9) - Serra FM 87,9","isPartOf":{"@id":"https:\/\/serrafm879.com.br\/serrafm\/#website"},"primaryImageOfPage":{"@id":"https:\/\/serrafm879.com.br\/serrafm\/2025\/04\/cremepe-promove-forum-regional-de-saude-em-serra-talhada-na-proximo-4a\/#primaryimage"},"image":{"@id":"https:\/\/serrafm879.com.br\/serrafm\/2025\/04\/cremepe-promove-forum-regional-de-saude-em-serra-talhada-na-proximo-4a\/#primaryimage"},"thumbnailUrl":"https:\/\/serrafm879.com.br\/serrafm\/wp-content\/uploads\/2025\/04\/DSC1907-e1743709986675.jpg","datePublished":"2025-04-03T19:53:14+00:00","dateModified":"2025-04-03T19:56:34+00:00","author":{"@id":"https:\/\/serrafm879.com.br\/serrafm\/#\/schema\/person\/c028a197030ff8b1c03c68dfba4a787a"},"breadcrumb":{"@id":"https:\/\/serrafm879.com.br\/serrafm\/2025\/04\/cremepe-promove-forum-regional-de-saude-em-serra-talhada-na-proximo-4a\/#breadcrumb"},"inLanguage":"pt-BR","potentialAction":[{"@type":"ReadAction","target":["https:\/\/serrafm879.com.br\/serrafm\/2025\/04\/cremepe-promove-forum-regional-de-saude-em-serra-talhada-na-proximo-4a\/"]}]},{"@type":"ImageObject","inLanguage":"pt-BR","@id":"https:\/\/serrafm879.com.br\/serrafm\/2025\/04\/cremepe-promove-forum-regional-de-saude-em-serra-talhada-na-proximo-4a\/#primaryimage","url":"https:\/\/serrafm879.com.br\/serrafm\/wp-content\/uploads\/2025\/04\/DSC1907-e1743709986675.jpg","contentUrl":"https:\/\/serrafm879.com.br\/serrafm\/wp-content\/uploads\/2025\/04\/DSC1907-e1743709986675.jpg","width":1403,"height":1355},{"@type":"BreadcrumbList","@id":"https:\/\/serrafm879.com.br\/serrafm\/2025\/04\/cremepe-promove-forum-regional-de-saude-em-serra-talhada-na-proximo-4a\/#breadcrumb","itemListElement":[{"@type":"ListItem","position":1,"name":"In\u00edcio","item":"https:\/\/serrafm879.com.br\/serrafm\/"},{"@type":"ListItem","position":2,"name":"Cremepe promove For\u00fam Regional de Sa\u00fade em Serra Talhada, na pr\u00f3ximo quarta-feira (9)"}]},{"@type":"WebSite","@id":"https:\/\/serrafm879.com.br\/serrafm\/#website","url":"https:\/\/serrafm879.com.br\/serrafm\/","name":"Serra FM 87,9","description":"O seu novo amor!","potentialAction":[{"@type":"SearchAction","target":{"@type":"EntryPoint","urlTemplate":"https:\/\/serrafm879.com.br\/serrafm\/?s={search_term_string}"},"query-input":{"@type":"PropertyValueSpecification","valueRequired":true,"valueName":"search_term_string"}}],"inLanguage":"pt-BR"},{"@type":"Person","@id":"https:\/\/serrafm879.com.br\/serrafm\/#\/schema\/person\/c028a197030ff8b1c03c68dfba4a787a","name":"serrafm87","image":{"@type":"ImageObject","inLanguage":"pt-BR","@id":"https:\/\/serrafm879.com.br\/serrafm\/#\/schema\/person\/image\/","url":"https:\/\/secure.gravatar.com\/avatar\/a743233f1112d34f48bb3dc9559b76eb930bab8b27175856cba6362608736235?s=96&d=mm&r=g","contentUrl":"https:\/\/secure.gravatar.com\/avatar\/a743233f1112d34f48bb3dc9559b76eb930bab8b27175856cba6362608736235?s=96&d=mm&r=g","caption":"serrafm87"},"sameAs":["http:\/\/serrafm879.com.br\/"],"url":"https:\/\/serrafm879.com.br\/serrafm\/author\/serrafm87\/"}]}},"jetpack_featured_media_url":"https:\/\/serrafm879.com.br\/serrafm\/wp-content\/uploads\/2025\/04\/DSC1907-e1743709986675.jpg","jetpack_shortlink":"https:\/\/wp.me\/p7HyXg-5Fj","jetpack_sharing_enabled":true,"_links":{"self":[{"href":"https:\/\/serrafm879.com.br\/serrafm\/wp-json\/wp\/v2\/posts\/21781","targetHints":{"allow":["GET"]}}],"collection":[{"href":"https:\/\/serrafm879.com.br\/serrafm\/wp-json\/wp\/v2\/posts"}],"about":[{"href":"https:\/\/serrafm879.com.br\/serrafm\/wp-json\/wp\/v2\/types\/post"}],"author":[{"embeddable":true,"href":"https:\/\/serrafm879.com.br\/serrafm\/wp-json\/wp\/v2\/users\/2"}],"replies":[{"embeddable":true,"href":"https:\/\/serrafm879.com.br\/serrafm\/wp-json\/wp\/v2\/comments?post=21781"}],"version-history":[{"count":5,"href":"https:\/\/serrafm879.com.br\/serrafm\/wp-json\/wp\/v2\/posts\/21781\/revisions"}],"predecessor-version":[{"id":21789,"href":"https:\/\/serrafm879.com.br\/serrafm\/wp-json\/wp\/v2\/posts\/21781\/revisions\/21789"}],"wp:featuredmedia":[{"embeddable":true,"href":"https:\/\/serrafm879.com.br\/serrafm\/wp-json\/wp\/v2\/media\/21784"}],"wp:attachment":[{"href":"https:\/\/serrafm879.com.br\/serrafm\/wp-json\/wp\/v2\/media?parent=21781"}],"wp:term":[{"taxonomy":"category","embeddable":true,"href":"https:\/\/serrafm879.com.br\/serrafm\/wp-json\/wp\/v2\/categories?post=21781"},{"taxonomy":"post_tag","embeddable":true,"href":"https:\/\/serrafm879.com.br\/serrafm\/wp-json\/wp\/v2\/tags?post=21781"}],"curies":[{"name":"wp","href":"https:\/\/api.w.org\/{rel}","templated":true}]}}