{"id":21797,"date":"2025-04-04T09:47:08","date_gmt":"2025-04-04T12:47:08","guid":{"rendered":"https:\/\/serrafm879.com.br\/serrafm\/?p=21797"},"modified":"2025-04-04T09:47:08","modified_gmt":"2025-04-04T12:47:08","slug":"anvisa-proibe-suplementos-alimentares-a-base-de-ora-pro-nobis","status":"publish","type":"post","link":"https:\/\/serrafm879.com.br\/serrafm\/2025\/04\/anvisa-proibe-suplementos-alimentares-a-base-de-ora-pro-nobis\/","title":{"rendered":"Anvisa pro\u00edbe suplementos alimentares a base de ora-pro-n\u00f3bis"},"content":{"rendered":"<p>A Ag\u00eancia Nacional de Vigil\u00e2ncia Sanit\u00e1ria (Anvisa) proibiu a comercializa\u00e7\u00e3o de suplementos alimentares de ora-pro-n\u00f3bis. De acordo com a ag\u00eancia, a ora-pro-n\u00f3bis (Pereskia aculeata), n\u00e3o \u00e9 autorizada como constituinte de suplementos alimentares.<\/p>\n<p>Na decis\u00e3o publicada na Resolu\u00e7\u00e3o-RE N\u00ba 1.282 na edi\u00e7\u00e3o desta quinta-feira (3) do Di\u00e1rio Oficial da Uni\u00e3o (DOU), a Anvisa tamb\u00e9m cita a veicula\u00e7\u00e3o de propagandas irregulares de produtos alimentares com o composto \u201cem desacordo com o regulamento t\u00e9cnico espec\u00edfico do produto\u201d.<\/p>\n<p>Al\u00e9m da comercializa\u00e7\u00e3o, a a\u00e7\u00e3o da ag\u00eancia inclui a distribui\u00e7\u00e3o, fabrica\u00e7\u00e3o, propaganda, uso e recolhimento.<\/p>\n<p>A ora-pro-n\u00f3bis \u00e9 uma planta aliment\u00edcia n\u00e3o-convencional (Panc). Diferentemente das hortali\u00e7as, legumes, gr\u00e3os e frutas convencionais, as pancs n\u00e3o s\u00e3o cultivadas em larga escala. Muitas, at\u00e9 mesmo, s\u00e3o consideradas ervas daninhas por crescerem nos quintais e beiras de estrada.<\/p>\n<p>Nos \u00faltimos anos, esses alimentos ganharam destaque na gastronomia e a ora-pro-nobis \u00e9 uma das mais conhecidas.<\/p>\n<p>Em geral, as Pancs t\u00eam em comum alt\u00edssima concentra\u00e7\u00e3o de vitaminas e minerais, em especial, ferro, c\u00e1lcio e antioxidantes.<\/p>\n<p>Isso fez com que nos \u00faltimos anos, surgissem in\u00fameros suplementos \u00e0 base de ora-pro-n\u00f3bis que prometem, entre outros benef\u00edcios, apoiar a sa\u00fade e o bem-estar geral, melhorando a digest\u00e3o, aumentando o sistema imunol\u00f3gico e promovendo uma pele saud\u00e1vel.<\/p>\n<p>No entanto, esse tipo de suplemento nunca foi liberado pela Anvisa e h\u00e1 anos, a ag\u00eancia combate sua comercializa\u00e7\u00e3o e divulga\u00e7\u00e3o.<\/p>\n<p>Justamente por esse tipo de produto n\u00e3o ser autorizado pela ag\u00eancia, n\u00e3o h\u00e1 qualquer padr\u00e3o ou fiscaliza\u00e7\u00e3o sobre sua composi\u00e7\u00e3o, o que pode colocar em risco a sa\u00fade dos usu\u00e1rios.<\/p>\n<p>Vale ressaltar suplementos alimentares, em geral, n\u00e3o podem ser comercializados como alternativas terap\u00eauticas.<\/p>\n","protected":false},"excerpt":{"rendered":"<p>A Ag\u00eancia Nacional de Vigil\u00e2ncia Sanit\u00e1ria (Anvisa) proibiu a comercializa\u00e7\u00e3o de suplementos alimentares de ora-pro-n\u00f3bis. De acordo com a ag\u00eancia, a ora-pro-n\u00f3bis (Pereskia aculeata), n\u00e3o \u00e9 autorizada como constituinte de suplementos alimentares. Na decis\u00e3o publicada na Resolu\u00e7\u00e3o-RE N\u00ba 1.282 na edi\u00e7\u00e3o desta quinta-feira (3) do Di\u00e1rio Oficial da Uni\u00e3o (DOU), a Anvisa tamb\u00e9m cita a veicula\u00e7\u00e3o de propagandas irregulares de produtos alimentares com o composto \u201cem desacordo com o regulamento t\u00e9cnico espec\u00edfico do produto\u201d. Al\u00e9m da comercializa\u00e7\u00e3o, a a\u00e7\u00e3o da ag\u00eancia inclui a distribui\u00e7\u00e3o, fabrica\u00e7\u00e3o, propaganda, uso e recolhimento. A ora-pro-n\u00f3bis \u00e9 uma planta aliment\u00edcia n\u00e3o-convencional (Panc). Diferentemente das hortali\u00e7as, [&hellip;]<\/p>\n","protected":false},"author":2,"featured_media":21798,"comment_status":"open","ping_status":"open","sticky":false,"template":"","format":"standard","meta":{"_jetpack_memberships_contains_paid_content":false,"footnotes":"","jetpack_publicize_message":"","jetpack_publicize_feature_enabled":true,"jetpack_social_post_already_shared":true,"jetpack_social_options":{"image_generator_settings":{"template":"highway","enabled":false},"version":2}},"categories":[1],"tags":[],"class_list":["post-21797","post","type-post","status-publish","format-standard","has-post-thumbnail","hentry","category-uncategorized"],"jetpack_publicize_connections":[],"yoast_head":"<!-- This site is optimized with the Yoast SEO plugin v24.7 - https:\/\/yoast.com\/wordpress\/plugins\/seo\/ -->\n<title>Anvisa pro\u00edbe suplementos alimentares a base de ora-pro-n\u00f3bis - Serra FM 87,9<\/title>\n<meta name=\"robots\" content=\"index, follow, max-snippet:-1, max-image-preview:large, max-video-preview:-1\" \/>\n<link rel=\"canonical\" href=\"https:\/\/serrafm879.com.br\/serrafm\/2025\/04\/anvisa-proibe-suplementos-alimentares-a-base-de-ora-pro-nobis\/\" \/>\n<meta property=\"og:locale\" content=\"pt_BR\" \/>\n<meta property=\"og:type\" content=\"article\" \/>\n<meta property=\"og:title\" content=\"Anvisa pro\u00edbe suplementos alimentares a base de ora-pro-n\u00f3bis - Serra FM 87,9\" \/>\n<meta property=\"og:description\" content=\"A Ag\u00eancia Nacional de Vigil\u00e2ncia Sanit\u00e1ria (Anvisa) proibiu a comercializa\u00e7\u00e3o de suplementos alimentares de ora-pro-n\u00f3bis. De acordo com a ag\u00eancia, a ora-pro-n\u00f3bis (Pereskia aculeata), n\u00e3o \u00e9 autorizada como constituinte de suplementos alimentares. Na decis\u00e3o publicada na Resolu\u00e7\u00e3o-RE N\u00ba 1.282 na edi\u00e7\u00e3o desta quinta-feira (3) do Di\u00e1rio Oficial da Uni\u00e3o (DOU), a Anvisa tamb\u00e9m cita a veicula\u00e7\u00e3o de propagandas irregulares de produtos alimentares com o composto \u201cem desacordo com o regulamento t\u00e9cnico espec\u00edfico do produto\u201d. Al\u00e9m da comercializa\u00e7\u00e3o, a a\u00e7\u00e3o da ag\u00eancia inclui a distribui\u00e7\u00e3o, fabrica\u00e7\u00e3o, propaganda, uso e recolhimento. A ora-pro-n\u00f3bis \u00e9 uma planta aliment\u00edcia n\u00e3o-convencional (Panc). Diferentemente das hortali\u00e7as, [&hellip;]\" \/>\n<meta property=\"og:url\" content=\"https:\/\/serrafm879.com.br\/serrafm\/2025\/04\/anvisa-proibe-suplementos-alimentares-a-base-de-ora-pro-nobis\/\" \/>\n<meta property=\"og:site_name\" content=\"Serra FM 87,9\" \/>\n<meta property=\"article:published_time\" content=\"2025-04-04T12:47:08+00:00\" \/>\n<meta property=\"og:image\" content=\"https:\/\/serrafm879.com.br\/serrafm\/wp-content\/uploads\/2025\/04\/transferir.jpg\" \/>\n\t<meta property=\"og:image:width\" content=\"276\" \/>\n\t<meta property=\"og:image:height\" content=\"183\" \/>\n\t<meta property=\"og:image:type\" content=\"image\/jpeg\" \/>\n<meta name=\"author\" content=\"serrafm87\" \/>\n<meta name=\"twitter:card\" content=\"summary_large_image\" \/>\n<meta name=\"twitter:label1\" content=\"Escrito por\" \/>\n\t<meta name=\"twitter:data1\" content=\"serrafm87\" \/>\n\t<meta name=\"twitter:label2\" content=\"Est. tempo de leitura\" \/>\n\t<meta name=\"twitter:data2\" content=\"2 minutos\" \/>\n<script type=\"application\/ld+json\" class=\"yoast-schema-graph\">{\"@context\":\"https:\/\/schema.org\",\"@graph\":[{\"@type\":\"WebPage\",\"@id\":\"https:\/\/serrafm879.com.br\/serrafm\/2025\/04\/anvisa-proibe-suplementos-alimentares-a-base-de-ora-pro-nobis\/\",\"url\":\"https:\/\/serrafm879.com.br\/serrafm\/2025\/04\/anvisa-proibe-suplementos-alimentares-a-base-de-ora-pro-nobis\/\",\"name\":\"Anvisa pro\u00edbe suplementos alimentares a base de ora-pro-n\u00f3bis - Serra FM 87,9\",\"isPartOf\":{\"@id\":\"https:\/\/serrafm879.com.br\/serrafm\/#website\"},\"primaryImageOfPage\":{\"@id\":\"https:\/\/serrafm879.com.br\/serrafm\/2025\/04\/anvisa-proibe-suplementos-alimentares-a-base-de-ora-pro-nobis\/#primaryimage\"},\"image\":{\"@id\":\"https:\/\/serrafm879.com.br\/serrafm\/2025\/04\/anvisa-proibe-suplementos-alimentares-a-base-de-ora-pro-nobis\/#primaryimage\"},\"thumbnailUrl\":\"https:\/\/serrafm879.com.br\/serrafm\/wp-content\/uploads\/2025\/04\/transferir.jpg\",\"datePublished\":\"2025-04-04T12:47:08+00:00\",\"author\":{\"@id\":\"https:\/\/serrafm879.com.br\/serrafm\/#\/schema\/person\/c028a197030ff8b1c03c68dfba4a787a\"},\"breadcrumb\":{\"@id\":\"https:\/\/serrafm879.com.br\/serrafm\/2025\/04\/anvisa-proibe-suplementos-alimentares-a-base-de-ora-pro-nobis\/#breadcrumb\"},\"inLanguage\":\"pt-BR\",\"potentialAction\":[{\"@type\":\"ReadAction\",\"target\":[\"https:\/\/serrafm879.com.br\/serrafm\/2025\/04\/anvisa-proibe-suplementos-alimentares-a-base-de-ora-pro-nobis\/\"]}]},{\"@type\":\"ImageObject\",\"inLanguage\":\"pt-BR\",\"@id\":\"https:\/\/serrafm879.com.br\/serrafm\/2025\/04\/anvisa-proibe-suplementos-alimentares-a-base-de-ora-pro-nobis\/#primaryimage\",\"url\":\"https:\/\/serrafm879.com.br\/serrafm\/wp-content\/uploads\/2025\/04\/transferir.jpg\",\"contentUrl\":\"https:\/\/serrafm879.com.br\/serrafm\/wp-content\/uploads\/2025\/04\/transferir.jpg\",\"width\":276,\"height\":183},{\"@type\":\"BreadcrumbList\",\"@id\":\"https:\/\/serrafm879.com.br\/serrafm\/2025\/04\/anvisa-proibe-suplementos-alimentares-a-base-de-ora-pro-nobis\/#breadcrumb\",\"itemListElement\":[{\"@type\":\"ListItem\",\"position\":1,\"name\":\"In\u00edcio\",\"item\":\"https:\/\/serrafm879.com.br\/serrafm\/\"},{\"@type\":\"ListItem\",\"position\":2,\"name\":\"Anvisa pro\u00edbe suplementos alimentares a base de ora-pro-n\u00f3bis\"}]},{\"@type\":\"WebSite\",\"@id\":\"https:\/\/serrafm879.com.br\/serrafm\/#website\",\"url\":\"https:\/\/serrafm879.com.br\/serrafm\/\",\"name\":\"Serra FM 87,9\",\"description\":\"O seu novo amor!\",\"potentialAction\":[{\"@type\":\"SearchAction\",\"target\":{\"@type\":\"EntryPoint\",\"urlTemplate\":\"https:\/\/serrafm879.com.br\/serrafm\/?s={search_term_string}\"},\"query-input\":{\"@type\":\"PropertyValueSpecification\",\"valueRequired\":true,\"valueName\":\"search_term_string\"}}],\"inLanguage\":\"pt-BR\"},{\"@type\":\"Person\",\"@id\":\"https:\/\/serrafm879.com.br\/serrafm\/#\/schema\/person\/c028a197030ff8b1c03c68dfba4a787a\",\"name\":\"serrafm87\",\"image\":{\"@type\":\"ImageObject\",\"inLanguage\":\"pt-BR\",\"@id\":\"https:\/\/serrafm879.com.br\/serrafm\/#\/schema\/person\/image\/\",\"url\":\"https:\/\/secure.gravatar.com\/avatar\/a743233f1112d34f48bb3dc9559b76eb930bab8b27175856cba6362608736235?s=96&d=mm&r=g\",\"contentUrl\":\"https:\/\/secure.gravatar.com\/avatar\/a743233f1112d34f48bb3dc9559b76eb930bab8b27175856cba6362608736235?s=96&d=mm&r=g\",\"caption\":\"serrafm87\"},\"sameAs\":[\"http:\/\/serrafm879.com.br\/\"],\"url\":\"https:\/\/serrafm879.com.br\/serrafm\/author\/serrafm87\/\"}]}<\/script>\n<!-- \/ Yoast SEO plugin. -->","yoast_head_json":{"title":"Anvisa pro\u00edbe suplementos alimentares a base de ora-pro-n\u00f3bis - Serra FM 87,9","robots":{"index":"index","follow":"follow","max-snippet":"max-snippet:-1","max-image-preview":"max-image-preview:large","max-video-preview":"max-video-preview:-1"},"canonical":"https:\/\/serrafm879.com.br\/serrafm\/2025\/04\/anvisa-proibe-suplementos-alimentares-a-base-de-ora-pro-nobis\/","og_locale":"pt_BR","og_type":"article","og_title":"Anvisa pro\u00edbe suplementos alimentares a base de ora-pro-n\u00f3bis - Serra FM 87,9","og_description":"A Ag\u00eancia Nacional de Vigil\u00e2ncia Sanit\u00e1ria (Anvisa) proibiu a comercializa\u00e7\u00e3o de suplementos alimentares de ora-pro-n\u00f3bis. De acordo com a ag\u00eancia, a ora-pro-n\u00f3bis (Pereskia aculeata), n\u00e3o \u00e9 autorizada como constituinte de suplementos alimentares. Na decis\u00e3o publicada na Resolu\u00e7\u00e3o-RE N\u00ba 1.282 na edi\u00e7\u00e3o desta quinta-feira (3) do Di\u00e1rio Oficial da Uni\u00e3o (DOU), a Anvisa tamb\u00e9m cita a veicula\u00e7\u00e3o de propagandas irregulares de produtos alimentares com o composto \u201cem desacordo com o regulamento t\u00e9cnico espec\u00edfico do produto\u201d. Al\u00e9m da comercializa\u00e7\u00e3o, a a\u00e7\u00e3o da ag\u00eancia inclui a distribui\u00e7\u00e3o, fabrica\u00e7\u00e3o, propaganda, uso e recolhimento. A ora-pro-n\u00f3bis \u00e9 uma planta aliment\u00edcia n\u00e3o-convencional (Panc). Diferentemente das hortali\u00e7as, [&hellip;]","og_url":"https:\/\/serrafm879.com.br\/serrafm\/2025\/04\/anvisa-proibe-suplementos-alimentares-a-base-de-ora-pro-nobis\/","og_site_name":"Serra FM 87,9","article_published_time":"2025-04-04T12:47:08+00:00","og_image":[{"width":276,"height":183,"url":"https:\/\/serrafm879.com.br\/serrafm\/wp-content\/uploads\/2025\/04\/transferir.jpg","type":"image\/jpeg"}],"author":"serrafm87","twitter_card":"summary_large_image","twitter_misc":{"Escrito por":"serrafm87","Est. tempo de leitura":"2 minutos"},"schema":{"@context":"https:\/\/schema.org","@graph":[{"@type":"WebPage","@id":"https:\/\/serrafm879.com.br\/serrafm\/2025\/04\/anvisa-proibe-suplementos-alimentares-a-base-de-ora-pro-nobis\/","url":"https:\/\/serrafm879.com.br\/serrafm\/2025\/04\/anvisa-proibe-suplementos-alimentares-a-base-de-ora-pro-nobis\/","name":"Anvisa pro\u00edbe suplementos alimentares a base de ora-pro-n\u00f3bis - Serra FM 87,9","isPartOf":{"@id":"https:\/\/serrafm879.com.br\/serrafm\/#website"},"primaryImageOfPage":{"@id":"https:\/\/serrafm879.com.br\/serrafm\/2025\/04\/anvisa-proibe-suplementos-alimentares-a-base-de-ora-pro-nobis\/#primaryimage"},"image":{"@id":"https:\/\/serrafm879.com.br\/serrafm\/2025\/04\/anvisa-proibe-suplementos-alimentares-a-base-de-ora-pro-nobis\/#primaryimage"},"thumbnailUrl":"https:\/\/serrafm879.com.br\/serrafm\/wp-content\/uploads\/2025\/04\/transferir.jpg","datePublished":"2025-04-04T12:47:08+00:00","author":{"@id":"https:\/\/serrafm879.com.br\/serrafm\/#\/schema\/person\/c028a197030ff8b1c03c68dfba4a787a"},"breadcrumb":{"@id":"https:\/\/serrafm879.com.br\/serrafm\/2025\/04\/anvisa-proibe-suplementos-alimentares-a-base-de-ora-pro-nobis\/#breadcrumb"},"inLanguage":"pt-BR","potentialAction":[{"@type":"ReadAction","target":["https:\/\/serrafm879.com.br\/serrafm\/2025\/04\/anvisa-proibe-suplementos-alimentares-a-base-de-ora-pro-nobis\/"]}]},{"@type":"ImageObject","inLanguage":"pt-BR","@id":"https:\/\/serrafm879.com.br\/serrafm\/2025\/04\/anvisa-proibe-suplementos-alimentares-a-base-de-ora-pro-nobis\/#primaryimage","url":"https:\/\/serrafm879.com.br\/serrafm\/wp-content\/uploads\/2025\/04\/transferir.jpg","contentUrl":"https:\/\/serrafm879.com.br\/serrafm\/wp-content\/uploads\/2025\/04\/transferir.jpg","width":276,"height":183},{"@type":"BreadcrumbList","@id":"https:\/\/serrafm879.com.br\/serrafm\/2025\/04\/anvisa-proibe-suplementos-alimentares-a-base-de-ora-pro-nobis\/#breadcrumb","itemListElement":[{"@type":"ListItem","position":1,"name":"In\u00edcio","item":"https:\/\/serrafm879.com.br\/serrafm\/"},{"@type":"ListItem","position":2,"name":"Anvisa pro\u00edbe suplementos alimentares a base de ora-pro-n\u00f3bis"}]},{"@type":"WebSite","@id":"https:\/\/serrafm879.com.br\/serrafm\/#website","url":"https:\/\/serrafm879.com.br\/serrafm\/","name":"Serra FM 87,9","description":"O seu novo amor!","potentialAction":[{"@type":"SearchAction","target":{"@type":"EntryPoint","urlTemplate":"https:\/\/serrafm879.com.br\/serrafm\/?s={search_term_string}"},"query-input":{"@type":"PropertyValueSpecification","valueRequired":true,"valueName":"search_term_string"}}],"inLanguage":"pt-BR"},{"@type":"Person","@id":"https:\/\/serrafm879.com.br\/serrafm\/#\/schema\/person\/c028a197030ff8b1c03c68dfba4a787a","name":"serrafm87","image":{"@type":"ImageObject","inLanguage":"pt-BR","@id":"https:\/\/serrafm879.com.br\/serrafm\/#\/schema\/person\/image\/","url":"https:\/\/secure.gravatar.com\/avatar\/a743233f1112d34f48bb3dc9559b76eb930bab8b27175856cba6362608736235?s=96&d=mm&r=g","contentUrl":"https:\/\/secure.gravatar.com\/avatar\/a743233f1112d34f48bb3dc9559b76eb930bab8b27175856cba6362608736235?s=96&d=mm&r=g","caption":"serrafm87"},"sameAs":["http:\/\/serrafm879.com.br\/"],"url":"https:\/\/serrafm879.com.br\/serrafm\/author\/serrafm87\/"}]}},"jetpack_featured_media_url":"https:\/\/serrafm879.com.br\/serrafm\/wp-content\/uploads\/2025\/04\/transferir.jpg","jetpack_shortlink":"https:\/\/wp.me\/p7HyXg-5Fz","jetpack_sharing_enabled":true,"_links":{"self":[{"href":"https:\/\/serrafm879.com.br\/serrafm\/wp-json\/wp\/v2\/posts\/21797","targetHints":{"allow":["GET"]}}],"collection":[{"href":"https:\/\/serrafm879.com.br\/serrafm\/wp-json\/wp\/v2\/posts"}],"about":[{"href":"https:\/\/serrafm879.com.br\/serrafm\/wp-json\/wp\/v2\/types\/post"}],"author":[{"embeddable":true,"href":"https:\/\/serrafm879.com.br\/serrafm\/wp-json\/wp\/v2\/users\/2"}],"replies":[{"embeddable":true,"href":"https:\/\/serrafm879.com.br\/serrafm\/wp-json\/wp\/v2\/comments?post=21797"}],"version-history":[{"count":1,"href":"https:\/\/serrafm879.com.br\/serrafm\/wp-json\/wp\/v2\/posts\/21797\/revisions"}],"predecessor-version":[{"id":21799,"href":"https:\/\/serrafm879.com.br\/serrafm\/wp-json\/wp\/v2\/posts\/21797\/revisions\/21799"}],"wp:featuredmedia":[{"embeddable":true,"href":"https:\/\/serrafm879.com.br\/serrafm\/wp-json\/wp\/v2\/media\/21798"}],"wp:attachment":[{"href":"https:\/\/serrafm879.com.br\/serrafm\/wp-json\/wp\/v2\/media?parent=21797"}],"wp:term":[{"taxonomy":"category","embeddable":true,"href":"https:\/\/serrafm879.com.br\/serrafm\/wp-json\/wp\/v2\/categories?post=21797"},{"taxonomy":"post_tag","embeddable":true,"href":"https:\/\/serrafm879.com.br\/serrafm\/wp-json\/wp\/v2\/tags?post=21797"}],"curies":[{"name":"wp","href":"https:\/\/api.w.org\/{rel}","templated":true}]}}