{"id":21850,"date":"2025-04-07T09:03:45","date_gmt":"2025-04-07T12:03:45","guid":{"rendered":"https:\/\/serrafm879.com.br\/serrafm\/?p=21850"},"modified":"2025-04-07T09:03:45","modified_gmt":"2025-04-07T12:03:45","slug":"ladrao-de-panelas-e-detergente-e-preso-apos-furto-em-residencia-no-bairro-nossa-senhora-da-penha","status":"publish","type":"post","link":"https:\/\/serrafm879.com.br\/serrafm\/2025\/04\/ladrao-de-panelas-e-detergente-e-preso-apos-furto-em-residencia-no-bairro-nossa-senhora-da-penha\/","title":{"rendered":"Ladr\u00e3o de panelas e detergente \u00e9 preso ap\u00f3s furto em resid\u00eancia no bairro Nossa Senhora da Penha"},"content":{"rendered":"<p>Na noite deste domingo (6), um homem identificado como Wellington dos Santos Melo foi preso em flagrante ap\u00f3s invadir uma resid\u00eancia nas proximidades da Escola Nova Gera\u00e7\u00e3o, em Serra Talhada, no Sert\u00e3o de Pernambuco.<\/p>\n<p>De acordo com informa\u00e7\u00f5es preliminares, o indiv\u00edduo teria furtado panelas e detergente da casa. Ap\u00f3s sair do local com os objetos, sua atitude suspeita chamou a aten\u00e7\u00e3o de populares, que prontamente acionaram a Pol\u00edcia Militar.<\/p>\n<p class=\"p1\">A guarni\u00e7\u00e3o foi acionada e iniciou o encal\u00e7o do suspeito, conseguindo captur\u00e1-lo ainda nas imedia\u00e7\u00f5es. No momento da pris\u00e3o, o homem estava de posse dos itens furtados.<\/p>\n<p class=\"p1\">A ocorr\u00eancia est\u00e1 em andamento e foi encaminhada para a Delegacia de Pol\u00edcia Civil de Serra Talhada, onde o caso est\u00e1 sendo registrado e as medidas cab\u00edveis ser\u00e3o adotadas.<\/p>\n<p>Serra FM com informa\u00e7\u00f5es do Rep\u00f3rter Ligeirinho<\/p>\n","protected":false},"excerpt":{"rendered":"<p>Na noite deste domingo (6), um homem identificado como Wellington dos Santos Melo foi preso em flagrante ap\u00f3s invadir uma resid\u00eancia nas proximidades da Escola Nova Gera\u00e7\u00e3o, em Serra Talhada, no Sert\u00e3o de Pernambuco. De acordo com informa\u00e7\u00f5es preliminares, o indiv\u00edduo teria furtado panelas e detergente da casa. Ap\u00f3s sair do local com os objetos, sua atitude suspeita chamou a aten\u00e7\u00e3o de populares, que prontamente acionaram a Pol\u00edcia Militar. A guarni\u00e7\u00e3o foi acionada e iniciou o encal\u00e7o do suspeito, conseguindo captur\u00e1-lo ainda nas imedia\u00e7\u00f5es. No momento da pris\u00e3o, o homem estava de posse dos itens furtados. A ocorr\u00eancia est\u00e1 em [&hellip;]<\/p>\n","protected":false},"author":2,"featured_media":21851,"comment_status":"open","ping_status":"open","sticky":false,"template":"","format":"standard","meta":{"_jetpack_memberships_contains_paid_content":false,"footnotes":"","jetpack_publicize_message":"","jetpack_publicize_feature_enabled":true,"jetpack_social_post_already_shared":true,"jetpack_social_options":{"image_generator_settings":{"template":"highway","enabled":false},"version":2}},"categories":[1],"tags":[],"class_list":["post-21850","post","type-post","status-publish","format-standard","has-post-thumbnail","hentry","category-uncategorized"],"jetpack_publicize_connections":[],"yoast_head":"<!-- This site is optimized with the Yoast SEO plugin v24.7 - https:\/\/yoast.com\/wordpress\/plugins\/seo\/ -->\n<title>Ladr\u00e3o de panelas e detergente \u00e9 preso ap\u00f3s furto em resid\u00eancia no bairro Nossa Senhora da Penha - Serra FM 87,9<\/title>\n<meta name=\"robots\" content=\"index, follow, max-snippet:-1, max-image-preview:large, max-video-preview:-1\" \/>\n<link rel=\"canonical\" href=\"https:\/\/serrafm879.com.br\/serrafm\/2025\/04\/ladrao-de-panelas-e-detergente-e-preso-apos-furto-em-residencia-no-bairro-nossa-senhora-da-penha\/\" \/>\n<meta property=\"og:locale\" content=\"pt_BR\" \/>\n<meta property=\"og:type\" content=\"article\" \/>\n<meta property=\"og:title\" content=\"Ladr\u00e3o de panelas e detergente \u00e9 preso ap\u00f3s furto em resid\u00eancia no bairro Nossa Senhora da Penha - Serra FM 87,9\" \/>\n<meta property=\"og:description\" content=\"Na noite deste domingo (6), um homem identificado como Wellington dos Santos Melo foi preso em flagrante ap\u00f3s invadir uma resid\u00eancia nas proximidades da Escola Nova Gera\u00e7\u00e3o, em Serra Talhada, no Sert\u00e3o de Pernambuco. De acordo com informa\u00e7\u00f5es preliminares, o indiv\u00edduo teria furtado panelas e detergente da casa. Ap\u00f3s sair do local com os objetos, sua atitude suspeita chamou a aten\u00e7\u00e3o de populares, que prontamente acionaram a Pol\u00edcia Militar. A guarni\u00e7\u00e3o foi acionada e iniciou o encal\u00e7o do suspeito, conseguindo captur\u00e1-lo ainda nas imedia\u00e7\u00f5es. No momento da pris\u00e3o, o homem estava de posse dos itens furtados. A ocorr\u00eancia est\u00e1 em [&hellip;]\" \/>\n<meta property=\"og:url\" content=\"https:\/\/serrafm879.com.br\/serrafm\/2025\/04\/ladrao-de-panelas-e-detergente-e-preso-apos-furto-em-residencia-no-bairro-nossa-senhora-da-penha\/\" \/>\n<meta property=\"og:site_name\" content=\"Serra FM 87,9\" \/>\n<meta property=\"article:published_time\" content=\"2025-04-07T12:03:45+00:00\" \/>\n<meta property=\"og:image\" content=\"https:\/\/serrafm879.com.br\/serrafm\/wp-content\/uploads\/2025\/04\/Captura-de-tela-2025-04-07-090304.png\" \/>\n\t<meta property=\"og:image:width\" content=\"550\" \/>\n\t<meta property=\"og:image:height\" content=\"310\" \/>\n\t<meta property=\"og:image:type\" content=\"image\/png\" \/>\n<meta name=\"author\" content=\"serrafm87\" \/>\n<meta name=\"twitter:card\" content=\"summary_large_image\" \/>\n<meta name=\"twitter:label1\" content=\"Escrito por\" \/>\n\t<meta name=\"twitter:data1\" content=\"serrafm87\" \/>\n\t<meta name=\"twitter:label2\" content=\"Est. tempo de leitura\" \/>\n\t<meta name=\"twitter:data2\" content=\"1 minuto\" \/>\n<script type=\"application\/ld+json\" class=\"yoast-schema-graph\">{\"@context\":\"https:\/\/schema.org\",\"@graph\":[{\"@type\":\"WebPage\",\"@id\":\"https:\/\/serrafm879.com.br\/serrafm\/2025\/04\/ladrao-de-panelas-e-detergente-e-preso-apos-furto-em-residencia-no-bairro-nossa-senhora-da-penha\/\",\"url\":\"https:\/\/serrafm879.com.br\/serrafm\/2025\/04\/ladrao-de-panelas-e-detergente-e-preso-apos-furto-em-residencia-no-bairro-nossa-senhora-da-penha\/\",\"name\":\"Ladr\u00e3o de panelas e detergente \u00e9 preso ap\u00f3s furto em resid\u00eancia no bairro Nossa Senhora da Penha - Serra FM 87,9\",\"isPartOf\":{\"@id\":\"https:\/\/serrafm879.com.br\/serrafm\/#website\"},\"primaryImageOfPage\":{\"@id\":\"https:\/\/serrafm879.com.br\/serrafm\/2025\/04\/ladrao-de-panelas-e-detergente-e-preso-apos-furto-em-residencia-no-bairro-nossa-senhora-da-penha\/#primaryimage\"},\"image\":{\"@id\":\"https:\/\/serrafm879.com.br\/serrafm\/2025\/04\/ladrao-de-panelas-e-detergente-e-preso-apos-furto-em-residencia-no-bairro-nossa-senhora-da-penha\/#primaryimage\"},\"thumbnailUrl\":\"https:\/\/serrafm879.com.br\/serrafm\/wp-content\/uploads\/2025\/04\/Captura-de-tela-2025-04-07-090304.png\",\"datePublished\":\"2025-04-07T12:03:45+00:00\",\"author\":{\"@id\":\"https:\/\/serrafm879.com.br\/serrafm\/#\/schema\/person\/c028a197030ff8b1c03c68dfba4a787a\"},\"breadcrumb\":{\"@id\":\"https:\/\/serrafm879.com.br\/serrafm\/2025\/04\/ladrao-de-panelas-e-detergente-e-preso-apos-furto-em-residencia-no-bairro-nossa-senhora-da-penha\/#breadcrumb\"},\"inLanguage\":\"pt-BR\",\"potentialAction\":[{\"@type\":\"ReadAction\",\"target\":[\"https:\/\/serrafm879.com.br\/serrafm\/2025\/04\/ladrao-de-panelas-e-detergente-e-preso-apos-furto-em-residencia-no-bairro-nossa-senhora-da-penha\/\"]}]},{\"@type\":\"ImageObject\",\"inLanguage\":\"pt-BR\",\"@id\":\"https:\/\/serrafm879.com.br\/serrafm\/2025\/04\/ladrao-de-panelas-e-detergente-e-preso-apos-furto-em-residencia-no-bairro-nossa-senhora-da-penha\/#primaryimage\",\"url\":\"https:\/\/serrafm879.com.br\/serrafm\/wp-content\/uploads\/2025\/04\/Captura-de-tela-2025-04-07-090304.png\",\"contentUrl\":\"https:\/\/serrafm879.com.br\/serrafm\/wp-content\/uploads\/2025\/04\/Captura-de-tela-2025-04-07-090304.png\",\"width\":550,\"height\":310},{\"@type\":\"BreadcrumbList\",\"@id\":\"https:\/\/serrafm879.com.br\/serrafm\/2025\/04\/ladrao-de-panelas-e-detergente-e-preso-apos-furto-em-residencia-no-bairro-nossa-senhora-da-penha\/#breadcrumb\",\"itemListElement\":[{\"@type\":\"ListItem\",\"position\":1,\"name\":\"In\u00edcio\",\"item\":\"https:\/\/serrafm879.com.br\/serrafm\/\"},{\"@type\":\"ListItem\",\"position\":2,\"name\":\"Ladr\u00e3o de panelas e detergente \u00e9 preso ap\u00f3s furto em resid\u00eancia no bairro Nossa Senhora da Penha\"}]},{\"@type\":\"WebSite\",\"@id\":\"https:\/\/serrafm879.com.br\/serrafm\/#website\",\"url\":\"https:\/\/serrafm879.com.br\/serrafm\/\",\"name\":\"Serra FM 87,9\",\"description\":\"O seu novo amor!\",\"potentialAction\":[{\"@type\":\"SearchAction\",\"target\":{\"@type\":\"EntryPoint\",\"urlTemplate\":\"https:\/\/serrafm879.com.br\/serrafm\/?s={search_term_string}\"},\"query-input\":{\"@type\":\"PropertyValueSpecification\",\"valueRequired\":true,\"valueName\":\"search_term_string\"}}],\"inLanguage\":\"pt-BR\"},{\"@type\":\"Person\",\"@id\":\"https:\/\/serrafm879.com.br\/serrafm\/#\/schema\/person\/c028a197030ff8b1c03c68dfba4a787a\",\"name\":\"serrafm87\",\"image\":{\"@type\":\"ImageObject\",\"inLanguage\":\"pt-BR\",\"@id\":\"https:\/\/serrafm879.com.br\/serrafm\/#\/schema\/person\/image\/\",\"url\":\"https:\/\/secure.gravatar.com\/avatar\/a743233f1112d34f48bb3dc9559b76eb930bab8b27175856cba6362608736235?s=96&d=mm&r=g\",\"contentUrl\":\"https:\/\/secure.gravatar.com\/avatar\/a743233f1112d34f48bb3dc9559b76eb930bab8b27175856cba6362608736235?s=96&d=mm&r=g\",\"caption\":\"serrafm87\"},\"sameAs\":[\"http:\/\/serrafm879.com.br\/\"],\"url\":\"https:\/\/serrafm879.com.br\/serrafm\/author\/serrafm87\/\"}]}<\/script>\n<!-- \/ Yoast SEO plugin. -->","yoast_head_json":{"title":"Ladr\u00e3o de panelas e detergente \u00e9 preso ap\u00f3s furto em resid\u00eancia no bairro Nossa Senhora da Penha - Serra FM 87,9","robots":{"index":"index","follow":"follow","max-snippet":"max-snippet:-1","max-image-preview":"max-image-preview:large","max-video-preview":"max-video-preview:-1"},"canonical":"https:\/\/serrafm879.com.br\/serrafm\/2025\/04\/ladrao-de-panelas-e-detergente-e-preso-apos-furto-em-residencia-no-bairro-nossa-senhora-da-penha\/","og_locale":"pt_BR","og_type":"article","og_title":"Ladr\u00e3o de panelas e detergente \u00e9 preso ap\u00f3s furto em resid\u00eancia no bairro Nossa Senhora da Penha - Serra FM 87,9","og_description":"Na noite deste domingo (6), um homem identificado como Wellington dos Santos Melo foi preso em flagrante ap\u00f3s invadir uma resid\u00eancia nas proximidades da Escola Nova Gera\u00e7\u00e3o, em Serra Talhada, no Sert\u00e3o de Pernambuco. De acordo com informa\u00e7\u00f5es preliminares, o indiv\u00edduo teria furtado panelas e detergente da casa. Ap\u00f3s sair do local com os objetos, sua atitude suspeita chamou a aten\u00e7\u00e3o de populares, que prontamente acionaram a Pol\u00edcia Militar. A guarni\u00e7\u00e3o foi acionada e iniciou o encal\u00e7o do suspeito, conseguindo captur\u00e1-lo ainda nas imedia\u00e7\u00f5es. No momento da pris\u00e3o, o homem estava de posse dos itens furtados. A ocorr\u00eancia est\u00e1 em [&hellip;]","og_url":"https:\/\/serrafm879.com.br\/serrafm\/2025\/04\/ladrao-de-panelas-e-detergente-e-preso-apos-furto-em-residencia-no-bairro-nossa-senhora-da-penha\/","og_site_name":"Serra FM 87,9","article_published_time":"2025-04-07T12:03:45+00:00","og_image":[{"width":550,"height":310,"url":"https:\/\/serrafm879.com.br\/serrafm\/wp-content\/uploads\/2025\/04\/Captura-de-tela-2025-04-07-090304.png","type":"image\/png"}],"author":"serrafm87","twitter_card":"summary_large_image","twitter_misc":{"Escrito por":"serrafm87","Est. tempo de leitura":"1 minuto"},"schema":{"@context":"https:\/\/schema.org","@graph":[{"@type":"WebPage","@id":"https:\/\/serrafm879.com.br\/serrafm\/2025\/04\/ladrao-de-panelas-e-detergente-e-preso-apos-furto-em-residencia-no-bairro-nossa-senhora-da-penha\/","url":"https:\/\/serrafm879.com.br\/serrafm\/2025\/04\/ladrao-de-panelas-e-detergente-e-preso-apos-furto-em-residencia-no-bairro-nossa-senhora-da-penha\/","name":"Ladr\u00e3o de panelas e detergente \u00e9 preso ap\u00f3s furto em resid\u00eancia no bairro Nossa Senhora da Penha - Serra FM 87,9","isPartOf":{"@id":"https:\/\/serrafm879.com.br\/serrafm\/#website"},"primaryImageOfPage":{"@id":"https:\/\/serrafm879.com.br\/serrafm\/2025\/04\/ladrao-de-panelas-e-detergente-e-preso-apos-furto-em-residencia-no-bairro-nossa-senhora-da-penha\/#primaryimage"},"image":{"@id":"https:\/\/serrafm879.com.br\/serrafm\/2025\/04\/ladrao-de-panelas-e-detergente-e-preso-apos-furto-em-residencia-no-bairro-nossa-senhora-da-penha\/#primaryimage"},"thumbnailUrl":"https:\/\/serrafm879.com.br\/serrafm\/wp-content\/uploads\/2025\/04\/Captura-de-tela-2025-04-07-090304.png","datePublished":"2025-04-07T12:03:45+00:00","author":{"@id":"https:\/\/serrafm879.com.br\/serrafm\/#\/schema\/person\/c028a197030ff8b1c03c68dfba4a787a"},"breadcrumb":{"@id":"https:\/\/serrafm879.com.br\/serrafm\/2025\/04\/ladrao-de-panelas-e-detergente-e-preso-apos-furto-em-residencia-no-bairro-nossa-senhora-da-penha\/#breadcrumb"},"inLanguage":"pt-BR","potentialAction":[{"@type":"ReadAction","target":["https:\/\/serrafm879.com.br\/serrafm\/2025\/04\/ladrao-de-panelas-e-detergente-e-preso-apos-furto-em-residencia-no-bairro-nossa-senhora-da-penha\/"]}]},{"@type":"ImageObject","inLanguage":"pt-BR","@id":"https:\/\/serrafm879.com.br\/serrafm\/2025\/04\/ladrao-de-panelas-e-detergente-e-preso-apos-furto-em-residencia-no-bairro-nossa-senhora-da-penha\/#primaryimage","url":"https:\/\/serrafm879.com.br\/serrafm\/wp-content\/uploads\/2025\/04\/Captura-de-tela-2025-04-07-090304.png","contentUrl":"https:\/\/serrafm879.com.br\/serrafm\/wp-content\/uploads\/2025\/04\/Captura-de-tela-2025-04-07-090304.png","width":550,"height":310},{"@type":"BreadcrumbList","@id":"https:\/\/serrafm879.com.br\/serrafm\/2025\/04\/ladrao-de-panelas-e-detergente-e-preso-apos-furto-em-residencia-no-bairro-nossa-senhora-da-penha\/#breadcrumb","itemListElement":[{"@type":"ListItem","position":1,"name":"In\u00edcio","item":"https:\/\/serrafm879.com.br\/serrafm\/"},{"@type":"ListItem","position":2,"name":"Ladr\u00e3o de panelas e detergente \u00e9 preso ap\u00f3s furto em resid\u00eancia no bairro Nossa Senhora da Penha"}]},{"@type":"WebSite","@id":"https:\/\/serrafm879.com.br\/serrafm\/#website","url":"https:\/\/serrafm879.com.br\/serrafm\/","name":"Serra FM 87,9","description":"O seu novo amor!","potentialAction":[{"@type":"SearchAction","target":{"@type":"EntryPoint","urlTemplate":"https:\/\/serrafm879.com.br\/serrafm\/?s={search_term_string}"},"query-input":{"@type":"PropertyValueSpecification","valueRequired":true,"valueName":"search_term_string"}}],"inLanguage":"pt-BR"},{"@type":"Person","@id":"https:\/\/serrafm879.com.br\/serrafm\/#\/schema\/person\/c028a197030ff8b1c03c68dfba4a787a","name":"serrafm87","image":{"@type":"ImageObject","inLanguage":"pt-BR","@id":"https:\/\/serrafm879.com.br\/serrafm\/#\/schema\/person\/image\/","url":"https:\/\/secure.gravatar.com\/avatar\/a743233f1112d34f48bb3dc9559b76eb930bab8b27175856cba6362608736235?s=96&d=mm&r=g","contentUrl":"https:\/\/secure.gravatar.com\/avatar\/a743233f1112d34f48bb3dc9559b76eb930bab8b27175856cba6362608736235?s=96&d=mm&r=g","caption":"serrafm87"},"sameAs":["http:\/\/serrafm879.com.br\/"],"url":"https:\/\/serrafm879.com.br\/serrafm\/author\/serrafm87\/"}]}},"jetpack_featured_media_url":"https:\/\/serrafm879.com.br\/serrafm\/wp-content\/uploads\/2025\/04\/Captura-de-tela-2025-04-07-090304.png","jetpack_shortlink":"https:\/\/wp.me\/p7HyXg-5Gq","jetpack_sharing_enabled":true,"_links":{"self":[{"href":"https:\/\/serrafm879.com.br\/serrafm\/wp-json\/wp\/v2\/posts\/21850","targetHints":{"allow":["GET"]}}],"collection":[{"href":"https:\/\/serrafm879.com.br\/serrafm\/wp-json\/wp\/v2\/posts"}],"about":[{"href":"https:\/\/serrafm879.com.br\/serrafm\/wp-json\/wp\/v2\/types\/post"}],"author":[{"embeddable":true,"href":"https:\/\/serrafm879.com.br\/serrafm\/wp-json\/wp\/v2\/users\/2"}],"replies":[{"embeddable":true,"href":"https:\/\/serrafm879.com.br\/serrafm\/wp-json\/wp\/v2\/comments?post=21850"}],"version-history":[{"count":1,"href":"https:\/\/serrafm879.com.br\/serrafm\/wp-json\/wp\/v2\/posts\/21850\/revisions"}],"predecessor-version":[{"id":21852,"href":"https:\/\/serrafm879.com.br\/serrafm\/wp-json\/wp\/v2\/posts\/21850\/revisions\/21852"}],"wp:featuredmedia":[{"embeddable":true,"href":"https:\/\/serrafm879.com.br\/serrafm\/wp-json\/wp\/v2\/media\/21851"}],"wp:attachment":[{"href":"https:\/\/serrafm879.com.br\/serrafm\/wp-json\/wp\/v2\/media?parent=21850"}],"wp:term":[{"taxonomy":"category","embeddable":true,"href":"https:\/\/serrafm879.com.br\/serrafm\/wp-json\/wp\/v2\/categories?post=21850"},{"taxonomy":"post_tag","embeddable":true,"href":"https:\/\/serrafm879.com.br\/serrafm\/wp-json\/wp\/v2\/tags?post=21850"}],"curies":[{"name":"wp","href":"https:\/\/api.w.org\/{rel}","templated":true}]}}