{"id":21853,"date":"2025-04-07T09:11:29","date_gmt":"2025-04-07T12:11:29","guid":{"rendered":"https:\/\/serrafm879.com.br\/serrafm\/?p=21853"},"modified":"2025-04-07T09:11:29","modified_gmt":"2025-04-07T12:11:29","slug":"tentativa-de-homicidio-e-registrada-em-bairro-de-serra-talhada-nesse-domingo-6","status":"publish","type":"post","link":"https:\/\/serrafm879.com.br\/serrafm\/2025\/04\/tentativa-de-homicidio-e-registrada-em-bairro-de-serra-talhada-nesse-domingo-6\/","title":{"rendered":"Tentativa de homic\u00eddio \u00e9 registrada em bairro de Serra Talhada, nesse domingo (6)"},"content":{"rendered":"<p>O domingo (6) em Serra Talhada foi agitado ap\u00f3s uma tentativa de homic\u00eddio. O fato ocorreu no bairro Tancredo Neves. Tr\u00eas amigos consumiam bebida alco\u00f3lica numa resid\u00eancia, quando de repente come\u00e7ou um desentendimento entre dois envolvidos.<\/p>\n<p>De acordo com as informa\u00e7\u00f5es, o agressor pegou uma faca peixeira afirmando que iria \u2018resolver\u2019 matar um e &#8216;cortar&#8217; o pesco\u00e7o do outro. Um homem levou v\u00e1rios golpes de faca peixeira nas costas e no ombro.<\/p>\n<p>Segundo a pol\u00edcia, o homem ferido s\u00f3 n\u00e3o foi morto no local porque um outro homem entrou em luta corporal com o imputado, tomando a faca das m\u00e3os do agressor e jogando em cima de um telhado. Ele tamb\u00e9m se feriu.<\/p>\n<p>No bolso do agressor, que foi detido e conduzido \u00e0 delegacia de Pol\u00edcia Civil, foram encontrados tr\u00eas peda\u00e7os de ferro com pontas afiadas, e uma chave de fenda. A faca tamb\u00e9m foi localizada, ainda suja de sangue.<\/p>\n<p>As v\u00edtimas foram socorridas pelo Servi\u00e7o de Atendimento M\u00f3vel Urbano (SAMU) para o Hospital Eduardo Campos (HEC) e n\u00e3o correm risco de morte.<\/p>\n","protected":false},"excerpt":{"rendered":"<p>O domingo (6) em Serra Talhada foi agitado ap\u00f3s uma tentativa de homic\u00eddio. O fato ocorreu no bairro Tancredo Neves. Tr\u00eas amigos consumiam bebida alco\u00f3lica numa resid\u00eancia, quando de repente come\u00e7ou um desentendimento entre dois envolvidos. De acordo com as informa\u00e7\u00f5es, o agressor pegou uma faca peixeira afirmando que iria \u2018resolver\u2019 matar um e &#8216;cortar&#8217; o pesco\u00e7o do outro. Um homem levou v\u00e1rios golpes de faca peixeira nas costas e no ombro. Segundo a pol\u00edcia, o homem ferido s\u00f3 n\u00e3o foi morto no local porque um outro homem entrou em luta corporal com o imputado, tomando a faca das m\u00e3os [&hellip;]<\/p>\n","protected":false},"author":2,"featured_media":15882,"comment_status":"open","ping_status":"open","sticky":false,"template":"","format":"standard","meta":{"_jetpack_memberships_contains_paid_content":false,"footnotes":"","jetpack_publicize_message":"","jetpack_publicize_feature_enabled":true,"jetpack_social_post_already_shared":true,"jetpack_social_options":{"image_generator_settings":{"template":"highway","enabled":false},"version":2}},"categories":[1],"tags":[],"class_list":["post-21853","post","type-post","status-publish","format-standard","has-post-thumbnail","hentry","category-uncategorized"],"jetpack_publicize_connections":[],"yoast_head":"<!-- This site is optimized with the Yoast SEO plugin v24.7 - https:\/\/yoast.com\/wordpress\/plugins\/seo\/ -->\n<title>Tentativa de homic\u00eddio \u00e9 registrada em bairro de Serra Talhada, nesse domingo (6) - Serra FM 87,9<\/title>\n<meta name=\"robots\" content=\"index, follow, max-snippet:-1, max-image-preview:large, max-video-preview:-1\" \/>\n<link rel=\"canonical\" href=\"https:\/\/serrafm879.com.br\/serrafm\/2025\/04\/tentativa-de-homicidio-e-registrada-em-bairro-de-serra-talhada-nesse-domingo-6\/\" \/>\n<meta property=\"og:locale\" content=\"pt_BR\" \/>\n<meta property=\"og:type\" content=\"article\" \/>\n<meta property=\"og:title\" content=\"Tentativa de homic\u00eddio \u00e9 registrada em bairro de Serra Talhada, nesse domingo (6) - Serra FM 87,9\" \/>\n<meta property=\"og:description\" content=\"O domingo (6) em Serra Talhada foi agitado ap\u00f3s uma tentativa de homic\u00eddio. O fato ocorreu no bairro Tancredo Neves. Tr\u00eas amigos consumiam bebida alco\u00f3lica numa resid\u00eancia, quando de repente come\u00e7ou um desentendimento entre dois envolvidos. De acordo com as informa\u00e7\u00f5es, o agressor pegou uma faca peixeira afirmando que iria \u2018resolver\u2019 matar um e &#8216;cortar&#8217; o pesco\u00e7o do outro. Um homem levou v\u00e1rios golpes de faca peixeira nas costas e no ombro. Segundo a pol\u00edcia, o homem ferido s\u00f3 n\u00e3o foi morto no local porque um outro homem entrou em luta corporal com o imputado, tomando a faca das m\u00e3os [&hellip;]\" \/>\n<meta property=\"og:url\" content=\"https:\/\/serrafm879.com.br\/serrafm\/2025\/04\/tentativa-de-homicidio-e-registrada-em-bairro-de-serra-talhada-nesse-domingo-6\/\" \/>\n<meta property=\"og:site_name\" content=\"Serra FM 87,9\" \/>\n<meta property=\"article:published_time\" content=\"2025-04-07T12:11:29+00:00\" \/>\n<meta property=\"og:image\" content=\"https:\/\/serrafm879.com.br\/serrafm\/wp-content\/uploads\/2024\/04\/homem-faca-300x300-1.jpeg\" \/>\n\t<meta property=\"og:image:width\" content=\"300\" \/>\n\t<meta property=\"og:image:height\" content=\"300\" \/>\n\t<meta property=\"og:image:type\" content=\"image\/jpeg\" \/>\n<meta name=\"author\" content=\"serrafm87\" \/>\n<meta name=\"twitter:card\" content=\"summary_large_image\" \/>\n<meta name=\"twitter:label1\" content=\"Escrito por\" \/>\n\t<meta name=\"twitter:data1\" content=\"serrafm87\" \/>\n\t<meta name=\"twitter:label2\" content=\"Est. tempo de leitura\" \/>\n\t<meta name=\"twitter:data2\" content=\"2 minutos\" \/>\n<script type=\"application\/ld+json\" class=\"yoast-schema-graph\">{\"@context\":\"https:\/\/schema.org\",\"@graph\":[{\"@type\":\"WebPage\",\"@id\":\"https:\/\/serrafm879.com.br\/serrafm\/2025\/04\/tentativa-de-homicidio-e-registrada-em-bairro-de-serra-talhada-nesse-domingo-6\/\",\"url\":\"https:\/\/serrafm879.com.br\/serrafm\/2025\/04\/tentativa-de-homicidio-e-registrada-em-bairro-de-serra-talhada-nesse-domingo-6\/\",\"name\":\"Tentativa de homic\u00eddio \u00e9 registrada em bairro de Serra Talhada, nesse domingo (6) - Serra FM 87,9\",\"isPartOf\":{\"@id\":\"https:\/\/serrafm879.com.br\/serrafm\/#website\"},\"primaryImageOfPage\":{\"@id\":\"https:\/\/serrafm879.com.br\/serrafm\/2025\/04\/tentativa-de-homicidio-e-registrada-em-bairro-de-serra-talhada-nesse-domingo-6\/#primaryimage\"},\"image\":{\"@id\":\"https:\/\/serrafm879.com.br\/serrafm\/2025\/04\/tentativa-de-homicidio-e-registrada-em-bairro-de-serra-talhada-nesse-domingo-6\/#primaryimage\"},\"thumbnailUrl\":\"https:\/\/serrafm879.com.br\/serrafm\/wp-content\/uploads\/2024\/04\/homem-faca-300x300-1.jpeg\",\"datePublished\":\"2025-04-07T12:11:29+00:00\",\"author\":{\"@id\":\"https:\/\/serrafm879.com.br\/serrafm\/#\/schema\/person\/c028a197030ff8b1c03c68dfba4a787a\"},\"breadcrumb\":{\"@id\":\"https:\/\/serrafm879.com.br\/serrafm\/2025\/04\/tentativa-de-homicidio-e-registrada-em-bairro-de-serra-talhada-nesse-domingo-6\/#breadcrumb\"},\"inLanguage\":\"pt-BR\",\"potentialAction\":[{\"@type\":\"ReadAction\",\"target\":[\"https:\/\/serrafm879.com.br\/serrafm\/2025\/04\/tentativa-de-homicidio-e-registrada-em-bairro-de-serra-talhada-nesse-domingo-6\/\"]}]},{\"@type\":\"ImageObject\",\"inLanguage\":\"pt-BR\",\"@id\":\"https:\/\/serrafm879.com.br\/serrafm\/2025\/04\/tentativa-de-homicidio-e-registrada-em-bairro-de-serra-talhada-nesse-domingo-6\/#primaryimage\",\"url\":\"https:\/\/serrafm879.com.br\/serrafm\/wp-content\/uploads\/2024\/04\/homem-faca-300x300-1.jpeg\",\"contentUrl\":\"https:\/\/serrafm879.com.br\/serrafm\/wp-content\/uploads\/2024\/04\/homem-faca-300x300-1.jpeg\",\"width\":300,\"height\":300},{\"@type\":\"BreadcrumbList\",\"@id\":\"https:\/\/serrafm879.com.br\/serrafm\/2025\/04\/tentativa-de-homicidio-e-registrada-em-bairro-de-serra-talhada-nesse-domingo-6\/#breadcrumb\",\"itemListElement\":[{\"@type\":\"ListItem\",\"position\":1,\"name\":\"In\u00edcio\",\"item\":\"https:\/\/serrafm879.com.br\/serrafm\/\"},{\"@type\":\"ListItem\",\"position\":2,\"name\":\"Tentativa de homic\u00eddio \u00e9 registrada em bairro de Serra Talhada, nesse domingo (6)\"}]},{\"@type\":\"WebSite\",\"@id\":\"https:\/\/serrafm879.com.br\/serrafm\/#website\",\"url\":\"https:\/\/serrafm879.com.br\/serrafm\/\",\"name\":\"Serra FM 87,9\",\"description\":\"O seu novo amor!\",\"potentialAction\":[{\"@type\":\"SearchAction\",\"target\":{\"@type\":\"EntryPoint\",\"urlTemplate\":\"https:\/\/serrafm879.com.br\/serrafm\/?s={search_term_string}\"},\"query-input\":{\"@type\":\"PropertyValueSpecification\",\"valueRequired\":true,\"valueName\":\"search_term_string\"}}],\"inLanguage\":\"pt-BR\"},{\"@type\":\"Person\",\"@id\":\"https:\/\/serrafm879.com.br\/serrafm\/#\/schema\/person\/c028a197030ff8b1c03c68dfba4a787a\",\"name\":\"serrafm87\",\"image\":{\"@type\":\"ImageObject\",\"inLanguage\":\"pt-BR\",\"@id\":\"https:\/\/serrafm879.com.br\/serrafm\/#\/schema\/person\/image\/\",\"url\":\"https:\/\/secure.gravatar.com\/avatar\/a743233f1112d34f48bb3dc9559b76eb930bab8b27175856cba6362608736235?s=96&d=mm&r=g\",\"contentUrl\":\"https:\/\/secure.gravatar.com\/avatar\/a743233f1112d34f48bb3dc9559b76eb930bab8b27175856cba6362608736235?s=96&d=mm&r=g\",\"caption\":\"serrafm87\"},\"sameAs\":[\"http:\/\/serrafm879.com.br\/\"],\"url\":\"https:\/\/serrafm879.com.br\/serrafm\/author\/serrafm87\/\"}]}<\/script>\n<!-- \/ Yoast SEO plugin. -->","yoast_head_json":{"title":"Tentativa de homic\u00eddio \u00e9 registrada em bairro de Serra Talhada, nesse domingo (6) - Serra FM 87,9","robots":{"index":"index","follow":"follow","max-snippet":"max-snippet:-1","max-image-preview":"max-image-preview:large","max-video-preview":"max-video-preview:-1"},"canonical":"https:\/\/serrafm879.com.br\/serrafm\/2025\/04\/tentativa-de-homicidio-e-registrada-em-bairro-de-serra-talhada-nesse-domingo-6\/","og_locale":"pt_BR","og_type":"article","og_title":"Tentativa de homic\u00eddio \u00e9 registrada em bairro de Serra Talhada, nesse domingo (6) - Serra FM 87,9","og_description":"O domingo (6) em Serra Talhada foi agitado ap\u00f3s uma tentativa de homic\u00eddio. O fato ocorreu no bairro Tancredo Neves. Tr\u00eas amigos consumiam bebida alco\u00f3lica numa resid\u00eancia, quando de repente come\u00e7ou um desentendimento entre dois envolvidos. De acordo com as informa\u00e7\u00f5es, o agressor pegou uma faca peixeira afirmando que iria \u2018resolver\u2019 matar um e &#8216;cortar&#8217; o pesco\u00e7o do outro. Um homem levou v\u00e1rios golpes de faca peixeira nas costas e no ombro. Segundo a pol\u00edcia, o homem ferido s\u00f3 n\u00e3o foi morto no local porque um outro homem entrou em luta corporal com o imputado, tomando a faca das m\u00e3os [&hellip;]","og_url":"https:\/\/serrafm879.com.br\/serrafm\/2025\/04\/tentativa-de-homicidio-e-registrada-em-bairro-de-serra-talhada-nesse-domingo-6\/","og_site_name":"Serra FM 87,9","article_published_time":"2025-04-07T12:11:29+00:00","og_image":[{"width":300,"height":300,"url":"https:\/\/serrafm879.com.br\/serrafm\/wp-content\/uploads\/2024\/04\/homem-faca-300x300-1.jpeg","type":"image\/jpeg"}],"author":"serrafm87","twitter_card":"summary_large_image","twitter_misc":{"Escrito por":"serrafm87","Est. tempo de leitura":"2 minutos"},"schema":{"@context":"https:\/\/schema.org","@graph":[{"@type":"WebPage","@id":"https:\/\/serrafm879.com.br\/serrafm\/2025\/04\/tentativa-de-homicidio-e-registrada-em-bairro-de-serra-talhada-nesse-domingo-6\/","url":"https:\/\/serrafm879.com.br\/serrafm\/2025\/04\/tentativa-de-homicidio-e-registrada-em-bairro-de-serra-talhada-nesse-domingo-6\/","name":"Tentativa de homic\u00eddio \u00e9 registrada em bairro de Serra Talhada, nesse domingo (6) - Serra FM 87,9","isPartOf":{"@id":"https:\/\/serrafm879.com.br\/serrafm\/#website"},"primaryImageOfPage":{"@id":"https:\/\/serrafm879.com.br\/serrafm\/2025\/04\/tentativa-de-homicidio-e-registrada-em-bairro-de-serra-talhada-nesse-domingo-6\/#primaryimage"},"image":{"@id":"https:\/\/serrafm879.com.br\/serrafm\/2025\/04\/tentativa-de-homicidio-e-registrada-em-bairro-de-serra-talhada-nesse-domingo-6\/#primaryimage"},"thumbnailUrl":"https:\/\/serrafm879.com.br\/serrafm\/wp-content\/uploads\/2024\/04\/homem-faca-300x300-1.jpeg","datePublished":"2025-04-07T12:11:29+00:00","author":{"@id":"https:\/\/serrafm879.com.br\/serrafm\/#\/schema\/person\/c028a197030ff8b1c03c68dfba4a787a"},"breadcrumb":{"@id":"https:\/\/serrafm879.com.br\/serrafm\/2025\/04\/tentativa-de-homicidio-e-registrada-em-bairro-de-serra-talhada-nesse-domingo-6\/#breadcrumb"},"inLanguage":"pt-BR","potentialAction":[{"@type":"ReadAction","target":["https:\/\/serrafm879.com.br\/serrafm\/2025\/04\/tentativa-de-homicidio-e-registrada-em-bairro-de-serra-talhada-nesse-domingo-6\/"]}]},{"@type":"ImageObject","inLanguage":"pt-BR","@id":"https:\/\/serrafm879.com.br\/serrafm\/2025\/04\/tentativa-de-homicidio-e-registrada-em-bairro-de-serra-talhada-nesse-domingo-6\/#primaryimage","url":"https:\/\/serrafm879.com.br\/serrafm\/wp-content\/uploads\/2024\/04\/homem-faca-300x300-1.jpeg","contentUrl":"https:\/\/serrafm879.com.br\/serrafm\/wp-content\/uploads\/2024\/04\/homem-faca-300x300-1.jpeg","width":300,"height":300},{"@type":"BreadcrumbList","@id":"https:\/\/serrafm879.com.br\/serrafm\/2025\/04\/tentativa-de-homicidio-e-registrada-em-bairro-de-serra-talhada-nesse-domingo-6\/#breadcrumb","itemListElement":[{"@type":"ListItem","position":1,"name":"In\u00edcio","item":"https:\/\/serrafm879.com.br\/serrafm\/"},{"@type":"ListItem","position":2,"name":"Tentativa de homic\u00eddio \u00e9 registrada em bairro de Serra Talhada, nesse domingo (6)"}]},{"@type":"WebSite","@id":"https:\/\/serrafm879.com.br\/serrafm\/#website","url":"https:\/\/serrafm879.com.br\/serrafm\/","name":"Serra FM 87,9","description":"O seu novo amor!","potentialAction":[{"@type":"SearchAction","target":{"@type":"EntryPoint","urlTemplate":"https:\/\/serrafm879.com.br\/serrafm\/?s={search_term_string}"},"query-input":{"@type":"PropertyValueSpecification","valueRequired":true,"valueName":"search_term_string"}}],"inLanguage":"pt-BR"},{"@type":"Person","@id":"https:\/\/serrafm879.com.br\/serrafm\/#\/schema\/person\/c028a197030ff8b1c03c68dfba4a787a","name":"serrafm87","image":{"@type":"ImageObject","inLanguage":"pt-BR","@id":"https:\/\/serrafm879.com.br\/serrafm\/#\/schema\/person\/image\/","url":"https:\/\/secure.gravatar.com\/avatar\/a743233f1112d34f48bb3dc9559b76eb930bab8b27175856cba6362608736235?s=96&d=mm&r=g","contentUrl":"https:\/\/secure.gravatar.com\/avatar\/a743233f1112d34f48bb3dc9559b76eb930bab8b27175856cba6362608736235?s=96&d=mm&r=g","caption":"serrafm87"},"sameAs":["http:\/\/serrafm879.com.br\/"],"url":"https:\/\/serrafm879.com.br\/serrafm\/author\/serrafm87\/"}]}},"jetpack_featured_media_url":"https:\/\/serrafm879.com.br\/serrafm\/wp-content\/uploads\/2024\/04\/homem-faca-300x300-1.jpeg","jetpack_shortlink":"https:\/\/wp.me\/p7HyXg-5Gt","jetpack_sharing_enabled":true,"_links":{"self":[{"href":"https:\/\/serrafm879.com.br\/serrafm\/wp-json\/wp\/v2\/posts\/21853","targetHints":{"allow":["GET"]}}],"collection":[{"href":"https:\/\/serrafm879.com.br\/serrafm\/wp-json\/wp\/v2\/posts"}],"about":[{"href":"https:\/\/serrafm879.com.br\/serrafm\/wp-json\/wp\/v2\/types\/post"}],"author":[{"embeddable":true,"href":"https:\/\/serrafm879.com.br\/serrafm\/wp-json\/wp\/v2\/users\/2"}],"replies":[{"embeddable":true,"href":"https:\/\/serrafm879.com.br\/serrafm\/wp-json\/wp\/v2\/comments?post=21853"}],"version-history":[{"count":1,"href":"https:\/\/serrafm879.com.br\/serrafm\/wp-json\/wp\/v2\/posts\/21853\/revisions"}],"predecessor-version":[{"id":21854,"href":"https:\/\/serrafm879.com.br\/serrafm\/wp-json\/wp\/v2\/posts\/21853\/revisions\/21854"}],"wp:featuredmedia":[{"embeddable":true,"href":"https:\/\/serrafm879.com.br\/serrafm\/wp-json\/wp\/v2\/media\/15882"}],"wp:attachment":[{"href":"https:\/\/serrafm879.com.br\/serrafm\/wp-json\/wp\/v2\/media?parent=21853"}],"wp:term":[{"taxonomy":"category","embeddable":true,"href":"https:\/\/serrafm879.com.br\/serrafm\/wp-json\/wp\/v2\/categories?post=21853"},{"taxonomy":"post_tag","embeddable":true,"href":"https:\/\/serrafm879.com.br\/serrafm\/wp-json\/wp\/v2\/tags?post=21853"}],"curies":[{"name":"wp","href":"https:\/\/api.w.org\/{rel}","templated":true}]}}