{"id":21859,"date":"2025-04-07T17:12:29","date_gmt":"2025-04-07T20:12:29","guid":{"rendered":"https:\/\/serrafm879.com.br\/serrafm\/?p=21859"},"modified":"2025-04-07T17:12:29","modified_gmt":"2025-04-07T20:12:29","slug":"jovem-de-19-anos-e-morto-na-calcada-de-casa-em-sao-jose-do-belmonte","status":"publish","type":"post","link":"https:\/\/serrafm879.com.br\/serrafm\/2025\/04\/jovem-de-19-anos-e-morto-na-calcada-de-casa-em-sao-jose-do-belmonte\/","title":{"rendered":"Jovem de 19 anos \u00e9 morto na cal\u00e7ada de casa em S\u00e3o Jos\u00e9 do Belmonte"},"content":{"rendered":"<p>Wesley da Silva, de apenas 19 anos, foi brutalmente assassinado enquanto estava sentado na cal\u00e7ada de uma resid\u00eancia, no distrito de Bom Nome, em S\u00e3o Jos\u00e9 do Belmonte, Sert\u00e3o Central.<\/p>\n<p>O crime ocorreu na \u00faltima quinta-feira (3) de abril, quase no mesmo hor\u00e1rio que foi registrado um homic\u00eddio em Serra Talhada.<\/p>\n<p>Segundo informa\u00e7\u00f5es colhidas no local, pelo Blog do Geo, dois homens se aproximaram em uma motocicleta. O passageiro sacou uma arma e efetuou cerca de cinco disparos contra Wesley, que n\u00e3o teve chance de reagir. Os tiros atingiram a v\u00edtima de forma fatal, levando-a a \u00f3bito ainda no local do crime.<\/p>\n<p>A Pol\u00edcia Militar foi acionada e rapidamente isolou a \u00e1rea para a realiza\u00e7\u00e3o da per\u00edcia por parte do Instituto de Criminal\u00edstica. O corpo foi encaminhado para o Instituto M\u00e9dico Legal (IML), enquanto a Pol\u00edcia Civil iniciou as investiga\u00e7\u00f5es para esclarecer a autoria e motiva\u00e7\u00e3o do crime.<\/p>\n<p>Wesley era conhecido por muitos no distrito e sua morte prematura levanta questionamentos e preocupa\u00e7\u00e3o na comunidade, que clama por justi\u00e7a e mais seguran\u00e7a.<\/p>\n","protected":false},"excerpt":{"rendered":"<p>Wesley da Silva, de apenas 19 anos, foi brutalmente assassinado enquanto estava sentado na cal\u00e7ada de uma resid\u00eancia, no distrito de Bom Nome, em S\u00e3o Jos\u00e9 do Belmonte, Sert\u00e3o Central. O crime ocorreu na \u00faltima quinta-feira (3) de abril, quase no mesmo hor\u00e1rio que foi registrado um homic\u00eddio em Serra Talhada. Segundo informa\u00e7\u00f5es colhidas no local, pelo Blog do Geo, dois homens se aproximaram em uma motocicleta. O passageiro sacou uma arma e efetuou cerca de cinco disparos contra Wesley, que n\u00e3o teve chance de reagir. Os tiros atingiram a v\u00edtima de forma fatal, levando-a a \u00f3bito ainda no local [&hellip;]<\/p>\n","protected":false},"author":2,"featured_media":4096,"comment_status":"open","ping_status":"open","sticky":false,"template":"","format":"standard","meta":{"_jetpack_memberships_contains_paid_content":false,"footnotes":"","jetpack_publicize_message":"","jetpack_publicize_feature_enabled":true,"jetpack_social_post_already_shared":true,"jetpack_social_options":{"image_generator_settings":{"template":"highway","enabled":false},"version":2}},"categories":[1],"tags":[],"class_list":["post-21859","post","type-post","status-publish","format-standard","has-post-thumbnail","hentry","category-uncategorized"],"jetpack_publicize_connections":[],"yoast_head":"<!-- This site is optimized with the Yoast SEO plugin v24.7 - https:\/\/yoast.com\/wordpress\/plugins\/seo\/ -->\n<title>Jovem de 19 anos \u00e9 morto na cal\u00e7ada de casa em S\u00e3o Jos\u00e9 do Belmonte - Serra FM 87,9<\/title>\n<meta name=\"robots\" content=\"index, follow, max-snippet:-1, max-image-preview:large, max-video-preview:-1\" \/>\n<link rel=\"canonical\" href=\"https:\/\/serrafm879.com.br\/serrafm\/2025\/04\/jovem-de-19-anos-e-morto-na-calcada-de-casa-em-sao-jose-do-belmonte\/\" \/>\n<meta property=\"og:locale\" content=\"pt_BR\" \/>\n<meta property=\"og:type\" content=\"article\" \/>\n<meta property=\"og:title\" content=\"Jovem de 19 anos \u00e9 morto na cal\u00e7ada de casa em S\u00e3o Jos\u00e9 do Belmonte - Serra FM 87,9\" \/>\n<meta property=\"og:description\" content=\"Wesley da Silva, de apenas 19 anos, foi brutalmente assassinado enquanto estava sentado na cal\u00e7ada de uma resid\u00eancia, no distrito de Bom Nome, em S\u00e3o Jos\u00e9 do Belmonte, Sert\u00e3o Central. O crime ocorreu na \u00faltima quinta-feira (3) de abril, quase no mesmo hor\u00e1rio que foi registrado um homic\u00eddio em Serra Talhada. Segundo informa\u00e7\u00f5es colhidas no local, pelo Blog do Geo, dois homens se aproximaram em uma motocicleta. O passageiro sacou uma arma e efetuou cerca de cinco disparos contra Wesley, que n\u00e3o teve chance de reagir. Os tiros atingiram a v\u00edtima de forma fatal, levando-a a \u00f3bito ainda no local [&hellip;]\" \/>\n<meta property=\"og:url\" content=\"https:\/\/serrafm879.com.br\/serrafm\/2025\/04\/jovem-de-19-anos-e-morto-na-calcada-de-casa-em-sao-jose-do-belmonte\/\" \/>\n<meta property=\"og:site_name\" content=\"Serra FM 87,9\" \/>\n<meta property=\"article:published_time\" content=\"2025-04-07T20:12:29+00:00\" \/>\n<meta property=\"og:image\" content=\"https:\/\/serrafm879.com.br\/serrafm\/wp-content\/uploads\/2020\/12\/sirene-noturna43-policia-728x405-1.jpg\" \/>\n\t<meta property=\"og:image:width\" content=\"728\" \/>\n\t<meta property=\"og:image:height\" content=\"405\" \/>\n\t<meta property=\"og:image:type\" content=\"image\/jpeg\" \/>\n<meta name=\"author\" content=\"serrafm87\" \/>\n<meta name=\"twitter:card\" content=\"summary_large_image\" \/>\n<meta name=\"twitter:label1\" content=\"Escrito por\" \/>\n\t<meta name=\"twitter:data1\" content=\"serrafm87\" \/>\n\t<meta name=\"twitter:label2\" content=\"Est. tempo de leitura\" \/>\n\t<meta name=\"twitter:data2\" content=\"2 minutos\" \/>\n<script type=\"application\/ld+json\" class=\"yoast-schema-graph\">{\"@context\":\"https:\/\/schema.org\",\"@graph\":[{\"@type\":\"WebPage\",\"@id\":\"https:\/\/serrafm879.com.br\/serrafm\/2025\/04\/jovem-de-19-anos-e-morto-na-calcada-de-casa-em-sao-jose-do-belmonte\/\",\"url\":\"https:\/\/serrafm879.com.br\/serrafm\/2025\/04\/jovem-de-19-anos-e-morto-na-calcada-de-casa-em-sao-jose-do-belmonte\/\",\"name\":\"Jovem de 19 anos \u00e9 morto na cal\u00e7ada de casa em S\u00e3o Jos\u00e9 do Belmonte - Serra FM 87,9\",\"isPartOf\":{\"@id\":\"https:\/\/serrafm879.com.br\/serrafm\/#website\"},\"primaryImageOfPage\":{\"@id\":\"https:\/\/serrafm879.com.br\/serrafm\/2025\/04\/jovem-de-19-anos-e-morto-na-calcada-de-casa-em-sao-jose-do-belmonte\/#primaryimage\"},\"image\":{\"@id\":\"https:\/\/serrafm879.com.br\/serrafm\/2025\/04\/jovem-de-19-anos-e-morto-na-calcada-de-casa-em-sao-jose-do-belmonte\/#primaryimage\"},\"thumbnailUrl\":\"https:\/\/serrafm879.com.br\/serrafm\/wp-content\/uploads\/2020\/12\/sirene-noturna43-policia-728x405-1.jpg\",\"datePublished\":\"2025-04-07T20:12:29+00:00\",\"author\":{\"@id\":\"https:\/\/serrafm879.com.br\/serrafm\/#\/schema\/person\/c028a197030ff8b1c03c68dfba4a787a\"},\"breadcrumb\":{\"@id\":\"https:\/\/serrafm879.com.br\/serrafm\/2025\/04\/jovem-de-19-anos-e-morto-na-calcada-de-casa-em-sao-jose-do-belmonte\/#breadcrumb\"},\"inLanguage\":\"pt-BR\",\"potentialAction\":[{\"@type\":\"ReadAction\",\"target\":[\"https:\/\/serrafm879.com.br\/serrafm\/2025\/04\/jovem-de-19-anos-e-morto-na-calcada-de-casa-em-sao-jose-do-belmonte\/\"]}]},{\"@type\":\"ImageObject\",\"inLanguage\":\"pt-BR\",\"@id\":\"https:\/\/serrafm879.com.br\/serrafm\/2025\/04\/jovem-de-19-anos-e-morto-na-calcada-de-casa-em-sao-jose-do-belmonte\/#primaryimage\",\"url\":\"https:\/\/serrafm879.com.br\/serrafm\/wp-content\/uploads\/2020\/12\/sirene-noturna43-policia-728x405-1.jpg\",\"contentUrl\":\"https:\/\/serrafm879.com.br\/serrafm\/wp-content\/uploads\/2020\/12\/sirene-noturna43-policia-728x405-1.jpg\",\"width\":728,\"height\":405},{\"@type\":\"BreadcrumbList\",\"@id\":\"https:\/\/serrafm879.com.br\/serrafm\/2025\/04\/jovem-de-19-anos-e-morto-na-calcada-de-casa-em-sao-jose-do-belmonte\/#breadcrumb\",\"itemListElement\":[{\"@type\":\"ListItem\",\"position\":1,\"name\":\"In\u00edcio\",\"item\":\"https:\/\/serrafm879.com.br\/serrafm\/\"},{\"@type\":\"ListItem\",\"position\":2,\"name\":\"Jovem de 19 anos \u00e9 morto na cal\u00e7ada de casa em S\u00e3o Jos\u00e9 do Belmonte\"}]},{\"@type\":\"WebSite\",\"@id\":\"https:\/\/serrafm879.com.br\/serrafm\/#website\",\"url\":\"https:\/\/serrafm879.com.br\/serrafm\/\",\"name\":\"Serra FM 87,9\",\"description\":\"O seu novo amor!\",\"potentialAction\":[{\"@type\":\"SearchAction\",\"target\":{\"@type\":\"EntryPoint\",\"urlTemplate\":\"https:\/\/serrafm879.com.br\/serrafm\/?s={search_term_string}\"},\"query-input\":{\"@type\":\"PropertyValueSpecification\",\"valueRequired\":true,\"valueName\":\"search_term_string\"}}],\"inLanguage\":\"pt-BR\"},{\"@type\":\"Person\",\"@id\":\"https:\/\/serrafm879.com.br\/serrafm\/#\/schema\/person\/c028a197030ff8b1c03c68dfba4a787a\",\"name\":\"serrafm87\",\"image\":{\"@type\":\"ImageObject\",\"inLanguage\":\"pt-BR\",\"@id\":\"https:\/\/serrafm879.com.br\/serrafm\/#\/schema\/person\/image\/\",\"url\":\"https:\/\/secure.gravatar.com\/avatar\/a743233f1112d34f48bb3dc9559b76eb930bab8b27175856cba6362608736235?s=96&d=mm&r=g\",\"contentUrl\":\"https:\/\/secure.gravatar.com\/avatar\/a743233f1112d34f48bb3dc9559b76eb930bab8b27175856cba6362608736235?s=96&d=mm&r=g\",\"caption\":\"serrafm87\"},\"sameAs\":[\"http:\/\/serrafm879.com.br\/\"],\"url\":\"https:\/\/serrafm879.com.br\/serrafm\/author\/serrafm87\/\"}]}<\/script>\n<!-- \/ Yoast SEO plugin. -->","yoast_head_json":{"title":"Jovem de 19 anos \u00e9 morto na cal\u00e7ada de casa em S\u00e3o Jos\u00e9 do Belmonte - Serra FM 87,9","robots":{"index":"index","follow":"follow","max-snippet":"max-snippet:-1","max-image-preview":"max-image-preview:large","max-video-preview":"max-video-preview:-1"},"canonical":"https:\/\/serrafm879.com.br\/serrafm\/2025\/04\/jovem-de-19-anos-e-morto-na-calcada-de-casa-em-sao-jose-do-belmonte\/","og_locale":"pt_BR","og_type":"article","og_title":"Jovem de 19 anos \u00e9 morto na cal\u00e7ada de casa em S\u00e3o Jos\u00e9 do Belmonte - Serra FM 87,9","og_description":"Wesley da Silva, de apenas 19 anos, foi brutalmente assassinado enquanto estava sentado na cal\u00e7ada de uma resid\u00eancia, no distrito de Bom Nome, em S\u00e3o Jos\u00e9 do Belmonte, Sert\u00e3o Central. O crime ocorreu na \u00faltima quinta-feira (3) de abril, quase no mesmo hor\u00e1rio que foi registrado um homic\u00eddio em Serra Talhada. Segundo informa\u00e7\u00f5es colhidas no local, pelo Blog do Geo, dois homens se aproximaram em uma motocicleta. O passageiro sacou uma arma e efetuou cerca de cinco disparos contra Wesley, que n\u00e3o teve chance de reagir. Os tiros atingiram a v\u00edtima de forma fatal, levando-a a \u00f3bito ainda no local [&hellip;]","og_url":"https:\/\/serrafm879.com.br\/serrafm\/2025\/04\/jovem-de-19-anos-e-morto-na-calcada-de-casa-em-sao-jose-do-belmonte\/","og_site_name":"Serra FM 87,9","article_published_time":"2025-04-07T20:12:29+00:00","og_image":[{"width":728,"height":405,"url":"https:\/\/serrafm879.com.br\/serrafm\/wp-content\/uploads\/2020\/12\/sirene-noturna43-policia-728x405-1.jpg","type":"image\/jpeg"}],"author":"serrafm87","twitter_card":"summary_large_image","twitter_misc":{"Escrito por":"serrafm87","Est. tempo de leitura":"2 minutos"},"schema":{"@context":"https:\/\/schema.org","@graph":[{"@type":"WebPage","@id":"https:\/\/serrafm879.com.br\/serrafm\/2025\/04\/jovem-de-19-anos-e-morto-na-calcada-de-casa-em-sao-jose-do-belmonte\/","url":"https:\/\/serrafm879.com.br\/serrafm\/2025\/04\/jovem-de-19-anos-e-morto-na-calcada-de-casa-em-sao-jose-do-belmonte\/","name":"Jovem de 19 anos \u00e9 morto na cal\u00e7ada de casa em S\u00e3o Jos\u00e9 do Belmonte - Serra FM 87,9","isPartOf":{"@id":"https:\/\/serrafm879.com.br\/serrafm\/#website"},"primaryImageOfPage":{"@id":"https:\/\/serrafm879.com.br\/serrafm\/2025\/04\/jovem-de-19-anos-e-morto-na-calcada-de-casa-em-sao-jose-do-belmonte\/#primaryimage"},"image":{"@id":"https:\/\/serrafm879.com.br\/serrafm\/2025\/04\/jovem-de-19-anos-e-morto-na-calcada-de-casa-em-sao-jose-do-belmonte\/#primaryimage"},"thumbnailUrl":"https:\/\/serrafm879.com.br\/serrafm\/wp-content\/uploads\/2020\/12\/sirene-noturna43-policia-728x405-1.jpg","datePublished":"2025-04-07T20:12:29+00:00","author":{"@id":"https:\/\/serrafm879.com.br\/serrafm\/#\/schema\/person\/c028a197030ff8b1c03c68dfba4a787a"},"breadcrumb":{"@id":"https:\/\/serrafm879.com.br\/serrafm\/2025\/04\/jovem-de-19-anos-e-morto-na-calcada-de-casa-em-sao-jose-do-belmonte\/#breadcrumb"},"inLanguage":"pt-BR","potentialAction":[{"@type":"ReadAction","target":["https:\/\/serrafm879.com.br\/serrafm\/2025\/04\/jovem-de-19-anos-e-morto-na-calcada-de-casa-em-sao-jose-do-belmonte\/"]}]},{"@type":"ImageObject","inLanguage":"pt-BR","@id":"https:\/\/serrafm879.com.br\/serrafm\/2025\/04\/jovem-de-19-anos-e-morto-na-calcada-de-casa-em-sao-jose-do-belmonte\/#primaryimage","url":"https:\/\/serrafm879.com.br\/serrafm\/wp-content\/uploads\/2020\/12\/sirene-noturna43-policia-728x405-1.jpg","contentUrl":"https:\/\/serrafm879.com.br\/serrafm\/wp-content\/uploads\/2020\/12\/sirene-noturna43-policia-728x405-1.jpg","width":728,"height":405},{"@type":"BreadcrumbList","@id":"https:\/\/serrafm879.com.br\/serrafm\/2025\/04\/jovem-de-19-anos-e-morto-na-calcada-de-casa-em-sao-jose-do-belmonte\/#breadcrumb","itemListElement":[{"@type":"ListItem","position":1,"name":"In\u00edcio","item":"https:\/\/serrafm879.com.br\/serrafm\/"},{"@type":"ListItem","position":2,"name":"Jovem de 19 anos \u00e9 morto na cal\u00e7ada de casa em S\u00e3o Jos\u00e9 do Belmonte"}]},{"@type":"WebSite","@id":"https:\/\/serrafm879.com.br\/serrafm\/#website","url":"https:\/\/serrafm879.com.br\/serrafm\/","name":"Serra FM 87,9","description":"O seu novo amor!","potentialAction":[{"@type":"SearchAction","target":{"@type":"EntryPoint","urlTemplate":"https:\/\/serrafm879.com.br\/serrafm\/?s={search_term_string}"},"query-input":{"@type":"PropertyValueSpecification","valueRequired":true,"valueName":"search_term_string"}}],"inLanguage":"pt-BR"},{"@type":"Person","@id":"https:\/\/serrafm879.com.br\/serrafm\/#\/schema\/person\/c028a197030ff8b1c03c68dfba4a787a","name":"serrafm87","image":{"@type":"ImageObject","inLanguage":"pt-BR","@id":"https:\/\/serrafm879.com.br\/serrafm\/#\/schema\/person\/image\/","url":"https:\/\/secure.gravatar.com\/avatar\/a743233f1112d34f48bb3dc9559b76eb930bab8b27175856cba6362608736235?s=96&d=mm&r=g","contentUrl":"https:\/\/secure.gravatar.com\/avatar\/a743233f1112d34f48bb3dc9559b76eb930bab8b27175856cba6362608736235?s=96&d=mm&r=g","caption":"serrafm87"},"sameAs":["http:\/\/serrafm879.com.br\/"],"url":"https:\/\/serrafm879.com.br\/serrafm\/author\/serrafm87\/"}]}},"jetpack_featured_media_url":"https:\/\/serrafm879.com.br\/serrafm\/wp-content\/uploads\/2020\/12\/sirene-noturna43-policia-728x405-1.jpg","jetpack_shortlink":"https:\/\/wp.me\/p7HyXg-5Gz","jetpack_sharing_enabled":true,"_links":{"self":[{"href":"https:\/\/serrafm879.com.br\/serrafm\/wp-json\/wp\/v2\/posts\/21859","targetHints":{"allow":["GET"]}}],"collection":[{"href":"https:\/\/serrafm879.com.br\/serrafm\/wp-json\/wp\/v2\/posts"}],"about":[{"href":"https:\/\/serrafm879.com.br\/serrafm\/wp-json\/wp\/v2\/types\/post"}],"author":[{"embeddable":true,"href":"https:\/\/serrafm879.com.br\/serrafm\/wp-json\/wp\/v2\/users\/2"}],"replies":[{"embeddable":true,"href":"https:\/\/serrafm879.com.br\/serrafm\/wp-json\/wp\/v2\/comments?post=21859"}],"version-history":[{"count":1,"href":"https:\/\/serrafm879.com.br\/serrafm\/wp-json\/wp\/v2\/posts\/21859\/revisions"}],"predecessor-version":[{"id":21860,"href":"https:\/\/serrafm879.com.br\/serrafm\/wp-json\/wp\/v2\/posts\/21859\/revisions\/21860"}],"wp:featuredmedia":[{"embeddable":true,"href":"https:\/\/serrafm879.com.br\/serrafm\/wp-json\/wp\/v2\/media\/4096"}],"wp:attachment":[{"href":"https:\/\/serrafm879.com.br\/serrafm\/wp-json\/wp\/v2\/media?parent=21859"}],"wp:term":[{"taxonomy":"category","embeddable":true,"href":"https:\/\/serrafm879.com.br\/serrafm\/wp-json\/wp\/v2\/categories?post=21859"},{"taxonomy":"post_tag","embeddable":true,"href":"https:\/\/serrafm879.com.br\/serrafm\/wp-json\/wp\/v2\/tags?post=21859"}],"curies":[{"name":"wp","href":"https:\/\/api.w.org\/{rel}","templated":true}]}}