{"id":21866,"date":"2025-04-07T17:39:33","date_gmt":"2025-04-07T20:39:33","guid":{"rendered":"https:\/\/serrafm879.com.br\/serrafm\/?p=21866"},"modified":"2025-04-07T17:39:33","modified_gmt":"2025-04-07T20:39:33","slug":"campanha-de-vacinacao-contra-a-gripe-comeca-nesta-segunda-feira-7","status":"publish","type":"post","link":"https:\/\/serrafm879.com.br\/serrafm\/2025\/04\/campanha-de-vacinacao-contra-a-gripe-comeca-nesta-segunda-feira-7\/","title":{"rendered":"Campanha de vacina\u00e7\u00e3o contra a gripe come\u00e7a nesta segunda-feira (7)"},"content":{"rendered":"<p><em>Do Ne 10<\/em><\/p>\n<p>A campanha nacional de vacina\u00e7\u00e3o contra a influenza come\u00e7a nesta segunda-feira (7). A meta \u00e9 imunizar 90% dos chamados grupos priorit\u00e1rios, que incluem crian\u00e7as de 6 meses a menores de 6 anos, idosos e gestantes.<\/p>\n<div id=\"supertag-ad-ca1hgkhn3\">\n<div class=\"ALN_VIDEO\" data-yield-master-placement-inserted=\"\">\n<div>\n<div id=\"notsy_container_768441672\" class=\"FDN_VIDEO\" data-notsy-container-index=\"1\" data-notsy-mapped-container=\"1\"><\/div>\n<\/div>\n<\/div>\n<\/div>\n<p>Tamb\u00e9m podem receber a dose:<\/p>\n<ul>\n<li>trabalhadores da sa\u00fade;<\/li>\n<li>pu\u00e9rperas;<\/li>\n<li>professores dos ensinos b\u00e1sico e superior;<\/li>\n<li>povos ind\u00edgenas;<\/li>\n<li>pessoas em situa\u00e7\u00e3o de rua;<\/li>\n<li>profissionais das for\u00e7as de seguran\u00e7a e de salvamento;<\/li>\n<li>profissionais das For\u00e7as Armadas;<\/li>\n<li>pessoas com doen\u00e7as cr\u00f4nicas n\u00e3o transmiss\u00edveis e outras condi\u00e7\u00f5es cl\u00ednicas especiais (independentemente da idade);<\/li>\n<li>pessoas com defici\u00eancia permanente;<\/li>\n<li>caminhoneiros;<\/li>\n<li>trabalhadores do transporte rodovi\u00e1rio coletivo (urbano e de longo curso);<\/li>\n<li>trabalhadores portu\u00e1rios<\/li>\n<li>funcion\u00e1rios do sistema de priva\u00e7\u00e3o de liberdade;<\/li>\n<li>popula\u00e7\u00e3o privada de liberdade, incluindo adolescentes e jovens sob medidas socioeducativas (com idade entre 12 e 21 anos).<\/li>\n<\/ul>\n<h5>Doses<\/h5>\n<p class=\"texto\">De acordo com o Minist\u00e9rio da Sa\u00fade, o imunizante distribu\u00eddo na rede p\u00fablica protege contra\u00a0tr\u00eas v\u00edrus do tipo influenza e garante uma redu\u00e7\u00e3o do risco de casos graves e \u00f3bitos provocados pela doen\u00e7a.<\/p>\n<p>Para a vacina\u00e7\u00e3o deste ano, a pasta adquiriu um total de 73,6 milh\u00f5es de doses. No primeiro semestre, 67,6 milh\u00f5es de doses devem ser distribu\u00eddas para as regi\u00f5es Sul, Sudeste, Centro-Oeste e Nordeste. No segundo semestre, 5,9 milh\u00f5es ser\u00e3o enviadas para o Norte.<\/p>\n<h5>Efic\u00e1cia e seguran\u00e7a<\/h5>\n<p class=\"texto\">Ainda de acordo com a pasta, a vacina contra a gripe \u00e9 capaz de evitar entre 60% e 70% dos casos graves e dos \u00f3bitos relacionados \u00e0 doen\u00e7a<\/p>\n","protected":false},"excerpt":{"rendered":"<p>Do Ne 10 A campanha nacional de vacina\u00e7\u00e3o contra a influenza come\u00e7a nesta segunda-feira (7). A meta \u00e9 imunizar 90% dos chamados grupos priorit\u00e1rios, que incluem crian\u00e7as de 6 meses a menores de 6 anos, idosos e gestantes. Tamb\u00e9m podem receber a dose: trabalhadores da sa\u00fade; pu\u00e9rperas; professores dos ensinos b\u00e1sico e superior; povos ind\u00edgenas; pessoas em situa\u00e7\u00e3o de rua; profissionais das for\u00e7as de seguran\u00e7a e de salvamento; profissionais das For\u00e7as Armadas; pessoas com doen\u00e7as cr\u00f4nicas n\u00e3o transmiss\u00edveis e outras condi\u00e7\u00f5es cl\u00ednicas especiais (independentemente da idade); pessoas com defici\u00eancia permanente; caminhoneiros; trabalhadores do transporte rodovi\u00e1rio coletivo (urbano e de longo [&hellip;]<\/p>\n","protected":false},"author":2,"featured_media":15504,"comment_status":"open","ping_status":"open","sticky":false,"template":"","format":"standard","meta":{"_jetpack_memberships_contains_paid_content":false,"footnotes":"","jetpack_publicize_message":"","jetpack_publicize_feature_enabled":true,"jetpack_social_post_already_shared":true,"jetpack_social_options":{"image_generator_settings":{"template":"highway","enabled":false},"version":2}},"categories":[1],"tags":[],"class_list":["post-21866","post","type-post","status-publish","format-standard","has-post-thumbnail","hentry","category-uncategorized"],"jetpack_publicize_connections":[],"yoast_head":"<!-- This site is optimized with the Yoast SEO plugin v24.7 - https:\/\/yoast.com\/wordpress\/plugins\/seo\/ -->\n<title>Campanha de vacina\u00e7\u00e3o contra a gripe come\u00e7a nesta segunda-feira (7) - Serra FM 87,9<\/title>\n<meta name=\"robots\" content=\"index, follow, max-snippet:-1, max-image-preview:large, max-video-preview:-1\" \/>\n<link rel=\"canonical\" href=\"https:\/\/serrafm879.com.br\/serrafm\/2025\/04\/campanha-de-vacinacao-contra-a-gripe-comeca-nesta-segunda-feira-7\/\" \/>\n<meta property=\"og:locale\" content=\"pt_BR\" \/>\n<meta property=\"og:type\" content=\"article\" \/>\n<meta property=\"og:title\" content=\"Campanha de vacina\u00e7\u00e3o contra a gripe come\u00e7a nesta segunda-feira (7) - Serra FM 87,9\" \/>\n<meta property=\"og:description\" content=\"Do Ne 10 A campanha nacional de vacina\u00e7\u00e3o contra a influenza come\u00e7a nesta segunda-feira (7). A meta \u00e9 imunizar 90% dos chamados grupos priorit\u00e1rios, que incluem crian\u00e7as de 6 meses a menores de 6 anos, idosos e gestantes. Tamb\u00e9m podem receber a dose: trabalhadores da sa\u00fade; pu\u00e9rperas; professores dos ensinos b\u00e1sico e superior; povos ind\u00edgenas; pessoas em situa\u00e7\u00e3o de rua; profissionais das for\u00e7as de seguran\u00e7a e de salvamento; profissionais das For\u00e7as Armadas; pessoas com doen\u00e7as cr\u00f4nicas n\u00e3o transmiss\u00edveis e outras condi\u00e7\u00f5es cl\u00ednicas especiais (independentemente da idade); pessoas com defici\u00eancia permanente; caminhoneiros; trabalhadores do transporte rodovi\u00e1rio coletivo (urbano e de longo [&hellip;]\" \/>\n<meta property=\"og:url\" content=\"https:\/\/serrafm879.com.br\/serrafm\/2025\/04\/campanha-de-vacinacao-contra-a-gripe-comeca-nesta-segunda-feira-7\/\" \/>\n<meta property=\"og:site_name\" content=\"Serra FM 87,9\" \/>\n<meta property=\"article:published_time\" content=\"2025-04-07T20:39:33+00:00\" \/>\n<meta property=\"og:image\" content=\"https:\/\/serrafm879.com.br\/serrafm\/wp-content\/uploads\/2024\/01\/2023-02-27-Inicio-da-vacinacao-com-a-Pfizer-bivalente-Alex-Ramos-11-scaled-1.jpg\" \/>\n\t<meta property=\"og:image:width\" content=\"2560\" \/>\n\t<meta property=\"og:image:height\" content=\"1707\" \/>\n\t<meta property=\"og:image:type\" content=\"image\/jpeg\" \/>\n<meta name=\"author\" content=\"serrafm87\" \/>\n<meta name=\"twitter:card\" content=\"summary_large_image\" \/>\n<meta name=\"twitter:label1\" content=\"Escrito por\" \/>\n\t<meta name=\"twitter:data1\" content=\"serrafm87\" \/>\n\t<meta name=\"twitter:label2\" content=\"Est. tempo de leitura\" \/>\n\t<meta name=\"twitter:data2\" content=\"2 minutos\" \/>\n<script type=\"application\/ld+json\" class=\"yoast-schema-graph\">{\"@context\":\"https:\/\/schema.org\",\"@graph\":[{\"@type\":\"WebPage\",\"@id\":\"https:\/\/serrafm879.com.br\/serrafm\/2025\/04\/campanha-de-vacinacao-contra-a-gripe-comeca-nesta-segunda-feira-7\/\",\"url\":\"https:\/\/serrafm879.com.br\/serrafm\/2025\/04\/campanha-de-vacinacao-contra-a-gripe-comeca-nesta-segunda-feira-7\/\",\"name\":\"Campanha de vacina\u00e7\u00e3o contra a gripe come\u00e7a nesta segunda-feira (7) - Serra FM 87,9\",\"isPartOf\":{\"@id\":\"https:\/\/serrafm879.com.br\/serrafm\/#website\"},\"primaryImageOfPage\":{\"@id\":\"https:\/\/serrafm879.com.br\/serrafm\/2025\/04\/campanha-de-vacinacao-contra-a-gripe-comeca-nesta-segunda-feira-7\/#primaryimage\"},\"image\":{\"@id\":\"https:\/\/serrafm879.com.br\/serrafm\/2025\/04\/campanha-de-vacinacao-contra-a-gripe-comeca-nesta-segunda-feira-7\/#primaryimage\"},\"thumbnailUrl\":\"https:\/\/serrafm879.com.br\/serrafm\/wp-content\/uploads\/2024\/01\/2023-02-27-Inicio-da-vacinacao-com-a-Pfizer-bivalente-Alex-Ramos-11-scaled-1.jpg\",\"datePublished\":\"2025-04-07T20:39:33+00:00\",\"author\":{\"@id\":\"https:\/\/serrafm879.com.br\/serrafm\/#\/schema\/person\/c028a197030ff8b1c03c68dfba4a787a\"},\"breadcrumb\":{\"@id\":\"https:\/\/serrafm879.com.br\/serrafm\/2025\/04\/campanha-de-vacinacao-contra-a-gripe-comeca-nesta-segunda-feira-7\/#breadcrumb\"},\"inLanguage\":\"pt-BR\",\"potentialAction\":[{\"@type\":\"ReadAction\",\"target\":[\"https:\/\/serrafm879.com.br\/serrafm\/2025\/04\/campanha-de-vacinacao-contra-a-gripe-comeca-nesta-segunda-feira-7\/\"]}]},{\"@type\":\"ImageObject\",\"inLanguage\":\"pt-BR\",\"@id\":\"https:\/\/serrafm879.com.br\/serrafm\/2025\/04\/campanha-de-vacinacao-contra-a-gripe-comeca-nesta-segunda-feira-7\/#primaryimage\",\"url\":\"https:\/\/serrafm879.com.br\/serrafm\/wp-content\/uploads\/2024\/01\/2023-02-27-Inicio-da-vacinacao-com-a-Pfizer-bivalente-Alex-Ramos-11-scaled-1.jpg\",\"contentUrl\":\"https:\/\/serrafm879.com.br\/serrafm\/wp-content\/uploads\/2024\/01\/2023-02-27-Inicio-da-vacinacao-com-a-Pfizer-bivalente-Alex-Ramos-11-scaled-1.jpg\",\"width\":2560,\"height\":1707},{\"@type\":\"BreadcrumbList\",\"@id\":\"https:\/\/serrafm879.com.br\/serrafm\/2025\/04\/campanha-de-vacinacao-contra-a-gripe-comeca-nesta-segunda-feira-7\/#breadcrumb\",\"itemListElement\":[{\"@type\":\"ListItem\",\"position\":1,\"name\":\"In\u00edcio\",\"item\":\"https:\/\/serrafm879.com.br\/serrafm\/\"},{\"@type\":\"ListItem\",\"position\":2,\"name\":\"Campanha de vacina\u00e7\u00e3o contra a gripe come\u00e7a nesta segunda-feira (7)\"}]},{\"@type\":\"WebSite\",\"@id\":\"https:\/\/serrafm879.com.br\/serrafm\/#website\",\"url\":\"https:\/\/serrafm879.com.br\/serrafm\/\",\"name\":\"Serra FM 87,9\",\"description\":\"O seu novo amor!\",\"potentialAction\":[{\"@type\":\"SearchAction\",\"target\":{\"@type\":\"EntryPoint\",\"urlTemplate\":\"https:\/\/serrafm879.com.br\/serrafm\/?s={search_term_string}\"},\"query-input\":{\"@type\":\"PropertyValueSpecification\",\"valueRequired\":true,\"valueName\":\"search_term_string\"}}],\"inLanguage\":\"pt-BR\"},{\"@type\":\"Person\",\"@id\":\"https:\/\/serrafm879.com.br\/serrafm\/#\/schema\/person\/c028a197030ff8b1c03c68dfba4a787a\",\"name\":\"serrafm87\",\"image\":{\"@type\":\"ImageObject\",\"inLanguage\":\"pt-BR\",\"@id\":\"https:\/\/serrafm879.com.br\/serrafm\/#\/schema\/person\/image\/\",\"url\":\"https:\/\/secure.gravatar.com\/avatar\/a743233f1112d34f48bb3dc9559b76eb930bab8b27175856cba6362608736235?s=96&d=mm&r=g\",\"contentUrl\":\"https:\/\/secure.gravatar.com\/avatar\/a743233f1112d34f48bb3dc9559b76eb930bab8b27175856cba6362608736235?s=96&d=mm&r=g\",\"caption\":\"serrafm87\"},\"sameAs\":[\"http:\/\/serrafm879.com.br\/\"],\"url\":\"https:\/\/serrafm879.com.br\/serrafm\/author\/serrafm87\/\"}]}<\/script>\n<!-- \/ Yoast SEO plugin. -->","yoast_head_json":{"title":"Campanha de vacina\u00e7\u00e3o contra a gripe come\u00e7a nesta segunda-feira (7) - Serra FM 87,9","robots":{"index":"index","follow":"follow","max-snippet":"max-snippet:-1","max-image-preview":"max-image-preview:large","max-video-preview":"max-video-preview:-1"},"canonical":"https:\/\/serrafm879.com.br\/serrafm\/2025\/04\/campanha-de-vacinacao-contra-a-gripe-comeca-nesta-segunda-feira-7\/","og_locale":"pt_BR","og_type":"article","og_title":"Campanha de vacina\u00e7\u00e3o contra a gripe come\u00e7a nesta segunda-feira (7) - Serra FM 87,9","og_description":"Do Ne 10 A campanha nacional de vacina\u00e7\u00e3o contra a influenza come\u00e7a nesta segunda-feira (7). A meta \u00e9 imunizar 90% dos chamados grupos priorit\u00e1rios, que incluem crian\u00e7as de 6 meses a menores de 6 anos, idosos e gestantes. Tamb\u00e9m podem receber a dose: trabalhadores da sa\u00fade; pu\u00e9rperas; professores dos ensinos b\u00e1sico e superior; povos ind\u00edgenas; pessoas em situa\u00e7\u00e3o de rua; profissionais das for\u00e7as de seguran\u00e7a e de salvamento; profissionais das For\u00e7as Armadas; pessoas com doen\u00e7as cr\u00f4nicas n\u00e3o transmiss\u00edveis e outras condi\u00e7\u00f5es cl\u00ednicas especiais (independentemente da idade); pessoas com defici\u00eancia permanente; caminhoneiros; trabalhadores do transporte rodovi\u00e1rio coletivo (urbano e de longo [&hellip;]","og_url":"https:\/\/serrafm879.com.br\/serrafm\/2025\/04\/campanha-de-vacinacao-contra-a-gripe-comeca-nesta-segunda-feira-7\/","og_site_name":"Serra FM 87,9","article_published_time":"2025-04-07T20:39:33+00:00","og_image":[{"width":2560,"height":1707,"url":"https:\/\/serrafm879.com.br\/serrafm\/wp-content\/uploads\/2024\/01\/2023-02-27-Inicio-da-vacinacao-com-a-Pfizer-bivalente-Alex-Ramos-11-scaled-1.jpg","type":"image\/jpeg"}],"author":"serrafm87","twitter_card":"summary_large_image","twitter_misc":{"Escrito por":"serrafm87","Est. tempo de leitura":"2 minutos"},"schema":{"@context":"https:\/\/schema.org","@graph":[{"@type":"WebPage","@id":"https:\/\/serrafm879.com.br\/serrafm\/2025\/04\/campanha-de-vacinacao-contra-a-gripe-comeca-nesta-segunda-feira-7\/","url":"https:\/\/serrafm879.com.br\/serrafm\/2025\/04\/campanha-de-vacinacao-contra-a-gripe-comeca-nesta-segunda-feira-7\/","name":"Campanha de vacina\u00e7\u00e3o contra a gripe come\u00e7a nesta segunda-feira (7) - Serra FM 87,9","isPartOf":{"@id":"https:\/\/serrafm879.com.br\/serrafm\/#website"},"primaryImageOfPage":{"@id":"https:\/\/serrafm879.com.br\/serrafm\/2025\/04\/campanha-de-vacinacao-contra-a-gripe-comeca-nesta-segunda-feira-7\/#primaryimage"},"image":{"@id":"https:\/\/serrafm879.com.br\/serrafm\/2025\/04\/campanha-de-vacinacao-contra-a-gripe-comeca-nesta-segunda-feira-7\/#primaryimage"},"thumbnailUrl":"https:\/\/serrafm879.com.br\/serrafm\/wp-content\/uploads\/2024\/01\/2023-02-27-Inicio-da-vacinacao-com-a-Pfizer-bivalente-Alex-Ramos-11-scaled-1.jpg","datePublished":"2025-04-07T20:39:33+00:00","author":{"@id":"https:\/\/serrafm879.com.br\/serrafm\/#\/schema\/person\/c028a197030ff8b1c03c68dfba4a787a"},"breadcrumb":{"@id":"https:\/\/serrafm879.com.br\/serrafm\/2025\/04\/campanha-de-vacinacao-contra-a-gripe-comeca-nesta-segunda-feira-7\/#breadcrumb"},"inLanguage":"pt-BR","potentialAction":[{"@type":"ReadAction","target":["https:\/\/serrafm879.com.br\/serrafm\/2025\/04\/campanha-de-vacinacao-contra-a-gripe-comeca-nesta-segunda-feira-7\/"]}]},{"@type":"ImageObject","inLanguage":"pt-BR","@id":"https:\/\/serrafm879.com.br\/serrafm\/2025\/04\/campanha-de-vacinacao-contra-a-gripe-comeca-nesta-segunda-feira-7\/#primaryimage","url":"https:\/\/serrafm879.com.br\/serrafm\/wp-content\/uploads\/2024\/01\/2023-02-27-Inicio-da-vacinacao-com-a-Pfizer-bivalente-Alex-Ramos-11-scaled-1.jpg","contentUrl":"https:\/\/serrafm879.com.br\/serrafm\/wp-content\/uploads\/2024\/01\/2023-02-27-Inicio-da-vacinacao-com-a-Pfizer-bivalente-Alex-Ramos-11-scaled-1.jpg","width":2560,"height":1707},{"@type":"BreadcrumbList","@id":"https:\/\/serrafm879.com.br\/serrafm\/2025\/04\/campanha-de-vacinacao-contra-a-gripe-comeca-nesta-segunda-feira-7\/#breadcrumb","itemListElement":[{"@type":"ListItem","position":1,"name":"In\u00edcio","item":"https:\/\/serrafm879.com.br\/serrafm\/"},{"@type":"ListItem","position":2,"name":"Campanha de vacina\u00e7\u00e3o contra a gripe come\u00e7a nesta segunda-feira (7)"}]},{"@type":"WebSite","@id":"https:\/\/serrafm879.com.br\/serrafm\/#website","url":"https:\/\/serrafm879.com.br\/serrafm\/","name":"Serra FM 87,9","description":"O seu novo amor!","potentialAction":[{"@type":"SearchAction","target":{"@type":"EntryPoint","urlTemplate":"https:\/\/serrafm879.com.br\/serrafm\/?s={search_term_string}"},"query-input":{"@type":"PropertyValueSpecification","valueRequired":true,"valueName":"search_term_string"}}],"inLanguage":"pt-BR"},{"@type":"Person","@id":"https:\/\/serrafm879.com.br\/serrafm\/#\/schema\/person\/c028a197030ff8b1c03c68dfba4a787a","name":"serrafm87","image":{"@type":"ImageObject","inLanguage":"pt-BR","@id":"https:\/\/serrafm879.com.br\/serrafm\/#\/schema\/person\/image\/","url":"https:\/\/secure.gravatar.com\/avatar\/a743233f1112d34f48bb3dc9559b76eb930bab8b27175856cba6362608736235?s=96&d=mm&r=g","contentUrl":"https:\/\/secure.gravatar.com\/avatar\/a743233f1112d34f48bb3dc9559b76eb930bab8b27175856cba6362608736235?s=96&d=mm&r=g","caption":"serrafm87"},"sameAs":["http:\/\/serrafm879.com.br\/"],"url":"https:\/\/serrafm879.com.br\/serrafm\/author\/serrafm87\/"}]}},"jetpack_featured_media_url":"https:\/\/serrafm879.com.br\/serrafm\/wp-content\/uploads\/2024\/01\/2023-02-27-Inicio-da-vacinacao-com-a-Pfizer-bivalente-Alex-Ramos-11-scaled-1.jpg","jetpack_shortlink":"https:\/\/wp.me\/p7HyXg-5GG","jetpack_sharing_enabled":true,"_links":{"self":[{"href":"https:\/\/serrafm879.com.br\/serrafm\/wp-json\/wp\/v2\/posts\/21866","targetHints":{"allow":["GET"]}}],"collection":[{"href":"https:\/\/serrafm879.com.br\/serrafm\/wp-json\/wp\/v2\/posts"}],"about":[{"href":"https:\/\/serrafm879.com.br\/serrafm\/wp-json\/wp\/v2\/types\/post"}],"author":[{"embeddable":true,"href":"https:\/\/serrafm879.com.br\/serrafm\/wp-json\/wp\/v2\/users\/2"}],"replies":[{"embeddable":true,"href":"https:\/\/serrafm879.com.br\/serrafm\/wp-json\/wp\/v2\/comments?post=21866"}],"version-history":[{"count":1,"href":"https:\/\/serrafm879.com.br\/serrafm\/wp-json\/wp\/v2\/posts\/21866\/revisions"}],"predecessor-version":[{"id":21867,"href":"https:\/\/serrafm879.com.br\/serrafm\/wp-json\/wp\/v2\/posts\/21866\/revisions\/21867"}],"wp:featuredmedia":[{"embeddable":true,"href":"https:\/\/serrafm879.com.br\/serrafm\/wp-json\/wp\/v2\/media\/15504"}],"wp:attachment":[{"href":"https:\/\/serrafm879.com.br\/serrafm\/wp-json\/wp\/v2\/media?parent=21866"}],"wp:term":[{"taxonomy":"category","embeddable":true,"href":"https:\/\/serrafm879.com.br\/serrafm\/wp-json\/wp\/v2\/categories?post=21866"},{"taxonomy":"post_tag","embeddable":true,"href":"https:\/\/serrafm879.com.br\/serrafm\/wp-json\/wp\/v2\/tags?post=21866"}],"curies":[{"name":"wp","href":"https:\/\/api.w.org\/{rel}","templated":true}]}}