{"id":21880,"date":"2025-04-08T08:10:45","date_gmt":"2025-04-08T11:10:45","guid":{"rendered":"https:\/\/serrafm879.com.br\/serrafm\/?p=21880"},"modified":"2025-04-08T08:10:45","modified_gmt":"2025-04-08T11:10:45","slug":"pesquisa-aponta-que-77-das-pessoas-que-moram-perto-de-turbinas-eolicas-tem-perda-auditiva-e-mais-de-60-usam-remedios-para-dormir","status":"publish","type":"post","link":"https:\/\/serrafm879.com.br\/serrafm\/2025\/04\/pesquisa-aponta-que-77-das-pessoas-que-moram-perto-de-turbinas-eolicas-tem-perda-auditiva-e-mais-de-60-usam-remedios-para-dormir\/","title":{"rendered":"Pesquisa aponta que 77% das pessoas que moram perto de turbinas e\u00f3licas t\u00eam perda auditiva e mais de 60% usam rem\u00e9dios para dormir"},"content":{"rendered":"<h6 class=\"content-head__subtitle\">Estudo da UPE, em parceria com a Fiocruz, demonstrou que, a uma dist\u00e2ncia de 300 metros da turbina, n\u00edvel de ru\u00eddo \u00e9 40 vezes maior do que o considerado saud\u00e1vel.<\/h6>\n<p>Morar perto de turbinas e\u00f3licas virou um problema de sa\u00fade. Uma pesquisa da Universidade de Pernambuco (<a class=\"\" href=\"https:\/\/g1.globo.com\/educacao\/universidade\/upe\/\" data-mrf-link=\"https:\/\/g1.globo.com\/educacao\/universidade\/upe\/\">UPE<\/a>), com participa\u00e7\u00e3o da\u00a0<a class=\"\" href=\"https:\/\/g1.globo.com\/tudo-sobre\/fiocruz\/\" data-mrf-link=\"https:\/\/g1.globo.com\/tudo-sobre\/fiocruz\/\">Funda\u00e7\u00e3o Oswaldo Cruz<\/a>\u00a0(Fiocruz), mostra que mais de 70% das pessoas que moram ao lado dos aerogeradores t\u00eam depress\u00e3o, estresse, ansiedade ou problemas de vis\u00e3o.<\/p>\n<p>&#8220;A gente j\u00e1 detectou que em torno de 77% das pessoas possuem algum tipo de perda auditiva. A perda induzida por n\u00edveis de press\u00e3o sonora elevadas s\u00e3o lentas, progressivas e irrevers\u00edveis. Provavelmente, uma exposi\u00e7\u00e3o por tempo maior vai acelerar esse processo todo\u201d, disse Pedro Menezes, pesquisador e professor da Universidade Estadual de Ci\u00eancias da Sa\u00fade de Alagoas (<a class=\"\" href=\"https:\/\/g1.globo.com\/educacao\/universidade\/uncisal\/\">Uncisal<\/a>).<\/p>\n<div id=\"chunk-8r2v3\">\n<div class=\"mc-column content-text active-extra-styles \" data-block-type=\"unstyled\" data-block-weight=\"50\" data-block-id=\"8\">\n<p class=\" content-text__container \" data-track-category=\"Link no Texto\" data-track-links=\"\" data-mrf-recirculation=\"Mat\u00e9ria - Links no Texto\">A cada seis meses, pesquisadores fazem um mutir\u00e3o de sa\u00fade na zona rural de\u00a0<a class=\"\" href=\"https:\/\/g1.globo.com\/pe\/caruaru-regiao\/cidade\/caetes\/\" data-mrf-link=\"https:\/\/g1.globo.com\/pe\/caruaru-regiao\/cidade\/caetes\/\">Caet\u00e9s<\/a>, cidade do Agreste de Pernambuco localizada a 250 quil\u00f4metros do Recife. Os estudiosos mediram que, a uma dist\u00e2ncia de 300 metros da turbina, o n\u00edvel de ru\u00eddo \u00e9 40 vezes maior do que o saud\u00e1vel.<\/p>\n<\/div>\n<\/div>\n<div id=\"chunk-aaolh\">\n<div class=\"mc-column content-text active-extra-styles \" data-block-type=\"unstyled\" data-block-weight=\"65\" data-block-id=\"9\">\n<p class=\" content-text__container \" data-track-category=\"Link no Texto\" data-track-links=\"\" data-mrf-recirculation=\"Mat\u00e9ria - Links no Texto\">&#8220;A gente percebe a baixa da acuidade auditiva (capacidade de diferenciar sons), por causa dos ru\u00eddos aud\u00edveis e tamb\u00e9m existem os infrassons que essas turbinas emitem, que s\u00e3o sons abaixo de 20 Hertz e que causam tamb\u00e9m problemas no aparelho cardiovascular. A gente observou que mais de 60% das pessoas usam medica\u00e7\u00e3o para dormir&#8221;, afirmou Wanessa Gomes, professora em sa\u00fade p\u00fablica e coordenadora da pesquisa.<\/p>\n<div id=\"chunk-fk6e9\">\n<div class=\"mc-column content-text active-extra-styles \" data-block-type=\"unstyled\" data-block-weight=\"57\" data-block-id=\"12\">\n<p class=\" content-text__container \" data-track-category=\"Link no Texto\" data-track-links=\"\" data-mrf-recirculation=\"Mat\u00e9ria - Links no Texto\">A turbina e\u00f3lica de 120 metros impressiona, mas ser vizinha delas virou um sofrimento para mais de 300 fam\u00edlias de Pernambuco, pois os equipamentos funcionam 24 horas por dia. \u201cAs pessoas s\u00f3 enxergam a energia como um lado positivo da energia renov\u00e1vel, que de renov\u00e1vel, para n\u00f3s, n\u00e3o est\u00e1 tendo nada\u201d, afirmou o agricultor Jos\u00e9 Sim\u00e3o.<\/p>\n<\/div>\n<\/div>\n<div id=\"chunk-4sa0d\">\n<div class=\"mc-column content-text active-extra-styles \" data-block-type=\"unstyled\" data-block-weight=\"49\" data-block-id=\"13\">\n<p class=\" content-text__container \" data-track-category=\"Link no Texto\" data-track-links=\"\" data-mrf-recirculation=\"Mat\u00e9ria - Links no Texto\">A casa da agricultora Vanessa Alves ficava a menos de 150 metros de uma turbina e\u00f3lica. \u201cO barulho \u00e9 muito intenso, semelhante ao som de uma turbina de avi\u00e3o. H\u00e1 tamb\u00e9m outro problema. Essa sombra que fica passando o tempo todo pelos moradores e tamb\u00e9m nos animais\u201d, afirmou Vanessa.<\/p>\n<\/div>\n<\/div>\n<div id=\"chunk-30o08\">\n<div class=\"mc-column content-text active-extra-styles \" data-block-type=\"unstyled\" data-block-weight=\"46\" data-block-id=\"14\">\n<p class=\" content-text__container \" data-track-category=\"Link no Texto\" data-track-links=\"\" data-mrf-recirculation=\"Mat\u00e9ria - Links no Texto\">De acordo com agricultores da regi\u00e3o, h\u00e1 mais de dez anos, quando as turbinas come\u00e7aram a ser instaladas, algumas fam\u00edlias fizeram acordos com as empresas de energia. Alugaram os s\u00edtios para elas e se mudaram. Quem n\u00e3o quis sair recebeu indeniza\u00e7\u00f5es inferiores a R$ 30 mil.<\/p>\n<p data-track-category=\"Link no Texto\" data-track-links=\"\" data-mrf-recirculation=\"Mat\u00e9ria - Links no Texto\">\u201cHoje eu tenho observado que a minha ansiedade tem aumentado. E, cada vez que tenho alguma crise, vem com sintomas muito diferentes, e a\u00ed est\u00e1 sendo para amenizar, est\u00e1 sendo na base do rem\u00e9dio. Dor de cabe\u00e7a tamb\u00e9m; hoje n\u00e3o saio sem o meu rem\u00e9dio de dor de cabe\u00e7a, e a ins\u00f4nia tamb\u00e9m. Tem noite em que n\u00e3o consigo dormir&#8221;, relatou a agricultora.<\/p>\n<p data-track-category=\"Link no Texto\" data-track-links=\"\" data-mrf-recirculation=\"Mat\u00e9ria - Links no Texto\">O tamb\u00e9m agricultor Sim\u00e3o da Silva lamenta o que aconteceu com os animais que ele tinha no s\u00edtio. \u201cAs vacas reduziram a produ\u00e7\u00e3o de leite entre 18% e 20%, as vacas pararam de produzir. Os su\u00ednos entraram no estresse e come\u00e7aram a se matar, a se comer. A gente andou criando entre 80 e 90 ovelhas. As ovelhas come\u00e7aram a abortar e, quando pariam, abandonavam os filhotes\u201d, contou Sim\u00e3o da Silva.<\/p>\n<p data-track-category=\"Link no Texto\" data-track-links=\"\" data-mrf-recirculation=\"Mat\u00e9ria - Links no Texto\">Depois de 60 anos vivendo no campo, ele teve que se mudar, porque a esposa dele, Edite Maria da Silva, de 76 anos, teve uma depress\u00e3o profunda. \u201cEu disse, olha, voc\u00ea s\u00f3 quer me tirar daqui depois que eu morrer? Aquele barulho vai dando agonia no ju\u00edzo. Fiquei ruim. A\u00ed, gra\u00e7as a Deus, depois que eu sa\u00ed de l\u00e1, estou assossegada, me deito, durmo a noite toda&#8221;, contou Edite.<\/p>\n<div id=\"chunk-f3dv0\">\n<div class=\"mc-column content-text active-extra-styles\" data-block-type=\"raw\" data-block-weight=\"6\" data-block-id=\"31\">\n<div class=\"content-intertitle\">\n<h2>Respostas das empresas e demais autoridades<\/h2>\n<\/div>\n<\/div>\n<\/div>\n<div id=\"chunk-2ovmt\">\n<div class=\"mc-column content-text active-extra-styles\" data-block-type=\"raw\" data-block-weight=\"179\" data-block-id=\"32\">\n<ul class=\"content-unordered-list\">\n<li>A Ag\u00eancia de Meio Ambiente de Pernambuco (CPRH) disse que elaborou uma norma para empreendimentos de energia e\u00f3lica que estabelece a necessidade de apresenta\u00e7\u00e3o de estudos de ru\u00eddos. Afirmou tamb\u00e9m que o pedido de renova\u00e7\u00e3o da licen\u00e7a de opera\u00e7\u00e3o de um desses parques e\u00f3licos foi negada, mas a justi\u00e7a determinou que a opera\u00e7\u00e3o continue;<\/li>\n<li>A Ecoenergia, respons\u00e1vel pelo Complexo E\u00f3lico S\u00e3o Clemente, disse que j\u00e1 investiu R$ 25 milh\u00f5es em reformas residenciais e tamb\u00e9m na regulariza\u00e7\u00e3o fundi\u00e1ria, beneficiando 129 fam\u00edlias. A empresa informou que construiu 192 cisternas com tratamento de \u00e1gua para a comunidade;<\/li>\n<li>O Parque E\u00f3lico Serra das Vacas disse que cumpre toda a lei em vigor e que possui todas as licen\u00e7as necess\u00e1rias. Informou tamb\u00e9m que o Minist\u00e9rio P\u00fablico n\u00e3o fez per\u00edcia no parque e\u00f3lico;<\/li>\n<li>A empresa Auren, respons\u00e1vel pelo Parque E\u00f3lico Santa Br\u00edgida, disse que tem feito estudos t\u00e9cnicos e que est\u00e1 seguindo em di\u00e1logo com as autoridades e tamb\u00e9m com a comunidade. Informou que tomou medidas como a realoca\u00e7\u00e3o das fam\u00edlias e que tem projetos voltados para a gera\u00e7\u00e3o de renda e bem-estar dessas fam\u00edlias.<\/li>\n<\/ul>\n<p>Fonte: g1.com<\/p>\n<p>&nbsp;<\/p>\n<\/div>\n<\/div>\n<div id=\"chunk-ei2gg\">\n<div class=\"content-ads content-ads--reveal\" data-block-type=\"ads\" data-block-id=\"33\">\n<div id=\"banner_materia__011af713-b530-4251-b9de-71cd11358d8a\" class=\"tag-manager-publicidade-container mc-has-reveal mc-has-ad-lazyload tag-manager-publicidade-banner_materia__011af713-b530-4251-b9de-71cd11358d8a tag-manager-publicidade-container--carregado tag-manager-publicidade-container--visivel\" data-id=\"banner_materia__011af713-b530-4251-b9de-71cd11358d8a\" data-google-query-id=\"CKeE_dalyIwDFcZYuAQdaRgU8Q\"><\/div>\n<\/div>\n<\/div>\n<\/div>\n<\/div>\n<\/div>\n<\/div>\n","protected":false},"excerpt":{"rendered":"<p>Estudo da UPE, em parceria com a Fiocruz, demonstrou que, a uma dist\u00e2ncia de 300 metros da turbina, n\u00edvel de ru\u00eddo \u00e9 40 vezes maior do que o considerado saud\u00e1vel. Morar perto de turbinas e\u00f3licas virou um problema de sa\u00fade. Uma pesquisa da Universidade de Pernambuco (UPE), com participa\u00e7\u00e3o da\u00a0Funda\u00e7\u00e3o Oswaldo Cruz\u00a0(Fiocruz), mostra que mais de 70% das pessoas que moram ao lado dos aerogeradores t\u00eam depress\u00e3o, estresse, ansiedade ou problemas de vis\u00e3o. &#8220;A gente j\u00e1 detectou que em torno de 77% das pessoas possuem algum tipo de perda auditiva. A perda induzida por n\u00edveis de press\u00e3o sonora elevadas s\u00e3o [&hellip;]<\/p>\n","protected":false},"author":2,"featured_media":21882,"comment_status":"open","ping_status":"open","sticky":false,"template":"","format":"standard","meta":{"_jetpack_memberships_contains_paid_content":false,"footnotes":"","jetpack_publicize_message":"","jetpack_publicize_feature_enabled":true,"jetpack_social_post_already_shared":true,"jetpack_social_options":{"image_generator_settings":{"template":"highway","enabled":false},"version":2}},"categories":[1],"tags":[],"class_list":["post-21880","post","type-post","status-publish","format-standard","has-post-thumbnail","hentry","category-uncategorized"],"jetpack_publicize_connections":[],"yoast_head":"<!-- This site is optimized with the Yoast SEO plugin v24.7 - https:\/\/yoast.com\/wordpress\/plugins\/seo\/ -->\n<title>Pesquisa aponta que 77% das pessoas que moram perto de turbinas e\u00f3licas t\u00eam perda auditiva e mais de 60% usam rem\u00e9dios para dormir - Serra FM 87,9<\/title>\n<meta name=\"robots\" content=\"index, follow, max-snippet:-1, max-image-preview:large, max-video-preview:-1\" \/>\n<link rel=\"canonical\" href=\"https:\/\/serrafm879.com.br\/serrafm\/2025\/04\/pesquisa-aponta-que-77-das-pessoas-que-moram-perto-de-turbinas-eolicas-tem-perda-auditiva-e-mais-de-60-usam-remedios-para-dormir\/\" \/>\n<meta property=\"og:locale\" content=\"pt_BR\" \/>\n<meta property=\"og:type\" content=\"article\" \/>\n<meta property=\"og:title\" content=\"Pesquisa aponta que 77% das pessoas que moram perto de turbinas e\u00f3licas t\u00eam perda auditiva e mais de 60% usam rem\u00e9dios para dormir - Serra FM 87,9\" \/>\n<meta property=\"og:description\" content=\"Estudo da UPE, em parceria com a Fiocruz, demonstrou que, a uma dist\u00e2ncia de 300 metros da turbina, n\u00edvel de ru\u00eddo \u00e9 40 vezes maior do que o considerado saud\u00e1vel. Morar perto de turbinas e\u00f3licas virou um problema de sa\u00fade. Uma pesquisa da Universidade de Pernambuco (UPE), com participa\u00e7\u00e3o da\u00a0Funda\u00e7\u00e3o Oswaldo Cruz\u00a0(Fiocruz), mostra que mais de 70% das pessoas que moram ao lado dos aerogeradores t\u00eam depress\u00e3o, estresse, ansiedade ou problemas de vis\u00e3o. &#8220;A gente j\u00e1 detectou que em torno de 77% das pessoas possuem algum tipo de perda auditiva. A perda induzida por n\u00edveis de press\u00e3o sonora elevadas s\u00e3o [&hellip;]\" \/>\n<meta property=\"og:url\" content=\"https:\/\/serrafm879.com.br\/serrafm\/2025\/04\/pesquisa-aponta-que-77-das-pessoas-que-moram-perto-de-turbinas-eolicas-tem-perda-auditiva-e-mais-de-60-usam-remedios-para-dormir\/\" \/>\n<meta property=\"og:site_name\" content=\"Serra FM 87,9\" \/>\n<meta property=\"article:published_time\" content=\"2025-04-08T11:10:45+00:00\" \/>\n<meta property=\"og:image\" content=\"https:\/\/serrafm879.com.br\/serrafm\/wp-content\/uploads\/2025\/04\/download-2-1.jpg\" \/>\n\t<meta property=\"og:image:width\" content=\"325\" \/>\n\t<meta property=\"og:image:height\" content=\"155\" \/>\n\t<meta property=\"og:image:type\" content=\"image\/jpeg\" \/>\n<meta name=\"author\" content=\"serrafm87\" \/>\n<meta name=\"twitter:card\" content=\"summary_large_image\" \/>\n<meta name=\"twitter:label1\" content=\"Escrito por\" \/>\n\t<meta name=\"twitter:data1\" content=\"serrafm87\" \/>\n\t<meta name=\"twitter:label2\" content=\"Est. tempo de leitura\" \/>\n\t<meta name=\"twitter:data2\" content=\"5 minutos\" \/>\n<script type=\"application\/ld+json\" class=\"yoast-schema-graph\">{\"@context\":\"https:\/\/schema.org\",\"@graph\":[{\"@type\":\"WebPage\",\"@id\":\"https:\/\/serrafm879.com.br\/serrafm\/2025\/04\/pesquisa-aponta-que-77-das-pessoas-que-moram-perto-de-turbinas-eolicas-tem-perda-auditiva-e-mais-de-60-usam-remedios-para-dormir\/\",\"url\":\"https:\/\/serrafm879.com.br\/serrafm\/2025\/04\/pesquisa-aponta-que-77-das-pessoas-que-moram-perto-de-turbinas-eolicas-tem-perda-auditiva-e-mais-de-60-usam-remedios-para-dormir\/\",\"name\":\"Pesquisa aponta que 77% das pessoas que moram perto de turbinas e\u00f3licas t\u00eam perda auditiva e mais de 60% usam rem\u00e9dios para dormir - Serra FM 87,9\",\"isPartOf\":{\"@id\":\"https:\/\/serrafm879.com.br\/serrafm\/#website\"},\"primaryImageOfPage\":{\"@id\":\"https:\/\/serrafm879.com.br\/serrafm\/2025\/04\/pesquisa-aponta-que-77-das-pessoas-que-moram-perto-de-turbinas-eolicas-tem-perda-auditiva-e-mais-de-60-usam-remedios-para-dormir\/#primaryimage\"},\"image\":{\"@id\":\"https:\/\/serrafm879.com.br\/serrafm\/2025\/04\/pesquisa-aponta-que-77-das-pessoas-que-moram-perto-de-turbinas-eolicas-tem-perda-auditiva-e-mais-de-60-usam-remedios-para-dormir\/#primaryimage\"},\"thumbnailUrl\":\"https:\/\/serrafm879.com.br\/serrafm\/wp-content\/uploads\/2025\/04\/download-2-1.jpg\",\"datePublished\":\"2025-04-08T11:10:45+00:00\",\"author\":{\"@id\":\"https:\/\/serrafm879.com.br\/serrafm\/#\/schema\/person\/c028a197030ff8b1c03c68dfba4a787a\"},\"breadcrumb\":{\"@id\":\"https:\/\/serrafm879.com.br\/serrafm\/2025\/04\/pesquisa-aponta-que-77-das-pessoas-que-moram-perto-de-turbinas-eolicas-tem-perda-auditiva-e-mais-de-60-usam-remedios-para-dormir\/#breadcrumb\"},\"inLanguage\":\"pt-BR\",\"potentialAction\":[{\"@type\":\"ReadAction\",\"target\":[\"https:\/\/serrafm879.com.br\/serrafm\/2025\/04\/pesquisa-aponta-que-77-das-pessoas-que-moram-perto-de-turbinas-eolicas-tem-perda-auditiva-e-mais-de-60-usam-remedios-para-dormir\/\"]}]},{\"@type\":\"ImageObject\",\"inLanguage\":\"pt-BR\",\"@id\":\"https:\/\/serrafm879.com.br\/serrafm\/2025\/04\/pesquisa-aponta-que-77-das-pessoas-que-moram-perto-de-turbinas-eolicas-tem-perda-auditiva-e-mais-de-60-usam-remedios-para-dormir\/#primaryimage\",\"url\":\"https:\/\/serrafm879.com.br\/serrafm\/wp-content\/uploads\/2025\/04\/download-2-1.jpg\",\"contentUrl\":\"https:\/\/serrafm879.com.br\/serrafm\/wp-content\/uploads\/2025\/04\/download-2-1.jpg\",\"width\":325,\"height\":155},{\"@type\":\"BreadcrumbList\",\"@id\":\"https:\/\/serrafm879.com.br\/serrafm\/2025\/04\/pesquisa-aponta-que-77-das-pessoas-que-moram-perto-de-turbinas-eolicas-tem-perda-auditiva-e-mais-de-60-usam-remedios-para-dormir\/#breadcrumb\",\"itemListElement\":[{\"@type\":\"ListItem\",\"position\":1,\"name\":\"In\u00edcio\",\"item\":\"https:\/\/serrafm879.com.br\/serrafm\/\"},{\"@type\":\"ListItem\",\"position\":2,\"name\":\"Pesquisa aponta que 77% das pessoas que moram perto de turbinas e\u00f3licas t\u00eam perda auditiva e mais de 60% usam rem\u00e9dios para dormir\"}]},{\"@type\":\"WebSite\",\"@id\":\"https:\/\/serrafm879.com.br\/serrafm\/#website\",\"url\":\"https:\/\/serrafm879.com.br\/serrafm\/\",\"name\":\"Serra FM 87,9\",\"description\":\"O seu novo amor!\",\"potentialAction\":[{\"@type\":\"SearchAction\",\"target\":{\"@type\":\"EntryPoint\",\"urlTemplate\":\"https:\/\/serrafm879.com.br\/serrafm\/?s={search_term_string}\"},\"query-input\":{\"@type\":\"PropertyValueSpecification\",\"valueRequired\":true,\"valueName\":\"search_term_string\"}}],\"inLanguage\":\"pt-BR\"},{\"@type\":\"Person\",\"@id\":\"https:\/\/serrafm879.com.br\/serrafm\/#\/schema\/person\/c028a197030ff8b1c03c68dfba4a787a\",\"name\":\"serrafm87\",\"image\":{\"@type\":\"ImageObject\",\"inLanguage\":\"pt-BR\",\"@id\":\"https:\/\/serrafm879.com.br\/serrafm\/#\/schema\/person\/image\/\",\"url\":\"https:\/\/secure.gravatar.com\/avatar\/a743233f1112d34f48bb3dc9559b76eb930bab8b27175856cba6362608736235?s=96&d=mm&r=g\",\"contentUrl\":\"https:\/\/secure.gravatar.com\/avatar\/a743233f1112d34f48bb3dc9559b76eb930bab8b27175856cba6362608736235?s=96&d=mm&r=g\",\"caption\":\"serrafm87\"},\"sameAs\":[\"http:\/\/serrafm879.com.br\/\"],\"url\":\"https:\/\/serrafm879.com.br\/serrafm\/author\/serrafm87\/\"}]}<\/script>\n<!-- \/ Yoast SEO plugin. -->","yoast_head_json":{"title":"Pesquisa aponta que 77% das pessoas que moram perto de turbinas e\u00f3licas t\u00eam perda auditiva e mais de 60% usam rem\u00e9dios para dormir - Serra FM 87,9","robots":{"index":"index","follow":"follow","max-snippet":"max-snippet:-1","max-image-preview":"max-image-preview:large","max-video-preview":"max-video-preview:-1"},"canonical":"https:\/\/serrafm879.com.br\/serrafm\/2025\/04\/pesquisa-aponta-que-77-das-pessoas-que-moram-perto-de-turbinas-eolicas-tem-perda-auditiva-e-mais-de-60-usam-remedios-para-dormir\/","og_locale":"pt_BR","og_type":"article","og_title":"Pesquisa aponta que 77% das pessoas que moram perto de turbinas e\u00f3licas t\u00eam perda auditiva e mais de 60% usam rem\u00e9dios para dormir - Serra FM 87,9","og_description":"Estudo da UPE, em parceria com a Fiocruz, demonstrou que, a uma dist\u00e2ncia de 300 metros da turbina, n\u00edvel de ru\u00eddo \u00e9 40 vezes maior do que o considerado saud\u00e1vel. Morar perto de turbinas e\u00f3licas virou um problema de sa\u00fade. Uma pesquisa da Universidade de Pernambuco (UPE), com participa\u00e7\u00e3o da\u00a0Funda\u00e7\u00e3o Oswaldo Cruz\u00a0(Fiocruz), mostra que mais de 70% das pessoas que moram ao lado dos aerogeradores t\u00eam depress\u00e3o, estresse, ansiedade ou problemas de vis\u00e3o. &#8220;A gente j\u00e1 detectou que em torno de 77% das pessoas possuem algum tipo de perda auditiva. A perda induzida por n\u00edveis de press\u00e3o sonora elevadas s\u00e3o [&hellip;]","og_url":"https:\/\/serrafm879.com.br\/serrafm\/2025\/04\/pesquisa-aponta-que-77-das-pessoas-que-moram-perto-de-turbinas-eolicas-tem-perda-auditiva-e-mais-de-60-usam-remedios-para-dormir\/","og_site_name":"Serra FM 87,9","article_published_time":"2025-04-08T11:10:45+00:00","og_image":[{"width":325,"height":155,"url":"https:\/\/serrafm879.com.br\/serrafm\/wp-content\/uploads\/2025\/04\/download-2-1.jpg","type":"image\/jpeg"}],"author":"serrafm87","twitter_card":"summary_large_image","twitter_misc":{"Escrito por":"serrafm87","Est. tempo de leitura":"5 minutos"},"schema":{"@context":"https:\/\/schema.org","@graph":[{"@type":"WebPage","@id":"https:\/\/serrafm879.com.br\/serrafm\/2025\/04\/pesquisa-aponta-que-77-das-pessoas-que-moram-perto-de-turbinas-eolicas-tem-perda-auditiva-e-mais-de-60-usam-remedios-para-dormir\/","url":"https:\/\/serrafm879.com.br\/serrafm\/2025\/04\/pesquisa-aponta-que-77-das-pessoas-que-moram-perto-de-turbinas-eolicas-tem-perda-auditiva-e-mais-de-60-usam-remedios-para-dormir\/","name":"Pesquisa aponta que 77% das pessoas que moram perto de turbinas e\u00f3licas t\u00eam perda auditiva e mais de 60% usam rem\u00e9dios para dormir - Serra FM 87,9","isPartOf":{"@id":"https:\/\/serrafm879.com.br\/serrafm\/#website"},"primaryImageOfPage":{"@id":"https:\/\/serrafm879.com.br\/serrafm\/2025\/04\/pesquisa-aponta-que-77-das-pessoas-que-moram-perto-de-turbinas-eolicas-tem-perda-auditiva-e-mais-de-60-usam-remedios-para-dormir\/#primaryimage"},"image":{"@id":"https:\/\/serrafm879.com.br\/serrafm\/2025\/04\/pesquisa-aponta-que-77-das-pessoas-que-moram-perto-de-turbinas-eolicas-tem-perda-auditiva-e-mais-de-60-usam-remedios-para-dormir\/#primaryimage"},"thumbnailUrl":"https:\/\/serrafm879.com.br\/serrafm\/wp-content\/uploads\/2025\/04\/download-2-1.jpg","datePublished":"2025-04-08T11:10:45+00:00","author":{"@id":"https:\/\/serrafm879.com.br\/serrafm\/#\/schema\/person\/c028a197030ff8b1c03c68dfba4a787a"},"breadcrumb":{"@id":"https:\/\/serrafm879.com.br\/serrafm\/2025\/04\/pesquisa-aponta-que-77-das-pessoas-que-moram-perto-de-turbinas-eolicas-tem-perda-auditiva-e-mais-de-60-usam-remedios-para-dormir\/#breadcrumb"},"inLanguage":"pt-BR","potentialAction":[{"@type":"ReadAction","target":["https:\/\/serrafm879.com.br\/serrafm\/2025\/04\/pesquisa-aponta-que-77-das-pessoas-que-moram-perto-de-turbinas-eolicas-tem-perda-auditiva-e-mais-de-60-usam-remedios-para-dormir\/"]}]},{"@type":"ImageObject","inLanguage":"pt-BR","@id":"https:\/\/serrafm879.com.br\/serrafm\/2025\/04\/pesquisa-aponta-que-77-das-pessoas-que-moram-perto-de-turbinas-eolicas-tem-perda-auditiva-e-mais-de-60-usam-remedios-para-dormir\/#primaryimage","url":"https:\/\/serrafm879.com.br\/serrafm\/wp-content\/uploads\/2025\/04\/download-2-1.jpg","contentUrl":"https:\/\/serrafm879.com.br\/serrafm\/wp-content\/uploads\/2025\/04\/download-2-1.jpg","width":325,"height":155},{"@type":"BreadcrumbList","@id":"https:\/\/serrafm879.com.br\/serrafm\/2025\/04\/pesquisa-aponta-que-77-das-pessoas-que-moram-perto-de-turbinas-eolicas-tem-perda-auditiva-e-mais-de-60-usam-remedios-para-dormir\/#breadcrumb","itemListElement":[{"@type":"ListItem","position":1,"name":"In\u00edcio","item":"https:\/\/serrafm879.com.br\/serrafm\/"},{"@type":"ListItem","position":2,"name":"Pesquisa aponta que 77% das pessoas que moram perto de turbinas e\u00f3licas t\u00eam perda auditiva e mais de 60% usam rem\u00e9dios para dormir"}]},{"@type":"WebSite","@id":"https:\/\/serrafm879.com.br\/serrafm\/#website","url":"https:\/\/serrafm879.com.br\/serrafm\/","name":"Serra FM 87,9","description":"O seu novo amor!","potentialAction":[{"@type":"SearchAction","target":{"@type":"EntryPoint","urlTemplate":"https:\/\/serrafm879.com.br\/serrafm\/?s={search_term_string}"},"query-input":{"@type":"PropertyValueSpecification","valueRequired":true,"valueName":"search_term_string"}}],"inLanguage":"pt-BR"},{"@type":"Person","@id":"https:\/\/serrafm879.com.br\/serrafm\/#\/schema\/person\/c028a197030ff8b1c03c68dfba4a787a","name":"serrafm87","image":{"@type":"ImageObject","inLanguage":"pt-BR","@id":"https:\/\/serrafm879.com.br\/serrafm\/#\/schema\/person\/image\/","url":"https:\/\/secure.gravatar.com\/avatar\/a743233f1112d34f48bb3dc9559b76eb930bab8b27175856cba6362608736235?s=96&d=mm&r=g","contentUrl":"https:\/\/secure.gravatar.com\/avatar\/a743233f1112d34f48bb3dc9559b76eb930bab8b27175856cba6362608736235?s=96&d=mm&r=g","caption":"serrafm87"},"sameAs":["http:\/\/serrafm879.com.br\/"],"url":"https:\/\/serrafm879.com.br\/serrafm\/author\/serrafm87\/"}]}},"jetpack_featured_media_url":"https:\/\/serrafm879.com.br\/serrafm\/wp-content\/uploads\/2025\/04\/download-2-1.jpg","jetpack_shortlink":"https:\/\/wp.me\/p7HyXg-5GU","jetpack_sharing_enabled":true,"_links":{"self":[{"href":"https:\/\/serrafm879.com.br\/serrafm\/wp-json\/wp\/v2\/posts\/21880","targetHints":{"allow":["GET"]}}],"collection":[{"href":"https:\/\/serrafm879.com.br\/serrafm\/wp-json\/wp\/v2\/posts"}],"about":[{"href":"https:\/\/serrafm879.com.br\/serrafm\/wp-json\/wp\/v2\/types\/post"}],"author":[{"embeddable":true,"href":"https:\/\/serrafm879.com.br\/serrafm\/wp-json\/wp\/v2\/users\/2"}],"replies":[{"embeddable":true,"href":"https:\/\/serrafm879.com.br\/serrafm\/wp-json\/wp\/v2\/comments?post=21880"}],"version-history":[{"count":1,"href":"https:\/\/serrafm879.com.br\/serrafm\/wp-json\/wp\/v2\/posts\/21880\/revisions"}],"predecessor-version":[{"id":21883,"href":"https:\/\/serrafm879.com.br\/serrafm\/wp-json\/wp\/v2\/posts\/21880\/revisions\/21883"}],"wp:featuredmedia":[{"embeddable":true,"href":"https:\/\/serrafm879.com.br\/serrafm\/wp-json\/wp\/v2\/media\/21882"}],"wp:attachment":[{"href":"https:\/\/serrafm879.com.br\/serrafm\/wp-json\/wp\/v2\/media?parent=21880"}],"wp:term":[{"taxonomy":"category","embeddable":true,"href":"https:\/\/serrafm879.com.br\/serrafm\/wp-json\/wp\/v2\/categories?post=21880"},{"taxonomy":"post_tag","embeddable":true,"href":"https:\/\/serrafm879.com.br\/serrafm\/wp-json\/wp\/v2\/tags?post=21880"}],"curies":[{"name":"wp","href":"https:\/\/api.w.org\/{rel}","templated":true}]}}