{"id":21887,"date":"2025-04-08T17:43:02","date_gmt":"2025-04-08T20:43:02","guid":{"rendered":"https:\/\/serrafm879.com.br\/serrafm\/?p=21887"},"modified":"2025-04-08T17:43:02","modified_gmt":"2025-04-08T20:43:02","slug":"crea-qualifica-abre-inscricoes-para-curso-de-gestao-de-projetos-e-metodologias-ageis-em-serra-talhada","status":"publish","type":"post","link":"https:\/\/serrafm879.com.br\/serrafm\/2025\/04\/crea-qualifica-abre-inscricoes-para-curso-de-gestao-de-projetos-e-metodologias-ageis-em-serra-talhada\/","title":{"rendered":"Crea qualifica abre inscri\u00e7\u00f5es para curso de Gest\u00e3o de Projetos e Metodologias \u00c1geis em Serra Talhada"},"content":{"rendered":"<p>O Crea Qualifica vai promover, entre os dias 25 e 27 de abril, o curso de Gest\u00e3o de Projetos e Metodologias \u00c1geis, em Serra Talhada, no Sert\u00e3o do Paje\u00fa. A capacita\u00e7\u00e3o \u00e9 gratuita e aberta aos profissionais da Engenharia, Agronomia e Geoci\u00eancias do munic\u00edpio e de cidades circunvizinhas com registro ativo no Conselho.<\/p>\n<p>As vagas s\u00e3o limitadas, as inscri\u00e7\u00f5es j\u00e1 est\u00e3o abertas e podem ser feitas por meio do link: <a href=\"https:\/\/shre.ink\/MM4x.\">https:\/\/shre.ink\/MM4x.<\/a><\/p>\n<div id=\"attachment_21888\" style=\"width: 419px\" class=\"wp-caption aligncenter\"><img loading=\"lazy\" decoding=\"async\" aria-describedby=\"caption-attachment-21888\" data-attachment-id=\"21888\" data-permalink=\"https:\/\/serrafm879.com.br\/serrafm\/2025\/04\/crea-qualifica-abre-inscricoes-para-curso-de-gestao-de-projetos-e-metodologias-ageis-em-serra-talhada\/curso-de-gestao-de-projetos-e-metodologias-ageis-crea-qualifica\/\" data-orig-file=\"https:\/\/serrafm879.com.br\/serrafm\/wp-content\/uploads\/2025\/04\/Curso-de-Gestao-de-Projetos-e-metodologias-Ageis-Crea-Qualifica.jpeg\" data-orig-size=\"1024,1024\" data-comments-opened=\"1\" data-image-meta=\"{&quot;aperture&quot;:&quot;0&quot;,&quot;credit&quot;:&quot;&quot;,&quot;camera&quot;:&quot;&quot;,&quot;caption&quot;:&quot;&quot;,&quot;created_timestamp&quot;:&quot;0&quot;,&quot;copyright&quot;:&quot;&quot;,&quot;focal_length&quot;:&quot;0&quot;,&quot;iso&quot;:&quot;0&quot;,&quot;shutter_speed&quot;:&quot;0&quot;,&quot;title&quot;:&quot;&quot;,&quot;orientation&quot;:&quot;0&quot;}\" data-image-title=\"Curso de Gest\u00e3o de Projetos e metodologias \u00c1geis &amp;#8211; Crea Qualifica\" data-image-description=\"\" data-image-caption=\"\" data-medium-file=\"https:\/\/serrafm879.com.br\/serrafm\/wp-content\/uploads\/2025\/04\/Curso-de-Gestao-de-Projetos-e-metodologias-Ageis-Crea-Qualifica-300x300.jpeg\" data-large-file=\"https:\/\/serrafm879.com.br\/serrafm\/wp-content\/uploads\/2025\/04\/Curso-de-Gestao-de-Projetos-e-metodologias-Ageis-Crea-Qualifica.jpeg\" class=\"wp-image-21888\" src=\"http:\/\/serrafm879.com.brserrafmserrafm\/serrafm\/wp-content\/uploads\/2025\/04\/Curso-de-Gestao-de-Projetos-e-metodologias-Ageis-Crea-Qualifica-300x300.jpeg\" alt=\"\" width=\"409\" height=\"409\" srcset=\"https:\/\/serrafm879.com.br\/serrafm\/wp-content\/uploads\/2025\/04\/Curso-de-Gestao-de-Projetos-e-metodologias-Ageis-Crea-Qualifica-300x300.jpeg 300w, https:\/\/serrafm879.com.br\/serrafm\/wp-content\/uploads\/2025\/04\/Curso-de-Gestao-de-Projetos-e-metodologias-Ageis-Crea-Qualifica-150x150.jpeg 150w, https:\/\/serrafm879.com.br\/serrafm\/wp-content\/uploads\/2025\/04\/Curso-de-Gestao-de-Projetos-e-metodologias-Ageis-Crea-Qualifica-768x768.jpeg 768w, https:\/\/serrafm879.com.br\/serrafm\/wp-content\/uploads\/2025\/04\/Curso-de-Gestao-de-Projetos-e-metodologias-Ageis-Crea-Qualifica-180x180.jpeg 180w, https:\/\/serrafm879.com.br\/serrafm\/wp-content\/uploads\/2025\/04\/Curso-de-Gestao-de-Projetos-e-metodologias-Ageis-Crea-Qualifica-400x400.jpeg 400w, https:\/\/serrafm879.com.br\/serrafm\/wp-content\/uploads\/2025\/04\/Curso-de-Gestao-de-Projetos-e-metodologias-Ageis-Crea-Qualifica-600x600.jpeg 600w, https:\/\/serrafm879.com.br\/serrafm\/wp-content\/uploads\/2025\/04\/Curso-de-Gestao-de-Projetos-e-metodologias-Ageis-Crea-Qualifica.jpeg 1024w\" sizes=\"auto, (max-width: 409px) 100vw, 409px\" \/><p id=\"caption-attachment-21888\" class=\"wp-caption-text\">Assessoria &#8211; Crea Qualifica<\/p><\/div>\n<p>Os interessados devem preencher o Google Forms e aguardar a valida\u00e7\u00e3o da inscri\u00e7\u00e3o via e-mail pelo Crea-PE.<\/p>\n<p>O treinamento acontecer\u00e1 das 18h \u00e0s 22h no dia 25 (sexta-feira); das 08h \u00e0s 17h no dia 26 (s\u00e1bado); e das 08h \u00e0s 17h no dia 27 (domingo), na Sala de Qualifica\u00e7\u00e3o Profissional, Centro Administrativo I \u2013 Qualifica Serra, na Av. Custodio Conrado, 600 \u2013 AABB. Ao final, os participantes ter\u00e3o direito a um certificado de 20h\/aula.<\/p>\n<p>A capacita\u00e7\u00e3o dever\u00e1 abordar t\u00f3picos importantes para o aprimoramento de compet\u00eancias profissionais e para a otimiza\u00e7\u00e3o da gest\u00e3o de projetos, a exemplo de t\u00e9cnicas de planejamento, estimativa e gerenciamento de custos, emprego de ferramentas, softwares e boas pr\u00e1ticas de gest\u00e3o para aumentar a efici\u00eancia e o controle de projetos.<\/p>\n<h5>O que \u00e9 o Crea?<\/h5>\n<p>O Crea Qualifica \u00e9 um programa de educa\u00e7\u00e3o continuada do Crea-PE voltado para a qualifica\u00e7\u00e3o e aperfei\u00e7oamento dos profissionais. Neste ano j\u00e1 foram realizadas capacita\u00e7\u00f5es nos munic\u00edpios de Palmares; Caruaru; e Gravat\u00e1. No m\u00eas de abril, Paulista, Garanhuns e Serra Talhada ser\u00e3o as pr\u00f3ximas cidades a receberem os cursos, respectivamente.<\/p>\n<p>&nbsp;<\/p>\n","protected":false},"excerpt":{"rendered":"<p>O Crea Qualifica vai promover, entre os dias 25 e 27 de abril, o curso de Gest\u00e3o de Projetos e Metodologias \u00c1geis, em Serra Talhada, no Sert\u00e3o do Paje\u00fa. A capacita\u00e7\u00e3o \u00e9 gratuita e aberta aos profissionais da Engenharia, Agronomia e Geoci\u00eancias do munic\u00edpio e de cidades circunvizinhas com registro ativo no Conselho. As vagas s\u00e3o limitadas, as inscri\u00e7\u00f5es j\u00e1 est\u00e3o abertas e podem ser feitas por meio do link: https:\/\/shre.ink\/MM4x. Os interessados devem preencher o Google Forms e aguardar a valida\u00e7\u00e3o da inscri\u00e7\u00e3o via e-mail pelo Crea-PE. O treinamento acontecer\u00e1 das 18h \u00e0s 22h no dia 25 (sexta-feira); das [&hellip;]<\/p>\n","protected":false},"author":2,"featured_media":4027,"comment_status":"open","ping_status":"open","sticky":false,"template":"","format":"standard","meta":{"_jetpack_memberships_contains_paid_content":false,"footnotes":"","jetpack_publicize_message":"","jetpack_publicize_feature_enabled":true,"jetpack_social_post_already_shared":true,"jetpack_social_options":{"image_generator_settings":{"template":"highway","enabled":false},"version":2}},"categories":[1],"tags":[],"class_list":["post-21887","post","type-post","status-publish","format-standard","has-post-thumbnail","hentry","category-uncategorized"],"jetpack_publicize_connections":[],"yoast_head":"<!-- This site is optimized with the Yoast SEO plugin v24.7 - https:\/\/yoast.com\/wordpress\/plugins\/seo\/ -->\n<title>Crea qualifica abre inscri\u00e7\u00f5es para curso de Gest\u00e3o de Projetos e Metodologias \u00c1geis em Serra Talhada - Serra FM 87,9<\/title>\n<meta name=\"robots\" content=\"index, follow, max-snippet:-1, max-image-preview:large, max-video-preview:-1\" \/>\n<link rel=\"canonical\" href=\"https:\/\/serrafm879.com.br\/serrafm\/2025\/04\/crea-qualifica-abre-inscricoes-para-curso-de-gestao-de-projetos-e-metodologias-ageis-em-serra-talhada\/\" \/>\n<meta property=\"og:locale\" content=\"pt_BR\" \/>\n<meta property=\"og:type\" content=\"article\" \/>\n<meta property=\"og:title\" content=\"Crea qualifica abre inscri\u00e7\u00f5es para curso de Gest\u00e3o de Projetos e Metodologias \u00c1geis em Serra Talhada - Serra FM 87,9\" \/>\n<meta property=\"og:description\" content=\"O Crea Qualifica vai promover, entre os dias 25 e 27 de abril, o curso de Gest\u00e3o de Projetos e Metodologias \u00c1geis, em Serra Talhada, no Sert\u00e3o do Paje\u00fa. A capacita\u00e7\u00e3o \u00e9 gratuita e aberta aos profissionais da Engenharia, Agronomia e Geoci\u00eancias do munic\u00edpio e de cidades circunvizinhas com registro ativo no Conselho. As vagas s\u00e3o limitadas, as inscri\u00e7\u00f5es j\u00e1 est\u00e3o abertas e podem ser feitas por meio do link: https:\/\/shre.ink\/MM4x. Os interessados devem preencher o Google Forms e aguardar a valida\u00e7\u00e3o da inscri\u00e7\u00e3o via e-mail pelo Crea-PE. O treinamento acontecer\u00e1 das 18h \u00e0s 22h no dia 25 (sexta-feira); das [&hellip;]\" \/>\n<meta property=\"og:url\" content=\"https:\/\/serrafm879.com.br\/serrafm\/2025\/04\/crea-qualifica-abre-inscricoes-para-curso-de-gestao-de-projetos-e-metodologias-ageis-em-serra-talhada\/\" \/>\n<meta property=\"og:site_name\" content=\"Serra FM 87,9\" \/>\n<meta property=\"article:published_time\" content=\"2025-04-08T20:43:02+00:00\" \/>\n<meta property=\"og:image\" content=\"https:\/\/serrafm879.com.br\/serrafm\/wp-content\/uploads\/2020\/11\/Serra-Talhada.jpg\" \/>\n\t<meta property=\"og:image:width\" content=\"730\" \/>\n\t<meta property=\"og:image:height\" content=\"411\" \/>\n\t<meta property=\"og:image:type\" content=\"image\/jpeg\" \/>\n<meta name=\"author\" content=\"serrafm87\" \/>\n<meta name=\"twitter:card\" content=\"summary_large_image\" \/>\n<meta name=\"twitter:label1\" content=\"Escrito por\" \/>\n\t<meta name=\"twitter:data1\" content=\"serrafm87\" \/>\n\t<meta name=\"twitter:label2\" content=\"Est. tempo de leitura\" \/>\n\t<meta name=\"twitter:data2\" content=\"2 minutos\" \/>\n<script type=\"application\/ld+json\" class=\"yoast-schema-graph\">{\"@context\":\"https:\/\/schema.org\",\"@graph\":[{\"@type\":\"WebPage\",\"@id\":\"https:\/\/serrafm879.com.br\/serrafm\/2025\/04\/crea-qualifica-abre-inscricoes-para-curso-de-gestao-de-projetos-e-metodologias-ageis-em-serra-talhada\/\",\"url\":\"https:\/\/serrafm879.com.br\/serrafm\/2025\/04\/crea-qualifica-abre-inscricoes-para-curso-de-gestao-de-projetos-e-metodologias-ageis-em-serra-talhada\/\",\"name\":\"Crea qualifica abre inscri\u00e7\u00f5es para curso de Gest\u00e3o de Projetos e Metodologias \u00c1geis em Serra Talhada - Serra FM 87,9\",\"isPartOf\":{\"@id\":\"https:\/\/serrafm879.com.br\/serrafm\/#website\"},\"primaryImageOfPage\":{\"@id\":\"https:\/\/serrafm879.com.br\/serrafm\/2025\/04\/crea-qualifica-abre-inscricoes-para-curso-de-gestao-de-projetos-e-metodologias-ageis-em-serra-talhada\/#primaryimage\"},\"image\":{\"@id\":\"https:\/\/serrafm879.com.br\/serrafm\/2025\/04\/crea-qualifica-abre-inscricoes-para-curso-de-gestao-de-projetos-e-metodologias-ageis-em-serra-talhada\/#primaryimage\"},\"thumbnailUrl\":\"https:\/\/serrafm879.com.br\/serrafm\/wp-content\/uploads\/2020\/11\/Serra-Talhada.jpg\",\"datePublished\":\"2025-04-08T20:43:02+00:00\",\"author\":{\"@id\":\"https:\/\/serrafm879.com.br\/serrafm\/#\/schema\/person\/c028a197030ff8b1c03c68dfba4a787a\"},\"breadcrumb\":{\"@id\":\"https:\/\/serrafm879.com.br\/serrafm\/2025\/04\/crea-qualifica-abre-inscricoes-para-curso-de-gestao-de-projetos-e-metodologias-ageis-em-serra-talhada\/#breadcrumb\"},\"inLanguage\":\"pt-BR\",\"potentialAction\":[{\"@type\":\"ReadAction\",\"target\":[\"https:\/\/serrafm879.com.br\/serrafm\/2025\/04\/crea-qualifica-abre-inscricoes-para-curso-de-gestao-de-projetos-e-metodologias-ageis-em-serra-talhada\/\"]}]},{\"@type\":\"ImageObject\",\"inLanguage\":\"pt-BR\",\"@id\":\"https:\/\/serrafm879.com.br\/serrafm\/2025\/04\/crea-qualifica-abre-inscricoes-para-curso-de-gestao-de-projetos-e-metodologias-ageis-em-serra-talhada\/#primaryimage\",\"url\":\"https:\/\/serrafm879.com.br\/serrafm\/wp-content\/uploads\/2020\/11\/Serra-Talhada.jpg\",\"contentUrl\":\"https:\/\/serrafm879.com.br\/serrafm\/wp-content\/uploads\/2020\/11\/Serra-Talhada.jpg\",\"width\":730,\"height\":411},{\"@type\":\"BreadcrumbList\",\"@id\":\"https:\/\/serrafm879.com.br\/serrafm\/2025\/04\/crea-qualifica-abre-inscricoes-para-curso-de-gestao-de-projetos-e-metodologias-ageis-em-serra-talhada\/#breadcrumb\",\"itemListElement\":[{\"@type\":\"ListItem\",\"position\":1,\"name\":\"In\u00edcio\",\"item\":\"https:\/\/serrafm879.com.br\/serrafm\/\"},{\"@type\":\"ListItem\",\"position\":2,\"name\":\"Crea qualifica abre inscri\u00e7\u00f5es para curso de Gest\u00e3o de Projetos e Metodologias \u00c1geis em Serra Talhada\"}]},{\"@type\":\"WebSite\",\"@id\":\"https:\/\/serrafm879.com.br\/serrafm\/#website\",\"url\":\"https:\/\/serrafm879.com.br\/serrafm\/\",\"name\":\"Serra FM 87,9\",\"description\":\"O seu novo amor!\",\"potentialAction\":[{\"@type\":\"SearchAction\",\"target\":{\"@type\":\"EntryPoint\",\"urlTemplate\":\"https:\/\/serrafm879.com.br\/serrafm\/?s={search_term_string}\"},\"query-input\":{\"@type\":\"PropertyValueSpecification\",\"valueRequired\":true,\"valueName\":\"search_term_string\"}}],\"inLanguage\":\"pt-BR\"},{\"@type\":\"Person\",\"@id\":\"https:\/\/serrafm879.com.br\/serrafm\/#\/schema\/person\/c028a197030ff8b1c03c68dfba4a787a\",\"name\":\"serrafm87\",\"image\":{\"@type\":\"ImageObject\",\"inLanguage\":\"pt-BR\",\"@id\":\"https:\/\/serrafm879.com.br\/serrafm\/#\/schema\/person\/image\/\",\"url\":\"https:\/\/secure.gravatar.com\/avatar\/a743233f1112d34f48bb3dc9559b76eb930bab8b27175856cba6362608736235?s=96&d=mm&r=g\",\"contentUrl\":\"https:\/\/secure.gravatar.com\/avatar\/a743233f1112d34f48bb3dc9559b76eb930bab8b27175856cba6362608736235?s=96&d=mm&r=g\",\"caption\":\"serrafm87\"},\"sameAs\":[\"http:\/\/serrafm879.com.br\/\"],\"url\":\"https:\/\/serrafm879.com.br\/serrafm\/author\/serrafm87\/\"}]}<\/script>\n<!-- \/ Yoast SEO plugin. -->","yoast_head_json":{"title":"Crea qualifica abre inscri\u00e7\u00f5es para curso de Gest\u00e3o de Projetos e Metodologias \u00c1geis em Serra Talhada - Serra FM 87,9","robots":{"index":"index","follow":"follow","max-snippet":"max-snippet:-1","max-image-preview":"max-image-preview:large","max-video-preview":"max-video-preview:-1"},"canonical":"https:\/\/serrafm879.com.br\/serrafm\/2025\/04\/crea-qualifica-abre-inscricoes-para-curso-de-gestao-de-projetos-e-metodologias-ageis-em-serra-talhada\/","og_locale":"pt_BR","og_type":"article","og_title":"Crea qualifica abre inscri\u00e7\u00f5es para curso de Gest\u00e3o de Projetos e Metodologias \u00c1geis em Serra Talhada - Serra FM 87,9","og_description":"O Crea Qualifica vai promover, entre os dias 25 e 27 de abril, o curso de Gest\u00e3o de Projetos e Metodologias \u00c1geis, em Serra Talhada, no Sert\u00e3o do Paje\u00fa. A capacita\u00e7\u00e3o \u00e9 gratuita e aberta aos profissionais da Engenharia, Agronomia e Geoci\u00eancias do munic\u00edpio e de cidades circunvizinhas com registro ativo no Conselho. As vagas s\u00e3o limitadas, as inscri\u00e7\u00f5es j\u00e1 est\u00e3o abertas e podem ser feitas por meio do link: https:\/\/shre.ink\/MM4x. Os interessados devem preencher o Google Forms e aguardar a valida\u00e7\u00e3o da inscri\u00e7\u00e3o via e-mail pelo Crea-PE. O treinamento acontecer\u00e1 das 18h \u00e0s 22h no dia 25 (sexta-feira); das [&hellip;]","og_url":"https:\/\/serrafm879.com.br\/serrafm\/2025\/04\/crea-qualifica-abre-inscricoes-para-curso-de-gestao-de-projetos-e-metodologias-ageis-em-serra-talhada\/","og_site_name":"Serra FM 87,9","article_published_time":"2025-04-08T20:43:02+00:00","og_image":[{"width":730,"height":411,"url":"https:\/\/serrafm879.com.br\/serrafm\/wp-content\/uploads\/2020\/11\/Serra-Talhada.jpg","type":"image\/jpeg"}],"author":"serrafm87","twitter_card":"summary_large_image","twitter_misc":{"Escrito por":"serrafm87","Est. tempo de leitura":"2 minutos"},"schema":{"@context":"https:\/\/schema.org","@graph":[{"@type":"WebPage","@id":"https:\/\/serrafm879.com.br\/serrafm\/2025\/04\/crea-qualifica-abre-inscricoes-para-curso-de-gestao-de-projetos-e-metodologias-ageis-em-serra-talhada\/","url":"https:\/\/serrafm879.com.br\/serrafm\/2025\/04\/crea-qualifica-abre-inscricoes-para-curso-de-gestao-de-projetos-e-metodologias-ageis-em-serra-talhada\/","name":"Crea qualifica abre inscri\u00e7\u00f5es para curso de Gest\u00e3o de Projetos e Metodologias \u00c1geis em Serra Talhada - Serra FM 87,9","isPartOf":{"@id":"https:\/\/serrafm879.com.br\/serrafm\/#website"},"primaryImageOfPage":{"@id":"https:\/\/serrafm879.com.br\/serrafm\/2025\/04\/crea-qualifica-abre-inscricoes-para-curso-de-gestao-de-projetos-e-metodologias-ageis-em-serra-talhada\/#primaryimage"},"image":{"@id":"https:\/\/serrafm879.com.br\/serrafm\/2025\/04\/crea-qualifica-abre-inscricoes-para-curso-de-gestao-de-projetos-e-metodologias-ageis-em-serra-talhada\/#primaryimage"},"thumbnailUrl":"https:\/\/serrafm879.com.br\/serrafm\/wp-content\/uploads\/2020\/11\/Serra-Talhada.jpg","datePublished":"2025-04-08T20:43:02+00:00","author":{"@id":"https:\/\/serrafm879.com.br\/serrafm\/#\/schema\/person\/c028a197030ff8b1c03c68dfba4a787a"},"breadcrumb":{"@id":"https:\/\/serrafm879.com.br\/serrafm\/2025\/04\/crea-qualifica-abre-inscricoes-para-curso-de-gestao-de-projetos-e-metodologias-ageis-em-serra-talhada\/#breadcrumb"},"inLanguage":"pt-BR","potentialAction":[{"@type":"ReadAction","target":["https:\/\/serrafm879.com.br\/serrafm\/2025\/04\/crea-qualifica-abre-inscricoes-para-curso-de-gestao-de-projetos-e-metodologias-ageis-em-serra-talhada\/"]}]},{"@type":"ImageObject","inLanguage":"pt-BR","@id":"https:\/\/serrafm879.com.br\/serrafm\/2025\/04\/crea-qualifica-abre-inscricoes-para-curso-de-gestao-de-projetos-e-metodologias-ageis-em-serra-talhada\/#primaryimage","url":"https:\/\/serrafm879.com.br\/serrafm\/wp-content\/uploads\/2020\/11\/Serra-Talhada.jpg","contentUrl":"https:\/\/serrafm879.com.br\/serrafm\/wp-content\/uploads\/2020\/11\/Serra-Talhada.jpg","width":730,"height":411},{"@type":"BreadcrumbList","@id":"https:\/\/serrafm879.com.br\/serrafm\/2025\/04\/crea-qualifica-abre-inscricoes-para-curso-de-gestao-de-projetos-e-metodologias-ageis-em-serra-talhada\/#breadcrumb","itemListElement":[{"@type":"ListItem","position":1,"name":"In\u00edcio","item":"https:\/\/serrafm879.com.br\/serrafm\/"},{"@type":"ListItem","position":2,"name":"Crea qualifica abre inscri\u00e7\u00f5es para curso de Gest\u00e3o de Projetos e Metodologias \u00c1geis em Serra Talhada"}]},{"@type":"WebSite","@id":"https:\/\/serrafm879.com.br\/serrafm\/#website","url":"https:\/\/serrafm879.com.br\/serrafm\/","name":"Serra FM 87,9","description":"O seu novo amor!","potentialAction":[{"@type":"SearchAction","target":{"@type":"EntryPoint","urlTemplate":"https:\/\/serrafm879.com.br\/serrafm\/?s={search_term_string}"},"query-input":{"@type":"PropertyValueSpecification","valueRequired":true,"valueName":"search_term_string"}}],"inLanguage":"pt-BR"},{"@type":"Person","@id":"https:\/\/serrafm879.com.br\/serrafm\/#\/schema\/person\/c028a197030ff8b1c03c68dfba4a787a","name":"serrafm87","image":{"@type":"ImageObject","inLanguage":"pt-BR","@id":"https:\/\/serrafm879.com.br\/serrafm\/#\/schema\/person\/image\/","url":"https:\/\/secure.gravatar.com\/avatar\/a743233f1112d34f48bb3dc9559b76eb930bab8b27175856cba6362608736235?s=96&d=mm&r=g","contentUrl":"https:\/\/secure.gravatar.com\/avatar\/a743233f1112d34f48bb3dc9559b76eb930bab8b27175856cba6362608736235?s=96&d=mm&r=g","caption":"serrafm87"},"sameAs":["http:\/\/serrafm879.com.br\/"],"url":"https:\/\/serrafm879.com.br\/serrafm\/author\/serrafm87\/"}]}},"jetpack_featured_media_url":"https:\/\/serrafm879.com.br\/serrafm\/wp-content\/uploads\/2020\/11\/Serra-Talhada.jpg","jetpack_shortlink":"https:\/\/wp.me\/p7HyXg-5H1","jetpack_sharing_enabled":true,"_links":{"self":[{"href":"https:\/\/serrafm879.com.br\/serrafm\/wp-json\/wp\/v2\/posts\/21887","targetHints":{"allow":["GET"]}}],"collection":[{"href":"https:\/\/serrafm879.com.br\/serrafm\/wp-json\/wp\/v2\/posts"}],"about":[{"href":"https:\/\/serrafm879.com.br\/serrafm\/wp-json\/wp\/v2\/types\/post"}],"author":[{"embeddable":true,"href":"https:\/\/serrafm879.com.br\/serrafm\/wp-json\/wp\/v2\/users\/2"}],"replies":[{"embeddable":true,"href":"https:\/\/serrafm879.com.br\/serrafm\/wp-json\/wp\/v2\/comments?post=21887"}],"version-history":[{"count":1,"href":"https:\/\/serrafm879.com.br\/serrafm\/wp-json\/wp\/v2\/posts\/21887\/revisions"}],"predecessor-version":[{"id":21889,"href":"https:\/\/serrafm879.com.br\/serrafm\/wp-json\/wp\/v2\/posts\/21887\/revisions\/21889"}],"wp:featuredmedia":[{"embeddable":true,"href":"https:\/\/serrafm879.com.br\/serrafm\/wp-json\/wp\/v2\/media\/4027"}],"wp:attachment":[{"href":"https:\/\/serrafm879.com.br\/serrafm\/wp-json\/wp\/v2\/media?parent=21887"}],"wp:term":[{"taxonomy":"category","embeddable":true,"href":"https:\/\/serrafm879.com.br\/serrafm\/wp-json\/wp\/v2\/categories?post=21887"},{"taxonomy":"post_tag","embeddable":true,"href":"https:\/\/serrafm879.com.br\/serrafm\/wp-json\/wp\/v2\/tags?post=21887"}],"curies":[{"name":"wp","href":"https:\/\/api.w.org\/{rel}","templated":true}]}}