{"id":21890,"date":"2025-04-08T22:13:19","date_gmt":"2025-04-09T01:13:19","guid":{"rendered":"https:\/\/serrafm879.com.br\/serrafm\/?p=21890"},"modified":"2025-04-08T22:15:10","modified_gmt":"2025-04-09T01:15:10","slug":"tercio-siqueira-reafirma-compromisso-com-a-juventude-e-seguranca-publica-em-serra-talhada","status":"publish","type":"post","link":"https:\/\/serrafm879.com.br\/serrafm\/2025\/04\/tercio-siqueira-reafirma-compromisso-com-a-juventude-e-seguranca-publica-em-serra-talhada\/","title":{"rendered":"T\u00e9rcio Siqueira reafirma compromisso com a juventude e a seguran\u00e7a p\u00fablica em Serra Talhada"},"content":{"rendered":"<p><span style=\"font-size: 1.1429rem;\">O vereador T\u00e9rcio Siqueira segue cumprindo uma intensa agenda de trabalho em prol do munic\u00edpio de Serra Talhada. Em duas a\u00e7\u00f5es recentes, o parlamentar destacou a import\u00e2ncia do esporte na forma\u00e7\u00e3o da juventude e reafirmou seu compromisso com o fortalecimento da seguran\u00e7a p\u00fablica.<\/span><\/p>\n<p>Na cerim\u00f4nia de premia\u00e7\u00e3o da fase municipal dos Jogos Escolares de Pernambuco, T\u00e9rcio participou da entrega de trof\u00e9us e medalhas ao lado do Secret\u00e1rio de Esportes, Nailson Gomes, da equipe da Secretaria de Educa\u00e7\u00e3o, do Vice-Prefeito Faeca Melo e do Presidente da C\u00e2mara de Vereadores, Manoel Enfermeiro.<\/p>\n<p>O parlamentar destacou a atua\u00e7\u00e3o da equipe de atletas do Col\u00e9gio da Imaculada Concei\u00e7\u00e3o (CIC), que se tiveram muita garra e determina\u00e7\u00e3o durante os jogos.<\/p>\n<p>\u201cParab\u00e9ns a todos os envolvidos! O esporte transforma, inspira e fortalece a juventude serra-talhadense\u201d, ressaltou T\u00e9rcio.<\/p>\n<p>J\u00e1 na \u00e1rea da seguran\u00e7a, o vereador visitou a sede da Guarda Municipal de Serra Talhada, onde foi recebido pela Comandante Tha\u00edsa Aquino, pelo Subcomandante Brito e pelo corregedor Blandino. Durante o encontro, foram discutidas propostas para melhorar o servi\u00e7o prestado \u00e0 popula\u00e7\u00e3o, com \u00eanfase na prote\u00e7\u00e3o \u00e0s mulheres.<\/p>\n<p>\u201cEssa visita reafirma o nosso compromisso com a seguran\u00e7a p\u00fablica e com o fortalecimento das pol\u00edticas voltadas \u00e0 prote\u00e7\u00e3o das mulheres da nossa cidade. Seguimos firmes, em parceria com a prefeita M\u00e1rcia Conrado, unindo for\u00e7as para garantir avan\u00e7os para os profissionais da Guarda Municipal e, consequentemente, mais seguran\u00e7a para todos os serra-talhadenses\u201d, afirmou T\u00e9rcio, que tamb\u00e9m aproveitou para parabenizar os agentes pelo trabalho essencial realizado diariamente.<\/p>\n","protected":false},"excerpt":{"rendered":"<p>O vereador T\u00e9rcio Siqueira segue cumprindo uma intensa agenda de trabalho em prol do munic\u00edpio de Serra Talhada. Em duas a\u00e7\u00f5es recentes, o parlamentar destacou a import\u00e2ncia do esporte na forma\u00e7\u00e3o da juventude e reafirmou seu compromisso com o fortalecimento da seguran\u00e7a p\u00fablica. Na cerim\u00f4nia de premia\u00e7\u00e3o da fase municipal dos Jogos Escolares de Pernambuco, T\u00e9rcio participou da entrega de trof\u00e9us e medalhas ao lado do Secret\u00e1rio de Esportes, Nailson Gomes, da equipe da Secretaria de Educa\u00e7\u00e3o, do Vice-Prefeito Faeca Melo e do Presidente da C\u00e2mara de Vereadores, Manoel Enfermeiro. O parlamentar destacou a atua\u00e7\u00e3o da equipe de atletas do [&hellip;]<\/p>\n","protected":false},"author":2,"featured_media":21891,"comment_status":"open","ping_status":"open","sticky":false,"template":"","format":"standard","meta":{"_jetpack_memberships_contains_paid_content":false,"footnotes":"","jetpack_publicize_message":"","jetpack_publicize_feature_enabled":true,"jetpack_social_post_already_shared":true,"jetpack_social_options":{"image_generator_settings":{"template":"highway","enabled":false},"version":2}},"categories":[1],"tags":[],"class_list":["post-21890","post","type-post","status-publish","format-standard","has-post-thumbnail","hentry","category-uncategorized"],"jetpack_publicize_connections":[],"yoast_head":"<!-- This site is optimized with the Yoast SEO plugin v24.7 - https:\/\/yoast.com\/wordpress\/plugins\/seo\/ -->\n<title>T\u00e9rcio Siqueira reafirma compromisso com a juventude e a seguran\u00e7a p\u00fablica em Serra Talhada - Serra FM 87,9<\/title>\n<meta name=\"description\" content=\"O vereador T\u00e9rcio Siqueira segue cumprindo uma intensa agenda de trabalho em prol do munic\u00edpio de Serra Talhada.\" \/>\n<meta name=\"robots\" content=\"index, follow, max-snippet:-1, max-image-preview:large, max-video-preview:-1\" \/>\n<link rel=\"canonical\" href=\"https:\/\/serrafm879.com.br\/serrafm\/2025\/04\/tercio-siqueira-reafirma-compromisso-com-a-juventude-e-seguranca-publica-em-serra-talhada\/\" \/>\n<meta property=\"og:locale\" content=\"pt_BR\" \/>\n<meta property=\"og:type\" content=\"article\" \/>\n<meta property=\"og:title\" content=\"T\u00e9rcio Siqueira reafirma compromisso com a juventude e a seguran\u00e7a p\u00fablica em Serra Talhada - Serra FM 87,9\" \/>\n<meta property=\"og:description\" content=\"O vereador T\u00e9rcio Siqueira segue cumprindo uma intensa agenda de trabalho em prol do munic\u00edpio de Serra Talhada.\" \/>\n<meta property=\"og:url\" content=\"https:\/\/serrafm879.com.br\/serrafm\/2025\/04\/tercio-siqueira-reafirma-compromisso-com-a-juventude-e-seguranca-publica-em-serra-talhada\/\" \/>\n<meta property=\"og:site_name\" content=\"Serra FM 87,9\" \/>\n<meta property=\"article:published_time\" content=\"2025-04-09T01:13:19+00:00\" \/>\n<meta property=\"article:modified_time\" content=\"2025-04-09T01:15:10+00:00\" \/>\n<meta property=\"og:image\" content=\"https:\/\/serrafm879.com.br\/serrafm\/wp-content\/uploads\/2025\/04\/IMG-20250408-WA0033.jpg\" \/>\n\t<meta property=\"og:image:width\" content=\"1080\" \/>\n\t<meta property=\"og:image:height\" content=\"810\" \/>\n\t<meta property=\"og:image:type\" content=\"image\/jpeg\" \/>\n<meta name=\"author\" content=\"serrafm87\" \/>\n<meta name=\"twitter:card\" content=\"summary_large_image\" \/>\n<meta name=\"twitter:label1\" content=\"Escrito por\" \/>\n\t<meta name=\"twitter:data1\" content=\"serrafm87\" \/>\n\t<meta name=\"twitter:label2\" content=\"Est. tempo de leitura\" \/>\n\t<meta name=\"twitter:data2\" content=\"2 minutos\" \/>\n<script type=\"application\/ld+json\" class=\"yoast-schema-graph\">{\"@context\":\"https:\/\/schema.org\",\"@graph\":[{\"@type\":\"WebPage\",\"@id\":\"https:\/\/serrafm879.com.br\/serrafm\/2025\/04\/tercio-siqueira-reafirma-compromisso-com-a-juventude-e-seguranca-publica-em-serra-talhada\/\",\"url\":\"https:\/\/serrafm879.com.br\/serrafm\/2025\/04\/tercio-siqueira-reafirma-compromisso-com-a-juventude-e-seguranca-publica-em-serra-talhada\/\",\"name\":\"T\u00e9rcio Siqueira reafirma compromisso com a juventude e a seguran\u00e7a p\u00fablica em Serra Talhada - Serra FM 87,9\",\"isPartOf\":{\"@id\":\"https:\/\/serrafm879.com.br\/serrafm\/#website\"},\"primaryImageOfPage\":{\"@id\":\"https:\/\/serrafm879.com.br\/serrafm\/2025\/04\/tercio-siqueira-reafirma-compromisso-com-a-juventude-e-seguranca-publica-em-serra-talhada\/#primaryimage\"},\"image\":{\"@id\":\"https:\/\/serrafm879.com.br\/serrafm\/2025\/04\/tercio-siqueira-reafirma-compromisso-com-a-juventude-e-seguranca-publica-em-serra-talhada\/#primaryimage\"},\"thumbnailUrl\":\"https:\/\/serrafm879.com.br\/serrafm\/wp-content\/uploads\/2025\/04\/IMG-20250408-WA0033.jpg\",\"datePublished\":\"2025-04-09T01:13:19+00:00\",\"dateModified\":\"2025-04-09T01:15:10+00:00\",\"author\":{\"@id\":\"https:\/\/serrafm879.com.br\/serrafm\/#\/schema\/person\/c028a197030ff8b1c03c68dfba4a787a\"},\"description\":\"O vereador T\u00e9rcio Siqueira segue cumprindo uma intensa agenda de trabalho em prol do munic\u00edpio de Serra Talhada.\",\"breadcrumb\":{\"@id\":\"https:\/\/serrafm879.com.br\/serrafm\/2025\/04\/tercio-siqueira-reafirma-compromisso-com-a-juventude-e-seguranca-publica-em-serra-talhada\/#breadcrumb\"},\"inLanguage\":\"pt-BR\",\"potentialAction\":[{\"@type\":\"ReadAction\",\"target\":[\"https:\/\/serrafm879.com.br\/serrafm\/2025\/04\/tercio-siqueira-reafirma-compromisso-com-a-juventude-e-seguranca-publica-em-serra-talhada\/\"]}]},{\"@type\":\"ImageObject\",\"inLanguage\":\"pt-BR\",\"@id\":\"https:\/\/serrafm879.com.br\/serrafm\/2025\/04\/tercio-siqueira-reafirma-compromisso-com-a-juventude-e-seguranca-publica-em-serra-talhada\/#primaryimage\",\"url\":\"https:\/\/serrafm879.com.br\/serrafm\/wp-content\/uploads\/2025\/04\/IMG-20250408-WA0033.jpg\",\"contentUrl\":\"https:\/\/serrafm879.com.br\/serrafm\/wp-content\/uploads\/2025\/04\/IMG-20250408-WA0033.jpg\",\"width\":1080,\"height\":810},{\"@type\":\"BreadcrumbList\",\"@id\":\"https:\/\/serrafm879.com.br\/serrafm\/2025\/04\/tercio-siqueira-reafirma-compromisso-com-a-juventude-e-seguranca-publica-em-serra-talhada\/#breadcrumb\",\"itemListElement\":[{\"@type\":\"ListItem\",\"position\":1,\"name\":\"In\u00edcio\",\"item\":\"https:\/\/serrafm879.com.br\/serrafm\/\"},{\"@type\":\"ListItem\",\"position\":2,\"name\":\"T\u00e9rcio Siqueira reafirma compromisso com a juventude e a seguran\u00e7a p\u00fablica em Serra Talhada\"}]},{\"@type\":\"WebSite\",\"@id\":\"https:\/\/serrafm879.com.br\/serrafm\/#website\",\"url\":\"https:\/\/serrafm879.com.br\/serrafm\/\",\"name\":\"Serra FM 87,9\",\"description\":\"O seu novo amor!\",\"potentialAction\":[{\"@type\":\"SearchAction\",\"target\":{\"@type\":\"EntryPoint\",\"urlTemplate\":\"https:\/\/serrafm879.com.br\/serrafm\/?s={search_term_string}\"},\"query-input\":{\"@type\":\"PropertyValueSpecification\",\"valueRequired\":true,\"valueName\":\"search_term_string\"}}],\"inLanguage\":\"pt-BR\"},{\"@type\":\"Person\",\"@id\":\"https:\/\/serrafm879.com.br\/serrafm\/#\/schema\/person\/c028a197030ff8b1c03c68dfba4a787a\",\"name\":\"serrafm87\",\"image\":{\"@type\":\"ImageObject\",\"inLanguage\":\"pt-BR\",\"@id\":\"https:\/\/serrafm879.com.br\/serrafm\/#\/schema\/person\/image\/\",\"url\":\"https:\/\/secure.gravatar.com\/avatar\/a743233f1112d34f48bb3dc9559b76eb930bab8b27175856cba6362608736235?s=96&d=mm&r=g\",\"contentUrl\":\"https:\/\/secure.gravatar.com\/avatar\/a743233f1112d34f48bb3dc9559b76eb930bab8b27175856cba6362608736235?s=96&d=mm&r=g\",\"caption\":\"serrafm87\"},\"sameAs\":[\"http:\/\/serrafm879.com.br\/\"],\"url\":\"https:\/\/serrafm879.com.br\/serrafm\/author\/serrafm87\/\"}]}<\/script>\n<!-- \/ Yoast SEO plugin. -->","yoast_head_json":{"title":"T\u00e9rcio Siqueira reafirma compromisso com a juventude e a seguran\u00e7a p\u00fablica em Serra Talhada - Serra FM 87,9","description":"O vereador T\u00e9rcio Siqueira segue cumprindo uma intensa agenda de trabalho em prol do munic\u00edpio de Serra Talhada.","robots":{"index":"index","follow":"follow","max-snippet":"max-snippet:-1","max-image-preview":"max-image-preview:large","max-video-preview":"max-video-preview:-1"},"canonical":"https:\/\/serrafm879.com.br\/serrafm\/2025\/04\/tercio-siqueira-reafirma-compromisso-com-a-juventude-e-seguranca-publica-em-serra-talhada\/","og_locale":"pt_BR","og_type":"article","og_title":"T\u00e9rcio Siqueira reafirma compromisso com a juventude e a seguran\u00e7a p\u00fablica em Serra Talhada - Serra FM 87,9","og_description":"O vereador T\u00e9rcio Siqueira segue cumprindo uma intensa agenda de trabalho em prol do munic\u00edpio de Serra Talhada.","og_url":"https:\/\/serrafm879.com.br\/serrafm\/2025\/04\/tercio-siqueira-reafirma-compromisso-com-a-juventude-e-seguranca-publica-em-serra-talhada\/","og_site_name":"Serra FM 87,9","article_published_time":"2025-04-09T01:13:19+00:00","article_modified_time":"2025-04-09T01:15:10+00:00","og_image":[{"width":1080,"height":810,"url":"https:\/\/serrafm879.com.br\/serrafm\/wp-content\/uploads\/2025\/04\/IMG-20250408-WA0033.jpg","type":"image\/jpeg"}],"author":"serrafm87","twitter_card":"summary_large_image","twitter_misc":{"Escrito por":"serrafm87","Est. tempo de leitura":"2 minutos"},"schema":{"@context":"https:\/\/schema.org","@graph":[{"@type":"WebPage","@id":"https:\/\/serrafm879.com.br\/serrafm\/2025\/04\/tercio-siqueira-reafirma-compromisso-com-a-juventude-e-seguranca-publica-em-serra-talhada\/","url":"https:\/\/serrafm879.com.br\/serrafm\/2025\/04\/tercio-siqueira-reafirma-compromisso-com-a-juventude-e-seguranca-publica-em-serra-talhada\/","name":"T\u00e9rcio Siqueira reafirma compromisso com a juventude e a seguran\u00e7a p\u00fablica em Serra Talhada - Serra FM 87,9","isPartOf":{"@id":"https:\/\/serrafm879.com.br\/serrafm\/#website"},"primaryImageOfPage":{"@id":"https:\/\/serrafm879.com.br\/serrafm\/2025\/04\/tercio-siqueira-reafirma-compromisso-com-a-juventude-e-seguranca-publica-em-serra-talhada\/#primaryimage"},"image":{"@id":"https:\/\/serrafm879.com.br\/serrafm\/2025\/04\/tercio-siqueira-reafirma-compromisso-com-a-juventude-e-seguranca-publica-em-serra-talhada\/#primaryimage"},"thumbnailUrl":"https:\/\/serrafm879.com.br\/serrafm\/wp-content\/uploads\/2025\/04\/IMG-20250408-WA0033.jpg","datePublished":"2025-04-09T01:13:19+00:00","dateModified":"2025-04-09T01:15:10+00:00","author":{"@id":"https:\/\/serrafm879.com.br\/serrafm\/#\/schema\/person\/c028a197030ff8b1c03c68dfba4a787a"},"description":"O vereador T\u00e9rcio Siqueira segue cumprindo uma intensa agenda de trabalho em prol do munic\u00edpio de Serra Talhada.","breadcrumb":{"@id":"https:\/\/serrafm879.com.br\/serrafm\/2025\/04\/tercio-siqueira-reafirma-compromisso-com-a-juventude-e-seguranca-publica-em-serra-talhada\/#breadcrumb"},"inLanguage":"pt-BR","potentialAction":[{"@type":"ReadAction","target":["https:\/\/serrafm879.com.br\/serrafm\/2025\/04\/tercio-siqueira-reafirma-compromisso-com-a-juventude-e-seguranca-publica-em-serra-talhada\/"]}]},{"@type":"ImageObject","inLanguage":"pt-BR","@id":"https:\/\/serrafm879.com.br\/serrafm\/2025\/04\/tercio-siqueira-reafirma-compromisso-com-a-juventude-e-seguranca-publica-em-serra-talhada\/#primaryimage","url":"https:\/\/serrafm879.com.br\/serrafm\/wp-content\/uploads\/2025\/04\/IMG-20250408-WA0033.jpg","contentUrl":"https:\/\/serrafm879.com.br\/serrafm\/wp-content\/uploads\/2025\/04\/IMG-20250408-WA0033.jpg","width":1080,"height":810},{"@type":"BreadcrumbList","@id":"https:\/\/serrafm879.com.br\/serrafm\/2025\/04\/tercio-siqueira-reafirma-compromisso-com-a-juventude-e-seguranca-publica-em-serra-talhada\/#breadcrumb","itemListElement":[{"@type":"ListItem","position":1,"name":"In\u00edcio","item":"https:\/\/serrafm879.com.br\/serrafm\/"},{"@type":"ListItem","position":2,"name":"T\u00e9rcio Siqueira reafirma compromisso com a juventude e a seguran\u00e7a p\u00fablica em Serra Talhada"}]},{"@type":"WebSite","@id":"https:\/\/serrafm879.com.br\/serrafm\/#website","url":"https:\/\/serrafm879.com.br\/serrafm\/","name":"Serra FM 87,9","description":"O seu novo amor!","potentialAction":[{"@type":"SearchAction","target":{"@type":"EntryPoint","urlTemplate":"https:\/\/serrafm879.com.br\/serrafm\/?s={search_term_string}"},"query-input":{"@type":"PropertyValueSpecification","valueRequired":true,"valueName":"search_term_string"}}],"inLanguage":"pt-BR"},{"@type":"Person","@id":"https:\/\/serrafm879.com.br\/serrafm\/#\/schema\/person\/c028a197030ff8b1c03c68dfba4a787a","name":"serrafm87","image":{"@type":"ImageObject","inLanguage":"pt-BR","@id":"https:\/\/serrafm879.com.br\/serrafm\/#\/schema\/person\/image\/","url":"https:\/\/secure.gravatar.com\/avatar\/a743233f1112d34f48bb3dc9559b76eb930bab8b27175856cba6362608736235?s=96&d=mm&r=g","contentUrl":"https:\/\/secure.gravatar.com\/avatar\/a743233f1112d34f48bb3dc9559b76eb930bab8b27175856cba6362608736235?s=96&d=mm&r=g","caption":"serrafm87"},"sameAs":["http:\/\/serrafm879.com.br\/"],"url":"https:\/\/serrafm879.com.br\/serrafm\/author\/serrafm87\/"}]}},"jetpack_featured_media_url":"https:\/\/serrafm879.com.br\/serrafm\/wp-content\/uploads\/2025\/04\/IMG-20250408-WA0033.jpg","jetpack_shortlink":"https:\/\/wp.me\/p7HyXg-5H4","jetpack_sharing_enabled":true,"_links":{"self":[{"href":"https:\/\/serrafm879.com.br\/serrafm\/wp-json\/wp\/v2\/posts\/21890","targetHints":{"allow":["GET"]}}],"collection":[{"href":"https:\/\/serrafm879.com.br\/serrafm\/wp-json\/wp\/v2\/posts"}],"about":[{"href":"https:\/\/serrafm879.com.br\/serrafm\/wp-json\/wp\/v2\/types\/post"}],"author":[{"embeddable":true,"href":"https:\/\/serrafm879.com.br\/serrafm\/wp-json\/wp\/v2\/users\/2"}],"replies":[{"embeddable":true,"href":"https:\/\/serrafm879.com.br\/serrafm\/wp-json\/wp\/v2\/comments?post=21890"}],"version-history":[{"count":2,"href":"https:\/\/serrafm879.com.br\/serrafm\/wp-json\/wp\/v2\/posts\/21890\/revisions"}],"predecessor-version":[{"id":21894,"href":"https:\/\/serrafm879.com.br\/serrafm\/wp-json\/wp\/v2\/posts\/21890\/revisions\/21894"}],"wp:featuredmedia":[{"embeddable":true,"href":"https:\/\/serrafm879.com.br\/serrafm\/wp-json\/wp\/v2\/media\/21891"}],"wp:attachment":[{"href":"https:\/\/serrafm879.com.br\/serrafm\/wp-json\/wp\/v2\/media?parent=21890"}],"wp:term":[{"taxonomy":"category","embeddable":true,"href":"https:\/\/serrafm879.com.br\/serrafm\/wp-json\/wp\/v2\/categories?post=21890"},{"taxonomy":"post_tag","embeddable":true,"href":"https:\/\/serrafm879.com.br\/serrafm\/wp-json\/wp\/v2\/tags?post=21890"}],"curies":[{"name":"wp","href":"https:\/\/api.w.org\/{rel}","templated":true}]}}