{"id":21896,"date":"2025-04-09T10:12:17","date_gmt":"2025-04-09T13:12:17","guid":{"rendered":"https:\/\/serrafm879.com.br\/serrafm\/?p=21896"},"modified":"2025-04-09T10:13:48","modified_gmt":"2025-04-09T13:13:48","slug":"acidente-deixa-duas-vitimas-fatais-e-mulher-ferida-em-afogados-da-ingazeira","status":"publish","type":"post","link":"https:\/\/serrafm879.com.br\/serrafm\/2025\/04\/acidente-deixa-duas-vitimas-fatais-e-mulher-ferida-em-afogados-da-ingazeira\/","title":{"rendered":"Acidente deixa duas v\u00edtimas fatais e mulher ferida em Afogados da Ingazeira"},"content":{"rendered":"<p>Na tarde desta ter\u00e7a-feira, 08 de abril de 2025, o 23\u00ba Batalh\u00e3o da Pol\u00edcia Militar de Pernambuco foi solicitado para atender a uma ocorr\u00eancia de grave acidente de tr\u00e2nsito com v\u00edtimas fatais, registrado na Rua Manoel Francisco da Silva, bairro Padre Pedro Pereira, em Afogados da Ingazeira.<\/p>\n<p>A colis\u00e3o envolveu duas motocicletas: uma Honda CG 125 Fan KS, vermelha, placa PFJ-4441, conduzida por DAVID FERNANDO DE LIMA, de 31 anos; e uma Honda CG 125 Today, vermelha, placa KKB-0H37, pilotada por JOS\u00c9 WESLEY MARQUES DE LIMA, de 36 anos. Ambos os condutores n\u00e3o resistiram aos ferimentos e morreram no local.<\/p>\n<p>Uma terceira v\u00edtima, MARINEZ LOPES DE ASSIS, passageira de uma das motocicletas, foi socorrida com vida pelas equipes do SAMU e encaminhada ao Hospital Regional Em\u00edlia C\u00e2mara, onde permanece em observa\u00e7\u00e3o.<\/p>\n<p>O local do acidente foi devidamente isolado pelas equipes do 23\u00ba BPM. Foi acionado o Instituto de Criminal\u00edstica (IC) para os procedimentos periciais. O Corpo de Bombeiros e o SAMU tamb\u00e9m prestaram apoio no atendimento \u00e0 ocorr\u00eancia. Ap\u00f3s a per\u00edcia, os corpos foram liberados para os tr\u00e2mites legais.<\/p>\n<div id=\"attachment_21898\" style=\"width: 310px\" class=\"wp-caption aligncenter\"><img loading=\"lazy\" decoding=\"async\" aria-describedby=\"caption-attachment-21898\" data-attachment-id=\"21898\" data-permalink=\"https:\/\/serrafm879.com.br\/serrafm\/2025\/04\/acidente-deixa-duas-vitimas-fatais-e-mulher-ferida-em-afogados-da-ingazeira\/captura-de-tela-2025-04-09-100825\/\" data-orig-file=\"https:\/\/serrafm879.com.br\/serrafm\/wp-content\/uploads\/2025\/04\/Captura-de-tela-2025-04-09-100825.png\" data-orig-size=\"370,283\" data-comments-opened=\"1\" data-image-meta=\"{&quot;aperture&quot;:&quot;0&quot;,&quot;credit&quot;:&quot;&quot;,&quot;camera&quot;:&quot;&quot;,&quot;caption&quot;:&quot;&quot;,&quot;created_timestamp&quot;:&quot;0&quot;,&quot;copyright&quot;:&quot;&quot;,&quot;focal_length&quot;:&quot;0&quot;,&quot;iso&quot;:&quot;0&quot;,&quot;shutter_speed&quot;:&quot;0&quot;,&quot;title&quot;:&quot;&quot;,&quot;orientation&quot;:&quot;0&quot;}\" data-image-title=\"Captura de tela 2025-04-09 100825\" data-image-description=\"\" data-image-caption=\"\" data-medium-file=\"https:\/\/serrafm879.com.br\/serrafm\/wp-content\/uploads\/2025\/04\/Captura-de-tela-2025-04-09-100825-300x229.png\" data-large-file=\"https:\/\/serrafm879.com.br\/serrafm\/wp-content\/uploads\/2025\/04\/Captura-de-tela-2025-04-09-100825.png\" class=\"wp-image-21898 size-medium\" src=\"http:\/\/serrafm879.com.brserrafmserrafm\/serrafm\/wp-content\/uploads\/2025\/04\/Captura-de-tela-2025-04-09-100825-300x229.png\" alt=\"\" width=\"300\" height=\"229\" srcset=\"https:\/\/serrafm879.com.br\/serrafm\/wp-content\/uploads\/2025\/04\/Captura-de-tela-2025-04-09-100825-300x229.png 300w, https:\/\/serrafm879.com.br\/serrafm\/wp-content\/uploads\/2025\/04\/Captura-de-tela-2025-04-09-100825.png 370w\" sizes=\"auto, (max-width: 300px) 100vw, 300px\" \/><p id=\"caption-attachment-21898\" class=\"wp-caption-text\">Wesley Marques de Lima &#8211; v\u00edtima do acidente<\/p><\/div>\n<div id=\"attachment_21899\" style=\"width: 310px\" class=\"wp-caption aligncenter\"><img loading=\"lazy\" decoding=\"async\" aria-describedby=\"caption-attachment-21899\" data-attachment-id=\"21899\" data-permalink=\"https:\/\/serrafm879.com.br\/serrafm\/2025\/04\/acidente-deixa-duas-vitimas-fatais-e-mulher-ferida-em-afogados-da-ingazeira\/captura-de-tela-2025-04-09-100836\/\" data-orig-file=\"https:\/\/serrafm879.com.br\/serrafm\/wp-content\/uploads\/2025\/04\/Captura-de-tela-2025-04-09-100836.png\" data-orig-size=\"366,272\" data-comments-opened=\"1\" data-image-meta=\"{&quot;aperture&quot;:&quot;0&quot;,&quot;credit&quot;:&quot;&quot;,&quot;camera&quot;:&quot;&quot;,&quot;caption&quot;:&quot;&quot;,&quot;created_timestamp&quot;:&quot;0&quot;,&quot;copyright&quot;:&quot;&quot;,&quot;focal_length&quot;:&quot;0&quot;,&quot;iso&quot;:&quot;0&quot;,&quot;shutter_speed&quot;:&quot;0&quot;,&quot;title&quot;:&quot;&quot;,&quot;orientation&quot;:&quot;0&quot;}\" data-image-title=\"Captura de tela 2025-04-09 100836\" data-image-description=\"\" data-image-caption=\"\" data-medium-file=\"https:\/\/serrafm879.com.br\/serrafm\/wp-content\/uploads\/2025\/04\/Captura-de-tela-2025-04-09-100836-300x223.png\" data-large-file=\"https:\/\/serrafm879.com.br\/serrafm\/wp-content\/uploads\/2025\/04\/Captura-de-tela-2025-04-09-100836.png\" class=\"wp-image-21899 size-medium\" src=\"http:\/\/serrafm879.com.brserrafmserrafm\/serrafm\/wp-content\/uploads\/2025\/04\/Captura-de-tela-2025-04-09-100836-300x223.png\" alt=\"\" width=\"300\" height=\"223\" srcset=\"https:\/\/serrafm879.com.br\/serrafm\/wp-content\/uploads\/2025\/04\/Captura-de-tela-2025-04-09-100836-300x223.png 300w, https:\/\/serrafm879.com.br\/serrafm\/wp-content\/uploads\/2025\/04\/Captura-de-tela-2025-04-09-100836-180x135.png 180w, https:\/\/serrafm879.com.br\/serrafm\/wp-content\/uploads\/2025\/04\/Captura-de-tela-2025-04-09-100836.png 366w\" sizes=\"auto, (max-width: 300px) 100vw, 300px\" \/><p id=\"caption-attachment-21899\" class=\"wp-caption-text\">David Fernando de Lima &#8211; v\u00edtima do acidente<\/p><\/div>\n<p>A ocorr\u00eancia foi registrada na Delegacia de Pol\u00edcia Civil de Afogados da Ingazeira, para a tomada das medidas cab\u00edveis.<\/p>\n<p>O 23\u00ba BPM lamenta profundamente o ocorrido e se solidariza com os familiares das v\u00edtimas neste momento de dor, refor\u00e7ando seu compromisso com a preserva\u00e7\u00e3o da vida e a seguran\u00e7a da popula\u00e7\u00e3o.<\/p>\n","protected":false},"excerpt":{"rendered":"<p>Na tarde desta ter\u00e7a-feira, 08 de abril de 2025, o 23\u00ba Batalh\u00e3o da Pol\u00edcia Militar de Pernambuco foi solicitado para atender a uma ocorr\u00eancia de grave acidente de tr\u00e2nsito com v\u00edtimas fatais, registrado na Rua Manoel Francisco da Silva, bairro Padre Pedro Pereira, em Afogados da Ingazeira. A colis\u00e3o envolveu duas motocicletas: uma Honda CG 125 Fan KS, vermelha, placa PFJ-4441, conduzida por DAVID FERNANDO DE LIMA, de 31 anos; e uma Honda CG 125 Today, vermelha, placa KKB-0H37, pilotada por JOS\u00c9 WESLEY MARQUES DE LIMA, de 36 anos. Ambos os condutores n\u00e3o resistiram aos ferimentos e morreram no local. [&hellip;]<\/p>\n","protected":false},"author":2,"featured_media":21897,"comment_status":"open","ping_status":"open","sticky":false,"template":"","format":"standard","meta":{"_jetpack_memberships_contains_paid_content":false,"footnotes":"","jetpack_publicize_message":"","jetpack_publicize_feature_enabled":true,"jetpack_social_post_already_shared":true,"jetpack_social_options":{"image_generator_settings":{"template":"highway","enabled":false},"version":2}},"categories":[1],"tags":[],"class_list":["post-21896","post","type-post","status-publish","format-standard","has-post-thumbnail","hentry","category-uncategorized"],"jetpack_publicize_connections":[],"yoast_head":"<!-- This site is optimized with the Yoast SEO plugin v24.7 - https:\/\/yoast.com\/wordpress\/plugins\/seo\/ -->\n<title>Acidente deixa duas v\u00edtimas fatais e mulher ferida em Afogados da Ingazeira - Serra FM 87,9<\/title>\n<meta name=\"robots\" content=\"index, follow, max-snippet:-1, max-image-preview:large, max-video-preview:-1\" \/>\n<link rel=\"canonical\" href=\"https:\/\/serrafm879.com.br\/serrafm\/2025\/04\/acidente-deixa-duas-vitimas-fatais-e-mulher-ferida-em-afogados-da-ingazeira\/\" \/>\n<meta property=\"og:locale\" content=\"pt_BR\" \/>\n<meta property=\"og:type\" content=\"article\" \/>\n<meta property=\"og:title\" content=\"Acidente deixa duas v\u00edtimas fatais e mulher ferida em Afogados da Ingazeira - Serra FM 87,9\" \/>\n<meta property=\"og:description\" content=\"Na tarde desta ter\u00e7a-feira, 08 de abril de 2025, o 23\u00ba Batalh\u00e3o da Pol\u00edcia Militar de Pernambuco foi solicitado para atender a uma ocorr\u00eancia de grave acidente de tr\u00e2nsito com v\u00edtimas fatais, registrado na Rua Manoel Francisco da Silva, bairro Padre Pedro Pereira, em Afogados da Ingazeira. A colis\u00e3o envolveu duas motocicletas: uma Honda CG 125 Fan KS, vermelha, placa PFJ-4441, conduzida por DAVID FERNANDO DE LIMA, de 31 anos; e uma Honda CG 125 Today, vermelha, placa KKB-0H37, pilotada por JOS\u00c9 WESLEY MARQUES DE LIMA, de 36 anos. Ambos os condutores n\u00e3o resistiram aos ferimentos e morreram no local. [&hellip;]\" \/>\n<meta property=\"og:url\" content=\"https:\/\/serrafm879.com.br\/serrafm\/2025\/04\/acidente-deixa-duas-vitimas-fatais-e-mulher-ferida-em-afogados-da-ingazeira\/\" \/>\n<meta property=\"og:site_name\" content=\"Serra FM 87,9\" \/>\n<meta property=\"article:published_time\" content=\"2025-04-09T13:12:17+00:00\" \/>\n<meta property=\"article:modified_time\" content=\"2025-04-09T13:13:48+00:00\" \/>\n<meta property=\"og:image\" content=\"https:\/\/serrafm879.com.br\/serrafm\/wp-content\/uploads\/2025\/04\/Captura-de-tela-2025-04-09-100651.png\" \/>\n\t<meta property=\"og:image:width\" content=\"500\" \/>\n\t<meta property=\"og:image:height\" content=\"361\" \/>\n\t<meta property=\"og:image:type\" content=\"image\/png\" \/>\n<meta name=\"author\" content=\"serrafm87\" \/>\n<meta name=\"twitter:card\" content=\"summary_large_image\" \/>\n<meta name=\"twitter:label1\" content=\"Escrito por\" \/>\n\t<meta name=\"twitter:data1\" content=\"serrafm87\" \/>\n\t<meta name=\"twitter:label2\" content=\"Est. tempo de leitura\" \/>\n\t<meta name=\"twitter:data2\" content=\"2 minutos\" \/>\n<script type=\"application\/ld+json\" class=\"yoast-schema-graph\">{\"@context\":\"https:\/\/schema.org\",\"@graph\":[{\"@type\":\"WebPage\",\"@id\":\"https:\/\/serrafm879.com.br\/serrafm\/2025\/04\/acidente-deixa-duas-vitimas-fatais-e-mulher-ferida-em-afogados-da-ingazeira\/\",\"url\":\"https:\/\/serrafm879.com.br\/serrafm\/2025\/04\/acidente-deixa-duas-vitimas-fatais-e-mulher-ferida-em-afogados-da-ingazeira\/\",\"name\":\"Acidente deixa duas v\u00edtimas fatais e mulher ferida em Afogados da Ingazeira - Serra FM 87,9\",\"isPartOf\":{\"@id\":\"https:\/\/serrafm879.com.br\/serrafm\/#website\"},\"primaryImageOfPage\":{\"@id\":\"https:\/\/serrafm879.com.br\/serrafm\/2025\/04\/acidente-deixa-duas-vitimas-fatais-e-mulher-ferida-em-afogados-da-ingazeira\/#primaryimage\"},\"image\":{\"@id\":\"https:\/\/serrafm879.com.br\/serrafm\/2025\/04\/acidente-deixa-duas-vitimas-fatais-e-mulher-ferida-em-afogados-da-ingazeira\/#primaryimage\"},\"thumbnailUrl\":\"https:\/\/serrafm879.com.br\/serrafm\/wp-content\/uploads\/2025\/04\/Captura-de-tela-2025-04-09-100651.png\",\"datePublished\":\"2025-04-09T13:12:17+00:00\",\"dateModified\":\"2025-04-09T13:13:48+00:00\",\"author\":{\"@id\":\"https:\/\/serrafm879.com.br\/serrafm\/#\/schema\/person\/c028a197030ff8b1c03c68dfba4a787a\"},\"breadcrumb\":{\"@id\":\"https:\/\/serrafm879.com.br\/serrafm\/2025\/04\/acidente-deixa-duas-vitimas-fatais-e-mulher-ferida-em-afogados-da-ingazeira\/#breadcrumb\"},\"inLanguage\":\"pt-BR\",\"potentialAction\":[{\"@type\":\"ReadAction\",\"target\":[\"https:\/\/serrafm879.com.br\/serrafm\/2025\/04\/acidente-deixa-duas-vitimas-fatais-e-mulher-ferida-em-afogados-da-ingazeira\/\"]}]},{\"@type\":\"ImageObject\",\"inLanguage\":\"pt-BR\",\"@id\":\"https:\/\/serrafm879.com.br\/serrafm\/2025\/04\/acidente-deixa-duas-vitimas-fatais-e-mulher-ferida-em-afogados-da-ingazeira\/#primaryimage\",\"url\":\"https:\/\/serrafm879.com.br\/serrafm\/wp-content\/uploads\/2025\/04\/Captura-de-tela-2025-04-09-100651.png\",\"contentUrl\":\"https:\/\/serrafm879.com.br\/serrafm\/wp-content\/uploads\/2025\/04\/Captura-de-tela-2025-04-09-100651.png\",\"width\":500,\"height\":361},{\"@type\":\"BreadcrumbList\",\"@id\":\"https:\/\/serrafm879.com.br\/serrafm\/2025\/04\/acidente-deixa-duas-vitimas-fatais-e-mulher-ferida-em-afogados-da-ingazeira\/#breadcrumb\",\"itemListElement\":[{\"@type\":\"ListItem\",\"position\":1,\"name\":\"In\u00edcio\",\"item\":\"https:\/\/serrafm879.com.br\/serrafm\/\"},{\"@type\":\"ListItem\",\"position\":2,\"name\":\"Acidente deixa duas v\u00edtimas fatais e mulher ferida em Afogados da Ingazeira\"}]},{\"@type\":\"WebSite\",\"@id\":\"https:\/\/serrafm879.com.br\/serrafm\/#website\",\"url\":\"https:\/\/serrafm879.com.br\/serrafm\/\",\"name\":\"Serra FM 87,9\",\"description\":\"O seu novo amor!\",\"potentialAction\":[{\"@type\":\"SearchAction\",\"target\":{\"@type\":\"EntryPoint\",\"urlTemplate\":\"https:\/\/serrafm879.com.br\/serrafm\/?s={search_term_string}\"},\"query-input\":{\"@type\":\"PropertyValueSpecification\",\"valueRequired\":true,\"valueName\":\"search_term_string\"}}],\"inLanguage\":\"pt-BR\"},{\"@type\":\"Person\",\"@id\":\"https:\/\/serrafm879.com.br\/serrafm\/#\/schema\/person\/c028a197030ff8b1c03c68dfba4a787a\",\"name\":\"serrafm87\",\"image\":{\"@type\":\"ImageObject\",\"inLanguage\":\"pt-BR\",\"@id\":\"https:\/\/serrafm879.com.br\/serrafm\/#\/schema\/person\/image\/\",\"url\":\"https:\/\/secure.gravatar.com\/avatar\/a743233f1112d34f48bb3dc9559b76eb930bab8b27175856cba6362608736235?s=96&d=mm&r=g\",\"contentUrl\":\"https:\/\/secure.gravatar.com\/avatar\/a743233f1112d34f48bb3dc9559b76eb930bab8b27175856cba6362608736235?s=96&d=mm&r=g\",\"caption\":\"serrafm87\"},\"sameAs\":[\"http:\/\/serrafm879.com.br\/\"],\"url\":\"https:\/\/serrafm879.com.br\/serrafm\/author\/serrafm87\/\"}]}<\/script>\n<!-- \/ Yoast SEO plugin. -->","yoast_head_json":{"title":"Acidente deixa duas v\u00edtimas fatais e mulher ferida em Afogados da Ingazeira - Serra FM 87,9","robots":{"index":"index","follow":"follow","max-snippet":"max-snippet:-1","max-image-preview":"max-image-preview:large","max-video-preview":"max-video-preview:-1"},"canonical":"https:\/\/serrafm879.com.br\/serrafm\/2025\/04\/acidente-deixa-duas-vitimas-fatais-e-mulher-ferida-em-afogados-da-ingazeira\/","og_locale":"pt_BR","og_type":"article","og_title":"Acidente deixa duas v\u00edtimas fatais e mulher ferida em Afogados da Ingazeira - Serra FM 87,9","og_description":"Na tarde desta ter\u00e7a-feira, 08 de abril de 2025, o 23\u00ba Batalh\u00e3o da Pol\u00edcia Militar de Pernambuco foi solicitado para atender a uma ocorr\u00eancia de grave acidente de tr\u00e2nsito com v\u00edtimas fatais, registrado na Rua Manoel Francisco da Silva, bairro Padre Pedro Pereira, em Afogados da Ingazeira. A colis\u00e3o envolveu duas motocicletas: uma Honda CG 125 Fan KS, vermelha, placa PFJ-4441, conduzida por DAVID FERNANDO DE LIMA, de 31 anos; e uma Honda CG 125 Today, vermelha, placa KKB-0H37, pilotada por JOS\u00c9 WESLEY MARQUES DE LIMA, de 36 anos. Ambos os condutores n\u00e3o resistiram aos ferimentos e morreram no local. [&hellip;]","og_url":"https:\/\/serrafm879.com.br\/serrafm\/2025\/04\/acidente-deixa-duas-vitimas-fatais-e-mulher-ferida-em-afogados-da-ingazeira\/","og_site_name":"Serra FM 87,9","article_published_time":"2025-04-09T13:12:17+00:00","article_modified_time":"2025-04-09T13:13:48+00:00","og_image":[{"width":500,"height":361,"url":"https:\/\/serrafm879.com.br\/serrafm\/wp-content\/uploads\/2025\/04\/Captura-de-tela-2025-04-09-100651.png","type":"image\/png"}],"author":"serrafm87","twitter_card":"summary_large_image","twitter_misc":{"Escrito por":"serrafm87","Est. tempo de leitura":"2 minutos"},"schema":{"@context":"https:\/\/schema.org","@graph":[{"@type":"WebPage","@id":"https:\/\/serrafm879.com.br\/serrafm\/2025\/04\/acidente-deixa-duas-vitimas-fatais-e-mulher-ferida-em-afogados-da-ingazeira\/","url":"https:\/\/serrafm879.com.br\/serrafm\/2025\/04\/acidente-deixa-duas-vitimas-fatais-e-mulher-ferida-em-afogados-da-ingazeira\/","name":"Acidente deixa duas v\u00edtimas fatais e mulher ferida em Afogados da Ingazeira - Serra FM 87,9","isPartOf":{"@id":"https:\/\/serrafm879.com.br\/serrafm\/#website"},"primaryImageOfPage":{"@id":"https:\/\/serrafm879.com.br\/serrafm\/2025\/04\/acidente-deixa-duas-vitimas-fatais-e-mulher-ferida-em-afogados-da-ingazeira\/#primaryimage"},"image":{"@id":"https:\/\/serrafm879.com.br\/serrafm\/2025\/04\/acidente-deixa-duas-vitimas-fatais-e-mulher-ferida-em-afogados-da-ingazeira\/#primaryimage"},"thumbnailUrl":"https:\/\/serrafm879.com.br\/serrafm\/wp-content\/uploads\/2025\/04\/Captura-de-tela-2025-04-09-100651.png","datePublished":"2025-04-09T13:12:17+00:00","dateModified":"2025-04-09T13:13:48+00:00","author":{"@id":"https:\/\/serrafm879.com.br\/serrafm\/#\/schema\/person\/c028a197030ff8b1c03c68dfba4a787a"},"breadcrumb":{"@id":"https:\/\/serrafm879.com.br\/serrafm\/2025\/04\/acidente-deixa-duas-vitimas-fatais-e-mulher-ferida-em-afogados-da-ingazeira\/#breadcrumb"},"inLanguage":"pt-BR","potentialAction":[{"@type":"ReadAction","target":["https:\/\/serrafm879.com.br\/serrafm\/2025\/04\/acidente-deixa-duas-vitimas-fatais-e-mulher-ferida-em-afogados-da-ingazeira\/"]}]},{"@type":"ImageObject","inLanguage":"pt-BR","@id":"https:\/\/serrafm879.com.br\/serrafm\/2025\/04\/acidente-deixa-duas-vitimas-fatais-e-mulher-ferida-em-afogados-da-ingazeira\/#primaryimage","url":"https:\/\/serrafm879.com.br\/serrafm\/wp-content\/uploads\/2025\/04\/Captura-de-tela-2025-04-09-100651.png","contentUrl":"https:\/\/serrafm879.com.br\/serrafm\/wp-content\/uploads\/2025\/04\/Captura-de-tela-2025-04-09-100651.png","width":500,"height":361},{"@type":"BreadcrumbList","@id":"https:\/\/serrafm879.com.br\/serrafm\/2025\/04\/acidente-deixa-duas-vitimas-fatais-e-mulher-ferida-em-afogados-da-ingazeira\/#breadcrumb","itemListElement":[{"@type":"ListItem","position":1,"name":"In\u00edcio","item":"https:\/\/serrafm879.com.br\/serrafm\/"},{"@type":"ListItem","position":2,"name":"Acidente deixa duas v\u00edtimas fatais e mulher ferida em Afogados da Ingazeira"}]},{"@type":"WebSite","@id":"https:\/\/serrafm879.com.br\/serrafm\/#website","url":"https:\/\/serrafm879.com.br\/serrafm\/","name":"Serra FM 87,9","description":"O seu novo amor!","potentialAction":[{"@type":"SearchAction","target":{"@type":"EntryPoint","urlTemplate":"https:\/\/serrafm879.com.br\/serrafm\/?s={search_term_string}"},"query-input":{"@type":"PropertyValueSpecification","valueRequired":true,"valueName":"search_term_string"}}],"inLanguage":"pt-BR"},{"@type":"Person","@id":"https:\/\/serrafm879.com.br\/serrafm\/#\/schema\/person\/c028a197030ff8b1c03c68dfba4a787a","name":"serrafm87","image":{"@type":"ImageObject","inLanguage":"pt-BR","@id":"https:\/\/serrafm879.com.br\/serrafm\/#\/schema\/person\/image\/","url":"https:\/\/secure.gravatar.com\/avatar\/a743233f1112d34f48bb3dc9559b76eb930bab8b27175856cba6362608736235?s=96&d=mm&r=g","contentUrl":"https:\/\/secure.gravatar.com\/avatar\/a743233f1112d34f48bb3dc9559b76eb930bab8b27175856cba6362608736235?s=96&d=mm&r=g","caption":"serrafm87"},"sameAs":["http:\/\/serrafm879.com.br\/"],"url":"https:\/\/serrafm879.com.br\/serrafm\/author\/serrafm87\/"}]}},"jetpack_featured_media_url":"https:\/\/serrafm879.com.br\/serrafm\/wp-content\/uploads\/2025\/04\/Captura-de-tela-2025-04-09-100651.png","jetpack_shortlink":"https:\/\/wp.me\/p7HyXg-5Ha","jetpack_sharing_enabled":true,"_links":{"self":[{"href":"https:\/\/serrafm879.com.br\/serrafm\/wp-json\/wp\/v2\/posts\/21896","targetHints":{"allow":["GET"]}}],"collection":[{"href":"https:\/\/serrafm879.com.br\/serrafm\/wp-json\/wp\/v2\/posts"}],"about":[{"href":"https:\/\/serrafm879.com.br\/serrafm\/wp-json\/wp\/v2\/types\/post"}],"author":[{"embeddable":true,"href":"https:\/\/serrafm879.com.br\/serrafm\/wp-json\/wp\/v2\/users\/2"}],"replies":[{"embeddable":true,"href":"https:\/\/serrafm879.com.br\/serrafm\/wp-json\/wp\/v2\/comments?post=21896"}],"version-history":[{"count":3,"href":"https:\/\/serrafm879.com.br\/serrafm\/wp-json\/wp\/v2\/posts\/21896\/revisions"}],"predecessor-version":[{"id":21902,"href":"https:\/\/serrafm879.com.br\/serrafm\/wp-json\/wp\/v2\/posts\/21896\/revisions\/21902"}],"wp:featuredmedia":[{"embeddable":true,"href":"https:\/\/serrafm879.com.br\/serrafm\/wp-json\/wp\/v2\/media\/21897"}],"wp:attachment":[{"href":"https:\/\/serrafm879.com.br\/serrafm\/wp-json\/wp\/v2\/media?parent=21896"}],"wp:term":[{"taxonomy":"category","embeddable":true,"href":"https:\/\/serrafm879.com.br\/serrafm\/wp-json\/wp\/v2\/categories?post=21896"},{"taxonomy":"post_tag","embeddable":true,"href":"https:\/\/serrafm879.com.br\/serrafm\/wp-json\/wp\/v2\/tags?post=21896"}],"curies":[{"name":"wp","href":"https:\/\/api.w.org\/{rel}","templated":true}]}}