{"id":21931,"date":"2025-04-10T17:42:12","date_gmt":"2025-04-10T20:42:12","guid":{"rendered":"https:\/\/serrafm879.com.br\/serrafm\/?p=21931"},"modified":"2025-04-10T17:42:12","modified_gmt":"2025-04-10T20:42:12","slug":"totonho-valadares-sofre-infarto-e-sera-transferido-para-unidade-especializada","status":"publish","type":"post","link":"https:\/\/serrafm879.com.br\/serrafm\/2025\/04\/totonho-valadares-sofre-infarto-e-sera-transferido-para-unidade-especializada\/","title":{"rendered":"Totonho Valadares sofre infarto e ser\u00e1 transferido para unidade especializada"},"content":{"rendered":"<p>O ex-prefeito de Afogados da Ingazeira, Totonho Valadares, de 79 anos, sofreu um infarto na manh\u00e3 desta quarta-feira (10). Segundo informa\u00e7\u00f5es do Hospital Regional Em\u00edlia C\u00e2mara, ele apresentou duas paradas card\u00edacas, sendo reanimado com sucesso pela equipe m\u00e9dica da unidade.<\/p>\n<p>Fonte: Blog Maciel Rodrigues<\/p>\n","protected":false},"excerpt":{"rendered":"<p>O ex-prefeito de Afogados da Ingazeira, Totonho Valadares, de 79 anos, sofreu um infarto na manh\u00e3 desta quarta-feira (10). Segundo informa\u00e7\u00f5es do Hospital Regional Em\u00edlia C\u00e2mara, ele apresentou duas paradas card\u00edacas, sendo reanimado com sucesso pela equipe m\u00e9dica da unidade. Fonte: Blog Maciel Rodrigues<\/p>\n","protected":false},"author":2,"featured_media":21932,"comment_status":"open","ping_status":"open","sticky":false,"template":"","format":"standard","meta":{"_jetpack_memberships_contains_paid_content":false,"footnotes":"","jetpack_publicize_message":"","jetpack_publicize_feature_enabled":true,"jetpack_social_post_already_shared":true,"jetpack_social_options":{"image_generator_settings":{"template":"highway","enabled":false},"version":2}},"categories":[2],"tags":[],"class_list":["post-21931","post","type-post","status-publish","format-standard","has-post-thumbnail","hentry","category-noticias"],"jetpack_publicize_connections":[],"yoast_head":"<!-- This site is optimized with the Yoast SEO plugin v24.7 - https:\/\/yoast.com\/wordpress\/plugins\/seo\/ -->\n<title>Totonho Valadares sofre infarto e ser\u00e1 transferido para unidade especializada - Serra FM 87,9<\/title>\n<meta name=\"robots\" content=\"index, follow, max-snippet:-1, max-image-preview:large, max-video-preview:-1\" \/>\n<link rel=\"canonical\" href=\"https:\/\/serrafm879.com.br\/serrafm\/2025\/04\/totonho-valadares-sofre-infarto-e-sera-transferido-para-unidade-especializada\/\" \/>\n<meta property=\"og:locale\" content=\"pt_BR\" \/>\n<meta property=\"og:type\" content=\"article\" \/>\n<meta property=\"og:title\" content=\"Totonho Valadares sofre infarto e ser\u00e1 transferido para unidade especializada - Serra FM 87,9\" \/>\n<meta property=\"og:description\" content=\"O ex-prefeito de Afogados da Ingazeira, Totonho Valadares, de 79 anos, sofreu um infarto na manh\u00e3 desta quarta-feira (10). Segundo informa\u00e7\u00f5es do Hospital Regional Em\u00edlia C\u00e2mara, ele apresentou duas paradas card\u00edacas, sendo reanimado com sucesso pela equipe m\u00e9dica da unidade. Fonte: Blog Maciel Rodrigues\" \/>\n<meta property=\"og:url\" content=\"https:\/\/serrafm879.com.br\/serrafm\/2025\/04\/totonho-valadares-sofre-infarto-e-sera-transferido-para-unidade-especializada\/\" \/>\n<meta property=\"og:site_name\" content=\"Serra FM 87,9\" \/>\n<meta property=\"article:published_time\" content=\"2025-04-10T20:42:12+00:00\" \/>\n<meta property=\"og:image\" content=\"https:\/\/serrafm879.com.br\/serrafm\/wp-content\/uploads\/2025\/04\/download-3-1.jpg\" \/>\n\t<meta property=\"og:image:width\" content=\"241\" \/>\n\t<meta property=\"og:image:height\" content=\"209\" \/>\n\t<meta property=\"og:image:type\" content=\"image\/jpeg\" \/>\n<meta name=\"author\" content=\"serrafm87\" \/>\n<meta name=\"twitter:card\" content=\"summary_large_image\" \/>\n<meta name=\"twitter:label1\" content=\"Escrito por\" \/>\n\t<meta name=\"twitter:data1\" content=\"serrafm87\" \/>\n\t<meta name=\"twitter:label2\" content=\"Est. tempo de leitura\" \/>\n\t<meta name=\"twitter:data2\" content=\"1 minuto\" \/>\n<script type=\"application\/ld+json\" class=\"yoast-schema-graph\">{\"@context\":\"https:\/\/schema.org\",\"@graph\":[{\"@type\":\"WebPage\",\"@id\":\"https:\/\/serrafm879.com.br\/serrafm\/2025\/04\/totonho-valadares-sofre-infarto-e-sera-transferido-para-unidade-especializada\/\",\"url\":\"https:\/\/serrafm879.com.br\/serrafm\/2025\/04\/totonho-valadares-sofre-infarto-e-sera-transferido-para-unidade-especializada\/\",\"name\":\"Totonho Valadares sofre infarto e ser\u00e1 transferido para unidade especializada - Serra FM 87,9\",\"isPartOf\":{\"@id\":\"https:\/\/serrafm879.com.br\/serrafm\/#website\"},\"primaryImageOfPage\":{\"@id\":\"https:\/\/serrafm879.com.br\/serrafm\/2025\/04\/totonho-valadares-sofre-infarto-e-sera-transferido-para-unidade-especializada\/#primaryimage\"},\"image\":{\"@id\":\"https:\/\/serrafm879.com.br\/serrafm\/2025\/04\/totonho-valadares-sofre-infarto-e-sera-transferido-para-unidade-especializada\/#primaryimage\"},\"thumbnailUrl\":\"https:\/\/serrafm879.com.br\/serrafm\/wp-content\/uploads\/2025\/04\/download-3-1.jpg\",\"datePublished\":\"2025-04-10T20:42:12+00:00\",\"author\":{\"@id\":\"https:\/\/serrafm879.com.br\/serrafm\/#\/schema\/person\/c028a197030ff8b1c03c68dfba4a787a\"},\"breadcrumb\":{\"@id\":\"https:\/\/serrafm879.com.br\/serrafm\/2025\/04\/totonho-valadares-sofre-infarto-e-sera-transferido-para-unidade-especializada\/#breadcrumb\"},\"inLanguage\":\"pt-BR\",\"potentialAction\":[{\"@type\":\"ReadAction\",\"target\":[\"https:\/\/serrafm879.com.br\/serrafm\/2025\/04\/totonho-valadares-sofre-infarto-e-sera-transferido-para-unidade-especializada\/\"]}]},{\"@type\":\"ImageObject\",\"inLanguage\":\"pt-BR\",\"@id\":\"https:\/\/serrafm879.com.br\/serrafm\/2025\/04\/totonho-valadares-sofre-infarto-e-sera-transferido-para-unidade-especializada\/#primaryimage\",\"url\":\"https:\/\/serrafm879.com.br\/serrafm\/wp-content\/uploads\/2025\/04\/download-3-1.jpg\",\"contentUrl\":\"https:\/\/serrafm879.com.br\/serrafm\/wp-content\/uploads\/2025\/04\/download-3-1.jpg\",\"width\":241,\"height\":209},{\"@type\":\"BreadcrumbList\",\"@id\":\"https:\/\/serrafm879.com.br\/serrafm\/2025\/04\/totonho-valadares-sofre-infarto-e-sera-transferido-para-unidade-especializada\/#breadcrumb\",\"itemListElement\":[{\"@type\":\"ListItem\",\"position\":1,\"name\":\"In\u00edcio\",\"item\":\"https:\/\/serrafm879.com.br\/serrafm\/\"},{\"@type\":\"ListItem\",\"position\":2,\"name\":\"Totonho Valadares sofre infarto e ser\u00e1 transferido para unidade especializada\"}]},{\"@type\":\"WebSite\",\"@id\":\"https:\/\/serrafm879.com.br\/serrafm\/#website\",\"url\":\"https:\/\/serrafm879.com.br\/serrafm\/\",\"name\":\"Serra FM 87,9\",\"description\":\"O seu novo amor!\",\"potentialAction\":[{\"@type\":\"SearchAction\",\"target\":{\"@type\":\"EntryPoint\",\"urlTemplate\":\"https:\/\/serrafm879.com.br\/serrafm\/?s={search_term_string}\"},\"query-input\":{\"@type\":\"PropertyValueSpecification\",\"valueRequired\":true,\"valueName\":\"search_term_string\"}}],\"inLanguage\":\"pt-BR\"},{\"@type\":\"Person\",\"@id\":\"https:\/\/serrafm879.com.br\/serrafm\/#\/schema\/person\/c028a197030ff8b1c03c68dfba4a787a\",\"name\":\"serrafm87\",\"image\":{\"@type\":\"ImageObject\",\"inLanguage\":\"pt-BR\",\"@id\":\"https:\/\/serrafm879.com.br\/serrafm\/#\/schema\/person\/image\/\",\"url\":\"https:\/\/secure.gravatar.com\/avatar\/a743233f1112d34f48bb3dc9559b76eb930bab8b27175856cba6362608736235?s=96&d=mm&r=g\",\"contentUrl\":\"https:\/\/secure.gravatar.com\/avatar\/a743233f1112d34f48bb3dc9559b76eb930bab8b27175856cba6362608736235?s=96&d=mm&r=g\",\"caption\":\"serrafm87\"},\"sameAs\":[\"http:\/\/serrafm879.com.br\/\"],\"url\":\"https:\/\/serrafm879.com.br\/serrafm\/author\/serrafm87\/\"}]}<\/script>\n<!-- \/ Yoast SEO plugin. -->","yoast_head_json":{"title":"Totonho Valadares sofre infarto e ser\u00e1 transferido para unidade especializada - Serra FM 87,9","robots":{"index":"index","follow":"follow","max-snippet":"max-snippet:-1","max-image-preview":"max-image-preview:large","max-video-preview":"max-video-preview:-1"},"canonical":"https:\/\/serrafm879.com.br\/serrafm\/2025\/04\/totonho-valadares-sofre-infarto-e-sera-transferido-para-unidade-especializada\/","og_locale":"pt_BR","og_type":"article","og_title":"Totonho Valadares sofre infarto e ser\u00e1 transferido para unidade especializada - Serra FM 87,9","og_description":"O ex-prefeito de Afogados da Ingazeira, Totonho Valadares, de 79 anos, sofreu um infarto na manh\u00e3 desta quarta-feira (10). Segundo informa\u00e7\u00f5es do Hospital Regional Em\u00edlia C\u00e2mara, ele apresentou duas paradas card\u00edacas, sendo reanimado com sucesso pela equipe m\u00e9dica da unidade. Fonte: Blog Maciel Rodrigues","og_url":"https:\/\/serrafm879.com.br\/serrafm\/2025\/04\/totonho-valadares-sofre-infarto-e-sera-transferido-para-unidade-especializada\/","og_site_name":"Serra FM 87,9","article_published_time":"2025-04-10T20:42:12+00:00","og_image":[{"width":241,"height":209,"url":"https:\/\/serrafm879.com.br\/serrafm\/wp-content\/uploads\/2025\/04\/download-3-1.jpg","type":"image\/jpeg"}],"author":"serrafm87","twitter_card":"summary_large_image","twitter_misc":{"Escrito por":"serrafm87","Est. tempo de leitura":"1 minuto"},"schema":{"@context":"https:\/\/schema.org","@graph":[{"@type":"WebPage","@id":"https:\/\/serrafm879.com.br\/serrafm\/2025\/04\/totonho-valadares-sofre-infarto-e-sera-transferido-para-unidade-especializada\/","url":"https:\/\/serrafm879.com.br\/serrafm\/2025\/04\/totonho-valadares-sofre-infarto-e-sera-transferido-para-unidade-especializada\/","name":"Totonho Valadares sofre infarto e ser\u00e1 transferido para unidade especializada - Serra FM 87,9","isPartOf":{"@id":"https:\/\/serrafm879.com.br\/serrafm\/#website"},"primaryImageOfPage":{"@id":"https:\/\/serrafm879.com.br\/serrafm\/2025\/04\/totonho-valadares-sofre-infarto-e-sera-transferido-para-unidade-especializada\/#primaryimage"},"image":{"@id":"https:\/\/serrafm879.com.br\/serrafm\/2025\/04\/totonho-valadares-sofre-infarto-e-sera-transferido-para-unidade-especializada\/#primaryimage"},"thumbnailUrl":"https:\/\/serrafm879.com.br\/serrafm\/wp-content\/uploads\/2025\/04\/download-3-1.jpg","datePublished":"2025-04-10T20:42:12+00:00","author":{"@id":"https:\/\/serrafm879.com.br\/serrafm\/#\/schema\/person\/c028a197030ff8b1c03c68dfba4a787a"},"breadcrumb":{"@id":"https:\/\/serrafm879.com.br\/serrafm\/2025\/04\/totonho-valadares-sofre-infarto-e-sera-transferido-para-unidade-especializada\/#breadcrumb"},"inLanguage":"pt-BR","potentialAction":[{"@type":"ReadAction","target":["https:\/\/serrafm879.com.br\/serrafm\/2025\/04\/totonho-valadares-sofre-infarto-e-sera-transferido-para-unidade-especializada\/"]}]},{"@type":"ImageObject","inLanguage":"pt-BR","@id":"https:\/\/serrafm879.com.br\/serrafm\/2025\/04\/totonho-valadares-sofre-infarto-e-sera-transferido-para-unidade-especializada\/#primaryimage","url":"https:\/\/serrafm879.com.br\/serrafm\/wp-content\/uploads\/2025\/04\/download-3-1.jpg","contentUrl":"https:\/\/serrafm879.com.br\/serrafm\/wp-content\/uploads\/2025\/04\/download-3-1.jpg","width":241,"height":209},{"@type":"BreadcrumbList","@id":"https:\/\/serrafm879.com.br\/serrafm\/2025\/04\/totonho-valadares-sofre-infarto-e-sera-transferido-para-unidade-especializada\/#breadcrumb","itemListElement":[{"@type":"ListItem","position":1,"name":"In\u00edcio","item":"https:\/\/serrafm879.com.br\/serrafm\/"},{"@type":"ListItem","position":2,"name":"Totonho Valadares sofre infarto e ser\u00e1 transferido para unidade especializada"}]},{"@type":"WebSite","@id":"https:\/\/serrafm879.com.br\/serrafm\/#website","url":"https:\/\/serrafm879.com.br\/serrafm\/","name":"Serra FM 87,9","description":"O seu novo amor!","potentialAction":[{"@type":"SearchAction","target":{"@type":"EntryPoint","urlTemplate":"https:\/\/serrafm879.com.br\/serrafm\/?s={search_term_string}"},"query-input":{"@type":"PropertyValueSpecification","valueRequired":true,"valueName":"search_term_string"}}],"inLanguage":"pt-BR"},{"@type":"Person","@id":"https:\/\/serrafm879.com.br\/serrafm\/#\/schema\/person\/c028a197030ff8b1c03c68dfba4a787a","name":"serrafm87","image":{"@type":"ImageObject","inLanguage":"pt-BR","@id":"https:\/\/serrafm879.com.br\/serrafm\/#\/schema\/person\/image\/","url":"https:\/\/secure.gravatar.com\/avatar\/a743233f1112d34f48bb3dc9559b76eb930bab8b27175856cba6362608736235?s=96&d=mm&r=g","contentUrl":"https:\/\/secure.gravatar.com\/avatar\/a743233f1112d34f48bb3dc9559b76eb930bab8b27175856cba6362608736235?s=96&d=mm&r=g","caption":"serrafm87"},"sameAs":["http:\/\/serrafm879.com.br\/"],"url":"https:\/\/serrafm879.com.br\/serrafm\/author\/serrafm87\/"}]}},"jetpack_featured_media_url":"https:\/\/serrafm879.com.br\/serrafm\/wp-content\/uploads\/2025\/04\/download-3-1.jpg","jetpack_shortlink":"https:\/\/wp.me\/p7HyXg-5HJ","jetpack_sharing_enabled":true,"_links":{"self":[{"href":"https:\/\/serrafm879.com.br\/serrafm\/wp-json\/wp\/v2\/posts\/21931","targetHints":{"allow":["GET"]}}],"collection":[{"href":"https:\/\/serrafm879.com.br\/serrafm\/wp-json\/wp\/v2\/posts"}],"about":[{"href":"https:\/\/serrafm879.com.br\/serrafm\/wp-json\/wp\/v2\/types\/post"}],"author":[{"embeddable":true,"href":"https:\/\/serrafm879.com.br\/serrafm\/wp-json\/wp\/v2\/users\/2"}],"replies":[{"embeddable":true,"href":"https:\/\/serrafm879.com.br\/serrafm\/wp-json\/wp\/v2\/comments?post=21931"}],"version-history":[{"count":1,"href":"https:\/\/serrafm879.com.br\/serrafm\/wp-json\/wp\/v2\/posts\/21931\/revisions"}],"predecessor-version":[{"id":21933,"href":"https:\/\/serrafm879.com.br\/serrafm\/wp-json\/wp\/v2\/posts\/21931\/revisions\/21933"}],"wp:featuredmedia":[{"embeddable":true,"href":"https:\/\/serrafm879.com.br\/serrafm\/wp-json\/wp\/v2\/media\/21932"}],"wp:attachment":[{"href":"https:\/\/serrafm879.com.br\/serrafm\/wp-json\/wp\/v2\/media?parent=21931"}],"wp:term":[{"taxonomy":"category","embeddable":true,"href":"https:\/\/serrafm879.com.br\/serrafm\/wp-json\/wp\/v2\/categories?post=21931"},{"taxonomy":"post_tag","embeddable":true,"href":"https:\/\/serrafm879.com.br\/serrafm\/wp-json\/wp\/v2\/tags?post=21931"}],"curies":[{"name":"wp","href":"https:\/\/api.w.org\/{rel}","templated":true}]}}