{"id":21945,"date":"2025-04-11T17:20:32","date_gmt":"2025-04-11T20:20:32","guid":{"rendered":"https:\/\/serrafm879.com.br\/serrafm\/?p=21945"},"modified":"2025-04-11T17:20:32","modified_gmt":"2025-04-11T20:20:32","slug":"prefeitura-leva-mutirao-de-infraestrutura-aos-bairros","status":"publish","type":"post","link":"https:\/\/serrafm879.com.br\/serrafm\/2025\/04\/prefeitura-leva-mutirao-de-infraestrutura-aos-bairros\/","title":{"rendered":"Prefeitura leva mutir\u00e3o de infraestrutura aos bairros"},"content":{"rendered":"<p>A Prefeitura de\u00a0<a href=\"https:\/\/faroldenoticias.com.br\/categoria\/pernambuco\/\">Afogados<\/a>\u00a0deu in\u00edcio esta semana a um grande mutir\u00e3o de servi\u00e7os de infraestrutura visando atender as demandas dos bairros da cidade.<\/p>\n<p>O trabalho come\u00e7ou pelos bairros Padre Pedro Pereira, com o residencial Miguel Arraes a\u00ed incluso, e o bairro Planalto. Est\u00e3o sendo realizados servi\u00e7os de terraplanagem de ruas, melhorias na ilumina\u00e7\u00e3o, poda\u00e7\u00e3o de \u00e1rvores, mutir\u00e3o de limpeza em \u00e1reas p\u00fablicas, servi\u00e7os de esgotamento sanit\u00e1rio, opera\u00e7\u00e3o tapa-buraco, dentre outros. Todas as m\u00e1quinas da infraestrutura est\u00e3o sendo utilizados nos mutir\u00f5es.<\/p>\n<p><img loading=\"lazy\" decoding=\"async\" data-attachment-id=\"21947\" data-permalink=\"https:\/\/serrafm879.com.br\/serrafm\/2025\/04\/prefeitura-leva-mutirao-de-infraestrutura-aos-bairros\/whatsapp-image-2025-04-11-at-10-09-52-1536x1152\/\" data-orig-file=\"https:\/\/serrafm879.com.br\/serrafm\/wp-content\/uploads\/2025\/04\/WhatsApp-Image-2025-04-11-at-10.09.52-1536x1152-1.jpeg\" data-orig-size=\"1536,1152\" data-comments-opened=\"1\" data-image-meta=\"{&quot;aperture&quot;:&quot;0&quot;,&quot;credit&quot;:&quot;&quot;,&quot;camera&quot;:&quot;&quot;,&quot;caption&quot;:&quot;&quot;,&quot;created_timestamp&quot;:&quot;0&quot;,&quot;copyright&quot;:&quot;&quot;,&quot;focal_length&quot;:&quot;0&quot;,&quot;iso&quot;:&quot;0&quot;,&quot;shutter_speed&quot;:&quot;0&quot;,&quot;title&quot;:&quot;&quot;,&quot;orientation&quot;:&quot;0&quot;}\" data-image-title=\"WhatsApp-Image-2025-04-11-at-10.09.52-1536&amp;#215;1152\" data-image-description=\"\" data-image-caption=\"\" data-medium-file=\"https:\/\/serrafm879.com.br\/serrafm\/wp-content\/uploads\/2025\/04\/WhatsApp-Image-2025-04-11-at-10.09.52-1536x1152-1-300x225.jpeg\" data-large-file=\"https:\/\/serrafm879.com.br\/serrafm\/wp-content\/uploads\/2025\/04\/WhatsApp-Image-2025-04-11-at-10.09.52-1536x1152-1-1024x768.jpeg\" class=\" wp-image-21947 aligncenter\" src=\"http:\/\/serrafm879.com.brserrafmserrafm\/serrafm\/wp-content\/uploads\/2025\/04\/WhatsApp-Image-2025-04-11-at-10.09.52-1536x1152-1-300x225.jpeg\" alt=\"\" width=\"628\" height=\"471\" srcset=\"https:\/\/serrafm879.com.br\/serrafm\/wp-content\/uploads\/2025\/04\/WhatsApp-Image-2025-04-11-at-10.09.52-1536x1152-1-300x225.jpeg 300w, https:\/\/serrafm879.com.br\/serrafm\/wp-content\/uploads\/2025\/04\/WhatsApp-Image-2025-04-11-at-10.09.52-1536x1152-1-1024x768.jpeg 1024w, https:\/\/serrafm879.com.br\/serrafm\/wp-content\/uploads\/2025\/04\/WhatsApp-Image-2025-04-11-at-10.09.52-1536x1152-1-768x576.jpeg 768w, https:\/\/serrafm879.com.br\/serrafm\/wp-content\/uploads\/2025\/04\/WhatsApp-Image-2025-04-11-at-10.09.52-1536x1152-1-180x135.jpeg 180w, https:\/\/serrafm879.com.br\/serrafm\/wp-content\/uploads\/2025\/04\/WhatsApp-Image-2025-04-11-at-10.09.52-1536x1152-1-400x300.jpeg 400w, https:\/\/serrafm879.com.br\/serrafm\/wp-content\/uploads\/2025\/04\/WhatsApp-Image-2025-04-11-at-10.09.52-1536x1152-1-600x450.jpeg 600w, https:\/\/serrafm879.com.br\/serrafm\/wp-content\/uploads\/2025\/04\/WhatsApp-Image-2025-04-11-at-10.09.52-1536x1152-1-800x600.jpeg 800w, https:\/\/serrafm879.com.br\/serrafm\/wp-content\/uploads\/2025\/04\/WhatsApp-Image-2025-04-11-at-10.09.52-1536x1152-1-1200x900.jpeg 1200w, https:\/\/serrafm879.com.br\/serrafm\/wp-content\/uploads\/2025\/04\/WhatsApp-Image-2025-04-11-at-10.09.52-1536x1152-1.jpeg 1536w\" sizes=\"auto, (max-width: 628px) 100vw, 628px\" \/><\/p>\n<p>\u201cEsse trabalho vai chegar em todos os bairros de Afogados. J\u00e1 na pr\u00f3xima semana estaremos com o mutir\u00e3o de servi\u00e7os nos bairros S\u00e3o Crist\u00f3v\u00e3o, Sobreira e S\u00e3o Francisco,\u201d informou o secret\u00e1rio de infraestrutura de Afogados, Od\u00edlio Lopes.<\/p>\n<p>A a\u00e7\u00e3o conta com a parceria da secretaria de meio-ambiente. O respons\u00e1vel pela pasta, Adelmo Santos, destacou que as \u00e1reas de dep\u00f3sito irregular de lixo ser\u00e3o sinalizadas com placas alertando para poss\u00edveis san\u00e7\u00f5es aos respons\u00e1veis, uma vez que est\u00e1 previsto o monitoramento por c\u00e2meras desses locais.<\/p>\n<p>&nbsp;<\/p>\n","protected":false},"excerpt":{"rendered":"<p>A Prefeitura de\u00a0Afogados\u00a0deu in\u00edcio esta semana a um grande mutir\u00e3o de servi\u00e7os de infraestrutura visando atender as demandas dos bairros da cidade. O trabalho come\u00e7ou pelos bairros Padre Pedro Pereira, com o residencial Miguel Arraes a\u00ed incluso, e o bairro Planalto. Est\u00e3o sendo realizados servi\u00e7os de terraplanagem de ruas, melhorias na ilumina\u00e7\u00e3o, poda\u00e7\u00e3o de \u00e1rvores, mutir\u00e3o de limpeza em \u00e1reas p\u00fablicas, servi\u00e7os de esgotamento sanit\u00e1rio, opera\u00e7\u00e3o tapa-buraco, dentre outros. Todas as m\u00e1quinas da infraestrutura est\u00e3o sendo utilizados nos mutir\u00f5es. \u201cEsse trabalho vai chegar em todos os bairros de Afogados. J\u00e1 na pr\u00f3xima semana estaremos com o mutir\u00e3o de servi\u00e7os nos [&hellip;]<\/p>\n","protected":false},"author":2,"featured_media":21946,"comment_status":"open","ping_status":"open","sticky":false,"template":"","format":"standard","meta":{"_jetpack_memberships_contains_paid_content":false,"footnotes":"","jetpack_publicize_message":"","jetpack_publicize_feature_enabled":true,"jetpack_social_post_already_shared":true,"jetpack_social_options":{"image_generator_settings":{"template":"highway","enabled":false},"version":2}},"categories":[1],"tags":[],"class_list":["post-21945","post","type-post","status-publish","format-standard","has-post-thumbnail","hentry","category-uncategorized"],"jetpack_publicize_connections":[],"yoast_head":"<!-- This site is optimized with the Yoast SEO plugin v24.7 - https:\/\/yoast.com\/wordpress\/plugins\/seo\/ -->\n<title>Prefeitura leva mutir\u00e3o de infraestrutura aos bairros - Serra FM 87,9<\/title>\n<meta name=\"robots\" content=\"index, follow, max-snippet:-1, max-image-preview:large, max-video-preview:-1\" \/>\n<link rel=\"canonical\" href=\"https:\/\/serrafm879.com.br\/serrafm\/2025\/04\/prefeitura-leva-mutirao-de-infraestrutura-aos-bairros\/\" \/>\n<meta property=\"og:locale\" content=\"pt_BR\" \/>\n<meta property=\"og:type\" content=\"article\" \/>\n<meta property=\"og:title\" content=\"Prefeitura leva mutir\u00e3o de infraestrutura aos bairros - Serra FM 87,9\" \/>\n<meta property=\"og:description\" content=\"A Prefeitura de\u00a0Afogados\u00a0deu in\u00edcio esta semana a um grande mutir\u00e3o de servi\u00e7os de infraestrutura visando atender as demandas dos bairros da cidade. O trabalho come\u00e7ou pelos bairros Padre Pedro Pereira, com o residencial Miguel Arraes a\u00ed incluso, e o bairro Planalto. Est\u00e3o sendo realizados servi\u00e7os de terraplanagem de ruas, melhorias na ilumina\u00e7\u00e3o, poda\u00e7\u00e3o de \u00e1rvores, mutir\u00e3o de limpeza em \u00e1reas p\u00fablicas, servi\u00e7os de esgotamento sanit\u00e1rio, opera\u00e7\u00e3o tapa-buraco, dentre outros. Todas as m\u00e1quinas da infraestrutura est\u00e3o sendo utilizados nos mutir\u00f5es. \u201cEsse trabalho vai chegar em todos os bairros de Afogados. J\u00e1 na pr\u00f3xima semana estaremos com o mutir\u00e3o de servi\u00e7os nos [&hellip;]\" \/>\n<meta property=\"og:url\" content=\"https:\/\/serrafm879.com.br\/serrafm\/2025\/04\/prefeitura-leva-mutirao-de-infraestrutura-aos-bairros\/\" \/>\n<meta property=\"og:site_name\" content=\"Serra FM 87,9\" \/>\n<meta property=\"article:published_time\" content=\"2025-04-11T20:20:32+00:00\" \/>\n<meta property=\"og:image\" content=\"https:\/\/serrafm879.com.br\/serrafm\/wp-content\/uploads\/2025\/04\/WhatsApp-Image-2025-04-11-at-10.09.53-1536x1152-1.jpeg\" \/>\n\t<meta property=\"og:image:width\" content=\"1536\" \/>\n\t<meta property=\"og:image:height\" content=\"1152\" \/>\n\t<meta property=\"og:image:type\" content=\"image\/jpeg\" \/>\n<meta name=\"author\" content=\"serrafm87\" \/>\n<meta name=\"twitter:card\" content=\"summary_large_image\" \/>\n<meta name=\"twitter:label1\" content=\"Escrito por\" \/>\n\t<meta name=\"twitter:data1\" content=\"serrafm87\" \/>\n\t<meta name=\"twitter:label2\" content=\"Est. tempo de leitura\" \/>\n\t<meta name=\"twitter:data2\" content=\"2 minutos\" \/>\n<script type=\"application\/ld+json\" class=\"yoast-schema-graph\">{\"@context\":\"https:\/\/schema.org\",\"@graph\":[{\"@type\":\"WebPage\",\"@id\":\"https:\/\/serrafm879.com.br\/serrafm\/2025\/04\/prefeitura-leva-mutirao-de-infraestrutura-aos-bairros\/\",\"url\":\"https:\/\/serrafm879.com.br\/serrafm\/2025\/04\/prefeitura-leva-mutirao-de-infraestrutura-aos-bairros\/\",\"name\":\"Prefeitura leva mutir\u00e3o de infraestrutura aos bairros - Serra FM 87,9\",\"isPartOf\":{\"@id\":\"https:\/\/serrafm879.com.br\/serrafm\/#website\"},\"primaryImageOfPage\":{\"@id\":\"https:\/\/serrafm879.com.br\/serrafm\/2025\/04\/prefeitura-leva-mutirao-de-infraestrutura-aos-bairros\/#primaryimage\"},\"image\":{\"@id\":\"https:\/\/serrafm879.com.br\/serrafm\/2025\/04\/prefeitura-leva-mutirao-de-infraestrutura-aos-bairros\/#primaryimage\"},\"thumbnailUrl\":\"https:\/\/serrafm879.com.br\/serrafm\/wp-content\/uploads\/2025\/04\/WhatsApp-Image-2025-04-11-at-10.09.53-1536x1152-1.jpeg\",\"datePublished\":\"2025-04-11T20:20:32+00:00\",\"author\":{\"@id\":\"https:\/\/serrafm879.com.br\/serrafm\/#\/schema\/person\/c028a197030ff8b1c03c68dfba4a787a\"},\"breadcrumb\":{\"@id\":\"https:\/\/serrafm879.com.br\/serrafm\/2025\/04\/prefeitura-leva-mutirao-de-infraestrutura-aos-bairros\/#breadcrumb\"},\"inLanguage\":\"pt-BR\",\"potentialAction\":[{\"@type\":\"ReadAction\",\"target\":[\"https:\/\/serrafm879.com.br\/serrafm\/2025\/04\/prefeitura-leva-mutirao-de-infraestrutura-aos-bairros\/\"]}]},{\"@type\":\"ImageObject\",\"inLanguage\":\"pt-BR\",\"@id\":\"https:\/\/serrafm879.com.br\/serrafm\/2025\/04\/prefeitura-leva-mutirao-de-infraestrutura-aos-bairros\/#primaryimage\",\"url\":\"https:\/\/serrafm879.com.br\/serrafm\/wp-content\/uploads\/2025\/04\/WhatsApp-Image-2025-04-11-at-10.09.53-1536x1152-1.jpeg\",\"contentUrl\":\"https:\/\/serrafm879.com.br\/serrafm\/wp-content\/uploads\/2025\/04\/WhatsApp-Image-2025-04-11-at-10.09.53-1536x1152-1.jpeg\",\"width\":1536,\"height\":1152},{\"@type\":\"BreadcrumbList\",\"@id\":\"https:\/\/serrafm879.com.br\/serrafm\/2025\/04\/prefeitura-leva-mutirao-de-infraestrutura-aos-bairros\/#breadcrumb\",\"itemListElement\":[{\"@type\":\"ListItem\",\"position\":1,\"name\":\"In\u00edcio\",\"item\":\"https:\/\/serrafm879.com.br\/serrafm\/\"},{\"@type\":\"ListItem\",\"position\":2,\"name\":\"Prefeitura leva mutir\u00e3o de infraestrutura aos bairros\"}]},{\"@type\":\"WebSite\",\"@id\":\"https:\/\/serrafm879.com.br\/serrafm\/#website\",\"url\":\"https:\/\/serrafm879.com.br\/serrafm\/\",\"name\":\"Serra FM 87,9\",\"description\":\"O seu novo amor!\",\"potentialAction\":[{\"@type\":\"SearchAction\",\"target\":{\"@type\":\"EntryPoint\",\"urlTemplate\":\"https:\/\/serrafm879.com.br\/serrafm\/?s={search_term_string}\"},\"query-input\":{\"@type\":\"PropertyValueSpecification\",\"valueRequired\":true,\"valueName\":\"search_term_string\"}}],\"inLanguage\":\"pt-BR\"},{\"@type\":\"Person\",\"@id\":\"https:\/\/serrafm879.com.br\/serrafm\/#\/schema\/person\/c028a197030ff8b1c03c68dfba4a787a\",\"name\":\"serrafm87\",\"image\":{\"@type\":\"ImageObject\",\"inLanguage\":\"pt-BR\",\"@id\":\"https:\/\/serrafm879.com.br\/serrafm\/#\/schema\/person\/image\/\",\"url\":\"https:\/\/secure.gravatar.com\/avatar\/a743233f1112d34f48bb3dc9559b76eb930bab8b27175856cba6362608736235?s=96&d=mm&r=g\",\"contentUrl\":\"https:\/\/secure.gravatar.com\/avatar\/a743233f1112d34f48bb3dc9559b76eb930bab8b27175856cba6362608736235?s=96&d=mm&r=g\",\"caption\":\"serrafm87\"},\"sameAs\":[\"http:\/\/serrafm879.com.br\/\"],\"url\":\"https:\/\/serrafm879.com.br\/serrafm\/author\/serrafm87\/\"}]}<\/script>\n<!-- \/ Yoast SEO plugin. -->","yoast_head_json":{"title":"Prefeitura leva mutir\u00e3o de infraestrutura aos bairros - Serra FM 87,9","robots":{"index":"index","follow":"follow","max-snippet":"max-snippet:-1","max-image-preview":"max-image-preview:large","max-video-preview":"max-video-preview:-1"},"canonical":"https:\/\/serrafm879.com.br\/serrafm\/2025\/04\/prefeitura-leva-mutirao-de-infraestrutura-aos-bairros\/","og_locale":"pt_BR","og_type":"article","og_title":"Prefeitura leva mutir\u00e3o de infraestrutura aos bairros - Serra FM 87,9","og_description":"A Prefeitura de\u00a0Afogados\u00a0deu in\u00edcio esta semana a um grande mutir\u00e3o de servi\u00e7os de infraestrutura visando atender as demandas dos bairros da cidade. O trabalho come\u00e7ou pelos bairros Padre Pedro Pereira, com o residencial Miguel Arraes a\u00ed incluso, e o bairro Planalto. Est\u00e3o sendo realizados servi\u00e7os de terraplanagem de ruas, melhorias na ilumina\u00e7\u00e3o, poda\u00e7\u00e3o de \u00e1rvores, mutir\u00e3o de limpeza em \u00e1reas p\u00fablicas, servi\u00e7os de esgotamento sanit\u00e1rio, opera\u00e7\u00e3o tapa-buraco, dentre outros. Todas as m\u00e1quinas da infraestrutura est\u00e3o sendo utilizados nos mutir\u00f5es. \u201cEsse trabalho vai chegar em todos os bairros de Afogados. J\u00e1 na pr\u00f3xima semana estaremos com o mutir\u00e3o de servi\u00e7os nos [&hellip;]","og_url":"https:\/\/serrafm879.com.br\/serrafm\/2025\/04\/prefeitura-leva-mutirao-de-infraestrutura-aos-bairros\/","og_site_name":"Serra FM 87,9","article_published_time":"2025-04-11T20:20:32+00:00","og_image":[{"width":1536,"height":1152,"url":"https:\/\/serrafm879.com.br\/serrafm\/wp-content\/uploads\/2025\/04\/WhatsApp-Image-2025-04-11-at-10.09.53-1536x1152-1.jpeg","type":"image\/jpeg"}],"author":"serrafm87","twitter_card":"summary_large_image","twitter_misc":{"Escrito por":"serrafm87","Est. tempo de leitura":"2 minutos"},"schema":{"@context":"https:\/\/schema.org","@graph":[{"@type":"WebPage","@id":"https:\/\/serrafm879.com.br\/serrafm\/2025\/04\/prefeitura-leva-mutirao-de-infraestrutura-aos-bairros\/","url":"https:\/\/serrafm879.com.br\/serrafm\/2025\/04\/prefeitura-leva-mutirao-de-infraestrutura-aos-bairros\/","name":"Prefeitura leva mutir\u00e3o de infraestrutura aos bairros - Serra FM 87,9","isPartOf":{"@id":"https:\/\/serrafm879.com.br\/serrafm\/#website"},"primaryImageOfPage":{"@id":"https:\/\/serrafm879.com.br\/serrafm\/2025\/04\/prefeitura-leva-mutirao-de-infraestrutura-aos-bairros\/#primaryimage"},"image":{"@id":"https:\/\/serrafm879.com.br\/serrafm\/2025\/04\/prefeitura-leva-mutirao-de-infraestrutura-aos-bairros\/#primaryimage"},"thumbnailUrl":"https:\/\/serrafm879.com.br\/serrafm\/wp-content\/uploads\/2025\/04\/WhatsApp-Image-2025-04-11-at-10.09.53-1536x1152-1.jpeg","datePublished":"2025-04-11T20:20:32+00:00","author":{"@id":"https:\/\/serrafm879.com.br\/serrafm\/#\/schema\/person\/c028a197030ff8b1c03c68dfba4a787a"},"breadcrumb":{"@id":"https:\/\/serrafm879.com.br\/serrafm\/2025\/04\/prefeitura-leva-mutirao-de-infraestrutura-aos-bairros\/#breadcrumb"},"inLanguage":"pt-BR","potentialAction":[{"@type":"ReadAction","target":["https:\/\/serrafm879.com.br\/serrafm\/2025\/04\/prefeitura-leva-mutirao-de-infraestrutura-aos-bairros\/"]}]},{"@type":"ImageObject","inLanguage":"pt-BR","@id":"https:\/\/serrafm879.com.br\/serrafm\/2025\/04\/prefeitura-leva-mutirao-de-infraestrutura-aos-bairros\/#primaryimage","url":"https:\/\/serrafm879.com.br\/serrafm\/wp-content\/uploads\/2025\/04\/WhatsApp-Image-2025-04-11-at-10.09.53-1536x1152-1.jpeg","contentUrl":"https:\/\/serrafm879.com.br\/serrafm\/wp-content\/uploads\/2025\/04\/WhatsApp-Image-2025-04-11-at-10.09.53-1536x1152-1.jpeg","width":1536,"height":1152},{"@type":"BreadcrumbList","@id":"https:\/\/serrafm879.com.br\/serrafm\/2025\/04\/prefeitura-leva-mutirao-de-infraestrutura-aos-bairros\/#breadcrumb","itemListElement":[{"@type":"ListItem","position":1,"name":"In\u00edcio","item":"https:\/\/serrafm879.com.br\/serrafm\/"},{"@type":"ListItem","position":2,"name":"Prefeitura leva mutir\u00e3o de infraestrutura aos bairros"}]},{"@type":"WebSite","@id":"https:\/\/serrafm879.com.br\/serrafm\/#website","url":"https:\/\/serrafm879.com.br\/serrafm\/","name":"Serra FM 87,9","description":"O seu novo amor!","potentialAction":[{"@type":"SearchAction","target":{"@type":"EntryPoint","urlTemplate":"https:\/\/serrafm879.com.br\/serrafm\/?s={search_term_string}"},"query-input":{"@type":"PropertyValueSpecification","valueRequired":true,"valueName":"search_term_string"}}],"inLanguage":"pt-BR"},{"@type":"Person","@id":"https:\/\/serrafm879.com.br\/serrafm\/#\/schema\/person\/c028a197030ff8b1c03c68dfba4a787a","name":"serrafm87","image":{"@type":"ImageObject","inLanguage":"pt-BR","@id":"https:\/\/serrafm879.com.br\/serrafm\/#\/schema\/person\/image\/","url":"https:\/\/secure.gravatar.com\/avatar\/a743233f1112d34f48bb3dc9559b76eb930bab8b27175856cba6362608736235?s=96&d=mm&r=g","contentUrl":"https:\/\/secure.gravatar.com\/avatar\/a743233f1112d34f48bb3dc9559b76eb930bab8b27175856cba6362608736235?s=96&d=mm&r=g","caption":"serrafm87"},"sameAs":["http:\/\/serrafm879.com.br\/"],"url":"https:\/\/serrafm879.com.br\/serrafm\/author\/serrafm87\/"}]}},"jetpack_featured_media_url":"https:\/\/serrafm879.com.br\/serrafm\/wp-content\/uploads\/2025\/04\/WhatsApp-Image-2025-04-11-at-10.09.53-1536x1152-1.jpeg","jetpack_shortlink":"https:\/\/wp.me\/p7HyXg-5HX","jetpack_sharing_enabled":true,"_links":{"self":[{"href":"https:\/\/serrafm879.com.br\/serrafm\/wp-json\/wp\/v2\/posts\/21945","targetHints":{"allow":["GET"]}}],"collection":[{"href":"https:\/\/serrafm879.com.br\/serrafm\/wp-json\/wp\/v2\/posts"}],"about":[{"href":"https:\/\/serrafm879.com.br\/serrafm\/wp-json\/wp\/v2\/types\/post"}],"author":[{"embeddable":true,"href":"https:\/\/serrafm879.com.br\/serrafm\/wp-json\/wp\/v2\/users\/2"}],"replies":[{"embeddable":true,"href":"https:\/\/serrafm879.com.br\/serrafm\/wp-json\/wp\/v2\/comments?post=21945"}],"version-history":[{"count":1,"href":"https:\/\/serrafm879.com.br\/serrafm\/wp-json\/wp\/v2\/posts\/21945\/revisions"}],"predecessor-version":[{"id":21948,"href":"https:\/\/serrafm879.com.br\/serrafm\/wp-json\/wp\/v2\/posts\/21945\/revisions\/21948"}],"wp:featuredmedia":[{"embeddable":true,"href":"https:\/\/serrafm879.com.br\/serrafm\/wp-json\/wp\/v2\/media\/21946"}],"wp:attachment":[{"href":"https:\/\/serrafm879.com.br\/serrafm\/wp-json\/wp\/v2\/media?parent=21945"}],"wp:term":[{"taxonomy":"category","embeddable":true,"href":"https:\/\/serrafm879.com.br\/serrafm\/wp-json\/wp\/v2\/categories?post=21945"},{"taxonomy":"post_tag","embeddable":true,"href":"https:\/\/serrafm879.com.br\/serrafm\/wp-json\/wp\/v2\/tags?post=21945"}],"curies":[{"name":"wp","href":"https:\/\/api.w.org\/{rel}","templated":true}]}}