{"id":21955,"date":"2025-04-11T18:08:08","date_gmt":"2025-04-11T21:08:08","guid":{"rendered":"https:\/\/serrafm879.com.br\/serrafm\/?p=21955"},"modified":"2025-04-11T18:08:08","modified_gmt":"2025-04-11T21:08:08","slug":"o-cinema-no-interior-retorna-a-serra-talhada-promovendo-intercambios-culturais-internacionais","status":"publish","type":"post","link":"https:\/\/serrafm879.com.br\/serrafm\/2025\/04\/o-cinema-no-interior-retorna-a-serra-talhada-promovendo-intercambios-culturais-internacionais\/","title":{"rendered":"O Cinema no Interior retorna \u00e0 Serra Talhada promovendo interc\u00e2mbios culturais internacionais"},"content":{"rendered":"<div class=\"x11i5rnm xat24cr x1mh8g0r x1vvkbs xtlvy1s x126k92a\">\n<div dir=\"auto\">O projeto Cinema no Interior (CI) tem feito hist\u00f3ria em Pernambuco, e Serra Talhada \u00e9 uma das cidades contempladas pelos trabalhos realizados na \u00e1rea audiovisual desde 2013. Dessa vez, o CI proporcionou a cria\u00e7\u00e3o de roteiros, que agora parte para as etapas de produ\u00e7\u00e3o e finaliza\u00e7\u00e3o.<span style=\"font-size: 1.21429rem;\">Dois artistas serra-talhadenses veteranos est\u00e3o tendo os seus filmes produzidos atrav\u00e9s do Coletivo Cinema no Interior: Modesto de Barros, com o filme \u201c1954\u201d, roteiro baseado em suas mem\u00f3rias de inf\u00e2ncia, e Humberto Cellus, com o filme \u201cO Palco\u201d, baseado em experi\u00eancias pr\u00f3prias da sua carreira musical.<\/span><\/p>\n<\/div>\n<\/div>\n<div class=\"x11i5rnm xat24cr x1mh8g0r x1vvkbs xtlvy1s x126k92a\">\n<div dir=\"auto\">\n<p><span style=\"font-size: 1.21429rem;\">O Cinema no Interior \u00e9 um projeto idealizado e dirigido pelo cineasta serra-talhadense Marcos Carvalho (atualmente mora em Petrolina), que j\u00e1 tem uma longa jornada no meio audiovisual a partir da Mont Serrat Filmes, sendo fundador da produtora. O diretor de cinema Pedro Severien respons\u00e1vel pelas oficinas de roteiro e de dire\u00e7\u00e3o, tamb\u00e9m veio \u00e0 cidade dar vida aos roteiros, transformando aquilo que est\u00e1 no papel para encaixar em frente \u00e0s c\u00e2meras, dirigindo, ao lado dos autores dos roteiros, os atores e atrizes escalados para interpretar os personagens dessas fic\u00e7\u00f5es baseadas em fatos reais. Adriana Perin, atriz carioca, que faz parte da equipe CI h\u00e1 mais de dez anos, e sua fun\u00e7\u00e3o \u00e9 preparar os elencos dos filmes, fazendo com que os int\u00e9rpretes encontrem a ess\u00eancia de suas personagens.<\/span><\/p>\n<\/div>\n<\/div>\n<div class=\"x11i5rnm xat24cr x1mh8g0r x1vvkbs xtlvy1s x126k92a\">\n<div dir=\"auto\">\n<p><span style=\"font-size: 1.21429rem;\">Marcos Carvalho ainda trouxe pessoas de muito longe, como os Acreanos Rikelne Nukini e Ney Nukini, na fun\u00e7\u00e3o de operador de c\u00e2mera\/diretor de fotografia e t\u00e9cnico de som, respectivamente. Al\u00e9m deles, a equipe conta com duas francesas, a Lauranne Simpere e a Isadora Alcachebury, nas fun\u00e7\u00f5es de operadora de c\u00e2mera\/diretora de fotografia e fot\u00f3grafa, na devida ordem. A equipe tamb\u00e9m \u00e9 composta por duas pessoas da \u00cdndia, a Yati Vandana Tripathi e o Manas Choudhury, respons\u00e1veis pela t\u00e9cnica de som. Ainda na produ\u00e7\u00e3o, contamos com Laura Viana, de Cabrob\u00f3, Adalberto Oliveria, de Recife, \u00c1lvaro Severo de Serra Talhada e Nayane Nayse, de Afogados da Ingazeira.<\/span><\/p>\n<\/div>\n<\/div>\n<div class=\"x11i5rnm xat24cr x1mh8g0r x1vvkbs xtlvy1s x126k92a\">\n<div dir=\"auto\">\n<p><span style=\"font-size: 1.21429rem;\">Ainda de Serra Talhada, Carlos Sett e H\u00edcaro Nogueira s\u00e3o assistentes de dire\u00e7\u00e3o, Dorotea Nogueira est\u00e1 na produ\u00e7\u00e3o, e Menades (Val\u00e9ria Tamires) \u00e9 respons\u00e1vel pela dire\u00e7\u00e3o de arte.<\/span><\/p>\n<\/div>\n<\/div>\n<div class=\"x11i5rnm xat24cr x1mh8g0r x1vvkbs xtlvy1s x126k92a\">\n<div dir=\"auto\">Tem sido uma verdadeira troca cultural entre pessoas de localidades t\u00e3o distintas em v\u00e1rios aspectos. O Cinema no Interior sempre proporciona experi\u00eancias que contribuem para o enriquecimento formativo e da bagagem cultural dos envolvidos, mas tamb\u00e9m contempla por inteiro as regi\u00f5es por onde passa, construindo mais um peda\u00e7o de suas hist\u00f3rias.<\/div>\n<\/div>\n<div class=\"x11i5rnm xat24cr x1mh8g0r x1vvkbs xtlvy1s x126k92a\">\n<div dir=\"auto\">Al\u00e9m de Serra Talhada, as cidades de Bel\u00e9m e Cabrob\u00f3 colocar\u00e3o as m\u00e3os na massa da s\u00e9tima arte.<span style=\"font-size: 1.21429rem;\">A XXIII temporada do projeto Cinema no Interior (Edi\u00e7\u00e3o Especial Caminho das \u00c1guas \u2013 Paje\u00fa Velho Chico) conta com patroc\u00ednio da Lei Paulo Gustavo do estado de Pernambuco e da SAV (Secretaria do Audiovisual) \u2013 Minist\u00e9rio da Cultura e com a parceria do KAUTIK INTERNATIONAL FILM FESTIVAL (\u00cdndia); DOON FILM SCHOOL (\u00cdndia) e DOUZE FILM<\/span><\/p>\n<\/div>\n<\/div>\n","protected":false},"excerpt":{"rendered":"<p>O projeto Cinema no Interior (CI) tem feito hist\u00f3ria em Pernambuco, e Serra Talhada \u00e9 uma das cidades contempladas pelos trabalhos realizados na \u00e1rea audiovisual desde 2013. Dessa vez, o CI proporcionou a cria\u00e7\u00e3o de roteiros, que agora parte para as etapas de produ\u00e7\u00e3o e finaliza\u00e7\u00e3o.Dois artistas serra-talhadenses veteranos est\u00e3o tendo os seus filmes produzidos atrav\u00e9s do Coletivo Cinema no Interior: Modesto de Barros, com o filme \u201c1954\u201d, roteiro baseado em suas mem\u00f3rias de inf\u00e2ncia, e Humberto Cellus, com o filme \u201cO Palco\u201d, baseado em experi\u00eancias pr\u00f3prias da sua carreira musical. O Cinema no Interior \u00e9 um projeto idealizado e [&hellip;]<\/p>\n","protected":false},"author":2,"featured_media":21956,"comment_status":"open","ping_status":"open","sticky":false,"template":"","format":"standard","meta":{"_jetpack_memberships_contains_paid_content":false,"footnotes":"","jetpack_publicize_message":"","jetpack_publicize_feature_enabled":true,"jetpack_social_post_already_shared":true,"jetpack_social_options":{"image_generator_settings":{"template":"highway","enabled":false},"version":2}},"categories":[1],"tags":[],"class_list":["post-21955","post","type-post","status-publish","format-standard","has-post-thumbnail","hentry","category-uncategorized"],"jetpack_publicize_connections":[],"yoast_head":"<!-- This site is optimized with the Yoast SEO plugin v24.7 - https:\/\/yoast.com\/wordpress\/plugins\/seo\/ -->\n<title>O Cinema no Interior retorna \u00e0 Serra Talhada promovendo interc\u00e2mbios culturais internacionais - Serra FM 87,9<\/title>\n<meta name=\"robots\" content=\"index, follow, max-snippet:-1, max-image-preview:large, max-video-preview:-1\" \/>\n<link rel=\"canonical\" href=\"https:\/\/serrafm879.com.br\/serrafm\/2025\/04\/o-cinema-no-interior-retorna-a-serra-talhada-promovendo-intercambios-culturais-internacionais\/\" \/>\n<meta property=\"og:locale\" content=\"pt_BR\" \/>\n<meta property=\"og:type\" content=\"article\" \/>\n<meta property=\"og:title\" content=\"O Cinema no Interior retorna \u00e0 Serra Talhada promovendo interc\u00e2mbios culturais internacionais - Serra FM 87,9\" \/>\n<meta property=\"og:description\" content=\"O projeto Cinema no Interior (CI) tem feito hist\u00f3ria em Pernambuco, e Serra Talhada \u00e9 uma das cidades contempladas pelos trabalhos realizados na \u00e1rea audiovisual desde 2013. Dessa vez, o CI proporcionou a cria\u00e7\u00e3o de roteiros, que agora parte para as etapas de produ\u00e7\u00e3o e finaliza\u00e7\u00e3o.Dois artistas serra-talhadenses veteranos est\u00e3o tendo os seus filmes produzidos atrav\u00e9s do Coletivo Cinema no Interior: Modesto de Barros, com o filme \u201c1954\u201d, roteiro baseado em suas mem\u00f3rias de inf\u00e2ncia, e Humberto Cellus, com o filme \u201cO Palco\u201d, baseado em experi\u00eancias pr\u00f3prias da sua carreira musical. O Cinema no Interior \u00e9 um projeto idealizado e [&hellip;]\" \/>\n<meta property=\"og:url\" content=\"https:\/\/serrafm879.com.br\/serrafm\/2025\/04\/o-cinema-no-interior-retorna-a-serra-talhada-promovendo-intercambios-culturais-internacionais\/\" \/>\n<meta property=\"og:site_name\" content=\"Serra FM 87,9\" \/>\n<meta property=\"article:published_time\" content=\"2025-04-11T21:08:08+00:00\" \/>\n<meta property=\"og:image\" content=\"https:\/\/serrafm879.com.br\/serrafm\/wp-content\/uploads\/2025\/04\/490190287_4195986400668186_7716630309737508481_n.jpg\" \/>\n\t<meta property=\"og:image:width\" content=\"1500\" \/>\n\t<meta property=\"og:image:height\" content=\"844\" \/>\n\t<meta property=\"og:image:type\" content=\"image\/jpeg\" \/>\n<meta name=\"author\" content=\"serrafm87\" \/>\n<meta name=\"twitter:card\" content=\"summary_large_image\" \/>\n<meta name=\"twitter:label1\" content=\"Escrito por\" \/>\n\t<meta name=\"twitter:data1\" content=\"serrafm87\" \/>\n\t<meta name=\"twitter:label2\" content=\"Est. tempo de leitura\" \/>\n\t<meta name=\"twitter:data2\" content=\"3 minutos\" \/>\n<script type=\"application\/ld+json\" class=\"yoast-schema-graph\">{\"@context\":\"https:\/\/schema.org\",\"@graph\":[{\"@type\":\"WebPage\",\"@id\":\"https:\/\/serrafm879.com.br\/serrafm\/2025\/04\/o-cinema-no-interior-retorna-a-serra-talhada-promovendo-intercambios-culturais-internacionais\/\",\"url\":\"https:\/\/serrafm879.com.br\/serrafm\/2025\/04\/o-cinema-no-interior-retorna-a-serra-talhada-promovendo-intercambios-culturais-internacionais\/\",\"name\":\"O Cinema no Interior retorna \u00e0 Serra Talhada promovendo interc\u00e2mbios culturais internacionais - Serra FM 87,9\",\"isPartOf\":{\"@id\":\"https:\/\/serrafm879.com.br\/serrafm\/#website\"},\"primaryImageOfPage\":{\"@id\":\"https:\/\/serrafm879.com.br\/serrafm\/2025\/04\/o-cinema-no-interior-retorna-a-serra-talhada-promovendo-intercambios-culturais-internacionais\/#primaryimage\"},\"image\":{\"@id\":\"https:\/\/serrafm879.com.br\/serrafm\/2025\/04\/o-cinema-no-interior-retorna-a-serra-talhada-promovendo-intercambios-culturais-internacionais\/#primaryimage\"},\"thumbnailUrl\":\"https:\/\/serrafm879.com.br\/serrafm\/wp-content\/uploads\/2025\/04\/490190287_4195986400668186_7716630309737508481_n.jpg\",\"datePublished\":\"2025-04-11T21:08:08+00:00\",\"author\":{\"@id\":\"https:\/\/serrafm879.com.br\/serrafm\/#\/schema\/person\/c028a197030ff8b1c03c68dfba4a787a\"},\"breadcrumb\":{\"@id\":\"https:\/\/serrafm879.com.br\/serrafm\/2025\/04\/o-cinema-no-interior-retorna-a-serra-talhada-promovendo-intercambios-culturais-internacionais\/#breadcrumb\"},\"inLanguage\":\"pt-BR\",\"potentialAction\":[{\"@type\":\"ReadAction\",\"target\":[\"https:\/\/serrafm879.com.br\/serrafm\/2025\/04\/o-cinema-no-interior-retorna-a-serra-talhada-promovendo-intercambios-culturais-internacionais\/\"]}]},{\"@type\":\"ImageObject\",\"inLanguage\":\"pt-BR\",\"@id\":\"https:\/\/serrafm879.com.br\/serrafm\/2025\/04\/o-cinema-no-interior-retorna-a-serra-talhada-promovendo-intercambios-culturais-internacionais\/#primaryimage\",\"url\":\"https:\/\/serrafm879.com.br\/serrafm\/wp-content\/uploads\/2025\/04\/490190287_4195986400668186_7716630309737508481_n.jpg\",\"contentUrl\":\"https:\/\/serrafm879.com.br\/serrafm\/wp-content\/uploads\/2025\/04\/490190287_4195986400668186_7716630309737508481_n.jpg\",\"width\":1500,\"height\":844},{\"@type\":\"BreadcrumbList\",\"@id\":\"https:\/\/serrafm879.com.br\/serrafm\/2025\/04\/o-cinema-no-interior-retorna-a-serra-talhada-promovendo-intercambios-culturais-internacionais\/#breadcrumb\",\"itemListElement\":[{\"@type\":\"ListItem\",\"position\":1,\"name\":\"In\u00edcio\",\"item\":\"https:\/\/serrafm879.com.br\/serrafm\/\"},{\"@type\":\"ListItem\",\"position\":2,\"name\":\"O Cinema no Interior retorna \u00e0 Serra Talhada promovendo interc\u00e2mbios culturais internacionais\"}]},{\"@type\":\"WebSite\",\"@id\":\"https:\/\/serrafm879.com.br\/serrafm\/#website\",\"url\":\"https:\/\/serrafm879.com.br\/serrafm\/\",\"name\":\"Serra FM 87,9\",\"description\":\"O seu novo amor!\",\"potentialAction\":[{\"@type\":\"SearchAction\",\"target\":{\"@type\":\"EntryPoint\",\"urlTemplate\":\"https:\/\/serrafm879.com.br\/serrafm\/?s={search_term_string}\"},\"query-input\":{\"@type\":\"PropertyValueSpecification\",\"valueRequired\":true,\"valueName\":\"search_term_string\"}}],\"inLanguage\":\"pt-BR\"},{\"@type\":\"Person\",\"@id\":\"https:\/\/serrafm879.com.br\/serrafm\/#\/schema\/person\/c028a197030ff8b1c03c68dfba4a787a\",\"name\":\"serrafm87\",\"image\":{\"@type\":\"ImageObject\",\"inLanguage\":\"pt-BR\",\"@id\":\"https:\/\/serrafm879.com.br\/serrafm\/#\/schema\/person\/image\/\",\"url\":\"https:\/\/secure.gravatar.com\/avatar\/a743233f1112d34f48bb3dc9559b76eb930bab8b27175856cba6362608736235?s=96&d=mm&r=g\",\"contentUrl\":\"https:\/\/secure.gravatar.com\/avatar\/a743233f1112d34f48bb3dc9559b76eb930bab8b27175856cba6362608736235?s=96&d=mm&r=g\",\"caption\":\"serrafm87\"},\"sameAs\":[\"http:\/\/serrafm879.com.br\/\"],\"url\":\"https:\/\/serrafm879.com.br\/serrafm\/author\/serrafm87\/\"}]}<\/script>\n<!-- \/ Yoast SEO plugin. -->","yoast_head_json":{"title":"O Cinema no Interior retorna \u00e0 Serra Talhada promovendo interc\u00e2mbios culturais internacionais - Serra FM 87,9","robots":{"index":"index","follow":"follow","max-snippet":"max-snippet:-1","max-image-preview":"max-image-preview:large","max-video-preview":"max-video-preview:-1"},"canonical":"https:\/\/serrafm879.com.br\/serrafm\/2025\/04\/o-cinema-no-interior-retorna-a-serra-talhada-promovendo-intercambios-culturais-internacionais\/","og_locale":"pt_BR","og_type":"article","og_title":"O Cinema no Interior retorna \u00e0 Serra Talhada promovendo interc\u00e2mbios culturais internacionais - Serra FM 87,9","og_description":"O projeto Cinema no Interior (CI) tem feito hist\u00f3ria em Pernambuco, e Serra Talhada \u00e9 uma das cidades contempladas pelos trabalhos realizados na \u00e1rea audiovisual desde 2013. Dessa vez, o CI proporcionou a cria\u00e7\u00e3o de roteiros, que agora parte para as etapas de produ\u00e7\u00e3o e finaliza\u00e7\u00e3o.Dois artistas serra-talhadenses veteranos est\u00e3o tendo os seus filmes produzidos atrav\u00e9s do Coletivo Cinema no Interior: Modesto de Barros, com o filme \u201c1954\u201d, roteiro baseado em suas mem\u00f3rias de inf\u00e2ncia, e Humberto Cellus, com o filme \u201cO Palco\u201d, baseado em experi\u00eancias pr\u00f3prias da sua carreira musical. O Cinema no Interior \u00e9 um projeto idealizado e [&hellip;]","og_url":"https:\/\/serrafm879.com.br\/serrafm\/2025\/04\/o-cinema-no-interior-retorna-a-serra-talhada-promovendo-intercambios-culturais-internacionais\/","og_site_name":"Serra FM 87,9","article_published_time":"2025-04-11T21:08:08+00:00","og_image":[{"width":1500,"height":844,"url":"https:\/\/serrafm879.com.br\/serrafm\/wp-content\/uploads\/2025\/04\/490190287_4195986400668186_7716630309737508481_n.jpg","type":"image\/jpeg"}],"author":"serrafm87","twitter_card":"summary_large_image","twitter_misc":{"Escrito por":"serrafm87","Est. tempo de leitura":"3 minutos"},"schema":{"@context":"https:\/\/schema.org","@graph":[{"@type":"WebPage","@id":"https:\/\/serrafm879.com.br\/serrafm\/2025\/04\/o-cinema-no-interior-retorna-a-serra-talhada-promovendo-intercambios-culturais-internacionais\/","url":"https:\/\/serrafm879.com.br\/serrafm\/2025\/04\/o-cinema-no-interior-retorna-a-serra-talhada-promovendo-intercambios-culturais-internacionais\/","name":"O Cinema no Interior retorna \u00e0 Serra Talhada promovendo interc\u00e2mbios culturais internacionais - Serra FM 87,9","isPartOf":{"@id":"https:\/\/serrafm879.com.br\/serrafm\/#website"},"primaryImageOfPage":{"@id":"https:\/\/serrafm879.com.br\/serrafm\/2025\/04\/o-cinema-no-interior-retorna-a-serra-talhada-promovendo-intercambios-culturais-internacionais\/#primaryimage"},"image":{"@id":"https:\/\/serrafm879.com.br\/serrafm\/2025\/04\/o-cinema-no-interior-retorna-a-serra-talhada-promovendo-intercambios-culturais-internacionais\/#primaryimage"},"thumbnailUrl":"https:\/\/serrafm879.com.br\/serrafm\/wp-content\/uploads\/2025\/04\/490190287_4195986400668186_7716630309737508481_n.jpg","datePublished":"2025-04-11T21:08:08+00:00","author":{"@id":"https:\/\/serrafm879.com.br\/serrafm\/#\/schema\/person\/c028a197030ff8b1c03c68dfba4a787a"},"breadcrumb":{"@id":"https:\/\/serrafm879.com.br\/serrafm\/2025\/04\/o-cinema-no-interior-retorna-a-serra-talhada-promovendo-intercambios-culturais-internacionais\/#breadcrumb"},"inLanguage":"pt-BR","potentialAction":[{"@type":"ReadAction","target":["https:\/\/serrafm879.com.br\/serrafm\/2025\/04\/o-cinema-no-interior-retorna-a-serra-talhada-promovendo-intercambios-culturais-internacionais\/"]}]},{"@type":"ImageObject","inLanguage":"pt-BR","@id":"https:\/\/serrafm879.com.br\/serrafm\/2025\/04\/o-cinema-no-interior-retorna-a-serra-talhada-promovendo-intercambios-culturais-internacionais\/#primaryimage","url":"https:\/\/serrafm879.com.br\/serrafm\/wp-content\/uploads\/2025\/04\/490190287_4195986400668186_7716630309737508481_n.jpg","contentUrl":"https:\/\/serrafm879.com.br\/serrafm\/wp-content\/uploads\/2025\/04\/490190287_4195986400668186_7716630309737508481_n.jpg","width":1500,"height":844},{"@type":"BreadcrumbList","@id":"https:\/\/serrafm879.com.br\/serrafm\/2025\/04\/o-cinema-no-interior-retorna-a-serra-talhada-promovendo-intercambios-culturais-internacionais\/#breadcrumb","itemListElement":[{"@type":"ListItem","position":1,"name":"In\u00edcio","item":"https:\/\/serrafm879.com.br\/serrafm\/"},{"@type":"ListItem","position":2,"name":"O Cinema no Interior retorna \u00e0 Serra Talhada promovendo interc\u00e2mbios culturais internacionais"}]},{"@type":"WebSite","@id":"https:\/\/serrafm879.com.br\/serrafm\/#website","url":"https:\/\/serrafm879.com.br\/serrafm\/","name":"Serra FM 87,9","description":"O seu novo amor!","potentialAction":[{"@type":"SearchAction","target":{"@type":"EntryPoint","urlTemplate":"https:\/\/serrafm879.com.br\/serrafm\/?s={search_term_string}"},"query-input":{"@type":"PropertyValueSpecification","valueRequired":true,"valueName":"search_term_string"}}],"inLanguage":"pt-BR"},{"@type":"Person","@id":"https:\/\/serrafm879.com.br\/serrafm\/#\/schema\/person\/c028a197030ff8b1c03c68dfba4a787a","name":"serrafm87","image":{"@type":"ImageObject","inLanguage":"pt-BR","@id":"https:\/\/serrafm879.com.br\/serrafm\/#\/schema\/person\/image\/","url":"https:\/\/secure.gravatar.com\/avatar\/a743233f1112d34f48bb3dc9559b76eb930bab8b27175856cba6362608736235?s=96&d=mm&r=g","contentUrl":"https:\/\/secure.gravatar.com\/avatar\/a743233f1112d34f48bb3dc9559b76eb930bab8b27175856cba6362608736235?s=96&d=mm&r=g","caption":"serrafm87"},"sameAs":["http:\/\/serrafm879.com.br\/"],"url":"https:\/\/serrafm879.com.br\/serrafm\/author\/serrafm87\/"}]}},"jetpack_featured_media_url":"https:\/\/serrafm879.com.br\/serrafm\/wp-content\/uploads\/2025\/04\/490190287_4195986400668186_7716630309737508481_n.jpg","jetpack_shortlink":"https:\/\/wp.me\/p7HyXg-5I7","jetpack_sharing_enabled":true,"_links":{"self":[{"href":"https:\/\/serrafm879.com.br\/serrafm\/wp-json\/wp\/v2\/posts\/21955","targetHints":{"allow":["GET"]}}],"collection":[{"href":"https:\/\/serrafm879.com.br\/serrafm\/wp-json\/wp\/v2\/posts"}],"about":[{"href":"https:\/\/serrafm879.com.br\/serrafm\/wp-json\/wp\/v2\/types\/post"}],"author":[{"embeddable":true,"href":"https:\/\/serrafm879.com.br\/serrafm\/wp-json\/wp\/v2\/users\/2"}],"replies":[{"embeddable":true,"href":"https:\/\/serrafm879.com.br\/serrafm\/wp-json\/wp\/v2\/comments?post=21955"}],"version-history":[{"count":1,"href":"https:\/\/serrafm879.com.br\/serrafm\/wp-json\/wp\/v2\/posts\/21955\/revisions"}],"predecessor-version":[{"id":21957,"href":"https:\/\/serrafm879.com.br\/serrafm\/wp-json\/wp\/v2\/posts\/21955\/revisions\/21957"}],"wp:featuredmedia":[{"embeddable":true,"href":"https:\/\/serrafm879.com.br\/serrafm\/wp-json\/wp\/v2\/media\/21956"}],"wp:attachment":[{"href":"https:\/\/serrafm879.com.br\/serrafm\/wp-json\/wp\/v2\/media?parent=21955"}],"wp:term":[{"taxonomy":"category","embeddable":true,"href":"https:\/\/serrafm879.com.br\/serrafm\/wp-json\/wp\/v2\/categories?post=21955"},{"taxonomy":"post_tag","embeddable":true,"href":"https:\/\/serrafm879.com.br\/serrafm\/wp-json\/wp\/v2\/tags?post=21955"}],"curies":[{"name":"wp","href":"https:\/\/api.w.org\/{rel}","templated":true}]}}