{"id":21962,"date":"2025-04-11T18:36:20","date_gmt":"2025-04-11T21:36:20","guid":{"rendered":"https:\/\/serrafm879.com.br\/serrafm\/?p=21962"},"modified":"2025-04-11T18:36:20","modified_gmt":"2025-04-11T21:36:20","slug":"troca-de-tiros-deixou-2-policiais-feridos-em-serra-talhada","status":"publish","type":"post","link":"https:\/\/serrafm879.com.br\/serrafm\/2025\/04\/troca-de-tiros-deixou-2-policiais-feridos-em-serra-talhada\/","title":{"rendered":"Troca de tiros deixou 2 policiais feridos em Serra Talhada"},"content":{"rendered":"<p>Uma troca de tiros entre a Pol\u00edcia Militar e um suspeito na noite dessa quinta-feira (10) terminou com feridos. Na a\u00e7\u00e3o dois policiais militares foram atingidos.<\/p>\n<p>O PM Geov\u00e1, de 34 anos foi atingido no pesco\u00e7o e transferido para o Hospital Eduardo Campos (HEC) pela equipe do Servi\u00e7o de Atendimento M\u00e9dico de Urg\u00eancia (Samu).<\/p>\n<p>De acordo com o Samu, o policial passou por tomografia e foi constatado que o proj\u00e9til atingiu o osso mart\u00f3ide \u00e0 direita e desceu em diagonal em dire\u00e7\u00e3o a esc\u00e1pula, por onde saiu.<\/p>\n<p>O policial est\u00e1 consciente e orientado, respirando sem aparelhos e apenas reclama de dores no local dos ferimentos.<\/p>\n<h3>SEGUNDA V\u00cdTIMA<\/h3>\n<p>O segundo policial, identificado como o Sargento Lacerda, que participou da troca de tiros, foi atingido de rasp\u00e3o na m\u00e3o. Felizmente n\u00e3o corre risco de morte.<\/p>\n<p>O suspeito foi identificado como\u00a0<strong>Bonif\u00e1cio Tom\u00e9 da Silva Filho<\/strong>, de 28 anos, agricultor serra-talhadense, morador do Assentamento Poldrinho, na zona rural de Serra Talhada.<\/p>\n<p>Ap\u00f3s reagir a chegada da guarni\u00e7\u00e3o da Pol\u00edcia Militar foi atingido com 11 disparos na regi\u00e3o do t\u00f3rax, cervical, bra\u00e7o, m\u00e3os e quadril.<\/p>\n<h3>DETALHES DA A\u00c7\u00c3O POLICIAL<\/h3>\n<p>A Pol\u00edcia Militar declarou a reportagem do<strong>\u00a0Farol de Not\u00edcias<\/strong>\u00a0que deu voz de parada ao suspeito, que desacatou e reagiu com os disparos de arma de fogo contra os agentes presentes na a\u00e7\u00e3o.<\/p>\n<p>O Sargento Lacerda foi atingido na m\u00e3o, e o PM Geov\u00e1 foi atingido no pesco\u00e7o que transfixou de forma lateral.<\/p>\n<p>A PM ainda explicou que\u00a0 Bonif\u00e1cio efetuou disparos na Delegacia de Pol\u00edcia no ato da fuga ap\u00f3s se apropriar da arma do policial civil de plant\u00e3o.<\/p>\n<h3>RELEMBRE O CASO<\/h3>\n<p>Uma troca de tiros entre a Pol\u00edcia Militar e um suspeito de assalto a m\u00e3o armada deixou um morto e um policial foi ferido na noite desta quinta-feira (10), na Rua Luiza Ferraz, no bairro Tancredo Neves, em Serra Talhada.<\/p>\n<p>O caso aconteceu nas proximidades da concession\u00e1ria Fiat. O homem baleado e morto foi apontado como um suspeito de praticar assaltos a m\u00e3o armada no bairro.<\/p>\n","protected":false},"excerpt":{"rendered":"<p>Uma troca de tiros entre a Pol\u00edcia Militar e um suspeito na noite dessa quinta-feira (10) terminou com feridos. Na a\u00e7\u00e3o dois policiais militares foram atingidos. O PM Geov\u00e1, de 34 anos foi atingido no pesco\u00e7o e transferido para o Hospital Eduardo Campos (HEC) pela equipe do Servi\u00e7o de Atendimento M\u00e9dico de Urg\u00eancia (Samu). De acordo com o Samu, o policial passou por tomografia e foi constatado que o proj\u00e9til atingiu o osso mart\u00f3ide \u00e0 direita e desceu em diagonal em dire\u00e7\u00e3o a esc\u00e1pula, por onde saiu. O policial est\u00e1 consciente e orientado, respirando sem aparelhos e apenas reclama de [&hellip;]<\/p>\n","protected":false},"author":2,"featured_media":21963,"comment_status":"open","ping_status":"open","sticky":false,"template":"","format":"standard","meta":{"_jetpack_memberships_contains_paid_content":false,"footnotes":"","jetpack_publicize_message":"","jetpack_publicize_feature_enabled":true,"jetpack_social_post_already_shared":true,"jetpack_social_options":{"image_generator_settings":{"template":"highway","enabled":false},"version":2}},"categories":[1],"tags":[],"class_list":["post-21962","post","type-post","status-publish","format-standard","has-post-thumbnail","hentry","category-uncategorized"],"jetpack_publicize_connections":[],"yoast_head":"<!-- This site is optimized with the Yoast SEO plugin v24.7 - https:\/\/yoast.com\/wordpress\/plugins\/seo\/ -->\n<title>Troca de tiros deixou 2 policiais feridos em Serra Talhada - Serra FM 87,9<\/title>\n<meta name=\"robots\" content=\"index, follow, max-snippet:-1, max-image-preview:large, max-video-preview:-1\" \/>\n<link rel=\"canonical\" href=\"https:\/\/serrafm879.com.br\/serrafm\/2025\/04\/troca-de-tiros-deixou-2-policiais-feridos-em-serra-talhada\/\" \/>\n<meta property=\"og:locale\" content=\"pt_BR\" \/>\n<meta property=\"og:type\" content=\"article\" \/>\n<meta property=\"og:title\" content=\"Troca de tiros deixou 2 policiais feridos em Serra Talhada - Serra FM 87,9\" \/>\n<meta property=\"og:description\" content=\"Uma troca de tiros entre a Pol\u00edcia Militar e um suspeito na noite dessa quinta-feira (10) terminou com feridos. Na a\u00e7\u00e3o dois policiais militares foram atingidos. O PM Geov\u00e1, de 34 anos foi atingido no pesco\u00e7o e transferido para o Hospital Eduardo Campos (HEC) pela equipe do Servi\u00e7o de Atendimento M\u00e9dico de Urg\u00eancia (Samu). De acordo com o Samu, o policial passou por tomografia e foi constatado que o proj\u00e9til atingiu o osso mart\u00f3ide \u00e0 direita e desceu em diagonal em dire\u00e7\u00e3o a esc\u00e1pula, por onde saiu. O policial est\u00e1 consciente e orientado, respirando sem aparelhos e apenas reclama de [&hellip;]\" \/>\n<meta property=\"og:url\" content=\"https:\/\/serrafm879.com.br\/serrafm\/2025\/04\/troca-de-tiros-deixou-2-policiais-feridos-em-serra-talhada\/\" \/>\n<meta property=\"og:site_name\" content=\"Serra FM 87,9\" \/>\n<meta property=\"article:published_time\" content=\"2025-04-11T21:36:20+00:00\" \/>\n<meta property=\"og:image\" content=\"https:\/\/serrafm879.com.br\/serrafm\/wp-content\/uploads\/2025\/04\/IMG-20250410-WA0048-1536x864-1.jpg\" \/>\n\t<meta property=\"og:image:width\" content=\"1536\" \/>\n\t<meta property=\"og:image:height\" content=\"864\" \/>\n\t<meta property=\"og:image:type\" content=\"image\/jpeg\" \/>\n<meta name=\"author\" content=\"serrafm87\" \/>\n<meta name=\"twitter:card\" content=\"summary_large_image\" \/>\n<meta name=\"twitter:label1\" content=\"Escrito por\" \/>\n\t<meta name=\"twitter:data1\" content=\"serrafm87\" \/>\n\t<meta name=\"twitter:label2\" content=\"Est. tempo de leitura\" \/>\n\t<meta name=\"twitter:data2\" content=\"3 minutos\" \/>\n<script type=\"application\/ld+json\" class=\"yoast-schema-graph\">{\"@context\":\"https:\/\/schema.org\",\"@graph\":[{\"@type\":\"WebPage\",\"@id\":\"https:\/\/serrafm879.com.br\/serrafm\/2025\/04\/troca-de-tiros-deixou-2-policiais-feridos-em-serra-talhada\/\",\"url\":\"https:\/\/serrafm879.com.br\/serrafm\/2025\/04\/troca-de-tiros-deixou-2-policiais-feridos-em-serra-talhada\/\",\"name\":\"Troca de tiros deixou 2 policiais feridos em Serra Talhada - Serra FM 87,9\",\"isPartOf\":{\"@id\":\"https:\/\/serrafm879.com.br\/serrafm\/#website\"},\"primaryImageOfPage\":{\"@id\":\"https:\/\/serrafm879.com.br\/serrafm\/2025\/04\/troca-de-tiros-deixou-2-policiais-feridos-em-serra-talhada\/#primaryimage\"},\"image\":{\"@id\":\"https:\/\/serrafm879.com.br\/serrafm\/2025\/04\/troca-de-tiros-deixou-2-policiais-feridos-em-serra-talhada\/#primaryimage\"},\"thumbnailUrl\":\"https:\/\/serrafm879.com.br\/serrafm\/wp-content\/uploads\/2025\/04\/IMG-20250410-WA0048-1536x864-1.jpg\",\"datePublished\":\"2025-04-11T21:36:20+00:00\",\"author\":{\"@id\":\"https:\/\/serrafm879.com.br\/serrafm\/#\/schema\/person\/c028a197030ff8b1c03c68dfba4a787a\"},\"breadcrumb\":{\"@id\":\"https:\/\/serrafm879.com.br\/serrafm\/2025\/04\/troca-de-tiros-deixou-2-policiais-feridos-em-serra-talhada\/#breadcrumb\"},\"inLanguage\":\"pt-BR\",\"potentialAction\":[{\"@type\":\"ReadAction\",\"target\":[\"https:\/\/serrafm879.com.br\/serrafm\/2025\/04\/troca-de-tiros-deixou-2-policiais-feridos-em-serra-talhada\/\"]}]},{\"@type\":\"ImageObject\",\"inLanguage\":\"pt-BR\",\"@id\":\"https:\/\/serrafm879.com.br\/serrafm\/2025\/04\/troca-de-tiros-deixou-2-policiais-feridos-em-serra-talhada\/#primaryimage\",\"url\":\"https:\/\/serrafm879.com.br\/serrafm\/wp-content\/uploads\/2025\/04\/IMG-20250410-WA0048-1536x864-1.jpg\",\"contentUrl\":\"https:\/\/serrafm879.com.br\/serrafm\/wp-content\/uploads\/2025\/04\/IMG-20250410-WA0048-1536x864-1.jpg\",\"width\":1536,\"height\":864},{\"@type\":\"BreadcrumbList\",\"@id\":\"https:\/\/serrafm879.com.br\/serrafm\/2025\/04\/troca-de-tiros-deixou-2-policiais-feridos-em-serra-talhada\/#breadcrumb\",\"itemListElement\":[{\"@type\":\"ListItem\",\"position\":1,\"name\":\"In\u00edcio\",\"item\":\"https:\/\/serrafm879.com.br\/serrafm\/\"},{\"@type\":\"ListItem\",\"position\":2,\"name\":\"Troca de tiros deixou 2 policiais feridos em Serra Talhada\"}]},{\"@type\":\"WebSite\",\"@id\":\"https:\/\/serrafm879.com.br\/serrafm\/#website\",\"url\":\"https:\/\/serrafm879.com.br\/serrafm\/\",\"name\":\"Serra FM 87,9\",\"description\":\"O seu novo amor!\",\"potentialAction\":[{\"@type\":\"SearchAction\",\"target\":{\"@type\":\"EntryPoint\",\"urlTemplate\":\"https:\/\/serrafm879.com.br\/serrafm\/?s={search_term_string}\"},\"query-input\":{\"@type\":\"PropertyValueSpecification\",\"valueRequired\":true,\"valueName\":\"search_term_string\"}}],\"inLanguage\":\"pt-BR\"},{\"@type\":\"Person\",\"@id\":\"https:\/\/serrafm879.com.br\/serrafm\/#\/schema\/person\/c028a197030ff8b1c03c68dfba4a787a\",\"name\":\"serrafm87\",\"image\":{\"@type\":\"ImageObject\",\"inLanguage\":\"pt-BR\",\"@id\":\"https:\/\/serrafm879.com.br\/serrafm\/#\/schema\/person\/image\/\",\"url\":\"https:\/\/secure.gravatar.com\/avatar\/a743233f1112d34f48bb3dc9559b76eb930bab8b27175856cba6362608736235?s=96&d=mm&r=g\",\"contentUrl\":\"https:\/\/secure.gravatar.com\/avatar\/a743233f1112d34f48bb3dc9559b76eb930bab8b27175856cba6362608736235?s=96&d=mm&r=g\",\"caption\":\"serrafm87\"},\"sameAs\":[\"http:\/\/serrafm879.com.br\/\"],\"url\":\"https:\/\/serrafm879.com.br\/serrafm\/author\/serrafm87\/\"}]}<\/script>\n<!-- \/ Yoast SEO plugin. -->","yoast_head_json":{"title":"Troca de tiros deixou 2 policiais feridos em Serra Talhada - Serra FM 87,9","robots":{"index":"index","follow":"follow","max-snippet":"max-snippet:-1","max-image-preview":"max-image-preview:large","max-video-preview":"max-video-preview:-1"},"canonical":"https:\/\/serrafm879.com.br\/serrafm\/2025\/04\/troca-de-tiros-deixou-2-policiais-feridos-em-serra-talhada\/","og_locale":"pt_BR","og_type":"article","og_title":"Troca de tiros deixou 2 policiais feridos em Serra Talhada - Serra FM 87,9","og_description":"Uma troca de tiros entre a Pol\u00edcia Militar e um suspeito na noite dessa quinta-feira (10) terminou com feridos. Na a\u00e7\u00e3o dois policiais militares foram atingidos. O PM Geov\u00e1, de 34 anos foi atingido no pesco\u00e7o e transferido para o Hospital Eduardo Campos (HEC) pela equipe do Servi\u00e7o de Atendimento M\u00e9dico de Urg\u00eancia (Samu). De acordo com o Samu, o policial passou por tomografia e foi constatado que o proj\u00e9til atingiu o osso mart\u00f3ide \u00e0 direita e desceu em diagonal em dire\u00e7\u00e3o a esc\u00e1pula, por onde saiu. O policial est\u00e1 consciente e orientado, respirando sem aparelhos e apenas reclama de [&hellip;]","og_url":"https:\/\/serrafm879.com.br\/serrafm\/2025\/04\/troca-de-tiros-deixou-2-policiais-feridos-em-serra-talhada\/","og_site_name":"Serra FM 87,9","article_published_time":"2025-04-11T21:36:20+00:00","og_image":[{"width":1536,"height":864,"url":"https:\/\/serrafm879.com.br\/serrafm\/wp-content\/uploads\/2025\/04\/IMG-20250410-WA0048-1536x864-1.jpg","type":"image\/jpeg"}],"author":"serrafm87","twitter_card":"summary_large_image","twitter_misc":{"Escrito por":"serrafm87","Est. tempo de leitura":"3 minutos"},"schema":{"@context":"https:\/\/schema.org","@graph":[{"@type":"WebPage","@id":"https:\/\/serrafm879.com.br\/serrafm\/2025\/04\/troca-de-tiros-deixou-2-policiais-feridos-em-serra-talhada\/","url":"https:\/\/serrafm879.com.br\/serrafm\/2025\/04\/troca-de-tiros-deixou-2-policiais-feridos-em-serra-talhada\/","name":"Troca de tiros deixou 2 policiais feridos em Serra Talhada - Serra FM 87,9","isPartOf":{"@id":"https:\/\/serrafm879.com.br\/serrafm\/#website"},"primaryImageOfPage":{"@id":"https:\/\/serrafm879.com.br\/serrafm\/2025\/04\/troca-de-tiros-deixou-2-policiais-feridos-em-serra-talhada\/#primaryimage"},"image":{"@id":"https:\/\/serrafm879.com.br\/serrafm\/2025\/04\/troca-de-tiros-deixou-2-policiais-feridos-em-serra-talhada\/#primaryimage"},"thumbnailUrl":"https:\/\/serrafm879.com.br\/serrafm\/wp-content\/uploads\/2025\/04\/IMG-20250410-WA0048-1536x864-1.jpg","datePublished":"2025-04-11T21:36:20+00:00","author":{"@id":"https:\/\/serrafm879.com.br\/serrafm\/#\/schema\/person\/c028a197030ff8b1c03c68dfba4a787a"},"breadcrumb":{"@id":"https:\/\/serrafm879.com.br\/serrafm\/2025\/04\/troca-de-tiros-deixou-2-policiais-feridos-em-serra-talhada\/#breadcrumb"},"inLanguage":"pt-BR","potentialAction":[{"@type":"ReadAction","target":["https:\/\/serrafm879.com.br\/serrafm\/2025\/04\/troca-de-tiros-deixou-2-policiais-feridos-em-serra-talhada\/"]}]},{"@type":"ImageObject","inLanguage":"pt-BR","@id":"https:\/\/serrafm879.com.br\/serrafm\/2025\/04\/troca-de-tiros-deixou-2-policiais-feridos-em-serra-talhada\/#primaryimage","url":"https:\/\/serrafm879.com.br\/serrafm\/wp-content\/uploads\/2025\/04\/IMG-20250410-WA0048-1536x864-1.jpg","contentUrl":"https:\/\/serrafm879.com.br\/serrafm\/wp-content\/uploads\/2025\/04\/IMG-20250410-WA0048-1536x864-1.jpg","width":1536,"height":864},{"@type":"BreadcrumbList","@id":"https:\/\/serrafm879.com.br\/serrafm\/2025\/04\/troca-de-tiros-deixou-2-policiais-feridos-em-serra-talhada\/#breadcrumb","itemListElement":[{"@type":"ListItem","position":1,"name":"In\u00edcio","item":"https:\/\/serrafm879.com.br\/serrafm\/"},{"@type":"ListItem","position":2,"name":"Troca de tiros deixou 2 policiais feridos em Serra Talhada"}]},{"@type":"WebSite","@id":"https:\/\/serrafm879.com.br\/serrafm\/#website","url":"https:\/\/serrafm879.com.br\/serrafm\/","name":"Serra FM 87,9","description":"O seu novo amor!","potentialAction":[{"@type":"SearchAction","target":{"@type":"EntryPoint","urlTemplate":"https:\/\/serrafm879.com.br\/serrafm\/?s={search_term_string}"},"query-input":{"@type":"PropertyValueSpecification","valueRequired":true,"valueName":"search_term_string"}}],"inLanguage":"pt-BR"},{"@type":"Person","@id":"https:\/\/serrafm879.com.br\/serrafm\/#\/schema\/person\/c028a197030ff8b1c03c68dfba4a787a","name":"serrafm87","image":{"@type":"ImageObject","inLanguage":"pt-BR","@id":"https:\/\/serrafm879.com.br\/serrafm\/#\/schema\/person\/image\/","url":"https:\/\/secure.gravatar.com\/avatar\/a743233f1112d34f48bb3dc9559b76eb930bab8b27175856cba6362608736235?s=96&d=mm&r=g","contentUrl":"https:\/\/secure.gravatar.com\/avatar\/a743233f1112d34f48bb3dc9559b76eb930bab8b27175856cba6362608736235?s=96&d=mm&r=g","caption":"serrafm87"},"sameAs":["http:\/\/serrafm879.com.br\/"],"url":"https:\/\/serrafm879.com.br\/serrafm\/author\/serrafm87\/"}]}},"jetpack_featured_media_url":"https:\/\/serrafm879.com.br\/serrafm\/wp-content\/uploads\/2025\/04\/IMG-20250410-WA0048-1536x864-1.jpg","jetpack_shortlink":"https:\/\/wp.me\/p7HyXg-5Ie","jetpack_sharing_enabled":true,"_links":{"self":[{"href":"https:\/\/serrafm879.com.br\/serrafm\/wp-json\/wp\/v2\/posts\/21962","targetHints":{"allow":["GET"]}}],"collection":[{"href":"https:\/\/serrafm879.com.br\/serrafm\/wp-json\/wp\/v2\/posts"}],"about":[{"href":"https:\/\/serrafm879.com.br\/serrafm\/wp-json\/wp\/v2\/types\/post"}],"author":[{"embeddable":true,"href":"https:\/\/serrafm879.com.br\/serrafm\/wp-json\/wp\/v2\/users\/2"}],"replies":[{"embeddable":true,"href":"https:\/\/serrafm879.com.br\/serrafm\/wp-json\/wp\/v2\/comments?post=21962"}],"version-history":[{"count":1,"href":"https:\/\/serrafm879.com.br\/serrafm\/wp-json\/wp\/v2\/posts\/21962\/revisions"}],"predecessor-version":[{"id":21964,"href":"https:\/\/serrafm879.com.br\/serrafm\/wp-json\/wp\/v2\/posts\/21962\/revisions\/21964"}],"wp:featuredmedia":[{"embeddable":true,"href":"https:\/\/serrafm879.com.br\/serrafm\/wp-json\/wp\/v2\/media\/21963"}],"wp:attachment":[{"href":"https:\/\/serrafm879.com.br\/serrafm\/wp-json\/wp\/v2\/media?parent=21962"}],"wp:term":[{"taxonomy":"category","embeddable":true,"href":"https:\/\/serrafm879.com.br\/serrafm\/wp-json\/wp\/v2\/categories?post=21962"},{"taxonomy":"post_tag","embeddable":true,"href":"https:\/\/serrafm879.com.br\/serrafm\/wp-json\/wp\/v2\/tags?post=21962"}],"curies":[{"name":"wp","href":"https:\/\/api.w.org\/{rel}","templated":true}]}}