{"id":21965,"date":"2025-04-11T18:49:41","date_gmt":"2025-04-11T21:49:41","guid":{"rendered":"https:\/\/serrafm879.com.br\/serrafm\/?p=21965"},"modified":"2025-04-11T18:51:57","modified_gmt":"2025-04-11T21:51:57","slug":"carnaiba-moradores-denunciam-escuridao-mato-alto-e-expoem-o-abandono-do-cemiterio-sao-goncalo-na-ita","status":"publish","type":"post","link":"https:\/\/serrafm879.com.br\/serrafm\/2025\/04\/carnaiba-moradores-denunciam-escuridao-mato-alto-e-expoem-o-abandono-do-cemiterio-sao-goncalo-na-ita\/","title":{"rendered":"Carna\u00edba: Moradores denunciam escurid\u00e3o, mato alto e exp\u00f5em o abandono do Cemit\u00e9rio S\u00e3o Gon\u00e7alo, na It\u00e3"},"content":{"rendered":"<p class=\"\" data-start=\"503\" data-end=\"828\">Revoltados com a situa\u00e7\u00e3o em que se encontra o Cemit\u00e9rio P\u00fablico S\u00e3o Gon\u00e7alo, do Povoado da It\u00e3, no munic\u00edpio de Carna\u00edba, moradores denunciaram ao Rep\u00f3rter Cau\u00ea Rodrigues do programa \u201c<strong>A Hora das Broncas\u201d<\/strong>\u00a0da R\u00e1dio Afogados FM, o total descaso com o referido cemit\u00e9rio.<\/p>\n<p>um espa\u00e7o que, por sua natureza, deveria receber o m\u00ednimo de respeito e zelo por parte do poder p\u00fablico. O que se v\u00ea, no entanto, \u00e9 um cen\u00e1rio de total abandono, descaso e neglig\u00eancia.<\/p>\n<p class=\"\" data-start=\"830\" data-end=\"1311\">Segundo os moradores da It\u00e3, o cemit\u00e9rio est\u00e1 tomado pelo mato alto, dificultando o acesso aos t\u00famulos e tornando o ambiente insalubre como mostram as imagens registradas pelo Blog do Cau\u00ea Rodrigues.<\/p>\n<p>Animais pe\u00e7onhentos tamb\u00e9m circulam no interior do espa\u00e7o, al\u00e9m da presen\u00e7a exagerada de maribondos, o que evidencia a aus\u00eancia de qualquer tipo de vigil\u00e2ncia ou manuten\u00e7\u00e3o por parte da\u00a0<b>Prefeitura<\/b>. Essa situa\u00e7\u00e3o fere n\u00e3o apenas a dignidade dos que ali est\u00e3o sepultados, mas tamb\u00e9m causa revolta e tristeza nos familiares que frequentam o local para prestar homenagens aos seus entes queridos.<\/p>\n<p class=\"\" data-start=\"1313\" data-end=\"1711\">Outro ponto de grande preocupa\u00e7\u00e3o relatado pelos moradores \u00e9 a completa falta de ilumina\u00e7\u00e3o p\u00fablica e de \u00e1gua no local. Com o anoitecer, o cemit\u00e9rio mergulha na escurid\u00e3o, tornando-se um lugar perigoso e impr\u00f3prio para visitas ap\u00f3s o fim da tarde. A aus\u00eancia de luz facilita ainda mais a presen\u00e7a de animais e at\u00e9 mesmo de pessoas mal-intencionadas, colocando em risco a seguran\u00e7a da popula\u00e7\u00e3o que vive nos arredores.<\/p>\n<p class=\"\" data-start=\"1713\" data-end=\"1991\"><b><i>\u201cA situa\u00e7\u00e3o \u00e9 absurda. N\u00e3o \u00e9 de hoje que o cemit\u00e9rio est\u00e1 assim, mas a cada dia que passa, fica pior. O mato toma conta, ningu\u00e9m consegue nem chegar direito nos t\u00famulos. \u00c9 um desrespeito com os mortos e com os vivos tamb\u00e9m\u201d<\/i><\/b>, desabafa uma moradora que prefere n\u00e3o se identificar com medo de repres\u00e1lias.<\/p>\n<p>Ela alega ainda a falta de \u00e1gua no local. Por mais que n\u00e3o tenha \u00e1gua canalizada, deveria ter uma cisterna abastecida pela prefeitura para que as fam\u00edlias possam limpar e lavar os t\u00famulos dos ente queridos.<\/p>\n<p class=\"\" data-start=\"1993\" data-end=\"2280\">Os apelos por provid\u00eancias v\u00eam sendo feitos de forma constante, mas, at\u00e9 o momento, nenhuma a\u00e7\u00e3o efetiva foi tomada pela gest\u00e3o municipal. O sil\u00eancio da\u00a0<b>Prefeitura<\/b>\u00a0diante das reclama\u00e7\u00f5es revela uma alarmante falta de compromisso com a comunidade e com a mem\u00f3ria daqueles que j\u00e1 partiram.<\/p>\n<p class=\"\" data-start=\"2282\" data-end=\"2614\">Moradores cobram medidas urgentes como a limpeza do local, a instala\u00e7\u00e3o de ilumina\u00e7\u00e3o p\u00fablica e a presen\u00e7a de vigil\u00e2ncia para evitar a entrada de animais. A omiss\u00e3o do poder p\u00fablico diante de um problema t\u00e3o vis\u00edvel e recorrente \u00e9 inaceit\u00e1vel, sobretudo em um espa\u00e7o que representa a hist\u00f3ria e a dor de muitas fam\u00edlias valencianas.<\/p>\n<p class=\"\" data-start=\"2616\" data-end=\"2823\">Enquanto a\u00a0<b>Prefeitura<\/b>\u00a0n\u00e3o se posiciona e continua a ignorar as demandas da popula\u00e7\u00e3o, o\u00a0<b>Cemit\u00e9rio S\u00e3o Gon\u00e7alo<\/b>\u00a0permanece em condi\u00e7\u00f5es deplor\u00e1veis, refletindo o estado de abandono ao qual vem sendo submetido.<\/p>\n<p class=\"\" data-start=\"2825\" data-end=\"3178\">\u00c9 imprescind\u00edvel que o\u00a0<b>Executivo Municipal\u00a0<\/b>assuma sua responsabilidade e atue com urg\u00eancia para devolver ao local o m\u00ednimo de dignidade e respeito que ele merece. A popula\u00e7\u00e3o do Povoado da It\u00e3\u00a0segue em alerta e n\u00e3o pretende silenciar diante do abandono. A mem\u00f3ria dos que ali descansam e o direito dos vivos \u00e0 seguran\u00e7a e ao respeito exigem a\u00e7\u00e3o imediata.<\/p>\n","protected":false},"excerpt":{"rendered":"<p>Revoltados com a situa\u00e7\u00e3o em que se encontra o Cemit\u00e9rio P\u00fablico S\u00e3o Gon\u00e7alo, do Povoado da It\u00e3, no munic\u00edpio de Carna\u00edba, moradores denunciaram ao Rep\u00f3rter Cau\u00ea Rodrigues do programa \u201cA Hora das Broncas\u201d\u00a0da R\u00e1dio Afogados FM, o total descaso com o referido cemit\u00e9rio. um espa\u00e7o que, por sua natureza, deveria receber o m\u00ednimo de respeito e zelo por parte do poder p\u00fablico. O que se v\u00ea, no entanto, \u00e9 um cen\u00e1rio de total abandono, descaso e neglig\u00eancia. Segundo os moradores da It\u00e3, o cemit\u00e9rio est\u00e1 tomado pelo mato alto, dificultando o acesso aos t\u00famulos e tornando o ambiente insalubre como [&hellip;]<\/p>\n","protected":false},"author":2,"featured_media":21966,"comment_status":"open","ping_status":"open","sticky":false,"template":"","format":"standard","meta":{"_jetpack_memberships_contains_paid_content":false,"footnotes":"","jetpack_publicize_message":"","jetpack_publicize_feature_enabled":true,"jetpack_social_post_already_shared":true,"jetpack_social_options":{"image_generator_settings":{"template":"highway","enabled":false},"version":2}},"categories":[1],"tags":[],"class_list":["post-21965","post","type-post","status-publish","format-standard","has-post-thumbnail","hentry","category-uncategorized"],"jetpack_publicize_connections":[],"yoast_head":"<!-- This site is optimized with the Yoast SEO plugin v24.7 - https:\/\/yoast.com\/wordpress\/plugins\/seo\/ -->\n<title>Carna\u00edba: Moradores denunciam escurid\u00e3o, mato alto e exp\u00f5em o abandono do Cemit\u00e9rio S\u00e3o Gon\u00e7alo, na It\u00e3 - Serra FM 87,9<\/title>\n<meta name=\"robots\" content=\"index, follow, max-snippet:-1, max-image-preview:large, max-video-preview:-1\" \/>\n<link rel=\"canonical\" href=\"https:\/\/serrafm879.com.br\/serrafm\/2025\/04\/carnaiba-moradores-denunciam-escuridao-mato-alto-e-expoem-o-abandono-do-cemiterio-sao-goncalo-na-ita\/\" \/>\n<meta property=\"og:locale\" content=\"pt_BR\" \/>\n<meta property=\"og:type\" content=\"article\" \/>\n<meta property=\"og:title\" content=\"Carna\u00edba: Moradores denunciam escurid\u00e3o, mato alto e exp\u00f5em o abandono do Cemit\u00e9rio S\u00e3o Gon\u00e7alo, na It\u00e3 - Serra FM 87,9\" \/>\n<meta property=\"og:description\" content=\"Revoltados com a situa\u00e7\u00e3o em que se encontra o Cemit\u00e9rio P\u00fablico S\u00e3o Gon\u00e7alo, do Povoado da It\u00e3, no munic\u00edpio de Carna\u00edba, moradores denunciaram ao Rep\u00f3rter Cau\u00ea Rodrigues do programa \u201cA Hora das Broncas\u201d\u00a0da R\u00e1dio Afogados FM, o total descaso com o referido cemit\u00e9rio. um espa\u00e7o que, por sua natureza, deveria receber o m\u00ednimo de respeito e zelo por parte do poder p\u00fablico. O que se v\u00ea, no entanto, \u00e9 um cen\u00e1rio de total abandono, descaso e neglig\u00eancia. Segundo os moradores da It\u00e3, o cemit\u00e9rio est\u00e1 tomado pelo mato alto, dificultando o acesso aos t\u00famulos e tornando o ambiente insalubre como [&hellip;]\" \/>\n<meta property=\"og:url\" content=\"https:\/\/serrafm879.com.br\/serrafm\/2025\/04\/carnaiba-moradores-denunciam-escuridao-mato-alto-e-expoem-o-abandono-do-cemiterio-sao-goncalo-na-ita\/\" \/>\n<meta property=\"og:site_name\" content=\"Serra FM 87,9\" \/>\n<meta property=\"article:published_time\" content=\"2025-04-11T21:49:41+00:00\" \/>\n<meta property=\"article:modified_time\" content=\"2025-04-11T21:51:57+00:00\" \/>\n<meta property=\"og:image\" content=\"https:\/\/serrafm879.com.br\/serrafm\/wp-content\/uploads\/2025\/04\/cemiterio-da-ita-em-carnaiba-cemiterio-sao-goncalo-5-1536x1152-1.jpg\" \/>\n\t<meta property=\"og:image:width\" content=\"1536\" \/>\n\t<meta property=\"og:image:height\" content=\"1152\" \/>\n\t<meta property=\"og:image:type\" content=\"image\/jpeg\" \/>\n<meta name=\"author\" content=\"serrafm87\" \/>\n<meta name=\"twitter:card\" content=\"summary_large_image\" \/>\n<meta name=\"twitter:label1\" content=\"Escrito por\" \/>\n\t<meta name=\"twitter:data1\" content=\"serrafm87\" \/>\n\t<meta name=\"twitter:label2\" content=\"Est. tempo de leitura\" \/>\n\t<meta name=\"twitter:data2\" content=\"4 minutos\" \/>\n<script type=\"application\/ld+json\" class=\"yoast-schema-graph\">{\"@context\":\"https:\/\/schema.org\",\"@graph\":[{\"@type\":\"WebPage\",\"@id\":\"https:\/\/serrafm879.com.br\/serrafm\/2025\/04\/carnaiba-moradores-denunciam-escuridao-mato-alto-e-expoem-o-abandono-do-cemiterio-sao-goncalo-na-ita\/\",\"url\":\"https:\/\/serrafm879.com.br\/serrafm\/2025\/04\/carnaiba-moradores-denunciam-escuridao-mato-alto-e-expoem-o-abandono-do-cemiterio-sao-goncalo-na-ita\/\",\"name\":\"Carna\u00edba: Moradores denunciam escurid\u00e3o, mato alto e exp\u00f5em o abandono do Cemit\u00e9rio S\u00e3o Gon\u00e7alo, na It\u00e3 - Serra FM 87,9\",\"isPartOf\":{\"@id\":\"https:\/\/serrafm879.com.br\/serrafm\/#website\"},\"primaryImageOfPage\":{\"@id\":\"https:\/\/serrafm879.com.br\/serrafm\/2025\/04\/carnaiba-moradores-denunciam-escuridao-mato-alto-e-expoem-o-abandono-do-cemiterio-sao-goncalo-na-ita\/#primaryimage\"},\"image\":{\"@id\":\"https:\/\/serrafm879.com.br\/serrafm\/2025\/04\/carnaiba-moradores-denunciam-escuridao-mato-alto-e-expoem-o-abandono-do-cemiterio-sao-goncalo-na-ita\/#primaryimage\"},\"thumbnailUrl\":\"https:\/\/serrafm879.com.br\/serrafm\/wp-content\/uploads\/2025\/04\/cemiterio-da-ita-em-carnaiba-cemiterio-sao-goncalo-5-1536x1152-1.jpg\",\"datePublished\":\"2025-04-11T21:49:41+00:00\",\"dateModified\":\"2025-04-11T21:51:57+00:00\",\"author\":{\"@id\":\"https:\/\/serrafm879.com.br\/serrafm\/#\/schema\/person\/c028a197030ff8b1c03c68dfba4a787a\"},\"breadcrumb\":{\"@id\":\"https:\/\/serrafm879.com.br\/serrafm\/2025\/04\/carnaiba-moradores-denunciam-escuridao-mato-alto-e-expoem-o-abandono-do-cemiterio-sao-goncalo-na-ita\/#breadcrumb\"},\"inLanguage\":\"pt-BR\",\"potentialAction\":[{\"@type\":\"ReadAction\",\"target\":[\"https:\/\/serrafm879.com.br\/serrafm\/2025\/04\/carnaiba-moradores-denunciam-escuridao-mato-alto-e-expoem-o-abandono-do-cemiterio-sao-goncalo-na-ita\/\"]}]},{\"@type\":\"ImageObject\",\"inLanguage\":\"pt-BR\",\"@id\":\"https:\/\/serrafm879.com.br\/serrafm\/2025\/04\/carnaiba-moradores-denunciam-escuridao-mato-alto-e-expoem-o-abandono-do-cemiterio-sao-goncalo-na-ita\/#primaryimage\",\"url\":\"https:\/\/serrafm879.com.br\/serrafm\/wp-content\/uploads\/2025\/04\/cemiterio-da-ita-em-carnaiba-cemiterio-sao-goncalo-5-1536x1152-1.jpg\",\"contentUrl\":\"https:\/\/serrafm879.com.br\/serrafm\/wp-content\/uploads\/2025\/04\/cemiterio-da-ita-em-carnaiba-cemiterio-sao-goncalo-5-1536x1152-1.jpg\",\"width\":1536,\"height\":1152},{\"@type\":\"BreadcrumbList\",\"@id\":\"https:\/\/serrafm879.com.br\/serrafm\/2025\/04\/carnaiba-moradores-denunciam-escuridao-mato-alto-e-expoem-o-abandono-do-cemiterio-sao-goncalo-na-ita\/#breadcrumb\",\"itemListElement\":[{\"@type\":\"ListItem\",\"position\":1,\"name\":\"In\u00edcio\",\"item\":\"https:\/\/serrafm879.com.br\/serrafm\/\"},{\"@type\":\"ListItem\",\"position\":2,\"name\":\"Carna\u00edba: Moradores denunciam escurid\u00e3o, mato alto e exp\u00f5em o abandono do Cemit\u00e9rio S\u00e3o Gon\u00e7alo, na It\u00e3\"}]},{\"@type\":\"WebSite\",\"@id\":\"https:\/\/serrafm879.com.br\/serrafm\/#website\",\"url\":\"https:\/\/serrafm879.com.br\/serrafm\/\",\"name\":\"Serra FM 87,9\",\"description\":\"O seu novo amor!\",\"potentialAction\":[{\"@type\":\"SearchAction\",\"target\":{\"@type\":\"EntryPoint\",\"urlTemplate\":\"https:\/\/serrafm879.com.br\/serrafm\/?s={search_term_string}\"},\"query-input\":{\"@type\":\"PropertyValueSpecification\",\"valueRequired\":true,\"valueName\":\"search_term_string\"}}],\"inLanguage\":\"pt-BR\"},{\"@type\":\"Person\",\"@id\":\"https:\/\/serrafm879.com.br\/serrafm\/#\/schema\/person\/c028a197030ff8b1c03c68dfba4a787a\",\"name\":\"serrafm87\",\"image\":{\"@type\":\"ImageObject\",\"inLanguage\":\"pt-BR\",\"@id\":\"https:\/\/serrafm879.com.br\/serrafm\/#\/schema\/person\/image\/\",\"url\":\"https:\/\/secure.gravatar.com\/avatar\/a743233f1112d34f48bb3dc9559b76eb930bab8b27175856cba6362608736235?s=96&d=mm&r=g\",\"contentUrl\":\"https:\/\/secure.gravatar.com\/avatar\/a743233f1112d34f48bb3dc9559b76eb930bab8b27175856cba6362608736235?s=96&d=mm&r=g\",\"caption\":\"serrafm87\"},\"sameAs\":[\"http:\/\/serrafm879.com.br\/\"],\"url\":\"https:\/\/serrafm879.com.br\/serrafm\/author\/serrafm87\/\"}]}<\/script>\n<!-- \/ Yoast SEO plugin. -->","yoast_head_json":{"title":"Carna\u00edba: Moradores denunciam escurid\u00e3o, mato alto e exp\u00f5em o abandono do Cemit\u00e9rio S\u00e3o Gon\u00e7alo, na It\u00e3 - Serra FM 87,9","robots":{"index":"index","follow":"follow","max-snippet":"max-snippet:-1","max-image-preview":"max-image-preview:large","max-video-preview":"max-video-preview:-1"},"canonical":"https:\/\/serrafm879.com.br\/serrafm\/2025\/04\/carnaiba-moradores-denunciam-escuridao-mato-alto-e-expoem-o-abandono-do-cemiterio-sao-goncalo-na-ita\/","og_locale":"pt_BR","og_type":"article","og_title":"Carna\u00edba: Moradores denunciam escurid\u00e3o, mato alto e exp\u00f5em o abandono do Cemit\u00e9rio S\u00e3o Gon\u00e7alo, na It\u00e3 - Serra FM 87,9","og_description":"Revoltados com a situa\u00e7\u00e3o em que se encontra o Cemit\u00e9rio P\u00fablico S\u00e3o Gon\u00e7alo, do Povoado da It\u00e3, no munic\u00edpio de Carna\u00edba, moradores denunciaram ao Rep\u00f3rter Cau\u00ea Rodrigues do programa \u201cA Hora das Broncas\u201d\u00a0da R\u00e1dio Afogados FM, o total descaso com o referido cemit\u00e9rio. um espa\u00e7o que, por sua natureza, deveria receber o m\u00ednimo de respeito e zelo por parte do poder p\u00fablico. O que se v\u00ea, no entanto, \u00e9 um cen\u00e1rio de total abandono, descaso e neglig\u00eancia. Segundo os moradores da It\u00e3, o cemit\u00e9rio est\u00e1 tomado pelo mato alto, dificultando o acesso aos t\u00famulos e tornando o ambiente insalubre como [&hellip;]","og_url":"https:\/\/serrafm879.com.br\/serrafm\/2025\/04\/carnaiba-moradores-denunciam-escuridao-mato-alto-e-expoem-o-abandono-do-cemiterio-sao-goncalo-na-ita\/","og_site_name":"Serra FM 87,9","article_published_time":"2025-04-11T21:49:41+00:00","article_modified_time":"2025-04-11T21:51:57+00:00","og_image":[{"width":1536,"height":1152,"url":"https:\/\/serrafm879.com.br\/serrafm\/wp-content\/uploads\/2025\/04\/cemiterio-da-ita-em-carnaiba-cemiterio-sao-goncalo-5-1536x1152-1.jpg","type":"image\/jpeg"}],"author":"serrafm87","twitter_card":"summary_large_image","twitter_misc":{"Escrito por":"serrafm87","Est. tempo de leitura":"4 minutos"},"schema":{"@context":"https:\/\/schema.org","@graph":[{"@type":"WebPage","@id":"https:\/\/serrafm879.com.br\/serrafm\/2025\/04\/carnaiba-moradores-denunciam-escuridao-mato-alto-e-expoem-o-abandono-do-cemiterio-sao-goncalo-na-ita\/","url":"https:\/\/serrafm879.com.br\/serrafm\/2025\/04\/carnaiba-moradores-denunciam-escuridao-mato-alto-e-expoem-o-abandono-do-cemiterio-sao-goncalo-na-ita\/","name":"Carna\u00edba: Moradores denunciam escurid\u00e3o, mato alto e exp\u00f5em o abandono do Cemit\u00e9rio S\u00e3o Gon\u00e7alo, na It\u00e3 - Serra FM 87,9","isPartOf":{"@id":"https:\/\/serrafm879.com.br\/serrafm\/#website"},"primaryImageOfPage":{"@id":"https:\/\/serrafm879.com.br\/serrafm\/2025\/04\/carnaiba-moradores-denunciam-escuridao-mato-alto-e-expoem-o-abandono-do-cemiterio-sao-goncalo-na-ita\/#primaryimage"},"image":{"@id":"https:\/\/serrafm879.com.br\/serrafm\/2025\/04\/carnaiba-moradores-denunciam-escuridao-mato-alto-e-expoem-o-abandono-do-cemiterio-sao-goncalo-na-ita\/#primaryimage"},"thumbnailUrl":"https:\/\/serrafm879.com.br\/serrafm\/wp-content\/uploads\/2025\/04\/cemiterio-da-ita-em-carnaiba-cemiterio-sao-goncalo-5-1536x1152-1.jpg","datePublished":"2025-04-11T21:49:41+00:00","dateModified":"2025-04-11T21:51:57+00:00","author":{"@id":"https:\/\/serrafm879.com.br\/serrafm\/#\/schema\/person\/c028a197030ff8b1c03c68dfba4a787a"},"breadcrumb":{"@id":"https:\/\/serrafm879.com.br\/serrafm\/2025\/04\/carnaiba-moradores-denunciam-escuridao-mato-alto-e-expoem-o-abandono-do-cemiterio-sao-goncalo-na-ita\/#breadcrumb"},"inLanguage":"pt-BR","potentialAction":[{"@type":"ReadAction","target":["https:\/\/serrafm879.com.br\/serrafm\/2025\/04\/carnaiba-moradores-denunciam-escuridao-mato-alto-e-expoem-o-abandono-do-cemiterio-sao-goncalo-na-ita\/"]}]},{"@type":"ImageObject","inLanguage":"pt-BR","@id":"https:\/\/serrafm879.com.br\/serrafm\/2025\/04\/carnaiba-moradores-denunciam-escuridao-mato-alto-e-expoem-o-abandono-do-cemiterio-sao-goncalo-na-ita\/#primaryimage","url":"https:\/\/serrafm879.com.br\/serrafm\/wp-content\/uploads\/2025\/04\/cemiterio-da-ita-em-carnaiba-cemiterio-sao-goncalo-5-1536x1152-1.jpg","contentUrl":"https:\/\/serrafm879.com.br\/serrafm\/wp-content\/uploads\/2025\/04\/cemiterio-da-ita-em-carnaiba-cemiterio-sao-goncalo-5-1536x1152-1.jpg","width":1536,"height":1152},{"@type":"BreadcrumbList","@id":"https:\/\/serrafm879.com.br\/serrafm\/2025\/04\/carnaiba-moradores-denunciam-escuridao-mato-alto-e-expoem-o-abandono-do-cemiterio-sao-goncalo-na-ita\/#breadcrumb","itemListElement":[{"@type":"ListItem","position":1,"name":"In\u00edcio","item":"https:\/\/serrafm879.com.br\/serrafm\/"},{"@type":"ListItem","position":2,"name":"Carna\u00edba: Moradores denunciam escurid\u00e3o, mato alto e exp\u00f5em o abandono do Cemit\u00e9rio S\u00e3o Gon\u00e7alo, na It\u00e3"}]},{"@type":"WebSite","@id":"https:\/\/serrafm879.com.br\/serrafm\/#website","url":"https:\/\/serrafm879.com.br\/serrafm\/","name":"Serra FM 87,9","description":"O seu novo amor!","potentialAction":[{"@type":"SearchAction","target":{"@type":"EntryPoint","urlTemplate":"https:\/\/serrafm879.com.br\/serrafm\/?s={search_term_string}"},"query-input":{"@type":"PropertyValueSpecification","valueRequired":true,"valueName":"search_term_string"}}],"inLanguage":"pt-BR"},{"@type":"Person","@id":"https:\/\/serrafm879.com.br\/serrafm\/#\/schema\/person\/c028a197030ff8b1c03c68dfba4a787a","name":"serrafm87","image":{"@type":"ImageObject","inLanguage":"pt-BR","@id":"https:\/\/serrafm879.com.br\/serrafm\/#\/schema\/person\/image\/","url":"https:\/\/secure.gravatar.com\/avatar\/a743233f1112d34f48bb3dc9559b76eb930bab8b27175856cba6362608736235?s=96&d=mm&r=g","contentUrl":"https:\/\/secure.gravatar.com\/avatar\/a743233f1112d34f48bb3dc9559b76eb930bab8b27175856cba6362608736235?s=96&d=mm&r=g","caption":"serrafm87"},"sameAs":["http:\/\/serrafm879.com.br\/"],"url":"https:\/\/serrafm879.com.br\/serrafm\/author\/serrafm87\/"}]}},"jetpack_featured_media_url":"https:\/\/serrafm879.com.br\/serrafm\/wp-content\/uploads\/2025\/04\/cemiterio-da-ita-em-carnaiba-cemiterio-sao-goncalo-5-1536x1152-1.jpg","jetpack_shortlink":"https:\/\/wp.me\/p7HyXg-5Ih","jetpack_sharing_enabled":true,"_links":{"self":[{"href":"https:\/\/serrafm879.com.br\/serrafm\/wp-json\/wp\/v2\/posts\/21965","targetHints":{"allow":["GET"]}}],"collection":[{"href":"https:\/\/serrafm879.com.br\/serrafm\/wp-json\/wp\/v2\/posts"}],"about":[{"href":"https:\/\/serrafm879.com.br\/serrafm\/wp-json\/wp\/v2\/types\/post"}],"author":[{"embeddable":true,"href":"https:\/\/serrafm879.com.br\/serrafm\/wp-json\/wp\/v2\/users\/2"}],"replies":[{"embeddable":true,"href":"https:\/\/serrafm879.com.br\/serrafm\/wp-json\/wp\/v2\/comments?post=21965"}],"version-history":[{"count":1,"href":"https:\/\/serrafm879.com.br\/serrafm\/wp-json\/wp\/v2\/posts\/21965\/revisions"}],"predecessor-version":[{"id":21967,"href":"https:\/\/serrafm879.com.br\/serrafm\/wp-json\/wp\/v2\/posts\/21965\/revisions\/21967"}],"wp:featuredmedia":[{"embeddable":true,"href":"https:\/\/serrafm879.com.br\/serrafm\/wp-json\/wp\/v2\/media\/21966"}],"wp:attachment":[{"href":"https:\/\/serrafm879.com.br\/serrafm\/wp-json\/wp\/v2\/media?parent=21965"}],"wp:term":[{"taxonomy":"category","embeddable":true,"href":"https:\/\/serrafm879.com.br\/serrafm\/wp-json\/wp\/v2\/categories?post=21965"},{"taxonomy":"post_tag","embeddable":true,"href":"https:\/\/serrafm879.com.br\/serrafm\/wp-json\/wp\/v2\/tags?post=21965"}],"curies":[{"name":"wp","href":"https:\/\/api.w.org\/{rel}","templated":true}]}}