{"id":21978,"date":"2025-04-13T21:01:30","date_gmt":"2025-04-14T00:01:30","guid":{"rendered":"https:\/\/serrafm879.com.br\/serrafm\/?p=21978"},"modified":"2025-04-13T21:01:30","modified_gmt":"2025-04-14T00:01:30","slug":"paixao-de-cristo-de-nova-jerusalem-governadora-raquel-lyra-destaca-tradicao-turistica-e-cultural-do-espetaculo","status":"publish","type":"post","link":"https:\/\/serrafm879.com.br\/serrafm\/2025\/04\/paixao-de-cristo-de-nova-jerusalem-governadora-raquel-lyra-destaca-tradicao-turistica-e-cultural-do-espetaculo\/","title":{"rendered":"Paix\u00e3o de Cristo de Nova Jerusal\u00e9m: Governadora Raquel Lyra destaca tradi\u00e7\u00e3o tur\u00edstica e cultural do espet\u00e1culo"},"content":{"rendered":"<p>Em sua 56\u00aa edi\u00e7\u00e3o, a Paix\u00e3o de Cristo de Nova Jerusal\u00e9m abriu suas portas para a pr\u00e9-estreia nesta sexta-feira (11), com a presen\u00e7a da governadora Raquel Lyra e da vice-governadora Priscila Krause. Durante o espet\u00e1culo, que acontece no distrito de Fazenda Nova, no munic\u00edpio de Brejo da Madre de Deus, Agreste Central, a governadora destacou a import\u00e2ncia do evento, considerado o maior teatro ao ar livre do mundo, como s\u00edmbolo da for\u00e7a da cultura pernambucana e de tradi\u00e7\u00e3o no turismo.<\/p>\n<p>\u201cEstamos todos juntos aqui para manter nossa tradi\u00e7\u00e3o e, mais do que isso, fortalecer a nossa economia, cultura e o turismo. Estamos come\u00e7ando a temporada da Paix\u00e3o de Cristo, onde Pernambuco abre os bra\u00e7os para receber as pessoas nesse local tur\u00edstico. O Governo de Pernambuco vem trabalhando muito para apoiar esse espet\u00e1culo e toda a cultura pernambucana. Pelo terceiro ano consecutivo estamos aqui para poder divulgar um evento t\u00e3o lindo como esse\u201d, registrou a governadora.<\/p>\n<p>A edi\u00e7\u00e3o deste ano conta novamente com o apoio do Governo de Pernambuco, por meio da Empresa de Turismo de Pernambuco (Empetur). O investimento refor\u00e7a o compromisso da atual gest\u00e3o com a valoriza\u00e7\u00e3o de eventos que impulsionam a economia criativa e o turismo nas diferentes regi\u00f5es do estado.<\/p>\n<p>De acordo com o secret\u00e1rio de Turismo e Lazer, Kaio Mani\u00e7oba, o investimento movimenta todo o Agreste. \u201c\u00c9 um momento em que Pernambuco \u00e9 visto para o mundo todo. Atrai turistas de outros estados, do mundo, e a gente se orgulha muito. O aumento de p\u00fablico, o aumento tamb\u00e9m de passageiros no aeroporto, mostram a for\u00e7a do espet\u00e1culo. Ent\u00e3o, s\u00e3o atrativos como esse que Pernambuco fortalece para que o turista possa vir mais vezes\u201d, disse o secret\u00e1rio.<\/p>\n<p>A temporada 2025 da Paix\u00e3o de Cristo tem in\u00edcio neste s\u00e1bado (12) e segue at\u00e9 o Domingo de P\u00e1scoa, 20 de abril. Com 56 anos de hist\u00f3ria, o espet\u00e1culo \u00e9 encenado dentro da cidade-teatro de Nova Jerusal\u00e9m, uma estrutura monumental cercada por muralhas de pedra e torres que reproduzem ambientes b\u00edblicos com realismo.<\/p>\n<p>O coordenador geral da Paix\u00e3o de Cristo, Robinson Pacheco, celebrou o in\u00edcio da temporada com otimismo. \u201cS\u00e3o 56 anos de espet\u00e1culo, mas tudo dentro do programado, tudo dentro do planejamento. Estamos aqui na pr\u00e9-estreia, com a presen\u00e7a da governadora Raquel Lyra e mais convidados, e estamos muito felizes e crentes que vamos ter uma temporada de pleno sucesso\u201d, afirmou.<\/p>\n<p><strong>SEGURAN\u00c7A REFOR\u00c7ADA \u2013<\/strong>\u00a0Para garantir a tranquilidade da popula\u00e7\u00e3o durante a Semana Santa, a Secretaria de Defesa Social (SDS) colocou em pr\u00e1tica uma opera\u00e7\u00e3o especial que come\u00e7ou nesta sexta (11) e segue at\u00e9 20 de abril. Com investimento de R$ 1,4 milh\u00e3o, as for\u00e7as de seguran\u00e7a v\u00e3o lan\u00e7ar 8.054 jornadas extras de trabalho, um aumento de 10,8% no efetivo em rela\u00e7\u00e3o ao ano anterior. Os efetivos empregados s\u00e3o de policiais civis e militares, profissionais do Corpo de Bombeiros, da Pol\u00edcia Cient\u00edfica, entre outras operativas.<\/p>\n<p><strong>OPERA\u00c7\u00c3O LEI SECA \u2013<\/strong>\u00a0Tamb\u00e9m ser\u00e1 intensificada a Opera\u00e7\u00e3o Lei Seca (OLS) em Pernambuco ao longo da Semana Santa, a partir deste s\u00e1bado (12). Est\u00e3o previstas 54 blitze e 12 a\u00e7\u00f5es educativas, com atua\u00e7\u00e3o em polos estrat\u00e9gicos como Brejo da Madre de Deus, Gravat\u00e1, Caruaru, litoral e Regi\u00e3o Metropolitana do Recife.<\/p>\n","protected":false},"excerpt":{"rendered":"<p>Em sua 56\u00aa edi\u00e7\u00e3o, a Paix\u00e3o de Cristo de Nova Jerusal\u00e9m abriu suas portas para a pr\u00e9-estreia nesta sexta-feira (11), com a presen\u00e7a da governadora Raquel Lyra e da vice-governadora Priscila Krause. Durante o espet\u00e1culo, que acontece no distrito de Fazenda Nova, no munic\u00edpio de Brejo da Madre de Deus, Agreste Central, a governadora destacou a import\u00e2ncia do evento, considerado o maior teatro ao ar livre do mundo, como s\u00edmbolo da for\u00e7a da cultura pernambucana e de tradi\u00e7\u00e3o no turismo. \u201cEstamos todos juntos aqui para manter nossa tradi\u00e7\u00e3o e, mais do que isso, fortalecer a nossa economia, cultura e o [&hellip;]<\/p>\n","protected":false},"author":2,"featured_media":21979,"comment_status":"open","ping_status":"open","sticky":false,"template":"","format":"standard","meta":{"_jetpack_memberships_contains_paid_content":false,"footnotes":"","jetpack_publicize_message":"","jetpack_publicize_feature_enabled":true,"jetpack_social_post_already_shared":true,"jetpack_social_options":{"image_generator_settings":{"template":"highway","enabled":false},"version":2}},"categories":[1],"tags":[],"class_list":["post-21978","post","type-post","status-publish","format-standard","has-post-thumbnail","hentry","category-uncategorized"],"jetpack_publicize_connections":[],"yoast_head":"<!-- This site is optimized with the Yoast SEO plugin v24.7 - https:\/\/yoast.com\/wordpress\/plugins\/seo\/ -->\n<title>Paix\u00e3o de Cristo de Nova Jerusal\u00e9m: Governadora Raquel Lyra destaca tradi\u00e7\u00e3o tur\u00edstica e cultural do espet\u00e1culo - Serra FM 87,9<\/title>\n<meta name=\"robots\" content=\"index, follow, max-snippet:-1, max-image-preview:large, max-video-preview:-1\" \/>\n<link rel=\"canonical\" href=\"https:\/\/serrafm879.com.br\/serrafm\/2025\/04\/paixao-de-cristo-de-nova-jerusalem-governadora-raquel-lyra-destaca-tradicao-turistica-e-cultural-do-espetaculo\/\" \/>\n<meta property=\"og:locale\" content=\"pt_BR\" \/>\n<meta property=\"og:type\" content=\"article\" \/>\n<meta property=\"og:title\" content=\"Paix\u00e3o de Cristo de Nova Jerusal\u00e9m: Governadora Raquel Lyra destaca tradi\u00e7\u00e3o tur\u00edstica e cultural do espet\u00e1culo - Serra FM 87,9\" \/>\n<meta property=\"og:description\" content=\"Em sua 56\u00aa edi\u00e7\u00e3o, a Paix\u00e3o de Cristo de Nova Jerusal\u00e9m abriu suas portas para a pr\u00e9-estreia nesta sexta-feira (11), com a presen\u00e7a da governadora Raquel Lyra e da vice-governadora Priscila Krause. Durante o espet\u00e1culo, que acontece no distrito de Fazenda Nova, no munic\u00edpio de Brejo da Madre de Deus, Agreste Central, a governadora destacou a import\u00e2ncia do evento, considerado o maior teatro ao ar livre do mundo, como s\u00edmbolo da for\u00e7a da cultura pernambucana e de tradi\u00e7\u00e3o no turismo. \u201cEstamos todos juntos aqui para manter nossa tradi\u00e7\u00e3o e, mais do que isso, fortalecer a nossa economia, cultura e o [&hellip;]\" \/>\n<meta property=\"og:url\" content=\"https:\/\/serrafm879.com.br\/serrafm\/2025\/04\/paixao-de-cristo-de-nova-jerusalem-governadora-raquel-lyra-destaca-tradicao-turistica-e-cultural-do-espetaculo\/\" \/>\n<meta property=\"og:site_name\" content=\"Serra FM 87,9\" \/>\n<meta property=\"article:published_time\" content=\"2025-04-14T00:01:30+00:00\" \/>\n<meta property=\"og:image\" content=\"https:\/\/serrafm879.com.br\/serrafm\/wp-content\/uploads\/2025\/04\/Captura-de-tela-2025-04-13-210043.png\" \/>\n\t<meta property=\"og:image:width\" content=\"672\" \/>\n\t<meta property=\"og:image:height\" content=\"412\" \/>\n\t<meta property=\"og:image:type\" content=\"image\/png\" \/>\n<meta name=\"author\" content=\"serrafm87\" \/>\n<meta name=\"twitter:card\" content=\"summary_large_image\" \/>\n<meta name=\"twitter:label1\" content=\"Escrito por\" \/>\n\t<meta name=\"twitter:data1\" content=\"serrafm87\" \/>\n\t<meta name=\"twitter:label2\" content=\"Est. tempo de leitura\" \/>\n\t<meta name=\"twitter:data2\" content=\"4 minutos\" \/>\n<script type=\"application\/ld+json\" class=\"yoast-schema-graph\">{\"@context\":\"https:\/\/schema.org\",\"@graph\":[{\"@type\":\"WebPage\",\"@id\":\"https:\/\/serrafm879.com.br\/serrafm\/2025\/04\/paixao-de-cristo-de-nova-jerusalem-governadora-raquel-lyra-destaca-tradicao-turistica-e-cultural-do-espetaculo\/\",\"url\":\"https:\/\/serrafm879.com.br\/serrafm\/2025\/04\/paixao-de-cristo-de-nova-jerusalem-governadora-raquel-lyra-destaca-tradicao-turistica-e-cultural-do-espetaculo\/\",\"name\":\"Paix\u00e3o de Cristo de Nova Jerusal\u00e9m: Governadora Raquel Lyra destaca tradi\u00e7\u00e3o tur\u00edstica e cultural do espet\u00e1culo - Serra FM 87,9\",\"isPartOf\":{\"@id\":\"https:\/\/serrafm879.com.br\/serrafm\/#website\"},\"primaryImageOfPage\":{\"@id\":\"https:\/\/serrafm879.com.br\/serrafm\/2025\/04\/paixao-de-cristo-de-nova-jerusalem-governadora-raquel-lyra-destaca-tradicao-turistica-e-cultural-do-espetaculo\/#primaryimage\"},\"image\":{\"@id\":\"https:\/\/serrafm879.com.br\/serrafm\/2025\/04\/paixao-de-cristo-de-nova-jerusalem-governadora-raquel-lyra-destaca-tradicao-turistica-e-cultural-do-espetaculo\/#primaryimage\"},\"thumbnailUrl\":\"https:\/\/serrafm879.com.br\/serrafm\/wp-content\/uploads\/2025\/04\/Captura-de-tela-2025-04-13-210043.png\",\"datePublished\":\"2025-04-14T00:01:30+00:00\",\"author\":{\"@id\":\"https:\/\/serrafm879.com.br\/serrafm\/#\/schema\/person\/c028a197030ff8b1c03c68dfba4a787a\"},\"breadcrumb\":{\"@id\":\"https:\/\/serrafm879.com.br\/serrafm\/2025\/04\/paixao-de-cristo-de-nova-jerusalem-governadora-raquel-lyra-destaca-tradicao-turistica-e-cultural-do-espetaculo\/#breadcrumb\"},\"inLanguage\":\"pt-BR\",\"potentialAction\":[{\"@type\":\"ReadAction\",\"target\":[\"https:\/\/serrafm879.com.br\/serrafm\/2025\/04\/paixao-de-cristo-de-nova-jerusalem-governadora-raquel-lyra-destaca-tradicao-turistica-e-cultural-do-espetaculo\/\"]}]},{\"@type\":\"ImageObject\",\"inLanguage\":\"pt-BR\",\"@id\":\"https:\/\/serrafm879.com.br\/serrafm\/2025\/04\/paixao-de-cristo-de-nova-jerusalem-governadora-raquel-lyra-destaca-tradicao-turistica-e-cultural-do-espetaculo\/#primaryimage\",\"url\":\"https:\/\/serrafm879.com.br\/serrafm\/wp-content\/uploads\/2025\/04\/Captura-de-tela-2025-04-13-210043.png\",\"contentUrl\":\"https:\/\/serrafm879.com.br\/serrafm\/wp-content\/uploads\/2025\/04\/Captura-de-tela-2025-04-13-210043.png\",\"width\":672,\"height\":412},{\"@type\":\"BreadcrumbList\",\"@id\":\"https:\/\/serrafm879.com.br\/serrafm\/2025\/04\/paixao-de-cristo-de-nova-jerusalem-governadora-raquel-lyra-destaca-tradicao-turistica-e-cultural-do-espetaculo\/#breadcrumb\",\"itemListElement\":[{\"@type\":\"ListItem\",\"position\":1,\"name\":\"In\u00edcio\",\"item\":\"https:\/\/serrafm879.com.br\/serrafm\/\"},{\"@type\":\"ListItem\",\"position\":2,\"name\":\"Paix\u00e3o de Cristo de Nova Jerusal\u00e9m: Governadora Raquel Lyra destaca tradi\u00e7\u00e3o tur\u00edstica e cultural do espet\u00e1culo\"}]},{\"@type\":\"WebSite\",\"@id\":\"https:\/\/serrafm879.com.br\/serrafm\/#website\",\"url\":\"https:\/\/serrafm879.com.br\/serrafm\/\",\"name\":\"Serra FM 87,9\",\"description\":\"O seu novo amor!\",\"potentialAction\":[{\"@type\":\"SearchAction\",\"target\":{\"@type\":\"EntryPoint\",\"urlTemplate\":\"https:\/\/serrafm879.com.br\/serrafm\/?s={search_term_string}\"},\"query-input\":{\"@type\":\"PropertyValueSpecification\",\"valueRequired\":true,\"valueName\":\"search_term_string\"}}],\"inLanguage\":\"pt-BR\"},{\"@type\":\"Person\",\"@id\":\"https:\/\/serrafm879.com.br\/serrafm\/#\/schema\/person\/c028a197030ff8b1c03c68dfba4a787a\",\"name\":\"serrafm87\",\"image\":{\"@type\":\"ImageObject\",\"inLanguage\":\"pt-BR\",\"@id\":\"https:\/\/serrafm879.com.br\/serrafm\/#\/schema\/person\/image\/\",\"url\":\"https:\/\/secure.gravatar.com\/avatar\/a743233f1112d34f48bb3dc9559b76eb930bab8b27175856cba6362608736235?s=96&d=mm&r=g\",\"contentUrl\":\"https:\/\/secure.gravatar.com\/avatar\/a743233f1112d34f48bb3dc9559b76eb930bab8b27175856cba6362608736235?s=96&d=mm&r=g\",\"caption\":\"serrafm87\"},\"sameAs\":[\"http:\/\/serrafm879.com.br\/\"],\"url\":\"https:\/\/serrafm879.com.br\/serrafm\/author\/serrafm87\/\"}]}<\/script>\n<!-- \/ Yoast SEO plugin. -->","yoast_head_json":{"title":"Paix\u00e3o de Cristo de Nova Jerusal\u00e9m: Governadora Raquel Lyra destaca tradi\u00e7\u00e3o tur\u00edstica e cultural do espet\u00e1culo - Serra FM 87,9","robots":{"index":"index","follow":"follow","max-snippet":"max-snippet:-1","max-image-preview":"max-image-preview:large","max-video-preview":"max-video-preview:-1"},"canonical":"https:\/\/serrafm879.com.br\/serrafm\/2025\/04\/paixao-de-cristo-de-nova-jerusalem-governadora-raquel-lyra-destaca-tradicao-turistica-e-cultural-do-espetaculo\/","og_locale":"pt_BR","og_type":"article","og_title":"Paix\u00e3o de Cristo de Nova Jerusal\u00e9m: Governadora Raquel Lyra destaca tradi\u00e7\u00e3o tur\u00edstica e cultural do espet\u00e1culo - Serra FM 87,9","og_description":"Em sua 56\u00aa edi\u00e7\u00e3o, a Paix\u00e3o de Cristo de Nova Jerusal\u00e9m abriu suas portas para a pr\u00e9-estreia nesta sexta-feira (11), com a presen\u00e7a da governadora Raquel Lyra e da vice-governadora Priscila Krause. Durante o espet\u00e1culo, que acontece no distrito de Fazenda Nova, no munic\u00edpio de Brejo da Madre de Deus, Agreste Central, a governadora destacou a import\u00e2ncia do evento, considerado o maior teatro ao ar livre do mundo, como s\u00edmbolo da for\u00e7a da cultura pernambucana e de tradi\u00e7\u00e3o no turismo. \u201cEstamos todos juntos aqui para manter nossa tradi\u00e7\u00e3o e, mais do que isso, fortalecer a nossa economia, cultura e o [&hellip;]","og_url":"https:\/\/serrafm879.com.br\/serrafm\/2025\/04\/paixao-de-cristo-de-nova-jerusalem-governadora-raquel-lyra-destaca-tradicao-turistica-e-cultural-do-espetaculo\/","og_site_name":"Serra FM 87,9","article_published_time":"2025-04-14T00:01:30+00:00","og_image":[{"width":672,"height":412,"url":"https:\/\/serrafm879.com.br\/serrafm\/wp-content\/uploads\/2025\/04\/Captura-de-tela-2025-04-13-210043.png","type":"image\/png"}],"author":"serrafm87","twitter_card":"summary_large_image","twitter_misc":{"Escrito por":"serrafm87","Est. tempo de leitura":"4 minutos"},"schema":{"@context":"https:\/\/schema.org","@graph":[{"@type":"WebPage","@id":"https:\/\/serrafm879.com.br\/serrafm\/2025\/04\/paixao-de-cristo-de-nova-jerusalem-governadora-raquel-lyra-destaca-tradicao-turistica-e-cultural-do-espetaculo\/","url":"https:\/\/serrafm879.com.br\/serrafm\/2025\/04\/paixao-de-cristo-de-nova-jerusalem-governadora-raquel-lyra-destaca-tradicao-turistica-e-cultural-do-espetaculo\/","name":"Paix\u00e3o de Cristo de Nova Jerusal\u00e9m: Governadora Raquel Lyra destaca tradi\u00e7\u00e3o tur\u00edstica e cultural do espet\u00e1culo - Serra FM 87,9","isPartOf":{"@id":"https:\/\/serrafm879.com.br\/serrafm\/#website"},"primaryImageOfPage":{"@id":"https:\/\/serrafm879.com.br\/serrafm\/2025\/04\/paixao-de-cristo-de-nova-jerusalem-governadora-raquel-lyra-destaca-tradicao-turistica-e-cultural-do-espetaculo\/#primaryimage"},"image":{"@id":"https:\/\/serrafm879.com.br\/serrafm\/2025\/04\/paixao-de-cristo-de-nova-jerusalem-governadora-raquel-lyra-destaca-tradicao-turistica-e-cultural-do-espetaculo\/#primaryimage"},"thumbnailUrl":"https:\/\/serrafm879.com.br\/serrafm\/wp-content\/uploads\/2025\/04\/Captura-de-tela-2025-04-13-210043.png","datePublished":"2025-04-14T00:01:30+00:00","author":{"@id":"https:\/\/serrafm879.com.br\/serrafm\/#\/schema\/person\/c028a197030ff8b1c03c68dfba4a787a"},"breadcrumb":{"@id":"https:\/\/serrafm879.com.br\/serrafm\/2025\/04\/paixao-de-cristo-de-nova-jerusalem-governadora-raquel-lyra-destaca-tradicao-turistica-e-cultural-do-espetaculo\/#breadcrumb"},"inLanguage":"pt-BR","potentialAction":[{"@type":"ReadAction","target":["https:\/\/serrafm879.com.br\/serrafm\/2025\/04\/paixao-de-cristo-de-nova-jerusalem-governadora-raquel-lyra-destaca-tradicao-turistica-e-cultural-do-espetaculo\/"]}]},{"@type":"ImageObject","inLanguage":"pt-BR","@id":"https:\/\/serrafm879.com.br\/serrafm\/2025\/04\/paixao-de-cristo-de-nova-jerusalem-governadora-raquel-lyra-destaca-tradicao-turistica-e-cultural-do-espetaculo\/#primaryimage","url":"https:\/\/serrafm879.com.br\/serrafm\/wp-content\/uploads\/2025\/04\/Captura-de-tela-2025-04-13-210043.png","contentUrl":"https:\/\/serrafm879.com.br\/serrafm\/wp-content\/uploads\/2025\/04\/Captura-de-tela-2025-04-13-210043.png","width":672,"height":412},{"@type":"BreadcrumbList","@id":"https:\/\/serrafm879.com.br\/serrafm\/2025\/04\/paixao-de-cristo-de-nova-jerusalem-governadora-raquel-lyra-destaca-tradicao-turistica-e-cultural-do-espetaculo\/#breadcrumb","itemListElement":[{"@type":"ListItem","position":1,"name":"In\u00edcio","item":"https:\/\/serrafm879.com.br\/serrafm\/"},{"@type":"ListItem","position":2,"name":"Paix\u00e3o de Cristo de Nova Jerusal\u00e9m: Governadora Raquel Lyra destaca tradi\u00e7\u00e3o tur\u00edstica e cultural do espet\u00e1culo"}]},{"@type":"WebSite","@id":"https:\/\/serrafm879.com.br\/serrafm\/#website","url":"https:\/\/serrafm879.com.br\/serrafm\/","name":"Serra FM 87,9","description":"O seu novo amor!","potentialAction":[{"@type":"SearchAction","target":{"@type":"EntryPoint","urlTemplate":"https:\/\/serrafm879.com.br\/serrafm\/?s={search_term_string}"},"query-input":{"@type":"PropertyValueSpecification","valueRequired":true,"valueName":"search_term_string"}}],"inLanguage":"pt-BR"},{"@type":"Person","@id":"https:\/\/serrafm879.com.br\/serrafm\/#\/schema\/person\/c028a197030ff8b1c03c68dfba4a787a","name":"serrafm87","image":{"@type":"ImageObject","inLanguage":"pt-BR","@id":"https:\/\/serrafm879.com.br\/serrafm\/#\/schema\/person\/image\/","url":"https:\/\/secure.gravatar.com\/avatar\/a743233f1112d34f48bb3dc9559b76eb930bab8b27175856cba6362608736235?s=96&d=mm&r=g","contentUrl":"https:\/\/secure.gravatar.com\/avatar\/a743233f1112d34f48bb3dc9559b76eb930bab8b27175856cba6362608736235?s=96&d=mm&r=g","caption":"serrafm87"},"sameAs":["http:\/\/serrafm879.com.br\/"],"url":"https:\/\/serrafm879.com.br\/serrafm\/author\/serrafm87\/"}]}},"jetpack_featured_media_url":"https:\/\/serrafm879.com.br\/serrafm\/wp-content\/uploads\/2025\/04\/Captura-de-tela-2025-04-13-210043.png","jetpack_shortlink":"https:\/\/wp.me\/p7HyXg-5Iu","jetpack_sharing_enabled":true,"_links":{"self":[{"href":"https:\/\/serrafm879.com.br\/serrafm\/wp-json\/wp\/v2\/posts\/21978","targetHints":{"allow":["GET"]}}],"collection":[{"href":"https:\/\/serrafm879.com.br\/serrafm\/wp-json\/wp\/v2\/posts"}],"about":[{"href":"https:\/\/serrafm879.com.br\/serrafm\/wp-json\/wp\/v2\/types\/post"}],"author":[{"embeddable":true,"href":"https:\/\/serrafm879.com.br\/serrafm\/wp-json\/wp\/v2\/users\/2"}],"replies":[{"embeddable":true,"href":"https:\/\/serrafm879.com.br\/serrafm\/wp-json\/wp\/v2\/comments?post=21978"}],"version-history":[{"count":1,"href":"https:\/\/serrafm879.com.br\/serrafm\/wp-json\/wp\/v2\/posts\/21978\/revisions"}],"predecessor-version":[{"id":21980,"href":"https:\/\/serrafm879.com.br\/serrafm\/wp-json\/wp\/v2\/posts\/21978\/revisions\/21980"}],"wp:featuredmedia":[{"embeddable":true,"href":"https:\/\/serrafm879.com.br\/serrafm\/wp-json\/wp\/v2\/media\/21979"}],"wp:attachment":[{"href":"https:\/\/serrafm879.com.br\/serrafm\/wp-json\/wp\/v2\/media?parent=21978"}],"wp:term":[{"taxonomy":"category","embeddable":true,"href":"https:\/\/serrafm879.com.br\/serrafm\/wp-json\/wp\/v2\/categories?post=21978"},{"taxonomy":"post_tag","embeddable":true,"href":"https:\/\/serrafm879.com.br\/serrafm\/wp-json\/wp\/v2\/tags?post=21978"}],"curies":[{"name":"wp","href":"https:\/\/api.w.org\/{rel}","templated":true}]}}