{"id":21981,"date":"2025-04-12T21:01:40","date_gmt":"2025-04-13T00:01:40","guid":{"rendered":"https:\/\/serrafm879.com.br\/serrafm\/?p=21981"},"modified":"2025-04-13T21:03:14","modified_gmt":"2025-04-14T00:03:14","slug":"paixao-de-cristo-de-nova-jerusalem-comeca-nova-temporada-neste-sabado-12","status":"publish","type":"post","link":"https:\/\/serrafm879.com.br\/serrafm\/2025\/04\/paixao-de-cristo-de-nova-jerusalem-comeca-nova-temporada-neste-sabado-12\/","title":{"rendered":"Paix\u00e3o de Cristo de Nova Jerusal\u00e9m come\u00e7a nova temporada neste s\u00e1bado (12)"},"content":{"rendered":"<p>Todos os anos, h\u00e1 quase seis d\u00e9cadas, o munic\u00edpio de Brejo da Madre de Deus, no Agreste de Pernambuco, se torna destino certo para quem quer presenciar uma das maiores encena\u00e7\u00f5es ao ar livre do mundo. A Paix\u00e3o de Cristo de Nova Jerusal\u00e9m, forte atrativo tur\u00edstico do Estado na \u00e9poca da P\u00e1scoa, renova a tradi\u00e7\u00e3o a partir deste s\u00e1bado (12).<\/p>\n<p>At\u00e9 o dia 20 de abril, Domingo de P\u00e1scoa, as apresenta\u00e7\u00f5es da nova temporada ocorrem diariamente, sempre a partir das 18h. Em cena, a famosa representa\u00e7\u00e3o dos \u00faltimos dias de Jesus Cristo, sua morte e ressurrei\u00e7\u00e3o, com texto escrito por Pl\u00ednio Pacheco e interpretado por atores de renome nacional.<\/p>\n<p>O elenco estelar deste ano traz Let\u00edcia Sabatella no papel de Maria, Leopoldo Pacheco dando vida a Pilatos e Werner Sch\u00fcnemann como o Rei Herodes. A recifense Luana Cavalcante, Miss Brasil 2024, estar\u00e1 em cena como a Rainha Herod\u00edades.<\/p>\n<p>Pol\u00eamica<\/p>\n<p>Jos\u00e9 Loreto foi o escolhido para o papel principal da pe\u00e7a e acabou envolvido em pol\u00eamica. Ap\u00f3s interpretar o diabo no desfile da escola de samba carioca Vila Isabel, no Carnaval deste ano, sua escala\u00e7\u00e3o para viver Jesus em Nova Jerusal\u00e9m virou alvo de reclama\u00e7\u00f5es nas redes sociais.<\/p>\n<p>No entanto, a Sociedade Teatral de Fazenda Nova, que promove a encena\u00e7\u00e3o, decidiu manter o ator. \u201cA STFN, uma produtora teatral voltada ao entretenimento, \u00e0 cultura e \u00e0 arte, entende que atores e atrizes possuem total liberdade para interpretar diferentes pap\u00e9is ao longo de suas carreiras e que o artista n\u00e3o deve ser confundido com os personagens que vivenciam na sua vida profissional\u201d, afirma a entidade, em nota de esclarecimento.<\/p>\n<p>Nas redes sociais, Jos\u00e9 Loreto tamb\u00e9m se defendeu das cr\u00edticas que sofreu. \u201cAtrav\u00e9s dessas hist\u00f3rias e desses personagens distintos \u00e9 que a arte exemplifica o que \u00e9 certo e errado, o que \u00e9 do bem, o que \u00e9 do mal, o que faz a gente refletir e evoluir. Eu fiz o diabo, mas eu n\u00e3o sou o diabo, eu n\u00e3o gosto do diabo\u201d, comentou.<\/p>\n<p>Estrutura<\/p>\n<p>Ao lado do ator carioca, estar\u00e3o 50 artistas pernambucanos e cerca de 300 figurantes. Uma novidade deste ano \u00e9 a volta da personagem Ver\u00f4nica, que ser\u00e1 interpretada pela atriz pernambucana Ang\u00e9lica Zenith. Curiosamente, o \u00faltimo ano em que o papel esteve presente na pe\u00e7a foi em 1993, sendo defendido por Let\u00edcia Sabatella.<\/p>\n<p>Proporcionando uma imers\u00e3o na hist\u00f3ria b\u00edblica, a Paix\u00e3o de Cristo \u00e9 levada ao p\u00fablico dentro de uma cidade-teatro de dimens\u00f5es impressionantes. S\u00e3o 100 mil metros quadrados cercados por muralhas de pedra de tr\u00eas metros de altura, com 70 torres de sete metros distribu\u00eddas ao longo de seu per\u00edmetro.<\/p>\n<p>No interior da fortifica\u00e7\u00e3o, est\u00e3o distribu\u00eddos nove palcos que reproduzem cen\u00e1rios da \u00e9poca, como o Templo de Jerusal\u00e9m e o pal\u00e1cio do Rei Herodes. O realismo \u00e9 garantido pelo cuidado com os detalhes na cenografia e nas quase 2 mil pe\u00e7as confeccionadas pelas costureiras locais, que comp\u00f5em o figurino da pe\u00e7a. Nos bastidores, uma equipe de 600 profissionais d\u00e1 o suporte necess\u00e1rio para manter viva uma tradi\u00e7\u00e3o que atravessa gera\u00e7\u00f5es.<\/p>\n<p>Da FolhaPE<\/p>\n","protected":false},"excerpt":{"rendered":"<p>Todos os anos, h\u00e1 quase seis d\u00e9cadas, o munic\u00edpio de Brejo da Madre de Deus, no Agreste de Pernambuco, se torna destino certo para quem quer presenciar uma das maiores encena\u00e7\u00f5es ao ar livre do mundo. A Paix\u00e3o de Cristo de Nova Jerusal\u00e9m, forte atrativo tur\u00edstico do Estado na \u00e9poca da P\u00e1scoa, renova a tradi\u00e7\u00e3o a partir deste s\u00e1bado (12). At\u00e9 o dia 20 de abril, Domingo de P\u00e1scoa, as apresenta\u00e7\u00f5es da nova temporada ocorrem diariamente, sempre a partir das 18h. Em cena, a famosa representa\u00e7\u00e3o dos \u00faltimos dias de Jesus Cristo, sua morte e ressurrei\u00e7\u00e3o, com texto escrito por [&hellip;]<\/p>\n","protected":false},"author":2,"featured_media":21982,"comment_status":"open","ping_status":"open","sticky":false,"template":"","format":"standard","meta":{"_jetpack_memberships_contains_paid_content":false,"footnotes":"","jetpack_publicize_message":"","jetpack_publicize_feature_enabled":true,"jetpack_social_post_already_shared":true,"jetpack_social_options":{"image_generator_settings":{"template":"highway","enabled":false},"version":2}},"categories":[1],"tags":[],"class_list":["post-21981","post","type-post","status-publish","format-standard","has-post-thumbnail","hentry","category-uncategorized"],"jetpack_publicize_connections":[],"yoast_head":"<!-- This site is optimized with the Yoast SEO plugin v24.7 - https:\/\/yoast.com\/wordpress\/plugins\/seo\/ -->\n<title>Paix\u00e3o de Cristo de Nova Jerusal\u00e9m come\u00e7a nova temporada neste s\u00e1bado (12) - Serra FM 87,9<\/title>\n<meta name=\"robots\" content=\"index, follow, max-snippet:-1, max-image-preview:large, max-video-preview:-1\" \/>\n<link rel=\"canonical\" href=\"https:\/\/serrafm879.com.br\/serrafm\/2025\/04\/paixao-de-cristo-de-nova-jerusalem-comeca-nova-temporada-neste-sabado-12\/\" \/>\n<meta property=\"og:locale\" content=\"pt_BR\" \/>\n<meta property=\"og:type\" content=\"article\" \/>\n<meta property=\"og:title\" content=\"Paix\u00e3o de Cristo de Nova Jerusal\u00e9m come\u00e7a nova temporada neste s\u00e1bado (12) - Serra FM 87,9\" \/>\n<meta property=\"og:description\" content=\"Todos os anos, h\u00e1 quase seis d\u00e9cadas, o munic\u00edpio de Brejo da Madre de Deus, no Agreste de Pernambuco, se torna destino certo para quem quer presenciar uma das maiores encena\u00e7\u00f5es ao ar livre do mundo. A Paix\u00e3o de Cristo de Nova Jerusal\u00e9m, forte atrativo tur\u00edstico do Estado na \u00e9poca da P\u00e1scoa, renova a tradi\u00e7\u00e3o a partir deste s\u00e1bado (12). At\u00e9 o dia 20 de abril, Domingo de P\u00e1scoa, as apresenta\u00e7\u00f5es da nova temporada ocorrem diariamente, sempre a partir das 18h. Em cena, a famosa representa\u00e7\u00e3o dos \u00faltimos dias de Jesus Cristo, sua morte e ressurrei\u00e7\u00e3o, com texto escrito por [&hellip;]\" \/>\n<meta property=\"og:url\" content=\"https:\/\/serrafm879.com.br\/serrafm\/2025\/04\/paixao-de-cristo-de-nova-jerusalem-comeca-nova-temporada-neste-sabado-12\/\" \/>\n<meta property=\"og:site_name\" content=\"Serra FM 87,9\" \/>\n<meta property=\"article:published_time\" content=\"2025-04-13T00:01:40+00:00\" \/>\n<meta property=\"article:modified_time\" content=\"2025-04-14T00:03:14+00:00\" \/>\n<meta property=\"og:image\" content=\"https:\/\/serrafm879.com.br\/serrafm\/wp-content\/uploads\/2025\/04\/Captura-de-tela-2025-04-13-210245.png\" \/>\n\t<meta property=\"og:image:width\" content=\"620\" \/>\n\t<meta property=\"og:image:height\" content=\"377\" \/>\n\t<meta property=\"og:image:type\" content=\"image\/png\" \/>\n<meta name=\"author\" content=\"serrafm87\" \/>\n<meta name=\"twitter:card\" content=\"summary_large_image\" \/>\n<meta name=\"twitter:label1\" content=\"Escrito por\" \/>\n\t<meta name=\"twitter:data1\" content=\"serrafm87\" \/>\n\t<meta name=\"twitter:label2\" content=\"Est. tempo de leitura\" \/>\n\t<meta name=\"twitter:data2\" content=\"3 minutos\" \/>\n<script type=\"application\/ld+json\" class=\"yoast-schema-graph\">{\"@context\":\"https:\/\/schema.org\",\"@graph\":[{\"@type\":\"WebPage\",\"@id\":\"https:\/\/serrafm879.com.br\/serrafm\/2025\/04\/paixao-de-cristo-de-nova-jerusalem-comeca-nova-temporada-neste-sabado-12\/\",\"url\":\"https:\/\/serrafm879.com.br\/serrafm\/2025\/04\/paixao-de-cristo-de-nova-jerusalem-comeca-nova-temporada-neste-sabado-12\/\",\"name\":\"Paix\u00e3o de Cristo de Nova Jerusal\u00e9m come\u00e7a nova temporada neste s\u00e1bado (12) - Serra FM 87,9\",\"isPartOf\":{\"@id\":\"https:\/\/serrafm879.com.br\/serrafm\/#website\"},\"primaryImageOfPage\":{\"@id\":\"https:\/\/serrafm879.com.br\/serrafm\/2025\/04\/paixao-de-cristo-de-nova-jerusalem-comeca-nova-temporada-neste-sabado-12\/#primaryimage\"},\"image\":{\"@id\":\"https:\/\/serrafm879.com.br\/serrafm\/2025\/04\/paixao-de-cristo-de-nova-jerusalem-comeca-nova-temporada-neste-sabado-12\/#primaryimage\"},\"thumbnailUrl\":\"https:\/\/serrafm879.com.br\/serrafm\/wp-content\/uploads\/2025\/04\/Captura-de-tela-2025-04-13-210245.png\",\"datePublished\":\"2025-04-13T00:01:40+00:00\",\"dateModified\":\"2025-04-14T00:03:14+00:00\",\"author\":{\"@id\":\"https:\/\/serrafm879.com.br\/serrafm\/#\/schema\/person\/c028a197030ff8b1c03c68dfba4a787a\"},\"breadcrumb\":{\"@id\":\"https:\/\/serrafm879.com.br\/serrafm\/2025\/04\/paixao-de-cristo-de-nova-jerusalem-comeca-nova-temporada-neste-sabado-12\/#breadcrumb\"},\"inLanguage\":\"pt-BR\",\"potentialAction\":[{\"@type\":\"ReadAction\",\"target\":[\"https:\/\/serrafm879.com.br\/serrafm\/2025\/04\/paixao-de-cristo-de-nova-jerusalem-comeca-nova-temporada-neste-sabado-12\/\"]}]},{\"@type\":\"ImageObject\",\"inLanguage\":\"pt-BR\",\"@id\":\"https:\/\/serrafm879.com.br\/serrafm\/2025\/04\/paixao-de-cristo-de-nova-jerusalem-comeca-nova-temporada-neste-sabado-12\/#primaryimage\",\"url\":\"https:\/\/serrafm879.com.br\/serrafm\/wp-content\/uploads\/2025\/04\/Captura-de-tela-2025-04-13-210245.png\",\"contentUrl\":\"https:\/\/serrafm879.com.br\/serrafm\/wp-content\/uploads\/2025\/04\/Captura-de-tela-2025-04-13-210245.png\",\"width\":620,\"height\":377},{\"@type\":\"BreadcrumbList\",\"@id\":\"https:\/\/serrafm879.com.br\/serrafm\/2025\/04\/paixao-de-cristo-de-nova-jerusalem-comeca-nova-temporada-neste-sabado-12\/#breadcrumb\",\"itemListElement\":[{\"@type\":\"ListItem\",\"position\":1,\"name\":\"In\u00edcio\",\"item\":\"https:\/\/serrafm879.com.br\/serrafm\/\"},{\"@type\":\"ListItem\",\"position\":2,\"name\":\"Paix\u00e3o de Cristo de Nova Jerusal\u00e9m come\u00e7a nova temporada neste s\u00e1bado (12)\"}]},{\"@type\":\"WebSite\",\"@id\":\"https:\/\/serrafm879.com.br\/serrafm\/#website\",\"url\":\"https:\/\/serrafm879.com.br\/serrafm\/\",\"name\":\"Serra FM 87,9\",\"description\":\"O seu novo amor!\",\"potentialAction\":[{\"@type\":\"SearchAction\",\"target\":{\"@type\":\"EntryPoint\",\"urlTemplate\":\"https:\/\/serrafm879.com.br\/serrafm\/?s={search_term_string}\"},\"query-input\":{\"@type\":\"PropertyValueSpecification\",\"valueRequired\":true,\"valueName\":\"search_term_string\"}}],\"inLanguage\":\"pt-BR\"},{\"@type\":\"Person\",\"@id\":\"https:\/\/serrafm879.com.br\/serrafm\/#\/schema\/person\/c028a197030ff8b1c03c68dfba4a787a\",\"name\":\"serrafm87\",\"image\":{\"@type\":\"ImageObject\",\"inLanguage\":\"pt-BR\",\"@id\":\"https:\/\/serrafm879.com.br\/serrafm\/#\/schema\/person\/image\/\",\"url\":\"https:\/\/secure.gravatar.com\/avatar\/a743233f1112d34f48bb3dc9559b76eb930bab8b27175856cba6362608736235?s=96&d=mm&r=g\",\"contentUrl\":\"https:\/\/secure.gravatar.com\/avatar\/a743233f1112d34f48bb3dc9559b76eb930bab8b27175856cba6362608736235?s=96&d=mm&r=g\",\"caption\":\"serrafm87\"},\"sameAs\":[\"http:\/\/serrafm879.com.br\/\"],\"url\":\"https:\/\/serrafm879.com.br\/serrafm\/author\/serrafm87\/\"}]}<\/script>\n<!-- \/ Yoast SEO plugin. -->","yoast_head_json":{"title":"Paix\u00e3o de Cristo de Nova Jerusal\u00e9m come\u00e7a nova temporada neste s\u00e1bado (12) - Serra FM 87,9","robots":{"index":"index","follow":"follow","max-snippet":"max-snippet:-1","max-image-preview":"max-image-preview:large","max-video-preview":"max-video-preview:-1"},"canonical":"https:\/\/serrafm879.com.br\/serrafm\/2025\/04\/paixao-de-cristo-de-nova-jerusalem-comeca-nova-temporada-neste-sabado-12\/","og_locale":"pt_BR","og_type":"article","og_title":"Paix\u00e3o de Cristo de Nova Jerusal\u00e9m come\u00e7a nova temporada neste s\u00e1bado (12) - Serra FM 87,9","og_description":"Todos os anos, h\u00e1 quase seis d\u00e9cadas, o munic\u00edpio de Brejo da Madre de Deus, no Agreste de Pernambuco, se torna destino certo para quem quer presenciar uma das maiores encena\u00e7\u00f5es ao ar livre do mundo. A Paix\u00e3o de Cristo de Nova Jerusal\u00e9m, forte atrativo tur\u00edstico do Estado na \u00e9poca da P\u00e1scoa, renova a tradi\u00e7\u00e3o a partir deste s\u00e1bado (12). At\u00e9 o dia 20 de abril, Domingo de P\u00e1scoa, as apresenta\u00e7\u00f5es da nova temporada ocorrem diariamente, sempre a partir das 18h. Em cena, a famosa representa\u00e7\u00e3o dos \u00faltimos dias de Jesus Cristo, sua morte e ressurrei\u00e7\u00e3o, com texto escrito por [&hellip;]","og_url":"https:\/\/serrafm879.com.br\/serrafm\/2025\/04\/paixao-de-cristo-de-nova-jerusalem-comeca-nova-temporada-neste-sabado-12\/","og_site_name":"Serra FM 87,9","article_published_time":"2025-04-13T00:01:40+00:00","article_modified_time":"2025-04-14T00:03:14+00:00","og_image":[{"width":620,"height":377,"url":"https:\/\/serrafm879.com.br\/serrafm\/wp-content\/uploads\/2025\/04\/Captura-de-tela-2025-04-13-210245.png","type":"image\/png"}],"author":"serrafm87","twitter_card":"summary_large_image","twitter_misc":{"Escrito por":"serrafm87","Est. tempo de leitura":"3 minutos"},"schema":{"@context":"https:\/\/schema.org","@graph":[{"@type":"WebPage","@id":"https:\/\/serrafm879.com.br\/serrafm\/2025\/04\/paixao-de-cristo-de-nova-jerusalem-comeca-nova-temporada-neste-sabado-12\/","url":"https:\/\/serrafm879.com.br\/serrafm\/2025\/04\/paixao-de-cristo-de-nova-jerusalem-comeca-nova-temporada-neste-sabado-12\/","name":"Paix\u00e3o de Cristo de Nova Jerusal\u00e9m come\u00e7a nova temporada neste s\u00e1bado (12) - Serra FM 87,9","isPartOf":{"@id":"https:\/\/serrafm879.com.br\/serrafm\/#website"},"primaryImageOfPage":{"@id":"https:\/\/serrafm879.com.br\/serrafm\/2025\/04\/paixao-de-cristo-de-nova-jerusalem-comeca-nova-temporada-neste-sabado-12\/#primaryimage"},"image":{"@id":"https:\/\/serrafm879.com.br\/serrafm\/2025\/04\/paixao-de-cristo-de-nova-jerusalem-comeca-nova-temporada-neste-sabado-12\/#primaryimage"},"thumbnailUrl":"https:\/\/serrafm879.com.br\/serrafm\/wp-content\/uploads\/2025\/04\/Captura-de-tela-2025-04-13-210245.png","datePublished":"2025-04-13T00:01:40+00:00","dateModified":"2025-04-14T00:03:14+00:00","author":{"@id":"https:\/\/serrafm879.com.br\/serrafm\/#\/schema\/person\/c028a197030ff8b1c03c68dfba4a787a"},"breadcrumb":{"@id":"https:\/\/serrafm879.com.br\/serrafm\/2025\/04\/paixao-de-cristo-de-nova-jerusalem-comeca-nova-temporada-neste-sabado-12\/#breadcrumb"},"inLanguage":"pt-BR","potentialAction":[{"@type":"ReadAction","target":["https:\/\/serrafm879.com.br\/serrafm\/2025\/04\/paixao-de-cristo-de-nova-jerusalem-comeca-nova-temporada-neste-sabado-12\/"]}]},{"@type":"ImageObject","inLanguage":"pt-BR","@id":"https:\/\/serrafm879.com.br\/serrafm\/2025\/04\/paixao-de-cristo-de-nova-jerusalem-comeca-nova-temporada-neste-sabado-12\/#primaryimage","url":"https:\/\/serrafm879.com.br\/serrafm\/wp-content\/uploads\/2025\/04\/Captura-de-tela-2025-04-13-210245.png","contentUrl":"https:\/\/serrafm879.com.br\/serrafm\/wp-content\/uploads\/2025\/04\/Captura-de-tela-2025-04-13-210245.png","width":620,"height":377},{"@type":"BreadcrumbList","@id":"https:\/\/serrafm879.com.br\/serrafm\/2025\/04\/paixao-de-cristo-de-nova-jerusalem-comeca-nova-temporada-neste-sabado-12\/#breadcrumb","itemListElement":[{"@type":"ListItem","position":1,"name":"In\u00edcio","item":"https:\/\/serrafm879.com.br\/serrafm\/"},{"@type":"ListItem","position":2,"name":"Paix\u00e3o de Cristo de Nova Jerusal\u00e9m come\u00e7a nova temporada neste s\u00e1bado (12)"}]},{"@type":"WebSite","@id":"https:\/\/serrafm879.com.br\/serrafm\/#website","url":"https:\/\/serrafm879.com.br\/serrafm\/","name":"Serra FM 87,9","description":"O seu novo amor!","potentialAction":[{"@type":"SearchAction","target":{"@type":"EntryPoint","urlTemplate":"https:\/\/serrafm879.com.br\/serrafm\/?s={search_term_string}"},"query-input":{"@type":"PropertyValueSpecification","valueRequired":true,"valueName":"search_term_string"}}],"inLanguage":"pt-BR"},{"@type":"Person","@id":"https:\/\/serrafm879.com.br\/serrafm\/#\/schema\/person\/c028a197030ff8b1c03c68dfba4a787a","name":"serrafm87","image":{"@type":"ImageObject","inLanguage":"pt-BR","@id":"https:\/\/serrafm879.com.br\/serrafm\/#\/schema\/person\/image\/","url":"https:\/\/secure.gravatar.com\/avatar\/a743233f1112d34f48bb3dc9559b76eb930bab8b27175856cba6362608736235?s=96&d=mm&r=g","contentUrl":"https:\/\/secure.gravatar.com\/avatar\/a743233f1112d34f48bb3dc9559b76eb930bab8b27175856cba6362608736235?s=96&d=mm&r=g","caption":"serrafm87"},"sameAs":["http:\/\/serrafm879.com.br\/"],"url":"https:\/\/serrafm879.com.br\/serrafm\/author\/serrafm87\/"}]}},"jetpack_featured_media_url":"https:\/\/serrafm879.com.br\/serrafm\/wp-content\/uploads\/2025\/04\/Captura-de-tela-2025-04-13-210245.png","jetpack_shortlink":"https:\/\/wp.me\/p7HyXg-5Ix","jetpack_sharing_enabled":true,"_links":{"self":[{"href":"https:\/\/serrafm879.com.br\/serrafm\/wp-json\/wp\/v2\/posts\/21981","targetHints":{"allow":["GET"]}}],"collection":[{"href":"https:\/\/serrafm879.com.br\/serrafm\/wp-json\/wp\/v2\/posts"}],"about":[{"href":"https:\/\/serrafm879.com.br\/serrafm\/wp-json\/wp\/v2\/types\/post"}],"author":[{"embeddable":true,"href":"https:\/\/serrafm879.com.br\/serrafm\/wp-json\/wp\/v2\/users\/2"}],"replies":[{"embeddable":true,"href":"https:\/\/serrafm879.com.br\/serrafm\/wp-json\/wp\/v2\/comments?post=21981"}],"version-history":[{"count":1,"href":"https:\/\/serrafm879.com.br\/serrafm\/wp-json\/wp\/v2\/posts\/21981\/revisions"}],"predecessor-version":[{"id":21983,"href":"https:\/\/serrafm879.com.br\/serrafm\/wp-json\/wp\/v2\/posts\/21981\/revisions\/21983"}],"wp:featuredmedia":[{"embeddable":true,"href":"https:\/\/serrafm879.com.br\/serrafm\/wp-json\/wp\/v2\/media\/21982"}],"wp:attachment":[{"href":"https:\/\/serrafm879.com.br\/serrafm\/wp-json\/wp\/v2\/media?parent=21981"}],"wp:term":[{"taxonomy":"category","embeddable":true,"href":"https:\/\/serrafm879.com.br\/serrafm\/wp-json\/wp\/v2\/categories?post=21981"},{"taxonomy":"post_tag","embeddable":true,"href":"https:\/\/serrafm879.com.br\/serrafm\/wp-json\/wp\/v2\/tags?post=21981"}],"curies":[{"name":"wp","href":"https:\/\/api.w.org\/{rel}","templated":true}]}}