{"id":21987,"date":"2025-04-12T21:05:54","date_gmt":"2025-04-13T00:05:54","guid":{"rendered":"https:\/\/serrafm879.com.br\/serrafm\/?p=21987"},"modified":"2025-04-13T21:08:50","modified_gmt":"2025-04-14T00:08:50","slug":"paulo-camara-cumpre-agenda-em-tabira-inaugura-unidade-do-crediamigo","status":"publish","type":"post","link":"https:\/\/serrafm879.com.br\/serrafm\/2025\/04\/paulo-camara-cumpre-agenda-em-tabira-inaugura-unidade-do-crediamigo\/","title":{"rendered":"Paulo C\u00e2mara cumpre agenda em Tabira, inaugura unidade do Crediamigo"},"content":{"rendered":"<p>Na sexta-feira, 11 de abril, foi inaugurada a nova ag\u00eancia do Crediamigo do Banco do Nordeste no munic\u00edpio de Tabira. O evento contou com a participa\u00e7\u00e3o do superintendente nacional do Banco do Nordeste, Paulo C\u00e2mara, ex-governador de Pernambuco, e reuniu lideran\u00e7as pol\u00edticas da regi\u00e3o.<\/p>\n<p>A presen\u00e7a de Paulo atraiu um bom n\u00famero de prefeitos da regi\u00e3o.<\/p>\n<p>\u201cTabira no passado estava fechada para as parcerias, que s\u00e3o importantes para o desenvolvimento do munic\u00edpio. Hoje, com a abertura do posto de atendimento do Credamigo, do Banco do Nordeste, vivemos um marco na cidade\u201d, disse Fl\u00e1vio Marques. A agenda ainda teve a presidente da C\u00e2mara, Socorro Veras, o Deputado Federal Carlos Veras e o vice, Marcos Crente.<\/p>\n<p>Nomes como M\u00e1rcia Conrado (Serra Talhada), Fredson Britto (S\u00e3o Jos\u00e9 do Egito), Aline Karina (Itapetim), Giba Ribeiro e Marconi Santana (Flores), acompanharam a agenda.<\/p>\n<p>Fredson destacou a import\u00e2ncia da expans\u00e3o dos servi\u00e7os do Banco do Nordeste no Sert\u00e3o e aproveitou a ocasi\u00e3o para apresentar um pedido formal ao superintendente: a instala\u00e7\u00e3o de uma ag\u00eancia do Banco do Nordeste em S\u00e3o Jos\u00e9 do Egito.<\/p>\n<p>\u201cS\u00e3o Jos\u00e9 do Egito tem potencial, voca\u00e7\u00e3o empreendedora e uma economia ativa que merece ser fortalecida com uma ag\u00eancia do Banco do Nordeste. Esse investimento vai gerar mais oportunidades, cr\u00e9dito acess\u00edvel e desenvolvimento para o nosso povo\u201d, destacou Fredson durante o evento.<\/p>\n<p>A unidade do Crediamigo, programa de microcr\u00e9dito urbano orientado, ir\u00e1 atender microempreendedores de sete munic\u00edpios, al\u00e9m de estimular o in\u00edcio de novos neg\u00f3cios. Cerca de 3.500 clientes ser\u00e3o beneficiados diretamente. A estimativa \u00e9 que o novo ponto de atendimento contrate cerca de R$ 26 milh\u00f5es, somente este ano.<\/p>\n<p>O presidente do\u00a0BNB, Paulo C\u00e2mara, participou do evento que reuniu colaboradores, clientes e autoridades da regi\u00e3o, e afirmou que a inaugura\u00e7\u00e3o desta sexta-feira fortalece o plano de expans\u00e3o e compromisso com o microempreendedorismo de Pernambuco.<\/p>\n<p>\u201cNosso estado possui um povo trabalhador e cheio de determina\u00e7\u00e3o que s\u00f3 precisa de oportunidade. A orienta\u00e7\u00e3o do presidente Lula \u00e9 justamente criar as condi\u00e7\u00f5es, pois ele confia que se houver cr\u00e9dito \u00e1gil, simplificado e justo, o brasileiro, especialmente o pernambucano, transforma sua vida e de sua fam\u00edlia. Isso tudo a gente proporciona com o Crediamigo\u201d, afirmou.<\/p>\n<p>De acordo com o superintendente estadual do\u00a0BNB\u00a0em Pernambuco, Hugo Luiz de Queiroz, os sete munic\u00edpios atendidos (Tabira, S\u00e3o Jos\u00e9 do Egito, Santa Terezinha, Solid\u00e3o, Tuparetama, Brejinho e Itapetim) responderam, em 2024, por cerca de 5.360 opera\u00e7\u00f5es, que injetaram R$ 17,4 milh\u00f5es na economia da regi\u00e3o.<\/p>\n<p>\u201cPlanejamos um crescimento significativo agora porque haver\u00e1 uma equipe espec\u00edfica para atender os microempreendedores da regi\u00e3o. A orienta\u00e7\u00e3o para o neg\u00f3cio oferecida por nossos agentes, um dos grandes diferenciais do Crediamigo, poder\u00e1 ser dada com ainda mais aten\u00e7\u00e3o \u00e0s particularidades desses munic\u00edpios. Com isso, os resultados dos nossos clientes tendem a aumentar bastante, gerando mais neg\u00f3cios, novas opera\u00e7\u00f5es e mais desenvolvimento para as fam\u00edlias\u201d, afirma.<\/p>\n<p>Do Marcello Patriota<\/p>\n","protected":false},"excerpt":{"rendered":"<p>Na sexta-feira, 11 de abril, foi inaugurada a nova ag\u00eancia do Crediamigo do Banco do Nordeste no munic\u00edpio de Tabira. O evento contou com a participa\u00e7\u00e3o do superintendente nacional do Banco do Nordeste, Paulo C\u00e2mara, ex-governador de Pernambuco, e reuniu lideran\u00e7as pol\u00edticas da regi\u00e3o. A presen\u00e7a de Paulo atraiu um bom n\u00famero de prefeitos da regi\u00e3o. \u201cTabira no passado estava fechada para as parcerias, que s\u00e3o importantes para o desenvolvimento do munic\u00edpio. Hoje, com a abertura do posto de atendimento do Credamigo, do Banco do Nordeste, vivemos um marco na cidade\u201d, disse Fl\u00e1vio Marques. A agenda ainda teve a presidente [&hellip;]<\/p>\n","protected":false},"author":2,"featured_media":21988,"comment_status":"open","ping_status":"open","sticky":false,"template":"","format":"standard","meta":{"_jetpack_memberships_contains_paid_content":false,"footnotes":"","jetpack_publicize_message":"","jetpack_publicize_feature_enabled":true,"jetpack_social_post_already_shared":true,"jetpack_social_options":{"image_generator_settings":{"template":"highway","enabled":false},"version":2}},"categories":[1],"tags":[],"class_list":["post-21987","post","type-post","status-publish","format-standard","has-post-thumbnail","hentry","category-uncategorized"],"jetpack_publicize_connections":[],"yoast_head":"<!-- This site is optimized with the Yoast SEO plugin v24.7 - https:\/\/yoast.com\/wordpress\/plugins\/seo\/ -->\n<title>Paulo C\u00e2mara cumpre agenda em Tabira, inaugura unidade do Crediamigo - Serra FM 87,9<\/title>\n<meta name=\"robots\" content=\"index, follow, max-snippet:-1, max-image-preview:large, max-video-preview:-1\" \/>\n<link rel=\"canonical\" href=\"https:\/\/serrafm879.com.br\/serrafm\/2025\/04\/paulo-camara-cumpre-agenda-em-tabira-inaugura-unidade-do-crediamigo\/\" \/>\n<meta property=\"og:locale\" content=\"pt_BR\" \/>\n<meta property=\"og:type\" content=\"article\" \/>\n<meta property=\"og:title\" content=\"Paulo C\u00e2mara cumpre agenda em Tabira, inaugura unidade do Crediamigo - Serra FM 87,9\" \/>\n<meta property=\"og:description\" content=\"Na sexta-feira, 11 de abril, foi inaugurada a nova ag\u00eancia do Crediamigo do Banco do Nordeste no munic\u00edpio de Tabira. O evento contou com a participa\u00e7\u00e3o do superintendente nacional do Banco do Nordeste, Paulo C\u00e2mara, ex-governador de Pernambuco, e reuniu lideran\u00e7as pol\u00edticas da regi\u00e3o. A presen\u00e7a de Paulo atraiu um bom n\u00famero de prefeitos da regi\u00e3o. \u201cTabira no passado estava fechada para as parcerias, que s\u00e3o importantes para o desenvolvimento do munic\u00edpio. Hoje, com a abertura do posto de atendimento do Credamigo, do Banco do Nordeste, vivemos um marco na cidade\u201d, disse Fl\u00e1vio Marques. A agenda ainda teve a presidente [&hellip;]\" \/>\n<meta property=\"og:url\" content=\"https:\/\/serrafm879.com.br\/serrafm\/2025\/04\/paulo-camara-cumpre-agenda-em-tabira-inaugura-unidade-do-crediamigo\/\" \/>\n<meta property=\"og:site_name\" content=\"Serra FM 87,9\" \/>\n<meta property=\"article:published_time\" content=\"2025-04-13T00:05:54+00:00\" \/>\n<meta property=\"article:modified_time\" content=\"2025-04-14T00:08:50+00:00\" \/>\n<meta property=\"og:image\" content=\"https:\/\/serrafm879.com.br\/serrafm\/wp-content\/uploads\/2025\/04\/Captura-de-tela-2025-04-13-210807.png\" \/>\n\t<meta property=\"og:image:width\" content=\"824\" \/>\n\t<meta property=\"og:image:height\" content=\"397\" \/>\n\t<meta property=\"og:image:type\" content=\"image\/png\" \/>\n<meta name=\"author\" content=\"serrafm87\" \/>\n<meta name=\"twitter:card\" content=\"summary_large_image\" \/>\n<meta name=\"twitter:label1\" content=\"Escrito por\" \/>\n\t<meta name=\"twitter:data1\" content=\"serrafm87\" \/>\n\t<meta name=\"twitter:label2\" content=\"Est. tempo de leitura\" \/>\n\t<meta name=\"twitter:data2\" content=\"3 minutos\" \/>\n<script type=\"application\/ld+json\" class=\"yoast-schema-graph\">{\"@context\":\"https:\/\/schema.org\",\"@graph\":[{\"@type\":\"WebPage\",\"@id\":\"https:\/\/serrafm879.com.br\/serrafm\/2025\/04\/paulo-camara-cumpre-agenda-em-tabira-inaugura-unidade-do-crediamigo\/\",\"url\":\"https:\/\/serrafm879.com.br\/serrafm\/2025\/04\/paulo-camara-cumpre-agenda-em-tabira-inaugura-unidade-do-crediamigo\/\",\"name\":\"Paulo C\u00e2mara cumpre agenda em Tabira, inaugura unidade do Crediamigo - Serra FM 87,9\",\"isPartOf\":{\"@id\":\"https:\/\/serrafm879.com.br\/serrafm\/#website\"},\"primaryImageOfPage\":{\"@id\":\"https:\/\/serrafm879.com.br\/serrafm\/2025\/04\/paulo-camara-cumpre-agenda-em-tabira-inaugura-unidade-do-crediamigo\/#primaryimage\"},\"image\":{\"@id\":\"https:\/\/serrafm879.com.br\/serrafm\/2025\/04\/paulo-camara-cumpre-agenda-em-tabira-inaugura-unidade-do-crediamigo\/#primaryimage\"},\"thumbnailUrl\":\"https:\/\/serrafm879.com.br\/serrafm\/wp-content\/uploads\/2025\/04\/Captura-de-tela-2025-04-13-210807.png\",\"datePublished\":\"2025-04-13T00:05:54+00:00\",\"dateModified\":\"2025-04-14T00:08:50+00:00\",\"author\":{\"@id\":\"https:\/\/serrafm879.com.br\/serrafm\/#\/schema\/person\/c028a197030ff8b1c03c68dfba4a787a\"},\"breadcrumb\":{\"@id\":\"https:\/\/serrafm879.com.br\/serrafm\/2025\/04\/paulo-camara-cumpre-agenda-em-tabira-inaugura-unidade-do-crediamigo\/#breadcrumb\"},\"inLanguage\":\"pt-BR\",\"potentialAction\":[{\"@type\":\"ReadAction\",\"target\":[\"https:\/\/serrafm879.com.br\/serrafm\/2025\/04\/paulo-camara-cumpre-agenda-em-tabira-inaugura-unidade-do-crediamigo\/\"]}]},{\"@type\":\"ImageObject\",\"inLanguage\":\"pt-BR\",\"@id\":\"https:\/\/serrafm879.com.br\/serrafm\/2025\/04\/paulo-camara-cumpre-agenda-em-tabira-inaugura-unidade-do-crediamigo\/#primaryimage\",\"url\":\"https:\/\/serrafm879.com.br\/serrafm\/wp-content\/uploads\/2025\/04\/Captura-de-tela-2025-04-13-210807.png\",\"contentUrl\":\"https:\/\/serrafm879.com.br\/serrafm\/wp-content\/uploads\/2025\/04\/Captura-de-tela-2025-04-13-210807.png\",\"width\":824,\"height\":397},{\"@type\":\"BreadcrumbList\",\"@id\":\"https:\/\/serrafm879.com.br\/serrafm\/2025\/04\/paulo-camara-cumpre-agenda-em-tabira-inaugura-unidade-do-crediamigo\/#breadcrumb\",\"itemListElement\":[{\"@type\":\"ListItem\",\"position\":1,\"name\":\"In\u00edcio\",\"item\":\"https:\/\/serrafm879.com.br\/serrafm\/\"},{\"@type\":\"ListItem\",\"position\":2,\"name\":\"Paulo C\u00e2mara cumpre agenda em Tabira, inaugura unidade do Crediamigo\"}]},{\"@type\":\"WebSite\",\"@id\":\"https:\/\/serrafm879.com.br\/serrafm\/#website\",\"url\":\"https:\/\/serrafm879.com.br\/serrafm\/\",\"name\":\"Serra FM 87,9\",\"description\":\"O seu novo amor!\",\"potentialAction\":[{\"@type\":\"SearchAction\",\"target\":{\"@type\":\"EntryPoint\",\"urlTemplate\":\"https:\/\/serrafm879.com.br\/serrafm\/?s={search_term_string}\"},\"query-input\":{\"@type\":\"PropertyValueSpecification\",\"valueRequired\":true,\"valueName\":\"search_term_string\"}}],\"inLanguage\":\"pt-BR\"},{\"@type\":\"Person\",\"@id\":\"https:\/\/serrafm879.com.br\/serrafm\/#\/schema\/person\/c028a197030ff8b1c03c68dfba4a787a\",\"name\":\"serrafm87\",\"image\":{\"@type\":\"ImageObject\",\"inLanguage\":\"pt-BR\",\"@id\":\"https:\/\/serrafm879.com.br\/serrafm\/#\/schema\/person\/image\/\",\"url\":\"https:\/\/secure.gravatar.com\/avatar\/a743233f1112d34f48bb3dc9559b76eb930bab8b27175856cba6362608736235?s=96&d=mm&r=g\",\"contentUrl\":\"https:\/\/secure.gravatar.com\/avatar\/a743233f1112d34f48bb3dc9559b76eb930bab8b27175856cba6362608736235?s=96&d=mm&r=g\",\"caption\":\"serrafm87\"},\"sameAs\":[\"http:\/\/serrafm879.com.br\/\"],\"url\":\"https:\/\/serrafm879.com.br\/serrafm\/author\/serrafm87\/\"}]}<\/script>\n<!-- \/ Yoast SEO plugin. -->","yoast_head_json":{"title":"Paulo C\u00e2mara cumpre agenda em Tabira, inaugura unidade do Crediamigo - Serra FM 87,9","robots":{"index":"index","follow":"follow","max-snippet":"max-snippet:-1","max-image-preview":"max-image-preview:large","max-video-preview":"max-video-preview:-1"},"canonical":"https:\/\/serrafm879.com.br\/serrafm\/2025\/04\/paulo-camara-cumpre-agenda-em-tabira-inaugura-unidade-do-crediamigo\/","og_locale":"pt_BR","og_type":"article","og_title":"Paulo C\u00e2mara cumpre agenda em Tabira, inaugura unidade do Crediamigo - Serra FM 87,9","og_description":"Na sexta-feira, 11 de abril, foi inaugurada a nova ag\u00eancia do Crediamigo do Banco do Nordeste no munic\u00edpio de Tabira. O evento contou com a participa\u00e7\u00e3o do superintendente nacional do Banco do Nordeste, Paulo C\u00e2mara, ex-governador de Pernambuco, e reuniu lideran\u00e7as pol\u00edticas da regi\u00e3o. A presen\u00e7a de Paulo atraiu um bom n\u00famero de prefeitos da regi\u00e3o. \u201cTabira no passado estava fechada para as parcerias, que s\u00e3o importantes para o desenvolvimento do munic\u00edpio. Hoje, com a abertura do posto de atendimento do Credamigo, do Banco do Nordeste, vivemos um marco na cidade\u201d, disse Fl\u00e1vio Marques. A agenda ainda teve a presidente [&hellip;]","og_url":"https:\/\/serrafm879.com.br\/serrafm\/2025\/04\/paulo-camara-cumpre-agenda-em-tabira-inaugura-unidade-do-crediamigo\/","og_site_name":"Serra FM 87,9","article_published_time":"2025-04-13T00:05:54+00:00","article_modified_time":"2025-04-14T00:08:50+00:00","og_image":[{"width":824,"height":397,"url":"https:\/\/serrafm879.com.br\/serrafm\/wp-content\/uploads\/2025\/04\/Captura-de-tela-2025-04-13-210807.png","type":"image\/png"}],"author":"serrafm87","twitter_card":"summary_large_image","twitter_misc":{"Escrito por":"serrafm87","Est. tempo de leitura":"3 minutos"},"schema":{"@context":"https:\/\/schema.org","@graph":[{"@type":"WebPage","@id":"https:\/\/serrafm879.com.br\/serrafm\/2025\/04\/paulo-camara-cumpre-agenda-em-tabira-inaugura-unidade-do-crediamigo\/","url":"https:\/\/serrafm879.com.br\/serrafm\/2025\/04\/paulo-camara-cumpre-agenda-em-tabira-inaugura-unidade-do-crediamigo\/","name":"Paulo C\u00e2mara cumpre agenda em Tabira, inaugura unidade do Crediamigo - Serra FM 87,9","isPartOf":{"@id":"https:\/\/serrafm879.com.br\/serrafm\/#website"},"primaryImageOfPage":{"@id":"https:\/\/serrafm879.com.br\/serrafm\/2025\/04\/paulo-camara-cumpre-agenda-em-tabira-inaugura-unidade-do-crediamigo\/#primaryimage"},"image":{"@id":"https:\/\/serrafm879.com.br\/serrafm\/2025\/04\/paulo-camara-cumpre-agenda-em-tabira-inaugura-unidade-do-crediamigo\/#primaryimage"},"thumbnailUrl":"https:\/\/serrafm879.com.br\/serrafm\/wp-content\/uploads\/2025\/04\/Captura-de-tela-2025-04-13-210807.png","datePublished":"2025-04-13T00:05:54+00:00","dateModified":"2025-04-14T00:08:50+00:00","author":{"@id":"https:\/\/serrafm879.com.br\/serrafm\/#\/schema\/person\/c028a197030ff8b1c03c68dfba4a787a"},"breadcrumb":{"@id":"https:\/\/serrafm879.com.br\/serrafm\/2025\/04\/paulo-camara-cumpre-agenda-em-tabira-inaugura-unidade-do-crediamigo\/#breadcrumb"},"inLanguage":"pt-BR","potentialAction":[{"@type":"ReadAction","target":["https:\/\/serrafm879.com.br\/serrafm\/2025\/04\/paulo-camara-cumpre-agenda-em-tabira-inaugura-unidade-do-crediamigo\/"]}]},{"@type":"ImageObject","inLanguage":"pt-BR","@id":"https:\/\/serrafm879.com.br\/serrafm\/2025\/04\/paulo-camara-cumpre-agenda-em-tabira-inaugura-unidade-do-crediamigo\/#primaryimage","url":"https:\/\/serrafm879.com.br\/serrafm\/wp-content\/uploads\/2025\/04\/Captura-de-tela-2025-04-13-210807.png","contentUrl":"https:\/\/serrafm879.com.br\/serrafm\/wp-content\/uploads\/2025\/04\/Captura-de-tela-2025-04-13-210807.png","width":824,"height":397},{"@type":"BreadcrumbList","@id":"https:\/\/serrafm879.com.br\/serrafm\/2025\/04\/paulo-camara-cumpre-agenda-em-tabira-inaugura-unidade-do-crediamigo\/#breadcrumb","itemListElement":[{"@type":"ListItem","position":1,"name":"In\u00edcio","item":"https:\/\/serrafm879.com.br\/serrafm\/"},{"@type":"ListItem","position":2,"name":"Paulo C\u00e2mara cumpre agenda em Tabira, inaugura unidade do Crediamigo"}]},{"@type":"WebSite","@id":"https:\/\/serrafm879.com.br\/serrafm\/#website","url":"https:\/\/serrafm879.com.br\/serrafm\/","name":"Serra FM 87,9","description":"O seu novo amor!","potentialAction":[{"@type":"SearchAction","target":{"@type":"EntryPoint","urlTemplate":"https:\/\/serrafm879.com.br\/serrafm\/?s={search_term_string}"},"query-input":{"@type":"PropertyValueSpecification","valueRequired":true,"valueName":"search_term_string"}}],"inLanguage":"pt-BR"},{"@type":"Person","@id":"https:\/\/serrafm879.com.br\/serrafm\/#\/schema\/person\/c028a197030ff8b1c03c68dfba4a787a","name":"serrafm87","image":{"@type":"ImageObject","inLanguage":"pt-BR","@id":"https:\/\/serrafm879.com.br\/serrafm\/#\/schema\/person\/image\/","url":"https:\/\/secure.gravatar.com\/avatar\/a743233f1112d34f48bb3dc9559b76eb930bab8b27175856cba6362608736235?s=96&d=mm&r=g","contentUrl":"https:\/\/secure.gravatar.com\/avatar\/a743233f1112d34f48bb3dc9559b76eb930bab8b27175856cba6362608736235?s=96&d=mm&r=g","caption":"serrafm87"},"sameAs":["http:\/\/serrafm879.com.br\/"],"url":"https:\/\/serrafm879.com.br\/serrafm\/author\/serrafm87\/"}]}},"jetpack_featured_media_url":"https:\/\/serrafm879.com.br\/serrafm\/wp-content\/uploads\/2025\/04\/Captura-de-tela-2025-04-13-210807.png","jetpack_shortlink":"https:\/\/wp.me\/p7HyXg-5ID","jetpack_sharing_enabled":true,"_links":{"self":[{"href":"https:\/\/serrafm879.com.br\/serrafm\/wp-json\/wp\/v2\/posts\/21987","targetHints":{"allow":["GET"]}}],"collection":[{"href":"https:\/\/serrafm879.com.br\/serrafm\/wp-json\/wp\/v2\/posts"}],"about":[{"href":"https:\/\/serrafm879.com.br\/serrafm\/wp-json\/wp\/v2\/types\/post"}],"author":[{"embeddable":true,"href":"https:\/\/serrafm879.com.br\/serrafm\/wp-json\/wp\/v2\/users\/2"}],"replies":[{"embeddable":true,"href":"https:\/\/serrafm879.com.br\/serrafm\/wp-json\/wp\/v2\/comments?post=21987"}],"version-history":[{"count":1,"href":"https:\/\/serrafm879.com.br\/serrafm\/wp-json\/wp\/v2\/posts\/21987\/revisions"}],"predecessor-version":[{"id":21989,"href":"https:\/\/serrafm879.com.br\/serrafm\/wp-json\/wp\/v2\/posts\/21987\/revisions\/21989"}],"wp:featuredmedia":[{"embeddable":true,"href":"https:\/\/serrafm879.com.br\/serrafm\/wp-json\/wp\/v2\/media\/21988"}],"wp:attachment":[{"href":"https:\/\/serrafm879.com.br\/serrafm\/wp-json\/wp\/v2\/media?parent=21987"}],"wp:term":[{"taxonomy":"category","embeddable":true,"href":"https:\/\/serrafm879.com.br\/serrafm\/wp-json\/wp\/v2\/categories?post=21987"},{"taxonomy":"post_tag","embeddable":true,"href":"https:\/\/serrafm879.com.br\/serrafm\/wp-json\/wp\/v2\/tags?post=21987"}],"curies":[{"name":"wp","href":"https:\/\/api.w.org\/{rel}","templated":true}]}}